{"id":25621,"date":"2021-04-23T13:14:23","date_gmt":"2021-04-23T13:14:23","guid":{"rendered":"https:\/\/www.mes-allocs.fr\/guides\/?p=25621"},"modified":"2026-01-07T15:45:28","modified_gmt":"2026-01-07T14:45:28","slug":"apl-auto-entrepreneur","status":"publish","type":"post","link":"https:\/\/www.mes-allocs.fr\/guides\/aide-logement\/apl\/apl-auto-entrepreneur\/","title":{"rendered":"APL : quel droit pour les auto-entrepreneurs ?"},"content":{"rendered":"<p><a href=\"https:\/\/www.mes-allocs.fr\/guides\/wp-content\/uploads\/2021\/04\/entrepreneur-593371_1280.jpg\"><img loading=\"lazy\" decoding=\"async\" class=\"aligncenter wp-image-25625 size-full\" src=\"https:\/\/www.mes-allocs.fr\/guides\/wp-content\/uploads\/2021\/04\/entrepreneur-593371_1280-e1619094182962.jpg\" alt=\"Auto entrepreneur apl\" width=\"1280\" height=\"457\" \/><\/a><\/p>\n<p style=\"text-align: justify;\">[Mis \u00e0 jour le 07\/01\/2026] L&rsquo;<a href=\"https:\/\/www.mes-allocs.fr\/guides\/aide-logement\/apl\/\">APL<\/a> est une des 3 grandes aide au logement vers\u00e9e soit par la CAF, soit par la MSA si vous relevez du secteur agricole. Vos droits sont calcul\u00e9s \u00e0 partir de vos revenus ainsi que du nombre de personnes \u00e0 charge. Mes Allocs vous explique tout sur l&rsquo;<strong>APL pour les auto entrepreneur<\/strong>s.<\/p>\n<hr \/>\n<h1>L&rsquo;APL pour les auto entrepreneurs<\/h1>\n<p style=\"text-align: justify;\">Les revenus des travailleurs ind\u00e9pendants et micro-entrepreneurs sont pris en compte par la CAF sur la base des ressources d\u00e9clar\u00e9es \u00e0 l\u2019administration fiscale, selon les r\u00e8gles applicables aux revenus non salari\u00e9s<br \/>\n<a href=\"https:\/\/www.mes-allocs.fr\/guides\/wp-content\/uploads\/2021\/04\/laptop-2434393_1280.jpg\"><img loading=\"lazy\" decoding=\"async\" class=\"alignright wp-image-25626 size-medium\" src=\"https:\/\/www.mes-allocs.fr\/guides\/wp-content\/uploads\/2021\/04\/laptop-2434393_1280-300x200.jpg\" alt=\"Auto entrepreneur apl\" width=\"300\" height=\"200\" srcset=\"https:\/\/www.mes-allocs.fr\/guides\/wp-content\/uploads\/2021\/04\/laptop-2434393_1280-300x200.jpg 300w, https:\/\/www.mes-allocs.fr\/guides\/wp-content\/uploads\/2021\/04\/laptop-2434393_1280-1024x682.jpg 1024w, https:\/\/www.mes-allocs.fr\/guides\/wp-content\/uploads\/2021\/04\/laptop-2434393_1280-768x512.jpg 768w, https:\/\/www.mes-allocs.fr\/guides\/wp-content\/uploads\/2021\/04\/laptop-2434393_1280-600x400.jpg 600w, https:\/\/www.mes-allocs.fr\/guides\/wp-content\/uploads\/2021\/04\/laptop-2434393_1280.jpg 1280w\" sizes=\"auto, (max-width: 300px) 100vw, 300px\" \/><\/a><\/p>\n<p><strong>\u00c0 noter : en cas de changement de statut vous devez vous adresser aupr\u00e8s de la CAF ou de la MSA pour le d\u00e9clarer.\u00a0\u00a0<\/strong><\/p>\n<h2>Qu&rsquo;est-ce que l&rsquo;APL ?<\/h2>\n<p>Il existe trois aides au logement distinctes vers\u00e9es par la CAF ou la MSA : l\u2019<a href=\"https:\/\/www.mes-allocs.fr\/guides\/aide-logement\/apl\/\">APL<\/a>, l\u2019ALS et l\u2019ALF<\/p>\n<p><span class=\"amp-wp-fe3f5cc\" data-amp-original-style=\"font-weight: 400;\">Ainsi, effectuer une estimation logement APL revient \u00e0 estimer le montant de l\u2019aide au logement dont vous pouvez b\u00e9n\u00e9ficier.\u00a0<\/span><\/p>\n<p><span class=\"amp-wp-fe3f5cc\" data-amp-original-style=\"font-weight: 400;\">Les droits estim\u00e9s varient selon la situation personnelle de chaque demandeur. Les conditions d\u2019attribution retenues pour les APL sont principalement les suivantes :<\/span><\/p>\n<ul>\n<li class=\"amp-wp-fe3f5cc\" data-amp-original-style=\"font-weight: 400;\"><span class=\"amp-wp-fe3f5cc\" data-amp-original-style=\"font-weight: 400;\">La situation familiale du foyer ;<\/span><\/li>\n<li class=\"amp-wp-fe3f5cc\" data-amp-original-style=\"font-weight: 400;\"><span class=\"amp-wp-fe3f5cc\" data-amp-original-style=\"font-weight: 400;\">La situation professionnelle de chaque membre du foyer ;<\/span><\/li>\n<li class=\"amp-wp-fe3f5cc\" data-amp-original-style=\"font-weight: 400;\"><span class=\"amp-wp-fe3f5cc\" data-amp-original-style=\"font-weight: 400;\">Les conditions de ressources de l\u2019ensemble du foyer ;<\/span><\/li>\n<li class=\"amp-wp-fe3f5cc\" data-amp-original-style=\"font-weight: 400;\">Le montant du loyer hors charges, dans la limite des plafonds r\u00e9glementaires applicables ;<\/li>\n<li class=\"amp-wp-fe3f5cc\" data-amp-original-style=\"font-weight: 400;\"><span class=\"amp-wp-fe3f5cc\" data-amp-original-style=\"font-weight: 400;\">Le type de logement (appartement, conventionn\u00e9, etc.) ;<\/span><\/li>\n<li class=\"amp-wp-fe3f5cc\" data-amp-original-style=\"font-weight: 400;\"><span class=\"amp-wp-fe3f5cc\" data-amp-original-style=\"font-weight: 400;\">La zone g\u00e9ographique dans laquelle se situe le logement.<\/span><\/li>\n<\/ul>\n<p>\u00c0 noter : en cas de changement de situation ou d&rsquo; activit\u00e9 professionnelle vous devez en informer la CAF ou la MSA. M\u00eame si vous \u00eates en micro entreprise.<\/p>\n<p><iframe loading=\"lazy\" title=\"L&#039;APL\" width=\"500\" height=\"281\" src=\"https:\/\/www.youtube.com\/embed\/dfDRI2qg_z4?feature=oembed\" frameborder=\"0\" allow=\"accelerometer; autoplay; clipboard-write; encrypted-media; gyroscope; picture-in-picture; web-share\" referrerpolicy=\"strict-origin-when-cross-origin\" allowfullscreen><\/iframe><\/p>\n<h2 data-amp-original-style=\"text-align: justify;\"><span id=\"Conditions_liees_au_logement\">Conditions li\u00e9es \u00e0 votre logement<\/span><\/h2>\n<p class=\"amp-wp-7d27179\" style=\"text-align: justify;\" data-amp-original-style=\"text-align: justify;\"><span class=\"amp-wp-fe3f5cc\" data-amp-original-style=\"font-weight: 400;\">L\u2019Allocation Personnalis\u00e9e au Logement (APL) est une aide personnelle qui vous est accord\u00e9e uniquement pour votre\u00a0<\/span><b>r\u00e9sidence principale<\/b><span class=\"amp-wp-fe3f5cc\" data-amp-original-style=\"font-weight: 400;\">\u00a0(logement que vous habitez au moins 8 mois par an) sur le\u00a0<\/span><b>territoire fran\u00e7ais et un logement conventionn\u00e9.<\/b><span class=\"amp-wp-fe3f5cc\" data-amp-original-style=\"font-weight: 400;\">\u00a0Ce logement doit \u00e9galement respecter certaines\u00a0<strong>conditions de d\u00e9cence et d\u2019occupation<\/strong>\u00a0(surface minimale, aucune mise en danger de celui qui l\u2019habite). Le logement en question doit \u00eatre conventionn\u00e9 pour ouvrir vos droits aux APL.<\/span><\/p>\n<p class=\"amp-wp-7d27179\" style=\"text-align: justify;\" data-amp-original-style=\"text-align: justify;\"><span class=\"amp-wp-fe3f5cc\" data-amp-original-style=\"font-weight: 400;\">Pour conventionner un logement, le propri\u00e9taire du bien (potentiellement vous) doit passer un accord avec l\u2019\u00c9tat. Cela est n\u00e9cessaire pour ouvrir le droit aux aides concernant le logement. Une majorit\u00e9 des logements HLM sont conventionn\u00e9s.<\/span><span class=\"amp-wp-fe3f5cc\" data-amp-original-style=\"font-weight: 400;\">\u00a0<\/span><\/p>\n<p class=\"amp-wp-7d27179\" style=\"text-align: justify;\" data-amp-original-style=\"text-align: justify;\"><span class=\"amp-wp-fe3f5cc\" data-amp-original-style=\"font-weight: 400;\">Si vous r\u00e9sidez en foyer d\u2019h\u00e9bergement, tels que les \u00c9tablissements d\u2019H\u00e9bergement pour Personnes \u00c2g\u00e9es (EHPAD), les r\u00e9sidences autonomie ou encore les r\u00e9sidences \u00e9tudiantes, vous pouvez percevoir l\u2019Allocation Personnalis\u00e9e au Logement.<\/span><\/p>\n<h1>Comment estimer ses droits \u00e0 l&rsquo;APL en 2026 ?<a href=\"https:\/\/www.mes-allocs.fr\/guides\/wp-content\/uploads\/2021\/04\/document-428338_1280.jpg\"><img loading=\"lazy\" decoding=\"async\" class=\"alignright wp-image-25627 size-medium\" src=\"https:\/\/www.mes-allocs.fr\/guides\/wp-content\/uploads\/2021\/04\/document-428338_1280-300x199.jpg\" alt=\"Auto entrepreneur apl\" width=\"300\" height=\"199\" srcset=\"https:\/\/www.mes-allocs.fr\/guides\/wp-content\/uploads\/2021\/04\/document-428338_1280-300x199.jpg 300w, https:\/\/www.mes-allocs.fr\/guides\/wp-content\/uploads\/2021\/04\/document-428338_1280-1024x681.jpg 1024w, https:\/\/www.mes-allocs.fr\/guides\/wp-content\/uploads\/2021\/04\/document-428338_1280-768x511.jpg 768w, https:\/\/www.mes-allocs.fr\/guides\/wp-content\/uploads\/2021\/04\/document-428338_1280-600x399.jpg 600w, https:\/\/www.mes-allocs.fr\/guides\/wp-content\/uploads\/2021\/04\/document-428338_1280.jpg 1280w\" sizes=\"auto, (max-width: 300px) 100vw, 300px\" \/><\/a><\/h1>\n<p>Pour estimer vos droits le plus simple est d&rsquo;utiliser la <a href=\"https:\/\/www.mes-allocs.fr\/guides\/aide-logement\/apl\/simulation-apl\/\">simulation APL<\/a> Mes Allocs. En deux minutes vous aurez une estimation fiable de vos droits.<\/p>\n<p>&nbsp;<\/p>\n<p>&nbsp;<\/p>\n<p>&nbsp;<\/p>\n<p>&nbsp;<\/p>\n<p>&nbsp;<\/p>\n<div class='cta-block'><div class='text'>Simulez toutes vos aides en 2 min. Gratuit.<\/div><a href='https:\/\/www.mes-allocs.fr\/ab-app?origin=guides\/wp-json\/wp\/v2\/posts\/25621' class='app-button fit'>Simulation gratuite<\/a><\/div>\n<h2>\u00c9l\u00e9ments pris en compte dans le calcul<\/h2>\n<p><strong>La CAF tout comme la MSA prend en compte certaines infirmations pour d\u00e9terminer vos droits \u00e0 l&rsquo;APL 2026. Les informations\/revenus sont les suivants :<\/strong><\/p>\n<ul class=\"list-9\">\n<li>La composition du foyer<\/li>\n<li>Les ressources de l\u2019ensemble du foyer<\/li>\n<li>Le patrimoine immobilier<\/li>\n<li>Les capitaux<\/li>\n<li>La situation professionnelle de l\u2019ensemble des personnes du foyer (salari\u00e9, demandeur d\u2019emploi indemnis\u00e9 ou non \u2026)<\/li>\n<li>La zone g\u00e9ographique du logement<\/li>\n<li>Les pensions alimentaires per\u00e7ues<\/li>\n<li>Le montant du loyer hors charges<\/li>\n<li>Le type de location (meubl\u00e9e, non meubl\u00e9e\u2026)<\/li>\n<\/ul>\n<h2 class=\"mb-2 mt-6 text-lg first:mt-3\"><strong>Calcul des APL pour les auto-entrepreneurs<\/strong><\/h2>\n<p>Pour les auto-entrepreneurs, la CAF prend en compte les revenus non salari\u00e9s d\u00e9clar\u00e9s, conform\u00e9ment aux donn\u00e9es fiscales disponibles et au mode de calcul des APL en temps r\u00e9el.<\/p>\n<h2>R\u00e9forme des APL 2021<\/h2>\n<p>Apr\u00e8s avoir \u00e9t\u00e9 report\u00e9e \u00e0 plusieurs reprises, la r\u00e9forme des APL est finalement entr\u00e9e en vigueur le 1er janvier 2021. Depuis ce sont vos revenus des 12 derniers mois qui sont pris en compte dans le calcul des allocations logement, et non plus vos revenus N-2. C&rsquo;est notamment gr\u00e2ce au pr\u00e9l\u00e8vement \u00e0 la source que cette r\u00e9forme a pu \u00eatre mise en place.<\/p>\n<div class='cta-block'><div class='text'>Simulez toutes vos aides en 2 min. Gratuit.<\/div><a href='https:\/\/www.mes-allocs.fr\/ab-app?origin=guides\/wp-json\/wp\/v2\/posts\/25621' class='app-button fit'>Simulation gratuite<\/a><\/div>\n<h2>Comment faire une demande d&rsquo;APL et quelles sont les informations \u00e0 communiquer ?<\/h2>\n<p style=\"text-align: justify;\"><span class=\"amp-wp-fe3f5cc\" data-amp-original-style=\"font-weight: 400;\">Votre demande d\u2019aide au logement se fait aupr\u00e8s de la caisse d\u2019allocations familiales (CAF) ou de la mutualit\u00e9 sociale agricole (MSA). En fonction de l\u2019organisme dont vous d\u00e9pendez en termes de protection sociale. La demande d\u2019APL s\u2019effectue en ligne, en remplissant un formulaire et en pr\u00e9sentant certains justificatifs. <\/span><a href=\"https:\/\/www.mes-allocs.fr\/guides\/wp-content\/uploads\/2021\/04\/cashbox-1642989_1280.jpg\"><img loading=\"lazy\" decoding=\"async\" class=\"alignright wp-image-25628 size-medium\" src=\"https:\/\/www.mes-allocs.fr\/guides\/wp-content\/uploads\/2021\/04\/cashbox-1642989_1280-300x200.jpg\" alt=\"Auto entrepreneur et droit aux APL\" width=\"300\" height=\"200\" srcset=\"https:\/\/www.mes-allocs.fr\/guides\/wp-content\/uploads\/2021\/04\/cashbox-1642989_1280-300x200.jpg 300w, https:\/\/www.mes-allocs.fr\/guides\/wp-content\/uploads\/2021\/04\/cashbox-1642989_1280-1024x682.jpg 1024w, https:\/\/www.mes-allocs.fr\/guides\/wp-content\/uploads\/2021\/04\/cashbox-1642989_1280-768x512.jpg 768w, https:\/\/www.mes-allocs.fr\/guides\/wp-content\/uploads\/2021\/04\/cashbox-1642989_1280-600x400.jpg 600w, https:\/\/www.mes-allocs.fr\/guides\/wp-content\/uploads\/2021\/04\/cashbox-1642989_1280.jpg 1280w\" sizes=\"auto, (max-width: 300px) 100vw, 300px\" \/><\/a><\/p>\n<p style=\"text-align: justify;\">La demande d\u2019APL s\u2019effectue directement en ligne sur le site de la CAF ou de la MSA, via un formulaire d\u00e9mat\u00e9rialis\u00e9. Les justificatifs n\u00e9cessaires (dont l\u2019attestation de loyer) sont demand\u00e9s au cours de la d\u00e9marche, selon la situation du demandeur.<\/p>\n<p style=\"text-align: justify;\">Une fois votre demande compl\u00e9t\u00e9 vous recevrez un accus\u00e9 de r\u00e9ception.<\/p>\n<p><strong><span id=\"Documents_a_fournir\"><span class=\"amp-wp-fe3f5cc\" data-amp-original-style=\"font-weight: 400;\">Documents \u00e0 fournir lors de votre demande d&rsquo;APL<\/span><\/span><\/strong><\/p>\n<ul>\n<li class=\"amp-wp-fe3f5cc\" style=\"text-align: justify;\" data-amp-original-style=\"font-weight: 400;\"><span class=\"amp-wp-fe3f5cc\" data-amp-original-style=\"font-weight: 400;\">Votre contrat de location et le montant du loyer qui est inscrit sur ce dernier\u00a0<\/span><\/li>\n<li class=\"amp-wp-fe3f5cc\" style=\"text-align: justify;\" data-amp-original-style=\"font-weight: 400;\"><span class=\"amp-wp-fe3f5cc\" data-amp-original-style=\"font-weight: 400;\">Les revenus per\u00e7us durant les 12 derniers mois\u00a0<\/span><\/li>\n<li style=\"text-align: justify;\" data-amp-original-style=\"font-weight: 400;\">Votre num\u00e9ro de s\u00e9curit\u00e9 sociale<\/li>\n<li class=\"amp-wp-fe3f5cc\" style=\"text-align: justify;\" data-amp-original-style=\"font-weight: 400;\"><span class=\"amp-wp-fe3f5cc\" data-amp-original-style=\"font-weight: 400;\">Un Relev\u00e9 d\u2019Identit\u00e9 Bancaire\u00a0<\/span><\/li>\n<li class=\"amp-wp-fe3f5cc\" style=\"text-align: justify;\" data-amp-original-style=\"font-weight: 400;\"><span class=\"amp-wp-fe3f5cc\" data-amp-original-style=\"font-weight: 400;\">Votre num\u00e9ro d\u2019allocataire ou celui de vos parents si une CAF vous versait pr\u00e9c\u00e9demment des prestations familiales\u00a0<\/span><\/li>\n<li class=\"amp-wp-fe3f5cc\" style=\"text-align: justify;\" data-amp-original-style=\"font-weight: 400;\"><span class=\"amp-wp-fe3f5cc\" data-amp-original-style=\"font-weight: 400;\">Les coordonn\u00e9es du bailleur, avec le num\u00e9ro SIRET dans le cas d\u2019une soci\u00e9t\u00e9\u00a0<\/span><\/li>\n<li class=\"amp-wp-fe3f5cc\" style=\"text-align: justify;\" data-amp-original-style=\"font-weight: 400;\">Des justificatifs peuvent \u00eatre demand\u00e9s par la CAF selon la situation du foyer et les contr\u00f4les effectu\u00e9s.<\/li>\n<\/ul>\n<p style=\"text-align: justify;\"><span class=\"amp-wp-fe3f5cc\" data-amp-original-style=\"font-weight: 400;\">Lors de votre demande, vous devrez apporter un certain nombre d\u2019informations sur votre situation personnelle.<\/span><\/p>\n<h1>APL et prime d&rsquo; activit\u00e9, un cumul possible ?<\/h1>\n<p style=\"text-align: justify;\">Il y a beaucoup de questions autour des APL. Cette aide est inclue dans un forfait logement ajout\u00e9 \u00e0 vos ressources selon votre situation financi\u00e8re et familiale (nombre d\u2019enfants \u00e0 charge etc.).<\/p>\n<p style=\"text-align: justify;\">Pour savoir si oui ou non vous \u00eates \u00e9ligibles \u00e0 la prime d\u2019activit\u00e9, il y\u2019a diff\u00e9rentes ressources prises en compte. Notamment les APL. Il faut savoir que<strong>\u00a0l\u2019int\u00e9gralit\u00e9 de vos APL ne sont pas pris en compte<\/strong>. Seul un montant forfaitaire est requis.<\/p>\n<h2>Qu&rsquo;est-ce que la prime d&rsquo;activit\u00e9 ?<\/h2>\n<p class=\"amp-wp-7d27179\" style=\"text-align: justify;\" data-amp-original-style=\"text-align: justify;\"><span class=\"amp-wp-fe3f5cc\" data-amp-original-style=\"font-weight: 400;\">Si la prime d\u2019activit\u00e9 a \u00e9t\u00e9 cr\u00e9\u00e9e en 2016, c\u2019est avant tout dans le but de proposer une r\u00e9ponse \u00e0 deux dispositifs jug\u00e9s inefficaces. \u00c0 savoir le RSA Activit\u00e9 et la Prime Pour l\u2019Emploi (PPE).<\/span><span class=\"amp-wp-fe3f5cc\" data-amp-original-style=\"font-weight: 400;\">\u00a0<\/span><\/p>\n<p class=\"amp-wp-7d27179\" style=\"text-align: justify;\" data-amp-original-style=\"text-align: justify;\"><span class=\"amp-wp-fe3f5cc\" data-amp-original-style=\"font-weight: 400;\">L\u2019objectif principal de la prime d\u2019activit\u00e9 est de de favoriser le maintien de l\u2019emploi ou le retour sur le march\u00e9 du travail.\u00a0<\/span><b>Son versement mensuel en fait une aide plus incitative<\/b><span class=\"amp-wp-fe3f5cc\" data-amp-original-style=\"font-weight: 400;\">. Elle s\u2019ajoute ainsi \u00e0 vos revenus mensuels, sans r\u00e9p\u00e9ter l\u2019erreur des deux aides dont elle est n\u00e9e.<\/span><\/p>\n<p class=\"amp-wp-7d27179\" style=\"text-align: justify;\" data-amp-original-style=\"text-align: justify;\"><span class=\"amp-wp-fe3f5cc\" data-amp-original-style=\"font-weight: 400;\">Le montant de cette prime se calcule selon les ressources de l\u2019ensemble du foyer et de la composition familiale. Le droit \u00e0 la prime d\u2019activit\u00e9 d\u00e9pend du niveau de revenus, de la composition du foyer et des bonifications applicables, sans seuil unique exprim\u00e9 en pourcentage du SMIC.<\/span><\/p>\n<h2><span id=\"Declarations_trimestrielles\">D\u00e9clarations trimestrielles<\/span><\/h2>\n<p style=\"text-align: justify;\">Tous les trimestres vous devez faire les d\u00e9clarations de revenus de l\u2019ensemble du foyer aupr\u00e8s de la <a href=\"http:\/\/caf.fr\">CAF<\/a>.<\/p>\n<p style=\"text-align: justify;\">Le montant qui vous est attribu\u00e9 pourra \u00eatre r\u00e9\u00e9valu\u00e9 en fonction des changements de situation familiale et professionnelle du b\u00e9n\u00e9ficiaire. En effet ce sont ces deux \u00e9l\u00e9ments qui compte dans le calcul de la prime d\u2019activit\u00e9.<\/p>\n<p style=\"text-align: justify;\">Apr\u00e8s la r\u00e9\u00e9valuation de vos droits si vous ne remplissez plus les conditions d\u2019attribution le versement cesse le premier jour du mois ou vous n\u2019\u00eates plus \u00e9ligible.<\/p>\n<div class='cta-block'><div class='text'>Simulez toutes vos aides en 2 min. Gratuit.<\/div><a href='https:\/\/www.mes-allocs.fr\/ab-app?origin=guides\/wp-json\/wp\/v2\/posts\/25621' class='app-button fit'>Simulation gratuite<\/a><\/div>\n","protected":false},"excerpt":{"rendered":"<p>[Mis \u00e0 jour le 07\/01\/2026] L&rsquo;APL est une des 3 grandes aide au logement vers\u00e9e soit par la CAF, soit par la MSA si vous relevez du secteur agricole. Vos droits sont calcul\u00e9s \u00e0 partir de vos revenus ainsi que du nombre de personnes \u00e0 charge. Mes Allocs vous explique tout sur l&rsquo;APL pour les [&hellip;]<\/p>\n","protected":false},"author":10,"featured_media":25625,"comment_status":"open","ping_status":"open","sticky":false,"template":"","format":"standard","meta":{"amp_status":"","footnotes":""},"categories":[1,4],"tags":[],"class_list":["post-25621","post","type-post","status-publish","format-standard","has-post-thumbnail","hentry","category-aide-logement","category-apl"],"yoast_head":"<!-- This site is optimized with the Yoast SEO plugin v14.9 - https:\/\/yoast.com\/wordpress\/plugins\/seo\/ -->\n<title>APL pour auto-entrepreneur : comment en b\u00e9n\u00e9ficier ?| Mes-Allocs.fr<\/title>\n<meta name=\"description\" content=\"L&#039;APL est une allocation logement dont peuvent b\u00e9n\u00e9ficier les auto entrepreneurs sous conditions. Mes Allocs vous explique tout ici !\" \/>\n<meta name=\"robots\" content=\"index, follow, max-snippet:-1, max-image-preview:large, max-video-preview:-1\" \/>\n<link rel=\"canonical\" href=\"https:\/\/www.mes-allocs.fr\/guides\/aide-logement\/apl\/apl-auto-entrepreneur\/\" \/>\n<meta property=\"og:locale\" content=\"fr_FR\" \/>\n<meta property=\"og:type\" content=\"article\" \/>\n<meta property=\"og:title\" content=\"APL pour auto-entrepreneur : comment en b\u00e9n\u00e9ficier ?| Mes-Allocs.fr\" \/>\n<meta property=\"og:description\" content=\"L&#039;APL est une allocation logement dont peuvent b\u00e9n\u00e9ficier les auto entrepreneurs sous conditions. Mes Allocs vous explique tout ici !\" \/>\n<meta property=\"og:url\" content=\"https:\/\/www.mes-allocs.fr\/guides\/aide-logement\/apl\/apl-auto-entrepreneur\/\" \/>\n<meta property=\"og:site_name\" content=\"Mes-Allocs.fr\" \/>\n<meta property=\"article:published_time\" content=\"2021-04-23T13:14:23+00:00\" \/>\n<meta property=\"article:modified_time\" content=\"2026-01-07T14:45:28+00:00\" \/>\n<meta property=\"og:image\" content=\"https:\/\/www.mes-allocs.fr\/guides\/wp-content\/uploads\/2021\/04\/entrepreneur-593371_1280.jpg?wsr\" \/>\n\t<meta property=\"og:image:width\" content=\"1280\" \/>\n\t<meta property=\"og:image:height\" content=\"853\" \/>\n<meta name=\"twitter:card\" content=\"summary_large_image\" \/>\n<script type=\"application\/ld+json\" class=\"yoast-schema-graph\">{\"@context\":\"https:\/\/schema.org\",\"@graph\":[{\"@type\":\"WebSite\",\"@id\":\"https:\/\/www.mes-allocs.fr\/guides\/#website\",\"url\":\"https:\/\/www.mes-allocs.fr\/guides\/\",\"name\":\"Mes-Allocs.fr\",\"description\":\"\",\"potentialAction\":[{\"@type\":\"SearchAction\",\"target\":\"https:\/\/www.mes-allocs.fr\/guides\/?s={search_term_string}\",\"query-input\":\"required name=search_term_string\"}],\"inLanguage\":\"fr-FR\"},{\"@type\":\"ImageObject\",\"@id\":\"https:\/\/www.mes-allocs.fr\/guides\/aide-logement\/apl\/apl-auto-entrepreneur\/#primaryimage\",\"inLanguage\":\"fr-FR\",\"url\":\"https:\/\/www.mes-allocs.fr\/guides\/wp-content\/uploads\/2021\/04\/entrepreneur-593371_1280.jpg?wsr\",\"width\":1280,\"height\":853,\"caption\":\"Auto entrepreneur et droit aux APL\"},{\"@type\":\"WebPage\",\"@id\":\"https:\/\/www.mes-allocs.fr\/guides\/aide-logement\/apl\/apl-auto-entrepreneur\/#webpage\",\"url\":\"https:\/\/www.mes-allocs.fr\/guides\/aide-logement\/apl\/apl-auto-entrepreneur\/\",\"name\":\"APL pour auto-entrepreneur : comment en b\\u00e9n\\u00e9ficier ?| Mes-Allocs.fr\",\"isPartOf\":{\"@id\":\"https:\/\/www.mes-allocs.fr\/guides\/#website\"},\"primaryImageOfPage\":{\"@id\":\"https:\/\/www.mes-allocs.fr\/guides\/aide-logement\/apl\/apl-auto-entrepreneur\/#primaryimage\"},\"datePublished\":\"2021-04-23T13:14:23+00:00\",\"dateModified\":\"2026-01-07T14:45:28+00:00\",\"author\":{\"@id\":\"https:\/\/www.mes-allocs.fr\/guides\/#\/schema\/person\/8d47b912c0ad15f379df96b4e4e33f58\"},\"description\":\"L'APL est une allocation logement dont peuvent b\\u00e9n\\u00e9ficier les auto entrepreneurs sous conditions. Mes Allocs vous explique tout ici !\",\"inLanguage\":\"fr-FR\"},{\"@type\":\"Person\",\"@id\":\"https:\/\/www.mes-allocs.fr\/guides\/#\/schema\/person\/8d47b912c0ad15f379df96b4e4e33f58\",\"name\":\"Constance de Cagny\",\"image\":{\"@type\":\"ImageObject\",\"@id\":\"https:\/\/www.mes-allocs.fr\/guides\/#personlogo\",\"inLanguage\":\"fr-FR\",\"url\":\"https:\/\/www.mes-allocs.fr\/guides\/wp-content\/uploads\/2021\/06\/Constance.2e8ee0b.png\",\"caption\":\"Constance de Cagny\"},\"description\":\"Constance est r\\u00e9dactrice au sein de l'\\u00e9quipe Mes Allocs. Elle a l'habitude d'\\u00e9crire sur les sujets conso, bons plans et \\u00e9conomies. Dipl\\u00f4m\\u00e9e de l'ENACO, elle rejoint Mes Allocs apr\\u00e8s une premi\\u00e8re exp\\u00e9rience en cabinet notarial.\",\"sameAs\":[\"https:\/\/www.linkedin.com\/in\/constance-de-cagny-mayeur-bbb414135\"]}]}<\/script>\n<!-- \/ Yoast SEO plugin. -->","amp_validity":null,"acf":{"faq":{"1":{"question":"\ud83e\udd14  Qui est \u00e9ligible aux APL ?","answer":"Le logement doit faire plus de 9m2 pour une personne seule et \u00eatre qualifi\u00e9 de logement d\u00e9cent. Vous ne serez pas \u00e9ligible si le propri\u00e9taire-bailleur est de votre famille."},"2":{"question":"\ud83e\udd37\u200d\u2640\ufe0f  Quel d\u00e9lai pour toucher les APL ?","answer":"Une fois votre demande confirm\u00e9e, l'aide au logement n'est enregistr\u00e9e qu'un mois apr\u00e8s la date de votre entr\u00e9e dans le logement et vers\u00e9e le mois suivant. Comptez donc r\u00e9ellement 2 Mois pour percevoir l'aide."},"3":{"question":"\ud83e\udd1d Quel est le montant de l'APL pour les \u00e9tudiants ?","answer":"Le montant moyen de l'APL \u00c9tudiant est de l'ordre de 100 \u00e0 150 euros et varie principalement selon si l'\u00e9tudiant est boursier ou non et habite seul ou en colocation. Pour connaitre votre \u00e9ligibilit\u00e9 vous pouvez faire une simulation avec Mes Allocs !"},"4":{"question":"\ud83e\udd14  Quelles sont les conditions li\u00e9es \u00e0 la simulation APL ?","answer":"Les conditions li\u00e9es aux APL peuvent varier en fonction de vos ressources et de votre logement. La m\u00e9thode rapide pour conna\u00eetre votre \u00e9ligibilit\u00e9 est de faire la simulation gratuite d'APL directement sur le site de Mes Allocs."},"5":{"question":"\ud83e\udd37\u200d\u2640\ufe0f Quelle aide pour les ch\u00f4meurs ?","answer":"Ils peuvent toucher plusieurs aides selon leur \u00e2ge et leur situation personnelle, comme l'aide de retour \u00e0 l'emploi (ARE), l'allocation sociale sp\u00e9cifique (ASS), le revenu de solidarit\u00e9 active (RSA). Il peut \u00e9galement b\u00e9n\u00e9ficier d'une aide forfaitaire l'AFD."},"6":{"question":"\ud83e\udd1d Quand d\u00e9m\u00e9nager pour ne pas perdre l'APL ?","answer":"Si vous quittez votre logement le mois en cours, vous ne percevrez pas l'allocation du mois pr\u00e9c\u00e9dent (votre allocation ne prend en compte que l'avant-dernier mois)."},"7":{"question":"","answer":""},"8":{"question":"","answer":""},"9":{"question":"","answer":""},"10":{"question":"","answer":""},"11":{"question":"","answer":""},"12":{"question":"","answer":""},"13":{"question":"","answer":""},"14":{"question":"","answer":""},"15":{"question":"","answer":""},"16":{"question":"","answer":""}}},"_links":{"self":[{"href":"https:\/\/www.mes-allocs.fr\/guides\/wp-json\/wp\/v2\/posts\/25621","targetHints":{"allow":["GET"]}}],"collection":[{"href":"https:\/\/www.mes-allocs.fr\/guides\/wp-json\/wp\/v2\/posts"}],"about":[{"href":"https:\/\/www.mes-allocs.fr\/guides\/wp-json\/wp\/v2\/types\/post"}],"author":[{"embeddable":true,"href":"https:\/\/www.mes-allocs.fr\/guides\/wp-json\/wp\/v2\/users\/10"}],"replies":[{"embeddable":true,"href":"https:\/\/www.mes-allocs.fr\/guides\/wp-json\/wp\/v2\/comments?post=25621"}],"version-history":[{"count":22,"href":"https:\/\/www.mes-allocs.fr\/guides\/wp-json\/wp\/v2\/posts\/25621\/revisions"}],"predecessor-version":[{"id":107073,"href":"https:\/\/www.mes-allocs.fr\/guides\/wp-json\/wp\/v2\/posts\/25621\/revisions\/107073"}],"wp:featuredmedia":[{"embeddable":true,"href":"https:\/\/www.mes-allocs.fr\/guides\/wp-json\/wp\/v2\/media\/25625"}],"wp:attachment":[{"href":"https:\/\/www.mes-allocs.fr\/guides\/wp-json\/wp\/v2\/media?parent=25621"}],"wp:term":[{"taxonomy":"category","embeddable":true,"href":"https:\/\/www.mes-allocs.fr\/guides\/wp-json\/wp\/v2\/categories?post=25621"},{"taxonomy":"post_tag","embeddable":true,"href":"https:\/\/www.mes-allocs.fr\/guides\/wp-json\/wp\/v2\/tags?post=25621"}],"curies":[{"name":"wp","href":"https:\/\/api.w.org\/{rel}","templated":true}]}}