{"id":25506,"date":"2021-04-23T12:55:42","date_gmt":"2021-04-23T12:55:42","guid":{"rendered":"https:\/\/www.mes-allocs.fr\/guides\/?p=25506"},"modified":"2026-01-06T17:08:56","modified_gmt":"2026-01-06T16:08:56","slug":"apl-verse-au-bailleur","status":"publish","type":"post","link":"https:\/\/www.mes-allocs.fr\/guides\/aide-logement\/apl-verse-au-bailleur\/","title":{"rendered":"APL : versement direct au bailleur"},"content":{"rendered":"<p><a href=\"https:\/\/www.mes-allocs.fr\/guides\/wp-content\/uploads\/2021\/04\/paris-3257030_1280.jpg\"><img loading=\"lazy\" decoding=\"async\" class=\"aligncenter wp-image-25551 size-full\" src=\"https:\/\/www.mes-allocs.fr\/guides\/wp-content\/uploads\/2021\/04\/paris-3257030_1280-e1685955805854.jpg\" alt=\"APL versement bailleur\" width=\"1280\" height=\"259\" srcset=\"https:\/\/www.mes-allocs.fr\/guides\/wp-content\/uploads\/2021\/04\/paris-3257030_1280-e1685955805854.jpg 1280w, https:\/\/www.mes-allocs.fr\/guides\/wp-content\/uploads\/2021\/04\/paris-3257030_1280-e1685955805854-300x61.jpg 300w, https:\/\/www.mes-allocs.fr\/guides\/wp-content\/uploads\/2021\/04\/paris-3257030_1280-e1685955805854-1024x207.jpg 1024w, https:\/\/www.mes-allocs.fr\/guides\/wp-content\/uploads\/2021\/04\/paris-3257030_1280-e1685955805854-768x155.jpg 768w, https:\/\/www.mes-allocs.fr\/guides\/wp-content\/uploads\/2021\/04\/paris-3257030_1280-e1685955805854-600x121.jpg 600w\" sizes=\"auto, (max-width: 1280px) 100vw, 1280px\" \/><\/a><\/p>\n<p style=\"text-align: justify;\">[Mis \u00e0 jour le 06\/01\/2026] L&rsquo;aide au logement (<a href=\"https:\/\/www.mes-allocs.fr\/guides\/aide-logement\/apl\/\">APL<\/a>) est l&rsquo;une des 3 aides vers\u00e9es par la CAF et la MSA. G\u00e9n\u00e9ralement l&rsquo;aide au logement est vers\u00e9e au propri\u00e9taire de votre logement. Mais comment \u00e7a se passe ? Mes Allocs vous explique tout en d\u00e9tail ici !<\/p>\n<hr \/>\n<h1>Comment verser l&rsquo;APL directement \u00e0 votre bailleur ?<\/h1>\n<div class=\"page\" title=\"Page 10\">\n<div class=\"layoutArea\">\n<div class=\"column\">\n<p style=\"text-align: justify;\">Pour faciliter les relations entre le locataire et le bailleur et limiter les risques de cas d impay\u00e9s, l\u2019Apl est directement vers\u00e9e au bailleur (versement en tiers payants). L\u2019allocataire devra alors payer la part restante du loyer. Cependant, le propri\u00e9taire peut demander \u00e0 la Caf que l\u2019Apl soit directement vers\u00e9e au locataire.<a href=\"https:\/\/www.mes-allocs.fr\/guides\/wp-content\/uploads\/2021\/04\/montparnasse-918739_1280.jpg\"><img loading=\"lazy\" decoding=\"async\" class=\"alignright wp-image-25552 size-medium\" src=\"https:\/\/www.mes-allocs.fr\/guides\/wp-content\/uploads\/2021\/04\/montparnasse-918739_1280-300x200.jpg\" alt=\"APL versement bailleur\" width=\"300\" height=\"200\" srcset=\"https:\/\/www.mes-allocs.fr\/guides\/wp-content\/uploads\/2021\/04\/montparnasse-918739_1280-300x200.jpg 300w, https:\/\/www.mes-allocs.fr\/guides\/wp-content\/uploads\/2021\/04\/montparnasse-918739_1280-1024x682.jpg 1024w, https:\/\/www.mes-allocs.fr\/guides\/wp-content\/uploads\/2021\/04\/montparnasse-918739_1280-768x512.jpg 768w, https:\/\/www.mes-allocs.fr\/guides\/wp-content\/uploads\/2021\/04\/montparnasse-918739_1280-600x400.jpg 600w, https:\/\/www.mes-allocs.fr\/guides\/wp-content\/uploads\/2021\/04\/montparnasse-918739_1280.jpg 1280w\" sizes=\"auto, (max-width: 300px) 100vw, 300px\" \/><\/a><\/p>\n<p style=\"text-align: justify;\">A savoir : l\u2019APL n\u2019est pas fournie lors du premier mois de location, il s\u2019agit du versement \u00e0 terme \u00e9chu. Le locataire doit donc payer l\u2019int\u00e9gralit\u00e9 de son loyer.<\/p>\n<\/div>\n<\/div>\n<\/div>\n<p>&nbsp;<\/p>\n<p>&nbsp;<\/p>\n<p>&nbsp;<\/p>\n<p>&nbsp;<\/p>\n<div class=\"page\" title=\"Page 10\">\n<div class=\"layoutArea\">\n<div class=\"column\">\n<div class='cta-block'><div class='text'>Simulez vos APL en 2 min. Gratuit.<\/div><a href='https:\/\/www.mes-allocs.fr\/ab-app?origin=guides\/wp-json\/wp\/v2\/posts\/25506' class='app-button fit'>Simulation gratuite<\/a><\/div>\n<p><iframe loading=\"lazy\" title=\"L&#039;APL\" width=\"500\" height=\"281\" src=\"https:\/\/www.youtube.com\/embed\/dfDRI2qg_z4?feature=oembed\" frameborder=\"0\" allow=\"accelerometer; autoplay; clipboard-write; encrypted-media; gyroscope; picture-in-picture; web-share\" referrerpolicy=\"strict-origin-when-cross-origin\" allowfullscreen><\/iframe><\/p>\n<div class=\"page\" title=\"Page 10\">\n<div class=\"layoutArea\">\n<div class=\"column\">\n<h2><span id=\"Versement_de_lApl_directement_aupres_du_locataire\">Versement de l\u2019APL directement aupr\u00e8s du locataire<\/span><\/h2>\n<\/div>\n<\/div>\n<\/div>\n<p style=\"text-align: justify;\">Pour obtenir une demande de versement de l\u2019Apl directement sur le compte du locataire, celui-ci devra fournir \u00e0 la caisse d allocation familiales (caf) les donn\u00e9es personnelles suivantes :<\/p>\n<ul style=\"text-align: justify;\">\n<li>Copie recto-verso\u00a0de sa carte d\u2019identit\u00e9, de son passeport, ou de son extrait de naissance s\u2019il est de nationalit\u00e9 fran\u00e7aise ou copie de son titre de s\u00e9jour en cours de validit\u00e9 dans les autres cas.<\/li>\n<li>Relev\u00e9 d\u2019identit\u00e9 bancaire (Rib), postal (Rip) ou d\u2019\u00e9pargne (Rice) \u00e0 votre nom.<\/li>\n<li>\u00a0Une attestation de loyer (Ce document est \u00e0 remplir par le propri\u00e9taire, le bailleur ou le gestionnaire du foyer).<\/li>\n<\/ul>\n<\/div>\n<\/div>\n<\/div>\n<h2 style=\"text-align: justify;\">Qu&rsquo;est-ce que l&rsquo;APL ?<\/h2>\n<p style=\"text-align: justify;\">L&rsquo;APL ou aide personnalis\u00e9e au logement est un dispositif mis en place qui est\u00a0 vers\u00e9 aussi bien par la Caisse d&rsquo; allocations familiale que par la Mutualit\u00e9 sociale agricole. Le montant est vers\u00e9 au locataire, ou vers\u00e9 au bailleur\u00a0 bailleur, il permet de payer une partie du montant mensuel du loyer.<\/p>\n<p><strong><span class=\"amp-wp-fe3f5cc\" data-amp-original-style=\"font-weight: 400;\">Les aides au logement repr\u00e9sente trois aides diff\u00e9rentes qui sont les suivantes :<\/span><\/strong><\/p>\n<ul>\n<li class=\"amp-wp-fe3f5cc\" data-amp-original-style=\"font-weight: 400;\"><span class=\"amp-wp-fe3f5cc\" data-amp-original-style=\"font-weight: 400;\"><a href=\"https:\/\/www.mes-allocs.fr\/guides\/aide-logement\/apl\">L\u2019Aide Personnalis\u00e9e au Logement<\/a>\u00a0(APL) ;<\/span><\/li>\n<li class=\"amp-wp-fe3f5cc\" data-amp-original-style=\"font-weight: 400;\"><span class=\"amp-wp-fe3f5cc\" data-amp-original-style=\"font-weight: 400;\"><a href=\"https:\/\/www.mes-allocs.fr\/guides\/aide-logement\/als\">L\u2019Allocation de Logement Social<\/a>\u00a0(ALS) ;<\/span><\/li>\n<li class=\"amp-wp-fe3f5cc\" data-amp-original-style=\"font-weight: 400;\"><span class=\"amp-wp-fe3f5cc\" data-amp-original-style=\"font-weight: 400;\">L\u2019Allocation de Logement Familial\u00a0(ALF).<\/span><\/li>\n<\/ul>\n<p><span class=\"amp-wp-fe3f5cc\" data-amp-original-style=\"font-weight: 400;\">Ainsi, faire une estimation APL revient \u00e0 estimer le montant de l\u2019aide au logement que vous pouvez percevoir.\u00a0<\/span><\/p>\n<p><span class=\"amp-wp-fe3f5cc\" data-amp-original-style=\"font-weight: 400;\">Vos droits estim\u00e9s d\u00e9pendent de la situation propre \u00e0 chaque demandeur. Les conditions d\u2019attribution des APL se basent principalement sur les crit\u00e8res suivants :<\/span><\/p>\n<ul>\n<li class=\"amp-wp-fe3f5cc\" data-amp-original-style=\"font-weight: 400;\"><span class=\"amp-wp-fe3f5cc\" data-amp-original-style=\"font-weight: 400;\">Le niveau de ressources ;<\/span><\/li>\n<li class=\"amp-wp-fe3f5cc\" data-amp-original-style=\"font-weight: 400;\"><span class=\"amp-wp-fe3f5cc\" data-amp-original-style=\"font-weight: 400;\">Le montant du loyer ;<\/span><\/li>\n<li class=\"amp-wp-fe3f5cc\" data-amp-original-style=\"font-weight: 400;\"><span class=\"amp-wp-fe3f5cc\" data-amp-original-style=\"font-weight: 400;\">Le type de logement ;<\/span><\/li>\n<li class=\"amp-wp-fe3f5cc\" data-amp-original-style=\"font-weight: 400;\"><span class=\"amp-wp-fe3f5cc\" data-amp-original-style=\"font-weight: 400;\">La composition du foyer (la situation familiale, le nombre d\u2019enfants \u00e0 charge, etc.) ;\u00a0<\/span><\/li>\n<li class=\"amp-wp-fe3f5cc\" data-amp-original-style=\"font-weight: 400;\"><span class=\"amp-wp-fe3f5cc\" data-amp-original-style=\"font-weight: 400;\">La zone g\u00e9ographique du logement.<\/span><\/li>\n<\/ul>\n\n<div class=\"wpdt-c row wpDataTableContainerSimpleTable wpDataTables wpDataTablesWrapper\n\"\n    >\n    <table id=\"wpdtSimpleTable-145\"\n           class=\"wpdtSimpleTable wpDataTable\"\n           data-column=\"2\"\n           data-rows=\"10\"\n           data-wpID=\"145\"\n           data-responsive=\"0\"\n           data-has-header=\"1\">\n\n                    <thead>        <tr class=\"wpdt-cell-row \" >\n                            <th class=\"wpdt-cell wpdt-bold wpdt-bc-F3F9FE\"\n                                    data-cell-id=\"A1\"\n                data-col-index=\"0\"\n                data-row-index=\"0\"\n                style=\" width:26.151930261519%;                padding:10px;\"\n                >\n                                Composition du foyer                <\/th>\n                                            <th class=\"wpdt-cell wpdt-bold wpdt-bc-F3F9FE\"\n                                    data-cell-id=\"B1\"\n                data-col-index=\"1\"\n                data-row-index=\"0\"\n                style=\" width:73.848069738481%;                padding:10px;\"\n                >\n                                Plafonds de ressources (en \u20ac) \u00e0 ne pas d\u00e9passer pour toucher le montant maximal d'APL en 2026                <\/th>\n                                        <\/tr>\n                    <tbody>        <tr class=\"wpdt-cell-row \" >\n                            <td class=\"wpdt-cell wpdt-bold wpdt-bc-F3F9FE\"\n                                    data-cell-id=\"A2\"\n                data-col-index=\"0\"\n                data-row-index=\"1\"\n                style=\"                padding:10px;\"\n                >\n                                Personne seule                <\/td>\n                                            <td class=\"wpdt-cell wpdt-bc-FFFFFF\"\n                                    data-cell-id=\"B2\"\n                data-col-index=\"1\"\n                data-row-index=\"1\"\n                style=\"                padding:10px;\"\n                >\n                                5 235                <\/td>\n                                        <\/tr>\n                            <tr class=\"wpdt-cell-row \" >\n                            <td class=\"wpdt-cell wpdt-bold wpdt-bc-F3F9FE\"\n                                    data-cell-id=\"A3\"\n                data-col-index=\"0\"\n                data-row-index=\"2\"\n                style=\"                padding:10px;\"\n                >\n                                Couple sans personne \u00e0 charge                <\/td>\n                                            <td class=\"wpdt-cell wpdt-bc-FFFFFF\"\n                                    data-cell-id=\"B3\"\n                data-col-index=\"1\"\n                data-row-index=\"2\"\n                style=\"                padding:10px;\"\n                >\n                                7 501                <\/td>\n                                        <\/tr>\n                            <tr class=\"wpdt-cell-row \" >\n                            <td class=\"wpdt-cell wpdt-bold wpdt-bc-F3F9FE\"\n                                    data-cell-id=\"A4\"\n                data-col-index=\"0\"\n                data-row-index=\"3\"\n                style=\"                padding:10px;\"\n                >\n                                Personne seule ou couple avec une personne \u00e0 charge                <\/td>\n                                            <td class=\"wpdt-cell wpdt-bc-FFFFFF\"\n                                    data-cell-id=\"B4\"\n                data-col-index=\"1\"\n                data-row-index=\"3\"\n                style=\"                padding:10px;\"\n                >\n                                8 947                <\/td>\n                                        <\/tr>\n                            <tr class=\"wpdt-cell-row \" >\n                            <td class=\"wpdt-cell wpdt-bold wpdt-bc-F3F9FE\"\n                                    data-cell-id=\"A5\"\n                data-col-index=\"0\"\n                data-row-index=\"4\"\n                style=\"                padding:10px;\"\n                >\n                                Personne seule ou couple ayant 2 personnes \u00e0 charge                <\/td>\n                                            <td class=\"wpdt-cell wpdt-bc-FFFFFF\"\n                                    data-cell-id=\"B5\"\n                data-col-index=\"1\"\n                data-row-index=\"4\"\n                style=\"                padding:10px;\"\n                >\n                                9 148                <\/td>\n                                        <\/tr>\n                            <tr class=\"wpdt-cell-row \" >\n                            <td class=\"wpdt-cell wpdt-bold wpdt-bc-F3F9FE\"\n                                    data-cell-id=\"A6\"\n                data-col-index=\"0\"\n                data-row-index=\"5\"\n                style=\"                padding:10px;\"\n                >\n                                Personne seule ou couple ayant 3 personnes \u00e0 charge                <\/td>\n                                            <td class=\"wpdt-cell wpdt-bc-FFFFFF\"\n                                    data-cell-id=\"B6\"\n                data-col-index=\"1\"\n                data-row-index=\"5\"\n                style=\"                padding:10px;\"\n                >\n                                9 498                <\/td>\n                                        <\/tr>\n                            <tr class=\"wpdt-cell-row \" >\n                            <td class=\"wpdt-cell wpdt-bold wpdt-bc-F3F9FE\"\n                                    data-cell-id=\"A7\"\n                data-col-index=\"0\"\n                data-row-index=\"6\"\n                style=\"                padding:10px;\"\n                >\n                                Personne seule ou couple ayant 4 personnes \u00e0 charge                <\/td>\n                                            <td class=\"wpdt-cell wpdt-bc-FFFFFF\"\n                                    data-cell-id=\"B7\"\n                data-col-index=\"1\"\n                data-row-index=\"6\"\n                style=\"                padding:10px;\"\n                >\n                                9 851                <\/td>\n                                        <\/tr>\n                            <tr class=\"wpdt-cell-row \" >\n                            <td class=\"wpdt-cell wpdt-bold wpdt-bc-F3F9FE\"\n                                    data-cell-id=\"A8\"\n                data-col-index=\"0\"\n                data-row-index=\"7\"\n                style=\"                padding:10px;\"\n                >\n                                Personne seule ou couple ayant 5 personnes \u00e0 charge                <\/td>\n                                            <td class=\"wpdt-cell wpdt-bc-FFFFFF\"\n                                    data-cell-id=\"B8\"\n                data-col-index=\"1\"\n                data-row-index=\"7\"\n                style=\"                padding:10px;\"\n                >\n                                10 202                <\/td>\n                                        <\/tr>\n                            <tr class=\"wpdt-cell-row \" >\n                            <td class=\"wpdt-cell wpdt-bold wpdt-bc-F3F9FE\"\n                                    data-cell-id=\"A9\"\n                data-col-index=\"0\"\n                data-row-index=\"8\"\n                style=\"                padding:10px;\"\n                >\n                                Personne seule ou couple ayant 6 personnes \u00e0 charge                <\/td>\n                                            <td class=\"wpdt-cell wpdt-bc-FFFFFF\"\n                                    data-cell-id=\"B9\"\n                data-col-index=\"1\"\n                data-row-index=\"8\"\n                style=\"                padding:10px;\"\n                >\n                                10 554                <\/td>\n                                        <\/tr>\n                            <tr class=\"wpdt-cell-row \" >\n                            <td class=\"wpdt-cell wpdt-bold wpdt-bc-F3F9FE\"\n                                    data-cell-id=\"A10\"\n                data-col-index=\"0\"\n                data-row-index=\"9\"\n                style=\"                padding:10px;\"\n                >\n                                Par personne \u00e0 charge suppl\u00e9mentaire                <\/td>\n                                            <td class=\"wpdt-cell wpdt-bc-FFFFFF\"\n                                    data-cell-id=\"B10\"\n                data-col-index=\"1\"\n                data-row-index=\"9\"\n                style=\"                padding:10px;\"\n                >\n                                + 346                <\/td>\n                                        <\/tr>\n                    <\/table>\n<\/div><style id='wpdt-custom-style-145'>\ntable#wpdtSimpleTable-145{ table-layout: fixed !important; }\n.wpdt-bc-F3F9FE { background-color: #F3F9FE !important;}\n.wpdt-bc-FFFFFF { background-color: #FFFFFF !important;}\n<\/style>\n\n<p><strong>En janvier 2021 est entr\u00e9e en vigueur la r\u00e9forme des APL. Depuis ce sont vos revenus des 12 derniers mois qui entrent dans le calcul et non plus vos revenus ann\u00e9e N-2.<\/strong><\/p>\n<h1>Qui peut faire une demande d&rsquo; aide au logement ?<\/h1>\n<div class='cta-block'><div class='text'>Simulez vos APL en 2 min. Gratuit.<\/div><a href='https:\/\/www.mes-allocs.fr\/ab-app?origin=guides\/wp-json\/wp\/v2\/posts\/25506' class='app-button fit'>Simulation gratuite<\/a><\/div>\n<p class=\"amp-wp-7d27179\" style=\"text-align: justify;\" data-amp-original-style=\"text-align: justify;\">Vous pouvez b\u00e9n\u00e9ficier de l\u2019aide au logement quelque soit votre situation familiale et si vous r\u00e9sidez :<\/p>\n<ul style=\"text-align: justify;\">\n<li class=\"amp-wp-7d27179\" data-amp-original-style=\"text-align: justify;\">en foyer,<\/li>\n<li class=\"amp-wp-7d27179\" data-amp-original-style=\"text-align: justify;\">\u00e0 l\u2019h\u00f4tel,<\/li>\n<li class=\"amp-wp-7d27179\" data-amp-original-style=\"text-align: justify;\">dans une r\u00e9sidence universitaire<\/li>\n<li class=\"amp-wp-7d27179\" data-amp-original-style=\"text-align: justify;\">ou dans une maison de retraite.<\/li>\n<\/ul>\n<p class=\"amp-wp-7d27179\" style=\"text-align: justify;\" data-amp-original-style=\"text-align: justify;\">Si vous payez un loyer, le propri\u00e9taire ne peut pas \u00eatre un de vos parents ou grands-parents ni l\u2019un de vos enfants ou votre conjoint.<\/p>\n<div class=\"column\">\n<p style=\"text-align: justify;\">Pour effectuer une demande d aide il faut que :<\/p>\n<ul>\n<li style=\"text-align: justify;\">Votre logement soit votre r\u00e9sidence principale qui doit \u00eatre occup\u00e9e au moins 8 mois par an.<\/li>\n<li style=\"text-align: justify;\">Vos revenus soient modestes et que vous payez un loyer.<\/li>\n<\/ul>\n<\/div>\n<p>Vous pouvez donc b\u00e9n\u00e9ficier de l\u2019une des trois aides au logement suivantes : les aides personnalis\u00e9es au logement (Apl) r\u00e9serv\u00e9es aux logements conventionn\u00e9es, l\u2019allocation de logement familiale (Alf ) ou l\u2019allocation de logement sociale (Als). Elles ne sont pas cumulables.<\/p>\n<p>\u00c0 noter : en cas de changement de situation vous devez en informer l&rsquo;organisme dont vous d\u00e9pendez.<\/p>\n<div class='cta-block'><div class='text'>Simulez vos APL en 2 min. Gratuit.<\/div><a href='https:\/\/www.mes-allocs.fr\/ab-app?origin=guides\/wp-json\/wp\/v2\/posts\/25506' class='app-button fit'>Simulation gratuite<\/a><\/div>\n<h2>Conditions li\u00e9es \u00e0 l&rsquo;APL<\/h2>\n<p><span class=\"amp-wp-fe3f5cc\" data-amp-original-style=\"font-weight: 400;\">Vous pouvez demander l\u2019APL, que vous soyez allocataire ou non. Vous devez cependant r\u00e9pondre aux conditions applicables.\u00a0<\/span><\/p>\n<p><span class=\"amp-wp-fe3f5cc\" data-amp-original-style=\"font-weight: 400;\">Voici les crit\u00e8res d\u2019\u00e9ligibilit\u00e9 aux APL :<\/span><a href=\"https:\/\/www.mes-allocs.fr\/guides\/wp-content\/uploads\/2021\/04\/man-2562325_1280.jpg\"><img loading=\"lazy\" decoding=\"async\" class=\"alignright wp-image-25553 size-medium\" src=\"https:\/\/www.mes-allocs.fr\/guides\/wp-content\/uploads\/2021\/04\/man-2562325_1280-300x200.jpg\" alt=\"APL versement bailleur\" width=\"300\" height=\"200\" srcset=\"https:\/\/www.mes-allocs.fr\/guides\/wp-content\/uploads\/2021\/04\/man-2562325_1280-300x200.jpg 300w, https:\/\/www.mes-allocs.fr\/guides\/wp-content\/uploads\/2021\/04\/man-2562325_1280-1024x682.jpg 1024w, https:\/\/www.mes-allocs.fr\/guides\/wp-content\/uploads\/2021\/04\/man-2562325_1280-768x512.jpg 768w, https:\/\/www.mes-allocs.fr\/guides\/wp-content\/uploads\/2021\/04\/man-2562325_1280-600x400.jpg 600w, https:\/\/www.mes-allocs.fr\/guides\/wp-content\/uploads\/2021\/04\/man-2562325_1280.jpg 1280w\" sizes=\"auto, (max-width: 300px) 100vw, 300px\" \/><\/a><\/p>\n<ul>\n<li class=\"amp-wp-fe3f5cc\" style=\"text-align: justify;\" data-amp-original-style=\"font-weight: 400;\"><span class=\"amp-wp-fe3f5cc\" data-amp-original-style=\"font-weight: 400;\">R\u00e9sider l\u00e9galement en France (nationalit\u00e9 fran\u00e7aise ou titre de s\u00e9jour) ;<\/span><\/li>\n<li class=\"amp-wp-fe3f5cc\" style=\"text-align: justify;\" data-amp-original-style=\"font-weight: 400;\"><span class=\"amp-wp-fe3f5cc\" data-amp-original-style=\"font-weight: 400;\">R\u00e9sider dans un logement \u00e9ligible aux APL<\/span><\/li>\n<li class=\"amp-wp-fe3f5cc\" style=\"text-align: justify;\" data-amp-original-style=\"font-weight: 400;\"><span class=\"amp-wp-fe3f5cc\" data-amp-original-style=\"font-weight: 400;\">Ne pas \u00eatre rattach\u00e9 \u00e0 un foyer fiscal sujet \u00e0 l\u2019Imp\u00f4t sur la Fortune Immobili\u00e8re ;<\/span><\/li>\n<li class=\"amp-wp-fe3f5cc\" style=\"text-align: justify;\" data-amp-original-style=\"font-weight: 400;\"><span class=\"amp-wp-fe3f5cc\" data-amp-original-style=\"font-weight: 400;\">La demande doit concerner une r\u00e9sidence principale.<\/span><\/li>\n<\/ul>\n<h1><span id=\"Elements_pris_en_compte_dans_lestimation_de_vos_droits_a_lAPL\">\u00c9l\u00e9ments pris en compte dans l\u2019estimation de vos droits \u00e0 l\u2019APL<\/span><\/h1>\n<ul class=\"list-9\">\n<li>Votre situation familiale (composition du foyer, enfants \u00e0 charge, etc)<\/li>\n<li>Les ressources de l\u2019ensemble du foyer<\/li>\n<li>Le patrimoine immobilier<\/li>\n<li>Les capitaux (livret A \u2026)<\/li>\n<li>La situation professionnelle de l\u2019ensemble des personnes du foyer (salari\u00e9, demandeur d\u2019emploi indemnis\u00e9 ou non \u2026)<\/li>\n<li>La zone g\u00e9ographique du logement<\/li>\n<li>Les \u00e9ventuelles pensions alimentaires per\u00e7ues<\/li>\n<li>Le montant du loyer hors charges ou des mensualit\u00e9s de l\u2019emprunt<\/li>\n<li>La date de signature du pr\u00eat : Si vous avez plusieurs pr\u00eats, l\u2019ensemble des dates doivent \u00eatre mentionn\u00e9es<\/li>\n<li>Le type de location (meubl\u00e9e, non meubl\u00e9e, logement ancien, etc.)<\/li>\n<\/ul>\n<h2><span id=\"Comment_faire_une_demande_dAPL\">Comment faire une demande d\u2019APL ?<\/span><\/h2>\n<p style=\"text-align: justify;\"><span class=\"amp-wp-fe3f5cc\" data-amp-original-style=\"font-weight: 400;\">Pour faire votre\u00a0<\/span><span class=\"amp-wp-fe3f5cc\" data-amp-original-style=\"font-weight: 400;\">demande d\u2019APL<\/span><span class=\"amp-wp-fe3f5cc\" data-amp-original-style=\"font-weight: 400;\">, vous devez remplir un formulaire mis \u00e0 jour avec vos donn\u00e9es personnelles. Y joindre les pi\u00e8ces justificatives exig\u00e9es, afin de constituer un dossier aupr\u00e8s de votre <a href=\"http:\/\/caf.fr\">Caisse d\u2019Allocation Familiale<\/a> (d\u00e9partementale) ou de votre Mutualit\u00e9 Sociale Agricole (MSA). Vous n\u2019avez ni le temps ni l\u2019envie de plonger dans ces tracas administratifs ? Pas d\u2019inqui\u00e9tude,\u00a0<\/span><span class=\"amp-wp-fe3f5cc\" data-amp-original-style=\"font-weight: 400;\">Mes-Allocs s\u2019occupe de toutes les d\u00e9marches \u00e0 votre place !<\/span><\/p>\n<h2>L&rsquo;APL pour les \u00e9tudiants<\/h2>\n<p style=\"text-align: justify;\"><span class=\"amp-wp-fe3f5cc\" data-amp-original-style=\"font-weight: 400;\">Le montant de votre APL \u00c9tudiant sera d\u00e9fini en fonction de votre logement et de vos revenus. Vos droits pourront diff\u00e9rer du montant indiqu\u00e9 lors de votre estimation. Il est tenu compte du patrimoine immobilier et de l\u2019\u00e9pargne d\u00e9tenus par les habitants du logement.<\/span><a href=\"https:\/\/www.mes-allocs.fr\/guides\/wp-content\/uploads\/2021\/04\/keyboard-338513_1280.jpg\"><img loading=\"lazy\" decoding=\"async\" class=\"alignright wp-image-25554 size-medium\" src=\"https:\/\/www.mes-allocs.fr\/guides\/wp-content\/uploads\/2021\/04\/keyboard-338513_1280-300x199.jpg\" alt=\"APL versement bailleur\" width=\"300\" height=\"199\" srcset=\"https:\/\/www.mes-allocs.fr\/guides\/wp-content\/uploads\/2021\/04\/keyboard-338513_1280-300x199.jpg 300w, https:\/\/www.mes-allocs.fr\/guides\/wp-content\/uploads\/2021\/04\/keyboard-338513_1280-1024x678.jpg 1024w, https:\/\/www.mes-allocs.fr\/guides\/wp-content\/uploads\/2021\/04\/keyboard-338513_1280-768x508.jpg 768w, https:\/\/www.mes-allocs.fr\/guides\/wp-content\/uploads\/2021\/04\/keyboard-338513_1280-600x397.jpg 600w, https:\/\/www.mes-allocs.fr\/guides\/wp-content\/uploads\/2021\/04\/keyboard-338513_1280.jpg 1280w\" sizes=\"auto, (max-width: 300px) 100vw, 300px\" \/><\/a><\/p>\n<p style=\"text-align: justify;\"><span class=\"amp-wp-fe3f5cc\" data-amp-original-style=\"font-weight: 400;\">Le versement de l\u2019APL \u00c9tudiant ne d\u00e9marre pas lors de la rentr\u00e9e ou \u00e0 la date de signature du bail. Il faut compter en g\u00e9n\u00e9ral deux mois avant le premier versement mensuel. L\u2019aide per\u00e7ue chaque mois est attribu\u00e9e au titre du mois pr\u00e9c\u00e9dent, ce que l\u2019on nomme le versement \u00e0 terme \u00e9chu de la prestation.<\/span><\/p>\n<p style=\"text-align: justify;\"><span class=\"amp-wp-fe3f5cc\" data-amp-original-style=\"font-weight: 400;\">Elle est vers\u00e9e en d\u00e9but de mois. Le propri\u00e9taire peut choisir sur le bail de location que l\u2019APL lui soit vers\u00e9e directement. L\u2019\u00e9tudiant doit alors verser au propri\u00e9taire du logement ce qui reste \u00e0 sa charge, c\u2019est-\u00e0-dire le montant du loyer total diminu\u00e9 de l\u2019APL.<\/span><\/p>\n<h2 style=\"text-align: justify;\"><span id=\"Qui_peut_y_pretendre\">Qui peut y pr\u00e9tendre ?<\/span><\/h2>\n<p>Pour b\u00e9n\u00e9ficier de l\u2019aide personnalis\u00e9e au logement \u00e9tudiant, vous devez \u00eatre :<\/p>\n<ul>\n<li>\u00c9tudiant<\/li>\n<li>\u00c9tudiant salari\u00e9<\/li>\n<li>Jeunes actifs<\/li>\n<li>En contrat d\u2019apprentissage ou en alternance<\/li>\n<\/ul>\n<p>Notez que si vous \u00eates mineur vous pouvez faire une demande d\u2019APL, en revanche le bail de location de votre logement devra \u00eatre cosign\u00e9 par vos parents.<\/p>\n<div class='cta-block'><div class='text'>Simulez vos APL en 2 min. Gratuit.<\/div><a href='https:\/\/www.mes-allocs.fr\/ab-app?origin=guides\/wp-json\/wp\/v2\/posts\/25506' class='app-button fit'>Simulation gratuite<\/a><\/div>\n","protected":false},"excerpt":{"rendered":"<p>[Mis \u00e0 jour le 06\/01\/2026] L&rsquo;aide au logement (APL) est l&rsquo;une des 3 aides vers\u00e9es par la CAF et la MSA. G\u00e9n\u00e9ralement l&rsquo;aide au logement est vers\u00e9e au propri\u00e9taire de votre logement. Mais comment \u00e7a se passe ? Mes Allocs vous explique tout en d\u00e9tail ici ! Comment verser l&rsquo;APL directement \u00e0 votre bailleur ? [&hellip;]<\/p>\n","protected":false},"author":10,"featured_media":25551,"comment_status":"open","ping_status":"open","sticky":false,"template":"","format":"standard","meta":{"amp_status":"","footnotes":""},"categories":[1,4],"tags":[],"class_list":["post-25506","post","type-post","status-publish","format-standard","has-post-thumbnail","hentry","category-aide-logement","category-apl"],"yoast_head":"<!-- This site is optimized with the Yoast SEO plugin v14.9 - https:\/\/yoast.com\/wordpress\/plugins\/seo\/ -->\n<title>APL vers\u00e9 au bailleur : comment \u00e7a se passe ? | Mes-Allocs.fr<\/title>\n<meta name=\"description\" content=\"L&#039;APL est une aide au logement vers\u00e9e par la CAF et la MSA. G\u00e9n\u00e9ralement vers\u00e9e directement \u00e0 votre bailleur. Mes Allocs vous explique !\" \/>\n<meta name=\"robots\" content=\"index, follow, max-snippet:-1, max-image-preview:large, max-video-preview:-1\" \/>\n<link rel=\"canonical\" href=\"https:\/\/www.mes-allocs.fr\/guides\/aide-logement\/apl-verse-au-bailleur\/\" \/>\n<meta property=\"og:locale\" content=\"fr_FR\" \/>\n<meta property=\"og:type\" content=\"article\" \/>\n<meta property=\"og:title\" content=\"APL vers\u00e9 au bailleur : comment \u00e7a se passe ? | Mes-Allocs.fr\" \/>\n<meta property=\"og:description\" content=\"L&#039;APL est une aide au logement vers\u00e9e par la CAF et la MSA. G\u00e9n\u00e9ralement vers\u00e9e directement \u00e0 votre bailleur. Mes Allocs vous explique !\" \/>\n<meta property=\"og:url\" content=\"https:\/\/www.mes-allocs.fr\/guides\/aide-logement\/apl-verse-au-bailleur\/\" \/>\n<meta property=\"og:site_name\" content=\"Mes-Allocs.fr\" \/>\n<meta property=\"article:published_time\" content=\"2021-04-23T12:55:42+00:00\" \/>\n<meta property=\"article:modified_time\" content=\"2026-01-06T16:08:56+00:00\" \/>\n<meta property=\"og:image\" content=\"https:\/\/www.mes-allocs.fr\/guides\/wp-content\/uploads\/2021\/04\/paris-3257030_1280-e1685955805854.jpg?wsr\" \/>\n\t<meta property=\"og:image:width\" content=\"1280\" \/>\n\t<meta property=\"og:image:height\" content=\"259\" \/>\n<meta name=\"twitter:card\" content=\"summary_large_image\" \/>\n<script type=\"application\/ld+json\" class=\"yoast-schema-graph\">{\"@context\":\"https:\/\/schema.org\",\"@graph\":[{\"@type\":\"WebSite\",\"@id\":\"https:\/\/www.mes-allocs.fr\/guides\/#website\",\"url\":\"https:\/\/www.mes-allocs.fr\/guides\/\",\"name\":\"Mes-Allocs.fr\",\"description\":\"\",\"potentialAction\":[{\"@type\":\"SearchAction\",\"target\":\"https:\/\/www.mes-allocs.fr\/guides\/?s={search_term_string}\",\"query-input\":\"required name=search_term_string\"}],\"inLanguage\":\"fr-FR\"},{\"@type\":\"ImageObject\",\"@id\":\"https:\/\/www.mes-allocs.fr\/guides\/aide-logement\/apl-verse-au-bailleur\/#primaryimage\",\"inLanguage\":\"fr-FR\",\"url\":\"https:\/\/www.mes-allocs.fr\/guides\/wp-content\/uploads\/2021\/04\/paris-3257030_1280-e1685955805854.jpg?wsr\",\"width\":1280,\"height\":259,\"caption\":\"APL : versement direct au bailleur\"},{\"@type\":\"WebPage\",\"@id\":\"https:\/\/www.mes-allocs.fr\/guides\/aide-logement\/apl-verse-au-bailleur\/#webpage\",\"url\":\"https:\/\/www.mes-allocs.fr\/guides\/aide-logement\/apl-verse-au-bailleur\/\",\"name\":\"APL vers\\u00e9 au bailleur : comment \\u00e7a se passe ? | Mes-Allocs.fr\",\"isPartOf\":{\"@id\":\"https:\/\/www.mes-allocs.fr\/guides\/#website\"},\"primaryImageOfPage\":{\"@id\":\"https:\/\/www.mes-allocs.fr\/guides\/aide-logement\/apl-verse-au-bailleur\/#primaryimage\"},\"datePublished\":\"2021-04-23T12:55:42+00:00\",\"dateModified\":\"2026-01-06T16:08:56+00:00\",\"author\":{\"@id\":\"https:\/\/www.mes-allocs.fr\/guides\/#\/schema\/person\/8d47b912c0ad15f379df96b4e4e33f58\"},\"description\":\"L'APL est une aide au logement vers\\u00e9e par la CAF et la MSA. G\\u00e9n\\u00e9ralement vers\\u00e9e directement \\u00e0 votre bailleur. Mes Allocs vous explique !\",\"inLanguage\":\"fr-FR\"},{\"@type\":\"Person\",\"@id\":\"https:\/\/www.mes-allocs.fr\/guides\/#\/schema\/person\/8d47b912c0ad15f379df96b4e4e33f58\",\"name\":\"Constance de Cagny\",\"image\":{\"@type\":\"ImageObject\",\"@id\":\"https:\/\/www.mes-allocs.fr\/guides\/#personlogo\",\"inLanguage\":\"fr-FR\",\"url\":\"https:\/\/www.mes-allocs.fr\/guides\/wp-content\/uploads\/2021\/06\/Constance.2e8ee0b.png\",\"caption\":\"Constance de Cagny\"},\"description\":\"Constance est r\\u00e9dactrice au sein de l'\\u00e9quipe Mes Allocs. Elle a l'habitude d'\\u00e9crire sur les sujets conso, bons plans et \\u00e9conomies. Dipl\\u00f4m\\u00e9e de l'ENACO, elle rejoint Mes Allocs apr\\u00e8s une premi\\u00e8re exp\\u00e9rience en cabinet notarial.\",\"sameAs\":[\"https:\/\/www.linkedin.com\/in\/constance-de-cagny-mayeur-bbb414135\"]}]}<\/script>\n<!-- \/ Yoast SEO plugin. -->","amp_validity":null,"acf":{"faq":{"1":{"question":"\ud83e\udd14  Quand demander l'APL \u00e9tudiant ?","answer":"Vous devez faire votre demande d'APL \u00e9tudiant une fois votre emm\u00e9nagement, vous ne pouvez pas en faire la demande avant car vous devez fournir dans votre dossier le bail sign\u00e9."},"2":{"question":"\ud83e\udd37\u200d\u2640\ufe0f Est-ce que les propri\u00e9taires ont droit \u00e0 l'APL ?","answer":"Les conditions li\u00e9es aux APL pour propri\u00e9taires peuvent varier en fonction de vos ressources et de votre logement. Mais attention, en 2026, plus aucune nouvelle demande d'APL accession n'est possible."},"3":{"question":"\ud83e\udd1d Peut-on cumuler APL et prime d'activit\u00e9 ?","answer":"Oui tout \u00e0 fait, ces deux aides peuvent se cumuler"},"4":{"question":"\ud83e\udd14  Quel revenu pour toucher les APL ?","answer":"Les limites pr\u00e9vues de l\u2019Aide Personnalis\u00e9e au Logement \u00e9voluent aussi en fonction de la composition fiscale de votre foyer et des zones g\u00e9ographiques 1, 2 ou 3 du logement en question."},"5":{"question":"\ud83e\udd37\u200d\u2640\ufe0f Qui est \u00e9ligible aux APL ?","answer":"Le logement doit faire plus de 9m2 pour une personne seule et \u00eatre qualifi\u00e9 de logement d\u00e9cent. Vous ne serez pas \u00e9ligible si le propri\u00e9taire-bailleur est de votre famille."},"6":{"question":"\ud83e\udd1d Qu'est-ce que le calcul APL ?","answer":"Le calcul APL est une formule bas\u00e9e sur de nombreux crit\u00e8res qui d\u00e9terminent le montant de votre aide. Pour conna\u00eetre votre montant APL, utilisez la simulation gratuite d'APL sur le site de Mes Allocs."},"7":{"question":"","answer":""},"8":{"question":"","answer":""},"9":{"question":"","answer":""},"10":{"question":"","answer":""},"11":{"question":"","answer":""},"12":{"question":"","answer":""},"13":{"question":"","answer":""},"14":{"question":"","answer":""},"15":{"question":"","answer":""},"16":{"question":"","answer":""}}},"_links":{"self":[{"href":"https:\/\/www.mes-allocs.fr\/guides\/wp-json\/wp\/v2\/posts\/25506","targetHints":{"allow":["GET"]}}],"collection":[{"href":"https:\/\/www.mes-allocs.fr\/guides\/wp-json\/wp\/v2\/posts"}],"about":[{"href":"https:\/\/www.mes-allocs.fr\/guides\/wp-json\/wp\/v2\/types\/post"}],"author":[{"embeddable":true,"href":"https:\/\/www.mes-allocs.fr\/guides\/wp-json\/wp\/v2\/users\/10"}],"replies":[{"embeddable":true,"href":"https:\/\/www.mes-allocs.fr\/guides\/wp-json\/wp\/v2\/comments?post=25506"}],"version-history":[{"count":17,"href":"https:\/\/www.mes-allocs.fr\/guides\/wp-json\/wp\/v2\/posts\/25506\/revisions"}],"predecessor-version":[{"id":107016,"href":"https:\/\/www.mes-allocs.fr\/guides\/wp-json\/wp\/v2\/posts\/25506\/revisions\/107016"}],"wp:featuredmedia":[{"embeddable":true,"href":"https:\/\/www.mes-allocs.fr\/guides\/wp-json\/wp\/v2\/media\/25551"}],"wp:attachment":[{"href":"https:\/\/www.mes-allocs.fr\/guides\/wp-json\/wp\/v2\/media?parent=25506"}],"wp:term":[{"taxonomy":"category","embeddable":true,"href":"https:\/\/www.mes-allocs.fr\/guides\/wp-json\/wp\/v2\/categories?post=25506"},{"taxonomy":"post_tag","embeddable":true,"href":"https:\/\/www.mes-allocs.fr\/guides\/wp-json\/wp\/v2\/tags?post=25506"}],"curies":[{"name":"wp","href":"https:\/\/api.w.org\/{rel}","templated":true}]}}