{"id":25479,"date":"2021-04-21T14:49:12","date_gmt":"2021-04-21T14:49:12","guid":{"rendered":"https:\/\/www.mes-allocs.fr\/guides\/?p=25479"},"modified":"2025-07-18T16:10:09","modified_gmt":"2025-07-18T14:10:09","slug":"apec-bilan-de-competences","status":"publish","type":"post","link":"https:\/\/www.mes-allocs.fr\/guides\/reconversion-professionnelle\/bilan-de-competences\/ou-faire-un-bilan-de-competences\/apec-bilan-de-competences\/","title":{"rendered":"Comment faire son bilan de comp\u00e9tences avec l&rsquo;APEC ?"},"content":{"rendered":"<p><a href=\"https:\/\/www.mes-allocs.fr\/guides\/wp-content\/uploads\/2021\/04\/laptop-3196481_1280.jpg\"><img loading=\"lazy\" decoding=\"async\" class=\"aligncenter wp-image-25482 size-full\" title=\"apec bilan de comp\u00e9tences\" src=\"https:\/\/www.mes-allocs.fr\/guides\/wp-content\/uploads\/2021\/04\/laptop-3196481_1280-e1618944483909.jpg\" alt=\"APEC bilan de comp\u00e9tences\" width=\"1280\" height=\"425\" srcset=\"https:\/\/www.mes-allocs.fr\/guides\/wp-content\/uploads\/2021\/04\/laptop-3196481_1280-e1618944483909.jpg 1280w, https:\/\/www.mes-allocs.fr\/guides\/wp-content\/uploads\/2021\/04\/laptop-3196481_1280-e1618944483909-300x100.jpg 300w, https:\/\/www.mes-allocs.fr\/guides\/wp-content\/uploads\/2021\/04\/laptop-3196481_1280-e1618944483909-1024x340.jpg 1024w, https:\/\/www.mes-allocs.fr\/guides\/wp-content\/uploads\/2021\/04\/laptop-3196481_1280-e1618944483909-768x255.jpg 768w, https:\/\/www.mes-allocs.fr\/guides\/wp-content\/uploads\/2021\/04\/laptop-3196481_1280-e1618944483909-600x199.jpg 600w\" sizes=\"auto, (max-width: 1280px) 100vw, 1280px\" \/><\/a><\/p>\n<p style=\"text-align: justify;\"><strong>Le bilan de comp\u00e9tences permet de faire un point sur sa carri\u00e8re et de mieux analyser ses motivations. Vous pouvez le r\u00e9aliser \u00e0 n&rsquo;importe quel moment de votre vie, que vous soyez salari\u00e9 ou demandeur d&#8217;emploi et selon vos envies, <a href=\"https:\/\/www.mes-allocs.fr\/guides\/reconversion-professionnelle\/\">reconversion professionnelle<\/a> ou non. Mes Allocs vous explique comment faire votre bilan de comp\u00e9tences avec l&rsquo;APEC.<\/strong><\/p>\n<div class='cta-block'><div class='text'>Bilan de comp\u00e9tences pay\u00e9 par vos aides.<\/div><a href='https:\/\/www.formademia.fr\/formulaire\/coaching' class='app-button fit'>V\u00e9rifier votre \u00e9ligibilit\u00e9<\/a><\/div>\n<h1>Peut-on faire son bilan de comp\u00e9tences avec l&rsquo;APEC ?<\/h1>\n<p>Vous souhaitez r\u00e9aliser votre <a href=\"https:\/\/www.mes-allocs.fr\/guides\/reconversion-professionnelle\/bilan-de-competences\/\">bilan de comp\u00e9tences<\/a>, mais vous vous demandez <a href=\"https:\/\/www.mes-allocs.fr\/guides\/reconversion-professionnelle\/bilan-de-competences\/ou-faire-un-bilan-de-competences\/\">aupr\u00e8s de quel organisme<\/a> le faire ?<\/p>\n<h2>Qu&rsquo;est-ce que l&rsquo;Apec ?<\/h2>\n<p style=\"text-align: justify;\">L&rsquo;Apec, l&rsquo;Association pour l&#8217;emploi des cadres, est une association fran\u00e7aise, priv\u00e9e et paritaire, financ\u00e9e par les cotisations des cadres et des entreprises du secteur priv\u00e9. Le bilan de comp\u00e9tences peut \u00eatre r\u00e9alis\u00e9 dans un centre de bilan de comp\u00e9tences, ou bien avec l&rsquo;APEC. Un consultant APEC vous accompagne pour faire le point et vous b\u00e9n\u00e9ficiez ainsi d&rsquo;un accompagnement personnalis\u00e9.<\/p>\n<p style=\"text-align: justify;\">Lors de cet accompagnement personnalis\u00e9 vous b\u00e9n\u00e9ficier de conseils en \u00e9volution professionnelle qui vous aide \u00e0 voir plus clair dans votre projet en cours de validation. Pour faire un bilan de comp\u00e9tences avec l&rsquo;APEC il est n\u00e9cessaire de contacter nous au 0810<\/p>\n<p style=\"text-align: justify;\">Gr\u00e2ce \u00e0 l&rsquo;APEC vous avez \u00e9galement la possibilit\u00e9 de consulter la liste des recruteurs est en cours. Si vous poss\u00e9dez un compte recruteur vous devrez saisir votre identifiant.<\/p>\n<p>\u00c0 noter : 2010 marque l&rsquo;arr\u00eat de la co-traitance avec P\u00f4le Emploi, v\u00e9rifiez les conditions g\u00e9n\u00e9rales et <a href=\"https:\/\/www.formademia.fr\/formulaire\/coaching\">posez-nous vos questions<\/a>.<\/p>\n<h2>Qu&rsquo;est-ce que le bilan de comp\u00e9tences ?<\/h2>\n<p style=\"text-align: justify;\">Le bilan de comp\u00e9tences est un dispositif qui vous permet de faire un point sur votre carri\u00e8re. L\u2019objectif du bilan est de faire une analyse de vos comp\u00e9tences professionnelles, vos aptitudes et vos motivations, et de mieux vous conna\u00eetre. Le consultant en charge de votre bilan dressera ainsi votre profil professionnel.<\/p>\n<p><iframe loading=\"lazy\" title=\"La reconversion professionnelle\" width=\"500\" height=\"281\" src=\"https:\/\/www.youtube.com\/embed\/EiVUthswxl0?feature=oembed\" frameborder=\"0\" allow=\"accelerometer; autoplay; clipboard-write; encrypted-media; gyroscope; picture-in-picture; web-share\" referrerpolicy=\"strict-origin-when-cross-origin\" allowfullscreen><\/iframe><\/p>\n<h1>En quoi \u00e7a consiste ?<\/h1>\n<p>Le bilan de comp\u00e9tences est compos\u00e9 en 3 \u00e9tapes, vous pouvez le r\u00e9aliser en cas de changement de carri\u00e8re ou d&rsquo;\u00e9volution professionnelle.<\/p>\n<h2><strong>Phase pr\u00e9liminaire, elle a pour objet de<\/strong>\u00a0:<\/h2>\n<ul class=\"spip\">\n<li>d\u2019analyser votre demande, mais \u00e9galement vos besoins<\/li>\n<li>de d\u00e9terminer la forme la plus adapt\u00e9e \u00e0 votre situation avant une prise en charge<\/li>\n<li>de faire le point et de d\u00e9terminer le plan d\u2019action du bilan<\/li>\n<\/ul>\n<h2><strong>Phase d\u2019investigation, elle permet au b\u00e9n\u00e9ficiaire<\/strong>\u00a0:<\/h2>\n<ul class=\"spip\">\n<li>soit de construire votre plan de formation et d\u2019en v\u00e9rifier la pertinence,<\/li>\n<li>soit d\u2019\u00e9laborer une ou plusieurs alternatives \u00e0 votre reconversion professionnelle<\/li>\n<\/ul>\n<h2><strong>Phase de conclusion, elle permet au b\u00e9n\u00e9ficiaire de<\/strong> :<\/h2>\n<ul class=\"spip\">\n<li>s\u2019approprier les r\u00e9sultats d\u00e9taill\u00e9s de la phase d\u2019investigation,<\/li>\n<li>recenser les conditions et moyens favorisant la r\u00e9alisation votre d\u00e9sir de changer de m\u00e9tier<\/li>\n<li>pr\u00e9voir les principales modalit\u00e9s et \u00e9tapes de votre projet professionnel<\/li>\n<\/ul>\n<p>\u00c0 la fin, le consultant du centre de bilan qui vous a suivi vous remettra un document synth\u00e8se.<\/p>\n<div class='cta-block'><div class='text'>Bilan de comp\u00e9tences pay\u00e9 par vos aides.<\/div><a href='https:\/\/www.formademia.fr\/formulaire\/coaching' class='app-button fit'>V\u00e9rifier votre \u00e9ligibilit\u00e9<\/a><\/div>\n","protected":false},"excerpt":{"rendered":"<p>Le bilan de comp\u00e9tences permet de faire un point sur sa carri\u00e8re et de mieux analyser ses motivations. Vous pouvez le r\u00e9aliser \u00e0 n&rsquo;importe quel moment de votre vie, que vous soyez salari\u00e9 ou demandeur d&#8217;emploi et selon vos envies, reconversion professionnelle ou non. Mes Allocs vous explique comment faire votre bilan de comp\u00e9tences avec [&hellip;]<\/p>\n","protected":false},"author":10,"featured_media":25482,"comment_status":"open","ping_status":"open","sticky":false,"template":"","format":"standard","meta":{"amp_status":"","footnotes":""},"categories":[5093,5245,5081],"tags":[],"class_list":["post-25479","post","type-post","status-publish","format-standard","has-post-thumbnail","hentry","category-bilan-de-competences","category-ou-faire-un-bilan-de-competences","category-reconversion-professionnelle"],"yoast_head":"<!-- This site is optimized with the Yoast SEO plugin v14.9 - https:\/\/yoast.com\/wordpress\/plugins\/seo\/ -->\n<title>Comment faire son bilan de comp\u00e9tences avec l&#039;APEC ? | Mes-Allocs.fr<\/title>\n<meta name=\"description\" content=\"Le bilan de comp\u00e9tences permet de faire un point sur sa carri\u00e8re. Mes Allocs vous explique tout en d\u00e9tail pour faire un bilan APEC.\" \/>\n<meta name=\"robots\" content=\"index, follow, max-snippet:-1, max-image-preview:large, max-video-preview:-1\" \/>\n<link rel=\"canonical\" href=\"https:\/\/www.mes-allocs.fr\/guides\/reconversion-professionnelle\/bilan-de-competences\/ou-faire-un-bilan-de-competences\/apec-bilan-de-competences\/\" \/>\n<meta property=\"og:locale\" content=\"fr_FR\" \/>\n<meta property=\"og:type\" content=\"article\" \/>\n<meta property=\"og:title\" content=\"Comment faire son bilan de comp\u00e9tences avec l&#039;APEC ? | Mes-Allocs.fr\" \/>\n<meta property=\"og:description\" content=\"Le bilan de comp\u00e9tences permet de faire un point sur sa carri\u00e8re. Mes Allocs vous explique tout en d\u00e9tail pour faire un bilan APEC.\" \/>\n<meta property=\"og:url\" content=\"https:\/\/www.mes-allocs.fr\/guides\/reconversion-professionnelle\/bilan-de-competences\/ou-faire-un-bilan-de-competences\/apec-bilan-de-competences\/\" \/>\n<meta property=\"og:site_name\" content=\"Mes-Allocs.fr\" \/>\n<meta property=\"article:published_time\" content=\"2021-04-21T14:49:12+00:00\" \/>\n<meta property=\"article:modified_time\" content=\"2025-07-18T14:10:09+00:00\" \/>\n<meta property=\"og:image\" content=\"https:\/\/www.mes-allocs.fr\/guides\/wp-content\/uploads\/2021\/04\/laptop-3196481_1280-e1618944483909.jpg?wsr\" \/>\n\t<meta property=\"og:image:width\" content=\"1280\" \/>\n\t<meta property=\"og:image:height\" content=\"425\" \/>\n<meta name=\"twitter:card\" content=\"summary_large_image\" \/>\n<script type=\"application\/ld+json\" class=\"yoast-schema-graph\">{\"@context\":\"https:\/\/schema.org\",\"@graph\":[{\"@type\":\"WebSite\",\"@id\":\"https:\/\/www.mes-allocs.fr\/guides\/#website\",\"url\":\"https:\/\/www.mes-allocs.fr\/guides\/\",\"name\":\"Mes-Allocs.fr\",\"description\":\"\",\"potentialAction\":[{\"@type\":\"SearchAction\",\"target\":\"https:\/\/www.mes-allocs.fr\/guides\/?s={search_term_string}\",\"query-input\":\"required name=search_term_string\"}],\"inLanguage\":\"fr-FR\"},{\"@type\":\"ImageObject\",\"@id\":\"https:\/\/www.mes-allocs.fr\/guides\/reconversion-professionnelle\/bilan-de-competences\/ou-faire-un-bilan-de-competences\/apec-bilan-de-competences\/#primaryimage\",\"inLanguage\":\"fr-FR\",\"url\":\"https:\/\/www.mes-allocs.fr\/guides\/wp-content\/uploads\/2021\/04\/laptop-3196481_1280-e1618944483909.jpg?wsr\",\"width\":1280,\"height\":425,\"caption\":\"APEC bilan de comp\\u00e9tences\"},{\"@type\":\"WebPage\",\"@id\":\"https:\/\/www.mes-allocs.fr\/guides\/reconversion-professionnelle\/bilan-de-competences\/ou-faire-un-bilan-de-competences\/apec-bilan-de-competences\/#webpage\",\"url\":\"https:\/\/www.mes-allocs.fr\/guides\/reconversion-professionnelle\/bilan-de-competences\/ou-faire-un-bilan-de-competences\/apec-bilan-de-competences\/\",\"name\":\"Comment faire son bilan de comp\\u00e9tences avec l'APEC ? | Mes-Allocs.fr\",\"isPartOf\":{\"@id\":\"https:\/\/www.mes-allocs.fr\/guides\/#website\"},\"primaryImageOfPage\":{\"@id\":\"https:\/\/www.mes-allocs.fr\/guides\/reconversion-professionnelle\/bilan-de-competences\/ou-faire-un-bilan-de-competences\/apec-bilan-de-competences\/#primaryimage\"},\"datePublished\":\"2021-04-21T14:49:12+00:00\",\"dateModified\":\"2025-07-18T14:10:09+00:00\",\"author\":{\"@id\":\"https:\/\/www.mes-allocs.fr\/guides\/#\/schema\/person\/8d47b912c0ad15f379df96b4e4e33f58\"},\"description\":\"Le bilan de comp\\u00e9tences permet de faire un point sur sa carri\\u00e8re. Mes Allocs vous explique tout en d\\u00e9tail pour faire un bilan APEC.\",\"inLanguage\":\"fr-FR\"},{\"@type\":\"Person\",\"@id\":\"https:\/\/www.mes-allocs.fr\/guides\/#\/schema\/person\/8d47b912c0ad15f379df96b4e4e33f58\",\"name\":\"Constance de Cagny\",\"image\":{\"@type\":\"ImageObject\",\"@id\":\"https:\/\/www.mes-allocs.fr\/guides\/#personlogo\",\"inLanguage\":\"fr-FR\",\"url\":\"https:\/\/www.mes-allocs.fr\/guides\/wp-content\/uploads\/2021\/06\/Constance.2e8ee0b.png\",\"caption\":\"Constance de Cagny\"},\"description\":\"Constance est r\\u00e9dactrice au sein de l'\\u00e9quipe Mes Allocs. Elle a l'habitude d'\\u00e9crire sur les sujets conso, bons plans et \\u00e9conomies. Dipl\\u00f4m\\u00e9e de l'ENACO, elle rejoint Mes Allocs apr\\u00e8s une premi\\u00e8re exp\\u00e9rience en cabinet notarial.\",\"sameAs\":[\"https:\/\/www.linkedin.com\/in\/constance-de-cagny-mayeur-bbb414135\"]}]}<\/script>\n<!-- \/ Yoast SEO plugin. -->","amp_validity":null,"acf":{"faq":{"1":{"question":"Qui peut prendre en charge les frais d'un bilan de comp\u00e9tences ?","answer":"Les salari\u00e9s du secteur priv\u00e9 et les demandeurs d'emploi peuvent b\u00e9n\u00e9ficier d'un bilan de comp\u00e9tences afin d'analyser ses comp\u00e9tences professionnelles et personnelles. Le financement passe par le compte personnel de formation (CPF)"},"2":{"question":"Combien co\u00fbte un bilan de comp\u00e9tences ?","answer":"Il n'y a pas de prix fixe. Cela d\u00e9pendra de vos besoins mais \u00e9galement du centre de bilan de comp\u00e9tences."},"3":{"question":" Comment acc\u00e9der \u00e0 son compte personnel de formation ?","answer":"Pour vous inscrire, cliquez sur le bouton \u201cj'acc\u00e8de \u00e0 mon compte\u201d situ\u00e9 en haut \u00e0 droite du site public https:\/\/www.moncompteformation.gouv.fr. "},"4":{"question":"Quand faire un bilan de comp\u00e9tences ?","answer":"Le bilan de comp\u00e9tences se fait \u00e0 votre initiative lorsque vous ressentez le besoin de faire un point dans votre carri\u00e8re."},"5":{"question":"Comment financer une VAE ?","answer":"Les frais li\u00e9s \u00e0 la VAE sont pris en charge par P\u00f4le Emploi, gr\u00e2ce \u00e0 un financement sp\u00e9cifique, dans la limite des droits acquis figurant sur votre compte CPF."},"6":{"question":" Quelles sont les \u00e9tapes d'un bilan de comp\u00e9tence ?","answer":"Conform\u00e9ment au Code du travail, le bilan de comp\u00e9tences comprend trois grandes \u00e9tapes : une phase pr\u00e9liminaire, une phase d'investigation et une phase de conclusion."},"7":{"question":"","answer":""},"8":{"question":"","answer":""},"9":{"question":"","answer":""},"10":{"question":"","answer":""},"11":{"question":"","answer":""},"12":{"question":"","answer":""},"13":{"question":"","answer":""},"14":{"question":"","answer":""},"15":{"question":"","answer":""},"16":{"question":"","answer":""}}},"_links":{"self":[{"href":"https:\/\/www.mes-allocs.fr\/guides\/wp-json\/wp\/v2\/posts\/25479","targetHints":{"allow":["GET"]}}],"collection":[{"href":"https:\/\/www.mes-allocs.fr\/guides\/wp-json\/wp\/v2\/posts"}],"about":[{"href":"https:\/\/www.mes-allocs.fr\/guides\/wp-json\/wp\/v2\/types\/post"}],"author":[{"embeddable":true,"href":"https:\/\/www.mes-allocs.fr\/guides\/wp-json\/wp\/v2\/users\/10"}],"replies":[{"embeddable":true,"href":"https:\/\/www.mes-allocs.fr\/guides\/wp-json\/wp\/v2\/comments?post=25479"}],"version-history":[{"count":13,"href":"https:\/\/www.mes-allocs.fr\/guides\/wp-json\/wp\/v2\/posts\/25479\/revisions"}],"predecessor-version":[{"id":102702,"href":"https:\/\/www.mes-allocs.fr\/guides\/wp-json\/wp\/v2\/posts\/25479\/revisions\/102702"}],"wp:featuredmedia":[{"embeddable":true,"href":"https:\/\/www.mes-allocs.fr\/guides\/wp-json\/wp\/v2\/media\/25482"}],"wp:attachment":[{"href":"https:\/\/www.mes-allocs.fr\/guides\/wp-json\/wp\/v2\/media?parent=25479"}],"wp:term":[{"taxonomy":"category","embeddable":true,"href":"https:\/\/www.mes-allocs.fr\/guides\/wp-json\/wp\/v2\/categories?post=25479"},{"taxonomy":"post_tag","embeddable":true,"href":"https:\/\/www.mes-allocs.fr\/guides\/wp-json\/wp\/v2\/tags?post=25479"}],"curies":[{"name":"wp","href":"https:\/\/api.w.org\/{rel}","templated":true}]}}