{"id":25406,"date":"2021-04-21T14:43:10","date_gmt":"2021-04-21T14:43:10","guid":{"rendered":"https:\/\/www.mes-allocs.fr\/guides\/?p=25406"},"modified":"2026-03-04T16:01:02","modified_gmt":"2026-03-04T15:01:02","slug":"reconversion-professionnelle-selon-statut","status":"publish","type":"post","link":"https:\/\/www.mes-allocs.fr\/guides\/reconversion-professionnelle\/reconversion-professionnelle-selon-statut\/","title":{"rendered":"La reconversion professionnelle selon votre statut"},"content":{"rendered":"<p><a href=\"https:\/\/www.mes-allocs.fr\/guides\/wp-content\/uploads\/2021\/04\/pexels-andrea-piacquadio-3762806.jpg\"><img loading=\"lazy\" decoding=\"async\" class=\"aligncenter wp-image-25442 size-full\" title=\"reconversion professionnelle selon statut\" src=\"https:\/\/www.mes-allocs.fr\/guides\/wp-content\/uploads\/2021\/04\/pexels-andrea-piacquadio-3762806-e1618922559556.jpg\" alt=\"reconversion professionnelle selon statut\" width=\"1280\" height=\"428\" \/><\/a><\/p>\n<p style=\"text-align: justify;\">[Mis \u00e0 jour le 04\/03\/2026] La reconversion professionnelle est une pratique de plus en plus courante. \u00catre heureux dans sa vie professionnelle est devenu une priorit\u00e9. En moyenne, un Fran\u00e7ais change de m\u00e9tier au moins 2 fois dans sa vie. Mes Allocs vous explique comment faire une <a href=\"https:\/\/www.mes-allocs.fr\/guides\/reconversion-professionnelle\/\"><strong>reconversion professionnelle<\/strong><\/a><strong>\u00a0selon votre statut<\/strong>.<\/p>\n<div class='cta-block'><div class='text'>Besoin d\u2019aide dans votre reconversion ?<\/div><a href='https:\/\/www.formademia.fr\/formulaire\/coaching' class='app-button fit'>Simuler mon \u00e9ligibilit\u00e9 au coaching<\/a><\/div>\n<h1>Qui peut entreprendre une reconversion professionnelle ?<\/h1>\n<p style=\"text-align: justify;\">Il n&rsquo;y a pas d&rsquo;\u00e2ge ou de statut en particulier pour vouloir changer de m\u00e9tier. Cela peut intervenir \u00e0 n&rsquo;importe quel moment de votre vie professionnelle. L&rsquo;important avant de vous engager est qu&rsquo;il faut savoir toutes les d\u00e9marches \u00e0 effectuer pour exercer votre nouveau m\u00e9tier qui donnera du sens \u00e0 votre vie.<\/p>\n<p><iframe loading=\"lazy\" title=\"La reconversion professionnelle\" width=\"500\" height=\"281\" src=\"https:\/\/www.youtube.com\/embed\/EiVUthswxl0?feature=oembed\" frameborder=\"0\" allow=\"accelerometer; autoplay; clipboard-write; encrypted-media; gyroscope; picture-in-picture; web-share\" referrerpolicy=\"strict-origin-when-cross-origin\" allowfullscreen><\/iframe><\/p>\n<h2>Se reconvertir pendant son temps de travail<\/h2>\n<p>Vous souhaitez faire une <a href=\"https:\/\/www.mes-allocs.fr\/guides\/reconversion-professionnelle\/reconversion-professionnelle-selon-statut\/reconversion-professionnelle-cdi\/\">reconversion professionnelle pendant un CDI<\/a> ? Avant de franchir le pas, il convient de faire le <strong>bilan de vos comp\u00e9tences<\/strong>\u00a0et de d\u00e9finir avec soin votre projet de reconversion professionnelle. Dans de domaine, l\u2019accompagnement personnalis\u00e9 propos\u00e9 par\u00a0l\u2019AFPA\u00a0peut \u00eatre d\u2019une grande utilit\u00e9.<\/p>\n<p>Vous avez \u00e9galement acc\u00e8s au conseil en \u00e9volution professionnelle, qui, gr\u00e2ce \u00e0 un suivi personnalis\u00e9, vous aide \u00e0 faire le point sur votre carri\u00e8re et \u00e0 \u00e9tudier le march\u00e9 du travail.<\/p>\n<h2>Se reconvertir en \u00e9tant au ch\u00f4mage<\/h2>\n<p>Vous pouvez mettre fin \u00e0 votre contrat de travail \u00e9crit pour faire une reconversion professionnelle au ch\u00f4mage. Un salari\u00e9 d\u00e9missionnaire peut percevoir une indemnisation au titre de l\u2019ARE en cas de d\u00e9mission consid\u00e9r\u00e9e comme l\u00e9gitime par l&rsquo;assurance ch\u00f4mage.<\/p>\n<p>Pour pouvoir pr\u00e9tendre \u00e0 l\u2019allocation ch\u00f4mage, dans ce <a href=\"https:\/\/www.mes-allocs.fr\/guides\/reconversion-professionnelle\/reconversion-professionnelle-selon-statut\/reconversion-professionnelle-chomage\/\">cas de d\u00e9mission pour projet de reconversion professionnelle<\/a>,<strong> il vous faut remplir deux conditions sp\u00e9cifiques en plus des conditions habituelles pour toucher le ch\u00f4mage <\/strong>:<\/p>\n<ul>\n<li><strong>D\u00e9missionner d\u2019un contrat de travail \u00e0 dur\u00e9e ind\u00e9termin\u00e9e (CDI).<\/strong><\/li>\n<li><strong>Une dur\u00e9e d\u2019activit\u00e9 salari\u00e9e continue de 5 ans<\/strong>, chez un ou plusieurs employeurs, dans les 60 mois qui pr\u00e9c\u00e8dent votre fin de contrat de travail. Ne sont pas prises en compte les cong\u00e9s sans solde, sabbatiques et les p\u00e9riodes de disponibilit\u00e9.<\/li>\n<li><strong>Un projet de reconversion professionnelle \u00ab r\u00e9el et s\u00e9rieux \u00bb.<\/strong><\/li>\n<\/ul>\n<p>N&rsquo;oubliez pas de d\u00e9missionner en pr\u00e9venant votre employeur de pr\u00e9f\u00e9rence avec un document \u00e9crit. Vous pouvez aussi faire une rupture conventionnelle pour toucher l&rsquo;ARE. Vous pouvez d\u00e9missionner en p\u00e9riode d&rsquo;essai.<\/p>\n<p>Un\u00a0<a href=\"https:\/\/www.formademia.fr\/formulaire\/coaching\">conseiller Mes Allocs<\/a> peut vous accompagner dans votre projet de reconversion et vous conseiller selon votre situation.<\/p>\n<h1>Pr\u00e9parer son projet professionnel et se poser les bonnes questions<\/h1>\n<h2>Quels sont vos objectifs ?<\/h2>\n<p>Vous devez pr\u00e9parer votre <a href=\"https:\/\/www.mes-allocs.fr\/guides\/reconversion-professionnelle\/reconversion-professionnelle-selon-statut\/reconversion-professionnelle-adulte\/\">reconversion professionnelle d&rsquo;adulte<\/a> : il est n\u00e9cessaire de faire un bilan personnel. Un bilan de vos comp\u00e9tences, de vos exp\u00e9riences professionnelles et de vos centres d&rsquo;int\u00e9r\u00eat.<\/p>\n<p>Pour \u00e9valuer vos besoins en terme de formation, P\u00f4le emploi vous propose :<\/p>\n<ul>\n<li>Une \u00e9valuation des comp\u00e9tences et capacit\u00e9s professionnelles (ECCP) qui permet de mesurer les \u00e9carts entre vos comp\u00e9tences et les besoins des entreprises.<\/li>\n<li>Un atelier \u00ab Pr\u00e9parer son projet de formation \u00bb qui vous accompagne au d\u00e9but de votre r\u00e9flexion sur votre projet de formation.<\/li>\n<\/ul>\n<section class=\"block-article-link color-transverse\">Avant tout, d\u00e9finissez votre objectif,\u00a0 <strong>posez les bonnes questions :<\/strong> quelles sont les contraintes de ma reconversion ? Suis-je pr\u00eat(e) \u00e0 changer de lieu pour suivre ma formation ? Suis-je pr\u00eat(e) \u00e0 faire une formation longue ou courte ? Vais-je trouver un emploi apr\u00e8s cette reconversion ?<\/section>\n<section><\/section>\n<section><\/section>\n<section class=\"block-article-link color-transverse\"><strong>\u00c9crivez votre CV et votre lettre de motivation <\/strong>de fa\u00e7on \u00e0 montrer votre cheminement personnel et vos comp\u00e9tences. Faire un bilan de comp\u00e9tences peut-\u00eatre un bon moyen d\u2019\u00e9tudier vos comp\u00e9tences professionnelles et personnelles, vos motivations. Pour bien r\u00e9ussir votre reconversion professionnelle, vous devez vous rapprocher du <b>CPF (Compte personnel de formation) de transition.<\/b> Cette \u00e9tape obligatoire et pr\u00e9alable \u00e0 la d\u00e9mission vous permet de :<\/section>\n<section class=\"block-article-link color-transverse\">\n<ul>\n<li>b\u00e9n\u00e9ficier d\u2019un appui personnalis\u00e9 pour pr\u00e9parer votre projet ;<\/li>\n<li>\u00e9tudier les dispositifs alternatifs \u00e0 la d\u00e9mission que vous pouvez faire valoir pour mettre en \u0153uvre votre projet ;<\/li>\n<li>\u00e9tablir votre projet.<\/li>\n<\/ul>\n<p>Les conseils en \u00e9volution professionnelle (CEP) sont dispens\u00e9s\u00a0 par :<\/p>\n<ul>\n<li>l\u2019APEC pour les salari\u00e9s cadres ;<\/li>\n<li>les CAP Emploi pour les personnes en situation de handicap ;<\/li>\n<li>les op\u00e9rateurs d\u00e9sign\u00e9s dans chaque r\u00e9gion par France Comp\u00e9tences pour les salari\u00e9s actifs.<\/li>\n<\/ul>\n<\/section>\n<section><\/section>\n<section><\/section>\n<section class=\"block-article-link color-transverse\">Profitez des r\u00e9seaux sociaux pour construire un r\u00e9seau !<\/section>\n<section class=\"block-article-link color-transverse\">\n<h2>Anticipez<\/h2>\n<p>Votre d\u00e9marche de reconversion vous para\u00eet \u00e9vidente, mais ce n&rsquo;est pas forc\u00e9ment le cas de vos futurs interlocuteurs (recruteurs, banquiers, investisseurs, accompagnateurs et r\u00e9seaux professionnels).<\/p>\n<p>Vous serez amen\u00e9 \u00e0 faire la publicit\u00e9 de cotre projet aupr\u00e8s de recruteurs, banquiers, investisseurs, accompagnateurs et r\u00e9seaux professionnels. Vous devrez vous exprimer \u00e0 votre sujet ainsi que sur votre parcours et votre projet actuel. Pensez \u00e0 pr\u00e9parer des discours qui pourront les convaincre.<\/p>\n<p><strong>\u00c9crivez votre CV <\/strong>de fa\u00e7on \u00e0 montrer votre cheminement personnel et vos comp\u00e9tences.<\/p>\n<p>Vous devez pr\u00e9parer votre entretien oral. N&rsquo;h\u00e9sitez pas \u00e0 parler de ce qui vous a conduit \u00e0 cette d\u00e9marche de reconversion, de vos comp\u00e9tences et de celles requises par le nouveau m\u00e9tier. Vous devez montrer que votre d\u00e9cision est coh\u00e9rente et r\u00e9alisable.<\/p>\n<div class='cta-block'><div class='text'>Besoin d&rsquo;aide dans votre reconversion ?<\/div><a href='' class='app-button fit'>En savoir plus sur notre programme<\/a><\/div>\n<\/section>\n<h1 id=\"menu-1\">Financez votre reconversion professionnelle<\/h1>\n<h2>Le Compte Personnel de Formation ou CPF<\/h2>\n<p>Le Compte Personnel de Formation (CPF) peut \u00eatre utilis\u00e9 par un salari\u00e9 pendant sa vie active pour suivre une formation qualifiante. Il\u00a0remplace le Droit individuel \u00e0\u00a0la formation (Dif).<\/p>\n<p>Le CPF est accessible sur Mon compte formation.\u00a0 Il s&rsquo;agit de formations visant notamment les objectifs suivants :<\/p>\n<ul>\n<li>Acquisition d&rsquo;une qualification (dipl\u00f4me, titre professionnel, etc.) ;<\/li>\n<li>Assimilation du socle de connaissances et de comp\u00e9tences ;<\/li>\n<li>Accompagnement pour la\u00a0validation des acquis de l&rsquo;exp\u00e9rience (VAE) ;<\/li>\n<li>Cr\u00e9ation du bilan de comp\u00e9tences ;<\/li>\n<li>Cr\u00e9ation ou reprise d&rsquo;une entreprise ;<\/li>\n<li>Acquisition de comp\u00e9tences n\u00e9cessaires \u00e0 l&rsquo;exercice des missions de b\u00e9n\u00e9voles ou volontaires en service civique.<\/li>\n<\/ul>\n<p>Le CPF est aliment\u00e9 automatiquement au d\u00e9but de l&rsquo;ann\u00e9e qui suit l&rsquo;ann\u00e9e travaill\u00e9e. De cette fa\u00e7on, les droits acquis en 2026 seront disponibles au 1<sup>er<\/sup> trimestre 2027.<\/p>\n<p>Pour un salari\u00e9 \u00e0 temps plein, ou \u00e0 temps partiel, le compte est aliment\u00e9 de <span class=\"prix\">500\u00a0\u20ac<\/span> par ann\u00e9e de travail. Dans la limite d&rsquo;un plafond de <span class=\"prix\">5 000\u00a0\u20ac<\/span>. Pour un travailleur ind\u00e9pendant, l&rsquo;alimentation du se fait \u00e0 hauteur de <span class=\"prix\">500\u00a0\u20ac<\/span> par ann\u00e9e de travail. Dans la limite de <span class=\"prix\">5 000\u00a0\u20ac<\/span>. Pour un salari\u00e9 non qualifi\u00e9, l&rsquo;alimentation se fait \u00e0 hauteur de <span class=\"prix\">800\u00a0\u20ac<\/span>\u00a0par ann\u00e9e de travail, dans la limite d&rsquo;un plafond de\u00a0<span class=\"prix\">8 000 \u20ac. <\/span><\/p>\n<p><span class=\"prix\">Enfin, pour un salari\u00e9 b\u00e9n\u00e9ficiaire de l&rsquo;obligation d&#8217;emploi, l<\/span>&lsquo;alimentation du compte est de\u00a0<span class=\"prix\">800\u00a0\u20ac<\/span> par an, dans la limite d&rsquo;un plafond de\u00a0<span class=\"prix\">8000\u00a0\u20ac<\/span>.<\/p>\n<h2>Plan de D\u00e9veloppement des Comp\u00e9tences ou PDC<\/h2>\n<div class=\"main-article__chapo texte--editorial crayon article-chapo-377025 \">\n<p>Le Plan de D\u00e9veloppement des Comp\u00e9tences (PDC) permet aux salari\u00e9s de suivre des formations \u00e0 l\u2019initiative de leur employeur. Il remplace le plan de formation. L\u2019employeur a des obligations concernant la formation professionnelle. L\u2019adaptation au poste de travail et le maintien dans l\u2019emploi des salari\u00e9s ; il peut \u00e9galement proposer des actions qui participent au d\u00e9veloppement des comp\u00e9tences (article L 6321-1 du code du travail).<\/p>\n<\/div>\n<div class=\"main-article__texte texte--editorial crayon article-texte-377025 \">Un plan de d\u00e9veloppement des comp\u00e9tences peut \u00eatre mis en place uniquement par l\u2019employeur, apr\u00e8s consultation des repr\u00e9sentants du personnel.<\/div>\n<h2>Projet de Transition Professionnelle (PTP)<\/h2>\n<p>Le projet de transition professionnelle (PTP) vous permet de quitter temporairement son poste pour suivre une formation afin de changer de m\u00e9tier ou de profession.<\/p>\n<p>Il est accessible sous certaines conditions et n\u00e9cessite une demande aupr\u00e8s de l\u2019employeur. Pendant la formation, vous continuez d\u2019\u00eatre r\u00e9mun\u00e9r\u00e9. Les r\u00e8gles varient selon que vous \u00eates en CDI ou en CDD.<\/p>\n<h2>P\u00e9riode de reconversion<\/h2>\n<p>La p\u00e9riode de reconversion est un dispositif qui aide un salari\u00e9 \u00e0 changer de poste, que ce soit \u00e0 l\u2019int\u00e9rieur ou \u00e0 l\u2019ext\u00e9rieur de son entreprise.<\/p>\n<p>Elle permet d\u2019acqu\u00e9rir :<\/p>\n<ul>\n<li>une certification inscrite au R\u00e9pertoire national des certifications professionnelles (RNCP) ;<\/li>\n<li>un Certificat de Qualification Professionnelle (CQP) de branche ou interbranche ;<\/li>\n<li>un ou plusieurs blocs de comp\u00e9tences.<\/li>\n<\/ul>\n<p>Elle peut aussi permettre d\u2019obtenir le socle de connaissances et de comp\u00e9tences Cl\u00e9A.<\/p>\n<p class=\"p1\"><div class='cta-block'><div class='text'>Besoin d&rsquo;aide dans votre reconversion ?<\/div><a href='' class='app-button fit'>En savoir plus sur notre programme<\/a><\/div><\/p>\n","protected":false},"excerpt":{"rendered":"<p>[Mis \u00e0 jour le 04\/03\/2026] La reconversion professionnelle est une pratique de plus en plus courante. \u00catre heureux dans sa vie professionnelle est devenu une priorit\u00e9. En moyenne, un Fran\u00e7ais change de m\u00e9tier au moins 2 fois dans sa vie. Mes Allocs vous explique comment faire une reconversion professionnelle\u00a0selon votre statut. Qui peut entreprendre une [&hellip;]<\/p>\n","protected":false},"author":10,"featured_media":25442,"comment_status":"open","ping_status":"open","sticky":false,"template":"","format":"standard","meta":{"amp_status":"","footnotes":""},"categories":[5081],"tags":[],"class_list":["post-25406","post","type-post","status-publish","format-standard","has-post-thumbnail","hentry","category-reconversion-professionnelle"],"yoast_head":"<!-- This site is optimized with the Yoast SEO plugin v14.9 - https:\/\/yoast.com\/wordpress\/plugins\/seo\/ -->\n<title>La reconversion professionnelle selon votre statut | Mes-Allocs.fr<\/title>\n<meta name=\"description\" content=\"Selon votre statut, vous pouvez entreprendre une reconversion professionnelle. Salari\u00e9 ou demandeur d&#039;emploi, vous pouvez vous r\u00e9orienter !\" \/>\n<meta name=\"robots\" content=\"index, follow, max-snippet:-1, max-image-preview:large, max-video-preview:-1\" \/>\n<link rel=\"canonical\" href=\"https:\/\/www.mes-allocs.fr\/guides\/reconversion-professionnelle\/reconversion-professionnelle-selon-statut\/\" \/>\n<meta property=\"og:locale\" content=\"fr_FR\" \/>\n<meta property=\"og:type\" content=\"article\" \/>\n<meta property=\"og:title\" content=\"La reconversion professionnelle selon votre statut | Mes-Allocs.fr\" \/>\n<meta property=\"og:description\" content=\"Selon votre statut, vous pouvez entreprendre une reconversion professionnelle. Salari\u00e9 ou demandeur d&#039;emploi, vous pouvez vous r\u00e9orienter !\" \/>\n<meta property=\"og:url\" content=\"https:\/\/www.mes-allocs.fr\/guides\/reconversion-professionnelle\/reconversion-professionnelle-selon-statut\/\" \/>\n<meta property=\"og:site_name\" content=\"Mes-Allocs.fr\" \/>\n<meta property=\"article:published_time\" content=\"2021-04-21T14:43:10+00:00\" \/>\n<meta property=\"article:modified_time\" content=\"2026-03-04T15:01:02+00:00\" \/>\n<meta property=\"og:image\" content=\"https:\/\/www.mes-allocs.fr\/guides\/wp-content\/uploads\/2021\/04\/pexels-andrea-piacquadio-3762806.jpg?wsr\" \/>\n\t<meta property=\"og:image:width\" content=\"1280\" \/>\n\t<meta property=\"og:image:height\" content=\"853\" \/>\n<meta name=\"twitter:card\" content=\"summary_large_image\" \/>\n<script type=\"application\/ld+json\" class=\"yoast-schema-graph\">{\"@context\":\"https:\/\/schema.org\",\"@graph\":[{\"@type\":\"WebSite\",\"@id\":\"https:\/\/www.mes-allocs.fr\/guides\/#website\",\"url\":\"https:\/\/www.mes-allocs.fr\/guides\/\",\"name\":\"Mes-Allocs.fr\",\"description\":\"\",\"potentialAction\":[{\"@type\":\"SearchAction\",\"target\":\"https:\/\/www.mes-allocs.fr\/guides\/?s={search_term_string}\",\"query-input\":\"required name=search_term_string\"}],\"inLanguage\":\"fr-FR\"},{\"@type\":\"ImageObject\",\"@id\":\"https:\/\/www.mes-allocs.fr\/guides\/reconversion-professionnelle\/reconversion-professionnelle-selon-statut\/#primaryimage\",\"inLanguage\":\"fr-FR\",\"url\":\"https:\/\/www.mes-allocs.fr\/guides\/wp-content\/uploads\/2021\/04\/pexels-andrea-piacquadio-3762806.jpg?wsr\",\"width\":1280,\"height\":853,\"caption\":\"reconversion professionnelle selon statut\"},{\"@type\":\"WebPage\",\"@id\":\"https:\/\/www.mes-allocs.fr\/guides\/reconversion-professionnelle\/reconversion-professionnelle-selon-statut\/#webpage\",\"url\":\"https:\/\/www.mes-allocs.fr\/guides\/reconversion-professionnelle\/reconversion-professionnelle-selon-statut\/\",\"name\":\"La reconversion professionnelle selon votre statut | Mes-Allocs.fr\",\"isPartOf\":{\"@id\":\"https:\/\/www.mes-allocs.fr\/guides\/#website\"},\"primaryImageOfPage\":{\"@id\":\"https:\/\/www.mes-allocs.fr\/guides\/reconversion-professionnelle\/reconversion-professionnelle-selon-statut\/#primaryimage\"},\"datePublished\":\"2021-04-21T14:43:10+00:00\",\"dateModified\":\"2026-03-04T15:01:02+00:00\",\"author\":{\"@id\":\"https:\/\/www.mes-allocs.fr\/guides\/#\/schema\/person\/8d47b912c0ad15f379df96b4e4e33f58\"},\"description\":\"Selon votre statut, vous pouvez entreprendre une reconversion professionnelle. Salari\\u00e9 ou demandeur d'emploi, vous pouvez vous r\\u00e9orienter !\",\"inLanguage\":\"fr-FR\"},{\"@type\":\"Person\",\"@id\":\"https:\/\/www.mes-allocs.fr\/guides\/#\/schema\/person\/8d47b912c0ad15f379df96b4e4e33f58\",\"name\":\"Constance de Cagny\",\"image\":{\"@type\":\"ImageObject\",\"@id\":\"https:\/\/www.mes-allocs.fr\/guides\/#personlogo\",\"inLanguage\":\"fr-FR\",\"url\":\"https:\/\/www.mes-allocs.fr\/guides\/wp-content\/uploads\/2021\/06\/Constance.2e8ee0b.png\",\"caption\":\"Constance de Cagny\"},\"description\":\"Constance est r\\u00e9dactrice au sein de l'\\u00e9quipe Mes Allocs. Elle a l'habitude d'\\u00e9crire sur les sujets conso, bons plans et \\u00e9conomies. Dipl\\u00f4m\\u00e9e de l'ENACO, elle rejoint Mes Allocs apr\\u00e8s une premi\\u00e8re exp\\u00e9rience en cabinet notarial.\",\"sameAs\":[\"https:\/\/www.linkedin.com\/in\/constance-de-cagny-mayeur-bbb414135\"]}]}<\/script>\n<!-- \/ Yoast SEO plugin. -->","amp_validity":null,"acf":{"faq":{"1":{"question":"Quelle est la dur\u00e9e d'un bilan de comp\u00e9tences ?","answer":"La dur\u00e9e du bilan de comp\u00e9tences est de 24 heures maximum. Ces heures se r\u00e9partissent g\u00e9n\u00e9ralement sur plusieurs semaines."},"2":{"question":"Comment se servir de son CPF ?","answer":"Le compte personnel de formation (CPF) est utilisable par tout salari\u00e9, tout au long de sa vie active, y compris en p\u00e9riode de ch\u00f4mage, pour suivre une formation qualifiante ou certifiante. Le CPF a remplac\u00e9 le droit individuel \u00e0 la formation (Dif). Les salari\u00e9s ne perdent pas les heures acquises au titre du Dif."},"3":{"question":"Quelles aides pour les jeunes en formation ?","answer":"Les aides pour les jeunes en alternance\r\nL'aide mobili-jeune. ...\r\nL'aide financi\u00e8re pour les jeunes apprentis. ...\r\nL'aide personnalis\u00e9e au logement (APL) ...\r\nLoca Pass. ...\r\nLa garantie Visale. ...\r\nLa Garantie jeunes. ...\r\nLe RSA Jeune. ..."},"4":{"question":"Comment toucher le ch\u00f4mage apr\u00e8s une d\u00e9mission ?","answer":"Vous pouvez toucher le ch\u00f4mage apr\u00e8s une d\u00e9mission si elle est consid\u00e9r\u00e9e comme l\u00e9gitime. Vous pouvez aussi faire r\u00e9examiner votre situation, \u00e0 l\u2019issue d\u2019un d\u00e9lai de 121 jours (4 mois) de ch\u00f4mage non indemnis\u00e9.\r\n"},"5":{"question":"La d\u00e9mission pour reconversion professionnelle est-elle l\u00e9gitime ? ","answer":"Une d\u00e9mission est l\u00e9gitime si vous avez un projet de\u00a0reconversion professionnelle\u00a0: n\u00e9cessitant le suivi d\u2019une formation ou un projet cr\u00e9ation ou reprise d\u2019 une entreprise.\r\n<br> <a href=\"https:\/\/www.mes-allocs.fr\/guides\/reconversion-professionnelle\/reconversion-professionnelle-selon-statut\/comment-faire-reconversion-professionnelle-cdi\/\">Lire la suite<\/a>\r\n"},"6":{"question":"Quel financement pour une reconversion professionnelle ?","answer":"Des solutions existent pour le financement de votre formation. Par exemple, lorsque l'on est salari\u00e9, il est tout \u00e0 fait possible d'utiliser son\u00a0compte personnel de formation (CPF).\r\n<br> <a href=\"https:\/\/www.mes-allocs.fr\/guides\/reconversion-professionnelle\/reconversion-professionnelle-selon-statut\/comment-faire-reconversion-professionnelle-cdi\/\">Lire la suite<\/a>"},"7":{"question":"","answer":""},"8":{"question":"","answer":""},"9":{"question":"","answer":""},"10":{"question":"","answer":""},"11":{"question":"","answer":""},"12":{"question":"","answer":""},"13":{"question":"","answer":""},"14":{"question":"","answer":""},"15":{"question":"","answer":""},"16":{"question":"","answer":""}}},"_links":{"self":[{"href":"https:\/\/www.mes-allocs.fr\/guides\/wp-json\/wp\/v2\/posts\/25406","targetHints":{"allow":["GET"]}}],"collection":[{"href":"https:\/\/www.mes-allocs.fr\/guides\/wp-json\/wp\/v2\/posts"}],"about":[{"href":"https:\/\/www.mes-allocs.fr\/guides\/wp-json\/wp\/v2\/types\/post"}],"author":[{"embeddable":true,"href":"https:\/\/www.mes-allocs.fr\/guides\/wp-json\/wp\/v2\/users\/10"}],"replies":[{"embeddable":true,"href":"https:\/\/www.mes-allocs.fr\/guides\/wp-json\/wp\/v2\/comments?post=25406"}],"version-history":[{"count":21,"href":"https:\/\/www.mes-allocs.fr\/guides\/wp-json\/wp\/v2\/posts\/25406\/revisions"}],"predecessor-version":[{"id":110091,"href":"https:\/\/www.mes-allocs.fr\/guides\/wp-json\/wp\/v2\/posts\/25406\/revisions\/110091"}],"wp:featuredmedia":[{"embeddable":true,"href":"https:\/\/www.mes-allocs.fr\/guides\/wp-json\/wp\/v2\/media\/25442"}],"wp:attachment":[{"href":"https:\/\/www.mes-allocs.fr\/guides\/wp-json\/wp\/v2\/media?parent=25406"}],"wp:term":[{"taxonomy":"category","embeddable":true,"href":"https:\/\/www.mes-allocs.fr\/guides\/wp-json\/wp\/v2\/categories?post=25406"},{"taxonomy":"post_tag","embeddable":true,"href":"https:\/\/www.mes-allocs.fr\/guides\/wp-json\/wp\/v2\/tags?post=25406"}],"curies":[{"name":"wp","href":"https:\/\/api.w.org\/{rel}","templated":true}]}}