{"id":25309,"date":"2021-04-19T18:41:45","date_gmt":"2021-04-19T18:41:45","guid":{"rendered":"https:\/\/www.mes-allocs.fr\/guides\/?p=25309"},"modified":"2025-07-18T16:06:16","modified_gmt":"2025-07-18T14:06:16","slug":"bilan-de-competences-tours","status":"publish","type":"post","link":"https:\/\/www.mes-allocs.fr\/guides\/reconversion-professionnelle\/bilan-de-competences\/ou-faire-un-bilan-de-competences\/bilan-de-competences-tours\/","title":{"rendered":"Comment faire un bilan de comp\u00e9tences \u00e0 Tours ?"},"content":{"rendered":"<p><a href=\"https:\/\/www.mes-allocs.fr\/guides\/wp-content\/uploads\/2021\/04\/old-mill-4601687_1280.jpg\"><img loading=\"lazy\" decoding=\"async\" class=\"aligncenter wp-image-25328 size-full\" title=\"bilan de comp\u00e9tences tours\" src=\"https:\/\/www.mes-allocs.fr\/guides\/wp-content\/uploads\/2021\/04\/old-mill-4601687_1280-e1618841853743.jpg\" alt=\"bilan de comp\u00e9tences tours\" width=\"1280\" height=\"422\" srcset=\"https:\/\/www.mes-allocs.fr\/guides\/wp-content\/uploads\/2021\/04\/old-mill-4601687_1280-e1618841853743.jpg 1280w, https:\/\/www.mes-allocs.fr\/guides\/wp-content\/uploads\/2021\/04\/old-mill-4601687_1280-e1618841853743-300x99.jpg 300w, https:\/\/www.mes-allocs.fr\/guides\/wp-content\/uploads\/2021\/04\/old-mill-4601687_1280-e1618841853743-1024x338.jpg 1024w, https:\/\/www.mes-allocs.fr\/guides\/wp-content\/uploads\/2021\/04\/old-mill-4601687_1280-e1618841853743-768x253.jpg 768w, https:\/\/www.mes-allocs.fr\/guides\/wp-content\/uploads\/2021\/04\/old-mill-4601687_1280-e1618841853743-600x198.jpg 600w\" sizes=\"auto, (max-width: 1280px) 100vw, 1280px\" \/><\/a><\/p>\n<p style=\"text-align: justify;\"><strong>Le bilan de comp\u00e9tences vous permet de faire un point sur votre carri\u00e8re professionnelle et d&rsquo;analyser vos motivations pour une <a href=\"https:\/\/www.mes-allocs.fr\/guides\/reconversion-professionnelle\/\">reconversion professionnelle<\/a> ou non. Il est \u00e0 r\u00e9aliser \u00e0 la demande d&rsquo;un salari\u00e9 ou du demandeur d&#8217;emploi mais n&rsquo;est pas obligatoire. Mes Allocs vous explique comment faire un bilan de comp\u00e9tences \u00e0 Tours.<\/strong><\/p>\n<h1><span id=\"Quest-ce_que_le_bilan_de_competences\">Qu\u2019est-ce que le bilan de comp\u00e9tences ?<\/span><\/h1>\n<p style=\"text-align: justify;\">Le <a href=\"https:\/\/www.mes-allocs.fr\/guides\/reconversion-professionnelle\/bilan-de-competences\/\">bilan de comp\u00e9tences<\/a> permet de faire un point sur sa carri\u00e8re professionnelle, dans le cadre d\u2019une \u00e9volution professionnelle, d\u2019une reconversion ou encore d\u2019une validation des acquis.<\/p>\n<p style=\"text-align: justify;\">Gr\u00e2ce au bilan de comp\u00e9tences, vous pourrez faire un point sur votre carri\u00e8re, analyser vos comp\u00e9tences professionnelles et points forts et vos motivations et d\u00e9finir un projet professionnel. Le consultant en charge de votre accompagnement dressera un plan de formation\u00a0 pour une mise en \u0153uvre d\u2019une reconversion professionnelle.<\/p>\n<p style=\"text-align: justify;\">En g\u00e9n\u00e9ral, un bilan de comp\u00e9tences a une dur\u00e9e moyenne de 24 heures. Ces derni\u00e8res sont r\u00e9parties sur les s\u00e9ances de 2 \u00e0 3 heures. Si vous \u00eates salari\u00e9 vous pouvez le r\u00e9aliser pendant votre temps de travail sans perte de r\u00e9mun\u00e9ration.<\/p>\n<p style=\"text-align: justify;\">En revanche vous devrez demander un cong\u00e9 \u00e0 cet effet (pr\u00e9vu par le code du travail). Votre employeur a un d\u00e9lai de 10 jours pour accepter votre demande. Si vous voulez le r\u00e9aliser en dehors de votre temps de travail, vous n\u2019\u00eates pas oblig\u00e9 d\u2019en informer votre employeur.<\/p>\n<p>Une fois votre bilan r\u00e9alis\u00e9, un document synth\u00e8se vous sera remis. Ce dernier d\u00e9taillera vos s\u00e9ances, et \u00e9ventuellement un plan de formation, de reconversion pour votre avenir professionnel.<\/p>\n<p>Vous pouvez r\u00e9aliser un bilan dans le cadre d\u2019une formation professionnelle, ou dans un plan de d\u00e9veloppement des comp\u00e9tences en vu d\u2019une \u00e9volution de poste.<\/p>\n<p><iframe loading=\"lazy\" title=\"La reconversion professionnelle\" width=\"500\" height=\"281\" src=\"https:\/\/www.youtube.com\/embed\/EiVUthswxl0?feature=oembed\" frameborder=\"0\" allow=\"accelerometer; autoplay; clipboard-write; encrypted-media; gyroscope; picture-in-picture; web-share\" referrerpolicy=\"strict-origin-when-cross-origin\" allowfullscreen><\/iframe><\/p>\n<h1>O\u00f9 faire un bilan de comp\u00e9tences \u00e0 Tours ?<\/h1>\n<p style=\"text-align: justify;\">Vous pouvez r\u00e9aliser un bilan dans des <a href=\"https:\/\/www.mes-allocs.fr\/guides\/reconversion-professionnelle\/bilan-de-competences\/ou-faire-un-bilan-de-competences\/\">centres de bilan de comp\u00e9tences<\/a> que vous soyez en recherche d&#8217;emploi ou salari\u00e9 avec 2-10 ans d&rsquo;exp\u00e9rience. Le bilan peut \u00eatre r\u00e9alis\u00e9 \u00e0 n&rsquo;importe quel moment de votre vie.<\/p>\n<p style=\"text-align: justify;\">BPI group est un groupe international fond\u00e9 en 1984 par Bernard Paoli. Sp\u00e9cialiste du Conseil en ressources humaines, le cabinet accompagne les entreprises et les institutions dans leurs projets de transformation RH.<\/p>\n<p style=\"text-align: justify;\">Abaca formation cr\u00e9\u00e9e en 1986 permet de faire des bilans de comp\u00e9tences, l&rsquo;objectif est de vous former et d&rsquo;accompagner dans vos d\u00e9marches de reconversion professionnelle ou d&rsquo;\u00e9volution de poste.<\/p>\n<p>\u00c0 noter : La plateforme Initiative\u00a0<b>Touraine est une association<\/b> loi de 1901 qui a pour mission d&rsquo;aider gracieusement les cr\u00e9ateurs et les repreneurs d&rsquo;entreprises en leur accordant un pr\u00eat d&rsquo;honneur.<\/p>\n<div class='cta-block'><div class='text'>Bilan de comp\u00e9tences pay\u00e9 par vos aides.<\/div><a href='https:\/\/www.formademia.fr\/formulaire\/coaching' class='app-button fit'>V\u00e9rifier votre \u00e9ligibilit\u00e9<\/a><\/div>\n<h1>Comment se d\u00e9roule un bilan de comp\u00e9tences ?<\/h1>\n<h2>Phase pr\u00e9liminaire<\/h2>\n<ul>\n<li style=\"text-align: justify;\"><strong>1 \u00e0 2 s\u00e9ances<\/strong>\u00a0consacr\u00e9es \u00e0 la clarification de votre besoin et l\u2019analyse de votre parcours professionnel et personnel. Il s\u2019agit d\u2019un \u00e9clairage sur\u00a0 votre\u00a0 profil professionnel, vos valeurs, vos crit\u00e8res de motivations, vos int\u00e9r\u00eats professionnels\u00a0 et votre personnalit\u00e9. Ainsi le but est de vous permettre de mieux tirer parti de vos potentiels et renouveler l\u2019image de vous-m\u00eame.<\/li>\n<\/ul>\n<h2>Phase d&rsquo;investigation<\/h2>\n<ul>\n<li><strong>1 \u00e0 2 s\u00e9ances<\/strong>\u00a0d\u00e9di\u00e9es \u00e0 l\u2019analyse des comp\u00e9tences li\u00e9es \u00e0 votre exp\u00e9rience, de vos comp\u00e9tences transf\u00e9rables et de vos activit\u00e9s extra-professionnelles. Tout ceci contribue\u00a0 \u00e0 la construction de votre portefeuille de comp\u00e9tences.<\/li>\n<li><strong>2 \u00e0 3 s\u00e9ances<\/strong>\u00a0consacr\u00e9es \u00e0 la construction de votre (vos) projet(s) professionnel(s) et \u00e0 l\u2019identification de vos besoins compl\u00e9mentaires.<\/li>\n<\/ul>\n<h2>Phase de conclusion<\/h2>\n<ul>\n<li><strong>1 s\u00e9ance<\/strong> de validation de votre projet professionnel prioritaire\u00a0 et de son plan d\u2019action.\u00a0 Formalisation\u00a0 des moyens \u00e0 mettre en \u0153uvre : \u00e9tapes cl\u00e9s, planning, outils techniques ou autre support pratique au projet.<\/li>\n<\/ul>\n<h1>Qui peut faire un bilan de comp\u00e9tences \u00e0 Tours ?<\/h1>\n<h2><span id=\"Salarie_en_CDI\">Salari\u00e9 en CDI<\/span><\/h2>\n<p>Le salari\u00e9 doit justifier de 5 ans d\u2019activit\u00e9 salariale, cons\u00e9cutifs ou non, dont 12 mois dans l\u2019entreprise.Un d\u00e9lai de 5 ans apr\u00e8s un cong\u00e9 de bilan de comp\u00e9tences doit \u00eatre respect\u00e9. La demande est alors effectu\u00e9e aupr\u00e8s d\u2019un OPACIF.<\/p>\n<h2><span id=\"Salarie_en_CDD\">Salari\u00e9 en CDD<\/span><\/h2>\n<p style=\"text-align: justify;\">Le salari\u00e9 doit obligatoirement justifier de 24 mois d\u2019activit\u00e9 au sein d\u2019une entreprise et avoir le statut de salari\u00e9, au cours des 5 derni\u00e8res ann\u00e9es, dont 4 mois, cons\u00e9cutifs ou non, sous contrat de travail \u00e0 dur\u00e9e d\u00e9termin\u00e9e, au cours des 12 derniers mois civils.<\/p>\n<p><strong>Ne sont pas pris en compte pour le calcul des 4 mois en CDD :<\/strong><\/p>\n<ul>\n<li style=\"text-align: justify;\">Les CDD qui se poursuivent par un CDI<\/li>\n<li style=\"text-align: justify;\">Les contrats d\u2019apprentissage et de professionnalisation<\/li>\n<li style=\"text-align: justify;\">Les CDD conclus avec un jeune au cours de son cursus scolaire<\/li>\n<li style=\"text-align: justify;\">Les contrats d\u2019Avenir et les contrats d\u2019Accompagnement dans l\u2019emploi.<\/li>\n<li style=\"text-align: justify;\">La r\u00e9alisation du bilan de comp\u00e9tences doit intervenir dans les 12 mois suivant la fin du contrat qui a ouvert le droit \u00e0 cong\u00e9.<\/li>\n<li style=\"text-align: justify;\">On peut utiliser son droit \u00e0 bilan \u00e0 l\u2019issue d\u2019un CDD.<\/li>\n<li style=\"text-align: justify;\">Un d\u00e9lai de 5 ans apr\u00e8s un cong\u00e9 de bilan de comp\u00e9tences doit \u00eatre respect\u00e9.<\/li>\n<li>Vous devez alors effectuer votre demande aupr\u00e8s de votre OPACIF.<\/li>\n<\/ul>\n<div class='cta-block'><div class='text'>Bilan de comp\u00e9tences pay\u00e9 par vos aides.<\/div><a href='https:\/\/www.formademia.fr\/formulaire\/coaching' class='app-button fit'>V\u00e9rifier votre \u00e9ligibilit\u00e9<\/a><\/div>\n","protected":false},"excerpt":{"rendered":"<p>Le bilan de comp\u00e9tences vous permet de faire un point sur votre carri\u00e8re professionnelle et d&rsquo;analyser vos motivations pour une reconversion professionnelle ou non. Il est \u00e0 r\u00e9aliser \u00e0 la demande d&rsquo;un salari\u00e9 ou du demandeur d&#8217;emploi mais n&rsquo;est pas obligatoire. Mes Allocs vous explique comment faire un bilan de comp\u00e9tences \u00e0 Tours. Qu\u2019est-ce que [&hellip;]<\/p>\n","protected":false},"author":10,"featured_media":25328,"comment_status":"open","ping_status":"open","sticky":false,"template":"","format":"standard","meta":{"amp_status":"","footnotes":""},"categories":[5093,5245,5081],"tags":[],"class_list":["post-25309","post","type-post","status-publish","format-standard","has-post-thumbnail","hentry","category-bilan-de-competences","category-ou-faire-un-bilan-de-competences","category-reconversion-professionnelle"],"yoast_head":"<!-- This site is optimized with the Yoast SEO plugin v14.9 - https:\/\/yoast.com\/wordpress\/plugins\/seo\/ -->\n<title>Comment faire un bilan de comp\u00e9tences \u00e0 Tours ? | Mes-Allocs.fr<\/title>\n<meta name=\"description\" content=\"Le bilan de comp\u00e9tences vous permet de faire un point sur votre carri\u00e8re. Mes Allocs vous explique comment en faire un \u00e0 Tours !\" \/>\n<meta name=\"robots\" content=\"index, follow, max-snippet:-1, max-image-preview:large, max-video-preview:-1\" \/>\n<link rel=\"canonical\" href=\"https:\/\/www.mes-allocs.fr\/guides\/reconversion-professionnelle\/bilan-de-competences\/ou-faire-un-bilan-de-competences\/bilan-de-competences-tours\/\" \/>\n<meta property=\"og:locale\" content=\"fr_FR\" \/>\n<meta property=\"og:type\" content=\"article\" \/>\n<meta property=\"og:title\" content=\"Comment faire un bilan de comp\u00e9tences \u00e0 Tours ? | Mes-Allocs.fr\" \/>\n<meta property=\"og:description\" content=\"Le bilan de comp\u00e9tences vous permet de faire un point sur votre carri\u00e8re. Mes Allocs vous explique comment en faire un \u00e0 Tours !\" \/>\n<meta property=\"og:url\" content=\"https:\/\/www.mes-allocs.fr\/guides\/reconversion-professionnelle\/bilan-de-competences\/ou-faire-un-bilan-de-competences\/bilan-de-competences-tours\/\" \/>\n<meta property=\"og:site_name\" content=\"Mes-Allocs.fr\" \/>\n<meta property=\"article:published_time\" content=\"2021-04-19T18:41:45+00:00\" \/>\n<meta property=\"article:modified_time\" content=\"2025-07-18T14:06:16+00:00\" \/>\n<meta property=\"og:image\" content=\"https:\/\/www.mes-allocs.fr\/guides\/wp-content\/uploads\/2021\/04\/old-mill-4601687_1280-e1618841853743.jpg?wsr\" \/>\n\t<meta property=\"og:image:width\" content=\"1280\" \/>\n\t<meta property=\"og:image:height\" content=\"422\" \/>\n<meta name=\"twitter:card\" content=\"summary_large_image\" \/>\n<script type=\"application\/ld+json\" class=\"yoast-schema-graph\">{\"@context\":\"https:\/\/schema.org\",\"@graph\":[{\"@type\":\"WebSite\",\"@id\":\"https:\/\/www.mes-allocs.fr\/guides\/#website\",\"url\":\"https:\/\/www.mes-allocs.fr\/guides\/\",\"name\":\"Mes-Allocs.fr\",\"description\":\"\",\"potentialAction\":[{\"@type\":\"SearchAction\",\"target\":\"https:\/\/www.mes-allocs.fr\/guides\/?s={search_term_string}\",\"query-input\":\"required name=search_term_string\"}],\"inLanguage\":\"fr-FR\"},{\"@type\":\"ImageObject\",\"@id\":\"https:\/\/www.mes-allocs.fr\/guides\/reconversion-professionnelle\/bilan-de-competences\/ou-faire-un-bilan-de-competences\/bilan-de-competences-tours\/#primaryimage\",\"inLanguage\":\"fr-FR\",\"url\":\"https:\/\/www.mes-allocs.fr\/guides\/wp-content\/uploads\/2021\/04\/old-mill-4601687_1280-e1618841853743.jpg?wsr\",\"width\":1280,\"height\":422,\"caption\":\"bilan de comp\\u00e9tences tours\"},{\"@type\":\"WebPage\",\"@id\":\"https:\/\/www.mes-allocs.fr\/guides\/reconversion-professionnelle\/bilan-de-competences\/ou-faire-un-bilan-de-competences\/bilan-de-competences-tours\/#webpage\",\"url\":\"https:\/\/www.mes-allocs.fr\/guides\/reconversion-professionnelle\/bilan-de-competences\/ou-faire-un-bilan-de-competences\/bilan-de-competences-tours\/\",\"name\":\"Comment faire un bilan de comp\\u00e9tences \\u00e0 Tours ? | Mes-Allocs.fr\",\"isPartOf\":{\"@id\":\"https:\/\/www.mes-allocs.fr\/guides\/#website\"},\"primaryImageOfPage\":{\"@id\":\"https:\/\/www.mes-allocs.fr\/guides\/reconversion-professionnelle\/bilan-de-competences\/ou-faire-un-bilan-de-competences\/bilan-de-competences-tours\/#primaryimage\"},\"datePublished\":\"2021-04-19T18:41:45+00:00\",\"dateModified\":\"2025-07-18T14:06:16+00:00\",\"author\":{\"@id\":\"https:\/\/www.mes-allocs.fr\/guides\/#\/schema\/person\/8d47b912c0ad15f379df96b4e4e33f58\"},\"description\":\"Le bilan de comp\\u00e9tences vous permet de faire un point sur votre carri\\u00e8re. Mes Allocs vous explique comment en faire un \\u00e0 Tours !\",\"inLanguage\":\"fr-FR\"},{\"@type\":\"Person\",\"@id\":\"https:\/\/www.mes-allocs.fr\/guides\/#\/schema\/person\/8d47b912c0ad15f379df96b4e4e33f58\",\"name\":\"Constance de Cagny\",\"image\":{\"@type\":\"ImageObject\",\"@id\":\"https:\/\/www.mes-allocs.fr\/guides\/#personlogo\",\"inLanguage\":\"fr-FR\",\"url\":\"https:\/\/www.mes-allocs.fr\/guides\/wp-content\/uploads\/2021\/06\/Constance.2e8ee0b.png\",\"caption\":\"Constance de Cagny\"},\"description\":\"Constance est r\\u00e9dactrice au sein de l'\\u00e9quipe Mes Allocs. Elle a l'habitude d'\\u00e9crire sur les sujets conso, bons plans et \\u00e9conomies. Dipl\\u00f4m\\u00e9e de l'ENACO, elle rejoint Mes Allocs apr\\u00e8s une premi\\u00e8re exp\\u00e9rience en cabinet notarial.\",\"sameAs\":[\"https:\/\/www.linkedin.com\/in\/constance-de-cagny-mayeur-bbb414135\"]}]}<\/script>\n<!-- \/ Yoast SEO plugin. -->","amp_validity":null,"acf":{"faq":{"1":{"question":"Quand faire un bilan de comp\u00e9tences ?","answer":"Le bilan de comp\u00e9tences se fait \u00e0 votre initiative lorsque vous ressentez le besoin de faire un point dans votre carri\u00e8re. "},"2":{"question":"Comment faire un bilan de comp\u00e9tences P\u00f4le emploi ?","answer":"Un bilan de comp\u00e9tences est compos\u00e9 en 3 \u00e9tapes. Phase une phase pr\u00e9liminaire, une phase d'investigation et une phase de conclusion."},"3":{"question":"Qui prend en charge le bilan de comp\u00e9tence ?","answer":"Votre bilan de comp\u00e9tences peut \u00eatre pris en charge par P\u00f4le emploi : parlez-en \u00e0 votre conseiller."},"4":{"question":"Quelles sont les \u00e9tapes d'un bilan de comp\u00e9tence ?","answer":"Conform\u00e9ment au Code du travail, le bilan de comp\u00e9tences comprend trois grandes \u00e9tapes : une phase pr\u00e9liminaire, une phase d'investigation et une phase de conclusion."},"5":{"question":"Quel est le prix d'un bilan de comp\u00e9tence ?","answer":"Il n'existe aucune r\u00e8glementation et chaque organisme peut librement fixer ses prix, lesquels s'\u00e9chelonnent entre 1 500 et 3 000 euros, avec un co\u00fbt moyen d'environ 2 000 euros."},"6":{"question":"Comment financer une VAE ?","answer":"Les frais li\u00e9s \u00e0 la VAE sont pris en charge par P\u00f4le Emploi, gr\u00e2ce \u00e0 un financement sp\u00e9cifique, dans la limite des droits acquis figurant sur votre compte CPF."},"7":{"question":"","answer":""},"8":{"question":"","answer":""},"9":{"question":"","answer":""},"10":{"question":"","answer":""},"11":{"question":"","answer":""},"12":{"question":"","answer":""},"13":{"question":"","answer":""},"14":{"question":"","answer":""},"15":{"question":"","answer":""},"16":{"question":"","answer":""}}},"_links":{"self":[{"href":"https:\/\/www.mes-allocs.fr\/guides\/wp-json\/wp\/v2\/posts\/25309","targetHints":{"allow":["GET"]}}],"collection":[{"href":"https:\/\/www.mes-allocs.fr\/guides\/wp-json\/wp\/v2\/posts"}],"about":[{"href":"https:\/\/www.mes-allocs.fr\/guides\/wp-json\/wp\/v2\/types\/post"}],"author":[{"embeddable":true,"href":"https:\/\/www.mes-allocs.fr\/guides\/wp-json\/wp\/v2\/users\/10"}],"replies":[{"embeddable":true,"href":"https:\/\/www.mes-allocs.fr\/guides\/wp-json\/wp\/v2\/comments?post=25309"}],"version-history":[{"count":11,"href":"https:\/\/www.mes-allocs.fr\/guides\/wp-json\/wp\/v2\/posts\/25309\/revisions"}],"predecessor-version":[{"id":102684,"href":"https:\/\/www.mes-allocs.fr\/guides\/wp-json\/wp\/v2\/posts\/25309\/revisions\/102684"}],"wp:featuredmedia":[{"embeddable":true,"href":"https:\/\/www.mes-allocs.fr\/guides\/wp-json\/wp\/v2\/media\/25328"}],"wp:attachment":[{"href":"https:\/\/www.mes-allocs.fr\/guides\/wp-json\/wp\/v2\/media?parent=25309"}],"wp:term":[{"taxonomy":"category","embeddable":true,"href":"https:\/\/www.mes-allocs.fr\/guides\/wp-json\/wp\/v2\/categories?post=25309"},{"taxonomy":"post_tag","embeddable":true,"href":"https:\/\/www.mes-allocs.fr\/guides\/wp-json\/wp\/v2\/tags?post=25309"}],"curies":[{"name":"wp","href":"https:\/\/api.w.org\/{rel}","templated":true}]}}