{"id":253,"date":"2019-07-12T15:36:05","date_gmt":"2019-07-12T15:36:05","guid":{"rendered":"https:\/\/www.mes-allocs.fr\/guides\/?p=253"},"modified":"2026-03-02T09:40:39","modified_gmt":"2026-03-02T08:40:39","slug":"allocations-familiales-2-enfants","status":"publish","type":"post","link":"https:\/\/www.mes-allocs.fr\/guides\/allocations-familiales\/allocations-familiales-2-enfants\/","title":{"rendered":"Allocations familiales pour 2 enfants : tout savoir sur le montant des aides et les conditions d&rsquo;attribution"},"content":{"rendered":"<p style=\"text-align: justify;\"><span style=\"font-size: 18pt;\"><span style=\"font-weight: 400;\"><img loading=\"lazy\" decoding=\"async\" class=\"alignnone wp-image-281 \" src=\"https:\/\/www.mes-allocs.fr\/guides\/wp-content\/uploads\/2019\/07\/home-hero-e1686561232675.jpg\" alt=\"allocations familiales pour 2\" width=\"1494\" height=\"361\" srcset=\"https:\/\/www.mes-allocs.fr\/guides\/wp-content\/uploads\/2019\/07\/home-hero-e1686561232675.jpg 808w, https:\/\/www.mes-allocs.fr\/guides\/wp-content\/uploads\/2019\/07\/home-hero-e1686561232675-300x72.jpg 300w, https:\/\/www.mes-allocs.fr\/guides\/wp-content\/uploads\/2019\/07\/home-hero-e1686561232675-768x185.jpg 768w, https:\/\/www.mes-allocs.fr\/guides\/wp-content\/uploads\/2019\/07\/home-hero-e1686561232675-600x145.jpg 600w\" sizes=\"auto, (max-width: 1494px) 100vw, 1494px\" \/><\/span><\/span><\/p>\n<p style=\"text-align: justify;\"><span style=\"font-size: 12pt;\">[Mis \u00e0 jour le 12\/02\/2026] Les <a href=\"https:\/\/www.mes-allocs.fr\/guides\/allocations-familiales\">allocations familiales<\/a> sont une aide financi\u00e8re. Vous pouvez en b\u00e9n\u00e9ficier si vous avez au moins deux enfants de moins de 20 ans \u00e0 charge. Elles sont soumises \u00e0 des conditions de revenus. Cette aide financi\u00e8re vous est vers\u00e9e par la Caisse d\u2019Allocations Familiales (CAF) ou la Mutualit\u00e9 Sociale Agricole (MSA). <\/span><span style=\"font-size: 12pt;\">Cet article traite du montant d\u2019<strong>allocations familiales pour une famille avec 2 enfants \u00e0 charge<\/strong>.<\/span><\/p>\n<p style=\"text-align: justify;\"><strong><span style=\"font-size: 12pt;\"> Si vous avez <a href=\"ttps:\/\/www.mes-allocs.fr\/guides\/allocations-familiales\/montant-allocations-familiales\/allocations-familiales-pour-3\">3 enfants<\/a>, ou <a href=\"ttps:\/\/www.mes-allocs.fr\/guides\/allocations-familiales\/montant-allocations-familiales\/allocations-familiales-pour-3\">4 enfants<\/a> \u00e0 votre charge, ou m\u00eame <a href=\"ttps:\/\/www.mes-allocs.fr\/guides\/allocations-familiales\/montant-allocations-familiales\/allocations-familiales-pour-1\">un seul<\/a>, consultez nos articles sp\u00e9cifiques \u00e0 ce sujet.<\/span><\/strong><\/p>\n<div class='cta-block'><div class='text'>Simulez vos Allocations Familiales en 2 min. Gratuit.<\/div><a href='https:\/\/www.mes-allocs.fr\/ab-app?origin=guides\/wp-json\/wp\/v2\/posts\/253' class='app-button fit'>Simulation gratuite<\/a><\/div>\n<h1 style=\"text-align: justify;\"><b>Peut-on b\u00e9n\u00e9ficier des allocations familiales avec 2 enfants ?<\/b><\/h1>\n<p style=\"text-align: justify;\"><span style=\"font-weight: 400;\">Votre droit aux allocations familiales s\u2019ouvre \u00e0 partir de <\/span><b>la naissance de votre deuxi\u00e8me enfant<\/b><span style=\"font-weight: 400;\">. Ainsi, si vous avez deux enfants \u00e0 votre charge de moins de 20 ans, vous pouvez b\u00e9n\u00e9ficier des allocations familiales. Il existe cependant des conditions de r\u00e9sidence et de revenus \u00e0 l\u2019obtention des allocations familiales.<\/span><\/p>\n<p style=\"text-align: justify;\"><span style=\"font-weight: 400;\">Si vous \u00eates <\/span><b>fran\u00e7ais,<\/b><span style=\"font-weight: 400;\"> votre foyer permanent doit se situer en France et r\u00e9sider sur le territoire plus de 9 mois par an, cons\u00e9cutifs ou non.<\/span><\/p>\n<p style=\"text-align: justify;\"><span style=\"font-weight: 400;\">Si vous \u00eates<\/span><b> \u00e9tranger<\/b><span style=\"font-weight: 400;\">, les m\u00eames conditions de r\u00e9sidence s\u2019appliquent. De plus, vous devez \u00eatre de mani\u00e8re r\u00e9guli\u00e8re en France.<\/span><\/p>\n<p style=\"text-align: justify;\"><span style=\"font-weight: 400;\">Attention : si un de vos enfants quitte la France pendant plus de 3 mois, seul ou accompagn\u00e9, les allocations familiales ne vous seront plus vers\u00e9es pour cet enfant sauf si celui-ci quitte la France pour l\u2019un des motifs suivants :<\/span><\/p>\n<ul style=\"text-align: justify;\">\n<li style=\"font-weight: 400;\"><span style=\"font-weight: 400;\">Votre enfant part dans un <\/span><b>pays frontalier<\/b><span style=\"font-weight: 400;\"> (Belgique, Luxembourg, Allemagne, Suisse, Italie et Espagne) dans le cadre de ses \u00e9tudes ou d\u2019une hospitalisation et il rentre r\u00e9guli\u00e8rement \u00e0 votre foyer (exemple : vous vivez dans les Hauts-de-France et votre enfant \u00e9tudie en Belgique)<\/span><\/li>\n<li style=\"font-weight: 400;\"><span style=\"font-weight: 400;\">Votre enfant part \u00e0 l\u2019\u00e9tranger pour apprendre une <\/span><b>langue \u00e9trang\u00e8re<\/b><span style=\"font-weight: 400;\"> ou pour compl\u00e9ter sa <\/span><b>formation professionnelle<\/b><span style=\"font-weight: 400;\"> (exemple : dans le cadre d\u2019un stage)<\/span><\/li>\n<\/ul>\n<p>Les\u00a0<b>enfants atteints<\/b> d&rsquo;une incapacit\u00e9 d&rsquo;au moins 80 % peuvent avoir un compl\u00e9ment d&rsquo;<b>allocation familiale.<\/b><\/p>\n<p>Vous ne pouvez pas toucher le compl\u00e9ment familial. En effet, pour toucher cette aide il faut avoir 3 enfants de plus de 3 ans.<\/p>\n<h1 style=\"text-align: justify;\"><b>Quel montant d\u2019allocations familiales pour 2 enfants ?<\/b><\/h1>\n<p style=\"text-align: justify;\"><span style=\"font-weight: 400;\">Deux param\u00e8tres principaux entrent en compte pour \u00e9tablir le <\/span><a href=\"https:\/\/www.mes-allocs.fr\/guides\/allocations-familiales\/montant-allocations-familiales\/montant-allocations-familiales\"><span style=\"font-weight: 400;\">montant des allocations familiales<\/span><\/a><span style=\"font-weight: 400;\">, \u00e0 savoir le nombre d\u2019enfants \u00e0 votre charge ainsi que le montant de vos ressources. \u00c0 nombre d\u2019enfant \u00e9gal, plus vos ressources sont importantes, moins le montant d\u2019allocations familiales que vous percevez est important. Fixons donc ce nombre d\u2019enfants \u00e0 2.<\/span><\/p>\n<p style=\"text-align: justify;\"><span style=\"font-weight: 400;\">Les ressources prises en compte sont le <\/span><b>revenu net cat\u00e9goriel<\/b><span style=\"font-weight: 400;\"> de votre foyer. Le calcul des allocations familiales :<\/span><\/p>\n<p style=\"text-align: justify;\"><b>Vos revenus<\/b><span style=\"font-weight: 400;\"> (salaires, revenus fonciers ou de capitaux, etc.) <\/span><b>\u2013 vos charges<\/b><span style=\"font-weight: 400;\"> (pensions alimentaires, frais d\u2019accueil des personnes \u00e2g\u00e9es, etc.) <\/span><b>\u2013 \u00e9ventuels abattement fiscaux<\/b><span style=\"font-weight: 400;\"> (pour personne \u00e2g\u00e9e, invalide, etc.).<\/span><\/p>\n<p style=\"text-align: justify;\"><b>Attention <\/b><span style=\"font-weight: 400;\">: le revenu net cat\u00e9goriel consid\u00e9r\u00e9 dans l\u2019attribution de votre montant d\u2019allocations familiales est celui de l\u2019avant derni\u00e8re ann\u00e9e fiscale de votre demande.<\/span><\/p>\n<p style=\"text-align: justify;\"><i><span style=\"font-weight: 400;\">Exemple : pour une demande d\u2019allocations familiales en 2026, la CAF \u00e9value votre revenu net cat\u00e9goriel de 2024.<\/span><\/i><\/p>\n<p style=\"text-align: justify;\"><i><span style=\"font-weight: 400;\"> <iframe loading=\"lazy\" src=\"\/\/www.youtube.com\/embed\/AOg5U7Mmi2M\" width=\"966\" height=\"543\" frameborder=\"0\" allowfullscreen=\"allowfullscreen\"><\/iframe><\/span><\/i><\/p>\n<h2 style=\"text-align: justify;\"><b>Montant de base et majoration \u00e9ventuelle des allocations familiales pour 2 enfants<\/b><\/h2>\n<p style=\"text-align: justify;\"><span style=\"font-weight: 400;\">En plus du montant de base des allocations familiales, vous pouvez percevoir une <a href=\"https:\/\/www.mes-allocs.fr\/guides\/allocations-familiales\/majoration-allocation-familiale\/\">majoration des allocations familiales<\/a> si vous avez un ou plusieurs enfants \u00e0 charge de 14 ans et plus (except\u00e9 si votre enfant de plus de 14 ans est l\u2019a\u00een\u00e9 de vos deux enfants \u00e0 charge).<\/span><i><span style=\"font-weight: 400;\">\u00a0<\/span><\/i><\/p>\n<p style=\"text-align: justify;\">\n<div class=\"wpdt-c row wpDataTableContainerSimpleTable wpDataTables wpDataTablesWrapper\n wdtscroll\"\n    >\n    <table id=\"wpdtSimpleTable-206\"\n           class=\"wpdtSimpleTable wpDataTable\"\n           data-column=\"4\"\n           data-rows=\"5\"\n           data-wpID=\"206\"\n           data-responsive=\"0\"\n           data-has-header=\"1\">\n\n                    <thead>        <tr class=\"wpdt-cell-row \" >\n                            <th class=\"wpdt-cell wpdt-bc-F3F9FE wpdt-bold\"\n                                    data-cell-id=\"A1\"\n                data-col-index=\"0\"\n                data-row-index=\"0\"\n                style=\" width:288px;                padding:10px;\"\n                >\n                                Enfants \u00e0 charge                <\/th>\n                                            <th class=\"wpdt-cell wpdt-bc-F3F9FE wpdt-bold\"\n                                    data-cell-id=\"B1\"\n                data-col-index=\"1\"\n                data-row-index=\"0\"\n                style=\" width:151px;                padding:10px;\"\n                >\n                                Tranche 1                <\/th>\n                                            <th class=\"wpdt-cell wpdt-bc-F3F9FE wpdt-bold\"\n                                    data-cell-id=\"C1\"\n                data-col-index=\"2\"\n                data-row-index=\"0\"\n                style=\" width:156px;                padding:10px;\"\n                >\n                                Tranche 2                <\/th>\n                                            <th class=\"wpdt-cell wpdt-bc-F3F9FE wpdt-bold\"\n                                    data-cell-id=\"D1\"\n                data-col-index=\"3\"\n                data-row-index=\"0\"\n                style=\" width:164px;                padding:10px;\"\n                >\n                                Tranche 3                <\/th>\n                                        <\/tr>\n                    <tbody>        <tr class=\"wpdt-cell-row \" >\n                            <td class=\"wpdt-cell wpdt-bc-FFFFFF\"\n                                    data-cell-id=\"A2\"\n                data-col-index=\"0\"\n                data-row-index=\"1\"\n                style=\"                padding:10px;\"\n                >\n                                2                <\/td>\n                                            <td class=\"wpdt-cell wpdt-bc-FFFFFF\"\n                                    data-cell-id=\"B2\"\n                data-col-index=\"1\"\n                data-row-index=\"1\"\n                style=\"                padding:10px;\"\n                >\n                                151,05 \u20ac\u00a0                <\/td>\n                                            <td class=\"wpdt-cell wpdt-bc-FFFFFF\"\n                                    data-cell-id=\"C2\"\n                data-col-index=\"2\"\n                data-row-index=\"1\"\n                style=\"                padding:10px;\"\n                >\n                                75,53 \u20ac\u00a0                <\/td>\n                                            <td class=\"wpdt-cell wpdt-bc-FFFFFF\"\n                                    data-cell-id=\"D2\"\n                data-col-index=\"3\"\n                data-row-index=\"1\"\n                style=\"                padding:10px;\"\n                >\n                                37,77 \u20ac                <\/td>\n                                        <\/tr>\n                            <tr class=\"wpdt-cell-row \" >\n                            <td class=\"wpdt-cell wpdt-bc-FFFFFF\"\n                                    data-cell-id=\"A3\"\n                data-col-index=\"0\"\n                data-row-index=\"2\"\n                style=\"                padding:10px;\"\n                >\n                                3                <\/td>\n                                            <td class=\"wpdt-cell wpdt-bc-FFFFFF\"\n                                    data-cell-id=\"B3\"\n                data-col-index=\"1\"\n                data-row-index=\"2\"\n                style=\"                padding:10px;\"\n                >\n                                344,56 \u20ac\u00a0                <\/td>\n                                            <td class=\"wpdt-cell wpdt-bc-FFFFFF\"\n                                    data-cell-id=\"C3\"\n                data-col-index=\"2\"\n                data-row-index=\"2\"\n                style=\"                padding:10px;\"\n                >\n                                172,29 \u20ac                <\/td>\n                                            <td class=\"wpdt-cell wpdt-bc-FFFFFF\"\n                                    data-cell-id=\"D3\"\n                data-col-index=\"3\"\n                data-row-index=\"2\"\n                style=\"                padding:10px;\"\n                >\n                                86,14 \u20ac\u00a0                <\/td>\n                                        <\/tr>\n                            <tr class=\"wpdt-cell-row \" >\n                            <td class=\"wpdt-cell wpdt-bc-FFFFFF\"\n                                    data-cell-id=\"A4\"\n                data-col-index=\"0\"\n                data-row-index=\"3\"\n                style=\"                padding:10px;\"\n                >\n                                Par enfant suppl\u00e9mentaire                <\/td>\n                                            <td class=\"wpdt-cell wpdt-bc-FFFFFF\"\n                                    data-cell-id=\"B4\"\n                data-col-index=\"1\"\n                data-row-index=\"3\"\n                style=\"                padding:10px;\"\n                >\n                                193,52 \u20ac                <\/td>\n                                            <td class=\"wpdt-cell wpdt-bc-FFFFFF\"\n                                    data-cell-id=\"C4\"\n                data-col-index=\"2\"\n                data-row-index=\"3\"\n                style=\"                padding:10px;\"\n                >\n                                96,77 \u20ac                <\/td>\n                                            <td class=\"wpdt-cell wpdt-bc-FFFFFF\"\n                                    data-cell-id=\"D4\"\n                data-col-index=\"3\"\n                data-row-index=\"3\"\n                style=\"                padding:10px;\"\n                >\n                                48,38 \u20ac                <\/td>\n                                        <\/tr>\n                            <tr class=\"wpdt-cell-row \" >\n                            <td class=\"wpdt-cell \"\n                                    data-cell-id=\"A5\"\n                data-col-index=\"0\"\n                data-row-index=\"4\"\n                style=\"                padding:10px;\"\n                >\n                                Majoration pour les enfants de 14 ans et plus                <\/td>\n                                            <td class=\"wpdt-cell \"\n                                    data-cell-id=\"B5\"\n                data-col-index=\"1\"\n                data-row-index=\"4\"\n                style=\"                padding:10px;\"\n                >\n                                75,53 \u20ac                <\/td>\n                                            <td class=\"wpdt-cell \"\n                                    data-cell-id=\"C5\"\n                data-col-index=\"2\"\n                data-row-index=\"4\"\n                style=\"                padding:10px;\"\n                >\n                                37,77\u00a0\u20ac                <\/td>\n                                            <td class=\"wpdt-cell \"\n                                    data-cell-id=\"D5\"\n                data-col-index=\"3\"\n                data-row-index=\"4\"\n                style=\"                padding:10px;\"\n                >\n                                18,88\u00a0\u20ac                <\/td>\n                                        <\/tr>\n                    <\/table>\n<\/div><style id='wpdt-custom-style-206'>\n.wpdt-bc-F3F9FE { background-color: #F3F9FE !important;}\n.wpdt-bc-FFFFFF { background-color: #FFFFFF !important;}\n<\/style>\n<\/p>\n<div class='cta-block'><div class='text'>Simulez vos Allocations Familiales en 2 min. Gratuit.<\/div><a href='https:\/\/www.mes-allocs.fr\/ab-app?origin=guides\/wp-json\/wp\/v2\/posts\/253' class='app-button fit'>Simulation gratuite<\/a><\/div>\n<h2>Montant de l&rsquo;allocation forfaitaire provisoire<\/h2>\n<div id=\"bareme-de-lallocation-familiale\" class=\"ce_text block overflow-auto\">\n<p>Lorsqu\u2019un enfant atteint l\u2019\u00e2ge de 20 ans, il n&rsquo;est plus pris en compte pour le <strong>calcul des allocations familiales<\/strong>. Pour les familles avec 3 enfants et plus, ce manque peut \u00eatre important.<\/p>\n<\/div>\n<p>L\u2019allocation forfaitaire provisoire permet alors de diminuer cette perte. Elle est vers\u00e9e sous trois conditions :<\/p>\n<ul>\n<li>L\u2019enfant qui \u00e0 20 ans vit encore dans le foyer de l\u2019allocataire ;<\/li>\n<li>L\u2019enfant qui \u00e0 20 ans ne doit pas percevoir un revenu professionnel sup\u00e9rieur \u00e0 1 104,25,25 \u20ac ;<\/li>\n<li>Le mois pr\u00e9c\u00e9dant ses 20 ans, les allocations familiales ont \u00e9t\u00e9 vers\u00e9es pour au moins 3 enfants.<\/li>\n<\/ul>\n<div id=\"bareme-de-lallocation-forfaitaire\" class=\"ce_text block overflow-auto\">\n<p>Pour rappel, l\u2019allocation forfaitaire est vers\u00e9e jusqu\u2019au mois pr\u00e9c\u00e9dant le 21<sup>\u00e8me<\/sup> anniversaire de l\u2019enfant.<\/p>\n<\/div>\n\n<div class=\"wpdt-c row wpDataTableContainerSimpleTable wpDataTables wpDataTablesWrapper\n\"\n    >\n    <table id=\"wpdtSimpleTable-257\"\n           class=\"wpdtSimpleTable wpDataTable\"\n           data-column=\"3\"\n           data-rows=\"2\"\n           data-wpID=\"257\"\n           data-responsive=\"0\"\n           data-has-header=\"1\">\n\n                    <thead>        <tr class=\"wpdt-cell-row \" >\n                            <th class=\"wpdt-cell wpdt-bc-F3F9FE\"\n                                    data-cell-id=\"A1\"\n                data-col-index=\"0\"\n                data-row-index=\"0\"\n                style=\" width:31.524008350731%;                padding:10px;\"\n                >\n                                Tranche 1                <\/th>\n                                            <th class=\"wpdt-cell wpdt-bc-F3F9FE\"\n                                    data-cell-id=\"B1\"\n                data-col-index=\"1\"\n                data-row-index=\"0\"\n                style=\" width:34.237995824635%;                padding:10px;\"\n                >\n                                Tranche 2                <\/th>\n                                            <th class=\"wpdt-cell wpdt-bc-F3F9FE\"\n                                    data-cell-id=\"C1\"\n                data-col-index=\"2\"\n                data-row-index=\"0\"\n                style=\" width:34.237995824635%;                padding:10px;\"\n                >\n                                Tranche 3                <\/th>\n                                        <\/tr>\n                    <tbody>        <tr class=\"wpdt-cell-row \" >\n                            <td class=\"wpdt-cell wpdt-bc-FFFFFF\"\n                                    data-cell-id=\"A2\"\n                data-col-index=\"0\"\n                data-row-index=\"1\"\n                style=\"                padding:10px;\"\n                >\n                                95,51 \u20ac                <\/td>\n                                            <td class=\"wpdt-cell wpdt-bc-FFFFFF\"\n                                    data-cell-id=\"B2\"\n                data-col-index=\"1\"\n                data-row-index=\"1\"\n                style=\"                padding:10px;\"\n                >\n                                47,76 \u20ac                <\/td>\n                                            <td class=\"wpdt-cell wpdt-bc-FFFFFF\"\n                                    data-cell-id=\"C2\"\n                data-col-index=\"2\"\n                data-row-index=\"1\"\n                style=\"                padding:10px;\"\n                >\n                                23,89 \u20ac                <\/td>\n                                        <\/tr>\n                    <\/table>\n<\/div><style id='wpdt-custom-style-257'>\ntable#wpdtSimpleTable-257{ table-layout: fixed !important; }\n.wpdt-bc-F3F9FE { background-color: #F3F9FE !important;}\n.wpdt-bc-FFFFFF { background-color: #FFFFFF !important;}\n<\/style>\n\n<h2 style=\"text-align: justify;\"><b>Compl\u00e9ment d\u00e9gressif des allocations familiales des allocations familiales pour 2 enfants<\/b><\/h2>\n<p style=\"text-align: justify;\"><span style=\"font-weight: 400;\">\u00a0S<\/span><span style=\"font-weight: 400;\">i les ressources de votre foyer <\/span><b>d\u00e9passent l\u00e9g\u00e8rement le plafond<\/b><span style=\"font-weight: 400;\"> de ressource qui vous concerne, vous pouvez pr\u00e9tendre \u00e0 un <\/span><b>compl\u00e9ment d\u00e9gressif<\/b><span style=\"font-weight: 400;\">. Vous pouvez toucher ce compl\u00e9ment uniquement si la diff\u00e9rence entre le plafond de ressources et vos ressources consid\u00e9r\u00e9 est inf\u00e9rieure \u00e0 12 fois l\u2019allocation annuelle que vous percevez en d\u00e9passant le plafond de ressources (majorations comprises).<\/span><\/p>\n<h1 style=\"text-align: justify;\"><b>Comment demander vos allocations familiales Pour 2 enfants ?<\/b><\/h1>\n<div id=\"attachment_282\" style=\"width: 352px\" class=\"wp-caption alignright\"><img loading=\"lazy\" decoding=\"async\" aria-describedby=\"caption-attachment-282\" class=\" wp-image-282\" src=\"https:\/\/www.mes-allocs.fr\/guides\/wp-content\/uploads\/2019\/07\/crop-femme-ecrit-papier_23-2147762366.jpg\" alt=\"allocations familiales pour 2\" width=\"342\" height=\"229\" srcset=\"https:\/\/www.mes-allocs.fr\/guides\/wp-content\/uploads\/2019\/07\/crop-femme-ecrit-papier_23-2147762366.jpg 624w, https:\/\/www.mes-allocs.fr\/guides\/wp-content\/uploads\/2019\/07\/crop-femme-ecrit-papier_23-2147762366-300x200.jpg 300w, https:\/\/www.mes-allocs.fr\/guides\/wp-content\/uploads\/2019\/07\/crop-femme-ecrit-papier_23-2147762366-600x401.jpg 600w\" sizes=\"auto, (max-width: 342px) 100vw, 342px\" \/><p id=\"caption-attachment-282\" class=\"wp-caption-text\">Attention \u00e0 votre demande !<\/p><\/div>\n<p style=\"text-align: justify;\"><span style=\"font-weight: 400;\">Vous pouvez demander les allocations familiales pour l\u2019arriv\u00e9e de votre second enfant. N\u2019\u00e9tant jusqu\u2019\u00e0 pr\u00e9sent pas allocataire, vous devez remplir deux formulaires et y joindre les pi\u00e8ces justificatives demand\u00e9es, afin de constituer un dossier aupr\u00e8s de votre CAF. Pour un gain de temps pr\u00e9cieux, demandez \u00e0 <\/span><a href=\"https:\/\/www.mes-allocs.fr\/signature\"><span style=\"font-weight: 400;\">Mes Allocs de le faire \u00e0 votre place <\/span><span style=\"font-weight: 400;\">!<\/span><\/a><\/p>\n<p style=\"text-align: justify;\"><span style=\"font-weight: 400;\">Les allocations familiales vous sont vers\u00e9es \u00e0 terme \u00e9chu (le montant du f\u00e9vrier vers\u00e9 en mars par exemple), \u00e0 partir du mois qui suit la naissance de votre enfant.<\/span><\/p>\n<h1>Cong\u00e9 parental<\/h1>\n<div>\n<div id=\"intro\" class=\"lead\">\n<p>Au moment de la naissance ou de l&rsquo;arriv\u00e9e au foyer d&rsquo;un enfant, le salari\u00e9 peut arr\u00eater de travailler pour s&rsquo;occuper de l&rsquo;enfant. Il peut alors b\u00e9n\u00e9ficier d&rsquo;un cong\u00e9 parental d&rsquo;\u00e9ducation. Ce cong\u00e9 est soumis \u00e0 des conditions d&rsquo;anciennet\u00e9. La dur\u00e9e du cong\u00e9 varie selon le nombre d\u2019enfants n\u00e9s ou adopt\u00e9s simultan\u00e9ment.<\/p>\n<\/div>\n<\/div>\n<div>\n<div class=\"content-fiche\"><\/div>\n<\/div>\n","protected":false},"excerpt":{"rendered":"<p>[Mis \u00e0 jour le 12\/02\/2026] Les allocations familiales sont une aide financi\u00e8re. Vous pouvez en b\u00e9n\u00e9ficier si vous avez au moins deux enfants de moins de 20 ans \u00e0 charge. Elles sont soumises \u00e0 des conditions de revenus. Cette aide financi\u00e8re vous est vers\u00e9e par la Caisse d\u2019Allocations Familiales (CAF) ou la Mutualit\u00e9 Sociale Agricole [&hellip;]<\/p>\n","protected":false},"author":6,"featured_media":281,"comment_status":"open","ping_status":"open","sticky":false,"template":"","format":"standard","meta":{"amp_status":"","footnotes":""},"categories":[10],"tags":[],"class_list":["post-253","post","type-post","status-publish","format-standard","has-post-thumbnail","hentry","category-allocations-familiales"],"yoast_head":"<!-- This site is optimized with the Yoast SEO plugin v14.9 - https:\/\/yoast.com\/wordpress\/plugins\/seo\/ -->\n<title>Allocations Familiales avec 2 enfants : \u00e0 combien avez-vous droit ?<\/title>\n<meta name=\"description\" content=\"Les allocations familiales constituent un soutien financier pour les familles de 2 enfants, apportant un certain soulagement financier.\" \/>\n<meta name=\"robots\" content=\"index, follow, max-snippet:-1, max-image-preview:large, max-video-preview:-1\" \/>\n<link rel=\"canonical\" href=\"https:\/\/www.mes-allocs.fr\/guides\/allocations-familiales\/allocations-familiales-2-enfants\/\" \/>\n<meta property=\"og:locale\" content=\"fr_FR\" \/>\n<meta property=\"og:type\" content=\"article\" \/>\n<meta property=\"og:title\" content=\"Allocations Familiales avec 2 enfants : \u00e0 combien avez-vous droit ?\" \/>\n<meta property=\"og:description\" content=\"Les allocations familiales constituent un soutien financier pour les familles de 2 enfants, apportant un certain soulagement financier.\" \/>\n<meta property=\"og:url\" content=\"https:\/\/www.mes-allocs.fr\/guides\/allocations-familiales\/allocations-familiales-2-enfants\/\" \/>\n<meta property=\"og:site_name\" content=\"Mes-Allocs.fr\" \/>\n<meta property=\"article:published_time\" content=\"2019-07-12T15:36:05+00:00\" \/>\n<meta property=\"article:modified_time\" content=\"2026-03-02T08:40:39+00:00\" \/>\n<meta property=\"og:image\" content=\"https:\/\/www.mes-allocs.fr\/guides\/wp-content\/uploads\/2019\/07\/home-hero-e1686561232675.jpg?wsr\" \/>\n\t<meta property=\"og:image:width\" content=\"808\" \/>\n\t<meta property=\"og:image:height\" content=\"195\" \/>\n<meta name=\"twitter:card\" content=\"summary_large_image\" \/>\n<script type=\"application\/ld+json\" class=\"yoast-schema-graph\">{\"@context\":\"https:\/\/schema.org\",\"@graph\":[{\"@type\":\"WebSite\",\"@id\":\"https:\/\/www.mes-allocs.fr\/guides\/#website\",\"url\":\"https:\/\/www.mes-allocs.fr\/guides\/\",\"name\":\"Mes-Allocs.fr\",\"description\":\"\",\"potentialAction\":[{\"@type\":\"SearchAction\",\"target\":\"https:\/\/www.mes-allocs.fr\/guides\/?s={search_term_string}\",\"query-input\":\"required name=search_term_string\"}],\"inLanguage\":\"fr-FR\"},{\"@type\":\"ImageObject\",\"@id\":\"https:\/\/www.mes-allocs.fr\/guides\/allocations-familiales\/allocations-familiales-2-enfants\/#primaryimage\",\"inLanguage\":\"fr-FR\",\"url\":\"https:\/\/www.mes-allocs.fr\/guides\/wp-content\/uploads\/2019\/07\/home-hero-e1686561232675.jpg?wsr\",\"width\":808,\"height\":195,\"caption\":\"home hero e1563552991860\"},{\"@type\":\"WebPage\",\"@id\":\"https:\/\/www.mes-allocs.fr\/guides\/allocations-familiales\/allocations-familiales-2-enfants\/#webpage\",\"url\":\"https:\/\/www.mes-allocs.fr\/guides\/allocations-familiales\/allocations-familiales-2-enfants\/\",\"name\":\"Allocations Familiales avec 2 enfants : \\u00e0 combien avez-vous droit ?\",\"isPartOf\":{\"@id\":\"https:\/\/www.mes-allocs.fr\/guides\/#website\"},\"primaryImageOfPage\":{\"@id\":\"https:\/\/www.mes-allocs.fr\/guides\/allocations-familiales\/allocations-familiales-2-enfants\/#primaryimage\"},\"datePublished\":\"2019-07-12T15:36:05+00:00\",\"dateModified\":\"2026-03-02T08:40:39+00:00\",\"author\":{\"@id\":\"https:\/\/www.mes-allocs.fr\/guides\/#\/schema\/person\/0ecd61a8600573914d00d970a588c024\"},\"description\":\"Les allocations familiales constituent un soutien financier pour les familles de 2 enfants, apportant un certain soulagement financier.\",\"inLanguage\":\"fr-FR\"},{\"@type\":\"Person\",\"@id\":\"https:\/\/www.mes-allocs.fr\/guides\/#\/schema\/person\/0ecd61a8600573914d00d970a588c024\",\"name\":\"Jonathan\",\"image\":{\"@type\":\"ImageObject\",\"@id\":\"https:\/\/www.mes-allocs.fr\/guides\/#personlogo\",\"inLanguage\":\"fr-FR\",\"url\":\"https:\/\/www.mes-allocs.fr\/guides\/wp-content\/uploads\/2021\/06\/jonathan-150x150.png\",\"caption\":\"Jonathan\"},\"description\":\"Jonathan est r\\u00e9dacteur au sein de l'\\u00e9quipe Mes Allocs, sp\\u00e9cialis\\u00e9 sur les sujets li\\u00e9s au handicap. Dipl\\u00f4m\\u00e9e de l'UPEM, il rejoint Mes Allocs apr\\u00e8s avoir travaill\\u00e9 \\u00e0 l'association AEDE qui accompagne les adultes en situation de handicap. Quand il n'\\u00e9crit pas, on peut le retrouver sur un terrain de basket.\",\"sameAs\":[\"https:\/\/www.linkedin.com\/in\/jonathan-bambela-8637861b7\"]}]}<\/script>\n<!-- \/ Yoast SEO plugin. -->","amp_validity":null,"acf":{"faq":{"1":{"question":"\ud83e\udd14 Que sont les allocations familiales ? ","answer":"Les allocations familiales sont des sommes vers\u00e9es aux personnes ayant un ou des enfants \u00e0 charge. "},"2":{"question":"\ud83e\udd37\u200d\u2640\ufe0f Quelles sont les conditions li\u00e9es aux allocations familiales ?","answer":"Vous recevez automatiquement les allocations familiales \u00e0 partir de votre deuxi\u00e8me enfant \u00e0 charge, une fois celui-ci signal\u00e9 \u00e0 la Caisse des Allocations Familiales (CAF) ou la Mutualit\u00e9 Sociale Agricole (MSA). Faites <a href=\"https:\/\/www.mes-allocs.fr\/simulation-aides\">la simulation gratuite<\/a> directement sur le site de Mes Allocs pour conna\u00eetre tous vos droits d'\u00e9ligibilit\u00e9s."},"3":{"question":"\ud83e\udd1d Comment demander les allocations familiales ?","answer":"Vous devez remplir un formulaire et fournir certaines pi\u00e8ces justificatives \u00e0 la Caisse d\u2019Allocations Familiales (CAF) ou \u00e0 la Mutualit\u00e9 Sociale Agricole (MSA). Vous pouvez aussi demander \u00e0 Mes Allocs de faire <a href=\"https:\/\/www.mes-allocs.fr\/signature\">toutes les d\u00e9marches administratives<\/a> \u00e0 votre place."},"4":{"question":"\ud83e\udd14 Comment faire une simulation d'allocations familiales ?","answer":"Le plus simple pour savoir si vous \u00eates \u00e9ligible aux allocations familiales en fonction de vos revenus et de votre situation familiale, est de faire <a href=\"https:\/\/www.mes-allocs.fr\/simulation-aides\">la simulation gratuite<\/a> d'allocations familiales de Mes Allocs."},"5":{"question":"\ud83e\udd37\u200d\u2640\ufe0f Quel est le montant d'allocation familiale ?","answer":"Le montant des allocations familiales en 2025 varie en fonction du nombre d'enfants \u00e0 charge et des ressources du foyer. Par exemple, pour 2 enfants \u00e0 charge le montant d'allocation familiale est de 151,05 euros pour les foyers aux ressources inf\u00e9rieures ou \u00e9gales \u00e0 78 565 \u20ac."},"6":{"question":"\ud83e\udd1d Quand cesse les allocations familiales ?","answer":"Pour la CAF, un enfant est consid\u00e9r\u00e9 \u00e0 charge jusqu'\u00e0 ses 20 ans. Toutefois, vous pouvez b\u00e9n\u00e9ficier du versement du compl\u00e9ment familial et des allocations logement (voir ici) jusqu'\u00e0 ses 21 ans en m\u00e9tropole et 22 ans dans les DOM."},"7":{"question":"\ud83e\udd14 Qu'est-ce que la modulation des allocations familiales ?","answer":"La modulation des allocations familiales vise \u00e0 r\u00e9duire l'enveloppe accord\u00e9e \u00e0 la politique familiale dans un but de r\u00e9ductions des d\u00e9penses publiques."},"8":{"question":"\ud83e\udd37\u200d\u2640\ufe0f Quelles sont les prestations familiales ?","answer":"Les prestations familiales sont des prestations sociales dont l'objet est d'apporter aux familles une aide compensant partiellement les d\u00e9penses engag\u00e9es pour la subsistance et l'\u00e9ducation des enfants."},"9":{"question":"","answer":""},"10":{"question":"","answer":""},"11":{"question":"","answer":""},"12":{"question":"","answer":""},"13":{"question":"","answer":""},"14":{"question":"","answer":""},"15":{"question":"","answer":""},"16":{"question":"","answer":""}}},"_links":{"self":[{"href":"https:\/\/www.mes-allocs.fr\/guides\/wp-json\/wp\/v2\/posts\/253","targetHints":{"allow":["GET"]}}],"collection":[{"href":"https:\/\/www.mes-allocs.fr\/guides\/wp-json\/wp\/v2\/posts"}],"about":[{"href":"https:\/\/www.mes-allocs.fr\/guides\/wp-json\/wp\/v2\/types\/post"}],"author":[{"embeddable":true,"href":"https:\/\/www.mes-allocs.fr\/guides\/wp-json\/wp\/v2\/users\/6"}],"replies":[{"embeddable":true,"href":"https:\/\/www.mes-allocs.fr\/guides\/wp-json\/wp\/v2\/comments?post=253"}],"version-history":[{"count":50,"href":"https:\/\/www.mes-allocs.fr\/guides\/wp-json\/wp\/v2\/posts\/253\/revisions"}],"predecessor-version":[{"id":109946,"href":"https:\/\/www.mes-allocs.fr\/guides\/wp-json\/wp\/v2\/posts\/253\/revisions\/109946"}],"wp:featuredmedia":[{"embeddable":true,"href":"https:\/\/www.mes-allocs.fr\/guides\/wp-json\/wp\/v2\/media\/281"}],"wp:attachment":[{"href":"https:\/\/www.mes-allocs.fr\/guides\/wp-json\/wp\/v2\/media?parent=253"}],"wp:term":[{"taxonomy":"category","embeddable":true,"href":"https:\/\/www.mes-allocs.fr\/guides\/wp-json\/wp\/v2\/categories?post=253"},{"taxonomy":"post_tag","embeddable":true,"href":"https:\/\/www.mes-allocs.fr\/guides\/wp-json\/wp\/v2\/tags?post=253"}],"curies":[{"name":"wp","href":"https:\/\/api.w.org\/{rel}","templated":true}]}}