{"id":25267,"date":"2021-04-19T18:27:30","date_gmt":"2021-04-19T16:27:30","guid":{"rendered":"https:\/\/www.mes-allocs.fr\/guides\/?p=25267"},"modified":"2023-09-27T09:50:27","modified_gmt":"2023-09-27T07:50:27","slug":"aide-a-la-renovation-thermique","status":"publish","type":"post","link":"https:\/\/www.mes-allocs.fr\/guides\/aide-renovation\/aide-renovation-energetique\/aide-a-la-renovation-thermique\/","title":{"rendered":"Quelles sont les aides \u00e0 la renovation thermique ?"},"content":{"rendered":"<p><img loading=\"lazy\" decoding=\"async\" class=\"alignnone wp-image-25280 size-full\" src=\"https:\/\/www.mes-allocs.fr\/guides\/wp-content\/uploads\/2021\/04\/pexels-anthony-shkraba-5493677-e1677238054110.jpg\" alt=\"aide renovation thermique\" width=\"1280\" height=\"211\" srcset=\"https:\/\/www.mes-allocs.fr\/guides\/wp-content\/uploads\/2021\/04\/pexels-anthony-shkraba-5493677-e1677238054110.jpg 1280w, https:\/\/www.mes-allocs.fr\/guides\/wp-content\/uploads\/2021\/04\/pexels-anthony-shkraba-5493677-e1677238054110-300x49.jpg 300w, https:\/\/www.mes-allocs.fr\/guides\/wp-content\/uploads\/2021\/04\/pexels-anthony-shkraba-5493677-e1677238054110-1024x169.jpg 1024w, https:\/\/www.mes-allocs.fr\/guides\/wp-content\/uploads\/2021\/04\/pexels-anthony-shkraba-5493677-e1677238054110-768x127.jpg 768w, https:\/\/www.mes-allocs.fr\/guides\/wp-content\/uploads\/2021\/04\/pexels-anthony-shkraba-5493677-e1677238054110-600x99.jpg 600w\" sizes=\"auto, (max-width: 1280px) 100vw, 1280px\" \/><\/p>\n<p class=\"p2\"><strong>Si votre logement est mal isol\u00e9, <a href=\"https:\/\/www.mes-allocs.fr\/guides\/aide-renovation\/aide-renovation-energetique\/\">plusieurs aides<\/a> a la r\u00e9novation thermique sont disponibles pour vous aider dans vos travaux. Proc\u00e9der \u00e0 la r\u00e9novation de l\u2019isolation thermique de votre logement permet de gagner en confort tout en faisant des \u00e9conomies d\u2019\u00e9nergie.\u00a0<\/strong><\/p>\n<div class='cta-block'><div class='text'>Simulez toutes vos aides en 2 min.<\/div><a href='https:\/\/www.mes-allocs.fr\/ab-app?origin=guides\/wp-json\/wp\/v2\/posts\/25267' class='app-button fit'>Simulation gratuite<\/a><\/div>\n<h1 id=\"title-2\">Les aides \u00e0 la r\u00e9novation thermique de l&rsquo;Anah<\/h1>\n<h2>MaPrimeR\u00e9nov&rsquo;<\/h2>\n<p><a href=\"https:\/\/www.mes-allocs.fr\/guides\/aide-renovation\/ma-prime-renov-anah\/prime-renov-et-prime-renov-serenite\/\">MaPrimeR\u00e9nov&rsquo;<\/a> remplace le cr\u00e9dit d&rsquo;imp\u00f4t transition \u00e9nerg\u00e9tique et les aides de l\u2019Agence nationale de l\u2019Habitat (Anah) \u00ab Habiter mieux agilit\u00e9 \u00bb. Dans le cadre du plan de relance de l&rsquo;\u00e9conomie, le dispositif a \u00e9t\u00e9 renforc\u00e9 depuis le 1<sup>er<\/sup>\u00a0octobre 2020.<\/p>\n<p>Tous les m\u00e9nages, qu&rsquo;ils soient en copropri\u00e9t\u00e9, propri\u00e9taires occupants ou bailleurs peuvent obtenir MaPrimeR\u00e9nov\u2019.<\/p>\n<h3>Quels types de travaux permettent de b\u00e9n\u00e9ficier de MaPrimeR\u00e9nov&rsquo; ?<\/h3>\n<p>MaPrimeR\u00e9nov&rsquo; permet de financer les types de travaux suivants : travaux d\u2019isolation thermique des fen\u00eatres, de\u00a0chauffage, de\u00a0ventilation\u00a0ou d\u2019audit \u00e9nerg\u00e9tique\u00a0d\u2019une\u00a0maison individuelle\u00a0ou d\u2019un appartement en habitat collectif.<\/p>\n<p>Les travaux doivent \u00eatre r\u00e9alis\u00e9s par une entreprise labellis\u00e9e RGE.<\/p>\n<h3>Quel est le montant de cette aide ?<\/h3>\n<p>Le montant de la prime est calcul\u00e9 selon vos revenus et le gain \u00e9cologique des travaux, il <b>peut atteindre 11 000 \u20ac si vos revenus\u00a0sont consid\u00e9r\u00e9s comme tr\u00e8s modestes<\/b>. Le logement doit \u00eatre votre <b>r\u00e9sidence principale<\/b>.<\/p>\n<h2>MaPrimeR\u00e9nov&rsquo; S\u00e9r\u00e9nit\u00e9<\/h2>\n<p><a href=\"https:\/\/www.mes-allocs.fr\/guides\/aide-renovation\/ma-prime-renov-anah\/prime-renov-et-prime-renov-serenite\/\">MaPrimeR\u00e9nov&rsquo; S\u00e9r\u00e9nit\u00e9<\/a> est une\u00a0<a href=\"https:\/\/www.mes-allocs.fr\/guides\/aide-logement\/subvention-anah\/\">aide de l&rsquo;Anah<\/a> prend en charge 35 % \u00e0 50 % du montant de vos travaux pour les logements de plus de 15 ans. Pour en b\u00e9n\u00e9ficier, vous devez \u00eatre propri\u00e9taire occupant ou bailleur.<\/p>\n<h3>Quels types de travaux sont \u00e9ligibles ?<\/h3>\n<p>Vous pouvez faire r\u00e9aliser des <a href=\"https:\/\/www.mes-allocs.fr\/guides\/aide-renovation\/aide-changement-fenetre\/aides-changements-fenetres\/\">travaux d&rsquo;isolation de vos fen\u00eatres<\/a> par un artisan ou une entreprise qualifi\u00e9 RGE.<\/p>\n<h3>\u00a0Quel est le montant de l&rsquo;aide ?<\/h3>\n<p>Si vous vous situez dans la cat\u00e9gorie \u00ab\u00a0ressources tr\u00e8s modestes\u00a0\u00bb le montant de l&rsquo;aide sera de :<\/p>\n<ul>\n<li><strong>50 % <\/strong>du montant total des travaux HT plafonn\u00e9\u00a0<strong>17.500 \u20ac.<\/strong><\/li>\n<\/ul>\n<p>Si vous vous situez dans la cat\u00e9gorie \u00ab\u00a0ressources modestes\u00a0\u00bb, le montant de l&rsquo;aide sera de :<\/p>\n<ul>\n<li><strong>35 % <\/strong>du montant total des travaux HT plafonn\u00e9 \u00e0\u00a0<strong>12.250 \u20ac<\/strong>.<\/li>\n<\/ul>\n<p><b>Deux bonus de 1.500 \u20ac<\/b> chacun sont pr\u00e9vus : un pour la <b>sortie d&rsquo;un logement dit \u00ab\u00a0passoire thermique\u00a0\u00bb<\/b>, et un <b>bonus\u00a0b\u00e2timent basse consommation.<\/b><\/p>\n<div class='cta-block'><div class='text'>Simulez toutes vos aides en 2 min.<\/div><a href='https:\/\/www.mes-allocs.fr\/ab-app?origin=guides\/wp-json\/wp\/v2\/posts\/25267' class='app-button fit'>Simulation gratuite<\/a><\/div>\n<div>\n<h1>Les autres aides \u00e0 la r\u00e9novation thermique<\/h1>\n<p>Vous pouvez b\u00e9n\u00e9ficier des aides \u00e0 la r\u00e9novation\u00a0suivantes pour vos travaux d\u2019isolation thermique, que ce soit par l\u2019ext\u00e9rieur ou par l\u2019int\u00e9rieur :<\/p>\n<ul>\n<li>La prime \u00e9nergie pour l\u2019isolation des murs<\/li>\n<li>Le cr\u00e9dit d\u2019imp\u00f4t pour l\u2019isolation des murs<\/li>\n<li>L\u2019\u00e9co-pr\u00eat \u00e0 taux z\u00e9ro (\u00e9co-PTZ)<\/li>\n<\/ul>\n<h2 data-test=\"titre-page\">\u00c9co-pr\u00eat \u00e0 taux z\u00e9ro (\u00e9co-PTZ)<\/h2>\n<div>\n<div id=\"intro\" class=\"lead\">\n<p><a href=\"https:\/\/www.mes-allocs.fr\/guides\/credit-immobilier\/types-credits-immobiliers\/pret-travaux\/\">L&rsquo;\u00e9co-pr\u00eat \u00e0 taux z\u00e9ro<\/a> (\u00e9co-PTZ) finance des travaux de r\u00e9novation \u00e9nerg\u00e9tique des habitations. Le montant maximal de l&rsquo;\u00e9co-PTZ est compris entre <strong><span class=\"prix\">7\u00a0000\u00a0\u20ac<\/span><\/strong>\u00a0et<b> 5<\/b><strong><span class=\"prix\">0\u00a0000\u00a0\u20ac<\/span><\/strong> en fonction des travaux financ\u00e9s.<\/p>\n<p>L&rsquo;\u00e9co-PTZ vous est ouvert si :<\/p>\n<\/div>\n<\/div>\n<div>\n<div class=\"content-fiche\">\n<ul>\n<li>Vous \u00eates propri\u00e9taire occupant ou propri\u00e9taire qui loue ou s&rsquo;engage \u00e0 louer son logement<\/li>\n<li>Vous \u00eates copropri\u00e9taire (et non le syndicat de copropri\u00e9taires) occupant ou bailleur. Le pr\u00eat financera la quote-part de travaux pour l&rsquo;int\u00e9r\u00eat collectif r\u00e9alis\u00e9s sur les parties privatives. L&rsquo;\u00e9co-PTZ financera \u00e9galement les travaux r\u00e9alis\u00e9s sur les parties et \u00e9quipements communs de l&rsquo;immeuble.<\/li>\n<\/ul>\n<p>Cette aide financi\u00e8re n&rsquo;est pas soumis \u00e0 condition de ressources.<\/p>\n<p>Pour pouvoir b\u00e9n\u00e9ficier d&rsquo;un \u00e9co-PTZ, votre logement doit \u00eatre votre r\u00e9sidence principale et doit avoir \u00e9t\u00e9 construit depuis plus de 2 ans.<\/p>\n<p>Son montant maximum est de <b>5<\/b><strong>0.000 \u20ac<\/strong> <b>remboursables sur 15 ans.<\/b><\/p>\n<h3>Les travaux \u00e9ligibles \u00e0 l&rsquo;\u00e9co-pr\u00eat \u00e0 taux z\u00e9ro<\/h3>\n<p>Pour b\u00e9n\u00e9ficier de l&rsquo;\u00e9co-PTZ, vos travaux doivent concerner une isolation thermique des fen\u00eatres \u00e0 la condition que les mat\u00e9riaux utilis\u00e9s viennent remplacer des parois en simple vitrage (au moins la moiti\u00e9 des fen\u00eatres) et portes donnant sur l&rsquo;ext\u00e9rieur (au moins la moiti\u00e9 des portes)<\/p>\n<p>Vos travaux doivent obligatoirement \u00eatre r\u00e9alis\u00e9s par une entreprise b\u00e9n\u00e9ficiant d&rsquo;un signe de qualit\u00e9 <span class=\"expression\">Reconnu garant de l&rsquo;environnement<\/span>\u00a0(RGE).<\/p>\n<h3>Montant du pr\u00eat<\/h3>\n<p>Le montant maximal de l&rsquo;\u00e9co-PTZ est de\u00a0:<\/p>\n<ul>\n<li><strong><span class=\"prix\">7.000\u00a0\u20ac<\/span><\/strong>\u00a0pour une action simple sur les parois vitr\u00e9es<\/li>\n<li><strong><span class=\"prix\">15.000\u00a0\u20ac<\/span><\/strong>\u00a0pour une action simple de travaux d&rsquo;une autre nature<\/li>\n<li><strong><span class=\"prix\">25.000\u00a0\u20ac<\/span><\/strong> pour un cumul de 2\u00a0travaux<\/li>\n<li><strong><span class=\"prix\">30.000\u00a0\u20ac<\/span><\/strong> pour un cumul de 3\u00a0travaux ou plus<\/li>\n<li><b>50.000 \u20ac<\/b> pour une r\u00e9novation globale<\/li>\n<\/ul>\n<div class='cta-block'><div class='text'>Simulez toutes vos aides en 2 min.<\/div><a href='https:\/\/www.mes-allocs.fr\/ab-app?origin=guides\/wp-json\/wp\/v2\/posts\/25267' class='app-button fit'>Simulation gratuite<\/a><\/div>\n<\/div>\n<\/div>\n<div class=\"content-fiche\">\n<h2>Coup de pouce \u00e9conomie d&rsquo;\u00e9nergie<\/h2>\n<p><span class=\"expression\">Le\u00a0<b>Coup de pouce \u00e9conomies d&rsquo;\u00e9nergie, aussi appel\u00e9 \u00ab\u00a0prime \u00e9nergie\u00a0\u00bb,\u00a0<\/b><\/span>permet de payer des d\u00e9penses pour le remplacement d&rsquo;un chauffage.<\/p>\n<p>Pour vous aider dans le choix de vos travaux, vous pouvez gratuitement faire appel \u00e0 un conseiller sp\u00e9cialis\u00e9 en r\u00e9novation \u00e9nerg\u00e9tique. Les travaux doivent \u00eatre r\u00e9alis\u00e9s par un professionnel titulaire d\u2019une qualification RGE (Reconnu Garant de l\u2019Environnement).<\/p>\n<p>Les montants accord\u00e9s sont les suivants :<\/p>\n\n<div class=\"wpdt-c row wpDataTableContainerSimpleTable wpDataTables wpDataTablesWrapper\n\"\n    >\n    <table id=\"wpdtSimpleTable-160\"\n           class=\"wpdtSimpleTable wpDataTable\"\n           data-column=\"8\"\n           data-rows=\"3\"\n           data-wpID=\"160\"\n           data-responsive=\"0\"\n           data-has-header=\"1\">\n\n                    <thead>        <tr class=\"wpdt-cell-row \" >\n                            <th class=\"wpdt-cell wpdt-bc-E9EFF4 wpdt-empty-cell \"\n                                    data-cell-id=\"A1\"\n                data-col-index=\"0\"\n                data-row-index=\"0\"\n                style=\" width:11.888111888112%;                padding:10px;\"\n                >\n                                                <\/th>\n                                            <th class=\"wpdt-cell wpdt-bc-E9EFF4\"\n                                    data-cell-id=\"B1\"\n                data-col-index=\"1\"\n                data-row-index=\"0\"\n                style=\" width:12.587412587413%;                padding:10px;\"\n                >\n                                Chaudi\u00e8re biomasse performante                <\/th>\n                                            <th class=\"wpdt-cell wpdt-bc-E9EFF4\"\n                                    data-cell-id=\"C1\"\n                data-col-index=\"2\"\n                data-row-index=\"0\"\n                style=\" width:12.587412587413%;                padding:10px;\"\n                >\n                                Pompe \u00e0 chaleur air\/eau                <\/th>\n                                            <th class=\"wpdt-cell wpdt-bc-E9EFF4\"\n                                    data-cell-id=\"D1\"\n                data-col-index=\"3\"\n                data-row-index=\"0\"\n                style=\" width:12.587412587413%;                padding:10px;\"\n                >\n                                Syst\u00e8me solaire combin\u00e9                <\/th>\n                                            <th class=\"wpdt-cell wpdt-bc-E9EFF4\"\n                                    data-cell-id=\"E1\"\n                data-col-index=\"4\"\n                data-row-index=\"0\"\n                style=\" width:12.587412587413%;                padding:10px;\"\n                >\n                                Pompe \u00e0 chaleur hybride                <\/th>\n                                            <th class=\"wpdt-cell wpdt-bc-E9EFF4\"\n                                    data-cell-id=\"F1\"\n                data-col-index=\"5\"\n                data-row-index=\"0\"\n                style=\" width:12.587412587413%;                padding:10px;\"\n                >\n                                Raccordement \u00e0 un r\u00e9seau de chaleur EnR&R                <\/th>\n                                            <th class=\"wpdt-cell wpdt-bc-E9EFF4\"\n                                    data-cell-id=\"G1\"\n                data-col-index=\"6\"\n                data-row-index=\"0\"\n                style=\" width:12.587412587413%;                padding:10px;\"\n                >\n                                Pompe \u00e0 chaleur eau\/eau                <\/th>\n                                            <th class=\"wpdt-cell wpdt-bc-E9EFF4\"\n                                    data-cell-id=\"H1\"\n                data-col-index=\"7\"\n                data-row-index=\"0\"\n                style=\" width:12.587412587413%;                padding:10px;\"\n                >\n                                Appareil de chauffage au bois tr\u00e8s performant                <\/th>\n                                        <\/tr>\n                    <tbody>        <tr class=\"wpdt-cell-row \" >\n                            <td class=\"wpdt-cell wpdt-bc-E9EFF4\"\n                                    data-cell-id=\"A2\"\n                data-col-index=\"0\"\n                data-row-index=\"1\"\n                style=\"                padding:10px;\"\n                >\n                                Prime m\u00e9nage modeste                <\/td>\n                                            <td class=\"wpdt-cell \"\n                                    data-cell-id=\"B2\"\n                data-col-index=\"1\"\n                data-row-index=\"1\"\n                style=\"                padding:10px;\"\n                >\n                                4 000 \u20ac (minimum)                <\/td>\n                                            <td class=\"wpdt-cell \"\n                                    data-cell-id=\"C2\"\n                data-col-index=\"2\"\n                data-row-index=\"1\"\n                style=\"                padding:10px;\"\n                >\n                                4 000 \u20ac (minimum)                <\/td>\n                                            <td class=\"wpdt-cell \"\n                                    data-cell-id=\"D2\"\n                data-col-index=\"3\"\n                data-row-index=\"1\"\n                style=\"                padding:10px;\"\n                >\n                                5 000 \u20ac (minimum)                <\/td>\n                                            <td class=\"wpdt-cell \"\n                                    data-cell-id=\"E2\"\n                data-col-index=\"4\"\n                data-row-index=\"1\"\n                style=\"                padding:10px;\"\n                >\n                                4 000 \u20ac (minimum)                <\/td>\n                                            <td class=\"wpdt-cell \"\n                                    data-cell-id=\"F2\"\n                data-col-index=\"5\"\n                data-row-index=\"1\"\n                style=\"                padding:10px;\"\n                >\n                                700 \u20ac (minimum)                <\/td>\n                                            <td class=\"wpdt-cell \"\n                                    data-cell-id=\"G2\"\n                data-col-index=\"6\"\n                data-row-index=\"1\"\n                style=\"                padding:10px;\"\n                >\n                                5 000 \u20ac (minimum)                <\/td>\n                                            <td class=\"wpdt-cell \"\n                                    data-cell-id=\"H2\"\n                data-col-index=\"7\"\n                data-row-index=\"1\"\n                style=\"                padding:10px;\"\n                >\n                                800 \u20ac (minimum)                <\/td>\n                                        <\/tr>\n                            <tr class=\"wpdt-cell-row \" >\n                            <td class=\"wpdt-cell wpdt-bc-E9EFF4\"\n                                    data-cell-id=\"A3\"\n                data-col-index=\"0\"\n                data-row-index=\"2\"\n                style=\"                padding:10px;\"\n                >\n                                Prime autres m\u00e9nages                <\/td>\n                                            <td class=\"wpdt-cell \"\n                                    data-cell-id=\"B3\"\n                data-col-index=\"1\"\n                data-row-index=\"2\"\n                style=\"                padding:10px;\"\n                >\n                                2 500 \u20ac (minimum)                <\/td>\n                                            <td class=\"wpdt-cell \"\n                                    data-cell-id=\"C3\"\n                data-col-index=\"2\"\n                data-row-index=\"2\"\n                style=\"                padding:10px;\"\n                >\n                                2 500 \u20ac (minimum)                <\/td>\n                                            <td class=\"wpdt-cell \"\n                                    data-cell-id=\"D3\"\n                data-col-index=\"3\"\n                data-row-index=\"2\"\n                style=\"                padding:10px;\"\n                >\n                                5 000 \u20ac (minimum)                <\/td>\n                                            <td class=\"wpdt-cell \"\n                                    data-cell-id=\"E3\"\n                data-col-index=\"4\"\n                data-row-index=\"2\"\n                style=\"                padding:10px;\"\n                >\n                                2 500 \u20ac (minimum)                <\/td>\n                                            <td class=\"wpdt-cell \"\n                                    data-cell-id=\"F3\"\n                data-col-index=\"5\"\n                data-row-index=\"2\"\n                style=\"                padding:10px;\"\n                >\n                                450 \u20ac (minimum)                <\/td>\n                                            <td class=\"wpdt-cell \"\n                                    data-cell-id=\"G3\"\n                data-col-index=\"6\"\n                data-row-index=\"2\"\n                style=\"                padding:10px;\"\n                >\n                                5 000 \u20ac (minimum)                <\/td>\n                                            <td class=\"wpdt-cell \"\n                                    data-cell-id=\"H3\"\n                data-col-index=\"7\"\n                data-row-index=\"2\"\n                style=\"                padding:10px;\"\n                >\n                                500 \u20ac (minimum)                <\/td>\n                                        <\/tr>\n                    <\/table>\n<\/div><style id='wpdt-custom-style-160'>\ntable#wpdtSimpleTable-160{ table-layout: fixed !important; }\n.wpdt-bc-E9EFF4 { background-color: #E9EFF4 !important;}\n<\/style>\n\n<p><b>\u00c0 noter<\/b> : il existait \u00e9galement une branche de cette aide permettant de financer des travaux d&rsquo;isolation, mais elle a \u00e9t\u00e9 supprim\u00e9e en juillet 2022.<\/p>\n<h2>TVA \u00e0 taux r\u00e9duit de 5,5 %<\/h2>\n<p>Pour pouvoir b\u00e9n\u00e9ficier d&rsquo;un taux r\u00e9duit de TVA, le logement doit \u00eatre<b> achev\u00e9 depuis plus de 2 ans\u00a0au d\u00e9but des travaux\u00a0<\/b>et utilis\u00e9 en tant qu<b>&lsquo;habitation uniquement<\/b>. Le logement peut \u00eatre une r\u00e9sidence principale ou secondaire.<\/p>\n<p>Les travaux concern\u00e9s sont ceux effectu\u00e9s pour une <b>isolation thermique des parois vitr\u00e9es<\/b> (fen\u00eatres, portes-fen\u00eatres, fen\u00eatres de toit), de volets isolants ou de portes d&rsquo;entr\u00e9e donnant sur l&rsquo;ext\u00e9rieur.<\/p>\n<\/div>\n<\/div>\n<h1><strong>La r\u00e9novation thermique, qu&rsquo;est-ce que c&rsquo;est ? <\/strong><\/h1>\n<p class=\"p2\">Une r\u00e9novation thermique est la r\u00e9alisation de travaux sur le bien pour garder l\u2019\u00e9nergie en ses murs. Elle portera sur tous les ponts thermiques \u00e0 savoir principalement la toiture, les murs et les ouvertures. L\u2019isolation des murs pourra se faire par l\u2019int\u00e9rieur ou l\u2019ext\u00e9rieur, l\u2019isolation des fen\u00eatres pourra \u00eatre am\u00e9lior\u00e9e par le changement des menuiseries ou encore du vitrage.<\/p>\n<h2 class=\"p2\">Pourquoi isoler son logement ?<\/h2>\n<ul>\n<li>R\u00e9duire vos factures \u00e9nerg\u00e9tiques<\/li>\n<li>Prot\u00e9ger l&rsquo;environnement<\/li>\n<li>Am\u00e9liorer votre confort<\/li>\n<li>Limiter les pertes de chaleur<\/li>\n<li>Valoriser votre logement.<\/li>\n<\/ul>\n<h2>Quels travaux d&rsquo;isolation thermique pour votre maison ?<\/h2>\n<p><strong>Isolation de la toiture<\/strong><\/p>\n<p>L\u2019isolation thermique de la toiture am\u00e9liore le confort et pr\u00e9serve la chaleur dans votre maison. 25 \u00e0 30% de la chaleur est perdue par la toiture.<\/p>\n<p><strong>Isolation des murs<\/strong><\/p>\n<p>20 \u00e0 25% de la chaleur d\u2019une habitation est perdue par les murs. Pour pr\u00e9venir ces d\u00e9perditions pr\u00e9pond\u00e9rantes par les murs de la maison,\u00a0 des isolations peuvent \u00eatre mises en oeuvre avec des isolants et des mat\u00e9riaux dits \u00ab\u00a0respirants\u00a0\u00bb, c\u2019est-\u00e0-dire perm\u00e9ables \u00e0 la vapeur d\u2019eau.<\/p>\n<p>L\u2019isolation des murs peut se faire par l\u2019ext\u00e9rieur ou par l\u2019int\u00e9rieur.<\/p>\n<p><strong>Isolation des combles <\/strong><\/p>\n<p>L\u2019isolation des combles am\u00e9nag\u00e9s, sans ou avec r\u00e9fection de toiture, et l\u2019isolation des combles perdus sont des travaux de r\u00e9novation prioritaire car les d\u00e9perditions de chaleur y sont importantes.<\/p>\n<p><strong>Isolation des fen\u00eatres<\/strong><\/p>\n<p>Pour compl\u00e9ter les travaux d\u2019isolation thermique (toit, murs, planchers), installer des fen\u00eatres qui limitent les d\u00e9perditions de chaleur est une action efficace. La performance thermique des fen\u00eatres d\u00e9pend du type de la menuiserie, des performances du vitrage et de la qualit\u00e9 de la pose.<\/p>\n<div class='cta-block'><div class='text'>Simulez toutes vos aides en 2 min.<\/div><a href='https:\/\/www.mes-allocs.fr\/ab-app?origin=guides\/wp-json\/wp\/v2\/posts\/25267' class='app-button fit'>Simulation gratuite<\/a><\/div>\n","protected":false},"excerpt":{"rendered":"<p>Si votre logement est mal isol\u00e9, plusieurs aides a la r\u00e9novation thermique sont disponibles pour vous aider dans vos travaux. Proc\u00e9der \u00e0 la r\u00e9novation de l\u2019isolation thermique de votre logement permet de gagner en confort tout en faisant des \u00e9conomies d\u2019\u00e9nergie.\u00a0 Les aides \u00e0 la r\u00e9novation thermique de l&rsquo;Anah MaPrimeR\u00e9nov&rsquo; MaPrimeR\u00e9nov&rsquo; remplace le cr\u00e9dit d&rsquo;imp\u00f4t [&hellip;]<\/p>\n","protected":false},"author":23,"featured_media":25278,"comment_status":"open","ping_status":"open","sticky":false,"template":"","format":"standard","meta":{"amp_status":"","footnotes":""},"categories":[8154,8250],"tags":[],"class_list":["post-25267","post","type-post","status-publish","format-standard","has-post-thumbnail","hentry","category-aide-renovation","category-aide-renovation-energetique"],"yoast_head":"<!-- This site is optimized with the Yoast SEO plugin v14.9 - https:\/\/yoast.com\/wordpress\/plugins\/seo\/ -->\n<title>Quelles sont les aides \u00e0 la renovation thermique ? | Mes-Allocs.fr<\/title>\n<meta name=\"description\" content=\"Il existe plusieurs aides \u00e0 la renovation thermique vous permettant d&#039;effectuer des travaux dans votre logement \u00e0 moindre c\u00f4ut.\" \/>\n<meta name=\"robots\" content=\"index, follow, max-snippet:-1, max-image-preview:large, max-video-preview:-1\" \/>\n<link rel=\"canonical\" href=\"https:\/\/www.mes-allocs.fr\/guides\/aide-renovation\/aide-renovation-energetique\/aide-a-la-renovation-thermique\/\" \/>\n<meta property=\"og:locale\" content=\"fr_FR\" \/>\n<meta property=\"og:type\" content=\"article\" \/>\n<meta property=\"og:title\" content=\"Quelles sont les aides \u00e0 la renovation thermique ? | Mes-Allocs.fr\" \/>\n<meta property=\"og:description\" content=\"Il existe plusieurs aides \u00e0 la renovation thermique vous permettant d&#039;effectuer des travaux dans votre logement \u00e0 moindre c\u00f4ut.\" \/>\n<meta property=\"og:url\" content=\"https:\/\/www.mes-allocs.fr\/guides\/aide-renovation\/aide-renovation-energetique\/aide-a-la-renovation-thermique\/\" \/>\n<meta property=\"og:site_name\" content=\"Mes-Allocs.fr\" \/>\n<meta property=\"article:published_time\" content=\"2021-04-19T16:27:30+00:00\" \/>\n<meta property=\"article:modified_time\" content=\"2023-09-27T07:50:27+00:00\" \/>\n<meta property=\"og:image\" content=\"https:\/\/www.mes-allocs.fr\/guides\/wp-content\/uploads\/2021\/04\/pexels-ksenia-chernaya-5691544-e1624625023583.jpg?wsr\" \/>\n\t<meta property=\"og:image:width\" content=\"1280\" \/>\n\t<meta property=\"og:image:height\" content=\"412\" \/>\n<meta name=\"twitter:card\" content=\"summary_large_image\" \/>\n<script type=\"application\/ld+json\" class=\"yoast-schema-graph\">{\"@context\":\"https:\/\/schema.org\",\"@graph\":[{\"@type\":\"WebSite\",\"@id\":\"https:\/\/www.mes-allocs.fr\/guides\/#website\",\"url\":\"https:\/\/www.mes-allocs.fr\/guides\/\",\"name\":\"Mes-Allocs.fr\",\"description\":\"\",\"potentialAction\":[{\"@type\":\"SearchAction\",\"target\":\"https:\/\/www.mes-allocs.fr\/guides\/?s={search_term_string}\",\"query-input\":\"required name=search_term_string\"}],\"inLanguage\":\"fr-FR\"},{\"@type\":\"ImageObject\",\"@id\":\"https:\/\/www.mes-allocs.fr\/guides\/aide-renovation\/aide-renovation-energetique\/aide-a-la-renovation-thermique\/#primaryimage\",\"inLanguage\":\"fr-FR\",\"url\":\"https:\/\/www.mes-allocs.fr\/guides\/wp-content\/uploads\/2021\/04\/pexels-ksenia-chernaya-5691544-e1624625023583.jpg?wsr\",\"width\":1280,\"height\":412,\"caption\":\"Aides travaux energie : quelles aides disponibles ?\"},{\"@type\":\"WebPage\",\"@id\":\"https:\/\/www.mes-allocs.fr\/guides\/aide-renovation\/aide-renovation-energetique\/aide-a-la-renovation-thermique\/#webpage\",\"url\":\"https:\/\/www.mes-allocs.fr\/guides\/aide-renovation\/aide-renovation-energetique\/aide-a-la-renovation-thermique\/\",\"name\":\"Quelles sont les aides \\u00e0 la renovation thermique ? | Mes-Allocs.fr\",\"isPartOf\":{\"@id\":\"https:\/\/www.mes-allocs.fr\/guides\/#website\"},\"primaryImageOfPage\":{\"@id\":\"https:\/\/www.mes-allocs.fr\/guides\/aide-renovation\/aide-renovation-energetique\/aide-a-la-renovation-thermique\/#primaryimage\"},\"datePublished\":\"2021-04-19T16:27:30+00:00\",\"dateModified\":\"2023-09-27T07:50:27+00:00\",\"author\":{\"@id\":\"https:\/\/www.mes-allocs.fr\/guides\/#\/schema\/person\/c3664ba41f27bc0d9f3683bf3906300c\"},\"description\":\"Il existe plusieurs aides \\u00e0 la renovation thermique vous permettant d'effectuer des travaux dans votre logement \\u00e0 moindre c\\u00f4ut.\",\"inLanguage\":\"fr-FR\"},{\"@type\":\"Person\",\"@id\":\"https:\/\/www.mes-allocs.fr\/guides\/#\/schema\/person\/c3664ba41f27bc0d9f3683bf3906300c\",\"name\":\"Gabrielle Duchemin\",\"image\":{\"@type\":\"ImageObject\",\"@id\":\"https:\/\/www.mes-allocs.fr\/guides\/#personlogo\",\"inLanguage\":\"fr-FR\",\"url\":\"https:\/\/www.mes-allocs.fr\/guides\/wp-content\/uploads\/2023\/02\/386E5DFE-70F4-4932-B10B-B3E8F5AC454D-e1677586370944-150x150.jpg\",\"caption\":\"Gabrielle Duchemin\"},\"description\":\"Gabrielle est juriste sp\\u00e9cialis\\u00e9e en droit du num\\u00e9rique et de la protection sociale. Elle rejoint Mes Allocs apr\\u00e8s une premi\\u00e8re exp\\u00e9rience dans le secteur bancaire.\",\"sameAs\":[\"https:\/\/www.linkedin.com\/in\/gabrielle-duchemin-b1126214b\/\"]}]}<\/script>\n<!-- \/ Yoast SEO plugin. -->","amp_validity":null,"acf":{"faq":{"1":{"question":"En quoi consiste MaPrimeR\u00e9nov ?","answer":"Depuis le 1er janvier 2021, MaPrimeR\u00e9nov' remplace le cr\u00e9dit d'imp\u00f4t transition \u00e9nerg\u00e9tique et les aides de l\u2019Agence nationale de l\u2019Habitat (Anah) \u00ab Habiter mieux agilit\u00e9 \u00bb. Ce dispositif Dans le cadre du plan de relance de l'\u00e9conomie, le dispositif a \u00e9t\u00e9 renforc\u00e9 depuis le 1er\u00a0octobre 2020.\r\n<br> <a href=\"https:\/\/www.mes-allocs.fr\/guides\/aide-renovation\/aide-renovation-energetique\/tout-savoir-aides-renovation-energetique\/\">Lire la suite<\/a>\r\n"},"2":{"question":"Qu'est-ce que l'aide \u00ab Habiter mieux s\u00e9r\u00e9nit\u00e9 \u00bb ?","answer":"\u00ab Habiter mieux s\u00e9r\u00e9nit\u00e9 \u00bb est une aide vers\u00e9e par l'Anah \u00e0 certains foyers pour les aider dans les travaux de r\u00e9novation de leurs logements. Le financement est proportionnel au montant des travaux. Le montant total de l'aide ne peut pas \u00eatre sup\u00e9rieur \u00e0 17.500 \u20ac."},"3":{"question":"Qu'est-ce que le dispositif \u00ab Coup de pouce \u00e9conomies d\u2019\u00e9nergie \u00bb ?","answer":"L\u2019objectif de ce dispositif est permettre aux foyers en situation de pr\u00e9carit\u00e9 \u00e9nerg\u00e9tique de toucher des aides plus importantes.\r\n<br> <a href=\"https:\/\/www.mes-allocs.fr\/guides\/aide-renovation\/aide-renovation-energetique\/tout-savoir-aides-renovation-energetique\/\">Lire la suite<\/a>\r\n"},"4":{"question":"Quelles sont les aides auxquelles j'ai droit pour mes travaux ?","answer":"- Cr\u00e9dit d'imp\u00f4t\r\n- Prime \u00e9nergie\r\n- Eco-Pr\u00eat \u00e0 Taux Z\u00e9ro\r\n- Aides de l'Anah\r\n- Ch\u00e8que \u00e9nergie\r\n- Aide de la caisse de retraite\r\n- Pr\u00eat de la Caf\r\n- TVA \u00e0 taux r\u00e9duit.\r\n"},"5":{"question":"\u00c0 quoi servent les aides des entreprises de fourniture d'\u00e9nergie (CEE) ?","answer":"Dans le cadre des Certificats d'\u00c9conomies d'\u00c9nergie (CEE), les entreprises de fourniture d\u2019\u00e9nergie (EDF, Engie, Total\u2026) offrent des aides pour la r\u00e9alisation de travaux d'\u00e9conomies d'\u00e9nergie. Ces travaux doivent \u00eatre effectu\u00e9s par\u00a0un\u00a0professionnel reconnu garant de l\u2019environnement\u00a0(RGE).\r\n<br> <a href=\"https:\/\/www.mes-allocs.fr\/guides\/aide-renovation\/aide-renovation-energetique\/tout-savoir-aides-renovation-energetique\/\">Lire la suite<\/a>\r\n"},"6":{"question":"Quels sont les aides cumulables avec ANAH ?","answer":"Les aides de l'ANAH sont cumulables avec l'\u00e9co-PTZ, les aides des collectivit\u00e9s locales et d'action logement sous certaines conditions. "},"7":{"question":"","answer":""},"8":{"question":"","answer":""},"9":{"question":"","answer":""},"10":{"question":"","answer":""},"11":{"question":"","answer":""},"12":{"question":"","answer":""},"13":{"question":"","answer":""},"14":{"question":"","answer":""},"15":{"question":"","answer":""},"16":{"question":"","answer":""}}},"_links":{"self":[{"href":"https:\/\/www.mes-allocs.fr\/guides\/wp-json\/wp\/v2\/posts\/25267","targetHints":{"allow":["GET"]}}],"collection":[{"href":"https:\/\/www.mes-allocs.fr\/guides\/wp-json\/wp\/v2\/posts"}],"about":[{"href":"https:\/\/www.mes-allocs.fr\/guides\/wp-json\/wp\/v2\/types\/post"}],"author":[{"embeddable":true,"href":"https:\/\/www.mes-allocs.fr\/guides\/wp-json\/wp\/v2\/users\/23"}],"replies":[{"embeddable":true,"href":"https:\/\/www.mes-allocs.fr\/guides\/wp-json\/wp\/v2\/comments?post=25267"}],"version-history":[{"count":16,"href":"https:\/\/www.mes-allocs.fr\/guides\/wp-json\/wp\/v2\/posts\/25267\/revisions"}],"predecessor-version":[{"id":69184,"href":"https:\/\/www.mes-allocs.fr\/guides\/wp-json\/wp\/v2\/posts\/25267\/revisions\/69184"}],"wp:featuredmedia":[{"embeddable":true,"href":"https:\/\/www.mes-allocs.fr\/guides\/wp-json\/wp\/v2\/media\/25278"}],"wp:attachment":[{"href":"https:\/\/www.mes-allocs.fr\/guides\/wp-json\/wp\/v2\/media?parent=25267"}],"wp:term":[{"taxonomy":"category","embeddable":true,"href":"https:\/\/www.mes-allocs.fr\/guides\/wp-json\/wp\/v2\/categories?post=25267"},{"taxonomy":"post_tag","embeddable":true,"href":"https:\/\/www.mes-allocs.fr\/guides\/wp-json\/wp\/v2\/tags?post=25267"}],"curies":[{"name":"wp","href":"https:\/\/api.w.org\/{rel}","templated":true}]}}