{"id":2524,"date":"2020-01-04T06:39:15","date_gmt":"2020-01-04T06:39:15","guid":{"rendered":"https:\/\/www.mes-allocs.fr\/guides\/?p=2524"},"modified":"2025-11-13T18:33:54","modified_gmt":"2025-11-13T17:33:54","slug":"acre-urssaf","status":"publish","type":"post","link":"https:\/\/www.mes-allocs.fr\/guides\/acre\/acre-urssaf\/","title":{"rendered":"Les d\u00e9marches pour obtenir l&rsquo;ACRE aupr\u00e8s de l&rsquo;URSSAF"},"content":{"rendered":"<p><strong><img loading=\"lazy\" decoding=\"async\" class=\"alignnone wp-image-3037 size-full\" src=\"https:\/\/www.mes-allocs.fr\/guides\/wp-content\/uploads\/2019\/12\/accre-urssaf-e1576577357806.jpeg\" alt=\"accre urssaf\" width=\"1880\" height=\"662\" srcset=\"https:\/\/www.mes-allocs.fr\/guides\/wp-content\/uploads\/2019\/12\/accre-urssaf-e1576577357806.jpeg 1880w, https:\/\/www.mes-allocs.fr\/guides\/wp-content\/uploads\/2019\/12\/accre-urssaf-e1576577357806-300x106.jpeg 300w, https:\/\/www.mes-allocs.fr\/guides\/wp-content\/uploads\/2019\/12\/accre-urssaf-e1576577357806-768x270.jpeg 768w, https:\/\/www.mes-allocs.fr\/guides\/wp-content\/uploads\/2019\/12\/accre-urssaf-e1576577357806-1024x361.jpeg 1024w, https:\/\/www.mes-allocs.fr\/guides\/wp-content\/uploads\/2019\/12\/accre-urssaf-e1576577357806-600x211.jpeg 600w\" sizes=\"auto, (max-width: 1880px) 100vw, 1880px\" \/>Cr\u00e9er mon auto entreprise c&rsquo;est possible ! L&rsquo;<a href=\"https:\/\/www.mes-allocs.fr\/guides\/accre\/\">ACCRE<\/a> (Aide aux Ch\u00f4meurs Cr\u00e9ateurs d&rsquo;Entreprises) est devenue l&rsquo;Aide aux Cr\u00e9ateurs et Repreneurs d&rsquo; entreprises (ACRE) depuis le 1<sup>er<\/sup> janvier 2019. Des d\u00e9marches sont \u00e0 effectuer pour obtenir cette aide \u00e0 la cr\u00e9ation ou \u00e0 la reprise. Notamment des d\u00e9marches aupr\u00e8s de l&rsquo;URSSAF.<\/strong><\/p>\n<p><strong> Pour en savoir plus, tous les d\u00e9tails ci-dessous!<\/strong><\/p>\n<div class='cta-block'><div class='text'>Simulez toutes vos aides en 2 min.<\/div><a href='https:\/\/www.mes-allocs.fr\/ab-app?origin=guides\/wp-json\/wp\/v2\/posts\/2524' class='app-button fit'>Simulation gratuite<\/a><\/div>\n<h1>Les conditions pour b\u00e9n\u00e9ficier de l&rsquo;ACCRE<\/h1>\n<p>Pour les <a href=\"https:\/\/www.mes-allocs.fr\/guides\/aide-logement\/accre-auto-entrepreneur\/\">auto entrepreneur<\/a> ou les repreneurs,<a href=\"https:\/\/www.mes-allocs.fr\/guides\/accre\/demande-accre\/\"> la demande d&rsquo;accre<\/a> pour pouvoir en b\u00e9n\u00e9ficier avant le 1<sup>er<\/sup> janvier 2019 requiert certaines conditions:<\/p>\n<ul>\n<li>\u00eatre un demandeur d&#8217;emploi indemnis\u00e9 ou indemnisable<\/li>\n<li>\u00eatre demandeur d&#8217;emploi non indemnis\u00e9 inscrit \u00e0 P\u00f4le emploi 6 mois durant les derniers 18 mois<\/li>\n<li>jouir du Revenu de Solidarit\u00e9 Active ou RSA<\/li>\n<li>jouir de l&rsquo; allocation de solidarit\u00e9 sp\u00e9cifique ou ASS<\/li>\n<li>b\u00e9n\u00e9ficier de la prestation partag\u00e9e de l&rsquo;\u00e9ducation de l&rsquo;enfant\u00a0 ou PreParE<\/li>\n<li>\u00eatre un jeune ayant moins de 26 ans<\/li>\n<li>ou \u00eatre un jeune ayant entre 26 et 30 ans handicap\u00e9<\/li>\n<li>ou \u00eatre un jeune ayant entre 26 et 30 ans non indemnis\u00e9<\/li>\n<li>\u00eatre une personne salari\u00e9e ou licenci\u00e9e d&rsquo;une entreprise en difficult\u00e9 (en redressement ou en liquidation) et ayant d\u00e9cid\u00e9 de la reprendre<\/li>\n<li>un cr\u00e9ateur ou repreneur d&rsquo; entreprise (depuis le 1er janvier 2017) dans un quartier prioritaire de la ville<\/li>\n<li>\u00eatre une personne sign\u00e9 un Contrat d&rsquo;Appui au Projet d&rsquo;Entreprise ou CAPE<\/li>\n<\/ul>\n<h1>Les conditions pour b\u00e9n\u00e9ficier de l&rsquo;ACRE<\/h1>\n<p>Pour les activit\u00e9s de cr\u00e9ation ou de reprise d&rsquo;entreprise \u00e0 compter du 1<sup>er<\/sup> janvier 2019, d&rsquo;autres conditions sont \u00e0 remplir pour \u00eatre en mesure de recevoir l&rsquo;acre.<\/p>\n<h2>Un contr\u00f4le effectif de la soci\u00e9t\u00e9<\/h2>\n<p>Les cr\u00e9ateurs ou repreneurs d&rsquo;entreprises doivent remplir l&rsquo;une de ces conditions:<\/p>\n<ul>\n<li>d\u00e9tenir eux-m\u00eames ou avec leur famille (par exemple un conjoint, un concubin ou les ascendants et descendants) plus de 50 % du capital social dont 35 % \u00e0 titre personnel<\/li>\n<li>\u00eatre dirigeant de la soci\u00e9t\u00e9 et d\u00e9tenir par eux-m\u00eames ou avec avec leur famille au moins 1\/3 du capital social dont au moins 25 % \u00e0 titre personnel. Attention: aucun associ\u00e9 n&rsquo;\u00e9tant pas membre de la famille ne doit avoir plus de 50 % du capital de la soci\u00e9t\u00e9<\/li>\n<li>d\u00e9tenir avec d&rsquo;autres b\u00e9n\u00e9ficiaires de l&rsquo;acre ou d&rsquo;autres demandeurs d&rsquo;accre, plus de 50 % du capital. Attention: l&rsquo;un des demandeurs (au minimum) doit diriger la soci\u00e9t\u00e9. Il faut noter \u00e9galement que chaque demandeur doit avoir une part du capital de la soci\u00e9t\u00e9 \u00e9quivalant \u00e0 au moins 10 % de la part que d\u00e9tient par l&rsquo;associ\u00e9 principal.<\/li>\n<\/ul>\n<p>Il faut aussi ajouter que plusieurs cr\u00e9ateurs ou repreneurs d&rsquo;entreprises peuvent chacun b\u00e9n\u00e9ficier (s\u00e9par\u00e9ment) de l&rsquo;acre pour le m\u00eame projet, mais seulement dans les cas suivants:<\/p>\n<ul>\n<li>ils d\u00e9tiennent ensemble plus de 50% du capital de la soci\u00e9t\u00e9<\/li>\n<li>l&rsquo;un d&rsquo;eux OU plusieurs d&rsquo;entre eux sont les dirigeant(s) de la soci\u00e9t\u00e9<\/li>\n<li>chaque demandeur d&rsquo;acre a au minimum 1\/10 de la part du capital que poss\u00e8de l&rsquo;associ\u00e9 principal de la soci\u00e9t\u00e9<\/li>\n<\/ul>\n<h2>Ne pas avoir re\u00e7u l&rsquo;ACCRE dans les 3 ann\u00e9es pr\u00e9c\u00e9dentes<\/h2>\n<p>Le d\u00e9lai ne s&rsquo;appr\u00e9cie pas de la m\u00eame mani\u00e8re pour la demande d&rsquo;aide aux cr\u00e9ations et reprises d&rsquo; entreprises avant et apr\u00e8s le 1<sup>er<\/sup> janvier 2019.<\/p>\n<h3>Avant le 1<sup>er<\/sup> janvier 2019<\/h3>\n<p>Avant le 1<sup>er<\/sup> janvier 2019, le d\u00e9lai est comptabilis\u00e9 \u00e0 partir de l&rsquo;expiration d&rsquo;un d\u00e9lai de 3 ans suivant la d\u00e9cision pr\u00e9c\u00e9dente de donner l&rsquo;acre.<\/p>\n<h3>Depuis le 1<sup>er<\/sup> janvier 2019<\/h3>\n<p>Depuis le 1<sup>er<\/sup> janvier 2019, le d\u00e9lai est comptabilis\u00e9 \u00e0 partir de la cessation du b\u00e9n\u00e9fice de l&rsquo;acre au titre d&rsquo;une activit\u00e9 pass\u00e9e.<\/p>\n<h2>Cr\u00e9ateurs et repreneurs d&rsquo;entreprises en d\u00e9but d&rsquo;activit\u00e9<\/h2>\n<p>Les cr\u00e9ateurs et repreneurs d&rsquo;entreprise ne sont pas consid\u00e9r\u00e9s comme \u00e9tant en d\u00e9but d&rsquo;activit\u00e9 lorsqu&rsquo;il y a:<\/p>\n<ul>\n<li>changement du lieu d&rsquo;exercice de ladite activit\u00e9<\/li>\n<li>modification des conditions d&rsquo;exercice de ladite activit\u00e9<\/li>\n<li>reprise d&rsquo;activit\u00e9 intervenue dans l&rsquo;ann\u00e9e durant laquelle la cessation d&rsquo;activit\u00e9 s&rsquo;est produite OU l&rsquo;ann\u00e9e d&rsquo;apr\u00e8s<\/li>\n<\/ul>\n<p><em>Exemple: dans le cas d&rsquo;une cr\u00e9ation d&rsquo;entreprise le 10 janvier 2010 avec jouissance de l&rsquo;acre.<\/em><\/p>\n<p><em>Fin de l&rsquo;activit\u00e9 le 10 janvier 2018.<\/em><\/p>\n<p><em>Puis, reprise de la m\u00eame activit\u00e9 le 10 janvier 2019.<\/em><\/p>\n<p><em>Dans le cadre de cette situation, il est impossible de b\u00e9n\u00e9ficier de l&rsquo; acre. En effet, la dur\u00e9e \u00e0 respecter entre la fin de l&rsquo;activit\u00e9 et sa reprise est d&rsquo;une ann\u00e9e civile enti\u00e8re: on arrive donc au 1<sup>er<\/sup> janvier 2020.<\/em><\/p>\n<p><iframe loading=\"lazy\" title=\"L&#039;ACRE\" width=\"500\" height=\"281\" src=\"https:\/\/www.youtube.com\/embed\/8bcid53zd-0?feature=oembed\" frameborder=\"0\" allow=\"accelerometer; autoplay; clipboard-write; encrypted-media; gyroscope; picture-in-picture; web-share\" referrerpolicy=\"strict-origin-when-cross-origin\" allowfullscreen><\/iframe><\/p>\n<h1>D\u00e9marches pour b\u00e9n\u00e9ficier de l&rsquo;ACCRE<\/h1>\n<p>La cr\u00e9ation et la reprise d&rsquo;entreprise (avec demande d&rsquo; acre) avant le 1<sup>er<\/sup> janvier 2019 requiert des d\u00e9marches sp\u00e9cifiques.<\/p>\n<h2>Remise du dossier au CFE ou Centre de Formalit\u00e9s des Entreprises<\/h2>\n<p>Les cr\u00e9ateurs ou repreneurs d&rsquo;entreprises doivent d\u00e9poser leur <a href=\"https:\/\/www.mes-allocs.fr\/guides\/accre\/dossier-accre\/\">dossier<\/a> de cr\u00e9ation ou de reprise (comprenant des pi\u00e8ces justificatives comme l&rsquo;historique du demandeur d&#8217;emploi sur 18 mois donn\u00e9 par P\u00f4le Emploi) au CFE dont ils d\u00e9pendent. 45 jours plus tard, le CFE leur remet un r\u00e9c\u00e9piss\u00e9 mentionnant l&rsquo;enregistrement de la demande.<\/p>\n<h2>ACCRE URSSAF: les d\u00e9marches aupr\u00e8s de l&rsquo;URSSAF<\/h2>\n<p>Le CFE informe les organismes sociaux requis de l&rsquo;enregistrement par ses services de la demande d&rsquo;accre. Puis, le CFE remet \u00e0 l&rsquo;URSSAF ou Union de Recouvrement pour la S\u00e9curit\u00e9 Sociale et les Allocations Familiales le dossier en question et une copie du r\u00e9c\u00e9piss\u00e9 d\u00e9livr\u00e9 au demandeur.<\/p>\n<p>L&rsquo;URSSAF d\u00e9livre une d\u00e9cision sur cette demande un mois apr\u00e8s avoir re\u00e7u la copie du r\u00e9c\u00e9piss\u00e9.<\/p>\n<h3>D\u00e9cision favorable de l&rsquo;URSSAF<\/h3>\n<p>Si les conditions d&rsquo;attribution de l&rsquo;accre sont remplies, l&rsquo;URSSAF remet au repreneur ou cr\u00e9ateur d&rsquo;entreprise une attestation d&rsquo;admission au b\u00e9n\u00e9fice de l&rsquo;accre.<\/p>\n<p>\u00c0 noter: si aucune d\u00e9cision de l&rsquo;URSSAF n&rsquo;est parvenu au cr\u00e9ateur ou repreneur d&rsquo;entreprises dans un d\u00e9lai d&rsquo;un mois apr\u00e8s la remise du r\u00e9c\u00e9piss\u00e9, cela veut dire que la d\u00e9cision est favorable.<\/p>\n<h3>D\u00e9cision d\u00e9favorable de l&rsquo;URSSAF<\/h3>\n<p>Si les conditions d&rsquo;attribution de l&rsquo;accre ne sont pas r\u00e9unies, l&rsquo;URSSAF notifie sa d\u00e9cision d\u00e9favorable au demandeur et en informe les organismes sociaux requis.<\/p>\n<h1>Y a-t-il des d\u00e9marches pour b\u00e9n\u00e9ficier de l&rsquo;ACRE?<\/h1>\n<p>Depuis le 1<sup>er<\/sup> janvier 2019, il n&rsquo;y a aucune demande \u00e0 effectuer par les cr\u00e9ateurs et repreneurs d&rsquo;entreprises pour b\u00e9n\u00e9ficier de l&rsquo;acre.<\/p>\n<p>\u00c0 noter: des v\u00e9rifications ult\u00e9rieures peuvent \u00eatre effectu\u00e9es en cas de contr\u00f4le ou par demande \u00e9crite.<\/p>\n<h1>Quelles exon\u00e9rations pour l&rsquo;ACRE ?<\/h1>\n<p>Si la demande d&rsquo;acre est favorable, les cr\u00e9ateurs et repreneurs d&rsquo;entreprises ont droit \u00e0 des exon\u00e9rations des charges sociales suivantes:<\/p>\n<ul>\n<li>assurance maladie<\/li>\n<li>assurance maternit\u00e9<\/li>\n<li>l&rsquo;assurance retraite de bas<\/li>\n<li>assurance vieillesse<\/li>\n<li>assurance invalidit\u00e9<\/li>\n<li>l&rsquo;assurance d\u00e9c\u00e8s<\/li>\n<li>allocations familiales<\/li>\n<\/ul>\n<p>Cette exon\u00e9ration de cotisations sociales est appliqu\u00e9e pendant 12 mois si le revenu professionnel de base des cr\u00e9ateurs ou repreneurs d&rsquo;entreprises ne d\u00e9passe pas un certain plafond qui est diff\u00e9rent selon l&rsquo;ann\u00e9e de cr\u00e9ation ou de reprise.<\/p>\n<h2>Cr\u00e9ateurs et repreneurs d&rsquo;entreprises 2025<\/h2>\n<p>Depuis la date du 1er janvier 2017, un nouveau plafond a \u00e9t\u00e9 mis en place.<\/p>\n<p>Quelles sont donc les limites d&rsquo;exon\u00e9ration pour l&rsquo;ann\u00e9e 2025 ? La r\u00e9ponse ci-dessous:<\/p>\n<ul>\n<li>l&rsquo;exon\u00e9ration est totale si le revenu professionnel est inf\u00e9rieur \u00e0 35\u00a0325\u00a0\u20ac, ce qui correspond \u00e0 75% du plafond annuel de la S\u00e9curit\u00e9 sociale<\/li>\n<li>l&rsquo;exon\u00e9ration est r\u00e9gressive si le revenu professionnel est compris entre 35\u00a0325\u00a0\u20ac et 47\u00a0100\u00a0\u20ac<\/li>\n<li>et l&rsquo;exon\u00e9ration est nulle si le revenu professionnel est de 47\u00a0100\u00a0\u20ac, ce qui correspond \u00e0 100% du plafond annuel de la S\u00e9curit\u00e9 sociale<\/li>\n<\/ul>\n<h2>Comment calculer l&rsquo;exon\u00e9ration r\u00e9gressive ?<\/h2>\n<p>L&rsquo;exon\u00e9ration est calcul\u00e9e gr\u00e2ce \u00e0 la formule ci-apr\u00e8s:<\/p>\n<p>montant de l&rsquo;exon\u00e9ration = E \/ 0,25 PASS x (PASS-R):<\/p>\n<ul>\n<li>E est le montant total des cotisations d&rsquo;assurance sociale dues pour un revenu de 30 393<\/li>\n<li>PASS correspond \u00e0 la valeur du Plafond Annuel de la S\u00e9curit\u00e9 Sociale<\/li>\n<li>R est le revenu du cr\u00e9ateur ou repreneur d&rsquo;entreprises b\u00e9n\u00e9ficiant de l&rsquo;exon\u00e9ration des charges sociales<\/li>\n<\/ul>\n<h2>Quelles sont les charges sociales non concern\u00e9es par l&rsquo;exon\u00e9ration ?<\/h2>\n<p>Quelle que soit la situation du cr\u00e9ateur ou repreneur d&rsquo;entreprises b\u00e9n\u00e9ficiant de l&rsquo;exon\u00e9ration, certaines charges sociales restent dues:<\/p>\n<ul>\n<li>la CSG-CRDS<\/li>\n<li>la contribution \u00e0 la formation professionnelle<\/li>\n<li>mais aussi la CURPS pour les professionnels de la sant\u00e9<\/li>\n<li>la retraite compl\u00e9mentaire obligatoire (pour les artisans et les commer\u00e7ants)<\/li>\n<\/ul>\n<h2>Prolongation de l&rsquo;exon\u00e9ration: quel cas ?<\/h2>\n<p>Bon \u00e0 savoir: pour les cr\u00e9ateurs ou repreneurs de micro entreprises, l&rsquo;exon\u00e9ration des charges sociales peut \u00eatre prolong\u00e9e au-del\u00e0 de 12 mois.<\/p>\n<p>Mais pour en b\u00e9n\u00e9ficier, le micro entrepreneur doit relever du r\u00e9gime fiscal de la micro entreprise.<\/p>\n<p>Dans ce cas, l&rsquo;exon\u00e9ration correspond \u00e0:<\/p>\n<ul>\n<li>2\/3 de l&rsquo;exon\u00e9ration calcul\u00e9e selon les modalit\u00e9s de calcul de l&rsquo;exon\u00e9ration initiale au titre des 12 premiers mois de prolongation<\/li>\n<li>1\/3 de l&rsquo;exon\u00e9ration calcul\u00e9e selon les modalit\u00e9s de calcul de l&rsquo;exon\u00e9ration initiale au titre des 12 mois d&rsquo;apr\u00e8s<\/li>\n<\/ul>\n<div class='cta-block'><div class='text'>Simulez toutes vos aides en 2 min.<\/div><a href='https:\/\/www.mes-allocs.fr\/ab-app?origin=guides\/wp-json\/wp\/v2\/posts\/2524' class='app-button fit'>Simulation gratuite<\/a><\/div>\n","protected":false},"excerpt":{"rendered":"<p>Cr\u00e9er mon auto entreprise c&rsquo;est possible ! L&rsquo;ACCRE (Aide aux Ch\u00f4meurs Cr\u00e9ateurs d&rsquo;Entreprises) est devenue l&rsquo;Aide aux Cr\u00e9ateurs et Repreneurs d&rsquo; entreprises (ACRE) depuis le 1er janvier 2019. Des d\u00e9marches sont \u00e0 effectuer pour obtenir cette aide \u00e0 la cr\u00e9ation ou \u00e0 la reprise. Notamment des d\u00e9marches aupr\u00e8s de l&rsquo;URSSAF. Pour en savoir plus, tous [&hellip;]<\/p>\n","protected":false},"author":10,"featured_media":105769,"comment_status":"open","ping_status":"open","sticky":false,"template":"","format":"standard","meta":{"amp_status":"","footnotes":""},"categories":[34],"tags":[],"class_list":["post-2524","post","type-post","status-publish","format-standard","has-post-thumbnail","hentry","category-acre"],"yoast_head":"<!-- This site is optimized with the Yoast SEO plugin v14.9 - https:\/\/yoast.com\/wordpress\/plugins\/seo\/ -->\n<title>Les D\u00e9marches Pour Obtenir l&#039;ACRE de L&#039;URSSAF | Mes-Allocs.fr<\/title>\n<meta name=\"description\" content=\"Les d\u00e9marches \u00e0 l&#039;URSSAF pour obtenir l&#039;ACRE et permettre aux auto entrepreneurs d&#039;avoir une exon\u00e9ration des charges sociales sont \u00e0 d\u00e9couvrir ici!\" \/>\n<meta name=\"robots\" content=\"index, follow, max-snippet:-1, max-image-preview:large, max-video-preview:-1\" \/>\n<link rel=\"canonical\" href=\"https:\/\/www.mes-allocs.fr\/guides\/acre\/acre-urssaf\/\" \/>\n<meta property=\"og:locale\" content=\"fr_FR\" \/>\n<meta property=\"og:type\" content=\"article\" \/>\n<meta property=\"og:title\" content=\"Les D\u00e9marches Pour Obtenir l&#039;ACRE de L&#039;URSSAF | Mes-Allocs.fr\" \/>\n<meta property=\"og:description\" content=\"Les d\u00e9marches \u00e0 l&#039;URSSAF pour obtenir l&#039;ACRE et permettre aux auto entrepreneurs d&#039;avoir une exon\u00e9ration des charges sociales sont \u00e0 d\u00e9couvrir ici!\" \/>\n<meta property=\"og:url\" content=\"https:\/\/www.mes-allocs.fr\/guides\/acre\/acre-urssaf\/\" \/>\n<meta property=\"og:site_name\" content=\"Mes-Allocs.fr\" \/>\n<meta property=\"article:published_time\" content=\"2020-01-04T06:39:15+00:00\" \/>\n<meta property=\"article:modified_time\" content=\"2025-11-13T17:33:54+00:00\" \/>\n<meta property=\"og:image\" content=\"https:\/\/www.mes-allocs.fr\/guides\/wp-content\/uploads\/2020\/01\/acre-urssaf.jpg?wsr\" \/>\n\t<meta property=\"og:image:width\" content=\"1920\" \/>\n\t<meta property=\"og:image:height\" content=\"1280\" \/>\n<meta name=\"twitter:card\" content=\"summary_large_image\" \/>\n<script type=\"application\/ld+json\" class=\"yoast-schema-graph\">{\"@context\":\"https:\/\/schema.org\",\"@graph\":[{\"@type\":\"WebSite\",\"@id\":\"https:\/\/www.mes-allocs.fr\/guides\/#website\",\"url\":\"https:\/\/www.mes-allocs.fr\/guides\/\",\"name\":\"Mes-Allocs.fr\",\"description\":\"\",\"potentialAction\":[{\"@type\":\"SearchAction\",\"target\":\"https:\/\/www.mes-allocs.fr\/guides\/?s={search_term_string}\",\"query-input\":\"required name=search_term_string\"}],\"inLanguage\":\"fr-FR\"},{\"@type\":\"ImageObject\",\"@id\":\"https:\/\/www.mes-allocs.fr\/guides\/acre\/acre-urssaf\/#primaryimage\",\"inLanguage\":\"fr-FR\",\"url\":\"https:\/\/www.mes-allocs.fr\/guides\/wp-content\/uploads\/2020\/01\/acre-urssaf.jpg?wsr\",\"width\":1920,\"height\":1280,\"caption\":\"acre urssaf\"},{\"@type\":\"WebPage\",\"@id\":\"https:\/\/www.mes-allocs.fr\/guides\/acre\/acre-urssaf\/#webpage\",\"url\":\"https:\/\/www.mes-allocs.fr\/guides\/acre\/acre-urssaf\/\",\"name\":\"Les D\\u00e9marches Pour Obtenir l'ACRE de L'URSSAF | Mes-Allocs.fr\",\"isPartOf\":{\"@id\":\"https:\/\/www.mes-allocs.fr\/guides\/#website\"},\"primaryImageOfPage\":{\"@id\":\"https:\/\/www.mes-allocs.fr\/guides\/acre\/acre-urssaf\/#primaryimage\"},\"datePublished\":\"2020-01-04T06:39:15+00:00\",\"dateModified\":\"2025-11-13T17:33:54+00:00\",\"author\":{\"@id\":\"https:\/\/www.mes-allocs.fr\/guides\/#\/schema\/person\/8d47b912c0ad15f379df96b4e4e33f58\"},\"description\":\"Les d\\u00e9marches \\u00e0 l'URSSAF pour obtenir l'ACRE et permettre aux auto entrepreneurs d'avoir une exon\\u00e9ration des charges sociales sont \\u00e0 d\\u00e9couvrir ici!\",\"inLanguage\":\"fr-FR\"},{\"@type\":\"Person\",\"@id\":\"https:\/\/www.mes-allocs.fr\/guides\/#\/schema\/person\/8d47b912c0ad15f379df96b4e4e33f58\",\"name\":\"Constance de Cagny\",\"image\":{\"@type\":\"ImageObject\",\"@id\":\"https:\/\/www.mes-allocs.fr\/guides\/#personlogo\",\"inLanguage\":\"fr-FR\",\"url\":\"https:\/\/www.mes-allocs.fr\/guides\/wp-content\/uploads\/2021\/06\/Constance.2e8ee0b.png\",\"caption\":\"Constance de Cagny\"},\"description\":\"Constance est r\\u00e9dactrice au sein de l'\\u00e9quipe Mes Allocs. Elle a l'habitude d'\\u00e9crire sur les sujets conso, bons plans et \\u00e9conomies. Dipl\\u00f4m\\u00e9e de l'ENACO, elle rejoint Mes Allocs apr\\u00e8s une premi\\u00e8re exp\\u00e9rience en cabinet notarial.\",\"sameAs\":[\"https:\/\/www.linkedin.com\/in\/constance-de-cagny-mayeur-bbb414135\"]}]}<\/script>\n<!-- \/ Yoast SEO plugin. -->","amp_validity":null,"acf":{"faq":{"1":{"question":"Qui a le droit \u00e0 l'ACCRE?","answer":"L'ACCRE est l'Aide aux Ch\u00f4meurs Cr\u00e9ateurs d'Entreprises. Mais depuis le 1er janvier 2019, tous les cr\u00e9ateurs ou repreneurs d'entreprises (sous certaines conditions) peuvent demander l'ACRE."},"2":{"question":"Quels sont les avantages de l'ACCRE?","answer":"L'ACCRE ou l'ACRE depuis le 1er janvier 2019 donne droit \u00e0 des exon\u00e9rations de charges sociales."},"3":{"question":"O\u00f9 envoyer la demande de l'ACCRE?","answer":"Avant le 1er janvier 2019, il fallait envoyer la demande d'ACRRE au CFE qui se chargeait de l'envoyer lui-m\u00eame \u00e0 l'URSSAF."},"4":{"question":"Quand faire la demande de l'accre ?","answer":"La demande d'ACCRE doit \u00eatre d\u00e9pos\u00e9e : soit en m\u00eame temps que le dossier de formalit\u00e9 de cr\u00e9ation ou de reprise d'une entreprise (changement de dirigeant au sein d'une soci\u00e9t\u00e9, par exemple) ; soit au plus tard dans les 45 jours qui suivent le d\u00e9p\u00f4t du dossier de formalit\u00e9 de cr\u00e9ation ou de reprise d'une entreprise."},"5":{"question":"Comment b\u00e9n\u00e9ficier de l'Arce ?","answer":"Si vous respectez les conditions pour obtenir l'ACCRE, n'h\u00e9sitez pas \u00e0 en faire la demande! En plus d'une exon\u00e9ration de charges sociales et d'un accompagnement par P\u00f4le Emploi, b\u00e9n\u00e9ficier de l'ACCRE vous permet d'\u00eatre \u00e9ligible \u00e0 l'ARCE et au dispositif NACRE."},"6":{"question":"Qu'est-ce que l'exon\u00e9ration Accre ?","answer":"L' ACCRE consiste en une exon\u00e9ration de charges sociales pendant un an \u00e0 compter, soit de la date de l'affiliation au r\u00e9gime des travailleurs non-salari\u00e9s."},"7":{"question":"Est-ce que l'accre est imposable ?","answer":"Oui, l'aide \u00e0 la reprise ou \u00e0 la cr\u00e9ation d'entreprise (Arce) vers\u00e9e \u00e0 un ch\u00f4meur cr\u00e9ant ou reprenant une entreprise est imposable."},"8":{"question":"","answer":""},"9":{"question":"","answer":""},"10":{"question":"","answer":""},"11":{"question":"","answer":""},"12":{"question":"","answer":""},"13":{"question":"","answer":""},"14":{"question":"","answer":""},"15":{"question":"","answer":""},"16":{"question":"","answer":""}}},"_links":{"self":[{"href":"https:\/\/www.mes-allocs.fr\/guides\/wp-json\/wp\/v2\/posts\/2524","targetHints":{"allow":["GET"]}}],"collection":[{"href":"https:\/\/www.mes-allocs.fr\/guides\/wp-json\/wp\/v2\/posts"}],"about":[{"href":"https:\/\/www.mes-allocs.fr\/guides\/wp-json\/wp\/v2\/types\/post"}],"author":[{"embeddable":true,"href":"https:\/\/www.mes-allocs.fr\/guides\/wp-json\/wp\/v2\/users\/10"}],"replies":[{"embeddable":true,"href":"https:\/\/www.mes-allocs.fr\/guides\/wp-json\/wp\/v2\/comments?post=2524"}],"version-history":[{"count":30,"href":"https:\/\/www.mes-allocs.fr\/guides\/wp-json\/wp\/v2\/posts\/2524\/revisions"}],"predecessor-version":[{"id":97310,"href":"https:\/\/www.mes-allocs.fr\/guides\/wp-json\/wp\/v2\/posts\/2524\/revisions\/97310"}],"wp:featuredmedia":[{"embeddable":true,"href":"https:\/\/www.mes-allocs.fr\/guides\/wp-json\/wp\/v2\/media\/105769"}],"wp:attachment":[{"href":"https:\/\/www.mes-allocs.fr\/guides\/wp-json\/wp\/v2\/media?parent=2524"}],"wp:term":[{"taxonomy":"category","embeddable":true,"href":"https:\/\/www.mes-allocs.fr\/guides\/wp-json\/wp\/v2\/categories?post=2524"},{"taxonomy":"post_tag","embeddable":true,"href":"https:\/\/www.mes-allocs.fr\/guides\/wp-json\/wp\/v2\/tags?post=2524"}],"curies":[{"name":"wp","href":"https:\/\/api.w.org\/{rel}","templated":true}]}}