{"id":25223,"date":"2021-04-19T18:42:37","date_gmt":"2021-04-19T18:42:37","guid":{"rendered":"https:\/\/www.mes-allocs.fr\/guides\/?p=25223"},"modified":"2026-01-08T17:08:41","modified_gmt":"2026-01-08T16:08:41","slug":"aspa-etrangers","status":"publish","type":"post","link":"https:\/\/www.mes-allocs.fr\/guides\/aspa\/aspa-etrangers\/","title":{"rendered":"Les \u00e9trangers ont-ils le droit \u00e0 l&rsquo;ASPA en 2026 ?"},"content":{"rendered":"<p><img loading=\"lazy\" decoding=\"async\" class=\"aligncenter wp-image-25224\" src=\"https:\/\/www.mes-allocs.fr\/guides\/wp-content\/uploads\/2021\/04\/aeroport-e1618579962386.jpg\" alt=\"aspa \u00e9trangers\" width=\"1200\" height=\"350\" \/><\/p>\n<p style=\"text-align: justify;\">[Mis \u00e0 jour le 08\/01\/2026] L&rsquo;<a href=\"https:\/\/www.mes-allocs.fr\/guides\/aspa\/\">ASPA<\/a> est une aide qui permet aux personnes \u00e2g\u00e9es qui ont de faibles revenus, d&rsquo;avoir de meilleurs conditions de vie. Mais qu&rsquo;en est-il des personnes \u00e9trang\u00e8res ? Peuvent-elles en b\u00e9n\u00e9ficier ? Mes Allocs vous explique tout sur <strong>l&rsquo;ASPA pour les \u00e9trangers<\/strong>.<\/p>\n<div class='cta-block'><div class='text'>Simulez toutes vos Aides Sociales en 2 min.<\/div><a href='https:\/\/www.mes-allocs.fr\/ab-app?origin=guides\/wp-json\/wp\/v2\/posts\/25223' class='app-button fit'>Simulation gratuite<\/a><\/div>\n<h1>Les \u00e9trangers peuvent-ils b\u00e9n\u00e9ficier de l&rsquo;ASPA ?<\/h1>\n<h2>L&rsquo;ASPA pour les \u00e9trangers<\/h2>\n<p style=\"text-align: justify;\">L&rsquo;ASPA est une prestation sociale destin\u00e9e aux personnes \u00e2g\u00e9es ayant de faibles revenus en France. Elle est vers\u00e9e par la Caisse nationale d&rsquo;assurance vieillesse (CNAV) et peut \u00eatre accord\u00e9e aux personnes de nationalit\u00e9 fran\u00e7aise ou \u00e9trang\u00e8re. Pour b\u00e9n\u00e9ficier de l&rsquo;ASPA en tant qu&rsquo;\u00e9tranger, il faut remplir certaines conditions. En effet, les personnes de nationalit\u00e9 \u00e9trang\u00e8re sont oblig\u00e9es de d\u00e9tenir un titre de s\u00e9jour les autorisant \u00e0 travailler en France <strong>depuis au moins 10 ans<\/strong> pour pouvoir b\u00e9n\u00e9ficier de l\u2019allocation de solidarit\u00e9 aux personnes \u00e2g\u00e9es (ASPA). Cependant, les r\u00e9fugi\u00e9s, les apatrides et les personnes de nationalit\u00e9 \u00e9trang\u00e8re ayant servi dans l\u2019arm\u00e9e fran\u00e7aise n&rsquo;y sont pas obligatoirement soumis. Des dispositions sp\u00e9cifiques s&rsquo;appliquent aux ressortissants communautaires.<\/p>\n<p style=\"text-align: justify;\">Les \u00e9trangers qui ne peuvent justifier de la r\u00e9gularit\u00e9 de leur s\u00e9jour peuvent fournir <strong>un relev\u00e9 de carri\u00e8re professionnelle<\/strong> pour les p\u00e9riodes manquantes. Le relev\u00e9 de carri\u00e8re doit indiquer au moins un trimestre ayant donn\u00e9 lieu \u00e0 cotisation ou un trimestre acquis en contrepartie d\u2019un revenu de remplacement (p\u00e9riode de ch\u00f4mage, de maternit\u00e9, d\u2019invalidit\u00e9, etc.) pour \u00eatre retenu.<\/p>\n<h2 style=\"text-align: justify;\">Les conditions d&rsquo;attribution pour les \u00e9trangers<\/h2>\n<p style=\"text-align: justify;\">Vous pouvez b\u00e9n\u00e9ficier de l&rsquo;ASPA en tant qu&rsquo;\u00e9tranger \u00e0 condition de respecter certains crit\u00e8res, \u00e0 savoir :<\/p>\n<ul style=\"text-align: justify;\">\n<li><strong>Habiter en France (la r\u00e9sidence principale) ou en DOM de mani\u00e8re stable et effective<\/strong><\/li>\n<li><strong>\u00catre \u00e2g\u00e9 d&rsquo;au minimum 65 ans (sauf exceptions)<\/strong><\/li>\n<li><strong>Se trouver en dessous du plafond de ressources<\/strong><\/li>\n<li><strong>\u00catre titulaire d&rsquo;un titre de s\u00e9jour en cours de validit\u00e9 depuis au moins 10 ans\u00a0<\/strong><\/li>\n<\/ul>\n<p>Si vous ne remplissez pas la derni\u00e8re condition, il est tout \u00e0 fait possible de percevoir l&rsquo;ASPA si <strong>vous vous trouvez dans l&rsquo;une des situations suivantes :\u00a0<\/strong><\/p>\n<ul>\n<li>Vous \u00eates r\u00e9fugi\u00e9, apatride ou vous b\u00e9n\u00e9ficiez de la protection subsidiaire<\/li>\n<li>Vous avez combattu pour la France<\/li>\n<li>Vous \u00eates ressortissant d&rsquo;un \u00e9tat membre de l&rsquo;Union europ\u00e9enne, de l&rsquo;EEE ou de Suisse et vous habitez en France depuis au moins 10 ans<\/li>\n<\/ul>\n<p style=\"text-align: justify;\">Pour l&rsquo;\u00e2ge minimum, le b\u00e9n\u00e9ficiaire doit \u00eatre \u00e2g\u00e9 d&rsquo;au minimum 65 ans. Dans certains cas, vous pouvez recevoir l&rsquo;aide sans avoir cet \u00e2ge. Il faut que vous soyez handicap\u00e9 \u00e0 plus de 50% et reconnu comme d\u00e9finitivement inapte au travail ou bien b\u00e9n\u00e9ficier d&rsquo;une retraite anticip\u00e9e \u00e0 cause de votre handicap.<\/p>\n<p>Si vous avez besoin d&rsquo;\u00eatre accompagn\u00e9(e) dans vos d\u00e9marches administratives, n&rsquo;h\u00e9sitez pas <a href=\"https:\/\/www.mes-allocs.fr\/souscription\">\u00e0 faire appel \u00e0 un de nos experts<\/a>.<\/p>\n<h2 style=\"text-align: justify;\">Les plafonds de ressources \u00e0 respecter<\/h2>\n<p>Si vous \u00eates \u00e9tranger et que vous pensez r\u00e9pondre aux conditions d&rsquo;attribution de l&rsquo;ASPA, vous devez \u00e9galement respecter certains plafonds de ressource. En effet, ces plafonds permettent de tenir compte de vos ressources et par la suite, de calculer le montant de l&rsquo;ASPA qui vous sera accord\u00e9. <strong>En 2026, les plafonds de ressources \u00e0 ne pas d\u00e9passer sont les suivants :\u00a0<\/strong><\/p>\n<p><span data-sheets-value=\"{&quot;1&quot;:2,&quot;2&quot;:&quot;\n&lt;div class=&quot;wpdt-c row wpDataTableContainerSimpleTable wpDataTables wpDataTablesWrapper\n&quot;\n    &gt;\n    &lt;table id=&quot;wpdtSimpleTable-236&quot;\n           class=&quot;wpdtSimpleTable wpDataTable&quot;\n           data-column=&quot;2&quot;\n           data-rows=&quot;3&quot;\n           data-wpID=&quot;236&quot;\n           data-responsive=&quot;0&quot;\n           data-has-header=&quot;1&quot;&gt;\n\n                    &lt;thead&gt;        &lt;tr class=&quot;wpdt-cell-row &quot; &gt;\n                            &lt;th class=&quot;wpdt-cell wpdt-bold wpdt-bc-F3F9FE&quot;\n                                    data-cell-id=&quot;A1&quot;\n                data-col-index=&quot;0&quot;\n                data-row-index=&quot;0&quot;\n                style=&quot; width:48.448687350835%;                padding:10px;&quot;\n                &gt;\n                                Situation familiale                &lt;\/th&gt;\n                                            &lt;th class=&quot;wpdt-cell wpdt-bold wpdt-bc-F3F9FE&quot;\n                                    data-cell-id=&quot;B1&quot;\n                data-col-index=&quot;1&quot;\n                data-row-index=&quot;0&quot;\n                style=&quot; width:51.551312649165%;                padding:10px;&quot;\n                &gt;\n                                Plafonds de ressources \u00e0 ne pas d\u00e9passer (brut par mois) :                &lt;\/th&gt;\n                                        &lt;\/tr&gt;\n                    &lt;tbody&gt;        &lt;tr class=&quot;wpdt-cell-row &quot; &gt;\n                            &lt;td class=&quot;wpdt-cell &quot;\n                                    data-cell-id=&quot;A2&quot;\n                data-col-index=&quot;0&quot;\n                data-row-index=&quot;1&quot;\n                style=&quot;                padding:10px;&quot;\n                &gt;\n                                Seul                &lt;\/td&gt;\n                                            &lt;td class=&quot;wpdt-cell &quot;\n                                    data-cell-id=&quot;B2&quot;\n                data-col-index=&quot;1&quot;\n                data-row-index=&quot;1&quot;\n                style=&quot;                padding:10px;&quot;\n                &gt;\n                                1 043,59 \u20ac                &lt;\/td&gt;\n                                        &lt;\/tr&gt;\n                            &lt;tr class=&quot;wpdt-cell-row &quot; &gt;\n                            &lt;td class=&quot;wpdt-cell &quot;\n                                    data-cell-id=&quot;A3&quot;\n                data-col-index=&quot;0&quot;\n                data-row-index=&quot;2&quot;\n                style=&quot;                padding:10px;&quot;\n                &gt;\n                                Couple                &lt;\/td&gt;\n                                            &lt;td class=&quot;wpdt-cell &quot;\n                                    data-cell-id=&quot;B3&quot;\n                data-col-index=&quot;1&quot;\n                data-row-index=&quot;2&quot;\n                style=&quot;                padding:10px;&quot;\n                &gt;\n                                1 620,18 \u20ac                &lt;\/td&gt;\n                                        &lt;\/tr&gt;\n                    &lt;\/table&gt;\n&lt;\/div&gt;&lt;style id=&#039;wpdt-custom-style-236&#039;&gt;\ntable#wpdtSimpleTable-236{ table-layout: fixed !important; }\n.wpdt-bc-F3F9FE { background-color: #F3F9FE !important;}\n&lt;\/style&gt;\n&quot;}\" data-sheets-userformat=\"{&quot;2&quot;:637,&quot;3&quot;:{&quot;1&quot;:0},&quot;5&quot;:{&quot;1&quot;:[{&quot;1&quot;:2,&quot;2&quot;:0,&quot;5&quot;:{&quot;1&quot;:2,&quot;2&quot;:0}},{&quot;1&quot;:0,&quot;2&quot;:0,&quot;3&quot;:3},{&quot;1&quot;:1,&quot;2&quot;:0,&quot;4&quot;:1}]},&quot;6&quot;:{&quot;1&quot;:[{&quot;1&quot;:2,&quot;2&quot;:0,&quot;5&quot;:{&quot;1&quot;:2,&quot;2&quot;:0}},{&quot;1&quot;:0,&quot;2&quot;:0,&quot;3&quot;:3},{&quot;1&quot;:1,&quot;2&quot;:0,&quot;4&quot;:1}]},&quot;7&quot;:{&quot;1&quot;:[{&quot;1&quot;:2,&quot;2&quot;:0,&quot;5&quot;:{&quot;1&quot;:2,&quot;2&quot;:0}},{&quot;1&quot;:0,&quot;2&quot;:0,&quot;3&quot;:3},{&quot;1&quot;:1,&quot;2&quot;:0,&quot;4&quot;:1}]},&quot;8&quot;:{&quot;1&quot;:[{&quot;1&quot;:2,&quot;2&quot;:0,&quot;5&quot;:{&quot;1&quot;:2,&quot;2&quot;:0}},{&quot;1&quot;:0,&quot;2&quot;:0,&quot;3&quot;:3},{&quot;1&quot;:1,&quot;2&quot;:0,&quot;4&quot;:1}]},&quot;9&quot;:1,&quot;12&quot;:0}\">\n<div class=\"wpdt-c row wpDataTableContainerSimpleTable wpDataTables wpDataTablesWrapper\n\"\n    >\n    <table id=\"wpdtSimpleTable-236\"\n           class=\"wpdtSimpleTable wpDataTable\"\n           data-column=\"2\"\n           data-rows=\"3\"\n           data-wpID=\"236\"\n           data-responsive=\"0\"\n           data-has-header=\"1\">\n\n                    <thead>        <tr class=\"wpdt-cell-row \" >\n                            <th class=\"wpdt-cell wpdt-bold wpdt-bc-F3F9FE\"\n                                    data-cell-id=\"A1\"\n                data-col-index=\"0\"\n                data-row-index=\"0\"\n                style=\" width:48.448687350835%;                padding:10px;\"\n                >\n                                Situation familiale                <\/th>\n                                            <th class=\"wpdt-cell wpdt-bold wpdt-bc-F3F9FE\"\n                                    data-cell-id=\"B1\"\n                data-col-index=\"1\"\n                data-row-index=\"0\"\n                style=\" width:51.551312649165%;                padding:10px;\"\n                >\n                                Plafonds de ressources \u00e0 ne pas d\u00e9passer (brut par mois) :                <\/th>\n                                        <\/tr>\n                    <tbody>        <tr class=\"wpdt-cell-row \" >\n                            <td class=\"wpdt-cell \"\n                                    data-cell-id=\"A2\"\n                data-col-index=\"0\"\n                data-row-index=\"1\"\n                style=\"                padding:10px;\"\n                >\n                                Seul                <\/td>\n                                            <td class=\"wpdt-cell \"\n                                    data-cell-id=\"B2\"\n                data-col-index=\"1\"\n                data-row-index=\"1\"\n                style=\"                padding:10px;\"\n                >\n                                1 043,59 \u20ac                <\/td>\n                                        <\/tr>\n                            <tr class=\"wpdt-cell-row \" >\n                            <td class=\"wpdt-cell \"\n                                    data-cell-id=\"A3\"\n                data-col-index=\"0\"\n                data-row-index=\"2\"\n                style=\"                padding:10px;\"\n                >\n                                Couple                <\/td>\n                                            <td class=\"wpdt-cell \"\n                                    data-cell-id=\"B3\"\n                data-col-index=\"1\"\n                data-row-index=\"2\"\n                style=\"                padding:10px;\"\n                >\n                                1 620,18 \u20ac                <\/td>\n                                        <\/tr>\n                    <\/table>\n<\/div><style id='wpdt-custom-style-236'>\ntable#wpdtSimpleTable-236{ table-layout: fixed !important; }\n.wpdt-bc-F3F9FE { background-color: #F3F9FE !important;}\n<\/style>\n<\/span><\/p>\n<h2>Le cas particulier des \u00e9trangers communautaires<\/h2>\n<p>Les ressortissants communautaires sont les citoyens d&rsquo;un des pays suivants :<\/p>\n<ul>\n<li><strong>Un pays membre de l&rsquo;Union europ\u00e9enne<\/strong><\/li>\n<li><strong>Un pays membre de l&rsquo;Espace Economique Europ\u00e9en (EEE)<\/strong><\/li>\n<li><strong>La Suisse<\/strong><\/li>\n<\/ul>\n<p>Ces citoyens b\u00e9n\u00e9ficient de dispositions sp\u00e9cifiques en mati\u00e8re d&rsquo;ASPA. En effet, s&rsquo;ils r\u00e9sident en France, ils ont droit aux m\u00eames prestations sociales que les ressortissants fran\u00e7ais. Toutefois, pour b\u00e9n\u00e9ficier de l&rsquo;ASPA, ils doivent justifier d&rsquo;une r\u00e9sidence stable et r\u00e9guli\u00e8re en France <strong>pendant au moins 3 mois<\/strong>. Ils doivent \u00e9galement remplir certaines conditions, notamment les plafonds de ressource. Les r\u00e8gles applicables \u00e0 l&rsquo;ASPA sont les m\u00eames pour les ressortissants communautaires que pour les ressortissants fran\u00e7ais.<\/p>\n<p>Attention ! <strong>En cas de changement de domicile<\/strong>, vous devez obligatoirement le signaler \u00e0 votre caisse de retraite.<\/p>\n<p><iframe loading=\"lazy\" src=\"\/\/www.youtube.com\/embed\/kojbMo1597o\" width=\"560\" height=\"314\" allowfullscreen=\"allowfullscreen\"><\/iframe><\/p>\n<h1>Quels \u00e9trangers n&rsquo;ont pas le droit \u00e0 l&rsquo;ASPA ?<\/h1>\n<h2>Les \u00e9trangers hors Europe en situation irr\u00e9guli\u00e8re<\/h2>\n<p>Les \u00e9trangers non-europ\u00e9ens en situation irr\u00e9guli\u00e8re en France ne sont pas \u00e9ligibles \u00e0 l&rsquo;ASPA en raison de <strong>leur statut migratoire<\/strong>. Autrement dit, si vous \u00eates n\u00e9 dans un pays qui ne fait pas partie de l&rsquo;Union europ\u00e9enne, de l&rsquo;EEE ou en Suisse, et que vous n&rsquo;habitez pas sur le territoire fran\u00e7ais de mani\u00e8re stable et effective, l&rsquo;ASPA ne peut vous \u00eatre accord\u00e9e. En effet, pour b\u00e9n\u00e9ficier de cette aide, il est n\u00e9cessaire de justifier d&rsquo;une situation r\u00e9guli\u00e8re en France, avec un titre de s\u00e9jour en cours de validit\u00e9.<\/p>\n<p>Le fait de se trouver en situation irr\u00e9guli\u00e8re signifie que vous vous trouvez en France <strong>sans autorisation d&rsquo;y s\u00e9journer.<\/strong> Dans ce cas, vous \u00eates soumis \u00e0 des obligations de quitter le territoire et vous ne pouvez pas b\u00e9n\u00e9ficier de l&rsquo;ASPA.<\/p>\n<h2>Les \u00e9trangers en France depuis moins de 10 ans<\/h2>\n<p>Pour qu&rsquo;un \u00e9tranger soit \u00e9ligible \u00e0 l&rsquo;ASPA, il faut qu&rsquo;il justifie d&rsquo;une <strong>r\u00e9sidence stable et r\u00e9guli\u00e8re en France depuis au moins 10 ans<\/strong>. Ainsi, si vous \u00eates n\u00e9 dans un pays non-europ\u00e9en, que vous n&rsquo;avez jamais travaill\u00e9 en France et que vous r\u00e9sidez dans ce territoire depuis moins de 10 ans, vous ne pouvez pas percevoir l&rsquo;ASPA. En revanche, les \u00e9trangers europ\u00e9ens peuvent \u00eatre \u00e9ligibles \u00e0 l&rsquo;ASPA apr\u00e8s<strong> une p\u00e9riode de r\u00e9sidence en France de 3 mois<\/strong>.<\/p>\n<p>Aussi, les demandeurs doivent remplir d&rsquo;autres conditions, notamment en mati\u00e8re de ressources. Ainsi, m\u00eame si un \u00e9tranger est en France depuis plus de 10 ans, il n&rsquo;aura pas automatiquement droit \u00e0 l&rsquo;ASPA s&rsquo;il ne remplit pas les autres conditions requises.<\/p>\n<div class='cta-block'><div class='text'>Simulez toutes vos Aides Sociales en 2 min.<\/div><a href='https:\/\/www.mes-allocs.fr\/ab-app?origin=guides\/wp-json\/wp\/v2\/posts\/25223' class='app-button fit'>Simulation gratuite<\/a><\/div>\n","protected":false},"excerpt":{"rendered":"<p>[Mis \u00e0 jour le 08\/01\/2026] L&rsquo;ASPA est une aide qui permet aux personnes \u00e2g\u00e9es qui ont de faibles revenus, d&rsquo;avoir de meilleurs conditions de vie. Mais qu&rsquo;en est-il des personnes \u00e9trang\u00e8res ? Peuvent-elles en b\u00e9n\u00e9ficier ? Mes Allocs vous explique tout sur l&rsquo;ASPA pour les \u00e9trangers. Les \u00e9trangers peuvent-ils b\u00e9n\u00e9ficier de l&rsquo;ASPA ? L&rsquo;ASPA pour [&hellip;]<\/p>\n","protected":false},"author":6,"featured_media":25224,"comment_status":"open","ping_status":"open","sticky":false,"template":"","format":"standard","meta":{"amp_status":"","footnotes":""},"categories":[3649],"tags":[],"class_list":["post-25223","post","type-post","status-publish","format-standard","has-post-thumbnail","hentry","category-aspa"],"yoast_head":"<!-- This site is optimized with the Yoast SEO plugin v14.9 - https:\/\/yoast.com\/wordpress\/plugins\/seo\/ -->\n<title>Les \u00e9trangers ont-ils le droit \u00e0 l&#039;ASPA en 2026 ? | Mes-Allocs.fr<\/title>\n<meta name=\"description\" content=\"En tant qu&#039;\u00e9tranger, vous pouvez b\u00e9n\u00e9ficier de l&#039;ASPA sous certaines conditions. D\u00e9couvrez dans cet article l&#039;ASPA pour les \u00e9trangers.\" \/>\n<meta name=\"robots\" content=\"index, follow, max-snippet:-1, max-image-preview:large, max-video-preview:-1\" \/>\n<link rel=\"canonical\" href=\"https:\/\/www.mes-allocs.fr\/guides\/aspa\/aspa-etrangers\/\" \/>\n<meta property=\"og:locale\" content=\"fr_FR\" \/>\n<meta property=\"og:type\" content=\"article\" \/>\n<meta property=\"og:title\" content=\"Les \u00e9trangers ont-ils le droit \u00e0 l&#039;ASPA en 2026 ? | Mes-Allocs.fr\" \/>\n<meta property=\"og:description\" content=\"En tant qu&#039;\u00e9tranger, vous pouvez b\u00e9n\u00e9ficier de l&#039;ASPA sous certaines conditions. D\u00e9couvrez dans cet article l&#039;ASPA pour les \u00e9trangers.\" \/>\n<meta property=\"og:url\" content=\"https:\/\/www.mes-allocs.fr\/guides\/aspa\/aspa-etrangers\/\" \/>\n<meta property=\"og:site_name\" content=\"Mes-Allocs.fr\" \/>\n<meta property=\"article:published_time\" content=\"2021-04-19T18:42:37+00:00\" \/>\n<meta property=\"article:modified_time\" content=\"2026-01-08T16:08:41+00:00\" \/>\n<meta property=\"og:image\" content=\"https:\/\/www.mes-allocs.fr\/guides\/wp-content\/uploads\/2021\/04\/aeroport-e1683270319425.jpg?wsr\" \/>\n\t<meta property=\"og:image:width\" content=\"1260\" \/>\n\t<meta property=\"og:image:height\" content=\"258\" \/>\n<meta name=\"twitter:card\" content=\"summary_large_image\" \/>\n<script type=\"application\/ld+json\" class=\"yoast-schema-graph\">{\"@context\":\"https:\/\/schema.org\",\"@graph\":[{\"@type\":\"WebSite\",\"@id\":\"https:\/\/www.mes-allocs.fr\/guides\/#website\",\"url\":\"https:\/\/www.mes-allocs.fr\/guides\/\",\"name\":\"Mes-Allocs.fr\",\"description\":\"\",\"potentialAction\":[{\"@type\":\"SearchAction\",\"target\":\"https:\/\/www.mes-allocs.fr\/guides\/?s={search_term_string}\",\"query-input\":\"required name=search_term_string\"}],\"inLanguage\":\"fr-FR\"},{\"@type\":\"ImageObject\",\"@id\":\"https:\/\/www.mes-allocs.fr\/guides\/aspa\/aspa-etrangers\/#primaryimage\",\"inLanguage\":\"fr-FR\",\"url\":\"https:\/\/www.mes-allocs.fr\/guides\/wp-content\/uploads\/2021\/04\/aeroport-e1683270319425.jpg?wsr\",\"width\":1260,\"height\":258,\"caption\":\"aspa \\u00e9trangers\"},{\"@type\":\"WebPage\",\"@id\":\"https:\/\/www.mes-allocs.fr\/guides\/aspa\/aspa-etrangers\/#webpage\",\"url\":\"https:\/\/www.mes-allocs.fr\/guides\/aspa\/aspa-etrangers\/\",\"name\":\"Les \\u00e9trangers ont-ils le droit \\u00e0 l'ASPA en 2026 ? | Mes-Allocs.fr\",\"isPartOf\":{\"@id\":\"https:\/\/www.mes-allocs.fr\/guides\/#website\"},\"primaryImageOfPage\":{\"@id\":\"https:\/\/www.mes-allocs.fr\/guides\/aspa\/aspa-etrangers\/#primaryimage\"},\"datePublished\":\"2021-04-19T18:42:37+00:00\",\"dateModified\":\"2026-01-08T16:08:41+00:00\",\"author\":{\"@id\":\"https:\/\/www.mes-allocs.fr\/guides\/#\/schema\/person\/0ecd61a8600573914d00d970a588c024\"},\"description\":\"En tant qu'\\u00e9tranger, vous pouvez b\\u00e9n\\u00e9ficier de l'ASPA sous certaines conditions. D\\u00e9couvrez dans cet article l'ASPA pour les \\u00e9trangers.\",\"inLanguage\":\"fr-FR\"},{\"@type\":\"Person\",\"@id\":\"https:\/\/www.mes-allocs.fr\/guides\/#\/schema\/person\/0ecd61a8600573914d00d970a588c024\",\"name\":\"Jonathan\",\"image\":{\"@type\":\"ImageObject\",\"@id\":\"https:\/\/www.mes-allocs.fr\/guides\/#personlogo\",\"inLanguage\":\"fr-FR\",\"url\":\"https:\/\/www.mes-allocs.fr\/guides\/wp-content\/uploads\/2021\/06\/jonathan-150x150.png\",\"caption\":\"Jonathan\"},\"description\":\"Jonathan est r\\u00e9dacteur au sein de l'\\u00e9quipe Mes Allocs, sp\\u00e9cialis\\u00e9 sur les sujets li\\u00e9s au handicap. Dipl\\u00f4m\\u00e9e de l'UPEM, il rejoint Mes Allocs apr\\u00e8s avoir travaill\\u00e9 \\u00e0 l'association AEDE qui accompagne les adultes en situation de handicap. Quand il n'\\u00e9crit pas, on peut le retrouver sur un terrain de basket.\",\"sameAs\":[\"https:\/\/www.linkedin.com\/in\/jonathan-bambela-8637861b7\"]}]}<\/script>\n<!-- \/ Yoast SEO plugin. -->","amp_validity":null,"acf":{"faq":{"1":{"question":"Peut-on faire la demande en tout temps ? ","answer":"Oui, par exemple si au d\u00e9but de votre retraite vous ne remplissez pas les crit\u00e8res vous pouvez faire votre demande plus tard. "},"2":{"question":"Qui contacter pour se faire accompagner dans ces d\u00e9marches ?","answer":"Notre \u00e9quipe se tient \u00e0 votre disposition pour vous aider dans vos d\u00e9marches concernant l'ASPA !"},"3":{"question":"Peut-on cumuler l'ASPA avec d'autres aides ? ","answer":"Oui bien sur ! Pour en savoir plus, nous vous invitons \u00e0 lire cet article. \r\n"},"4":{"question":"Comment b\u00e9n\u00e9ficier de l'aide ? ","answer":"Pour b\u00e9n\u00e9ficier de l'ASPA, il faut remplir les diff\u00e9rentes conditions d'attribution. \r\n"},"5":{"question":"Que faire si on ne peut justifier le nombre d'ann\u00e9e de s\u00e9jour ? ","answer":"Si vous ne pouvez pas justifier de la r\u00e9gularit\u00e9 de leur s\u00e9jour autorisant \u00e0 travailler depuis 10 ans, peuvent fournir un relev\u00e9 de carri\u00e8re pour les p\u00e9riodes manquantes."},"6":{"question":"Quel est le montant de l'Aspa en 2026 ?","answer":"Au 1er janvier 2026, le montant de l'ASPA est de :\r\n- 1 043,59 \u20ac par mois pour les personnes seules\r\n- 1 620,18 \u20ac par mois pour les couples"},"7":{"question":"","answer":""},"8":{"question":"","answer":""},"9":{"question":"","answer":""},"10":{"question":"","answer":""},"11":{"question":"","answer":""},"12":{"question":"","answer":""},"13":{"question":"","answer":""},"14":{"question":"","answer":""},"15":{"question":"","answer":""},"16":{"question":"","answer":""}}},"_links":{"self":[{"href":"https:\/\/www.mes-allocs.fr\/guides\/wp-json\/wp\/v2\/posts\/25223","targetHints":{"allow":["GET"]}}],"collection":[{"href":"https:\/\/www.mes-allocs.fr\/guides\/wp-json\/wp\/v2\/posts"}],"about":[{"href":"https:\/\/www.mes-allocs.fr\/guides\/wp-json\/wp\/v2\/types\/post"}],"author":[{"embeddable":true,"href":"https:\/\/www.mes-allocs.fr\/guides\/wp-json\/wp\/v2\/users\/6"}],"replies":[{"embeddable":true,"href":"https:\/\/www.mes-allocs.fr\/guides\/wp-json\/wp\/v2\/comments?post=25223"}],"version-history":[{"count":16,"href":"https:\/\/www.mes-allocs.fr\/guides\/wp-json\/wp\/v2\/posts\/25223\/revisions"}],"predecessor-version":[{"id":107215,"href":"https:\/\/www.mes-allocs.fr\/guides\/wp-json\/wp\/v2\/posts\/25223\/revisions\/107215"}],"wp:featuredmedia":[{"embeddable":true,"href":"https:\/\/www.mes-allocs.fr\/guides\/wp-json\/wp\/v2\/media\/25224"}],"wp:attachment":[{"href":"https:\/\/www.mes-allocs.fr\/guides\/wp-json\/wp\/v2\/media?parent=25223"}],"wp:term":[{"taxonomy":"category","embeddable":true,"href":"https:\/\/www.mes-allocs.fr\/guides\/wp-json\/wp\/v2\/categories?post=25223"},{"taxonomy":"post_tag","embeddable":true,"href":"https:\/\/www.mes-allocs.fr\/guides\/wp-json\/wp\/v2\/tags?post=25223"}],"curies":[{"name":"wp","href":"https:\/\/api.w.org\/{rel}","templated":true}]}}