{"id":2516,"date":"2019-12-02T06:03:07","date_gmt":"2019-12-02T06:03:07","guid":{"rendered":"https:\/\/www.mes-allocs.fr\/guides\/?p=2516"},"modified":"2025-03-31T16:00:46","modified_gmt":"2025-03-31T14:00:46","slug":"acre-auto-entrepreneur","status":"publish","type":"post","link":"https:\/\/www.mes-allocs.fr\/guides\/acre\/acre-auto-entrepreneur\/","title":{"rendered":"ACRE pour Auto-Entrepreneurs, les d\u00e9marches, conditions et montants"},"content":{"rendered":"<p><img loading=\"lazy\" decoding=\"async\" class=\"alignnone size-full wp-image-2614\" src=\"https:\/\/www.mes-allocs.fr\/guides\/wp-content\/uploads\/2019\/12\/accre-auto-entrepreneur-e1575555889214.jpg\" alt=\"accre auto entrepreneur\" width=\"1600\" height=\"612\" srcset=\"https:\/\/www.mes-allocs.fr\/guides\/wp-content\/uploads\/2019\/12\/accre-auto-entrepreneur-e1575555889214.jpg 1600w, https:\/\/www.mes-allocs.fr\/guides\/wp-content\/uploads\/2019\/12\/accre-auto-entrepreneur-e1575555889214-300x115.jpg 300w, https:\/\/www.mes-allocs.fr\/guides\/wp-content\/uploads\/2019\/12\/accre-auto-entrepreneur-e1575555889214-768x294.jpg 768w, https:\/\/www.mes-allocs.fr\/guides\/wp-content\/uploads\/2019\/12\/accre-auto-entrepreneur-e1575555889214-1024x392.jpg 1024w, https:\/\/www.mes-allocs.fr\/guides\/wp-content\/uploads\/2019\/12\/accre-auto-entrepreneur-e1575555889214-600x230.jpg 600w\" sizes=\"auto, (max-width: 1600px) 100vw, 1600px\" \/><\/p>\n<p><strong>L&rsquo;ACRE auto entrepreneur est l&rsquo;Aide aux Cr\u00e9ateurs et Repreneurs d&rsquo;Entreprises. Depuis le 1<sup>er<\/sup> janvier 2019, o\u00f9 l&rsquo;ACCRE est devenue l&rsquo;ACRE, il n&rsquo;y a plus besoin d&rsquo;\u00eatre demandeur d&#8217;emploi pour obtenir cette aide!<\/strong><\/p>\n<div class='cta-block'><div class='text'>Simulez toutes vos aides en 2 min.<\/div><a href='https:\/\/www.mes-allocs.fr\/ab-app?origin=guides\/wp-json\/wp\/v2\/posts\/2516' class='app-button fit'>Simulation gratuite<\/a><\/div>\n<h1>Rappel: qu&rsquo;est-ce que l&rsquo;accre et l&rsquo;acre?<\/h1>\n<p>Les auto entreprises voient leur situation \u00e9voluer gr\u00e2ce \u00e0 la Loi 2018 de financement pour la s\u00e9curit\u00e9 sociale pour 2019 (Article L. 131-6-4 du Code de s\u00e9curit\u00e9 sociale). En effet, l&rsquo;ACCRE ou Aide aux Ch\u00f4meurs Cr\u00e9ateurs et Repreneurs d&rsquo;Entreprises devient l&rsquo;ACRE ou Aide aux Cr\u00e9ateurs et Repreneurs d&rsquo;Entreprises, ce qui permet \u00e0 tous les cr\u00e9ateurs et repreneurs d&rsquo;entreprises (demandeurs d&#8217;emploi ou pas) de jouir d&rsquo;une exon\u00e9ration partielle des taux de cotisations sociales.<\/p>\n<h1>Les d\u00e9marches pour b\u00e9n\u00e9ficier de l&rsquo;ACRE<\/h1>\n<p>Depuis que l&rsquo;accre est devenue l&rsquo;acre le 1<sup>er<\/sup> janvier 2019, les cr\u00e9ateurs ou repreneurs d&rsquo;entreprises n&rsquo;ont plus aucune d\u00e9marche particuli\u00e8re \u00e0 effectuer pour b\u00e9n\u00e9ficier de cette aide.<\/p>\n<p>En effet, l&rsquo;URSSAF ou l&rsquo;Union de Recouvrement pour la S\u00e9curit\u00e9 Sociale et les Allocations Familiales allouera automatiquement cette aide aux cr\u00e9ateurs ou repreneurs d&rsquo;entreprises.<\/p>\n<p>\u00c0 noter: si vous ne souhaiter pas devenir b\u00e9n\u00e9ficiaire de l&rsquo;acre, il faut en informer l&rsquo;URSSAF par courrier recommand\u00e9.<\/p>\n<p>Attention: si vous \u00eates en mesure de b\u00e9n\u00e9ficier de l&rsquo;acre aide aux cr\u00e9ateurs et aux repreneurs d&rsquo;entreprises, des mesures de v\u00e9rifications pourront vous \u00eatre impos\u00e9es, dans le cadre, par exemple, d&rsquo;une proc\u00e9dure de contr\u00f4le.<\/p>\n<h1>Avant le 1er janvier 2019: d\u00e9marches pour obtenir l&rsquo;ACCRE<\/h1>\n<p>Pour obtenir l&rsquo;ACCRE, les cr\u00e9ateurs ou repreneurs d&rsquo;entreprises doivent proc\u00e9der \u00e0 quelques formalit\u00e9s.<\/p>\n<h2>Formulaires<\/h2>\n<p>Deux formulaires sont \u00e0 remplir pour b\u00e9n\u00e9ficier de l&rsquo;accre:<\/p>\n<ul>\n<li>le formulaire de d\u00e9claration de d\u00e9but d&rsquo;activit\u00e9: remplir le formulaire et cocher \u00ab\u00a0oui\u00a0\u00bb \u00e0 la question \u00ab\u00a0avez-vous effectu\u00e9 une demande d&rsquo;accre?\u00a0\u00bb<\/li>\n<li>remplir le formulaire de demande d&rsquo;accre<\/li>\n<\/ul>\n<h2>CFE ou Centre des Formalit\u00e9s des Entreprises<\/h2>\n<h3>Les diff\u00e9rents CFE<\/h3>\n<p>La demande d&rsquo;accre est \u00e0 remettre au Centre des Formalit\u00e9s des Entreprises dont les cr\u00e9ateurs ou repreneurs d&rsquo;entreprises d\u00e9pendent:<\/p>\n<ul>\n<li>CFE de la Chambre de commerce (pour les activit\u00e9s commerciales)<\/li>\n<li>CFE de la Chambre de m\u00e9tiers et de l&rsquo;artisanat (pour les activit\u00e9s artisanales)<\/li>\n<li>CFE de l&rsquo;URSSAF pour les activit\u00e9s lib\u00e9rales<\/li>\n<\/ul>\n<h3>Envoi du dossier<\/h3>\n<p>En plus de la demande d&rsquo;accre, des pi\u00e8ces justificatives (comme par exemple 1 copie de l&rsquo;historique du demandeur d&#8217;emploi sur 18 mois donn\u00e9 par P\u00f4le Emploi) sont \u00e9galement \u00e0 envoyer au CFE. Deux possibilit\u00e9s s&rsquo;offrent alors \u00e0 aux cr\u00e9ateurs ou repreneurs d&rsquo;entreprises:<\/p>\n<ul>\n<li>soit envoyer le formulaire de demande d&rsquo;accre en m\u00eame temps que la d\u00e9claration de d\u00e9but d&rsquo;activit\u00e9<\/li>\n<li>soit envoyer le formulaire de demande d&rsquo;accre 45 jours au plus tard apr\u00e8s le d\u00e9but d&rsquo;activit\u00e9<\/li>\n<\/ul>\n<p>S&rsquo;il n&rsquo;y a aucune r\u00e9ponse du CFE au bout d&rsquo;un mois apr\u00e8s l&rsquo;envoi du dossier, la demande d&rsquo;accre est consid\u00e9r\u00e9e comme accept\u00e9e.<\/p>\n<p><iframe loading=\"lazy\" title=\"L&#039;ACRE\" width=\"500\" height=\"281\" src=\"https:\/\/www.youtube.com\/embed\/8bcid53zd-0?feature=oembed\" frameborder=\"0\" allow=\"accelerometer; autoplay; clipboard-write; encrypted-media; gyroscope; picture-in-picture; web-share\" referrerpolicy=\"strict-origin-when-cross-origin\" allowfullscreen><\/iframe><\/p>\n<h1>Les conditions pour b\u00e9n\u00e9ficier de l&rsquo;ACRE<\/h1>\n<p>Il faut remplir les conditions doivent quelle que soit la date de cr\u00e9ation ou de reprise d&rsquo;entreprise (\u00e0 l&rsquo;exception des cas des associations, GIE et groupement d&#8217;employeurs).<\/p>\n<h2>Un contr\u00f4le effectif de la soci\u00e9t\u00e9<\/h2>\n<p>Dans le cas o\u00f9 la soci\u00e9t\u00e9 est une SARL, SAS etc., les cr\u00e9ateurs ou repreneurs d&rsquo;entreprises doivent remplir une de ces conditions:<\/p>\n<ul>\n<li>d\u00e9tenir par eux-m\u00eames ou avec leur famille (par exemple un conjoint, un concubin ou les ascendants et descendants) plus de 50 % du capital social dont 35 % \u00e0 titre personnel<\/li>\n<li>diriger la soci\u00e9t\u00e9 et d\u00e9tenir eux-m\u00eames ou avec avec leur famille au moins 1\/3 du capital social dont au moins 25 % \u00e0 titre personnel. \u00c0 noter: aucun associ\u00e9 qui n&rsquo;est pas membre de la famille ne doit poss\u00e9der plus de 50 % du capital de la soci\u00e9t\u00e9<\/li>\n<li>d\u00e9tenir conjointement avec d&rsquo;autres b\u00e9n\u00e9ficiaires de l&rsquo;acre ou d&rsquo;autres demandeurs d&rsquo;accre, plus de 50 % du capital. \u00c0 noter: l&rsquo;un des demandeurs a minima doit \u00eatre le dirigeant de la soci\u00e9t\u00e9; de plus, chaque demandeur doit d\u00e9tenir une part du capital de la soci\u00e9t\u00e9 \u00e9quivalant \u00e0 au moins 10 % de la part d\u00e9tenue par l&rsquo;associ\u00e9 principal.<\/li>\n<\/ul>\n<p>Ajoutons que plusieurs cr\u00e9ateurs ou repreneurs d&rsquo;entreprises peuvent profiter s\u00e9par\u00e9ment de l&rsquo;aide pour le m\u00eame projet uniquement dans les cas suivants:<\/p>\n<ul>\n<li>ils d\u00e9tiennent collectivement plus de 50% du capital de la soci\u00e9t\u00e9<\/li>\n<li>l&rsquo;un d&rsquo;eux OU plusieurs d&rsquo;entre eux sont les dirigeant(s) de la soci\u00e9t\u00e9<\/li>\n<li>chaque demandeur d&rsquo;acre d\u00e9tient au minimum un dixi\u00e8me de la part du capital d\u00e9tenu par l&rsquo;associ\u00e9 principal<\/li>\n<\/ul>\n<p><em>Exemple: si l&rsquo;associ\u00e9 principal d\u00e9tient 40% des parts sociales, chaque b\u00e9n\u00e9ficiaire doit d\u00e9tenir au minimum 4% des parts sociales de l&rsquo;associ\u00e9 principal.<\/em><\/p>\n<p>Attention: toutes ces conditions doivent \u00eatre r\u00e9unies pendant 2 ann\u00e9es a minima.<\/p>\n<h2>Ne pas avoir profit\u00e9 de l&rsquo;accre dans les trois ann\u00e9es pr\u00e9c\u00e9dentes<\/h2>\n<p>Depuis le 1<sup>er<\/sup> janvier 2019, on prend en compte le d\u00e9lai \u00e0 partir de l&rsquo;arr\u00eat de la jouissance de l&rsquo;accre au titre d&rsquo;une activit\u00e9 pass\u00e9e.<\/p>\n<p>Mais avant le 1<sup>er<\/sup> janvier 2019, le d\u00e9lai se comptabilise \u00e0 partir de l&rsquo;arr\u00eat de la pr\u00e9c\u00e9dente d\u00e9cision d&rsquo;accorder l&rsquo;accre.<\/p>\n<h1>ACRE auto entrepreneur: les montants de l&rsquo;aide<\/h1>\n<p>Comme dit ci-dessus, l&rsquo;acre auto entrepreneur est une dispense de cotisations sociales (durant un an) pour les personnes effectuant une reprise ou une cr\u00e9ation d&rsquo;entreprise.<\/p>\n<h2>Dispense totale des charges sociales<\/h2>\n<p>La dispense des charges sociales est totale quand les revenus des cr\u00e9ateurs ou repreneurs d&rsquo;entreprises b\u00e9n\u00e9ficiant de l&rsquo;acre sont inf\u00e9rieurs \u00e0 32 994 \u20ac (c&rsquo;est-\u00e0-dire 3\/4 du PASS ou Plafond Annuel de la S\u00e9curit\u00e9 Sociale).<\/p>\n<h2>Dispense d\u00e9gressive des charges sociales<\/h2>\n<p>La dispense des charges sociales est d\u00e9gressive quand les revenus des cr\u00e9ateurs ou repreneurs d&rsquo;entreprises b\u00e9n\u00e9ficiant de l&rsquo;acre sont sup\u00e9rieurs \u00e0 3\/4 du PASS tout en \u00e9tant inf\u00e9rieurs \u00e0 1 PASS (c&rsquo;est-\u00e0-dire entre 35\u00a0325\u00a0\u20ac et 47\u00a0100\u00a0\u20ac).<\/p>\n<p>Comment calculer la d\u00e9gressivit\u00e9 des charges sociales? Il existe une formule depuis le d\u00e9cret du 8 mars 2017:<\/p>\n<p>le montant de la dispense des charges sociales est \u00e9gale au (montant total des cotisations dues pour un revenu \u00e9gal au 3\/4 du PASS \/ 0,25 PASS) x (PASS &#8211; le revenu d&rsquo;activit\u00e9).<\/p>\n<h2>Quelles charges sociales sont exon\u00e9r\u00e9es et lesquelles ne le sont pas?<\/h2>\n<div itemscope itemtype=\"http:\/\/schema.org\/Table\"><p itemprop=\"about\">Voici un tableau pr\u00e9sentant les cotisations exon\u00e9r\u00e9es et les cotisations non exon\u00e9r\u00e9es :<\/p>\n<table style=\"height: 209px; width: 96.373%; border-collapse: collapse;\" border=\"1px\">\n<tbody>\n<tr style=\"height: 80px;\">\n<td style=\"height: 80px; width: 9.38084%; background-color: #d8e6f2; text-align: center;\"><b>Cotisations exon\u00e9r\u00e9es<\/b><\/td>\n<td style=\"height: 80px; width: 9.1003%; background-color: #d8e6f2; text-align: center;\"><b>Cotisations non exon\u00e9r\u00e9es<\/b><\/td>\n<\/tr>\n<tr style=\"height: 56px;\">\n<td style=\"height: 56px; width: 9.38084%; text-align: center;\">\n<ul>\n<li>l&rsquo;assurance maladie<\/li>\n<li>l&rsquo;assurance maternit\u00e9<\/li>\n<li>l&rsquo;assurance invalidit\u00e9<\/li>\n<li>l&rsquo;assurance vieillesse de base<\/li>\n<li>l&rsquo;assurance d\u00e9c\u00e8s<\/li>\n<li>les prestations familiales<\/li>\n<\/ul>\n<\/td>\n<td style=\"height: 56px; width: 9.1003%; text-align: center;\">\n<ul>\n<li>la CSG-CRDS<\/li>\n<li>le risque accident de travail<\/li>\n<li>la retraite compl\u00e9mentaire<\/li>\n<li>le Fnal ou Fond national d&rsquo;aide au logement<\/li>\n<li>la formation professionnelle continue<\/li>\n<li>le versement transport<\/li>\n<\/ul>\n<\/td>\n<\/tr>\n<\/tbody>\n<\/table>\n<p><span style=\"font-weight: 400;\"><\/div><\/span><\/p>\n<h2>Quels taux d&rsquo;exon\u00e9ration?<\/h2>\n<p>Selon l&rsquo;article D.131-6-3 du Code de la S\u00e9curit\u00e9 sociale, les taux de cotisations sont :<\/p>\n<div itemscope itemtype=\"http:\/\/schema.org\/Table\"><p itemprop=\"about\">Voici un tableau pr\u00e9sentant les taux de cotisations selon le type d'activit\u00e9 :<\/p>\n<table style=\"height: 209px; width: 96.373%; border-collapse: collapse;\" border=\"1px\">\n<tbody>\n<tr style=\"height: 80px;\">\n<td style=\"height: 80px; width: 9.38084%; background-color: #d8e6f2; text-align: center;\"><b>Type d&rsquo;activit\u00e9<\/b><\/td>\n<td style=\"height: 80px; width: 9.1003%; background-color: #d8e6f2; text-align: center;\"><b>Taux de cotisations<\/b><\/td>\n<\/tr>\n<tr>\n<td style=\"width: 9.38084%; text-align: center;\">Achat ou vente de marchandises<\/td>\n<td style=\"width: 9.1003%; text-align: center;\">6,2 %<\/td>\n<\/tr>\n<tr>\n<td style=\"width: 9.38084%; text-align: center;\">Activit\u00e9 commerciale ou artisanale<\/td>\n<td style=\"width: 9.1003%; text-align: center;\">11 %<\/td>\n<\/tr>\n<tr>\n<td style=\"width: 9.38084%; text-align: center;\">Activit\u00e9 lib\u00e9rale<\/td>\n<td style=\"width: 9.1003%; text-align: center;\">11 %<\/td>\n<\/tr>\n<tr>\n<td style=\"width: 9.38084%; text-align: center;\">Prestations d&rsquo;h\u00e9bergement<\/td>\n<td style=\"width: 9.1003%; text-align: center;\">6,4 %<\/td>\n<\/tr>\n<tr>\n<td style=\"width: 9.38084%; text-align: center;\">Activit\u00e9 touristique (location de tourisme)<\/td>\n<td style=\"width: 9.1003%; text-align: center;\">3 %<\/td>\n<\/tr>\n<\/tbody>\n<\/table>\n<p><span style=\"font-weight: 400;\"><\/div><\/span><\/p>\n<h2>Dispense nulle des charges sociales<\/h2>\n<p>La dispense des charges sociales est nulle ou inexistante quand les revenus des cr\u00e9ateurs ou repreneurs d&rsquo;entreprises b\u00e9n\u00e9ficiant de l&rsquo;acre sont sup\u00e9rieurs \u00e0 1 PASS (c&rsquo;est-\u00e0-dire 47\u00a0100\u00a0\u20ac).<\/p>\n<h1>ACRE auto entrepreneur: le cas des micro entrepreneurs<\/h1>\n<p>Depuis le 1er janvier 2019, une personne cr\u00e9ant ou reprenant une micro entreprise peut b\u00e9n\u00e9ficier de l&rsquo;acre.<\/p>\n<p>Les conditions pour acc\u00e9der \u00e0 l&rsquo;acre sont les m\u00eames pour les micro entrepreneurs que pour les autres cr\u00e9ateurs et repreneurs d&rsquo;entreprises.<\/p>\n<h2>All\u00e8gement des cotisations sociales<\/h2>\n<p>Comment se pr\u00e9sente les taux d&rsquo;all\u00e8gement des cotisations sociales pour les auto entrepreneurs?<\/p>\n<h3>Les micro entreprises en ventes de marchandises, fournitures de logement, objets<\/h3>\n<ul>\n<li>3,2% d&rsquo;all\u00e8gement des taux de cotisations jusqu&rsquo;\u00e0 la fin du 3\u00e8me trimestre suivant le d\u00e9but d&rsquo;activit\u00e9<\/li>\n<li>6,2 % les 4 trimestres d&rsquo;apr\u00e8s<\/li>\n<li>9,5% les 4 trimestres d&rsquo;apr\u00e8s<\/li>\n<li>12,8% pour les p\u00e9riodes au-del\u00e0<\/li>\n<\/ul>\n<h3>Les micro entreprises: activit\u00e9s lib\u00e9rales et prestations de services (d\u00e9pendant de la RSI et de la CIPAV)<\/h3>\n<ul>\n<li>5,5% d&rsquo;all\u00e8gement des taux de cotisations jusqu&rsquo;\u00e0 la fin du 3\u00e8me trimestre suivant le d\u00e9but d&rsquo;activit\u00e9<\/li>\n<li>11% les 4 trimestres d&rsquo;apr\u00e8s<\/li>\n<li>16,5% les 4 trimestres d&rsquo;apr\u00e8s<\/li>\n<li>22% pour les p\u00e9riodes au-del\u00e0<\/li>\n<\/ul>\n<div class='cta-block'><div class='text'>Simulez toutes vos aides en 2 min.<\/div><a href='https:\/\/www.mes-allocs.fr\/ab-app?origin=guides\/wp-json\/wp\/v2\/posts\/2516' class='app-button fit'>Simulation gratuite<\/a><\/div>\n","protected":false},"excerpt":{"rendered":"<p>L&rsquo;ACRE auto entrepreneur est l&rsquo;Aide aux Cr\u00e9ateurs et Repreneurs d&rsquo;Entreprises. Depuis le 1er janvier 2019, o\u00f9 l&rsquo;ACCRE est devenue l&rsquo;ACRE, il n&rsquo;y a plus besoin d&rsquo;\u00eatre demandeur d&#8217;emploi pour obtenir cette aide! Rappel: qu&rsquo;est-ce que l&rsquo;accre et l&rsquo;acre? Les auto entreprises voient leur situation \u00e9voluer gr\u00e2ce \u00e0 la Loi 2018 de financement pour la s\u00e9curit\u00e9 [&hellip;]<\/p>\n","protected":false},"author":10,"featured_media":2614,"comment_status":"open","ping_status":"open","sticky":false,"template":"","format":"standard","meta":{"amp_status":"","footnotes":""},"categories":[34],"tags":[],"class_list":["post-2516","post","type-post","status-publish","format-standard","has-post-thumbnail","hentry","category-acre"],"yoast_head":"<!-- This site is optimized with the Yoast SEO plugin v14.9 - https:\/\/yoast.com\/wordpress\/plugins\/seo\/ -->\n<title>ACRE : les d\u00e9marches, conditions et montants | Mes-Allocs.fr<\/title>\n<meta name=\"description\" content=\"L&#039;ACRE auto-entrepreneurs est une aide d&#039;exon\u00e9ration partielle de charges sociales pour les cr\u00e9ateurs et repreneurs d&#039;entreprises.\" \/>\n<meta name=\"robots\" content=\"index, follow, max-snippet:-1, max-image-preview:large, max-video-preview:-1\" \/>\n<link rel=\"canonical\" href=\"https:\/\/www.mes-allocs.fr\/guides\/acre\/acre-auto-entrepreneur\/\" \/>\n<meta property=\"og:locale\" content=\"fr_FR\" \/>\n<meta property=\"og:type\" content=\"article\" \/>\n<meta property=\"og:title\" content=\"ACRE : les d\u00e9marches, conditions et montants | Mes-Allocs.fr\" \/>\n<meta property=\"og:description\" content=\"L&#039;ACRE auto-entrepreneurs est une aide d&#039;exon\u00e9ration partielle de charges sociales pour les cr\u00e9ateurs et repreneurs d&#039;entreprises.\" \/>\n<meta property=\"og:url\" content=\"https:\/\/www.mes-allocs.fr\/guides\/acre\/acre-auto-entrepreneur\/\" \/>\n<meta property=\"og:site_name\" content=\"Mes-Allocs.fr\" \/>\n<meta property=\"article:published_time\" content=\"2019-12-02T06:03:07+00:00\" \/>\n<meta property=\"article:modified_time\" content=\"2025-03-31T14:00:46+00:00\" \/>\n<meta property=\"og:image\" content=\"https:\/\/www.mes-allocs.fr\/guides\/wp-content\/uploads\/2019\/12\/accre-auto-entrepreneur-e1575555889214.jpg?wsr\" \/>\n\t<meta property=\"og:image:width\" content=\"1600\" \/>\n\t<meta property=\"og:image:height\" content=\"612\" \/>\n<meta name=\"twitter:card\" content=\"summary_large_image\" \/>\n<script type=\"application\/ld+json\" class=\"yoast-schema-graph\">{\"@context\":\"https:\/\/schema.org\",\"@graph\":[{\"@type\":\"WebSite\",\"@id\":\"https:\/\/www.mes-allocs.fr\/guides\/#website\",\"url\":\"https:\/\/www.mes-allocs.fr\/guides\/\",\"name\":\"Mes-Allocs.fr\",\"description\":\"\",\"potentialAction\":[{\"@type\":\"SearchAction\",\"target\":\"https:\/\/www.mes-allocs.fr\/guides\/?s={search_term_string}\",\"query-input\":\"required name=search_term_string\"}],\"inLanguage\":\"fr-FR\"},{\"@type\":\"ImageObject\",\"@id\":\"https:\/\/www.mes-allocs.fr\/guides\/acre\/acre-auto-entrepreneur\/#primaryimage\",\"inLanguage\":\"fr-FR\",\"url\":\"https:\/\/www.mes-allocs.fr\/guides\/wp-content\/uploads\/2019\/12\/accre-auto-entrepreneur-e1575555889214.jpg?wsr\",\"width\":1600,\"height\":612,\"caption\":\"accre auto entrepreneur e1575555889214\"},{\"@type\":\"WebPage\",\"@id\":\"https:\/\/www.mes-allocs.fr\/guides\/acre\/acre-auto-entrepreneur\/#webpage\",\"url\":\"https:\/\/www.mes-allocs.fr\/guides\/acre\/acre-auto-entrepreneur\/\",\"name\":\"ACRE : les d\\u00e9marches, conditions et montants | Mes-Allocs.fr\",\"isPartOf\":{\"@id\":\"https:\/\/www.mes-allocs.fr\/guides\/#website\"},\"primaryImageOfPage\":{\"@id\":\"https:\/\/www.mes-allocs.fr\/guides\/acre\/acre-auto-entrepreneur\/#primaryimage\"},\"datePublished\":\"2019-12-02T06:03:07+00:00\",\"dateModified\":\"2025-03-31T14:00:46+00:00\",\"author\":{\"@id\":\"https:\/\/www.mes-allocs.fr\/guides\/#\/schema\/person\/8d47b912c0ad15f379df96b4e4e33f58\"},\"description\":\"L'ACRE auto-entrepreneurs est une aide d'exon\\u00e9ration partielle de charges sociales pour les cr\\u00e9ateurs et repreneurs d'entreprises.\",\"inLanguage\":\"fr-FR\"},{\"@type\":\"Person\",\"@id\":\"https:\/\/www.mes-allocs.fr\/guides\/#\/schema\/person\/8d47b912c0ad15f379df96b4e4e33f58\",\"name\":\"Constance de Cagny\",\"image\":{\"@type\":\"ImageObject\",\"@id\":\"https:\/\/www.mes-allocs.fr\/guides\/#personlogo\",\"inLanguage\":\"fr-FR\",\"url\":\"https:\/\/www.mes-allocs.fr\/guides\/wp-content\/uploads\/2021\/06\/Constance.2e8ee0b.png\",\"caption\":\"Constance de Cagny\"},\"description\":\"Constance est r\\u00e9dactrice au sein de l'\\u00e9quipe Mes Allocs. Elle a l'habitude d'\\u00e9crire sur les sujets conso, bons plans et \\u00e9conomies. Dipl\\u00f4m\\u00e9e de l'ENACO, elle rejoint Mes Allocs apr\\u00e8s une premi\\u00e8re exp\\u00e9rience en cabinet notarial.\",\"sameAs\":[\"https:\/\/www.linkedin.com\/in\/constance-de-cagny-mayeur-bbb414135\"]}]}<\/script>\n<!-- \/ Yoast SEO plugin. -->","amp_validity":null,"acf":{"faq":{"1":{"question":"Qui a droit \u00e0 l'ACCRE?","answer":"L'ACCRE est une Aide aux Ch\u00f4meurs Cr\u00e9ateurs d'Entreprises."},"2":{"question":"Quelles aide financi\u00e8re pour les auto-entrepreneurs?","answer":"L'ACRE est l'Aide aux Cr\u00e9ateurs et Repreneurs d'Entreprises, qu'ils soient ou non demandeurs d'emploi. Elle remplace l'ACCRE (Aide aux Ch\u00f4meurs Cr\u00e9ateurs d'Entreprises)."},"3":{"question":"Comment demander l'ACCRE \u00e0 P\u00f4le Emploi?","answer":"Il faut s'adresser \u00e0 l'agence P\u00f4le Emploi dont vous d\u00e9pendez et pr\u00e9senter tous les justificatifs demand\u00e9s. "},"4":{"question":"\ud83c\udd98Quelles aides financi\u00e8res pour les Auto-Entrepreneurs ?","answer":"L'ACCRE, l'aide financi\u00e8re la plus importante pour les auto-entrepreneurs. ACCRE signifie : Aide aux Ch\u00f4meurs Cr\u00e9ateurs ou Repreneurs d'Entreprise."},"5":{"question":"\ud83d\udccdO\u00f9 obtenir l'accre ?","answer":"Le dossier de demande d'ACRE doit \u00eatre d\u00e9pos\u00e9 au plus tard dans les 45 jours qui suivent le d\u00e9p\u00f4t de la d\u00e9claration d'entreprise, aupr\u00e8s du CFE dont vous d\u00e9pendez."},"6":{"question":"\ud83e\udd14Qui a le droit \u00e0 l'accre ?","answer":"L'ACCRE, aide au ch\u00f4meur cr\u00e9ateur ou repreneur d'entreprise, est un dispositif d'aide \u00e0 la cr\u00e9ation et \u00e0 la reprise d'entreprise qui permet \u00e0 l'entrepreneur de b\u00e9n\u00e9ficier d'une exon\u00e9ration partielle de ses cotisations sociales durant les 12 premiers mois d'activit\u00e9."},"7":{"question":"\ud83d\udcbcComment financer le rachat d'une entreprise ?","answer":"Le rachat d'une entreprise se fait en deux \u00e9tapes : le rachat du fonds de commerce, puis la cession des parts sociales. Vous pouvez rachetez un commerce sans apporter votre propre argent. Pour cela vous pourrez emprunter la somme n\u00e9cessaire, et la rembourser \u00e0 mesure que l'entreprise g\u00e9n\u00e9rera des b\u00e9n\u00e9fices."},"8":{"question":"","answer":""},"9":{"question":"","answer":""},"10":{"question":"","answer":""},"11":{"question":"","answer":""},"12":{"question":"","answer":""},"13":{"question":"","answer":""},"14":{"question":"","answer":""},"15":{"question":"","answer":""},"16":{"question":"","answer":""}}},"_links":{"self":[{"href":"https:\/\/www.mes-allocs.fr\/guides\/wp-json\/wp\/v2\/posts\/2516","targetHints":{"allow":["GET"]}}],"collection":[{"href":"https:\/\/www.mes-allocs.fr\/guides\/wp-json\/wp\/v2\/posts"}],"about":[{"href":"https:\/\/www.mes-allocs.fr\/guides\/wp-json\/wp\/v2\/types\/post"}],"author":[{"embeddable":true,"href":"https:\/\/www.mes-allocs.fr\/guides\/wp-json\/wp\/v2\/users\/10"}],"replies":[{"embeddable":true,"href":"https:\/\/www.mes-allocs.fr\/guides\/wp-json\/wp\/v2\/comments?post=2516"}],"version-history":[{"count":21,"href":"https:\/\/www.mes-allocs.fr\/guides\/wp-json\/wp\/v2\/posts\/2516\/revisions"}],"predecessor-version":[{"id":97308,"href":"https:\/\/www.mes-allocs.fr\/guides\/wp-json\/wp\/v2\/posts\/2516\/revisions\/97308"}],"wp:featuredmedia":[{"embeddable":true,"href":"https:\/\/www.mes-allocs.fr\/guides\/wp-json\/wp\/v2\/media\/2614"}],"wp:attachment":[{"href":"https:\/\/www.mes-allocs.fr\/guides\/wp-json\/wp\/v2\/media?parent=2516"}],"wp:term":[{"taxonomy":"category","embeddable":true,"href":"https:\/\/www.mes-allocs.fr\/guides\/wp-json\/wp\/v2\/categories?post=2516"},{"taxonomy":"post_tag","embeddable":true,"href":"https:\/\/www.mes-allocs.fr\/guides\/wp-json\/wp\/v2\/tags?post=2516"}],"curies":[{"name":"wp","href":"https:\/\/api.w.org\/{rel}","templated":true}]}}