{"id":2513,"date":"2019-12-17T05:25:16","date_gmt":"2019-12-17T05:25:16","guid":{"rendered":"https:\/\/www.mes-allocs.fr\/guides\/?p=2513"},"modified":"2025-10-24T18:25:22","modified_gmt":"2025-10-24T16:25:22","slug":"formulaire-acre","status":"publish","type":"post","link":"https:\/\/www.mes-allocs.fr\/guides\/acre\/formulaire-acre\/","title":{"rendered":"Formulaire ACRE, le guide pour r\u00e9ussir votre dossier"},"content":{"rendered":"<p><img loading=\"lazy\" decoding=\"async\" class=\"alignnone wp-image-2803 size-full\" src=\"https:\/\/www.mes-allocs.fr\/guides\/wp-content\/uploads\/2019\/12\/formulaire-accre-e1575977172600.jpg\" alt=\"formulaire accre\" width=\"960\" height=\"348\" srcset=\"https:\/\/www.mes-allocs.fr\/guides\/wp-content\/uploads\/2019\/12\/formulaire-accre-e1575977172600.jpg 960w, https:\/\/www.mes-allocs.fr\/guides\/wp-content\/uploads\/2019\/12\/formulaire-accre-e1575977172600-300x109.jpg 300w, https:\/\/www.mes-allocs.fr\/guides\/wp-content\/uploads\/2019\/12\/formulaire-accre-e1575977172600-768x278.jpg 768w, https:\/\/www.mes-allocs.fr\/guides\/wp-content\/uploads\/2019\/12\/formulaire-accre-e1575977172600-600x218.jpg 600w\" sizes=\"auto, (max-width: 960px) 100vw, 960px\" \/><\/p>\n<p><strong>L&rsquo;<a href=\"https:\/\/www.mes-allocs.fr\/guides\/accre\/\">ACCRE<\/a> est l&rsquo;Aide aux Ch\u00f4meurs Cr\u00e9ateurs d&rsquo;Entreprises. Avant le 1<sup>er<\/sup> janvier 2019, pour en b\u00e9n\u00e9ficier, vous deviez constituer un dossier et remplir un formulaire ACCRE. Mais depuis le 1<sup>er<\/sup> janvier 2019, les formalit\u00e9s se sont assouplies. Pour d\u00e9couvrir les nouvelles modalit\u00e9s qui permettent de b\u00e9n\u00e9ficier de l&rsquo;ACCRE ou ACRE (Aide aux Cr\u00e9ateurs et Repreneurs d&rsquo;Entreprises), nous vous invitons \u00e0 lire cet article!<\/strong><\/p>\n<hr \/>\n<h1>L&rsquo;ACCRE et L&rsquo;ACRE<\/h1>\n<p>Quelles sont les diff\u00e9rences existant entre l&rsquo;ACCRE et l&rsquo;ACRE ?<\/p>\n<h2>L&rsquo;ACCRE: avant le 1<sup>er<\/sup> janvier 2019<\/h2>\n<p>L&rsquo;ACCRE a chang\u00e9 de nom et ses modalit\u00e9s ont \u00e9t\u00e9 modifi\u00e9 le 1<sup>er<\/sup> janvier 2019.<\/p>\n<h3>D\u00e9finition ACCRE<\/h3>\n<p>Avant le 1<sup>er<\/sup> janvier 2019, l&rsquo;ACCRE correspondait \u00e0 l&rsquo;Aide aux Ch\u00f4meurs Cr\u00e9ateurs d&rsquo;Entreprises. C&rsquo;est une aide gouvernementale qui aide notamment les ch\u00f4meurs souhaitant reprendre ou cr\u00e9er une entreprise.<\/p>\n<h3>Les conditions pour b\u00e9n\u00e9ficier de l&rsquo;ACCRE<\/h3>\n<p>Avant le 1<sup>er<\/sup> janvier 2019, certaines conditions \u00e9taient indispensables aux personnes cr\u00e9ant ou reprenant une entreprise et voulant b\u00e9n\u00e9ficier de l&rsquo;ACCRE.<\/p>\n<p>Les voici:<\/p>\n<ul>\n<li>\u00eatre demandeur d&#8217;emploi indemnis\u00e9 ou pouvant \u00eatre indemnis\u00e9<\/li>\n<li>\u00eatre demandeur d&#8217;emploi non indemnis\u00e9 et inscrit \u00e0 P\u00f4le emploi a minima 6 mois pendant les 18 derniers mois<\/li>\n<li>recevoir le Revenu de Solidarit\u00e9 Active ou RSA<\/li>\n<li>percevoir l&rsquo;Allocation de Solidarit\u00e9 Sp\u00e9cifique ou ASS<\/li>\n<li>b\u00e9n\u00e9ficier de la Prestation Partag\u00e9e de l&rsquo;\u00c9ducation de l&rsquo;Enfant ou PreParE<\/li>\n<li>avoir moins de 26 ans<\/li>\n<li>avoir moins de 30 ans et \u00eatre handicap\u00e9<\/li>\n<li>avoir moins de 30 ans et \u00eatre non indemnis\u00e9e<\/li>\n<li>\u00eatre licenci\u00e9 ou salari\u00e9 d&rsquo;une entreprise en difficult\u00e9 et reprendre tout ou partie d&rsquo;une entreprise<\/li>\n<li>\u00eatre cr\u00e9ateur ou repreneur d&rsquo;entreprise au sein d&rsquo;un quartier prioritaire de la ville<\/li>\n<\/ul>\n<h2>L&rsquo;ACRE: \u00e0 compter du 1<sup>er<\/sup> janvier 2019<\/h2>\n<p>\u00c0 compter du 1<sup>er<\/sup> janvier 2019, l&rsquo;ACCRE devient l&rsquo;ACRE et plusieurs modalit\u00e9s sont alors modifi\u00e9es.<\/p>\n<h3>D\u00e9finition ACRE<\/h3>\n<p>L&rsquo;Aide aux Ch\u00f4meurs Cr\u00e9ateurs d&rsquo;Entreprises devient l&rsquo;Aide aux Cr\u00e9ateurs et Repreneurs d&rsquo;Entreprises (ACRE) au 1<sup>er<\/sup> janvier 2019. D\u00e8s lors, il n&rsquo;est plus besoin d&rsquo;\u00eatre demandeur d&#8217;emploi, handicap\u00e9, \u00e2g\u00e9 de moins de 26 ans ou toute autre condition cit\u00e9e ci-dessus pour \u00eatre en mesure de b\u00e9n\u00e9ficier de cette aide \u00e0 la reprise et \u00e0 la cr\u00e9ation d&rsquo;entreprise.<\/p>\n<h3>Les conditions pour b\u00e9n\u00e9ficier de l&rsquo;ACRE<\/h3>\n<p>Des conditions diff\u00e9rentes de celles indispensables \u00e0 la demande d&rsquo;accre sont \u00e0 respecter pour pouvoir b\u00e9n\u00e9ficier de l&rsquo;acre.<\/p>\n<h4>Types d&rsquo;activit\u00e9s concern\u00e9es<\/h4>\n<p>Afin de pouvoir b\u00e9n\u00e9ficier de l&rsquo;acre, il faut que l&rsquo;activit\u00e9 de cr\u00e9ation ou de reprise d&rsquo;entreprise fasse partie de l&rsquo;un des secteurs ci-dessous:<\/p>\n<ul>\n<li>industriel<\/li>\n<li>commercial<\/li>\n<li>artisanal<\/li>\n<li>agricole<\/li>\n<li>lib\u00e9ral<\/li>\n<\/ul>\n<h4>Un contr\u00f4le effectif de la soci\u00e9t\u00e9<\/h4>\n<p>Lorsque la soci\u00e9t\u00e9 est une SARL ou une SAS (par exemple), le cr\u00e9ateur ou repreneur d&rsquo;entreprise doit \u00eatre en mesure de r\u00e9pondre \u00e0 l&rsquo;une des conditions suivantes:<\/p>\n<ul>\n<li>d\u00e9tenir par lui-m\u00eame ou avec sa famille (soit son conjoint, son concubin ou ses ascendants et descendants) plus de 50 % du capital social dont 35 % \u00e0 titre personnel<\/li>\n<li>diriger la soci\u00e9t\u00e9 et d\u00e9tenir par lui-m\u00eame ou conjointement avec sa famille au moins 1\/3 du capital social dont au moins 25 % \u00e0 titre personnel. \u00c0 noter: aucun associ\u00e9 n&rsquo;\u00e9tant pas un membre de sa famille ne doit poss\u00e9der plus de 50 % du capital social<\/li>\n<li>poss\u00e9der avec d&rsquo;autres b\u00e9n\u00e9ficiaires de l&rsquo;acre ou d&rsquo;autres demandeurs d&rsquo;accre plus de 50 % du capital de la soci\u00e9t\u00e9. \u00c0 noter: l&rsquo;un des demandeurs au moins doit \u00eatre le dirigeant de la soci\u00e9t\u00e9 et chaque demandeur doit poss\u00e9der par lui-m\u00eame une part du capital \u00e9galant au moins 10 % de la part d\u00e9tenue par l&rsquo;actionnaire principal.<\/li>\n<\/ul>\n<p>Attention: plusieurs demandeurs d&rsquo;acre peuvent b\u00e9n\u00e9ficier s\u00e9par\u00e9ment de l&rsquo;aide pour un m\u00eame projet s&rsquo;ils respectent les conditions suivantes:<\/p>\n<ul>\n<li>ils d\u00e9tiennent collectivement plus de 50% du capital social<\/li>\n<li>l&rsquo;un d&rsquo;eux OU plusieurs d&rsquo;entre eux sont les dirigeants de la soci\u00e9t\u00e9<\/li>\n<li>tous les porteurs de parts doivent poss\u00e9der chacun au moins 1\/10 de la part du capital poss\u00e9d\u00e9e par le porteur de parts principal<\/li>\n<\/ul>\n<h4>Ne pas avoir b\u00e9n\u00e9fici\u00e9 de l&rsquo;accre pendant les trois ans pr\u00e9c\u00e9dents<\/h4>\n<p>Deux possibilit\u00e9s pour comptabiliser le d\u00e9lai:<\/p>\n<ul>\n<li>\u00e0 partir du 1<sup>er<\/sup> janvier 2019, on calcule le d\u00e9lai depuis la cessation de l&rsquo;octroi du b\u00e9n\u00e9fice de l&rsquo;accre au titre d&rsquo;une activit\u00e9 pass\u00e9e<\/li>\n<li>en revanche, avant le 1<sup>er<\/sup> janvier 2019, le d\u00e9lai se calculait \u00e0 partir de la cessation de la pr\u00e9c\u00e9dente d\u00e9cision d&rsquo;octroyer l&rsquo;accre<\/li>\n<\/ul>\n<p><iframe loading=\"lazy\" title=\"L&#039;ACRE\" width=\"500\" height=\"281\" src=\"https:\/\/www.youtube.com\/embed\/8bcid53zd-0?feature=oembed\" frameborder=\"0\" allow=\"accelerometer; autoplay; clipboard-write; encrypted-media; gyroscope; picture-in-picture; web-share\" referrerpolicy=\"strict-origin-when-cross-origin\" allowfullscreen><\/iframe><\/p>\n<h1>Quelles formalit\u00e9s pour b\u00e9n\u00e9ficier de l&rsquo;ACRE?<\/h1>\n<p>Depuis le 1<sup>er<\/sup> janvier 2019, aucune formalit\u00e9 n&rsquo;est \u00e0 entreprendre pour les personnes s&rsquo;adonnant \u00e0 une activit\u00e9 de cr\u00e9ation ou de reprise d&rsquo;entreprise et d\u00e9sirant b\u00e9n\u00e9ficier de l&rsquo;ACRE.<\/p>\n<h1>Quelles formalit\u00e9s pour b\u00e9n\u00e9ficier de l&rsquo;ACCRE?<\/h1>\n<p>Avant la date du 1<sup>er<\/sup> janvier 2019, des formalit\u00e9s \u00e9taient n\u00e9cessaires pour obtenir l&rsquo;ACCRE.<\/p>\n<h2>Comment remplir le formulaire de demande d&rsquo;ACCRE?<\/h2>\n<p>Le formulaire Cerfa 13584*02 est \u00e0 remplir pour faire sa demande d&rsquo;accre.<\/p>\n<h3>Le haut du formulaire<\/h3>\n<p>Il faut tout d&rsquo;abord cocher la situation qui correspond \u00e0 sa propre situation:<\/p>\n<ul>\n<li>envoi de la demande d&rsquo;accre en m\u00eame temps que la d\u00e9claration d&rsquo;entreprise<\/li>\n<li>OU envoi de la demande d&rsquo;accre dans les 45 jours qui suivent la d\u00e9claration de cr\u00e9ation ou de reprise d&rsquo;entreprise<\/li>\n<\/ul>\n<p>Si on correspond \u00e0 la deuxi\u00e8me situation, il ne faut pas oublier d&rsquo;indiquer le SIRET de l&rsquo;entreprise.<\/p>\n<h3>Le cadre 1 du formulaire Cerfa<\/h3>\n<p>Il faut indiquer dans le cadre 1 les les renseignements qui concernent le demandeur d&rsquo;accre comme son nom, son pr\u00e9nom, sa date de naissance, son num\u00e9ro de s\u00e9curit\u00e9 sociale etc&#8230;<\/p>\n<h3>Le cadre 2 du formulaire Cerfa<\/h3>\n<p>Dans ce cadre 2, il faut pr\u00e9ciser la situation personnelle qui est celle du demandeur d&rsquo;accre. Des justificatifs sont en outre demand\u00e9s.<\/p>\n<h3>Le cadre 3 du formulaire Cerfa<\/h3>\n<p>Le cadre 3 concerne uniquement les demandeurs qui cr\u00e9ent ou ont d\u00e9j\u00e0 cr\u00e9e leur entreprise.<\/p>\n<p>Donc, entrepreneurs individuels n&rsquo;ont pas besoin de remplir ce cadre.<\/p>\n<p>Les informations qu&rsquo;il convient de renseigner sont les suivantes:<\/p>\n<ul>\n<li>la d\u00e9nomination sociale de la soci\u00e9t\u00e9<\/li>\n<li>le nombre total d&rsquo;associ\u00e9s<\/li>\n<li>cocher la situation qui concerne le demandeur d&rsquo;accre parmi les cas pr\u00e9sent\u00e9s<\/li>\n<\/ul>\n<h3>Le cadre 4 du formulaire Cerfa<\/h3>\n<p>Dans le cadre 4, il faut respecter un certain nombre d&rsquo;\u00e9tapes:<\/p>\n<ul>\n<li>il faut d&rsquo;abord que le demandeur d&rsquo;accre transmette des informations sur son dernier emploi, son niveau de qualification et la raison de son inscription \u00e0 P\u00f4le Emploi<\/li>\n<li>il doit ensuite renseigner sa date d&rsquo;inscription \u00e0 P\u00f4le Emploi<\/li>\n<li>Puis, le demandeur doit dire s&rsquo;il est affili\u00e9 ou pas au contrat CAPE ou au NACRE<\/li>\n<li>Enfin, il lui faut pr\u00e9ciser les renseignements suivants:\u00a0le nombre d&#8217;emplois cr\u00e9\u00e9s dans le cas o\u00f9 il est cr\u00e9ateur d&rsquo;entreprise ET le nombre d&#8217;emplois repris dans le cas o\u00f9 il est repreneur d&rsquo;entreprise<\/li>\n<\/ul>\n<h3>Le cadre 5 du formulaire Cerfa<\/h3>\n<p>C&rsquo;est dans ce cadre qu&rsquo;il faut que le demandeur appose sa signature et pr\u00e9cise la date \u00e0 laquelle il a sign\u00e9.<\/p>\n<p>Attention: signer le formulaire cerfa du\u00a0 revient \u00e0 assurer que le demandeur n&rsquo;a pas b\u00e9n\u00e9fici\u00e9 de l&rsquo;accre dans les 3 ann\u00e9es pr\u00e9c\u00e9dentes.<\/p>\n<h2>Les pi\u00e8ces justificatives \u00e0 joindre au dossier<\/h2>\n<p>Plusieurs pi\u00e8ces justificatives sont demand\u00e9es pour faire une demande d&rsquo;accre, notamment:<\/p>\n<ul>\n<li>1 copie des statuts de la soci\u00e9t\u00e9 dont la r\u00e9partition des parts sociales ou actions sign\u00e9s par tous les associ\u00e9s ou actionnaires. Dans le cas o\u00f9 la r\u00e9partition des parts sociales ou actions n&rsquo;appara\u00eet pas sur les statuts, ne pas oublier de fournir 1 copie de la liste des souscripteurs o\u00f9 figure le nombre d&rsquo;actions souscrites<\/li>\n<li>1 copie de l&rsquo;acte de nomination du ou des dirigeants<\/li>\n<li>si le demandeur l&rsquo;accre contr\u00f4le la soci\u00e9t\u00e9 conjointement avec sa famille, il faut 1 copie du livret de famille OU tout autre document prouvant le lien de parent\u00e9<\/li>\n<li>1 copie du formulaire de d\u00e9claration d&rsquo;entreprise (P0, M0, M2, M3 SARL OU M3 autres formes juridiques)<\/li>\n<li>pour la personne indemnisable par l&rsquo;ARE: 1 copie de la lettre de licenciement et 1 copie des bulletins de salaire des 4 derniers mois<\/li>\n<li>pour une personne qui a sign\u00e9 une rupture de contrat conventionnelle: 1 copie de la notification de l&rsquo;acceptation de l&rsquo;homologation OU l&rsquo;accus\u00e9 de r\u00e9ception de la demande d&rsquo;homologation sur lequel la date d&rsquo;arriv\u00e9e de la demande et la date \u00e0 laquelle le d\u00e9lai d&rsquo;instruction expire sont clairement indiqu\u00e9es<\/li>\n<\/ul>\n<h2>O\u00f9 faire la demande d&rsquo;accre?<\/h2>\n<p>Il faut d\u00e9poser le dossier accre contenant le formulaire Cerfa et les pi\u00e8ces justificatives au Centre de Formalit\u00e9s des Entreprises CFE dont les repreneurs ou cr\u00e9ateurs d&rsquo;entreprise d\u00e9pendent (autrement dit, le m\u00eame CFE qui a re\u00e7u le dossier de d\u00e9claration de reprise ou de cr\u00e9ation d&rsquo;entreprise).<\/p>\n<p>Il existe plusieurs Centres de Formalit\u00e9:<\/p>\n<ul>\n<li>Centre de Formalit\u00e9 de la Chambre de commerce (pour les activit\u00e9s commerciales)<\/li>\n<li>Centre de Formalit\u00e9 de la Chambre de m\u00e9tiers et de l&rsquo;artisanat (pour les activit\u00e9s artisanales)<\/li>\n<li>Centre de Formalit\u00e9 de l&rsquo;URSSAF pour les activit\u00e9s lib\u00e9rales<\/li>\n<\/ul>\n<h1>L&rsquo;ACRE: quelles exon\u00e9rations?<\/h1>\n<p>L&rsquo;ACRE (tout comme l&rsquo;ACCRE avant elle) donne droit \u00e0 des exon\u00e9rations de charges sociales pendant 12 mois.<\/p>\n<h2>Les charges sociales exon\u00e9r\u00e9es<\/h2>\n<ul>\n<li>assurance maladie<\/li>\n<li>assurance maternit\u00e9<\/li>\n<li>assurance retraite de base<\/li>\n<li>assurance vieillesse<\/li>\n<li>assurance invalidit\u00e9<\/li>\n<li>assurance d\u00e9c\u00e8s<\/li>\n<li>allocations familiales<\/li>\n<\/ul>\n<h2>Calcul de l&rsquo;exon\u00e9ration en fonction du revenu professionnel<\/h2>\n<p>Depuis le 1<sup>er<\/sup> janvier 2019, les personnes ayant une activit\u00e9 de cr\u00e9ation ou de reprise d&rsquo;entreprise ont droit \u00e0 des exon\u00e9rations de cotisations sociales mais seulement en fonction de leur revenu professionnel, comme suit:<\/p>\n<ul>\n<li>pour un revenu professionnel i<span style=\"font-weight: 400;\">nf\u00e9rieur \u00e0 35\u00a0325\u00a0\u20ac \/an, il y a exon\u00e9ration totale des cotisations sociales cit\u00e9es ci-dessus<\/span><\/li>\n<li>pour un revenu professionnel compris e<span style=\"font-weight: 400;\">ntre 35 325 \u20ac \/an et 47\u00a0100\u00a0\u20ac \/an, il y a exon\u00e9ration d\u00e9gressive<\/span><\/li>\n<li>pour un revenu professionnel s<span style=\"font-weight: 400;\">up\u00e9rieur \u00e0 47\u00a0100\u00a0\u20ac \/an, il n&rsquo;y a pas d&rsquo;exon\u00e9ration<\/span><\/li>\n<\/ul>\n<h2>Cas des micro entreprises<\/h2>\n<p>Les micro entreprises ont droit \u00e0 une exon\u00e9ration prolong\u00e9e: au lieu de 12 mois, les exon\u00e9rations peuvent durer entre 24 \u00e0 36 mois.<\/p>\n<h2>Les charges sociales qui ne sont pas exon\u00e9r\u00e9es<\/h2>\n<ul>\n<li>la CSG (ou Contribution Sociale G\u00e9neralis\u00e9e)<\/li>\n<li>la CRDS (ou Contribution pour le Remboursement de la Dette Sociale)<\/li>\n<li>la cotisation aux accidents de travail<\/li>\n<li>les cotisations \u00e0 la retraite compl\u00e9mentaire<\/li>\n<li>la FNAL ou Fond National d&rsquo;Aide au Logement)<\/li>\n<li>la cotisation \u00e0 la formation professionnelle<\/li>\n<li>cotisation au versement transport<\/li>\n<\/ul>\n<div class='cta-block'><div class='text'>Simulez toutes vos aides en 2 min.<\/div><a href='https:\/\/www.mes-allocs.fr\/ab-app?origin=guides\/wp-json\/wp\/v2\/posts\/2513' class='app-button fit'>Simulation gratuite<\/a><\/div>\n","protected":false},"excerpt":{"rendered":"<p>L&rsquo;ACCRE est l&rsquo;Aide aux Ch\u00f4meurs Cr\u00e9ateurs d&rsquo;Entreprises. Avant le 1er janvier 2019, pour en b\u00e9n\u00e9ficier, vous deviez constituer un dossier et remplir un formulaire ACCRE. Mais depuis le 1er janvier 2019, les formalit\u00e9s se sont assouplies. Pour d\u00e9couvrir les nouvelles modalit\u00e9s qui permettent de b\u00e9n\u00e9ficier de l&rsquo;ACCRE ou ACRE (Aide aux Cr\u00e9ateurs et Repreneurs d&rsquo;Entreprises), [&hellip;]<\/p>\n","protected":false},"author":10,"featured_media":105241,"comment_status":"open","ping_status":"open","sticky":false,"template":"","format":"standard","meta":{"amp_status":"","footnotes":""},"categories":[34],"tags":[],"class_list":["post-2513","post","type-post","status-publish","format-standard","has-post-thumbnail","hentry","category-acre"],"yoast_head":"<!-- This site is optimized with the Yoast SEO plugin v14.9 - https:\/\/yoast.com\/wordpress\/plugins\/seo\/ -->\n<title>Formulaire ACRE, le guide pour r\u00e9ussir votre dossier | Mes-Allocs.fr<\/title>\n<meta name=\"description\" content=\"Depuis le 1er janvier 2019, il n&#039;y a plus besoin de dossier et de formulaire ACCRE. La proc\u00e9dure est simplifi\u00e9e. Lisez vite pour en savoir plus!\" \/>\n<meta name=\"robots\" content=\"index, follow, max-snippet:-1, max-image-preview:large, max-video-preview:-1\" \/>\n<link rel=\"canonical\" href=\"https:\/\/www.mes-allocs.fr\/guides\/acre\/formulaire-acre\/\" \/>\n<meta property=\"og:locale\" content=\"fr_FR\" \/>\n<meta property=\"og:type\" content=\"article\" \/>\n<meta property=\"og:title\" content=\"Formulaire ACRE, le guide pour r\u00e9ussir votre dossier | Mes-Allocs.fr\" \/>\n<meta property=\"og:description\" content=\"Depuis le 1er janvier 2019, il n&#039;y a plus besoin de dossier et de formulaire ACCRE. La proc\u00e9dure est simplifi\u00e9e. Lisez vite pour en savoir plus!\" \/>\n<meta property=\"og:url\" content=\"https:\/\/www.mes-allocs.fr\/guides\/acre\/formulaire-acre\/\" \/>\n<meta property=\"og:site_name\" content=\"Mes-Allocs.fr\" \/>\n<meta property=\"article:published_time\" content=\"2019-12-17T05:25:16+00:00\" \/>\n<meta property=\"article:modified_time\" content=\"2025-10-24T16:25:22+00:00\" \/>\n<meta property=\"og:image\" content=\"https:\/\/www.mes-allocs.fr\/guides\/wp-content\/uploads\/2019\/12\/acre.jpg?wsr\" \/>\n\t<meta property=\"og:image:width\" content=\"1920\" \/>\n\t<meta property=\"og:image:height\" content=\"1440\" \/>\n<meta name=\"twitter:card\" content=\"summary_large_image\" \/>\n<script type=\"application\/ld+json\" class=\"yoast-schema-graph\">{\"@context\":\"https:\/\/schema.org\",\"@graph\":[{\"@type\":\"WebSite\",\"@id\":\"https:\/\/www.mes-allocs.fr\/guides\/#website\",\"url\":\"https:\/\/www.mes-allocs.fr\/guides\/\",\"name\":\"Mes-Allocs.fr\",\"description\":\"\",\"potentialAction\":[{\"@type\":\"SearchAction\",\"target\":\"https:\/\/www.mes-allocs.fr\/guides\/?s={search_term_string}\",\"query-input\":\"required name=search_term_string\"}],\"inLanguage\":\"fr-FR\"},{\"@type\":\"ImageObject\",\"@id\":\"https:\/\/www.mes-allocs.fr\/guides\/acre\/formulaire-acre\/#primaryimage\",\"inLanguage\":\"fr-FR\",\"url\":\"https:\/\/www.mes-allocs.fr\/guides\/wp-content\/uploads\/2019\/12\/acre.jpg?wsr\",\"width\":1920,\"height\":1440,\"caption\":\"acre\"},{\"@type\":\"WebPage\",\"@id\":\"https:\/\/www.mes-allocs.fr\/guides\/acre\/formulaire-acre\/#webpage\",\"url\":\"https:\/\/www.mes-allocs.fr\/guides\/acre\/formulaire-acre\/\",\"name\":\"Formulaire ACRE, le guide pour r\\u00e9ussir votre dossier | Mes-Allocs.fr\",\"isPartOf\":{\"@id\":\"https:\/\/www.mes-allocs.fr\/guides\/#website\"},\"primaryImageOfPage\":{\"@id\":\"https:\/\/www.mes-allocs.fr\/guides\/acre\/formulaire-acre\/#primaryimage\"},\"datePublished\":\"2019-12-17T05:25:16+00:00\",\"dateModified\":\"2025-10-24T16:25:22+00:00\",\"author\":{\"@id\":\"https:\/\/www.mes-allocs.fr\/guides\/#\/schema\/person\/8d47b912c0ad15f379df96b4e4e33f58\"},\"description\":\"Depuis le 1er janvier 2019, il n'y a plus besoin de dossier et de formulaire ACCRE. La proc\\u00e9dure est simplifi\\u00e9e. Lisez vite pour en savoir plus!\",\"inLanguage\":\"fr-FR\"},{\"@type\":\"Person\",\"@id\":\"https:\/\/www.mes-allocs.fr\/guides\/#\/schema\/person\/8d47b912c0ad15f379df96b4e4e33f58\",\"name\":\"Constance de Cagny\",\"image\":{\"@type\":\"ImageObject\",\"@id\":\"https:\/\/www.mes-allocs.fr\/guides\/#personlogo\",\"inLanguage\":\"fr-FR\",\"url\":\"https:\/\/www.mes-allocs.fr\/guides\/wp-content\/uploads\/2021\/06\/Constance.2e8ee0b.png\",\"caption\":\"Constance de Cagny\"},\"description\":\"Constance est r\\u00e9dactrice au sein de l'\\u00e9quipe Mes Allocs. Elle a l'habitude d'\\u00e9crire sur les sujets conso, bons plans et \\u00e9conomies. Dipl\\u00f4m\\u00e9e de l'ENACO, elle rejoint Mes Allocs apr\\u00e8s une premi\\u00e8re exp\\u00e9rience en cabinet notarial.\",\"sameAs\":[\"https:\/\/www.linkedin.com\/in\/constance-de-cagny-mayeur-bbb414135\"]}]}<\/script>\n<!-- \/ Yoast SEO plugin. -->","amp_validity":null,"acf":{"faq":{"1":{"question":"O\u00f9 envoyer la demande de l'ACCRE? ","answer":"Avant le 1er janvier 2019, la demande de l'ACCRE \u00e9tait \u00e0 envoyer au CFE dont vous d\u00e9pendez. Mais depuis le 1er janvier, il n'y a plus de dossier \u00e0 constituer: l'ACRE (Aide aux Cr\u00e9ateurs Repreneurs d'Entreprises) est attribu\u00e9e automatiquement aux cr\u00e9ateurs et repreneurs d'entreprises qui r\u00e9pondent \u00e0 certaines conditions. "},"2":{"question":"Quand faire la demande de l'ACCRE? ","answer":"Avant le 1er janvier 2019, il fallait faire la demande de l'ACCRE dans les 45 jours qui suivent la d\u00e9claration de l'entreprise. Mais depuis le 1er janvier 2019, il n'y a plus besoin de formuler une demande: l'ACRE (Aide aux Cr\u00e9ateurs Repreneurs d'Entreprises) est attribu\u00e9e automatiquement aux cr\u00e9ateurs et repreneurs d'entreprises qui r\u00e9pondent \u00e0 certaines conditions. "},"3":{"question":"Qu'est-ce que la demande d'ACCRE?","answer":"Avant le 1er janvier 2019, l'ACCRE \u00e9tait l'Aide aux Ch\u00f4meurs Cr\u00e9ateurs d'Entreprises. Mais depuis le 1er janvier 2019, tout cr\u00e9ateur ou repreneur d'entreprise peut b\u00e9n\u00e9ficier de l'ACRE (Aide aux cr\u00e9ateurs et Repreneurs d'Entreprises) s'il r\u00e9pond \u00e0 certains crit\u00e8res, comme un plafond de revenu professionnel."},"4":{"question":"Qu'est-ce que l'ARCE?","answer":"L'ARCE est l'Aide \u00e0 la Reprise ou \u00e0 la Cr\u00e9ation d'Entreprise. C'est une aide P\u00f4le Emploi qui permet au b\u00e9n\u00e9ficiaire de recevoir ses allocations ch\u00f4mage sous forme de capital."},"5":{"question":"\ud83d\udccdO\u00f9 envoyer la demande de l'accre ?","answer":"Le dossier de demande d'ACRE doit \u00eatre d\u00e9pos\u00e9 au plus tard dans les 45 jours qui suivent le d\u00e9p\u00f4t de la d\u00e9claration d'entreprise, aupr\u00e8s du CFE dont vous d\u00e9pendez. Pr\u00e9cision : le d\u00e9lai de 45 jours court \u00e0 compter de la date figurant sur l'accus\u00e9 r\u00e9ception de la d\u00e9claration d'entreprise envoy\u00e9e par le CFE."},"6":{"question":"\ud83e\udd14Comment b\u00e9n\u00e9ficier de l'Accre ?","answer":"L'ACCRE, aide au ch\u00f4meur cr\u00e9ateur ou repreneur d'entreprise, est un dispositif d'aide \u00e0 la cr\u00e9ation et \u00e0 la reprise d'entreprise qui permet \u00e0 l'entrepreneur de b\u00e9n\u00e9ficier d'une exon\u00e9ration partielle de ses cotisations sociales durant les 12 premiers mois d'activit\u00e9."},"7":{"question":"\ud83d\udcc5Quand faire la demande de l'accre ?","answer":"Le dossier de demande d'ACRE doit \u00eatre d\u00e9pos\u00e9 au plus tard dans les 45 jours qui suivent le d\u00e9p\u00f4t de la d\u00e9claration d'entreprise, aupr\u00e8s du CFE dont vous d\u00e9pendez."},"8":{"question":"\ud83c\udd98Quelles sont les aides \u00e0 la cr\u00e9ation d'entreprise ?","answer":"Nouvel accompagnement pour la cr\u00e9ation ou la reprise d'entreprise (Nacre). Aide \u00e0 la cr\u00e9ation ou \u00e0 la reprise d'une entreprise (Acre). Aide \u00e0 la reprise ou \u00e0 la cr\u00e9ation d'entreprise (Arce). Contrat d'appui au projet d'entreprise (Cape)"},"9":{"question":"","answer":""},"10":{"question":"","answer":""},"11":{"question":"","answer":""},"12":{"question":"","answer":""},"13":{"question":"","answer":""},"14":{"question":"","answer":""},"15":{"question":"","answer":""},"16":{"question":"","answer":""}}},"_links":{"self":[{"href":"https:\/\/www.mes-allocs.fr\/guides\/wp-json\/wp\/v2\/posts\/2513","targetHints":{"allow":["GET"]}}],"collection":[{"href":"https:\/\/www.mes-allocs.fr\/guides\/wp-json\/wp\/v2\/posts"}],"about":[{"href":"https:\/\/www.mes-allocs.fr\/guides\/wp-json\/wp\/v2\/types\/post"}],"author":[{"embeddable":true,"href":"https:\/\/www.mes-allocs.fr\/guides\/wp-json\/wp\/v2\/users\/10"}],"replies":[{"embeddable":true,"href":"https:\/\/www.mes-allocs.fr\/guides\/wp-json\/wp\/v2\/comments?post=2513"}],"version-history":[{"count":18,"href":"https:\/\/www.mes-allocs.fr\/guides\/wp-json\/wp\/v2\/posts\/2513\/revisions"}],"predecessor-version":[{"id":97307,"href":"https:\/\/www.mes-allocs.fr\/guides\/wp-json\/wp\/v2\/posts\/2513\/revisions\/97307"}],"wp:featuredmedia":[{"embeddable":true,"href":"https:\/\/www.mes-allocs.fr\/guides\/wp-json\/wp\/v2\/media\/105241"}],"wp:attachment":[{"href":"https:\/\/www.mes-allocs.fr\/guides\/wp-json\/wp\/v2\/media?parent=2513"}],"wp:term":[{"taxonomy":"category","embeddable":true,"href":"https:\/\/www.mes-allocs.fr\/guides\/wp-json\/wp\/v2\/categories?post=2513"},{"taxonomy":"post_tag","embeddable":true,"href":"https:\/\/www.mes-allocs.fr\/guides\/wp-json\/wp\/v2\/tags?post=2513"}],"curies":[{"name":"wp","href":"https:\/\/api.w.org\/{rel}","templated":true}]}}