{"id":25043,"date":"2021-04-15T08:26:23","date_gmt":"2021-04-15T08:26:23","guid":{"rendered":"https:\/\/www.mes-allocs.fr\/guides\/?p=25043"},"modified":"2025-07-18T16:06:33","modified_gmt":"2025-07-18T14:06:33","slug":"bilan-de-competences-angers","status":"publish","type":"post","link":"https:\/\/www.mes-allocs.fr\/guides\/reconversion-professionnelle\/bilan-de-competences\/ou-faire-un-bilan-de-competences\/bilan-de-competences-angers\/","title":{"rendered":"Comment faire un bilan de comp\u00e9tences \u00e0 Angers ?"},"content":{"rendered":"<p><a href=\"https:\/\/www.mes-allocs.fr\/guides\/wp-content\/uploads\/2021\/04\/castle-1386058_1280.jpg\"><img loading=\"lazy\" decoding=\"async\" class=\"aligncenter wp-image-25049 size-full\" title=\"bilan de comp\u00e9tences angers\" src=\"https:\/\/www.mes-allocs.fr\/guides\/wp-content\/uploads\/2021\/04\/castle-1386058_1280-e1618413930964.jpg\" alt=\"bilan de comp\u00e9tences angers\" width=\"1280\" height=\"448\" srcset=\"https:\/\/www.mes-allocs.fr\/guides\/wp-content\/uploads\/2021\/04\/castle-1386058_1280-e1618413930964.jpg 1280w, https:\/\/www.mes-allocs.fr\/guides\/wp-content\/uploads\/2021\/04\/castle-1386058_1280-e1618413930964-300x105.jpg 300w, https:\/\/www.mes-allocs.fr\/guides\/wp-content\/uploads\/2021\/04\/castle-1386058_1280-e1618413930964-1024x358.jpg 1024w, https:\/\/www.mes-allocs.fr\/guides\/wp-content\/uploads\/2021\/04\/castle-1386058_1280-e1618413930964-768x269.jpg 768w, https:\/\/www.mes-allocs.fr\/guides\/wp-content\/uploads\/2021\/04\/castle-1386058_1280-e1618413930964-600x210.jpg 600w\" sizes=\"auto, (max-width: 1280px) 100vw, 1280px\" \/><\/a><\/p>\n<p style=\"text-align: justify;\"><strong>Le bilan de comp\u00e9tences est accessible aux demandeurs d&#8217;emploi ou aux salari\u00e9s, il est pr\u00e9vu par le Code du travail. Cela permet de faire un point sur votre vie personnelle et professionnelle, soit dans le cadre d&rsquo;une <a href=\"https:\/\/www.mes-allocs.fr\/guides\/reconversion-professionnelle\/\">reconversion professionnelle<\/a>, soit dans le cadre d&rsquo;une \u00e9volution de poste. Mes Allocs vous explique comment faire un bilan de comp\u00e9tences \u00e0 Angers, en Maine-et-Loire.<\/strong><\/p>\n<h1>Qu&rsquo;est-ce que le bilan de comp\u00e9tences ?<\/h1>\n<p style=\"text-align: justify;\">Le <a href=\"https:\/\/www.mes-allocs.fr\/guides\/reconversion-professionnelle\/bilan-de-competences\/\">bilan de comp\u00e9tences<\/a> est un dispositif qui vous permet de faire un point sur votre parcours professionnel et personnel, mais \u00e9galement de faire une analyse de vos comp\u00e9tences professionnelles, vos aptitudes et vos motivations, il est \u00e9galement possible d&rsquo;en r\u00e9aliser un si vous \u00eates en situation de handicap.<\/p>\n<p style=\"text-align: justify;\">Un bilan de comp\u00e9tences permet de faire le point sur sa carri\u00e8re, vous r\u00e9alisez un bilan pendant votre temps de travail, dans un organisme agr\u00e9\u00e9 de votre choix. Un consultant d\u00e9di\u00e9 sera en charge de vous suivre tout au long du bilan, de vous donner des conseils en \u00e9volution, de mettre en place un plan d&rsquo;action pour votre avenir professionnel.<\/p>\n<p style=\"text-align: justify;\">Vous avez \u00e9galement la possibilit\u00e9 de le r\u00e9aliser en dehors de vos heures de travail sans avoir \u00e0 en informer votre employeur. En revanche, si vous le r\u00e9alisez pendant vos heures de travail, vous devrez en informer les ressources humaines de votre entreprise.<\/p>\n<p>Si vous habitez Angers vous pouvez vous renseigner sur les centres de bilan proche de chez vous ou de votre lieu de travail, sinon vous pouvez b\u00e9n\u00e9ficier du coaching Mes Allocs !<\/p>\n<div class='cta-block'><div class='text'>Bilan de comp\u00e9tences pay\u00e9 par vos aides.<\/div><a href='https:\/\/www.formademia.fr\/formulaire\/coaching' class='app-button fit'>V\u00e9rifier votre \u00e9ligibilit\u00e9<\/a><\/div>\n<h1>O\u00f9 faire mon bilan de comp\u00e9tences \u00e0 Angers ?<\/h1>\n<p style=\"text-align: justify;\">Le bilan de comp\u00e9tences s&rsquo;effectue dans un <a href=\"https:\/\/www.mes-allocs.fr\/guides\/reconversion-professionnelle\/bilan-de-competences\/ou-faire-un-bilan-de-competences\/\">centre de bilan de comp\u00e9tences<\/a>. Il se d\u00e9roule en face \u00e0 face avec le consultant en charge de vous suivre. Pendant 24 heures, sur des s\u00e9ances de 2 \u00e0 3 heures en entretien individuel, le professionnel analyse vos int\u00e9r\u00eats professionnels et peut vous aider \u00e0 mettre en place un plan de formation.<\/p>\n<p><iframe loading=\"lazy\" title=\"La reconversion professionnelle\" width=\"500\" height=\"281\" src=\"https:\/\/www.youtube.com\/embed\/EiVUthswxl0?feature=oembed\" frameborder=\"0\" allow=\"accelerometer; autoplay; clipboard-write; encrypted-media; gyroscope; picture-in-picture; web-share\" referrerpolicy=\"strict-origin-when-cross-origin\" allowfullscreen><\/iframe><\/p>\n<h1>Les \u00e9tapes du bilan de comp\u00e9tences<\/h1>\n<div>\n<h2 class=\"fiche-title-1\">Phase pr\u00e9liminaire<\/h2>\n<p>La phase pr\u00e9liminaire a pour objet les actions suivantes\u00a0:<\/p>\n<ul>\n<li>Analyser la demande et le besoin du b\u00e9n\u00e9ficiaire<\/li>\n<li>D\u00e9terminer le format le plus adapt\u00e9 \u00e0 la situation et au besoin<\/li>\n<li>D\u00e9finir conjointement la proc\u00e9dure de d\u00e9roulement du bilan<\/li>\n<\/ul>\n<\/div>\n<div>\n<h2 class=\"fiche-title-1\">Phase d&rsquo;investigation<\/h2>\n<p>La phase d&rsquo;investigation permet au b\u00e9n\u00e9ficiaire soit de construire son projet professionnel et d&rsquo;en v\u00e9rifier la pertinence, soit d&rsquo;\u00e9laborer une ou plusieurs alternatives.<\/p>\n<\/div>\n<div>\n<h2 class=\"fiche-title-1\">Phase de conclusion<\/h2>\n<p>La phase de conclusion permet au b\u00e9n\u00e9ficiaire, au moyen d&rsquo;entretiens personnalis\u00e9s, d\u2019effectuer les actions suivantes :<\/p>\n<ul>\n<li>S&rsquo;approprier les r\u00e9sultats d\u00e9taill\u00e9s de la phase d&rsquo;investigation<\/li>\n<li>Recenser les conditions et moyens favorisant la r\u00e9alisation du ou des projets professionnels<\/li>\n<li>Pr\u00e9voir les principales \u00e9tapes du ou des projets professionnels, dont la possibilit\u00e9 de b\u00e9n\u00e9ficier d&rsquo;un entretien de suivi avec le prestataire de bilan de comp\u00e9tences.<\/li>\n<\/ul>\n<p>\u00c0 la fin du programme, le formateur vous remettra un document de synth\u00e8se r\u00e9sumant votre bilan, vos comp\u00e9tences, ainsi que des pistes pour votre projet de formation. Notez que les r\u00e9sultats issus du bilan sont strictement confidentiels.<\/p>\n<p>\u00c0 noter : pour compl\u00e9ter votre d\u00e9marche, vous pouvez \u00e9galement faire un test de personnalit\u00e9.<\/p>\n<\/div>\n<h1>Suis-je \u00e9ligible au bilan de comp\u00e9tences \u00e0 Angers ?<\/h1>\n<h2><span id=\"Salarie_en_CDI\">Vous \u00eates salari\u00e9 en CDI<\/span><\/h2>\n<p>Le salari\u00e9 doit justifier de 5 ans d\u2019activit\u00e9 salariale, cons\u00e9cutifs ou non, dont 12 mois dans l\u2019entreprise.Un d\u00e9lai de 5 ans apr\u00e8s un cong\u00e9 de bilan de comp\u00e9tences doit \u00eatre respect\u00e9. La demande est alors effectu\u00e9e aupr\u00e8s d\u2019un OPACIF.<\/p>\n<h2><span id=\"Salarie_en_CDD\">Vous \u00eates salari\u00e9 en CDD<\/span><\/h2>\n<p>Le salari\u00e9 doit obligatoirement justifier de 24 mois d\u2019activit\u00e9 au sein d\u2019une entreprise et avoir le statut de salari\u00e9, au cours des 5 derni\u00e8res ann\u00e9es, dont 4 mois, cons\u00e9cutifs ou non, sous contrat de travail \u00e0 dur\u00e9e d\u00e9termin\u00e9e, au cours des 12 derniers mois civils.<\/p>\n<p><strong>Ne sont pas pris en compte pour le calcul des 4 mois en CDD :<\/strong><\/p>\n<ul>\n<li>Les CDD qui se poursuivent par un CDI<\/li>\n<li>Les contrats d\u2019apprentissage et de professionnalisation<\/li>\n<li>Les CDD conclus avec un jeune au cours de son cursus scolaire<\/li>\n<li>Les contrats d\u2019Avenir et les contrats d\u2019Accompagnement dans l\u2019emploi.<\/li>\n<li>La r\u00e9alisation du bilan de comp\u00e9tences doit intervenir dans les 12 mois suivant la fin du contrat qui a ouvert le droit \u00e0 cong\u00e9.<\/li>\n<li>On peut utiliser son droit \u00e0 bilan \u00e0 l\u2019issue d\u2019un CDD.<\/li>\n<li>Un d\u00e9lai de 5 ans apr\u00e8s un cong\u00e9 de bilan de comp\u00e9tences doit \u00eatre respect\u00e9.<\/li>\n<li>Vous devez alors effectuer votre demande aupr\u00e8s de votre OPACIF.<\/li>\n<\/ul>\n<h1>Combien co\u00fbte un bilan de comp\u00e9tences ?<\/h1>\n<h2>Le prix d\u2019un bilan de comp\u00e9tence \u00e0 Angers<\/h2>\n<p>Le prix d\u2019un bilan de comp\u00e9tence n\u2019est pas fixe. Son montant varie en fonction de plusieurs crit\u00e8res. Notamment le centre de bilan de comp\u00e9tences ou vous allez le r\u00e9aliser, votre situation professionnelle, vos besoins, mais \u00e9galement votre zone g\u00e9ographique.<\/p>\n<p>Chaque organisme paritaire, organisme de formation est libre de fixer lui-m\u00eame le prix pour faire un bilan. G\u00e9n\u00e9ralement il varie entre 1.500 euros et 3.000 euros.<\/p>\n<p>Avant de vous inscrire pour r\u00e9aliser un bilan, v\u00e9rifier que l\u2019organisme choisi est s\u00e9rieux. Ce n\u2019est pas parce que le prix propos\u00e9 est \u00e9lev\u00e9 que la qualit\u00e9 de la prestation fournie par l\u2019organisme prestataire est l\u00e0.<\/p>\n<h2><span id=\"Comment_financer_son_bilan_de_competences\">Comment financer mon bilan de comp\u00e9tences ?<\/span><\/h2>\n<p>Le bilan de comp\u00e9tences peut \u00eatre pris en charge de diff\u00e9rente fa\u00e7on :<\/p>\n<ul>\n<li>Par votre employeur, si le bilan de comp\u00e9tences est int\u00e9gr\u00e9 au\u00a0plan de d\u00e9veloppement des comp\u00e9tences de l\u2019entreprise ou effectu\u00e9 avant un cong\u00e9 de reclassement<\/li>\n<li>Par P\u00f4le Emploi gr\u00e2ce \u00e0 l\u2019aide individuelle \u00e0 la formation (AIF) pour les demandeurs d\u2019 emploi<\/li>\n<li>Avec votre CPF que vous soyez en activit\u00e9 salari\u00e9e ou demandeur d\u2019emploi<\/li>\n<li>Par votre propre moyen si vous n\u2019\u00eates \u00e9ligible \u00e0 aucune des solutions cit\u00e9es au-dessus<\/li>\n<\/ul>\n<p><strong>\u00c0 noter : si vous \u00eates fonctionnaire ou agent public,\u00a0vous relevez alors de dispositifs sp\u00e9cifiques aux fonctions publiques. Votre administration pourra vous renseigner sur les possibilit\u00e9s qui vous sont offertes dans ce cadre.<\/strong><\/p>\n<div class='cta-block'><div class='text'>Bilan de comp\u00e9tences pay\u00e9 par vos aides.<\/div><a href='https:\/\/www.formademia.fr\/formulaire\/coaching' class='app-button fit'>V\u00e9rifier votre \u00e9ligibilit\u00e9<\/a><\/div>\n","protected":false},"excerpt":{"rendered":"<p>Le bilan de comp\u00e9tences est accessible aux demandeurs d&#8217;emploi ou aux salari\u00e9s, il est pr\u00e9vu par le Code du travail. Cela permet de faire un point sur votre vie personnelle et professionnelle, soit dans le cadre d&rsquo;une reconversion professionnelle, soit dans le cadre d&rsquo;une \u00e9volution de poste. Mes Allocs vous explique comment faire un bilan [&hellip;]<\/p>\n","protected":false},"author":7,"featured_media":25049,"comment_status":"open","ping_status":"open","sticky":false,"template":"","format":"standard","meta":{"amp_status":"","footnotes":""},"categories":[5093,5245,5081],"tags":[],"class_list":["post-25043","post","type-post","status-publish","format-standard","has-post-thumbnail","hentry","category-bilan-de-competences","category-ou-faire-un-bilan-de-competences","category-reconversion-professionnelle"],"yoast_head":"<!-- This site is optimized with the Yoast SEO plugin v14.9 - https:\/\/yoast.com\/wordpress\/plugins\/seo\/ -->\n<title>Comment faire un bilan de comp\u00e9tences \u00e0 Angers ? | Mes-Allocs.fr<\/title>\n<meta name=\"description\" content=\"Le bilan de comp\u00e9tences permet de faire un point sur votre carri\u00e8re et d&#039;analyser vos motivations. Voici comment en faire un \u00e0 Angers !\" \/>\n<meta name=\"robots\" content=\"index, follow, max-snippet:-1, max-image-preview:large, max-video-preview:-1\" \/>\n<link rel=\"canonical\" href=\"https:\/\/www.mes-allocs.fr\/guides\/reconversion-professionnelle\/bilan-de-competences\/ou-faire-un-bilan-de-competences\/bilan-de-competences-angers\/\" \/>\n<meta property=\"og:locale\" content=\"fr_FR\" \/>\n<meta property=\"og:type\" content=\"article\" \/>\n<meta property=\"og:title\" content=\"Comment faire un bilan de comp\u00e9tences \u00e0 Angers ? | Mes-Allocs.fr\" \/>\n<meta property=\"og:description\" content=\"Le bilan de comp\u00e9tences permet de faire un point sur votre carri\u00e8re et d&#039;analyser vos motivations. Voici comment en faire un \u00e0 Angers !\" \/>\n<meta property=\"og:url\" content=\"https:\/\/www.mes-allocs.fr\/guides\/reconversion-professionnelle\/bilan-de-competences\/ou-faire-un-bilan-de-competences\/bilan-de-competences-angers\/\" \/>\n<meta property=\"og:site_name\" content=\"Mes-Allocs.fr\" \/>\n<meta property=\"article:published_time\" content=\"2021-04-15T08:26:23+00:00\" \/>\n<meta property=\"article:modified_time\" content=\"2025-07-18T14:06:33+00:00\" \/>\n<meta property=\"og:image\" content=\"https:\/\/www.mes-allocs.fr\/guides\/wp-content\/uploads\/2021\/04\/castle-1386058_1280-e1618413930964.jpg?wsr\" \/>\n\t<meta property=\"og:image:width\" content=\"1280\" \/>\n\t<meta property=\"og:image:height\" content=\"448\" \/>\n<meta name=\"twitter:card\" content=\"summary_large_image\" \/>\n<script type=\"application\/ld+json\" class=\"yoast-schema-graph\">{\"@context\":\"https:\/\/schema.org\",\"@graph\":[{\"@type\":\"WebSite\",\"@id\":\"https:\/\/www.mes-allocs.fr\/guides\/#website\",\"url\":\"https:\/\/www.mes-allocs.fr\/guides\/\",\"name\":\"Mes-Allocs.fr\",\"description\":\"\",\"potentialAction\":[{\"@type\":\"SearchAction\",\"target\":\"https:\/\/www.mes-allocs.fr\/guides\/?s={search_term_string}\",\"query-input\":\"required name=search_term_string\"}],\"inLanguage\":\"fr-FR\"},{\"@type\":\"ImageObject\",\"@id\":\"https:\/\/www.mes-allocs.fr\/guides\/reconversion-professionnelle\/bilan-de-competences\/ou-faire-un-bilan-de-competences\/bilan-de-competences-angers\/#primaryimage\",\"inLanguage\":\"fr-FR\",\"url\":\"https:\/\/www.mes-allocs.fr\/guides\/wp-content\/uploads\/2021\/04\/castle-1386058_1280-e1618413930964.jpg?wsr\",\"width\":1280,\"height\":448,\"caption\":\"bilan de comp\\u00e9tences Angers\"},{\"@type\":\"WebPage\",\"@id\":\"https:\/\/www.mes-allocs.fr\/guides\/reconversion-professionnelle\/bilan-de-competences\/ou-faire-un-bilan-de-competences\/bilan-de-competences-angers\/#webpage\",\"url\":\"https:\/\/www.mes-allocs.fr\/guides\/reconversion-professionnelle\/bilan-de-competences\/ou-faire-un-bilan-de-competences\/bilan-de-competences-angers\/\",\"name\":\"Comment faire un bilan de comp\\u00e9tences \\u00e0 Angers ? | Mes-Allocs.fr\",\"isPartOf\":{\"@id\":\"https:\/\/www.mes-allocs.fr\/guides\/#website\"},\"primaryImageOfPage\":{\"@id\":\"https:\/\/www.mes-allocs.fr\/guides\/reconversion-professionnelle\/bilan-de-competences\/ou-faire-un-bilan-de-competences\/bilan-de-competences-angers\/#primaryimage\"},\"datePublished\":\"2021-04-15T08:26:23+00:00\",\"dateModified\":\"2025-07-18T14:06:33+00:00\",\"author\":{\"@id\":\"https:\/\/www.mes-allocs.fr\/guides\/#\/schema\/person\/1c4837d5703727cb02ce84583b5a44aa\"},\"description\":\"Le bilan de comp\\u00e9tences permet de faire un point sur votre carri\\u00e8re et d'analyser vos motivations. Voici comment en faire un \\u00e0 Angers !\",\"inLanguage\":\"fr-FR\"},{\"@type\":\"Person\",\"@id\":\"https:\/\/www.mes-allocs.fr\/guides\/#\/schema\/person\/1c4837d5703727cb02ce84583b5a44aa\",\"name\":\"Fabiola\",\"image\":{\"@type\":\"ImageObject\",\"@id\":\"https:\/\/www.mes-allocs.fr\/guides\/#personlogo\",\"inLanguage\":\"fr-FR\",\"url\":\"https:\/\/www.mes-allocs.fr\/guides\/wp-content\/uploads\/2021\/06\/fabiola-150x150.png\",\"caption\":\"Fabiola\"},\"description\":\"Fabiola est r\\u00e9dactrice au sein de l'\\u00e9quipe Mes Allocs, sp\\u00e9cialis\\u00e9e en sciences politiques et affaires publiques. Dipl\\u00f4m\\u00e9e de l'HEIP, elle rejoint Mes Allocs apr\\u00e8s une premi\\u00e8re exp\\u00e9rience \\u00e0 l'Assembl\\u00e9e Nationale.\",\"sameAs\":[\"https:\/\/www.linkedin.com\/in\/cecilia-philippe-b-8a8085195\"]}]}<\/script>\n<!-- \/ Yoast SEO plugin. -->","amp_validity":null,"acf":{"faq":{"1":{"question":"Quelle est la dur\u00e9e d'un bilan de comp\u00e9tences ?","answer":"La dur\u00e9e du bilan de comp\u00e9tences est de 24 heures maximum. Ces heures se r\u00e9partissent g\u00e9n\u00e9ralement sur plusieurs semaines."},"2":{"question":"Quelles sont les \u00e9tapes d'un bilan de comp\u00e9tences ?","answer":"Conform\u00e9ment au Code du travail, le bilan de comp\u00e9tences comprend trois grandes \u00e9tapes : une phase pr\u00e9liminaire, une phase d'investigation et une phase de conclusion."},"3":{"question":"Comment faire un bilan de comp\u00e9tences dans la fonction publique ?","answer":"Un bilan de comp\u00e9tences peut \u00eatre demand\u00e9 par un agent public ou propos\u00e9 par l'administration."},"4":{"question":"Quelles sont les \u00e9tapes d'un bilan de comp\u00e9tence ?","answer":"Le bilan de comp\u00e9tences est divis\u00e9 en 3 grandes \u00e9tapes, \u00e0 savoir : Le bilan de comp\u00e9tences comprend trois grandes \u00e9tapes : une phase pr\u00e9liminaire, une phase d'investigation et une phase de conclusion."},"5":{"question":"Qui peut prendre en charge les frais d'un bilan de comp\u00e9tences ?","answer":"Les salari\u00e9s du secteur priv\u00e9 et les demandeurs d'emploi peuvent b\u00e9n\u00e9ficier d'un bilan de comp\u00e9tences afin d'analyser ses comp\u00e9tences professionnelles et personnelles. Le financement passe par le compte personnel de formation (CPF)"},"6":{"question":" Combien co\u00fbte un bilan de comp\u00e9tences ?","answer":"Il n'y a pas de prix fixe. Cela d\u00e9pendra de vos besoins mais \u00e9galement du centre de bilan de comp\u00e9tences."},"7":{"question":"","answer":""},"8":{"question":"","answer":""},"9":{"question":"","answer":""},"10":{"question":"","answer":""},"11":{"question":"","answer":""},"12":{"question":"","answer":""},"13":{"question":"","answer":""},"14":{"question":"","answer":""},"15":{"question":"","answer":""},"16":{"question":"","answer":""}}},"_links":{"self":[{"href":"https:\/\/www.mes-allocs.fr\/guides\/wp-json\/wp\/v2\/posts\/25043","targetHints":{"allow":["GET"]}}],"collection":[{"href":"https:\/\/www.mes-allocs.fr\/guides\/wp-json\/wp\/v2\/posts"}],"about":[{"href":"https:\/\/www.mes-allocs.fr\/guides\/wp-json\/wp\/v2\/types\/post"}],"author":[{"embeddable":true,"href":"https:\/\/www.mes-allocs.fr\/guides\/wp-json\/wp\/v2\/users\/7"}],"replies":[{"embeddable":true,"href":"https:\/\/www.mes-allocs.fr\/guides\/wp-json\/wp\/v2\/comments?post=25043"}],"version-history":[{"count":11,"href":"https:\/\/www.mes-allocs.fr\/guides\/wp-json\/wp\/v2\/posts\/25043\/revisions"}],"predecessor-version":[{"id":102686,"href":"https:\/\/www.mes-allocs.fr\/guides\/wp-json\/wp\/v2\/posts\/25043\/revisions\/102686"}],"wp:featuredmedia":[{"embeddable":true,"href":"https:\/\/www.mes-allocs.fr\/guides\/wp-json\/wp\/v2\/media\/25049"}],"wp:attachment":[{"href":"https:\/\/www.mes-allocs.fr\/guides\/wp-json\/wp\/v2\/media?parent=25043"}],"wp:term":[{"taxonomy":"category","embeddable":true,"href":"https:\/\/www.mes-allocs.fr\/guides\/wp-json\/wp\/v2\/categories?post=25043"},{"taxonomy":"post_tag","embeddable":true,"href":"https:\/\/www.mes-allocs.fr\/guides\/wp-json\/wp\/v2\/tags?post=25043"}],"curies":[{"name":"wp","href":"https:\/\/api.w.org\/{rel}","templated":true}]}}