{"id":25040,"date":"2021-04-16T13:46:00","date_gmt":"2021-04-16T13:46:00","guid":{"rendered":"https:\/\/www.mes-allocs.fr\/guides\/?p=25040"},"modified":"2026-03-05T15:47:44","modified_gmt":"2026-03-05T14:47:44","slug":"formation-auxiliaire-ambulancier","status":"publish","type":"post","link":"https:\/\/www.mes-allocs.fr\/guides\/reconversion-professionnelle\/formation-metiers\/formation-auxiliaire-ambulancier\/","title":{"rendered":"Tout savoir sur la formation d&rsquo;auxiliaire ambulancier"},"content":{"rendered":"<p><a href=\"https:\/\/www.mes-allocs.fr\/guides\/wp-content\/uploads\/2021\/04\/pexels-pavel-danilyuk-6754163.jpg\"><img loading=\"lazy\" decoding=\"async\" class=\"aligncenter wp-image-25153 size-full\" title=\"formation auxiliaire ambulancier\" src=\"https:\/\/www.mes-allocs.fr\/guides\/wp-content\/uploads\/2021\/04\/pexels-pavel-danilyuk-6754163-e1618492999693.jpg\" alt=\"formation auxiliaire ambulancier\" width=\"1280\" height=\"435\" srcset=\"https:\/\/www.mes-allocs.fr\/guides\/wp-content\/uploads\/2021\/04\/pexels-pavel-danilyuk-6754163-e1618492999693.jpg 1280w, https:\/\/www.mes-allocs.fr\/guides\/wp-content\/uploads\/2021\/04\/pexels-pavel-danilyuk-6754163-e1618492999693-300x102.jpg 300w, https:\/\/www.mes-allocs.fr\/guides\/wp-content\/uploads\/2021\/04\/pexels-pavel-danilyuk-6754163-e1618492999693-1024x348.jpg 1024w, https:\/\/www.mes-allocs.fr\/guides\/wp-content\/uploads\/2021\/04\/pexels-pavel-danilyuk-6754163-e1618492999693-768x261.jpg 768w, https:\/\/www.mes-allocs.fr\/guides\/wp-content\/uploads\/2021\/04\/pexels-pavel-danilyuk-6754163-e1618492999693-600x204.jpg 600w\" sizes=\"auto, (max-width: 1280px) 100vw, 1280px\" \/><\/a><\/p>\n<p style=\"text-align: justify;\">[Mis \u00e0 jour le 05\/03\/2026] Un auxiliaire ambulancier peut travailler soit au sein d&rsquo;une entreprise priv\u00e9e, soit d&rsquo;un \u00e9tablissement public. Pour exercer ce m\u00e9tier, il faut obtenir une validation d\u00e9livr\u00e9e apr\u00e8s \u00e9valuation des comp\u00e9tences. Mes Allocs vous explique tout sur la <strong>formation \u00e0 suivre pour devenir auxiliaire ambulancier<\/strong> et r\u00e9ussir sa <a href=\"https:\/\/www.mes-allocs.fr\/guides\/reconversion-professionnelle\/\">reconversion professionnelle<\/a>.<\/p>\n<div class='cta-block'><div class='text'>Coaching \u00e0 distance pay\u00e9 par vos aides formation.<\/div><a href='https:\/\/www.formademia.fr\/formulaire\/coaching' class='app-button fit'>V\u00e9rifier votre \u00e9ligibilit\u00e9<\/a><\/div>\n<h1>Comment se d\u00e9roule la formation d&rsquo;auxiliaire ambulancier ?<\/h1>\n<p>Dans un premier temps, vous devez apprendre les gestes d&rsquo;hygi\u00e8ne, la d\u00e9ontologie, les gestes de manutention. Les r\u00e8gles du transport sanitaire indispensables pour l&rsquo; exercice du m\u00e9tier.<\/p>\n<p><a href=\"https:\/\/www.mes-allocs.fr\/guides\/wp-content\/uploads\/2021\/04\/pexels-rodnae-productions-6520084.jpg\"><img loading=\"lazy\" decoding=\"async\" class=\"alignright wp-image-25154 size-medium\" title=\"formation auxiliaire ambulancier\" src=\"https:\/\/www.mes-allocs.fr\/guides\/wp-content\/uploads\/2021\/04\/pexels-rodnae-productions-6520084-300x200.jpg\" alt=\"formation auxiliaire ambulancier\" width=\"300\" height=\"200\" \/><\/a>La formation qui se d\u00e9roule dans des instituts de formation d&rsquo;ambulanciers.<\/p>\n<p>L\u2019enseignement est \u00e0 la fois th\u00e9orique et pratique. \u00c0 l\u2019issue de la formation\u200a\u200aet pour les personnes l\u2019ayant suivie int\u00e9gralement\u200a sont remises :<\/p>\n<ul>\n<li>une attestation de formation d\u2019auxiliaire d\u2019ambulancier, dipl\u00f4me d&rsquo;\u00c9tat<\/li>\n<li>une attestation de Formation aux Gestes et Soins d\u2019Urgence de niveau 2 (AFGSU)<\/li>\n<\/ul>\n<p><iframe loading=\"lazy\" title=\"La reconversion professionnelle\" width=\"500\" height=\"281\" src=\"https:\/\/www.youtube.com\/embed\/EiVUthswxl0?feature=oembed\" frameborder=\"0\" allow=\"accelerometer; autoplay; clipboard-write; encrypted-media; gyroscope; picture-in-picture; web-share\" referrerpolicy=\"strict-origin-when-cross-origin\" allowfullscreen><\/iframe><\/p>\n<h1>Conditions de formation<\/h1>\n<p><strong>Pour suivre une formation d&rsquo;auxiliaire ambulancier vous devez respecter au moins 3 conditions, \u00e0 savoir :\u00a0<\/strong><\/p>\n<ul>\n<li>Vous devez avoir une aptitude \u00e0 la conduite. \u00catre titulaire du permis de conduire B depuis au moins 3 ans (ou 2 ans en conduite accompagn\u00e9e).<\/li>\n<li>Il vous faut une attestation pr\u00e9fectorale d&rsquo;aptitude de Formation aux Gestes et Soins d\u2019Urgence (AFGSU). De niveau 1 ou d\u2019une formation \u00e9quivalente reconnue par le minist\u00e8re de la Sant\u00e9. Pour exercer le m\u00e9tier d&rsquo;auxiliaire ambulancier et donc le transport de malades<\/li>\n<\/ul>\n<p>Pour aller plus loin, vous pouvez suivre une <a href=\"https:\/\/www.mes-allocs.fr\/guides\/reconversion-professionnelle\/formation-metiers\/formation-ambulancier\/\">formation d&rsquo;ambulancier<\/a> !<\/p>\n<h1>Comment financer la formation d&rsquo;auxiliaire ambulancier ?<\/h1>\n<p>Plusieurs dispositifs vous permettent une prise en charge des frais li\u00e9es \u00e0 votre formation. Tout d\u00e9pend de votre situation au moment de la demande.<\/p>\n<p>\u00c0 noter : le cong\u00e9 individuel de formation peut \u00eatre utilis\u00e9 pour une formation auxiliaire ambulancier.<\/p>\n<h2>Le CPF pour financer votre formation<\/h2>\n<p>Le Compte Personnel de Formation est un dispositif en vigueur depuis le 1er janvier 2015. Il remplace depuis le Droit Individuel \u00e0 la Formation DIF. Le CPF permet \u00e0 toute personne, salari\u00e9e ou demandeur d\u2019emploi, de suivre, \u00e0 son initiative, une action de formation.<\/p>\n<p>Tout au long de votre carri\u00e8re, vous cumulez des euros sur votre compte personnel de formation. Pour un maximum de 150 heures de formation sur 8 ans.<\/p>\n<p><strong>Si vous exercez \u00e0 temps complet il est aliment\u00e9 de la fa\u00e7on suivante :<\/strong><\/p>\n<ul>\n<li>de 24 heures par an les 5 premi\u00e8res ann\u00e9es, soit 120h;<\/li>\n<li>puis de 12 heures par an pendant 3 ans, pour atteindre le plafond maximal de 150h.<\/li>\n<\/ul>\n<p><strong>\u00c0 noter :\u00a0 ces dispositifs sont \u00e9galement accessibles pour les demandeurs d&#8217;emploi.<\/strong><\/p>\n<h2>Le Projet de transition professionnelle (PTP)<\/h2>\n<p>Le projet de transition professionnelle (PTP) vous permet de quitter temporairement son poste pour suivre une formation afin de changer de m\u00e9tier ou de profession.<\/p>\n<p>Il est accessible sous certaines conditions et n\u00e9cessite une demande aupr\u00e8s de l\u2019employeur. Pendant la formation, le salari\u00e9 continue d\u2019\u00eatre r\u00e9mun\u00e9r\u00e9. Les r\u00e8gles varient selon que vous \u00eates en CDI ou en CDD.<\/p>\n<h2>P\u00e9riode de reconversion<\/h2>\n<p>La p\u00e9riode de reconversion est un dispositif qui vous aide \u00e0 changer de poste, que ce soit \u00e0 l\u2019int\u00e9rieur ou \u00e0 l\u2019ext\u00e9rieur de son entreprise. Elle permet d\u2019acqu\u00e9rir :<\/p>\n<ul>\n<li>une certification inscrite au R\u00e9pertoire national des certifications professionnelles (RNCP) ;<\/li>\n<li>un Certificat de Qualification Professionnelle (CQP) de branche ou interbranche ;<\/li>\n<li>un ou plusieurs blocs de comp\u00e9tences.<\/li>\n<\/ul>\n<p>Elle peut aussi permettre d\u2019obtenir le socle de connaissances et de comp\u00e9tences Cl\u00e9A.<\/p>\n<h2><span class=\"field field--name-title field--type-string field--label-hidden\">Le Conseil en Evolution Professionnelle (CEP)<\/span><\/h2>\n<p class=\"text-align-justify\">Que vous soyez en activit\u00e9, en recherche d&#8217;emploi ou souhaitez vous tourner vers une cr\u00e9ation d&rsquo;entreprise. Vous pouvez b\u00e9n\u00e9ficier du conseil en \u00e9volution professionnelle (CEP). Dont l\u2019objectif est de favoriser l\u2019\u00e9volution et la s\u00e9curisation de son parcours professionnel.<a href=\"https:\/\/www.mes-allocs.fr\/guides\/wp-content\/uploads\/2021\/04\/pexels-pixabay-259100-2.jpg\"><img loading=\"lazy\" decoding=\"async\" class=\"alignright wp-image-25155 size-medium\" title=\"formation auxiliaire ambulancier\" src=\"https:\/\/www.mes-allocs.fr\/guides\/wp-content\/uploads\/2021\/04\/pexels-pixabay-259100-2-300x191.jpg\" alt=\"formation auxiliaire ambulancier\" width=\"300\" height=\"191\" srcset=\"https:\/\/www.mes-allocs.fr\/guides\/wp-content\/uploads\/2021\/04\/pexels-pixabay-259100-2-300x191.jpg 300w, https:\/\/www.mes-allocs.fr\/guides\/wp-content\/uploads\/2021\/04\/pexels-pixabay-259100-2-1024x654.jpg 1024w, https:\/\/www.mes-allocs.fr\/guides\/wp-content\/uploads\/2021\/04\/pexels-pixabay-259100-2-768x490.jpg 768w, https:\/\/www.mes-allocs.fr\/guides\/wp-content\/uploads\/2021\/04\/pexels-pixabay-259100-2-600x383.jpg 600w, https:\/\/www.mes-allocs.fr\/guides\/wp-content\/uploads\/2021\/04\/pexels-pixabay-259100-2.jpg 1280w\" sizes=\"auto, (max-width: 300px) 100vw, 300px\" \/><\/a><\/p>\n<p>Cette aide concerne les demandeurs d&#8217;emploi qui sont inscrit chez France Travail.<\/p>\n<p class=\"text-align-justify\">Il s&rsquo;agit d&rsquo;un dispositif d&rsquo;accompagnement gratuit et personnalis\u00e9,\u00a0r\u00e9alis\u00e9 par des professionnels en toute confidentialit\u00e9, dans des structures d\u00e9sign\u00e9es comme op\u00e9rateurs du CEP.<\/p>\n<p class=\"text-align-justify\">Il permet de faire le point, de prendre du recul sur votre situation professionnelle. Mais \u00e9galement de r\u00e9aliser des choix \u00e9clair\u00e9s en fonction de vos comp\u00e9tences actuelles ou \u00e0 d\u00e9velopper, de votre parcours et de vos aspirations.<\/p>\n<div class='cta-block'><div class='text'>Coaching \u00e0 distance pay\u00e9 par vos aides formation.<\/div><a href='https:\/\/www.formademia.fr\/formulaire\/coaching' class='app-button fit'>V\u00e9rifier votre \u00e9ligibilit\u00e9<\/a><\/div>\n","protected":false},"excerpt":{"rendered":"<p>[Mis \u00e0 jour le 05\/03\/2026] Un auxiliaire ambulancier peut travailler soit au sein d&rsquo;une entreprise priv\u00e9e, soit d&rsquo;un \u00e9tablissement public. Pour exercer ce m\u00e9tier, il faut obtenir une validation d\u00e9livr\u00e9e apr\u00e8s \u00e9valuation des comp\u00e9tences. Mes Allocs vous explique tout sur la formation \u00e0 suivre pour devenir auxiliaire ambulancier et r\u00e9ussir sa reconversion professionnelle. Comment se [&hellip;]<\/p>\n","protected":false},"author":10,"featured_media":25153,"comment_status":"open","ping_status":"open","sticky":false,"template":"","format":"standard","meta":{"amp_status":"","footnotes":""},"categories":[5979,5081],"tags":[],"class_list":["post-25040","post","type-post","status-publish","format-standard","has-post-thumbnail","hentry","category-formation-metiers","category-reconversion-professionnelle"],"yoast_head":"<!-- This site is optimized with the Yoast SEO plugin v14.9 - https:\/\/yoast.com\/wordpress\/plugins\/seo\/ -->\n<title>Tout savoir sur la formation d&#039;auxiliaire ambulancier | Mes-Allocs.fr<\/title>\n<meta name=\"description\" content=\"Pour exercer en tant qu&#039;auxiliaire ambulancier il faut d\u00e9tenir le dipl\u00f4me d&#039;\u00c9tat. Mes Allocs vous explique comment suivre une formation !\" \/>\n<meta name=\"robots\" content=\"index, follow, max-snippet:-1, max-image-preview:large, max-video-preview:-1\" \/>\n<link rel=\"canonical\" href=\"https:\/\/www.mes-allocs.fr\/guides\/reconversion-professionnelle\/formation-metiers\/formation-auxiliaire-ambulancier\/\" \/>\n<meta property=\"og:locale\" content=\"fr_FR\" \/>\n<meta property=\"og:type\" content=\"article\" \/>\n<meta property=\"og:title\" content=\"Tout savoir sur la formation d&#039;auxiliaire ambulancier | Mes-Allocs.fr\" \/>\n<meta property=\"og:description\" content=\"Pour exercer en tant qu&#039;auxiliaire ambulancier il faut d\u00e9tenir le dipl\u00f4me d&#039;\u00c9tat. Mes Allocs vous explique comment suivre une formation !\" \/>\n<meta property=\"og:url\" content=\"https:\/\/www.mes-allocs.fr\/guides\/reconversion-professionnelle\/formation-metiers\/formation-auxiliaire-ambulancier\/\" \/>\n<meta property=\"og:site_name\" content=\"Mes-Allocs.fr\" \/>\n<meta property=\"article:published_time\" content=\"2021-04-16T13:46:00+00:00\" \/>\n<meta property=\"article:modified_time\" content=\"2026-03-05T14:47:44+00:00\" \/>\n<meta property=\"og:image\" content=\"https:\/\/www.mes-allocs.fr\/guides\/wp-content\/uploads\/2021\/04\/pexels-pavel-danilyuk-6754163-e1618492999693.jpg?wsr\" \/>\n\t<meta property=\"og:image:width\" content=\"1280\" \/>\n\t<meta property=\"og:image:height\" content=\"435\" \/>\n<meta name=\"twitter:card\" content=\"summary_large_image\" \/>\n<script type=\"application\/ld+json\" class=\"yoast-schema-graph\">{\"@context\":\"https:\/\/schema.org\",\"@graph\":[{\"@type\":\"WebSite\",\"@id\":\"https:\/\/www.mes-allocs.fr\/guides\/#website\",\"url\":\"https:\/\/www.mes-allocs.fr\/guides\/\",\"name\":\"Mes-Allocs.fr\",\"description\":\"\",\"potentialAction\":[{\"@type\":\"SearchAction\",\"target\":\"https:\/\/www.mes-allocs.fr\/guides\/?s={search_term_string}\",\"query-input\":\"required name=search_term_string\"}],\"inLanguage\":\"fr-FR\"},{\"@type\":\"ImageObject\",\"@id\":\"https:\/\/www.mes-allocs.fr\/guides\/reconversion-professionnelle\/formation-metiers\/formation-auxiliaire-ambulancier\/#primaryimage\",\"inLanguage\":\"fr-FR\",\"url\":\"https:\/\/www.mes-allocs.fr\/guides\/wp-content\/uploads\/2021\/04\/pexels-pavel-danilyuk-6754163-e1618492999693.jpg?wsr\",\"width\":1280,\"height\":435,\"caption\":\"formation auxiliaire ambulancier\"},{\"@type\":\"WebPage\",\"@id\":\"https:\/\/www.mes-allocs.fr\/guides\/reconversion-professionnelle\/formation-metiers\/formation-auxiliaire-ambulancier\/#webpage\",\"url\":\"https:\/\/www.mes-allocs.fr\/guides\/reconversion-professionnelle\/formation-metiers\/formation-auxiliaire-ambulancier\/\",\"name\":\"Tout savoir sur la formation d'auxiliaire ambulancier | Mes-Allocs.fr\",\"isPartOf\":{\"@id\":\"https:\/\/www.mes-allocs.fr\/guides\/#website\"},\"primaryImageOfPage\":{\"@id\":\"https:\/\/www.mes-allocs.fr\/guides\/reconversion-professionnelle\/formation-metiers\/formation-auxiliaire-ambulancier\/#primaryimage\"},\"datePublished\":\"2021-04-16T13:46:00+00:00\",\"dateModified\":\"2026-03-05T14:47:44+00:00\",\"author\":{\"@id\":\"https:\/\/www.mes-allocs.fr\/guides\/#\/schema\/person\/8d47b912c0ad15f379df96b4e4e33f58\"},\"description\":\"Pour exercer en tant qu'auxiliaire ambulancier il faut d\\u00e9tenir le dipl\\u00f4me d'\\u00c9tat. Mes Allocs vous explique comment suivre une formation !\",\"inLanguage\":\"fr-FR\"},{\"@type\":\"Person\",\"@id\":\"https:\/\/www.mes-allocs.fr\/guides\/#\/schema\/person\/8d47b912c0ad15f379df96b4e4e33f58\",\"name\":\"Constance de Cagny\",\"image\":{\"@type\":\"ImageObject\",\"@id\":\"https:\/\/www.mes-allocs.fr\/guides\/#personlogo\",\"inLanguage\":\"fr-FR\",\"url\":\"https:\/\/www.mes-allocs.fr\/guides\/wp-content\/uploads\/2021\/06\/Constance.2e8ee0b.png\",\"caption\":\"Constance de Cagny\"},\"description\":\"Constance est r\\u00e9dactrice au sein de l'\\u00e9quipe Mes Allocs. Elle a l'habitude d'\\u00e9crire sur les sujets conso, bons plans et \\u00e9conomies. Dipl\\u00f4m\\u00e9e de l'ENACO, elle rejoint Mes Allocs apr\\u00e8s une premi\\u00e8re exp\\u00e9rience en cabinet notarial.\",\"sameAs\":[\"https:\/\/www.linkedin.com\/in\/constance-de-cagny-mayeur-bbb414135\"]}]}<\/script>\n<!-- \/ Yoast SEO plugin. -->","amp_validity":null,"acf":{"faq":{"1":{"question":"\ud83e\udd14  O\u00f9 se former pour devenir auxiliaire ambulancier ?","answer":"Cette formation est dispens\u00e9e par les instituts de formation d'ambulanciers"},"2":{"question":"\ud83e\udd37\u200d\u2640\ufe0f Quel est le travail d'un ambulancier ?","answer":"L'ambulancier est un professionnel de sant\u00e9 param\u00e9dicale, sp\u00e9cialis\u00e9 dans le transport de patients"},"3":{"question":"\ud83e\udd1d Quel est le niveau d'un DEA ?","answer":"Le dipl\u00f4me d'\u00e9tudes approfondies (DEA) est un ancien dipl\u00f4me de l'enseignement sup\u00e9rieur de niveau bac + 5. "},"4":{"question":"\ud83e\udd14  Comment devenir ambulancier sans dipl\u00f4me ?","answer":"Pour exercer en tant qu'ambulancier, il faut poss\u00e9der le Dipl\u00f4me d'\u00e9tat d'ambulancier (DEA) accessible sans conditions de dipl\u00f4me. "},"5":{"question":"\ud83e\udd37\u200d\u2640\ufe0f Quel est le salaire d'un ambulancier ?","answer":"Le salaire d'un ambulancier d\u00e9butant titulaire du dipl\u00f4me d'Etat est au SMIC. Il peut atteindre 2 000 \u20ac par la suite. "},"6":{"question":"\ud83e\udd1d Qu'est-ce que c'est une VAE ?","answer":"La validation des acquis de l'exp\u00e9rience (VAE) est une mesure qui permet \u00e0 toute personne, quels que soient son \u00e2ge, son niveau d'\u00e9tudes ou son statut, de faire valider les acquis de son exp\u00e9rience pour obtenir une certification professionnelle."},"7":{"question":"","answer":""},"8":{"question":"","answer":""},"9":{"question":"","answer":""},"10":{"question":"","answer":""},"11":{"question":"","answer":""},"12":{"question":"","answer":""},"13":{"question":"","answer":""},"14":{"question":"","answer":""},"15":{"question":"","answer":""},"16":{"question":"","answer":""}}},"_links":{"self":[{"href":"https:\/\/www.mes-allocs.fr\/guides\/wp-json\/wp\/v2\/posts\/25040","targetHints":{"allow":["GET"]}}],"collection":[{"href":"https:\/\/www.mes-allocs.fr\/guides\/wp-json\/wp\/v2\/posts"}],"about":[{"href":"https:\/\/www.mes-allocs.fr\/guides\/wp-json\/wp\/v2\/types\/post"}],"author":[{"embeddable":true,"href":"https:\/\/www.mes-allocs.fr\/guides\/wp-json\/wp\/v2\/users\/10"}],"replies":[{"embeddable":true,"href":"https:\/\/www.mes-allocs.fr\/guides\/wp-json\/wp\/v2\/comments?post=25040"}],"version-history":[{"count":18,"href":"https:\/\/www.mes-allocs.fr\/guides\/wp-json\/wp\/v2\/posts\/25040\/revisions"}],"predecessor-version":[{"id":110206,"href":"https:\/\/www.mes-allocs.fr\/guides\/wp-json\/wp\/v2\/posts\/25040\/revisions\/110206"}],"wp:featuredmedia":[{"embeddable":true,"href":"https:\/\/www.mes-allocs.fr\/guides\/wp-json\/wp\/v2\/media\/25153"}],"wp:attachment":[{"href":"https:\/\/www.mes-allocs.fr\/guides\/wp-json\/wp\/v2\/media?parent=25040"}],"wp:term":[{"taxonomy":"category","embeddable":true,"href":"https:\/\/www.mes-allocs.fr\/guides\/wp-json\/wp\/v2\/categories?post=25040"},{"taxonomy":"post_tag","embeddable":true,"href":"https:\/\/www.mes-allocs.fr\/guides\/wp-json\/wp\/v2\/tags?post=25040"}],"curies":[{"name":"wp","href":"https:\/\/api.w.org\/{rel}","templated":true}]}}