{"id":25029,"date":"2021-04-23T13:21:40","date_gmt":"2021-04-23T13:21:40","guid":{"rendered":"https:\/\/www.mes-allocs.fr\/guides\/?p=25029"},"modified":"2026-01-22T17:39:06","modified_gmt":"2026-01-22T16:39:06","slug":"demande-prepare-caf","status":"publish","type":"post","link":"https:\/\/www.mes-allocs.fr\/guides\/allocations-familiales\/paje\/prepare-caf\/demande-prepare-caf\/","title":{"rendered":"Comment faire une demande PreParE CAF en 2026 ?"},"content":{"rendered":"<p><img loading=\"lazy\" decoding=\"async\" class=\"aligncenter wp-image-25030\" src=\"https:\/\/www.mes-allocs.fr\/guides\/wp-content\/uploads\/2021\/04\/enfant-parent--e1618406614585.jpg\" alt=\"demande prepare caf\" width=\"1417\" height=\"464\" srcset=\"https:\/\/www.mes-allocs.fr\/guides\/wp-content\/uploads\/2021\/04\/enfant-parent--e1618406614585.jpg 1125w, https:\/\/www.mes-allocs.fr\/guides\/wp-content\/uploads\/2021\/04\/enfant-parent--e1618406614585-300x98.jpg 300w, https:\/\/www.mes-allocs.fr\/guides\/wp-content\/uploads\/2021\/04\/enfant-parent--e1618406614585-1024x335.jpg 1024w, https:\/\/www.mes-allocs.fr\/guides\/wp-content\/uploads\/2021\/04\/enfant-parent--e1618406614585-768x251.jpg 768w, https:\/\/www.mes-allocs.fr\/guides\/wp-content\/uploads\/2021\/04\/enfant-parent--e1618406614585-600x196.jpg 600w\" sizes=\"auto, (max-width: 1417px) 100vw, 1417px\" \/><\/p>\n<p style=\"text-align: justify;\">[Mis \u00e0 jour le 22\/01\/2026] Lorsque vous venez d&rsquo;avoir un enfant, il est parfois compliqu\u00e9 de concilier temps de travail et garde d&rsquo;enfant. De fait, la CAF a mis en place une <a href=\"https:\/\/www.mes-allocs.fr\/guides\/allocations-familiales\/\">allocation familiale<\/a> qui permet aux parents de b\u00e9n\u00e9ficier d&rsquo;une somme s&rsquo;ils souhaitent r\u00e9duire leur activit\u00e9 professionnelle : l&rsquo;aide PreParE. Notre \u00e9quipe vous explique comment faire un demande PreParE aupr\u00e8s de la CAF.<\/p>\n<hr \/>\n<h1 style=\"text-align: justify;\">La PreParE : \u00a0De quoi parle-t-on ?<\/h1>\n<h2 style=\"text-align: justify;\">D\u00e9finition<\/h2>\n<p style=\"text-align: justify;\">La Prestation Partag\u00e9e d&rsquo;\u00e9ducation de l&rsquo;enfant (PreParE) est une aide sociale accord\u00e9 par la CAF.<\/p>\n<p class=\"amp-wp-7d27179\" style=\"text-align: justify;\" data-amp-original-style=\"text-align: justify;\"><span class=\"amp-wp-57c6437\" data-amp-original-style=\"font-size: 12pt;\">De mani\u00e8re concr\u00e8te, la PreParE vous aide \u00e0 prendre du temps pour profiter le plus possible de votre jeune enfant.\u00a0<\/span><span class=\"amp-wp-57c6437\" data-amp-original-style=\"font-size: 12pt;\">La prestation partag\u00e9e d\u2019\u00e9ducation de l\u2019enfant (PreParE) est une aide financi\u00e8re qui vous permet, que vous soyez parent isol\u00e9 ou en couple, de cesser ou de r\u00e9duire votre activit\u00e9 professionnelle dans le but de pouvoir passer du temps avec votre ou vos enfants \u00e2g\u00e9s de moins de 3 ans.<img loading=\"lazy\" decoding=\"async\" class=\" wp-image-25697 alignright\" src=\"https:\/\/www.mes-allocs.fr\/guides\/wp-content\/uploads\/2021\/04\/famille-1.jpg\" alt=\"demande prepare caf\" width=\"265\" height=\"177\" srcset=\"https:\/\/www.mes-allocs.fr\/guides\/wp-content\/uploads\/2021\/04\/famille-1.jpg 1125w, https:\/\/www.mes-allocs.fr\/guides\/wp-content\/uploads\/2021\/04\/famille-1-300x200.jpg 300w, https:\/\/www.mes-allocs.fr\/guides\/wp-content\/uploads\/2021\/04\/famille-1-1024x683.jpg 1024w, https:\/\/www.mes-allocs.fr\/guides\/wp-content\/uploads\/2021\/04\/famille-1-768x512.jpg 768w, https:\/\/www.mes-allocs.fr\/guides\/wp-content\/uploads\/2021\/04\/famille-1-600x400.jpg 600w\" sizes=\"auto, (max-width: 265px) 100vw, 265px\" \/><\/span><\/p>\n<p class=\"amp-wp-7d27179\" style=\"text-align: justify;\" data-amp-original-style=\"text-align: justify;\"><span class=\"amp-wp-57c6437\" data-amp-original-style=\"font-size: 12pt;\">Cette aide fait partie de la Prestation d\u2019Accueil du Jeune Enfant (PAJE), qui elle-m\u00eame est un dispositif d&rsquo;aide de la\u00a0CAF et de la Mutualit\u00e9 Sociale Agricole (MSA). <\/span><\/p>\n<p style=\"text-align: justify;\" data-amp-original-style=\"text-align: justify;\">Il existe deux formes de PreParE :<\/p>\n<ul style=\"text-align: justify;\">\n<li data-amp-original-style=\"text-align: justify;\">La PreParE simple<\/li>\n<li data-amp-original-style=\"text-align: justify;\">La PreParE major\u00e9e<\/li>\n<\/ul>\n<p style=\"text-align: justify;\">La PreParE major\u00e9e donne droit \u00e0 un montant sup\u00e9rieur \u00e0 celui de la PreParE mais est vers\u00e9e moins longtemps que la PreParE (simple). Ce choix est disponible pour les m\u00e9nages ayant au moins trois enfants \u00e0 charge.<\/p>\n<p style=\"text-align: justify;\"><div class='cta-block'><div class='text'>Simulez vos Aides Familiales en 2 min.<\/div><a href='https:\/\/www.mes-allocs.fr\/ab-app?origin=guides\/wp-json\/wp\/v2\/posts\/25029' class='app-button fit'>Simulation gratuite<\/a><\/div><\/p>\n<h2 class=\"amp-wp-7d27179\" style=\"text-align: justify;\" data-amp-original-style=\"text-align: justify;\"><span id=\"Montant_de_la_PreParE\"><b>Montant de la PreParE<\/b><\/span><\/h2>\n<p style=\"text-align: justify;\">Pour le montant de la PreParE simple, <span data-amp-original-style=\"font-weight: 400;\">il risque de fluctuer selon la quantit\u00e9 de travail que vous effectuez.\u00a0<\/span>Avec une activit\u00e9 interrompue \u00e0 100%, le montant mensuel qui est vers\u00e9 est de 456,06 \u20ac. A temps partiel (avec 50 % d\u2019activit\u00e9 maximum), ce montant s\u2019\u00e9l\u00e8ve \u00e0 294,82 \u20ac. Si vous \u00eates \u00e0 temps partiel mais que votre activit\u00e9 est comprise entre 50 et 80 %, le montant est de 170,07 \u20ac.<\/p>\n<p style=\"text-align: justify;\" data-amp-original-style=\"text-align: justify;\"><span data-amp-original-style=\"font-weight: 400;\">Enfin, la PreParE major\u00e9e s\u2019\u00e9l\u00e8ve \u00e0 745,45 \u20ac par mois.<\/span><\/p>\n<p style=\"text-align: justify;\" data-amp-original-style=\"text-align: justify;\"><span data-amp-original-style=\"font-weight: 400;\">Vous ne pouvez pas cumuler deux PreParE major\u00e9es en m\u00eame temps. Par contre, v<\/span><span data-amp-original-style=\"text-align: justify;\">ous pouvez cumuler simultan\u00e9ment 2 PreParE au sein de votre couple. Cependant, vous ne pouvez pas percevoir plus de 456,06 \u20ac de PreParE cumul\u00e9e. <\/span><\/p>\n<h1 style=\"text-align: justify;\" data-amp-original-style=\"text-align: justify;\">Comment en faire la demande ?<\/h1>\n<h2 class=\"amp-wp-7d27179\" style=\"text-align: justify;\" data-amp-original-style=\"text-align: justify;\"><span id=\"Si_vous_demandez_la_PreParE_simple\"><b>Si vous demandez la PreParE (simple)<\/b><span class=\"amp-wp-fe3f5cc\" data-amp-original-style=\"font-weight: 400;\">\u00a0<\/span><\/span><\/h2>\n<p class=\"amp-wp-7d27179\" style=\"text-align: justify;\" data-amp-original-style=\"text-align: justify;\"><span class=\"amp-wp-fe3f5cc\" data-amp-original-style=\"font-weight: 400;\">Vous pouvez b\u00e9n\u00e9ficier de la PreParE si vous r\u00e9pondez aux 3 crit\u00e8res suivants :<\/span><\/p>\n<ul class=\"amp-wp-7d27179\" style=\"text-align: justify;\" data-amp-original-style=\"text-align: justify;\">\n<li class=\"amp-wp-fe3f5cc\" data-amp-original-style=\"font-weight: 400;\"><span class=\"amp-wp-fe3f5cc\" data-amp-original-style=\"font-weight: 400;\">Vous avez au moins un enfant de moins de 3 ans,<\/span><\/li>\n<li class=\"amp-wp-fe3f5cc\" data-amp-original-style=\"font-weight: 400;\"><span class=\"amp-wp-fe3f5cc\" data-amp-original-style=\"font-weight: 400;\">Vous avez interrompu (totalement ou partiellement) votre activit\u00e9 professionnelle,<\/span><\/li>\n<li class=\"amp-wp-fe3f5cc\" data-amp-original-style=\"font-weight: 400;\"><span class=\"amp-wp-fe3f5cc\" data-amp-original-style=\"font-weight: 400;\">Vous avez valid\u00e9 au moins 8 trimestres de cotisations vieillesse (sur une p\u00e9riode de r\u00e9f\u00e9rence qui varie selon le nombre d\u2019enfants).<\/span><\/li>\n<\/ul>\n<p class=\"amp-wp-7d27179\" style=\"text-align: justify;\" data-amp-original-style=\"text-align: justify;\"><span class=\"amp-wp-fe3f5cc\" data-amp-original-style=\"font-weight: 400;\">La PreParE peut \u00eatre attribu\u00e9e \u00e0 un seul parent ou aux deux (le montant est alors divis\u00e9 par deux). Ils peuvent la percevoir en m\u00eame temps ou successivement.<\/span><\/p>\n<h3 class=\"amp-wp-7d27179\" style=\"text-align: justify;\" data-amp-original-style=\"text-align: justify;\"><span id=\"Interruption_ou_reduction_de_votre_activite_professionnelle\"><b>Interruption ou r\u00e9duction de votre activit\u00e9 professionnelle<\/b><\/span><\/h3>\n<p class=\"amp-wp-7d27179\" style=\"text-align: justify;\" data-amp-original-style=\"text-align: justify;\"><span class=\"amp-wp-fe3f5cc\" data-amp-original-style=\"font-weight: 400;\">Si vous \u00eates salari\u00e9 du secteur priv\u00e9, pour pr\u00e9tendre \u00e0 la PreParE, vous devez prendre un cong\u00e9 parental, \u00e0 temps plein ou \u00e0 temps partiel. Vous pouvez vous renseignez sur :<\/span><\/p>\n<p class=\"amp-wp-7d27179\" style=\"text-align: justify;\" data-amp-original-style=\"text-align: justify;\"><span class=\"amp-wp-fe3f5cc\" data-amp-original-style=\"font-weight: 400;\">Si vous exercez une activit\u00e9 non salari\u00e9e (vous \u00eates auto entrepreneur par exemple), vous devez justifier de votre r\u00e9duction ou de l&rsquo;arr\u00eat de votre activit\u00e9 aupr\u00e8s de la CAF ou de la MSA si vous exercez dans le milieu agricole.<\/span><\/p>\n<p class=\"amp-wp-7d27179\" style=\"text-align: justify;\" data-amp-original-style=\"text-align: justify;\"><span class=\"amp-wp-fe3f5cc\" data-amp-original-style=\"font-weight: 400;\">Enfin, si vous faites partie de la fonction publique, vous pouvez prendre un cong\u00e9<\/span> <span class=\"amp-wp-fe3f5cc\" data-amp-original-style=\"font-weight: 400;\">parental, un cong\u00e9 de pr\u00e9sence parental ou encore un temps partiel de droit.<\/span><\/p>\n<h3 class=\"amp-wp-7d27179\" style=\"text-align: justify;\" data-amp-original-style=\"text-align: justify;\"><span id=\"Duree_de_cotisation_vieillesse\"><b>Dur\u00e9e de cotisation vieillesse<\/b><\/span><\/h3>\n<p class=\"amp-wp-7d27179\" style=\"text-align: justify;\" data-amp-original-style=\"text-align: justify;\"><span class=\"amp-wp-fe3f5cc\" data-amp-original-style=\"font-weight: 400;\">Vous devez avoir cotis\u00e9 \u00e0 l\u2019assurance vieillesse au moins 8 trimestres sur une p\u00e9riode de r\u00e9f\u00e9rence (voir ci-dessous) pr\u00e9c\u00e9dant la naissance, l\u2019accueil ou l\u2019adoption de l\u2019enfant pour lequel vous souhaitez b\u00e9n\u00e9ficier de la PreParE.<\/span><\/p>\n<p style=\"text-align: justify;\" data-amp-original-style=\"text-align: justify;\"><div class='cta-block'><div class='text'>Simulez vos Aides Familiales en 2 min.<\/div><a href='https:\/\/www.mes-allocs.fr\/ab-app?origin=guides\/wp-json\/wp\/v2\/posts\/25029' class='app-button fit'>Simulation gratuite<\/a><\/div><\/p>\n<h2 class=\"amp-wp-7d27179\" style=\"text-align: justify;\" data-amp-original-style=\"text-align: justify;\"><span id=\"Si_vous_demandez_la_PreParE_majoree\"><b>Si vous demandez la PreParE major\u00e9e<\/b><\/span><\/h2>\n<h3 class=\"amp-wp-7d27179\" style=\"text-align: justify;\" data-amp-original-style=\"text-align: justify;\"><span id=\"Interruption_de_votre_activite_professionnelle\"><b>Interruption de votre activit\u00e9 professionnelle<\/b><\/span><\/h3>\n<p class=\"amp-wp-7d27179\" style=\"text-align: justify;\" data-amp-original-style=\"text-align: justify;\"><span class=\"amp-wp-fe3f5cc\" data-amp-original-style=\"font-weight: 400;\">Si vous \u00eates salari\u00e9 du secteur priv\u00e9, pour \u00eatre \u00e9ligible \u00e0 la PreParE major\u00e9e, vous devez n\u00e9cessairement prendre un cong\u00e9 parental \u00e0 temps plein.<\/span><\/p>\n<p class=\"amp-wp-7d27179\" style=\"text-align: justify;\" data-amp-original-style=\"text-align: justify;\"><span class=\"amp-wp-fe3f5cc\" data-amp-original-style=\"font-weight: 400;\">Si vous exercez une activit\u00e9 non salari\u00e9e (vous \u00eates auto entrepreneur par exemple), la d\u00e9marche est la m\u00eame que pour la PreParE simple. Vous devez justifier de votre cessation d\u2019activit\u00e9 en remplissant un formulaire aupr\u00e8s de la CAF ou de la MSA si vous exercez dans le milieu agricole.<\/span><\/p>\n<p class=\"amp-wp-7d27179\" style=\"text-align: justify;\" data-amp-original-style=\"text-align: justify;\"><span class=\"amp-wp-fe3f5cc\" data-amp-original-style=\"font-weight: 400;\">Enfin, si vous faites partie de la fonction publique, vous pouvez prendre un cong\u00e9<\/span> <span class=\"amp-wp-fe3f5cc\" data-amp-original-style=\"font-weight: 400;\">parental, un cong\u00e9 de pr\u00e9sence parental ou encore un temps partiel de droit (\u00e0 savoir: un temps partiel que l\u2019administration ne peut refuser).<\/span><span class=\"amp-wp-fe3f5cc\" data-amp-original-style=\"font-weight: 400;\">\u00a0<\/span><\/p>\n<h3 class=\"amp-wp-7d27179\" style=\"text-align: justify;\" data-amp-original-style=\"text-align: justify;\"><span id=\"Duree_de_cotisation_vieillesse1\">Dur\u00e9e de cotisation vieillesse<\/span><\/h3>\n<p class=\"amp-wp-7d27179\" style=\"text-align: justify;\" data-amp-original-style=\"text-align: justify;\"><span class=\"amp-wp-fe3f5cc\" data-amp-original-style=\"font-weight: 400;\">Vous devez avoir cotis\u00e9 \u00e0 l\u2019assurance vieillesse au minimum 8 trimestres sur une <\/span>p\u00e9riode de r\u00e9f\u00e9rence de 5 ans\u00a0<span class=\"amp-wp-fe3f5cc\" data-amp-original-style=\"font-weight: 400;\">pr\u00e9c\u00e9dant la naissance, l\u2019accueil ou l\u2019adoption de l\u2019enfant pour lequel vous souhaitez b\u00e9n\u00e9ficier de la PreParE. <img loading=\"lazy\" decoding=\"async\" class=\" wp-image-25698 alignright\" src=\"https:\/\/www.mes-allocs.fr\/guides\/wp-content\/uploads\/2021\/04\/tirelire.jpg\" alt=\"demande prepare caf\" width=\"282\" height=\"188\" srcset=\"https:\/\/www.mes-allocs.fr\/guides\/wp-content\/uploads\/2021\/04\/tirelire.jpg 1127w, https:\/\/www.mes-allocs.fr\/guides\/wp-content\/uploads\/2021\/04\/tirelire-300x200.jpg 300w, https:\/\/www.mes-allocs.fr\/guides\/wp-content\/uploads\/2021\/04\/tirelire-1024x681.jpg 1024w, https:\/\/www.mes-allocs.fr\/guides\/wp-content\/uploads\/2021\/04\/tirelire-768x511.jpg 768w, https:\/\/www.mes-allocs.fr\/guides\/wp-content\/uploads\/2021\/04\/tirelire-600x399.jpg 600w\" sizes=\"auto, (max-width: 282px) 100vw, 282px\" \/><\/span><\/p>\n<p class=\"amp-wp-7d27179\" style=\"text-align: justify;\" data-amp-original-style=\"text-align: justify;\"><span class=\"amp-wp-fe3f5cc\" data-amp-original-style=\"font-weight: 400;\">Il est important de rappeler que si vous demandez la prestation apr\u00e8s la naissance ou l\u2019adoption de votre enfant, la p\u00e9riode de r\u00e9f\u00e9rence est celle pr\u00e9c\u00e9dant votre demande. Elle est donc plus longue car il est consid\u00e9r\u00e9 que vous avez cet enfant \u00e0 charge en plus.\u00a0<\/span><\/p>\n<p class=\"amp-wp-7d27179\" style=\"text-align: justify;\" data-amp-original-style=\"text-align: justify;\"><span class=\"amp-wp-fe3f5cc\" data-amp-original-style=\"font-weight: 400;\">Que vous demandiez la PreParE ou la PreParE major\u00e9e, que vous d\u00e9pendiez de la CAF ou de la MSA, vous devez remplir un formulaire de demande et fournir certaines pi\u00e8ces justificatives. Pas de panique, <\/span><span class=\"amp-wp-fe3f5cc\" data-amp-original-style=\"font-weight: 400;\"><a href=\"https:\/\/www.mes-allocs.fr\/signature\">Mes Allocs<\/a> vous d\u00e9barrasse de tous ces tracas administratifs !<\/span><\/p>\n<p class=\"amp-wp-7d27179\" style=\"text-align: justify;\" data-amp-original-style=\"text-align: justify;\"><span class=\"amp-wp-fe3f5cc\" data-amp-original-style=\"font-weight: 400;\">Si vous \u00eates en <\/span><span class=\"amp-wp-fe3f5cc\" data-amp-original-style=\"font-weight: 400;\">cong\u00e9 maternit\u00e9<\/span><span class=\"amp-wp-fe3f5cc\" data-amp-original-style=\"font-weight: 400;\">, paternit\u00e9, d\u2019adoption<\/span> <span class=\"amp-wp-fe3f5cc\" data-amp-original-style=\"font-weight: 400;\">ou de maladie, vous devez attendre la fin de l\u2019indemnisation qui vous est vers\u00e9e par votre employeur pour envoyer votre demande de PreParE ou de PreParE major\u00e9e.<\/span><\/p>\n<p><iframe loading=\"lazy\" title=\"La PreParE\" width=\"500\" height=\"281\" src=\"https:\/\/www.youtube.com\/embed\/J5B2ttL9WS8?feature=oembed\" frameborder=\"0\" allow=\"accelerometer; autoplay; clipboard-write; encrypted-media; gyroscope; picture-in-picture; web-share\" referrerpolicy=\"strict-origin-when-cross-origin\" allowfullscreen><\/iframe><\/p>\n<h1>\u00c0 quel moment demander la PreParE \u00e0 la CAF ?<\/h1>\n<p>La demande de PreParE doit \u00eatre d\u00e9pos\u00e9e \u00e0 la fin du cong\u00e9 maternit\u00e9, paternit\u00e9 ou d\u2019adoption. Toutefois, si les parents ne peuvent b\u00e9n\u00e9ficier d\u2019un cong\u00e9 maternit\u00e9 ou paternit\u00e9, la demande devra \u00eatre effectu\u00e9e d\u00e8s la naissance de l\u2019enfant.<\/p>\n<p>Dans le cadre d\u2019un cong\u00e9 parental, la PreParE doit \u00eatre demand\u00e9e d\u00e8s le premier jour de cong\u00e9. Lorsque les parents cessent totalement leur activit\u00e9, ils doivent faire la demande de prestation d\u00e8s le lendemain de la rupture du contrat de travail. Enfin, en cas de r\u00e9duction du temps de travail, le dossier doit \u00eatre remis \u00e0 la CAF ou \u00e0 la MSA d\u00e8s son effectivit\u00e9.<\/p>\n<h1>Aupr\u00e8s de quel organisme faire la demande PreParE ?<\/h1>\n<p>En France, il existe deux organismes qui d\u00e9livrent des aides sociales en France: Il s\u2019agit de la CAF ou de la MSA.<\/p>\n<p>La Mutualit\u00e9 sociale agricole (MSA) est l\u2019organisme qui s\u2019occupe de la protection sociale obligatoire des personnes salari\u00e9es et non salari\u00e9es des professions agricoles. La MSA g\u00e8re l\u2019ensemble des branches de la s\u00e9curit\u00e9 sociale. Il s\u2019agit de la maladie, la famille, la vieillesse, les accidents du travail et les maladies professionnelles. Elle s\u2019occupe \u00e9galement du recouvrement.<\/p>\n<p>Dans sa mani\u00e8re de fonctionner, la MSA est comparable \u00e0 la CAF. Elle s\u2019occupe de plusieurs domaines. Pour la sant\u00e9, il s\u2019agit de l\u2019assurance maladie, du cong\u00e9 de maternit\u00e9, de l\u2019arr\u00eat de travail, de invalidit\u00e9 et enfin, du d\u00e9c\u00e8s. Bien \u00e9videmment, tout cela doit se faire aupr\u00e8s de professionnels de la sant\u00e9 en lien avec la MSA.<\/p>\n<p>Il y a aussi la famille et le logement. La MSA g\u00e8re les prestations familiales et les aides au logement des salari\u00e9s et des exploitants agricoles. Elle s\u2019occupe aussi de la garde d\u2019enfants, l\u2019am\u00e9lioration des logements et aussi, l\u2019acc\u00e8s \u00e0 l\u2019autonomie. La MSA s\u2019occupe aussi des retraites et de l\u2019insertion professionnelle.<\/p>\n<p>De fait, pour votre demande, si vous faites parties des professions agricoles, il faut vous adresser \u00e0 la MSA. Sinon, vous pouvez faire votre demande aupr\u00e8s de la CAF. Pour en b\u00e9n\u00e9ficier, il faudra toujours r\u00e9pondre \u00e0 des conditions d\u2019attribution.<\/p>\n<p style=\"text-align: justify;\" data-amp-original-style=\"text-align: justify;\"><div class='cta-block'><div class='text'>Simulez vos Aides Familiales en 2 min.<\/div><a href='https:\/\/www.mes-allocs.fr\/ab-app?origin=guides\/wp-json\/wp\/v2\/posts\/25029' class='app-button fit'>Simulation gratuite<\/a><\/div><\/p>\n","protected":false},"excerpt":{"rendered":"<p>[Mis \u00e0 jour le 22\/01\/2026] Lorsque vous venez d&rsquo;avoir un enfant, il est parfois compliqu\u00e9 de concilier temps de travail et garde d&rsquo;enfant. De fait, la CAF a mis en place une allocation familiale qui permet aux parents de b\u00e9n\u00e9ficier d&rsquo;une somme s&rsquo;ils souhaitent r\u00e9duire leur activit\u00e9 professionnelle : l&rsquo;aide PreParE. Notre \u00e9quipe vous explique [&hellip;]<\/p>\n","protected":false},"author":6,"featured_media":106183,"comment_status":"open","ping_status":"open","sticky":false,"template":"","format":"standard","meta":{"amp_status":"","footnotes":""},"categories":[10,11,8924],"tags":[],"class_list":["post-25029","post","type-post","status-publish","format-standard","has-post-thumbnail","hentry","category-allocations-familiales","category-paje","category-prepare-caf"],"yoast_head":"<!-- This site is optimized with the Yoast SEO plugin v14.9 - https:\/\/yoast.com\/wordpress\/plugins\/seo\/ -->\n<title>Comment faire une demande PreParE CAF en 2026 ? | Mes-Allocs.fr<\/title>\n<meta name=\"description\" content=\"Vous venez d&#039;avoir un enfant ? La CAF a mis en place l&#039;aide PreParE (Prestation Partag\u00e9e d\u2019\u00c9ducation de l\u2019Enfant). On vous explique tout.\" \/>\n<meta name=\"robots\" content=\"index, follow, max-snippet:-1, max-image-preview:large, max-video-preview:-1\" \/>\n<link rel=\"canonical\" href=\"https:\/\/www.mes-allocs.fr\/guides\/allocations-familiales\/paje\/prepare-caf\/demande-prepare-caf\/\" \/>\n<meta property=\"og:locale\" content=\"fr_FR\" \/>\n<meta property=\"og:type\" content=\"article\" \/>\n<meta property=\"og:title\" content=\"Comment faire une demande PreParE CAF en 2026 ? | Mes-Allocs.fr\" \/>\n<meta property=\"og:description\" content=\"Vous venez d&#039;avoir un enfant ? La CAF a mis en place l&#039;aide PreParE (Prestation Partag\u00e9e d\u2019\u00c9ducation de l\u2019Enfant). On vous explique tout.\" \/>\n<meta property=\"og:url\" content=\"https:\/\/www.mes-allocs.fr\/guides\/allocations-familiales\/paje\/prepare-caf\/demande-prepare-caf\/\" \/>\n<meta property=\"og:site_name\" content=\"Mes-Allocs.fr\" \/>\n<meta property=\"article:published_time\" content=\"2021-04-23T13:21:40+00:00\" \/>\n<meta property=\"article:modified_time\" content=\"2026-01-22T16:39:06+00:00\" \/>\n<meta property=\"og:image\" content=\"https:\/\/www.mes-allocs.fr\/guides\/wp-content\/uploads\/2021\/04\/demande-prepare-caf.jpg?wsr\" \/>\n\t<meta property=\"og:image:width\" content=\"1920\" \/>\n\t<meta property=\"og:image:height\" content=\"1280\" \/>\n<meta name=\"twitter:card\" content=\"summary_large_image\" \/>\n<script type=\"application\/ld+json\" class=\"yoast-schema-graph\">{\"@context\":\"https:\/\/schema.org\",\"@graph\":[{\"@type\":\"WebSite\",\"@id\":\"https:\/\/www.mes-allocs.fr\/guides\/#website\",\"url\":\"https:\/\/www.mes-allocs.fr\/guides\/\",\"name\":\"Mes-Allocs.fr\",\"description\":\"\",\"potentialAction\":[{\"@type\":\"SearchAction\",\"target\":\"https:\/\/www.mes-allocs.fr\/guides\/?s={search_term_string}\",\"query-input\":\"required name=search_term_string\"}],\"inLanguage\":\"fr-FR\"},{\"@type\":\"ImageObject\",\"@id\":\"https:\/\/www.mes-allocs.fr\/guides\/allocations-familiales\/paje\/prepare-caf\/demande-prepare-caf\/#primaryimage\",\"inLanguage\":\"fr-FR\",\"url\":\"https:\/\/www.mes-allocs.fr\/guides\/wp-content\/uploads\/2021\/04\/demande-prepare-caf.jpg?wsr\",\"width\":1920,\"height\":1280,\"caption\":\"demande prepare caf\"},{\"@type\":\"WebPage\",\"@id\":\"https:\/\/www.mes-allocs.fr\/guides\/allocations-familiales\/paje\/prepare-caf\/demande-prepare-caf\/#webpage\",\"url\":\"https:\/\/www.mes-allocs.fr\/guides\/allocations-familiales\/paje\/prepare-caf\/demande-prepare-caf\/\",\"name\":\"Comment faire une demande PreParE CAF en 2026 ? | Mes-Allocs.fr\",\"isPartOf\":{\"@id\":\"https:\/\/www.mes-allocs.fr\/guides\/#website\"},\"primaryImageOfPage\":{\"@id\":\"https:\/\/www.mes-allocs.fr\/guides\/allocations-familiales\/paje\/prepare-caf\/demande-prepare-caf\/#primaryimage\"},\"datePublished\":\"2021-04-23T13:21:40+00:00\",\"dateModified\":\"2026-01-22T16:39:06+00:00\",\"author\":{\"@id\":\"https:\/\/www.mes-allocs.fr\/guides\/#\/schema\/person\/0ecd61a8600573914d00d970a588c024\"},\"description\":\"Vous venez d'avoir un enfant ? La CAF a mis en place l'aide PreParE (Prestation Partag\\u00e9e d\\u2019\\u00c9ducation de l\\u2019Enfant). On vous explique tout.\",\"inLanguage\":\"fr-FR\"},{\"@type\":\"Person\",\"@id\":\"https:\/\/www.mes-allocs.fr\/guides\/#\/schema\/person\/0ecd61a8600573914d00d970a588c024\",\"name\":\"Jonathan\",\"image\":{\"@type\":\"ImageObject\",\"@id\":\"https:\/\/www.mes-allocs.fr\/guides\/#personlogo\",\"inLanguage\":\"fr-FR\",\"url\":\"https:\/\/www.mes-allocs.fr\/guides\/wp-content\/uploads\/2021\/06\/jonathan-150x150.png\",\"caption\":\"Jonathan\"},\"description\":\"Jonathan est r\\u00e9dacteur au sein de l'\\u00e9quipe Mes Allocs, sp\\u00e9cialis\\u00e9 sur les sujets li\\u00e9s au handicap. Dipl\\u00f4m\\u00e9e de l'UPEM, il rejoint Mes Allocs apr\\u00e8s avoir travaill\\u00e9 \\u00e0 l'association AEDE qui accompagne les adultes en situation de handicap. Quand il n'\\u00e9crit pas, on peut le retrouver sur un terrain de basket.\",\"sameAs\":[\"https:\/\/www.linkedin.com\/in\/jonathan-bambela-8637861b7\"]}]}<\/script>\n<!-- \/ Yoast SEO plugin. -->","amp_validity":null,"acf":{"faq":{"1":{"question":"Qu'est-ce que la PreParE major\u00e9e ?","answer":"La PreParE major\u00e9e donne droit \u00e0 un montant sup\u00e9rieur \u00e0 celui de la PreParE mais est vers\u00e9e moins longtemps que la PreParE (simple)"},"2":{"question":"Comment \u00eatre \u00e9ligible \u00e0 la PreParE dans le secteur priv\u00e9 ?","answer":"Si vous \u00eates salari\u00e9 du secteur priv\u00e9, pour \u00eatre \u00e9ligible \u00e0 la PreParE major\u00e9e, vous devez n\u00e9cessairement prendre un cong\u00e9 parental \u00e0 temps plein."},"3":{"question":"Quel est le montant de la PREPARE ?","answer":"Le montant de la Pr\u00e9ParE est de : 456,06 \u20ac par mois en cas de cessation totale d'activit\u00e9 ;  294,82 \u20ac par mois pour une dur\u00e9e de travail inf\u00e9rieure ou \u00e9gale \u00e0 un emploi \u00e0 mi-temps (50 %) ;  170,07 \u20ac par mois pour une dur\u00e9e de travail \u00e0 temps partiel comprise entre 50 % et 80 %."},"4":{"question":"\u00c0 qui est attribu\u00e9 l'aide ? ","answer":"La PreParE peut \u00eatre attribu\u00e9e \u00e0 un seul parent ou aux deux (le montant est alors divis\u00e9 par deux). Ils peuvent la percevoir en m\u00eame temps ou successivement.\r\n"},"5":{"question":"Qu'est-ce que la PreParE ?","answer":"La Prestation partag\u00e9e d'\u00e9ducation de l'enfant (PreParE) est une aide financi\u00e8re destin\u00e9e aux jeunes parents qui souhaitent cesser ou r\u00e9duire leur activit\u00e9 professionnelle."},"6":{"question":"","answer":""},"7":{"question":"","answer":""},"8":{"question":"","answer":""},"9":{"question":"","answer":""},"10":{"question":"","answer":""},"11":{"question":"","answer":""},"12":{"question":"","answer":""},"13":{"question":"","answer":""},"14":{"question":"","answer":""},"15":{"question":"","answer":""},"16":{"question":"","answer":""}}},"_links":{"self":[{"href":"https:\/\/www.mes-allocs.fr\/guides\/wp-json\/wp\/v2\/posts\/25029","targetHints":{"allow":["GET"]}}],"collection":[{"href":"https:\/\/www.mes-allocs.fr\/guides\/wp-json\/wp\/v2\/posts"}],"about":[{"href":"https:\/\/www.mes-allocs.fr\/guides\/wp-json\/wp\/v2\/types\/post"}],"author":[{"embeddable":true,"href":"https:\/\/www.mes-allocs.fr\/guides\/wp-json\/wp\/v2\/users\/6"}],"replies":[{"embeddable":true,"href":"https:\/\/www.mes-allocs.fr\/guides\/wp-json\/wp\/v2\/comments?post=25029"}],"version-history":[{"count":22,"href":"https:\/\/www.mes-allocs.fr\/guides\/wp-json\/wp\/v2\/posts\/25029\/revisions"}],"predecessor-version":[{"id":108262,"href":"https:\/\/www.mes-allocs.fr\/guides\/wp-json\/wp\/v2\/posts\/25029\/revisions\/108262"}],"wp:featuredmedia":[{"embeddable":true,"href":"https:\/\/www.mes-allocs.fr\/guides\/wp-json\/wp\/v2\/media\/106183"}],"wp:attachment":[{"href":"https:\/\/www.mes-allocs.fr\/guides\/wp-json\/wp\/v2\/media?parent=25029"}],"wp:term":[{"taxonomy":"category","embeddable":true,"href":"https:\/\/www.mes-allocs.fr\/guides\/wp-json\/wp\/v2\/categories?post=25029"},{"taxonomy":"post_tag","embeddable":true,"href":"https:\/\/www.mes-allocs.fr\/guides\/wp-json\/wp\/v2\/tags?post=25029"}],"curies":[{"name":"wp","href":"https:\/\/api.w.org\/{rel}","templated":true}]}}