{"id":24953,"date":"2021-04-15T08:30:55","date_gmt":"2021-04-15T08:30:55","guid":{"rendered":"https:\/\/www.mes-allocs.fr\/guides\/?p=24953"},"modified":"2026-01-09T10:23:21","modified_gmt":"2026-01-09T09:23:21","slug":"eligibilite-apl","status":"publish","type":"post","link":"https:\/\/www.mes-allocs.fr\/guides\/aide-logement\/apl\/eligibilite-apl\/","title":{"rendered":"APL : tout savoir sur votre \u00e9ligibilit\u00e9"},"content":{"rendered":"<p><a href=\"https:\/\/www.mes-allocs.fr\/guides\/wp-content\/uploads\/2021\/04\/pexels-artem-podrez-4492129.jpg\"><img loading=\"lazy\" decoding=\"async\" class=\"aligncenter wp-image-24965 size-full\" src=\"https:\/\/www.mes-allocs.fr\/guides\/wp-content\/uploads\/2021\/04\/pexels-artem-podrez-4492129-e1685959587554.jpg\" alt=\"\u00e9ligibilit\u00e9 APL\" width=\"1280\" height=\"268\" srcset=\"https:\/\/www.mes-allocs.fr\/guides\/wp-content\/uploads\/2021\/04\/pexels-artem-podrez-4492129-e1685959587554.jpg 1280w, https:\/\/www.mes-allocs.fr\/guides\/wp-content\/uploads\/2021\/04\/pexels-artem-podrez-4492129-e1685959587554-300x63.jpg 300w, https:\/\/www.mes-allocs.fr\/guides\/wp-content\/uploads\/2021\/04\/pexels-artem-podrez-4492129-e1685959587554-1024x214.jpg 1024w, https:\/\/www.mes-allocs.fr\/guides\/wp-content\/uploads\/2021\/04\/pexels-artem-podrez-4492129-e1685959587554-768x161.jpg 768w, https:\/\/www.mes-allocs.fr\/guides\/wp-content\/uploads\/2021\/04\/pexels-artem-podrez-4492129-e1685959587554-600x126.jpg 600w\" sizes=\"auto, (max-width: 1280px) 100vw, 1280px\" \/><\/a><\/p>\n<p style=\"text-align: justify;\">[Mis \u00e0 jour le 07\/01\/2026] L&rsquo;APL ou <a href=\"https:\/\/www.mes-allocs.fr\/guides\/aide-logement\/apl\/\">aide personnalis\u00e9e au logement<\/a> est l&rsquo;une des 3 aides au logement vers\u00e9es par la CAF et la MSA. Pour en b\u00e9n\u00e9ficier vous devez respecter un certain nombre de conditions, concernant \u00e0 la fois vos revenus que la composition de votre foyer. Mes Allocs vous explique comment estimer vos droits \u00e0 l&rsquo;APL en 2026.<\/p>\n<div class='cta-block'><div class='text'>Simulez toutes vos aides en 2 min.<\/div><a href='https:\/\/www.mes-allocs.fr\/ab-app?origin=guides\/wp-json\/wp\/v2\/posts\/24953' class='app-button fit'>Simulation gratuite<\/a><\/div>\n<h1>Comment savoir si on est \u00e9ligible \u00e0 l&rsquo;APL ?<\/h1>\n<p style=\"text-align: justify;\"><span class=\"amp-wp-fe3f5cc\" data-amp-original-style=\"font-weight: 400;\">Vous pouvez demander une estimation <a href=\"https:\/\/www.mes-allocs.fr\/guides\/aide-logement\/apl\/simulation-apl\/\">APL<\/a>, que vous soyez allocataire ou non. Vous devez cependant r\u00e9pondre aux conditions applicables, comme les plafonds de ressources. Voici la liste des crit\u00e8res d\u2019\u00e9ligibilit\u00e9 aux APL selon la CAF :<\/span><a href=\"https:\/\/www.mes-allocs.fr\/guides\/wp-content\/uploads\/2021\/04\/pexels-blue-bird-7218131.jpg\"><img loading=\"lazy\" decoding=\"async\" class=\"alignright wp-image-24966 size-medium\" src=\"https:\/\/www.mes-allocs.fr\/guides\/wp-content\/uploads\/2021\/04\/pexels-blue-bird-7218131-300x200.jpg\" alt=\"\u00e9ligibilit\u00e9 APL\" width=\"300\" height=\"200\" srcset=\"https:\/\/www.mes-allocs.fr\/guides\/wp-content\/uploads\/2021\/04\/pexels-blue-bird-7218131-300x200.jpg 300w, https:\/\/www.mes-allocs.fr\/guides\/wp-content\/uploads\/2021\/04\/pexels-blue-bird-7218131-1024x682.jpg 1024w, https:\/\/www.mes-allocs.fr\/guides\/wp-content\/uploads\/2021\/04\/pexels-blue-bird-7218131-768x512.jpg 768w, https:\/\/www.mes-allocs.fr\/guides\/wp-content\/uploads\/2021\/04\/pexels-blue-bird-7218131-600x400.jpg 600w, https:\/\/www.mes-allocs.fr\/guides\/wp-content\/uploads\/2021\/04\/pexels-blue-bird-7218131.jpg 1280w\" sizes=\"auto, (max-width: 300px) 100vw, 300px\" \/><\/a><\/p>\n<ul>\n<li class=\"amp-wp-fe3f5cc\" style=\"text-align: justify;\" data-amp-original-style=\"font-weight: 400;\"><span class=\"amp-wp-fe3f5cc\" data-amp-original-style=\"font-weight: 400;\">R\u00e9sider l\u00e9galement en France, c\u2019est-\u00e0-dire poss\u00e9der la nationalit\u00e9 fran\u00e7aise ou un titre de s\u00e9jour valide ;<\/span><\/li>\n<li class=\"amp-wp-fe3f5cc\" style=\"text-align: justify;\" data-amp-original-style=\"font-weight: 400;\"><span class=\"amp-wp-fe3f5cc\" data-amp-original-style=\"font-weight: 400;\">La demande doit concerner une r\u00e9sidence principale correspondant aux crit\u00e8res d\u2019un logement d\u00e9cent et respectant les conditions minimales d\u2019utilisation ;<\/span><\/li>\n<li class=\"amp-wp-fe3f5cc\" style=\"text-align: justify;\" data-amp-original-style=\"font-weight: 400;\"><span class=\"amp-wp-fe3f5cc\" data-amp-original-style=\"font-weight: 400;\">R\u00e9sider dans un logement \u00e9ligible aux APL ;<\/span><\/li>\n<li class=\"amp-wp-fe3f5cc\" style=\"text-align: justify;\" data-amp-original-style=\"font-weight: 400;\"><span class=\"amp-wp-fe3f5cc\" data-amp-original-style=\"font-weight: 400;\">Ne pas \u00eatre rattach\u00e9 \u00e0 un foyer fiscal sujet \u00e0 l\u2019Imp\u00f4t sur la Fortune Immobili\u00e8re ;<\/span><\/li>\n<li class=\"amp-wp-fe3f5cc\" style=\"text-align: justify;\" data-amp-original-style=\"font-weight: 400;\"><span class=\"amp-wp-fe3f5cc\" data-amp-original-style=\"font-weight: 400;\">Ne pas \u00eatre d\u00e9j\u00e0 allocataire d\u2019une autre aide d\u2019\u00c9tat.<\/span><\/li>\n<\/ul>\n<div class='cta-block'><div class='text'>Simulez toutes vos Aides en 2 min.<\/div><a href='https:\/\/www.mes-allocs.fr\/ab-app?origin=guides\/wp-json\/wp\/v2\/posts\/24953' class='app-button fit'>Simulation gratuite<\/a><\/div>\n<p><span class=\"amp-wp-fe3f5cc\" data-amp-original-style=\"font-weight: 400;\">Il existe n\u00e9anmoins des particularit\u00e9s selon votre situation :<\/span><\/p>\n<ul>\n<li class=\"amp-wp-fe3f5cc\" style=\"text-align: justify;\" data-amp-original-style=\"font-weight: 400;\"><span class=\"amp-wp-fe3f5cc\" data-amp-original-style=\"font-weight: 400;\">Si vous \u00eates locataire, votre <strong>logement doit \u00eatre conventionn\u00e9<\/strong>. Cette t\u00e2che revient au propri\u00e9taire ou au bailleur du logement, qui se doit de vous avertir de la possibilit\u00e9 de demander l\u2019APL. Ce logement doit \u00eatre en location et ne peut appartenir \u00e0 un membre de votre famille.<\/span><\/li>\n<li class=\"amp-wp-fe3f5cc\" style=\"text-align: justify;\" data-amp-original-style=\"font-weight: 400;\"><span class=\"amp-wp-fe3f5cc\" data-amp-original-style=\"font-weight: 400;\">Si vous \u00eates en colocation, les conditions d\u2019\u00e9ligibilit\u00e9 sont identiques aux locataires classiques. S\u2019il n\u2019y a qu\u2019un seul bail pour tous les locataires, il vous faudra effectuer votre demande avec l\u2019int\u00e9gralit\u00e9 des revenus des colocataires. Si chacun a sign\u00e9 un bail individuel, les aides seront calcul\u00e9es en fonction des revenus de chacun.<\/span><\/li>\n<li class=\"amp-wp-fe3f5cc\" style=\"text-align: justify;\" data-amp-original-style=\"font-weight: 400;\"><span class=\"amp-wp-fe3f5cc\" data-amp-original-style=\"font-weight: 400;\">Si vous habitez dans une r\u00e9sidence ou un foyer conventionn\u00e9, vous \u00eates \u00e9ligible aux APL si vous r\u00e9sidez au moins<strong> huit mois sur l\u2019ann\u00e9e dans votre logement<\/strong>. Le montant de l\u2019APL est vers\u00e9 directement au bailleur et d\u00e9duit du loyer.<\/span><\/li>\n<li class=\"amp-wp-fe3f5cc\" style=\"text-align: justify;\" data-amp-original-style=\"font-weight: 400;\"><span class=\"amp-wp-fe3f5cc\" data-amp-original-style=\"font-weight: 400;\">Dans le cas des personnes \u00e2g\u00e9es, d\u00e9pendantes ou non, vous pouvez faire une demande d\u2019APL tant que l\u2019\u00e9tablissement devient la r\u00e9sidence principale du demandeur.\u00a0<\/span><\/li>\n<li class=\"amp-wp-fe3f5cc\" style=\"text-align: justify;\" data-amp-original-style=\"font-weight: 400;\"><span class=\"amp-wp-fe3f5cc\" data-amp-original-style=\"font-weight: 400;\">Un mineur de moins de 18 ans peut aussi toucher les APL, \u00e0 condition que le <strong>bail soit sign\u00e9 ou cosign\u00e9 par ses parents<\/strong>. Les mineurs vivant encore chez leurs parents doivent \u00eatre int\u00e9gr\u00e9s dans la demande de ces derniers, en tant que personne \u00e0 charge additionnelle.<\/span><\/li>\n<\/ul>\n<p style=\"text-align: justify;\"><span class=\"amp-wp-fe3f5cc\" data-amp-original-style=\"font-weight: 400;\">Dans le cas d\u2019un logement meubl\u00e9, la CAF d\u00e9duira le co\u00fbt des meubles au loyer brut.\u00a0<\/span><\/p>\n<h2>Estimer ses droits<\/h2>\n<p>Le <a href=\"https:\/\/www.mes-allocs.fr\/guides\/aide-logement\/apl\/montant-apl\/\">montant de l\u2019APL<\/a> est calcul\u00e9 par la CAF selon un mode de calcul r\u00e9glementaire prenant en compte les ressources r\u00e9centes, la composition du foyer, le loyer et la zone g\u00e9ographique, sans formule publique d\u00e9taill\u00e9e.<\/p>\n<p>La CAF applique une participation personnelle minimale int\u00e9gr\u00e9e dans le calcul global de l\u2019APL, dont le montant peut \u00e9voluer selon la r\u00e9glementation en vigueur.<\/p>\n<h1>Qu&rsquo;est-ce que l&rsquo;APL ?<\/h1>\n<p style=\"text-align: justify;\"><span class=\"amp-wp-fe3f5cc\" data-amp-original-style=\"font-weight: 400;\">L&rsquo;aide au logement CAF repr\u00e9sente trois aides financi\u00e8res diff\u00e9rentes qui sont l\u2019<\/span><a href=\"https:\/\/www.mes-allocs.fr\/guides\/aide-logement\/apl\/\"><span class=\"amp-wp-fe3f5cc\" data-amp-original-style=\"font-weight: 400;\">Aide Personnalis\u00e9e au Logement<\/span><\/a><span class=\"amp-wp-fe3f5cc\" data-amp-original-style=\"font-weight: 400;\">, l\u2019<\/span><span class=\"amp-wp-fe3f5cc\" data-amp-original-style=\"font-weight: 400;\">Allocation de Logement Social<\/span><span class=\"amp-wp-fe3f5cc\" data-amp-original-style=\"font-weight: 400;\">\u00a0(ALS) et enfin l\u2019<\/span><span class=\"amp-wp-fe3f5cc\" data-amp-original-style=\"font-weight: 400;\">Allocation de Logement Familial<\/span><span class=\"amp-wp-fe3f5cc\" data-amp-original-style=\"font-weight: 400;\">\u00a0(ALF).\u00a0<\/span><\/p>\n<p style=\"text-align: justify;\"><span class=\"amp-wp-fe3f5cc\" data-amp-original-style=\"font-weight: 400;\">Ainsi, effectuer une estimation logement APL revient \u00e0 estimer le montant de l\u2019aide au logement dont vous pouvez b\u00e9n\u00e9ficier.\u00a0<\/span><\/p>\n<p style=\"text-align: justify;\"><span class=\"amp-wp-fe3f5cc\" data-amp-original-style=\"font-weight: 400;\">Les droits estim\u00e9s varient selon la situation personnelle de chaque demandeur. Les conditions d\u2019attribution retenues pour les APL sont principalement les suivantes :<\/span><\/p>\n<ul>\n<li class=\"amp-wp-fe3f5cc\" style=\"text-align: justify;\" data-amp-original-style=\"font-weight: 400;\"><span class=\"amp-wp-fe3f5cc\" data-amp-original-style=\"font-weight: 400;\">La situation familiale du foyer ;<\/span><\/li>\n<li class=\"amp-wp-fe3f5cc\" style=\"text-align: justify;\" data-amp-original-style=\"font-weight: 400;\"><span class=\"amp-wp-fe3f5cc\" data-amp-original-style=\"font-weight: 400;\">La situation professionnelle de chaque membre du foyer ;<\/span><\/li>\n<li class=\"amp-wp-fe3f5cc\" data-amp-original-style=\"font-weight: 400;\"><span class=\"amp-wp-fe3f5cc\" data-amp-original-style=\"font-weight: 400;\">Les conditions de ressources de l\u2019ensemble du foyer ;<\/span><\/li>\n<li class=\"amp-wp-fe3f5cc\" data-amp-original-style=\"font-weight: 400;\"><span class=\"amp-wp-fe3f5cc\" data-amp-original-style=\"font-weight: 400;\">Le montant du loyer hors charges ;<\/span><\/li>\n<li class=\"amp-wp-fe3f5cc\" data-amp-original-style=\"font-weight: 400;\"><span class=\"amp-wp-fe3f5cc\" data-amp-original-style=\"font-weight: 400;\">Le type de logement (appartement, conventionn\u00e9, etc.) ;<\/span><\/li>\n<li class=\"amp-wp-fe3f5cc\" data-amp-original-style=\"font-weight: 400;\"><span class=\"amp-wp-fe3f5cc\" data-amp-original-style=\"font-weight: 400;\">La zone g\u00e9ographique dans laquelle se situe le logement.<\/span><\/li>\n<\/ul>\n<p>Depuis l&rsquo;entr\u00e9e en vigueur de la r\u00e9forme des APL le 1er janvier 2021 ce sont d\u00e9sormais les revenus des 12 derniers mois qui sont pris en compte pour l&rsquo;aide personnalis\u00e9e au logement APL et non plus les revenus N-2.<\/p>\n<h2>Conditions \u00e0 respecter pour les locataires<\/h2>\n<p class=\"amp-wp-7d27179\" style=\"text-align: justify;\" data-amp-original-style=\"text-align: justify;\"><span class=\"amp-wp-fe3f5cc\" data-amp-original-style=\"font-weight: 400;\">Que vous soyez locataire,\u00a0<\/span><span class=\"amp-wp-fe3f5cc\" data-amp-original-style=\"font-weight: 400;\">colocataire<\/span><span class=\"amp-wp-fe3f5cc\" data-amp-original-style=\"font-weight: 400;\">, sous-locataire, vous avez acc\u00e8s aux APL. Si vous \u00eates\u00a0<\/span><b>sous-locataire<\/b><span class=\"amp-wp-fe3f5cc\" data-amp-original-style=\"font-weight: 400;\"> (d\u00e9clar\u00e9 au propri\u00e9taire), vous devez remplir l\u2019une de ces 2 conditions :<\/span><a href=\"https:\/\/www.mes-allocs.fr\/guides\/wp-content\/uploads\/2021\/04\/pexels-blue-bird-7218485.jpg\"><img loading=\"lazy\" decoding=\"async\" class=\"alignright wp-image-24967 size-medium\" src=\"https:\/\/www.mes-allocs.fr\/guides\/wp-content\/uploads\/2021\/04\/pexels-blue-bird-7218485-300x200.jpg\" alt=\"\u00e9ligibilit\u00e9 APL\" width=\"300\" height=\"200\" srcset=\"https:\/\/www.mes-allocs.fr\/guides\/wp-content\/uploads\/2021\/04\/pexels-blue-bird-7218485-300x200.jpg 300w, https:\/\/www.mes-allocs.fr\/guides\/wp-content\/uploads\/2021\/04\/pexels-blue-bird-7218485-1024x682.jpg 1024w, https:\/\/www.mes-allocs.fr\/guides\/wp-content\/uploads\/2021\/04\/pexels-blue-bird-7218485-768x512.jpg 768w, https:\/\/www.mes-allocs.fr\/guides\/wp-content\/uploads\/2021\/04\/pexels-blue-bird-7218485-600x400.jpg 600w, https:\/\/www.mes-allocs.fr\/guides\/wp-content\/uploads\/2021\/04\/pexels-blue-bird-7218485.jpg 1280w\" sizes=\"auto, (max-width: 300px) 100vw, 300px\" \/><\/a><\/p>\n<ul class=\"amp-wp-7d27179\" style=\"text-align: justify;\" data-amp-original-style=\"text-align: justify;\">\n<li class=\"amp-wp-fe3f5cc\" data-amp-original-style=\"font-weight: 400;\"><span class=\"amp-wp-fe3f5cc\" data-amp-original-style=\"font-weight: 400;\">Vous \u00eates \u00e2g\u00e9 de moins de 30 ans,<\/span><\/li>\n<li class=\"amp-wp-fe3f5cc\" data-amp-original-style=\"font-weight: 400;\"><span class=\"amp-wp-fe3f5cc\" data-amp-original-style=\"font-weight: 400;\">Vous \u00eates h\u00e9berg\u00e9 chez un accueillant familial (une personne seule ou en couple qui vous accueille si vous \u00eates en situation de handicap ou une personne \u00e2g\u00e9e, contre une r\u00e9mun\u00e9ration).\u00a0<\/span><\/li>\n<\/ul>\n<p class=\"amp-wp-7d27179\" style=\"text-align: justify;\" data-amp-original-style=\"text-align: justify;\"><span class=\"amp-wp-fe3f5cc\" data-amp-original-style=\"font-weight: 400;\">Si vous \u00eates \u00e9tranger r\u00e9sident en France, vous devez prouver la r\u00e9gularit\u00e9 de votre s\u00e9jour sur le territoire. Votre r\u00e9sidence principale doit se trouver en France.<\/span><\/p>\n<h2 data-amp-original-style=\"text-align: justify;\">Conditions li\u00e9es au logement<\/h2>\n<p class=\"amp-wp-7d27179\" style=\"text-align: justify;\" data-amp-original-style=\"text-align: justify;\"><span class=\"amp-wp-fe3f5cc\" data-amp-original-style=\"font-weight: 400;\">L\u2019Allocation Personnalis\u00e9e au Logement (APL) est une aide personnelle qui vous est accord\u00e9e uniquement pour votre\u00a0<\/span><b>r\u00e9sidence principale<\/b><span class=\"amp-wp-fe3f5cc\" data-amp-original-style=\"font-weight: 400;\">\u00a0(logement que vous habitez au moins 8 mois par an) sur le\u00a0<\/span><b>territoire fran\u00e7ais et un logement conventionn\u00e9.<\/b><span class=\"amp-wp-fe3f5cc\" data-amp-original-style=\"font-weight: 400;\">\u00a0Ce logement doit \u00e9galement respecter certaines <strong>conditions de d\u00e9cence et d\u2019occupation<\/strong>\u00a0(surface minimale, aucune mise en danger de celui qui l\u2019habite). Le logement en question doit \u00eatre conventionn\u00e9 pour ouvrir vos droits aux APL.<\/span><\/p>\n<p class=\"amp-wp-7d27179\" style=\"text-align: justify;\" data-amp-original-style=\"text-align: justify;\"><span class=\"amp-wp-fe3f5cc\" data-amp-original-style=\"font-weight: 400;\">Pour conventionner un logement, le propri\u00e9taire du bien (potentiellement vous) doit passer un accord avec l\u2019\u00c9tat. Cela est n\u00e9cessaire pour ouvrir le droit aux aides concernant le logement. Une majorit\u00e9 des logements HLM sont conventionn\u00e9s.<\/span><span class=\"amp-wp-fe3f5cc\" data-amp-original-style=\"font-weight: 400;\">\u00a0<\/span><\/p>\n<p class=\"amp-wp-7d27179\" style=\"text-align: justify;\" data-amp-original-style=\"text-align: justify;\"><span class=\"amp-wp-fe3f5cc\" data-amp-original-style=\"font-weight: 400;\">Si vous r\u00e9sidez en foyer d\u2019h\u00e9bergement, tels que les \u00c9tablissements d\u2019H\u00e9bergement pour Personnes \u00c2g\u00e9es (EHPAD), les r\u00e9sidences autonomie ou encore les r\u00e9sidences \u00e9tudiantes, vous pouvez percevoir l\u2019Allocation Personnalis\u00e9e au Logement.<\/span><\/p>\n<h1><span id=\"Comment_est_calcule_lAPL_en_2021\">Comment est calcul\u00e9 l\u2019APL en 2026 ?<\/span><\/h1>\n<p>Le 1er janvier 2021 est entr\u00e9e en vigueur la r\u00e9forme des APL qui change consid\u00e9rablement le mode de calcul des APL. Avant cette date, vos revenus ann\u00e9e N-2 \u00e9taient pris en compte, depuis le 1er janvier, l\u2019APL est calcul\u00e9e sur les revenus des 12 derniers mois. Ce nouveau mode de calcul mis en place de l\u2019aide personnalis\u00e9e au logement APL a \u00e9t\u00e9 rendu possible gr\u00e2ce au pr\u00e9l\u00e8vement \u00e0 la source.<\/p>\n<p>Pour estimer le montant qui peut vous \u00eatre attribu\u00e9, r\u00e9alisez une <a href=\"https:\/\/www.mes-allocs.fr\/guides\/aide-logement\/apl\/simulation-apl\/\">simulation APL<\/a> en ligne en 2 minutes !<\/p>\n<div class='cta-block'><div class='text'>Simulez toutes vos Aides en 2 min.<\/div><a href='https:\/\/www.mes-allocs.fr\/ab-app?origin=guides\/wp-json\/wp\/v2\/posts\/24953' class='app-button fit'>Simulation gratuite<\/a><\/div>\n<h2><span id=\"Ressources_prises_en_compte_dans_le_calcul_APL\">Ressources prises en compte dans le calcul APL<\/span><\/h2>\n<p>Certains revenus per\u00e7us sont pris en compte dans le calcul de l\u2019APL :<\/p>\n<ul class=\"list-9\">\n<li>La composition du foyer<\/li>\n<li>Les ressources de l\u2019ensemble du foyer<\/li>\n<li>Le patrimoine immobilier<\/li>\n<li>Les capitaux<\/li>\n<li>La situation professionnelle de l\u2019ensemble des personnes du foyer (salari\u00e9, demandeur d\u2019emploi indemnis\u00e9 ou non \u2026)<\/li>\n<li>La zone g\u00e9ographique du logement<\/li>\n<li>Les pensions alimentaires per\u00e7ues<\/li>\n<li>Le montant du loyer hors charges<\/li>\n<li>Le type de location (meubl\u00e9e, non meubl\u00e9e\u2026)<\/li>\n<\/ul>\n<h2>Bar\u00e8me \u00e0 respecter pour percevoir le montant maximum d&rsquo;APL<\/h2>\n\n<div class=\"wpdt-c row wpDataTableContainerSimpleTable wpDataTables wpDataTablesWrapper\n\"\n    >\n    <table id=\"wpdtSimpleTable-145\"\n           class=\"wpdtSimpleTable wpDataTable\"\n           data-column=\"2\"\n           data-rows=\"10\"\n           data-wpID=\"145\"\n           data-responsive=\"0\"\n           data-has-header=\"1\">\n\n                    <thead>        <tr class=\"wpdt-cell-row \" >\n                            <th class=\"wpdt-cell wpdt-bold wpdt-bc-F3F9FE\"\n                                    data-cell-id=\"A1\"\n                data-col-index=\"0\"\n                data-row-index=\"0\"\n                style=\" width:26.151930261519%;                padding:10px;\"\n                >\n                                Composition du foyer                <\/th>\n                                            <th class=\"wpdt-cell wpdt-bold wpdt-bc-F3F9FE\"\n                                    data-cell-id=\"B1\"\n                data-col-index=\"1\"\n                data-row-index=\"0\"\n                style=\" width:73.848069738481%;                padding:10px;\"\n                >\n                                Plafonds de ressources (en \u20ac) \u00e0 ne pas d\u00e9passer pour toucher le montant maximal d'APL en 2026                <\/th>\n                                        <\/tr>\n                    <tbody>        <tr class=\"wpdt-cell-row \" >\n                            <td class=\"wpdt-cell wpdt-bold wpdt-bc-F3F9FE\"\n                                    data-cell-id=\"A2\"\n                data-col-index=\"0\"\n                data-row-index=\"1\"\n                style=\"                padding:10px;\"\n                >\n                                Personne seule                <\/td>\n                                            <td class=\"wpdt-cell wpdt-bc-FFFFFF\"\n                                    data-cell-id=\"B2\"\n                data-col-index=\"1\"\n                data-row-index=\"1\"\n                style=\"                padding:10px;\"\n                >\n                                5 235                <\/td>\n                                        <\/tr>\n                            <tr class=\"wpdt-cell-row \" >\n                            <td class=\"wpdt-cell wpdt-bold wpdt-bc-F3F9FE\"\n                                    data-cell-id=\"A3\"\n                data-col-index=\"0\"\n                data-row-index=\"2\"\n                style=\"                padding:10px;\"\n                >\n                                Couple sans personne \u00e0 charge                <\/td>\n                                            <td class=\"wpdt-cell wpdt-bc-FFFFFF\"\n                                    data-cell-id=\"B3\"\n                data-col-index=\"1\"\n                data-row-index=\"2\"\n                style=\"                padding:10px;\"\n                >\n                                7 501                <\/td>\n                                        <\/tr>\n                            <tr class=\"wpdt-cell-row \" >\n                            <td class=\"wpdt-cell wpdt-bold wpdt-bc-F3F9FE\"\n                                    data-cell-id=\"A4\"\n                data-col-index=\"0\"\n                data-row-index=\"3\"\n                style=\"                padding:10px;\"\n                >\n                                Personne seule ou couple avec une personne \u00e0 charge                <\/td>\n                                            <td class=\"wpdt-cell wpdt-bc-FFFFFF\"\n                                    data-cell-id=\"B4\"\n                data-col-index=\"1\"\n                data-row-index=\"3\"\n                style=\"                padding:10px;\"\n                >\n                                8 947                <\/td>\n                                        <\/tr>\n                            <tr class=\"wpdt-cell-row \" >\n                            <td class=\"wpdt-cell wpdt-bold wpdt-bc-F3F9FE\"\n                                    data-cell-id=\"A5\"\n                data-col-index=\"0\"\n                data-row-index=\"4\"\n                style=\"                padding:10px;\"\n                >\n                                Personne seule ou couple ayant 2 personnes \u00e0 charge                <\/td>\n                                            <td class=\"wpdt-cell wpdt-bc-FFFFFF\"\n                                    data-cell-id=\"B5\"\n                data-col-index=\"1\"\n                data-row-index=\"4\"\n                style=\"                padding:10px;\"\n                >\n                                9 148                <\/td>\n                                        <\/tr>\n                            <tr class=\"wpdt-cell-row \" >\n                            <td class=\"wpdt-cell wpdt-bold wpdt-bc-F3F9FE\"\n                                    data-cell-id=\"A6\"\n                data-col-index=\"0\"\n                data-row-index=\"5\"\n                style=\"                padding:10px;\"\n                >\n                                Personne seule ou couple ayant 3 personnes \u00e0 charge                <\/td>\n                                            <td class=\"wpdt-cell wpdt-bc-FFFFFF\"\n                                    data-cell-id=\"B6\"\n                data-col-index=\"1\"\n                data-row-index=\"5\"\n                style=\"                padding:10px;\"\n                >\n                                9 498                <\/td>\n                                        <\/tr>\n                            <tr class=\"wpdt-cell-row \" >\n                            <td class=\"wpdt-cell wpdt-bold wpdt-bc-F3F9FE\"\n                                    data-cell-id=\"A7\"\n                data-col-index=\"0\"\n                data-row-index=\"6\"\n                style=\"                padding:10px;\"\n                >\n                                Personne seule ou couple ayant 4 personnes \u00e0 charge                <\/td>\n                                            <td class=\"wpdt-cell wpdt-bc-FFFFFF\"\n                                    data-cell-id=\"B7\"\n                data-col-index=\"1\"\n                data-row-index=\"6\"\n                style=\"                padding:10px;\"\n                >\n                                9 851                <\/td>\n                                        <\/tr>\n                            <tr class=\"wpdt-cell-row \" >\n                            <td class=\"wpdt-cell wpdt-bold wpdt-bc-F3F9FE\"\n                                    data-cell-id=\"A8\"\n                data-col-index=\"0\"\n                data-row-index=\"7\"\n                style=\"                padding:10px;\"\n                >\n                                Personne seule ou couple ayant 5 personnes \u00e0 charge                <\/td>\n                                            <td class=\"wpdt-cell wpdt-bc-FFFFFF\"\n                                    data-cell-id=\"B8\"\n                data-col-index=\"1\"\n                data-row-index=\"7\"\n                style=\"                padding:10px;\"\n                >\n                                10 202                <\/td>\n                                        <\/tr>\n                            <tr class=\"wpdt-cell-row \" >\n                            <td class=\"wpdt-cell wpdt-bold wpdt-bc-F3F9FE\"\n                                    data-cell-id=\"A9\"\n                data-col-index=\"0\"\n                data-row-index=\"8\"\n                style=\"                padding:10px;\"\n                >\n                                Personne seule ou couple ayant 6 personnes \u00e0 charge                <\/td>\n                                            <td class=\"wpdt-cell wpdt-bc-FFFFFF\"\n                                    data-cell-id=\"B9\"\n                data-col-index=\"1\"\n                data-row-index=\"8\"\n                style=\"                padding:10px;\"\n                >\n                                10 554                <\/td>\n                                        <\/tr>\n                            <tr class=\"wpdt-cell-row \" >\n                            <td class=\"wpdt-cell wpdt-bold wpdt-bc-F3F9FE\"\n                                    data-cell-id=\"A10\"\n                data-col-index=\"0\"\n                data-row-index=\"9\"\n                style=\"                padding:10px;\"\n                >\n                                Par personne \u00e0 charge suppl\u00e9mentaire                <\/td>\n                                            <td class=\"wpdt-cell wpdt-bc-FFFFFF\"\n                                    data-cell-id=\"B10\"\n                data-col-index=\"1\"\n                data-row-index=\"9\"\n                style=\"                padding:10px;\"\n                >\n                                + 346                <\/td>\n                                        <\/tr>\n                    <\/table>\n<\/div><style id='wpdt-custom-style-145'>\ntable#wpdtSimpleTable-145{ table-layout: fixed !important; }\n.wpdt-bc-F3F9FE { background-color: #F3F9FE !important;}\n.wpdt-bc-FFFFFF { background-color: #FFFFFF !important;}\n<\/style>\n\n<h1><span id=\"A_qui_adresser_la_demande_dAPL_Comment_faire\"><strong>\u00c0 qui adresser la demande d\u2019APL ? Comment faire ?\u00a0<\/strong><\/span><\/h1>\n<p style=\"text-align: justify;\"><span class=\"amp-wp-fe3f5cc\" data-amp-original-style=\"font-weight: 400;\">Votre demande d\u2019aide au logement se fait aupr\u00e8s de la caisse d\u2019allocations familiales (CAF) ou de la mutualit\u00e9 sociale agricole (MSA). En fonction de l\u2019organisme dont vous d\u00e9pendez en termes de protection sociale. La demande d\u2019APL s\u2019effectue en ligne, en remplissant un formulaire et en pr\u00e9sentant certains justificatifs. <\/span><a href=\"https:\/\/www.mes-allocs.fr\/guides\/wp-content\/uploads\/2021\/04\/pexels-anete-lusina-4792288.jpg\"><img loading=\"lazy\" decoding=\"async\" class=\"alignright wp-image-24968 size-medium\" src=\"https:\/\/www.mes-allocs.fr\/guides\/wp-content\/uploads\/2021\/04\/pexels-anete-lusina-4792288-300x200.jpg\" alt=\"\u00e9ligibilit\u00e9 APL\" width=\"300\" height=\"200\" srcset=\"https:\/\/www.mes-allocs.fr\/guides\/wp-content\/uploads\/2021\/04\/pexels-anete-lusina-4792288-300x200.jpg 300w, https:\/\/www.mes-allocs.fr\/guides\/wp-content\/uploads\/2021\/04\/pexels-anete-lusina-4792288-1024x683.jpg 1024w, https:\/\/www.mes-allocs.fr\/guides\/wp-content\/uploads\/2021\/04\/pexels-anete-lusina-4792288-768x512.jpg 768w, https:\/\/www.mes-allocs.fr\/guides\/wp-content\/uploads\/2021\/04\/pexels-anete-lusina-4792288-600x400.jpg 600w, https:\/\/www.mes-allocs.fr\/guides\/wp-content\/uploads\/2021\/04\/pexels-anete-lusina-4792288.jpg 1280w\" sizes=\"auto, (max-width: 300px) 100vw, 300px\" \/><\/a><\/p>\n<p style=\"text-align: justify;\">La demande d\u2019APL s\u2019effectue directement en ligne sur le site de la CAF ou de la MSA, via un formulaire d\u00e9mat\u00e9rialis\u00e9.<\/p>\n<p style=\"text-align: justify;\"><span class=\"amp-wp-fe3f5cc\" data-amp-original-style=\"font-weight: 400;\">Le num\u00e9ro d\u2019allocataire est attribu\u00e9 lors de la premi\u00e8re demande d\u2019APL si vous n\u2019\u00eates pas d\u00e9j\u00e0 allocataire.\u00a0Si vous \u00eates allocataire, v\u00e9rifiez que les \u00e9l\u00e9ments contenus dans votre dossier ne n\u00e9cessitent pas de mise \u00e0 jour. Si vous n\u2019\u00eates pas allocataire, votre CAF vous demandera plus d\u2019informations car elle doit conna\u00eetre l\u2019ensemble de votre situation.<\/span><\/p>\n<p style=\"text-align: justify;\">\u00c0 noter : en cas de changement de situation vous devez en avertir l&rsquo;organisme dont vous d\u00e9pendez, CAF ou MSA.<\/p>\n<h2><span id=\"Documents_a_fournir\"><span class=\"amp-wp-fe3f5cc\" data-amp-original-style=\"font-weight: 400;\">Documents \u00e0 fournir<\/span><\/span><\/h2>\n<ul>\n<li class=\"amp-wp-fe3f5cc\" style=\"text-align: justify;\" data-amp-original-style=\"font-weight: 400;\"><span class=\"amp-wp-fe3f5cc\" data-amp-original-style=\"font-weight: 400;\">Votre contrat de location et le montant du loyer qui est inscrit sur ce dernier ;<\/span><\/li>\n<li class=\"amp-wp-fe3f5cc\" style=\"text-align: justify;\" data-amp-original-style=\"font-weight: 400;\"><span class=\"amp-wp-fe3f5cc\" data-amp-original-style=\"font-weight: 400;\">Les revenus per\u00e7us durant les 12 derniers mois ;<\/span><\/li>\n<li class=\"amp-wp-fe3f5cc\" style=\"text-align: justify;\" data-amp-original-style=\"font-weight: 400;\"><span class=\"amp-wp-fe3f5cc\" data-amp-original-style=\"font-weight: 400;\">Un Relev\u00e9 d\u2019Identit\u00e9 Bancaire ;<\/span><\/li>\n<li class=\"amp-wp-fe3f5cc\" style=\"text-align: justify;\" data-amp-original-style=\"font-weight: 400;\"><span class=\"amp-wp-fe3f5cc\" data-amp-original-style=\"font-weight: 400;\">Votre num\u00e9ro d\u2019allocataire ou celui de vos parents si une CAF vous versait pr\u00e9c\u00e9demment des prestations familiales ;<\/span><\/li>\n<li class=\"amp-wp-fe3f5cc\" style=\"text-align: justify;\" data-amp-original-style=\"font-weight: 400;\"><span class=\"amp-wp-fe3f5cc\" data-amp-original-style=\"font-weight: 400;\">Les coordonn\u00e9es du bailleur, avec le num\u00e9ro SIRET dans le cas d\u2019une soci\u00e9t\u00e9.<\/span><\/li>\n<\/ul>\n<p style=\"text-align: justify;\"><span class=\"amp-wp-fe3f5cc\" data-amp-original-style=\"font-weight: 400;\">Lors de votre demande, vous devrez apporter un certain nombre d\u2019informations.<\/span><\/p>\n<div class='cta-block'><div class='text'>Simulez toutes vos Aides en 2 min.<\/div><a href='https:\/\/www.mes-allocs.fr\/ab-app?origin=guides\/wp-json\/wp\/v2\/posts\/24953' class='app-button fit'>Simulation gratuite<\/a><\/div>\n","protected":false},"excerpt":{"rendered":"<p>[Mis \u00e0 jour le 07\/01\/2026] L&rsquo;APL ou aide personnalis\u00e9e au logement est l&rsquo;une des 3 aides au logement vers\u00e9es par la CAF et la MSA. Pour en b\u00e9n\u00e9ficier vous devez respecter un certain nombre de conditions, concernant \u00e0 la fois vos revenus que la composition de votre foyer. Mes Allocs vous explique comment estimer vos [&hellip;]<\/p>\n","protected":false},"author":10,"featured_media":24965,"comment_status":"open","ping_status":"open","sticky":false,"template":"","format":"standard","meta":{"amp_status":"","footnotes":""},"categories":[1,4],"tags":[],"class_list":["post-24953","post","type-post","status-publish","format-standard","has-post-thumbnail","hentry","category-aide-logement","category-apl"],"yoast_head":"<!-- This site is optimized with the Yoast SEO plugin v14.9 - https:\/\/yoast.com\/wordpress\/plugins\/seo\/ -->\n<title>APL : tout savoir sur votre \u00e9ligibilit\u00e9 en 2026 | Mes-Allocs.fr<\/title>\n<meta name=\"description\" content=\"L&#039;APL est une aide au logement soumise \u00e0 certaines conditions. Mes Allocs vous explique en d\u00e9tail comment estimer votre \u00e9ligibit\u00e9 !\" \/>\n<meta name=\"robots\" content=\"index, follow, max-snippet:-1, max-image-preview:large, max-video-preview:-1\" \/>\n<link rel=\"canonical\" href=\"https:\/\/www.mes-allocs.fr\/guides\/aide-logement\/apl\/eligibilite-apl\/\" \/>\n<meta property=\"og:locale\" content=\"fr_FR\" \/>\n<meta property=\"og:type\" content=\"article\" \/>\n<meta property=\"og:title\" content=\"APL : tout savoir sur votre \u00e9ligibilit\u00e9 en 2026 | Mes-Allocs.fr\" \/>\n<meta property=\"og:description\" content=\"L&#039;APL est une aide au logement soumise \u00e0 certaines conditions. Mes Allocs vous explique en d\u00e9tail comment estimer votre \u00e9ligibit\u00e9 !\" \/>\n<meta property=\"og:url\" content=\"https:\/\/www.mes-allocs.fr\/guides\/aide-logement\/apl\/eligibilite-apl\/\" \/>\n<meta property=\"og:site_name\" content=\"Mes-Allocs.fr\" \/>\n<meta property=\"article:published_time\" content=\"2021-04-15T08:30:55+00:00\" \/>\n<meta property=\"article:modified_time\" content=\"2026-01-09T09:23:21+00:00\" \/>\n<meta property=\"og:image\" content=\"https:\/\/www.mes-allocs.fr\/guides\/wp-content\/uploads\/2021\/04\/pexels-artem-podrez-4492129-e1685959587554.jpg?wsr\" \/>\n\t<meta property=\"og:image:width\" content=\"1280\" \/>\n\t<meta property=\"og:image:height\" content=\"268\" \/>\n<meta name=\"twitter:card\" content=\"summary_large_image\" \/>\n<script type=\"application\/ld+json\" class=\"yoast-schema-graph\">{\"@context\":\"https:\/\/schema.org\",\"@graph\":[{\"@type\":\"WebSite\",\"@id\":\"https:\/\/www.mes-allocs.fr\/guides\/#website\",\"url\":\"https:\/\/www.mes-allocs.fr\/guides\/\",\"name\":\"Mes-Allocs.fr\",\"description\":\"\",\"potentialAction\":[{\"@type\":\"SearchAction\",\"target\":\"https:\/\/www.mes-allocs.fr\/guides\/?s={search_term_string}\",\"query-input\":\"required name=search_term_string\"}],\"inLanguage\":\"fr-FR\"},{\"@type\":\"ImageObject\",\"@id\":\"https:\/\/www.mes-allocs.fr\/guides\/aide-logement\/apl\/eligibilite-apl\/#primaryimage\",\"inLanguage\":\"fr-FR\",\"url\":\"https:\/\/www.mes-allocs.fr\/guides\/wp-content\/uploads\/2021\/04\/pexels-artem-podrez-4492129-e1685959587554.jpg?wsr\",\"width\":1280,\"height\":268,\"caption\":\"Tout savoir sur \\u00e9ligibilit\\u00e9 APL\"},{\"@type\":\"WebPage\",\"@id\":\"https:\/\/www.mes-allocs.fr\/guides\/aide-logement\/apl\/eligibilite-apl\/#webpage\",\"url\":\"https:\/\/www.mes-allocs.fr\/guides\/aide-logement\/apl\/eligibilite-apl\/\",\"name\":\"APL : tout savoir sur votre \\u00e9ligibilit\\u00e9 en 2026 | Mes-Allocs.fr\",\"isPartOf\":{\"@id\":\"https:\/\/www.mes-allocs.fr\/guides\/#website\"},\"primaryImageOfPage\":{\"@id\":\"https:\/\/www.mes-allocs.fr\/guides\/aide-logement\/apl\/eligibilite-apl\/#primaryimage\"},\"datePublished\":\"2021-04-15T08:30:55+00:00\",\"dateModified\":\"2026-01-09T09:23:21+00:00\",\"author\":{\"@id\":\"https:\/\/www.mes-allocs.fr\/guides\/#\/schema\/person\/8d47b912c0ad15f379df96b4e4e33f58\"},\"description\":\"L'APL est une aide au logement soumise \\u00e0 certaines conditions. Mes Allocs vous explique en d\\u00e9tail comment estimer votre \\u00e9ligibit\\u00e9 !\",\"inLanguage\":\"fr-FR\"},{\"@type\":\"Person\",\"@id\":\"https:\/\/www.mes-allocs.fr\/guides\/#\/schema\/person\/8d47b912c0ad15f379df96b4e4e33f58\",\"name\":\"Constance de Cagny\",\"image\":{\"@type\":\"ImageObject\",\"@id\":\"https:\/\/www.mes-allocs.fr\/guides\/#personlogo\",\"inLanguage\":\"fr-FR\",\"url\":\"https:\/\/www.mes-allocs.fr\/guides\/wp-content\/uploads\/2021\/06\/Constance.2e8ee0b.png\",\"caption\":\"Constance de Cagny\"},\"description\":\"Constance est r\\u00e9dactrice au sein de l'\\u00e9quipe Mes Allocs. Elle a l'habitude d'\\u00e9crire sur les sujets conso, bons plans et \\u00e9conomies. Dipl\\u00f4m\\u00e9e de l'ENACO, elle rejoint Mes Allocs apr\\u00e8s une premi\\u00e8re exp\\u00e9rience en cabinet notarial.\",\"sameAs\":[\"https:\/\/www.linkedin.com\/in\/constance-de-cagny-mayeur-bbb414135\"]}]}<\/script>\n<!-- \/ Yoast SEO plugin. -->","amp_validity":null,"acf":{"faq":{"1":{"question":"\ud83e\udd14  Qui est \u00e9ligible aux APL ?","answer":"Le logement doit faire plus de 9m2 pour une personne seule et \u00eatre qualifi\u00e9 de logement d\u00e9cent. Vous ne serez pas \u00e9ligible si le propri\u00e9taire-bailleur est de votre famille."},"2":{"question":"\ud83e\udd37\u200d\u2640\ufe0f Est-ce que les propri\u00e9taires ont droit \u00e0 l'APL ?","answer":"Les conditions li\u00e9es aux APL pour propri\u00e9taires peuvent varier en fonction de vos ressources et de votre logement."},"3":{"question":"\ud83e\udd1d Quand est vers\u00e9e l'APL ?","answer":"Si vous \u00eates \u00e9ligible, l'APL vous sera vers\u00e9e le 5 de chaque mois. Pour une demande avant la fin de ce mois-ci, le premier versement interviendra le 5 du mois suivant."},"4":{"question":"\ud83e\udd14  Quel d\u00e9lai pour toucher les APL ?","answer":"Une fois votre demande confirm\u00e9e, l'aide au logement n'est enregistr\u00e9e qu'un mois apr\u00e8s la date de votre entr\u00e9e dans le logement et vers\u00e9e le mois suivant. Comptez donc r\u00e9ellement 2 Mois pour percevoir l'aide."},"5":{"question":"\ud83e\udd37\u200d\u2640\ufe0fComment faire une simulation APL ?","answer":"Le plus simple pour savoir si vous \u00eates \u00e9ligible \u00e0 une allocation logement comme l'APL en fonction de vos revenus et de votre logement, est de faire la simulation gratuite d'APL directement sur le site de Mes Allocs."},"6":{"question":"\ud83e\udd1d Quel est le montant de l'APL pour les \u00e9tudiants ?","answer":"Le montant moyen de l'APL \u00c9tudiant est de l'ordre de 100 \u00e0 150 euros et varie principalement selon si l'\u00e9tudiant est boursier ou non et habite seul ou en colocation. Pour connaitre votre \u00e9ligibilit\u00e9 vous pouvez faire une simulation avec Mes Allocs !"},"7":{"question":"","answer":""},"8":{"question":"","answer":""},"9":{"question":"","answer":""},"10":{"question":"","answer":""},"11":{"question":"","answer":""},"12":{"question":"","answer":""},"13":{"question":"","answer":""},"14":{"question":"","answer":""},"15":{"question":"","answer":""},"16":{"question":"","answer":""}}},"_links":{"self":[{"href":"https:\/\/www.mes-allocs.fr\/guides\/wp-json\/wp\/v2\/posts\/24953","targetHints":{"allow":["GET"]}}],"collection":[{"href":"https:\/\/www.mes-allocs.fr\/guides\/wp-json\/wp\/v2\/posts"}],"about":[{"href":"https:\/\/www.mes-allocs.fr\/guides\/wp-json\/wp\/v2\/types\/post"}],"author":[{"embeddable":true,"href":"https:\/\/www.mes-allocs.fr\/guides\/wp-json\/wp\/v2\/users\/10"}],"replies":[{"embeddable":true,"href":"https:\/\/www.mes-allocs.fr\/guides\/wp-json\/wp\/v2\/comments?post=24953"}],"version-history":[{"count":28,"href":"https:\/\/www.mes-allocs.fr\/guides\/wp-json\/wp\/v2\/posts\/24953\/revisions"}],"predecessor-version":[{"id":107253,"href":"https:\/\/www.mes-allocs.fr\/guides\/wp-json\/wp\/v2\/posts\/24953\/revisions\/107253"}],"wp:featuredmedia":[{"embeddable":true,"href":"https:\/\/www.mes-allocs.fr\/guides\/wp-json\/wp\/v2\/media\/24965"}],"wp:attachment":[{"href":"https:\/\/www.mes-allocs.fr\/guides\/wp-json\/wp\/v2\/media?parent=24953"}],"wp:term":[{"taxonomy":"category","embeddable":true,"href":"https:\/\/www.mes-allocs.fr\/guides\/wp-json\/wp\/v2\/categories?post=24953"},{"taxonomy":"post_tag","embeddable":true,"href":"https:\/\/www.mes-allocs.fr\/guides\/wp-json\/wp\/v2\/tags?post=24953"}],"curies":[{"name":"wp","href":"https:\/\/api.w.org\/{rel}","templated":true}]}}