{"id":24936,"date":"2021-04-15T08:25:20","date_gmt":"2021-04-15T08:25:20","guid":{"rendered":"https:\/\/www.mes-allocs.fr\/guides\/?p=24936"},"modified":"2025-07-18T16:06:25","modified_gmt":"2025-07-18T14:06:25","slug":"bilan-de-competences-clermont-ferrand","status":"publish","type":"post","link":"https:\/\/www.mes-allocs.fr\/guides\/reconversion-professionnelle\/bilan-de-competences\/ou-faire-un-bilan-de-competences\/bilan-de-competences-clermont-ferrand\/","title":{"rendered":"Comment faire un bilan de comp\u00e9tences \u00e0 Clermont Ferrand ?"},"content":{"rendered":"<p><a href=\"https:\/\/www.mes-allocs.fr\/guides\/wp-content\/uploads\/2021\/04\/clermont-ferrand-2786748_1280.jpg\"><img loading=\"lazy\" decoding=\"async\" class=\"aligncenter wp-image-24940 size-full\" title=\"bilan de comp\u00e9tences clermont ferrand\" src=\"https:\/\/www.mes-allocs.fr\/guides\/wp-content\/uploads\/2021\/04\/clermont-ferrand-2786748_1280-e1618387366202.jpg\" alt=\"bilan de comp\u00e9tences clermont ferrand\" width=\"1280\" height=\"464\" srcset=\"https:\/\/www.mes-allocs.fr\/guides\/wp-content\/uploads\/2021\/04\/clermont-ferrand-2786748_1280-e1618387366202.jpg 1280w, https:\/\/www.mes-allocs.fr\/guides\/wp-content\/uploads\/2021\/04\/clermont-ferrand-2786748_1280-e1618387366202-300x109.jpg 300w, https:\/\/www.mes-allocs.fr\/guides\/wp-content\/uploads\/2021\/04\/clermont-ferrand-2786748_1280-e1618387366202-1024x371.jpg 1024w, https:\/\/www.mes-allocs.fr\/guides\/wp-content\/uploads\/2021\/04\/clermont-ferrand-2786748_1280-e1618387366202-768x278.jpg 768w, https:\/\/www.mes-allocs.fr\/guides\/wp-content\/uploads\/2021\/04\/clermont-ferrand-2786748_1280-e1618387366202-600x218.jpg 600w\" sizes=\"auto, (max-width: 1280px) 100vw, 1280px\" \/><\/a><\/p>\n<p style=\"text-align: justify;\"><strong>Le bilan de comp\u00e9tences permet de d\u00e9terminer vos points forts et vos faiblesses, vos comp\u00e9tences, aptitudes et motivations. Vous pouvez le r\u00e9aliser \u00e0 n&rsquo;importe quel moment de votre vie, soit dans le cadre d&rsquo;une \u00e9volution professionnelle ou d&rsquo;une <a href=\"https:\/\/www.mes-allocs.fr\/guides\/reconversion-professionnelle\/\">reconversion professionnelle<\/a>. Mes Allocs vous explique comment faire un bilan de comp\u00e9tences \u00e0 Clermont Ferrand !<\/strong><\/p>\n<div class='cta-block'><div class='text'>Bilan de comp\u00e9tences pay\u00e9 par vos aides.<\/div><a href='https:\/\/www.formademia.fr\/formulaire\/coaching' class='app-button fit'>V\u00e9rifier votre \u00e9ligibilit\u00e9<\/a><\/div>\n<h1>Qu&rsquo;est-ce que le bilan de comp\u00e9tences ?<\/h1>\n<p style=\"text-align: justify;\">Un <a href=\"https:\/\/www.mes-allocs.fr\/guides\/reconversion-professionnelle\/bilan-de-competences\/\">bilan de comp\u00e9tences<\/a> est un dispositif qui vous permet de faire un point sur votre vie professionnelle et personnelle. Mais \u00e9galement sur vos comp\u00e9tences et motivations. Souvent r\u00e9alis\u00e9 dans le cadre d\u2019une reconversion professionnelle, il est \u00e0 r\u00e9aliser dans un <a href=\"https:\/\/www.mes-allocs.fr\/guides\/reconversion-professionnelle\/bilan-de-competences\/ou-faire-un-bilan-de-competences\/\">centre de bilan comp\u00e9tences<\/a>. Que ce soit \u00e0 la demande du salari\u00e9 ou du demandeur d\u2019emploi tout est mis en \u0153uvre pour vous orienter dans votre projet.<\/p>\n<p><iframe loading=\"lazy\" title=\"La reconversion professionnelle\" width=\"500\" height=\"281\" src=\"https:\/\/www.youtube.com\/embed\/EiVUthswxl0?feature=oembed\" frameborder=\"0\" allow=\"accelerometer; autoplay; clipboard-write; encrypted-media; gyroscope; picture-in-picture; web-share\" referrerpolicy=\"strict-origin-when-cross-origin\" allowfullscreen><\/iframe><\/p>\n<h1><span id=\"Un_bilan_de_competences_est_divise_en_3_grandes_etapes\">Un bilan de comp\u00e9tences est divis\u00e9 en 3 grandes \u00e9tapes\u00a0<\/span><\/h1>\n<p><strong>Phase pr\u00e9liminaire, elle a pour objet de<\/strong>\u00a0:<\/p>\n<ul class=\"spip\">\n<li>d\u2019analyser votre demande, mais \u00e9galement vos besoins<\/li>\n<li>de d\u00e9terminer la forme la plus adapt\u00e9e \u00e0 votre situation avant une prise en charge<\/li>\n<li>de faire le point et de d\u00e9terminer le plan d\u2019 action du bilan<\/li>\n<\/ul>\n<p><strong>Phase d\u2019investigation, elle permet au b\u00e9n\u00e9ficiaire<\/strong>\u00a0:<\/p>\n<ul class=\"spip\">\n<li>soit d\u00e9finir un projet professionnel et d\u2019en v\u00e9rifier la pertinence,<\/li>\n<li>soit d\u2019\u00e9laborer une ou plusieurs alternatives \u00e0 votre reconversion professionnelle<\/li>\n<\/ul>\n<p><strong>Phase de conclusion, permet au b\u00e9n\u00e9ficiaire de<\/strong>\u00a0:<\/p>\n<ul class=\"spip\">\n<li>s\u2019approprier les r\u00e9sultats d\u00e9taill\u00e9s de la phase d\u2019investigation,<\/li>\n<li>recenser les conditions et moyens favorisant la r\u00e9alisation votre d\u00e9sir de changer de m\u00e9tier<\/li>\n<li>pr\u00e9voir les principales modalit\u00e9s et \u00e9tapes de votre projet professionnel<\/li>\n<\/ul>\n<p>\u00c0 la fin, le consultant du centre de bilan qui vous a suivi vous remettra un document synth\u00e8se.<\/p>\n<h1><span id=\"Comment_financer_son_bilan_de_competences\">Comment financer votre bilan de comp\u00e9tences \u00e0 Clermont Ferrand ?<\/span><\/h1>\n<ul>\n<li><strong>Les salari\u00e9s peuvent financer leur bilan de comp\u00e9tences<\/strong><br \/>\n\u2013 dans le cadre du\u00a0plan de formation\u00a0de votre entreprise (\u00e0 l\u2019initiative de l\u2019employeur qui fiance le bilan de comp\u00e9tences, et avec l\u2019accord du salari\u00e9),<\/li>\n<li>\u2013 en prenant un\u00a0cong\u00e9 de bilan de comp\u00e9tences (\u00e0 l\u2019initiative du salari\u00e9 : la r\u00e9mun\u00e9ration est maintenue si le bilan de comp\u00e9tences est effectu\u00e9 pendant votre temps de travail).<br \/>\n\u2013\u00a0depuis le 1<sup>er<\/sup> janvier 2017, vous pouvez financer votre bilan de comp\u00e9tences en activant votre Compte personnel de Formation (CPF).<\/li>\n<li><strong>Les demandeurs d\u2019emploi peuvent financer leur bilan de comp\u00e9tences<\/strong><br \/>\n\u2013 gr\u00e2ce \u00e0\u00a0P\u00f4le Emploi\u00a0qui propose et g\u00e8re des\u00a0Bilans de Comp\u00e9tences approfondis (BCA).\u00a0Sur prescription de votre conseiller P\u00f4le Emploi, vous pouvez b\u00e9n\u00e9ficier de cette prestation, en partenariat avec des organismes de formation et des cabinets de bilan de comp\u00e9tences, afin de construire, r\u00e9orienter ou confirmer votre projet de retour \u00e0 l\u2019emploi.<\/li>\n<\/ul>\n<div class='cta-block'><div class='text'>Bilan de comp\u00e9tences pay\u00e9 par vos aides.<\/div><a href='https:\/\/www.formademia.fr\/formulaire\/coaching' class='app-button fit'>V\u00e9rifier votre \u00e9ligibilit\u00e9<\/a><\/div>\n","protected":false},"excerpt":{"rendered":"<p>Le bilan de comp\u00e9tences permet de d\u00e9terminer vos points forts et vos faiblesses, vos comp\u00e9tences, aptitudes et motivations. Vous pouvez le r\u00e9aliser \u00e0 n&rsquo;importe quel moment de votre vie, soit dans le cadre d&rsquo;une \u00e9volution professionnelle ou d&rsquo;une reconversion professionnelle. Mes Allocs vous explique comment faire un bilan de comp\u00e9tences \u00e0 Clermont Ferrand ! Qu&rsquo;est-ce [&hellip;]<\/p>\n","protected":false},"author":7,"featured_media":24940,"comment_status":"open","ping_status":"open","sticky":false,"template":"","format":"standard","meta":{"amp_status":"","footnotes":""},"categories":[5093,5245,5081],"tags":[],"class_list":["post-24936","post","type-post","status-publish","format-standard","has-post-thumbnail","hentry","category-bilan-de-competences","category-ou-faire-un-bilan-de-competences","category-reconversion-professionnelle"],"yoast_head":"<!-- This site is optimized with the Yoast SEO plugin v14.9 - https:\/\/yoast.com\/wordpress\/plugins\/seo\/ -->\n<title>Comment faire un bilan de comp\u00e9tences \u00e0 Clermont Ferrand ? | Mes-Allocs.fr<\/title>\n<meta name=\"description\" content=\"Le bilan de comp\u00e9tences vous permet de faire un point sur votre carri\u00e8re. Mes Allocs vous explique comment en faire un \u00e0 Clermont Ferrand !\" \/>\n<meta name=\"robots\" content=\"index, follow, max-snippet:-1, max-image-preview:large, max-video-preview:-1\" \/>\n<link rel=\"canonical\" href=\"https:\/\/www.mes-allocs.fr\/guides\/reconversion-professionnelle\/bilan-de-competences\/ou-faire-un-bilan-de-competences\/bilan-de-competences-clermont-ferrand\/\" \/>\n<meta property=\"og:locale\" content=\"fr_FR\" \/>\n<meta property=\"og:type\" content=\"article\" \/>\n<meta property=\"og:title\" content=\"Comment faire un bilan de comp\u00e9tences \u00e0 Clermont Ferrand ? | Mes-Allocs.fr\" \/>\n<meta property=\"og:description\" content=\"Le bilan de comp\u00e9tences vous permet de faire un point sur votre carri\u00e8re. Mes Allocs vous explique comment en faire un \u00e0 Clermont Ferrand !\" \/>\n<meta property=\"og:url\" content=\"https:\/\/www.mes-allocs.fr\/guides\/reconversion-professionnelle\/bilan-de-competences\/ou-faire-un-bilan-de-competences\/bilan-de-competences-clermont-ferrand\/\" \/>\n<meta property=\"og:site_name\" content=\"Mes-Allocs.fr\" \/>\n<meta property=\"article:published_time\" content=\"2021-04-15T08:25:20+00:00\" \/>\n<meta property=\"article:modified_time\" content=\"2025-07-18T14:06:25+00:00\" \/>\n<meta property=\"og:image\" content=\"https:\/\/www.mes-allocs.fr\/guides\/wp-content\/uploads\/2021\/04\/clermont-ferrand-2786748_1280-e1618387366202.jpg?wsr\" \/>\n\t<meta property=\"og:image:width\" content=\"1280\" \/>\n\t<meta property=\"og:image:height\" content=\"464\" \/>\n<meta name=\"twitter:card\" content=\"summary_large_image\" \/>\n<script type=\"application\/ld+json\" class=\"yoast-schema-graph\">{\"@context\":\"https:\/\/schema.org\",\"@graph\":[{\"@type\":\"WebSite\",\"@id\":\"https:\/\/www.mes-allocs.fr\/guides\/#website\",\"url\":\"https:\/\/www.mes-allocs.fr\/guides\/\",\"name\":\"Mes-Allocs.fr\",\"description\":\"\",\"potentialAction\":[{\"@type\":\"SearchAction\",\"target\":\"https:\/\/www.mes-allocs.fr\/guides\/?s={search_term_string}\",\"query-input\":\"required name=search_term_string\"}],\"inLanguage\":\"fr-FR\"},{\"@type\":\"ImageObject\",\"@id\":\"https:\/\/www.mes-allocs.fr\/guides\/reconversion-professionnelle\/bilan-de-competences\/ou-faire-un-bilan-de-competences\/bilan-de-competences-clermont-ferrand\/#primaryimage\",\"inLanguage\":\"fr-FR\",\"url\":\"https:\/\/www.mes-allocs.fr\/guides\/wp-content\/uploads\/2021\/04\/clermont-ferrand-2786748_1280-e1618387366202.jpg?wsr\",\"width\":1280,\"height\":464,\"caption\":\"bilan de comp\\u00e9tences clermont ferrand\"},{\"@type\":\"WebPage\",\"@id\":\"https:\/\/www.mes-allocs.fr\/guides\/reconversion-professionnelle\/bilan-de-competences\/ou-faire-un-bilan-de-competences\/bilan-de-competences-clermont-ferrand\/#webpage\",\"url\":\"https:\/\/www.mes-allocs.fr\/guides\/reconversion-professionnelle\/bilan-de-competences\/ou-faire-un-bilan-de-competences\/bilan-de-competences-clermont-ferrand\/\",\"name\":\"Comment faire un bilan de comp\\u00e9tences \\u00e0 Clermont Ferrand ? | Mes-Allocs.fr\",\"isPartOf\":{\"@id\":\"https:\/\/www.mes-allocs.fr\/guides\/#website\"},\"primaryImageOfPage\":{\"@id\":\"https:\/\/www.mes-allocs.fr\/guides\/reconversion-professionnelle\/bilan-de-competences\/ou-faire-un-bilan-de-competences\/bilan-de-competences-clermont-ferrand\/#primaryimage\"},\"datePublished\":\"2021-04-15T08:25:20+00:00\",\"dateModified\":\"2025-07-18T14:06:25+00:00\",\"author\":{\"@id\":\"https:\/\/www.mes-allocs.fr\/guides\/#\/schema\/person\/1c4837d5703727cb02ce84583b5a44aa\"},\"description\":\"Le bilan de comp\\u00e9tences vous permet de faire un point sur votre carri\\u00e8re. Mes Allocs vous explique comment en faire un \\u00e0 Clermont Ferrand !\",\"inLanguage\":\"fr-FR\"},{\"@type\":\"Person\",\"@id\":\"https:\/\/www.mes-allocs.fr\/guides\/#\/schema\/person\/1c4837d5703727cb02ce84583b5a44aa\",\"name\":\"Fabiola\",\"image\":{\"@type\":\"ImageObject\",\"@id\":\"https:\/\/www.mes-allocs.fr\/guides\/#personlogo\",\"inLanguage\":\"fr-FR\",\"url\":\"https:\/\/www.mes-allocs.fr\/guides\/wp-content\/uploads\/2021\/06\/fabiola-150x150.png\",\"caption\":\"Fabiola\"},\"description\":\"Fabiola est r\\u00e9dactrice au sein de l'\\u00e9quipe Mes Allocs, sp\\u00e9cialis\\u00e9e en sciences politiques et affaires publiques. Dipl\\u00f4m\\u00e9e de l'HEIP, elle rejoint Mes Allocs apr\\u00e8s une premi\\u00e8re exp\\u00e9rience \\u00e0 l'Assembl\\u00e9e Nationale.\",\"sameAs\":[\"https:\/\/www.linkedin.com\/in\/cecilia-philippe-b-8a8085195\"]}]}<\/script>\n<!-- \/ Yoast SEO plugin. -->","amp_validity":null,"acf":{"faq":{"1":{"question":"Comment faire un bilan de ses comp\u00e9tences ?","answer":"Si vous \u00eates salari\u00e9 vous devez faire une demande de cong\u00e9 pour bilan de comp\u00e9tences si ce dernier est r\u00e9alis\u00e9 pendant votre temps de travail. S'il est r\u00e9alis\u00e9 en dehors de votre temps de travail vous n'\u00eates pas oblig\u00e9 d'en informer votre employeur."},"2":{"question":" Comment fonctionne le CPF ?","answer":"Que ce soit \u00e0 titre individuel ou avec l'accord de son employeur, un salari\u00e9 peut b\u00e9n\u00e9ficier de son compte de formation de fa\u00e7on autonome."},"3":{"question":"Quelles sont les \u00e9tapes d'un bilan de comp\u00e9tence ?","answer":"Conform\u00e9ment au Code du travail, le bilan de comp\u00e9tences comprend trois grandes \u00e9tapes : une phase pr\u00e9liminaire, une phase d'investigation et une phase de conclusion."},"4":{"question":" Qui peut faire un bilan de comp\u00e9tences ?","answer":"Le bilan de comp\u00e9tences ne peut \u00eatre r\u00e9alis\u00e9 qu'avec le consentement du salari\u00e9."},"5":{"question":" Quelle est la dur\u00e9e d'un bilan de comp\u00e9tences ?","answer":"La dur\u00e9e du bilan de comp\u00e9tences est de 24 heures maximum. Ces heures se r\u00e9partissent g\u00e9n\u00e9ralement sur plusieurs semaines."},"6":{"question":"Quand faire un bilan de comp\u00e9tences ?","answer":"Si vous \u00eates salari\u00e9 vous pouvez faire votre bilan de comp\u00e9tences pendant votre temps de travail sans perte de r\u00e9mun\u00e9ration. Mais vous devrez demand\u00e9 un cong\u00e9 sp\u00e9cifique. Si vous le r\u00e9alisez en dehors de votre temps de travail, vous n'avez pas l'obligation d'en informer votre employeur."},"7":{"question":"","answer":""},"8":{"question":"","answer":""},"9":{"question":"","answer":""},"10":{"question":"","answer":""},"11":{"question":"","answer":""},"12":{"question":"","answer":""},"13":{"question":"","answer":""},"14":{"question":"","answer":""},"15":{"question":"","answer":""},"16":{"question":"","answer":""}}},"_links":{"self":[{"href":"https:\/\/www.mes-allocs.fr\/guides\/wp-json\/wp\/v2\/posts\/24936","targetHints":{"allow":["GET"]}}],"collection":[{"href":"https:\/\/www.mes-allocs.fr\/guides\/wp-json\/wp\/v2\/posts"}],"about":[{"href":"https:\/\/www.mes-allocs.fr\/guides\/wp-json\/wp\/v2\/types\/post"}],"author":[{"embeddable":true,"href":"https:\/\/www.mes-allocs.fr\/guides\/wp-json\/wp\/v2\/users\/7"}],"replies":[{"embeddable":true,"href":"https:\/\/www.mes-allocs.fr\/guides\/wp-json\/wp\/v2\/comments?post=24936"}],"version-history":[{"count":10,"href":"https:\/\/www.mes-allocs.fr\/guides\/wp-json\/wp\/v2\/posts\/24936\/revisions"}],"predecessor-version":[{"id":102685,"href":"https:\/\/www.mes-allocs.fr\/guides\/wp-json\/wp\/v2\/posts\/24936\/revisions\/102685"}],"wp:featuredmedia":[{"embeddable":true,"href":"https:\/\/www.mes-allocs.fr\/guides\/wp-json\/wp\/v2\/media\/24940"}],"wp:attachment":[{"href":"https:\/\/www.mes-allocs.fr\/guides\/wp-json\/wp\/v2\/media?parent=24936"}],"wp:term":[{"taxonomy":"category","embeddable":true,"href":"https:\/\/www.mes-allocs.fr\/guides\/wp-json\/wp\/v2\/categories?post=24936"},{"taxonomy":"post_tag","embeddable":true,"href":"https:\/\/www.mes-allocs.fr\/guides\/wp-json\/wp\/v2\/tags?post=24936"}],"curies":[{"name":"wp","href":"https:\/\/api.w.org\/{rel}","templated":true}]}}