{"id":24883,"date":"2021-04-15T08:04:56","date_gmt":"2021-04-15T08:04:56","guid":{"rendered":"https:\/\/www.mes-allocs.fr\/guides\/?p=24883"},"modified":"2025-07-11T11:22:17","modified_gmt":"2025-07-11T09:22:17","slug":"prime-impatriation","status":"publish","type":"post","link":"https:\/\/www.mes-allocs.fr\/guides\/aide-expatriation\/prime-impatriation\/","title":{"rendered":"La prime d&rsquo;impatriation : conditions et exon\u00e9ration"},"content":{"rendered":"<p><a href=\"https:\/\/www.mes-allocs.fr\/guides\/wp-content\/uploads\/2021\/04\/paris-3568523_1280.jpg\"><img loading=\"lazy\" decoding=\"async\" class=\"aligncenter wp-image-25035 size-full\" src=\"https:\/\/www.mes-allocs.fr\/guides\/wp-content\/uploads\/2021\/04\/paris-3568523_1280-e1618411336332.jpg\" alt=\"Tout savoir sur la prime d' impatriation\" width=\"1280\" height=\"387\" srcset=\"https:\/\/www.mes-allocs.fr\/guides\/wp-content\/uploads\/2021\/04\/paris-3568523_1280-e1618411336332.jpg 1280w, https:\/\/www.mes-allocs.fr\/guides\/wp-content\/uploads\/2021\/04\/paris-3568523_1280-e1618411336332-300x91.jpg 300w, https:\/\/www.mes-allocs.fr\/guides\/wp-content\/uploads\/2021\/04\/paris-3568523_1280-e1618411336332-1024x310.jpg 1024w, https:\/\/www.mes-allocs.fr\/guides\/wp-content\/uploads\/2021\/04\/paris-3568523_1280-e1618411336332-768x232.jpg 768w, https:\/\/www.mes-allocs.fr\/guides\/wp-content\/uploads\/2021\/04\/paris-3568523_1280-e1618411336332-600x181.jpg 600w\" sizes=\"auto, (max-width: 1280px) 100vw, 1280px\" \/><\/a><\/p>\n<p><strong>Le salari\u00e9 impatri\u00e9 peut b\u00e9n\u00e9ficier d&rsquo;<a href=\"https:\/\/www.mes-allocs.fr\/guides\/aide-expatriation\/\">aides li\u00e9es \u00e0 son expatriation<\/a>, mais il peut aussi percevoir un compl\u00e9ment de r\u00e9mun\u00e9ration appel\u00e9 prime d&rsquo;impatriation. Sous condition, le montant per\u00e7u est exon\u00e9r\u00e9 d&rsquo;imp\u00f4t sur le revenu. Mes Allocs vous explique tout ce que vous devez savoir sur la prime d&rsquo;impatriation.<\/strong><\/p>\n<div class='cta-block'><div class='text'>Simulez toutes vos aides en 2 min.<\/div><a href='https:\/\/www.mes-allocs.fr\/ab-app?origin=guides\/wp-json\/wp\/v2\/posts\/24883' class='app-button fit'>Simulation gratuite<\/a><\/div>\n<h1>Qu&rsquo;est-ce que la prime d&rsquo;impatriation ?<\/h1>\n<h2>D\u00e9finition de la prime d&rsquo;impatriation<\/h2>\n<p class=\"article-intro\">Les salari\u00e9s et dirigeants impatri\u00e9s peuvent b\u00e9n\u00e9ficier d\u2019une prime d\u2019impatriation qu\u2019ils per\u00e7oivent en raison de leur exercice d\u2019une activit\u00e9 professionnelle en France et cela depuis juillet 2016.<\/p>\n<p>Ce r\u00e9gime concerne les Fran\u00e7ais vivant \u00e0 l&rsquo;\u00e9tranger depuis au moins 5 ans. Cela doit pr\u00e9c\u00e9der \u00a0la prise de fonction d\u2019un nouvel emploi dans une entreprise en France. Ce r\u00e9gime d&rsquo;impatriation peut s&rsquo;appliquer si :<\/p>\n<ul>\n<li class=\"text-align-justify\">Vous \u00eates appel\u00e9 par une entreprise ayant un lien avec l\u2019entreprise d\u2019origine \u00e9tablie \u00e0 l\u2019\u00e9tranger qui vous employait \u00e0 l\u2019\u00e9tranger<\/li>\n<li class=\"text-align-justify\">\u00a0Vous \u00eates directement appel\u00e9 de l\u2019\u00e9tranger pour venir travailler dans une entreprise en France.<\/li>\n<\/ul>\n<p>Le montant de la prime d&rsquo;impatriation est variable. Il s&rsquo;agit d&rsquo;un suppl\u00e9ment de r\u00e9mun\u00e9ration nette totale d\u00e9termin\u00e9 \u00e0 partir d&rsquo;un pourcentage. Mais attention, pensez bien \u00e0 la <a href=\"https:\/\/www.mes-allocs.fr\/guides\/aide-expatriation\/prime-impatriation\/comment-declarer-la-prime-d-impatriation\/\">d\u00e9clarer<\/a> !<\/p>\n<p><strong>\u00c0 noter : Le montant de la prime d&rsquo;impatriation est exon\u00e9r\u00e9 d&rsquo;imp\u00f4t sur le revenu en France contrairement \u00e0 la r\u00e9mun\u00e9ration imposable de base.\u00a0<\/strong><\/p>\n<div class='cta-block'><div class='text'>Simulez toutes vos aides en 2 min.<\/div><a href='https:\/\/www.mes-allocs.fr\/ab-app?origin=guides\/wp-json\/wp\/v2\/posts\/24883' class='app-button fit'>Simulation gratuite<\/a><\/div>\n<h2>Exon\u00e9ration de la prime d&rsquo;impatriation<\/h2>\n<p>Les <a href=\"https:\/\/www.mes-allocs.fr\/guides\/aide-expatriation\/prime-impatriation\/impatrie-impot\/\">r\u00e9gime d&rsquo;imposition des impatri\u00e9s<\/a> est bien sp\u00e9cifique. En effet, la prime d&rsquo;impatriation est exon\u00e9r\u00e9e d&rsquo; imp\u00f4t pour chaque ann\u00e9e au cours desquelles le salari\u00e9 ou le mandataire social impatri\u00e9 a son domicile fiscal en France jusqu\u2019au 31 d\u00e9cembre de la huiti\u00e8me ann\u00e9e qui suit la prise de fonction en France.<\/p>\n<p><strong>Conditions \u00e0 respecter pour b\u00e9n\u00e9ficier de l&rsquo;exon\u00e9ration :<\/strong><\/p>\n<ul>\n<li>L\u2019impatri\u00e9 doit rester impos\u00e9 en France sur un montant au moins \u00e9gal \u00e0 la r\u00e9mun\u00e9ration per\u00e7ue dans la m\u00eame entreprise par un salari\u00e9 non impatri\u00e9.<\/li>\n<li>Le montant de la prime d\u2019impatriation doit appara\u00eetre clairement dans le contrat de travail du salari\u00e9 ou dans le mandat social du mandataire social ou un avenant. Si l\u2019employeur ne peut pas fixer de mani\u00e8re pr\u00e9cise le montant de la prime d\u2019impatriation, l\u2019exon\u00e9ration ne peut s\u2019appliquer que si la prime est d\u00e9termin\u00e9e sur la base de crit\u00e8res objectifs et pr\u00e9cis mentionn\u00e9s dans le contrat de travail, le mandat social ou leur avenant.<\/li>\n<\/ul>\n<p><iframe loading=\"lazy\" title=\"Les aides \u00e0 l&#039;expatriation\" width=\"500\" height=\"281\" src=\"https:\/\/www.youtube.com\/embed\/rFUO4um_G0M?feature=oembed\" frameborder=\"0\" allow=\"accelerometer; autoplay; clipboard-write; encrypted-media; gyroscope; picture-in-picture; web-share\" referrerpolicy=\"strict-origin-when-cross-origin\" allowfullscreen><\/iframe><\/p>\n<h2 id=\"9drj8\">Plafonnement de l\u2019exon\u00e9ration<\/h2>\n<p>De nombreux <a href=\"https:\/\/www.mes-allocs.fr\/guides\/aide-expatriation\/prime-impatriation\/regime-des-impatries\/\">avantages fiscaux<\/a> sont accord\u00e9s aux impatri\u00e9s. Le b\u00e9n\u00e9fice cumul\u00e9 de l\u2019exon\u00e9ration de la prime d\u2019impatriation et de la r\u00e9mun\u00e9ration li\u00e9e \u00e0 une activit\u00e9 exerc\u00e9e \u00e0 l\u2019\u00e9tranger est notamment plafonn\u00e9. Le salari\u00e9 ou le mandataire social impatri\u00e9 a le choix entre deux plafonnements :<\/p>\n<ul>\n<li>Un plafonnement global\u00a0: l\u2019exon\u00e9ration de la prime d\u2019impatriation et celle de la r\u00e9mun\u00e9ration li\u00e9e \u00e0 l\u2019activit\u00e9 exerc\u00e9e \u00e0 l\u2019\u00e9tranger ne peuvent exc\u00e9der 50\u00a0% de la r\u00e9mun\u00e9ration totale du b\u00e9n\u00e9ficiaire.<\/li>\n<li>Un plafonnement de la r\u00e9mun\u00e9ration correspondant \u00e0 l\u2019activit\u00e9 exerc\u00e9e \u00e0 l\u2019\u00e9tranger uniquement. Cette part ne peut alors exc\u00e9der 20\u00a0% de la r\u00e9mun\u00e9ration totale du b\u00e9n\u00e9ficiaire.<\/li>\n<\/ul>\n<p>\u00c0 noter : Le r\u00e9gime fiscal des impatri\u00e9s permet de b\u00e9n\u00e9ficier d&rsquo;une exon\u00e9ration \u00e0 50% sur certains\u00a0<b>revenus<\/b>\u00a0patrimoniaux, comme par exemple les\u00a0<b>revenus de capitaux mobiliers<\/b>\u00a0(dividendes, int\u00e9r\u00eats, assurance-vie, etc.)<\/p>\n<h1>\u00catre expatri\u00e9 qu&rsquo;est-ce que c&rsquo;est ?<\/h1>\n<h2>D\u00e9finition<\/h2>\n<p>Selon la loi, un fran\u00e7ais partant \u00e0 l&rsquo;\u00e9tranger pour exercer \u00e0 titre principal une activit\u00e9 professionnelle b\u00e9n\u00e9ficie du statut d&rsquo;expatri\u00e9.<\/p>\n<p><strong>Il peut \u00eatre soumis indiff\u00e9remment \u00e0 :<\/strong><\/p>\n<ul>\n<li>un\u00a0<strong>contrat de travail r\u00e9gi par le droit local<\/strong>,<\/li>\n<li>\u00e0 un\u00a0<strong>contrat de travail aupr\u00e8s d\u2019une entreprise fran\u00e7aise<\/strong>,<\/li>\n<li>ou encore, exercer une <strong>activit\u00e9 ind\u00e9pendante sur place<\/strong>.<\/li>\n<\/ul>\n<p>Pendant sa p\u00e9riode d&rsquo;exercice \u00e0 l&rsquo;\u00e9tranger, l&rsquo;expatri\u00e9 rompt totalement son lien avec le syst\u00e8me social fran\u00e7ais. Sauf en cas d\u2019adh\u00e9sion \u00e0 la Caisse des Fran\u00e7ais de l\u2019\u00c9tranger (CFE).<\/p>\n<p>C\u2019est ce qui le distingue principalement du\u00a0<strong>travailleur d\u00e9tach\u00e9<\/strong>, lequel\u00a0<strong>conserve quant \u00e0 lui une attache fonctionnelle avec son employeur et la S\u00e9curit\u00e9 sociale<\/strong>. Le\u00a0<strong>d\u00e9tach\u00e9<\/strong>\u00a0n\u2019est donc<strong>\u00a0pas consid\u00e9r\u00e9 comme un expatri\u00e9<\/strong> en droit fran\u00e7ais, sauf si le salari\u00e9 choisit de rester \u00e0 l\u2019\u00e9tranger \u00e0 l\u2019expiration de son d\u00e9tachement. P\u00f4le Emploi prend en compte les p\u00e9riodes de travail r\u00e9alis\u00e9es \u00e0 l&rsquo;\u00e9tranger. Pensez bien \u00e0 pr\u00e9voir une <a href=\"https:\/\/www.mes-allocs.fr\/guides\/aide-expatriation\/prime-impatriation\/assurance-sante-impatrie\/\">assurance sant\u00e9<\/a>.<\/p>\n<p>D\u00e9couvrez comment <a href=\"https:\/\/www.mes-allocs.fr\/guides\/aide-expatriation\/prime-impatriation\/comment-beneficier-du-regime-des-impatries\/\">b\u00e9n\u00e9ficier du r\u00e9gime des impatri\u00e9s<\/a> !<\/p>\n<h2>Peut-on toucher le ch\u00f4mage de retour en France ?<\/h2>\n<p>\u00c0 votre retour en France, des <a href=\"https:\/\/www.mes-allocs.fr\/guides\/aide-expatriation\/pole-emploi-expatrie\/\">aides P\u00f4le Emploi<\/a> sont disponibles. Vous pouvez b\u00e9n\u00e9ficier du RSA \u00e0 votre retour de l\u2019\u00e9tranger par exemple. Pour cela, la demande doit \u00eatre formul\u00e9e le 1er jour du 4\u00e8me mois de r\u00e9sidence en France.<\/p>\n<p>Il n&rsquo;y a pas d&rsquo;\u00e2ge pour b\u00e9n\u00e9ficier du RSA mais vous devez \u00eatre \u00e2g\u00e9 d&rsquo;au moins 25 ans et r\u00e9sider en France de mani\u00e8re stable et effective.<\/p>\n<p class=\"text-align-justify\"><strong>Si vous avez moins de 25 ans, vous pouvez toucher le RSA :<\/strong><\/p>\n<p class=\"text-align-justify\">&#8211; Si vous avez au moins un enfant n\u00e9 ou \u00e0 na\u00eetre et remplissez certaines conditions de ressources (RSA jeunes parents).<\/p>\n<p class=\"text-align-justify\">&#8211;<strong>\u00a0ou si vous avez travaill\u00e9 pendant au moins 2 ans \u00e0 temps plein<\/strong>\u00a0au cours des 3 ans pr\u00e9c\u00e9dant la date de votre demande (RSA jeune actif).<\/p>\n<p>Voici un tableau des montant du RSA<\/p>\n\n<div class=\"wpdt-c row wpDataTableContainerSimpleTable wpDataTables wpDataTablesWrapper\n\"\n    >\n    <table id=\"wpdtSimpleTable-352\"\n           class=\"wpdtSimpleTable wpDataTable\"\n           data-column=\"2\"\n           data-rows=\"5\"\n           data-wpID=\"352\"\n           data-responsive=\"0\"\n           data-has-header=\"1\">\n\n                    <thead>        <tr class=\"wpdt-cell-row \" >\n                            <th class=\"wpdt-cell wpdt-bc-F3F9FE wpdt-bold\"\n                                    data-cell-id=\"A1\"\n                data-col-index=\"0\"\n                data-row-index=\"0\"\n                style=\" width:48.571428571429%;                padding:10px;\"\n                >\n                                Nombre de personnes\/enfant \u00e0 charge                <\/th>\n                                            <th class=\"wpdt-cell wpdt-bc-F3F9FE wpdt-bold\"\n                                    data-cell-id=\"B1\"\n                data-col-index=\"1\"\n                data-row-index=\"0\"\n                style=\" width:51.428571428571%;                padding:10px;\"\n                >\n                                Montant                <\/th>\n                                        <\/tr>\n                    <tbody>        <tr class=\"wpdt-cell-row \" >\n                            <td class=\"wpdt-cell \"\n                                    data-cell-id=\"A2\"\n                data-col-index=\"0\"\n                data-row-index=\"1\"\n                style=\"                padding:10px;\"\n                >\n                                0                <\/td>\n                                            <td class=\"wpdt-cell \"\n                                    data-cell-id=\"B2\"\n                data-col-index=\"1\"\n                data-row-index=\"1\"\n                style=\"                padding:10px;\"\n                >\n                                911,62 \u20ac                <\/td>\n                                        <\/tr>\n                            <tr class=\"wpdt-cell-row \" >\n                            <td class=\"wpdt-cell \"\n                                    data-cell-id=\"A3\"\n                data-col-index=\"0\"\n                data-row-index=\"2\"\n                style=\"                padding:10px;\"\n                >\n                                1                <\/td>\n                                            <td class=\"wpdt-cell \"\n                                    data-cell-id=\"B3\"\n                data-col-index=\"1\"\n                data-row-index=\"2\"\n                style=\"                padding:10px;\"\n                >\n                                1093,96 \u20ac                <\/td>\n                                        <\/tr>\n                            <tr class=\"wpdt-cell-row \" >\n                            <td class=\"wpdt-cell \"\n                                    data-cell-id=\"A4\"\n                data-col-index=\"0\"\n                data-row-index=\"3\"\n                style=\"                padding:10px;\"\n                >\n                                2                <\/td>\n                                            <td class=\"wpdt-cell \"\n                                    data-cell-id=\"B4\"\n                data-col-index=\"1\"\n                data-row-index=\"3\"\n                style=\"                padding:10px;\"\n                >\n                                1276,29 \u20ac                <\/td>\n                                        <\/tr>\n                            <tr class=\"wpdt-cell-row \" >\n                            <td class=\"wpdt-cell \"\n                                    data-cell-id=\"A5\"\n                data-col-index=\"0\"\n                data-row-index=\"4\"\n                style=\"                padding:10px;\"\n                >\n                                Par personne ou enfant suppl\u00e9mentaire                <\/td>\n                                            <td class=\"wpdt-cell \"\n                                    data-cell-id=\"B5\"\n                data-col-index=\"1\"\n                data-row-index=\"4\"\n                style=\"                padding:10px;\"\n                >\n                                243,10 \u20ac                <\/td>\n                                        <\/tr>\n                    <\/table>\n<\/div><style id='wpdt-custom-style-352'>\ntable#wpdtSimpleTable-352{ table-layout: fixed !important; }\n.wpdt-bc-F3F9FE { background-color: #F3F9FE !important;}\n<\/style>\n\n<h1><strong>T\u00e9moignages et exp\u00e9riences<\/strong><\/h1>\n<h2><strong>T\u00e9moignage 1 : Claire, professionnelle impatri\u00e9e<\/strong><\/h2>\n<p>\u00ab\u00a0Quand j&rsquo;ai \u00e9t\u00e9 s\u00e9lectionn\u00e9e pour travailler en France, j&rsquo;\u00e9tais pr\u00e9occup\u00e9e par les d\u00e9fis li\u00e9s \u00e0 l&rsquo;expatriation. Cependant, la prime d&rsquo;impatriation a \u00e9t\u00e9 un v\u00e9ritable soulagement. Non seulement cela m&rsquo;a aid\u00e9 \u00e0 couvrir une partie des frais de d\u00e9m\u00e9nagement, mais cela m&rsquo;a \u00e9galement permis de mieux m&rsquo;int\u00e9grer financi\u00e8rement en France. Les avantages fiscaux associ\u00e9s \u00e0 cette prime ont \u00e9galement all\u00e9g\u00e9 mon fardeau financier.\u00a0\u00bb<\/p>\n<h2><strong>T\u00e9moignage 2 : Marc, nouvellement impatri\u00e9<\/strong><\/h2>\n<p>\u00ab\u00a0Quand j&rsquo;ai \u00e9t\u00e9 mut\u00e9 en France, je ne savais pas trop \u00e0 quoi m&rsquo;attendre. La prime d&rsquo;impatriation a fait une \u00e9norme diff\u00e9rence. Gr\u00e2ce \u00e0 cette aide, j&rsquo;ai pu faire face aux d\u00e9penses initiales de d\u00e9m\u00e9nagement, m&rsquo;installer dans un nouvel environnement et commencer ma nouvelle vie professionnelle en toute confiance. Cela montre vraiment l&rsquo;engagement du pays envers les professionnels \u00e9trangers.\u00a0\u00bb<\/p>\n<h2><strong>T\u00e9moignage 3 : Elena, impatri\u00e9e en famille<\/strong><\/h2>\n<p>\u00ab\u00a0Notre expatriation en France a \u00e9t\u00e9 un changement majeur pour ma famille et moi. La prime d&rsquo;impatriation a \u00e9t\u00e9 un soutien crucial, car elle a couvert une partie de nos frais de logement et d&rsquo;\u00e9ducation pour nos enfants. Cela a all\u00e9g\u00e9 le fardeau financier initial et nous a permis de nous concentrer sur notre int\u00e9gration et notre nouvelle vie en France.\u00a0\u00bb<\/p>\n<h2><strong>T\u00e9moignage 4 : Amir, impatri\u00e9 jeune professionnel<\/strong><\/h2>\n<p>\u00ab\u00a0Rejoindre une nouvelle entreprise dans un nouveau pays \u00e9tait excitant mais aussi un peu effrayant. Heureusement, la prime d&rsquo;impatriation a rendu le processus beaucoup plus fluide. Les avantages financiers ont att\u00e9nu\u00e9 les pr\u00e9occupations li\u00e9es aux co\u00fbts initiaux et m&rsquo;ont permis de me concentrer davantage sur mon travail et mon adaptation \u00e0 la vie en France.\u00a0\u00bb<\/p>\n<p>Ces t\u00e9moignages refl\u00e8tent l&rsquo;impact positif de la prime d&rsquo;impatriation sur les professionnels \u00e9trangers, soulignant l&rsquo;importance de cette aide pour faciliter leur transition et int\u00e9gration lorsqu&rsquo;ils travaillent \u00e0 l&rsquo;\u00e9tranger.<\/p>\n<p>En cas de besoin, un expert de l&rsquo;\u00e9quipe Mes Allocs peut <a href=\"https:\/\/www.mes-allocs.fr\/souscription\" target=\"_blank\" rel=\"noopener\">vous accompagner<\/a> dans ces d\u00e9marches pour vous faire gagner du temps et de l&rsquo;argent.<\/p>\n<div class='cta-block'><div class='text'>Simulez toutes vos aides en 2 min.<\/div><a href='https:\/\/www.mes-allocs.fr\/ab-app?origin=guides\/wp-json\/wp\/v2\/posts\/24883' class='app-button fit'>Simulation gratuite<\/a><\/div>\n","protected":false},"excerpt":{"rendered":"<p>Le salari\u00e9 impatri\u00e9 peut b\u00e9n\u00e9ficier d&rsquo;aides li\u00e9es \u00e0 son expatriation, mais il peut aussi percevoir un compl\u00e9ment de r\u00e9mun\u00e9ration appel\u00e9 prime d&rsquo;impatriation. Sous condition, le montant per\u00e7u est exon\u00e9r\u00e9 d&rsquo;imp\u00f4t sur le revenu. Mes Allocs vous explique tout ce que vous devez savoir sur la prime d&rsquo;impatriation. Qu&rsquo;est-ce que la prime d&rsquo;impatriation ? D\u00e9finition de [&hellip;]<\/p>\n","protected":false},"author":7,"featured_media":25035,"comment_status":"open","ping_status":"open","sticky":false,"template":"","format":"standard","meta":{"amp_status":"","footnotes":""},"categories":[8642],"tags":[],"class_list":["post-24883","post","type-post","status-publish","format-standard","has-post-thumbnail","hentry","category-aide-expatriation"],"yoast_head":"<!-- This site is optimized with the Yoast SEO plugin v14.9 - https:\/\/yoast.com\/wordpress\/plugins\/seo\/ -->\n<title>La prime d&#039;impatriation : conditions et exon\u00e9ration | Mes-Allocs.fr<\/title>\n<meta name=\"description\" content=\"La prime d&#039;impatriation est un compl\u00e9ment de r\u00e9mun\u00e9ration pour les salari\u00e9s impatri\u00e9s. Mes Allocs vous explique tout sur cette aide !\" \/>\n<meta name=\"robots\" content=\"index, follow, max-snippet:-1, max-image-preview:large, max-video-preview:-1\" \/>\n<link rel=\"canonical\" href=\"https:\/\/www.mes-allocs.fr\/guides\/aide-expatriation\/prime-impatriation\/\" \/>\n<meta property=\"og:locale\" content=\"fr_FR\" \/>\n<meta property=\"og:type\" content=\"article\" \/>\n<meta property=\"og:title\" content=\"La prime d&#039;impatriation : conditions et exon\u00e9ration | Mes-Allocs.fr\" \/>\n<meta property=\"og:description\" content=\"La prime d&#039;impatriation est un compl\u00e9ment de r\u00e9mun\u00e9ration pour les salari\u00e9s impatri\u00e9s. Mes Allocs vous explique tout sur cette aide !\" \/>\n<meta property=\"og:url\" content=\"https:\/\/www.mes-allocs.fr\/guides\/aide-expatriation\/prime-impatriation\/\" \/>\n<meta property=\"og:site_name\" content=\"Mes-Allocs.fr\" \/>\n<meta property=\"article:published_time\" content=\"2021-04-15T08:04:56+00:00\" \/>\n<meta property=\"article:modified_time\" content=\"2025-07-11T09:22:17+00:00\" \/>\n<meta property=\"og:image\" content=\"https:\/\/www.mes-allocs.fr\/guides\/wp-content\/uploads\/2021\/04\/paris-3568523_1280-e1618411336332.jpg?wsr\" \/>\n\t<meta property=\"og:image:width\" content=\"1280\" \/>\n\t<meta property=\"og:image:height\" content=\"387\" \/>\n<meta name=\"twitter:card\" content=\"summary_large_image\" \/>\n<script type=\"application\/ld+json\" class=\"yoast-schema-graph\">{\"@context\":\"https:\/\/schema.org\",\"@graph\":[{\"@type\":\"WebSite\",\"@id\":\"https:\/\/www.mes-allocs.fr\/guides\/#website\",\"url\":\"https:\/\/www.mes-allocs.fr\/guides\/\",\"name\":\"Mes-Allocs.fr\",\"description\":\"\",\"potentialAction\":[{\"@type\":\"SearchAction\",\"target\":\"https:\/\/www.mes-allocs.fr\/guides\/?s={search_term_string}\",\"query-input\":\"required name=search_term_string\"}],\"inLanguage\":\"fr-FR\"},{\"@type\":\"ImageObject\",\"@id\":\"https:\/\/www.mes-allocs.fr\/guides\/aide-expatriation\/prime-impatriation\/#primaryimage\",\"inLanguage\":\"fr-FR\",\"url\":\"https:\/\/www.mes-allocs.fr\/guides\/wp-content\/uploads\/2021\/04\/paris-3568523_1280-e1618411336332.jpg?wsr\",\"width\":1280,\"height\":387,\"caption\":\"Tout savoir sur la prime d' impatriation\"},{\"@type\":\"WebPage\",\"@id\":\"https:\/\/www.mes-allocs.fr\/guides\/aide-expatriation\/prime-impatriation\/#webpage\",\"url\":\"https:\/\/www.mes-allocs.fr\/guides\/aide-expatriation\/prime-impatriation\/\",\"name\":\"La prime d'impatriation : conditions et exon\\u00e9ration | Mes-Allocs.fr\",\"isPartOf\":{\"@id\":\"https:\/\/www.mes-allocs.fr\/guides\/#website\"},\"primaryImageOfPage\":{\"@id\":\"https:\/\/www.mes-allocs.fr\/guides\/aide-expatriation\/prime-impatriation\/#primaryimage\"},\"datePublished\":\"2021-04-15T08:04:56+00:00\",\"dateModified\":\"2025-07-11T09:22:17+00:00\",\"author\":{\"@id\":\"https:\/\/www.mes-allocs.fr\/guides\/#\/schema\/person\/1c4837d5703727cb02ce84583b5a44aa\"},\"description\":\"La prime d'impatriation est un compl\\u00e9ment de r\\u00e9mun\\u00e9ration pour les salari\\u00e9s impatri\\u00e9s. Mes Allocs vous explique tout sur cette aide !\",\"inLanguage\":\"fr-FR\"},{\"@type\":\"Person\",\"@id\":\"https:\/\/www.mes-allocs.fr\/guides\/#\/schema\/person\/1c4837d5703727cb02ce84583b5a44aa\",\"name\":\"Fabiola\",\"image\":{\"@type\":\"ImageObject\",\"@id\":\"https:\/\/www.mes-allocs.fr\/guides\/#personlogo\",\"inLanguage\":\"fr-FR\",\"url\":\"https:\/\/www.mes-allocs.fr\/guides\/wp-content\/uploads\/2021\/06\/fabiola-150x150.png\",\"caption\":\"Fabiola\"},\"description\":\"Fabiola est r\\u00e9dactrice au sein de l'\\u00e9quipe Mes Allocs, sp\\u00e9cialis\\u00e9e en sciences politiques et affaires publiques. Dipl\\u00f4m\\u00e9e de l'HEIP, elle rejoint Mes Allocs apr\\u00e8s une premi\\u00e8re exp\\u00e9rience \\u00e0 l'Assembl\\u00e9e Nationale.\",\"sameAs\":[\"https:\/\/www.linkedin.com\/in\/cecilia-philippe-b-8a8085195\"]}]}<\/script>\n<!-- \/ Yoast SEO plugin. -->","amp_validity":null,"acf":{"faq":{"1":{"question":"Quelle s\u00e9curit\u00e9 sociale pour les expatri\u00e9s ?","answer":"En tant qu'expatri\u00e9, vous serez soumis au r\u00e9gime de s\u00e9curit\u00e9 sociale qui existe dans ce pays et vous ne serez plus assur\u00e9 social en France. "},"2":{"question":"Qu'est-ce que le statut d'expatri\u00e9 ?","answer":"Le statut de salari\u00e9 expatri\u00e9 concerne tout salari\u00e9 amen\u00e9 \u00e0 travailler en dehors du territoire fran\u00e7ais pour une mission d'au moins 3 mois. "},"3":{"question":"Quand est-on consid\u00e9r\u00e9 comme expatri\u00e9 ?","answer":"Le lieu de s\u00e9jour principal de l'expatri\u00e9, mais aussi de sa famille, pendant la majeure partie de l'ann\u00e9e \u2013 soit au moins 183 jours"},"4":{"question":"Comment faire une demande d'avance Loca-Pass ? ","answer":"Pour faire votre demande vous devez vous rendre sur le site d'Action Logement. vous devrez faire une simulation de vos droits puis remplir le formulaire et y joindre les pi\u00e8ces justificatives demand\u00e9es.\r\n"},"5":{"question":"Comment demander un Visale ?","answer":"Pour obtenir cette caution, tout se passe sur le site Visale.fr, pour les locataires comme les bailleurs. Le visa du locataire doit \u00eatre remis au propri\u00e9taire avant la signature du bail, celui-ci demandant alors \u00e0 \u00eatre couvert par le dispositif, toujours avant de parapher le contrat de location."},"6":{"question":"Quand d\u00e9m\u00e9nager pour ne pas perdre l'APL ?","answer":"Si vous quittez votre logement le mois en cours, vous ne percevrez pas l'allocation du mois pr\u00e9c\u00e9dent (votre allocation ne prend en compte que l'avant-dernier mois)."},"7":{"question":"","answer":""},"8":{"question":"","answer":""},"9":{"question":"","answer":""},"10":{"question":"","answer":""},"11":{"question":"","answer":""},"12":{"question":"","answer":""},"13":{"question":"","answer":""},"14":{"question":"","answer":""},"15":{"question":"","answer":""},"16":{"question":"","answer":""}}},"_links":{"self":[{"href":"https:\/\/www.mes-allocs.fr\/guides\/wp-json\/wp\/v2\/posts\/24883","targetHints":{"allow":["GET"]}}],"collection":[{"href":"https:\/\/www.mes-allocs.fr\/guides\/wp-json\/wp\/v2\/posts"}],"about":[{"href":"https:\/\/www.mes-allocs.fr\/guides\/wp-json\/wp\/v2\/types\/post"}],"author":[{"embeddable":true,"href":"https:\/\/www.mes-allocs.fr\/guides\/wp-json\/wp\/v2\/users\/7"}],"replies":[{"embeddable":true,"href":"https:\/\/www.mes-allocs.fr\/guides\/wp-json\/wp\/v2\/comments?post=24883"}],"version-history":[{"count":20,"href":"https:\/\/www.mes-allocs.fr\/guides\/wp-json\/wp\/v2\/posts\/24883\/revisions"}],"predecessor-version":[{"id":102049,"href":"https:\/\/www.mes-allocs.fr\/guides\/wp-json\/wp\/v2\/posts\/24883\/revisions\/102049"}],"wp:featuredmedia":[{"embeddable":true,"href":"https:\/\/www.mes-allocs.fr\/guides\/wp-json\/wp\/v2\/media\/25035"}],"wp:attachment":[{"href":"https:\/\/www.mes-allocs.fr\/guides\/wp-json\/wp\/v2\/media?parent=24883"}],"wp:term":[{"taxonomy":"category","embeddable":true,"href":"https:\/\/www.mes-allocs.fr\/guides\/wp-json\/wp\/v2\/categories?post=24883"},{"taxonomy":"post_tag","embeddable":true,"href":"https:\/\/www.mes-allocs.fr\/guides\/wp-json\/wp\/v2\/tags?post=24883"}],"curies":[{"name":"wp","href":"https:\/\/api.w.org\/{rel}","templated":true}]}}