{"id":24709,"date":"2021-04-15T08:00:49","date_gmt":"2021-04-15T08:00:49","guid":{"rendered":"https:\/\/www.mes-allocs.fr\/guides\/?p=24709"},"modified":"2026-01-29T17:59:48","modified_gmt":"2026-01-29T16:59:48","slug":"aides-au-logement-retour-en-france","status":"publish","type":"post","link":"https:\/\/www.mes-allocs.fr\/guides\/aide-expatriation\/aide-au-retour-en-france\/aides-au-logement-retour-en-france\/","title":{"rendered":"Les aides au logement \u00e0 votre retour en France"},"content":{"rendered":"<p><a href=\"https:\/\/www.mes-allocs.fr\/guides\/wp-content\/uploads\/2021\/04\/pexels-cottonbro-4569340.jpg\"><img loading=\"lazy\" decoding=\"async\" class=\"aligncenter wp-image-24759 size-full\" src=\"https:\/\/www.mes-allocs.fr\/guides\/wp-content\/uploads\/2021\/04\/pexels-cottonbro-4569340-e1692882018427.jpg\" alt=\"Tout savoir sur les aides au logement retour en France\" width=\"1280\" height=\"291\" srcset=\"https:\/\/www.mes-allocs.fr\/guides\/wp-content\/uploads\/2021\/04\/pexels-cottonbro-4569340-e1692882018427.jpg 1280w, https:\/\/www.mes-allocs.fr\/guides\/wp-content\/uploads\/2021\/04\/pexels-cottonbro-4569340-e1692882018427-300x68.jpg 300w, https:\/\/www.mes-allocs.fr\/guides\/wp-content\/uploads\/2021\/04\/pexels-cottonbro-4569340-e1692882018427-1024x233.jpg 1024w, https:\/\/www.mes-allocs.fr\/guides\/wp-content\/uploads\/2021\/04\/pexels-cottonbro-4569340-e1692882018427-768x175.jpg 768w, https:\/\/www.mes-allocs.fr\/guides\/wp-content\/uploads\/2021\/04\/pexels-cottonbro-4569340-e1692882018427-600x136.jpg 600w\" sizes=\"auto, (max-width: 1280px) 100vw, 1280px\" \/><\/a>[Mis \u00e0 jour le 29\/01\/2026] Il existe de nombreuses <a style=\"font-weight: bold;\" href=\"https:\/\/www.mes-allocs.fr\/guides\/aide-expat\/\">aides pour les expatri\u00e9s<\/a>. Mais au moment de votre retour en France, il est primordial que vous puissiez connaitre les aides auxquelles vous avez droit. Vous pouvez notamment faire une demande pour b\u00e9n\u00e9ficier d&rsquo;une aide au logement telle que l&rsquo;APL. D\u00e9couvrez tout ce que vous devez savoir sur les <strong>aides au logement lors de votre retour en France<\/strong>.<\/p>\n<div class='cta-block'><div class='text'>Simulez toutes vos aides en 2 min.<\/div><a href='https:\/\/www.mes-allocs.fr\/ab-app?origin=guides\/wp-json\/wp\/v2\/posts\/24709' class='app-button fit'>Simulation gratuite<\/a><\/div>\n<h1>L&rsquo;aide personnalis\u00e9e au logement : l&rsquo;APL<\/h1>\n<h2>D\u00e9finition<\/h2>\n<p>Pour vous aider \u00e0 vous installer en France, de nombreuses <a href=\"https:\/\/www.mes-allocs.fr\/guides\/aide-expatriation\/aides-au-retour-en-france\/\">aides<\/a> vous sont propos\u00e9es et vous pouvez notamment faire une demande d&rsquo;aide personnalis\u00e9e au logement. Depuis la r\u00e9forme des APL entr\u00e9e en vigueur le 1er janvier 2021, ce sont d\u00e9sormais vos revenus des 12 derniers mois qui entrent dans le calcul.<\/p>\n<p><strong><span class=\"amp-wp-fe3f5cc\" data-amp-original-style=\"font-weight: 400;\">L\u2019APL englobe trois aides diff\u00e9rentes qui sont :<\/span><\/strong><\/p>\n<ul>\n<li class=\"amp-wp-fe3f5cc\" data-amp-original-style=\"font-weight: 400;\"><span class=\"amp-wp-fe3f5cc\" data-amp-original-style=\"font-weight: 400;\">L\u2019<\/span><span class=\"amp-wp-fe3f5cc\" data-amp-original-style=\"font-weight: 400;\">Aide Personnalis\u00e9e au Logement<\/span><span class=\"amp-wp-fe3f5cc\" data-amp-original-style=\"font-weight: 400;\">\u00a0(APL) ;<\/span><\/li>\n<li class=\"amp-wp-fe3f5cc\" data-amp-original-style=\"font-weight: 400;\"><span class=\"amp-wp-fe3f5cc\" data-amp-original-style=\"font-weight: 400;\">L\u2019<\/span><span class=\"amp-wp-fe3f5cc\" data-amp-original-style=\"font-weight: 400;\">Allocation de Logement Social<\/span><span class=\"amp-wp-fe3f5cc\" data-amp-original-style=\"font-weight: 400;\">\u00a0(ALS) ;<\/span><\/li>\n<li class=\"amp-wp-fe3f5cc\" data-amp-original-style=\"font-weight: 400;\"><span class=\"amp-wp-fe3f5cc\" data-amp-original-style=\"font-weight: 400;\">L\u2019<\/span><span class=\"amp-wp-fe3f5cc\" data-amp-original-style=\"font-weight: 400;\">Allocation de Logement Familial<\/span><span class=\"amp-wp-fe3f5cc\" data-amp-original-style=\"font-weight: 400;\">\u00a0(ALF).\u00a0<\/span><\/li>\n<\/ul>\n<p><span class=\"amp-wp-fe3f5cc\" data-amp-original-style=\"font-weight: 400;\">Cette aide financi\u00e8re se calcule selon divers crit\u00e8res propres aux donn\u00e9es personnelles notifi\u00e9es par le demandeur. Notez que vous devrez trouver un logement avant de faire votre demande d&rsquo;APL.<\/span><\/p>\n<p><span class=\"amp-wp-fe3f5cc\" data-amp-original-style=\"font-weight: 400;\">Pour faire votre demande que ce soit pour l&rsquo;APL ou d&rsquo;autres aides sociales vous devrez vous connecter \u00e0 votre espace personnel CAF et remplir un formulaire en ligne. <\/span><\/p>\n<p><strong><span class=\"amp-wp-fe3f5cc\" data-amp-original-style=\"font-weight: 400;\">Les principaux crit\u00e8res de calcul sont les suivants\u00a0 :<\/span><\/strong><\/p>\n<ul>\n<li class=\"amp-wp-fe3f5cc\" data-amp-original-style=\"font-weight: 400;\"><span class=\"amp-wp-fe3f5cc\" data-amp-original-style=\"font-weight: 400;\">La situation familiale du foyer (composition, nombre d\u2019enfants \u00e0 charge) ;<\/span><\/li>\n<li class=\"amp-wp-fe3f5cc\" data-amp-original-style=\"font-weight: 400;\"><span class=\"amp-wp-fe3f5cc\" data-amp-original-style=\"font-weight: 400;\">La situation professionnelle et les conditions de ressources de l\u2019ensemble du foyer ;<\/span><\/li>\n<li class=\"amp-wp-fe3f5cc\" data-amp-original-style=\"font-weight: 400;\"><span class=\"amp-wp-fe3f5cc\" data-amp-original-style=\"font-weight: 400;\">Le montant du loyer hors charges ou les mensualit\u00e9s de l\u2019emprunt ;<\/span><\/li>\n<li class=\"amp-wp-fe3f5cc\" data-amp-original-style=\"font-weight: 400;\"><span class=\"amp-wp-fe3f5cc\" data-amp-original-style=\"font-weight: 400;\">Le type de logement (appartement, conventionn\u00e9, etc.) ;<\/span><\/li>\n<li class=\"amp-wp-fe3f5cc\" data-amp-original-style=\"font-weight: 400;\"><span class=\"amp-wp-fe3f5cc\" data-amp-original-style=\"font-weight: 400;\">La zone g\u00e9ographique dans laquelle se situe le logement ;<\/span><\/li>\n<li class=\"amp-wp-fe3f5cc\" data-amp-original-style=\"font-weight: 400;\"><span class=\"amp-wp-fe3f5cc\" data-amp-original-style=\"font-weight: 400;\">Le patrimoine immobilier<\/span><\/li>\n<\/ul>\n<p>Voici les plafonds de ressources pour pouvoir b\u00e9n\u00e9ficier de l&rsquo;APL en 2025.<br \/>\n\n<div class=\"wpdt-c row wpDataTableContainerSimpleTable wpDataTables wpDataTablesWrapper\n\"\n    >\n    <table id=\"wpdtSimpleTable-145\"\n           class=\"wpdtSimpleTable wpDataTable\"\n           data-column=\"2\"\n           data-rows=\"10\"\n           data-wpID=\"145\"\n           data-responsive=\"0\"\n           data-has-header=\"1\">\n\n                    <thead>        <tr class=\"wpdt-cell-row \" >\n                            <th class=\"wpdt-cell wpdt-bold wpdt-bc-F3F9FE\"\n                                    data-cell-id=\"A1\"\n                data-col-index=\"0\"\n                data-row-index=\"0\"\n                style=\" width:26.151930261519%;                padding:10px;\"\n                >\n                                Composition du foyer                <\/th>\n                                            <th class=\"wpdt-cell wpdt-bold wpdt-bc-F3F9FE\"\n                                    data-cell-id=\"B1\"\n                data-col-index=\"1\"\n                data-row-index=\"0\"\n                style=\" width:73.848069738481%;                padding:10px;\"\n                >\n                                Plafonds de ressources (en \u20ac) \u00e0 ne pas d\u00e9passer pour toucher le montant maximal d'APL en 2026                <\/th>\n                                        <\/tr>\n                    <tbody>        <tr class=\"wpdt-cell-row \" >\n                            <td class=\"wpdt-cell wpdt-bold wpdt-bc-F3F9FE\"\n                                    data-cell-id=\"A2\"\n                data-col-index=\"0\"\n                data-row-index=\"1\"\n                style=\"                padding:10px;\"\n                >\n                                Personne seule                <\/td>\n                                            <td class=\"wpdt-cell wpdt-bc-FFFFFF\"\n                                    data-cell-id=\"B2\"\n                data-col-index=\"1\"\n                data-row-index=\"1\"\n                style=\"                padding:10px;\"\n                >\n                                5 235                <\/td>\n                                        <\/tr>\n                            <tr class=\"wpdt-cell-row \" >\n                            <td class=\"wpdt-cell wpdt-bold wpdt-bc-F3F9FE\"\n                                    data-cell-id=\"A3\"\n                data-col-index=\"0\"\n                data-row-index=\"2\"\n                style=\"                padding:10px;\"\n                >\n                                Couple sans personne \u00e0 charge                <\/td>\n                                            <td class=\"wpdt-cell wpdt-bc-FFFFFF\"\n                                    data-cell-id=\"B3\"\n                data-col-index=\"1\"\n                data-row-index=\"2\"\n                style=\"                padding:10px;\"\n                >\n                                7 501                <\/td>\n                                        <\/tr>\n                            <tr class=\"wpdt-cell-row \" >\n                            <td class=\"wpdt-cell wpdt-bold wpdt-bc-F3F9FE\"\n                                    data-cell-id=\"A4\"\n                data-col-index=\"0\"\n                data-row-index=\"3\"\n                style=\"                padding:10px;\"\n                >\n                                Personne seule ou couple avec une personne \u00e0 charge                <\/td>\n                                            <td class=\"wpdt-cell wpdt-bc-FFFFFF\"\n                                    data-cell-id=\"B4\"\n                data-col-index=\"1\"\n                data-row-index=\"3\"\n                style=\"                padding:10px;\"\n                >\n                                8 947                <\/td>\n                                        <\/tr>\n                            <tr class=\"wpdt-cell-row \" >\n                            <td class=\"wpdt-cell wpdt-bold wpdt-bc-F3F9FE\"\n                                    data-cell-id=\"A5\"\n                data-col-index=\"0\"\n                data-row-index=\"4\"\n                style=\"                padding:10px;\"\n                >\n                                Personne seule ou couple ayant 2 personnes \u00e0 charge                <\/td>\n                                            <td class=\"wpdt-cell wpdt-bc-FFFFFF\"\n                                    data-cell-id=\"B5\"\n                data-col-index=\"1\"\n                data-row-index=\"4\"\n                style=\"                padding:10px;\"\n                >\n                                9 148                <\/td>\n                                        <\/tr>\n                            <tr class=\"wpdt-cell-row \" >\n                            <td class=\"wpdt-cell wpdt-bold wpdt-bc-F3F9FE\"\n                                    data-cell-id=\"A6\"\n                data-col-index=\"0\"\n                data-row-index=\"5\"\n                style=\"                padding:10px;\"\n                >\n                                Personne seule ou couple ayant 3 personnes \u00e0 charge                <\/td>\n                                            <td class=\"wpdt-cell wpdt-bc-FFFFFF\"\n                                    data-cell-id=\"B6\"\n                data-col-index=\"1\"\n                data-row-index=\"5\"\n                style=\"                padding:10px;\"\n                >\n                                9 498                <\/td>\n                                        <\/tr>\n                            <tr class=\"wpdt-cell-row \" >\n                            <td class=\"wpdt-cell wpdt-bold wpdt-bc-F3F9FE\"\n                                    data-cell-id=\"A7\"\n                data-col-index=\"0\"\n                data-row-index=\"6\"\n                style=\"                padding:10px;\"\n                >\n                                Personne seule ou couple ayant 4 personnes \u00e0 charge                <\/td>\n                                            <td class=\"wpdt-cell wpdt-bc-FFFFFF\"\n                                    data-cell-id=\"B7\"\n                data-col-index=\"1\"\n                data-row-index=\"6\"\n                style=\"                padding:10px;\"\n                >\n                                9 851                <\/td>\n                                        <\/tr>\n                            <tr class=\"wpdt-cell-row \" >\n                            <td class=\"wpdt-cell wpdt-bold wpdt-bc-F3F9FE\"\n                                    data-cell-id=\"A8\"\n                data-col-index=\"0\"\n                data-row-index=\"7\"\n                style=\"                padding:10px;\"\n                >\n                                Personne seule ou couple ayant 5 personnes \u00e0 charge                <\/td>\n                                            <td class=\"wpdt-cell wpdt-bc-FFFFFF\"\n                                    data-cell-id=\"B8\"\n                data-col-index=\"1\"\n                data-row-index=\"7\"\n                style=\"                padding:10px;\"\n                >\n                                10 202                <\/td>\n                                        <\/tr>\n                            <tr class=\"wpdt-cell-row \" >\n                            <td class=\"wpdt-cell wpdt-bold wpdt-bc-F3F9FE\"\n                                    data-cell-id=\"A9\"\n                data-col-index=\"0\"\n                data-row-index=\"8\"\n                style=\"                padding:10px;\"\n                >\n                                Personne seule ou couple ayant 6 personnes \u00e0 charge                <\/td>\n                                            <td class=\"wpdt-cell wpdt-bc-FFFFFF\"\n                                    data-cell-id=\"B9\"\n                data-col-index=\"1\"\n                data-row-index=\"8\"\n                style=\"                padding:10px;\"\n                >\n                                10 554                <\/td>\n                                        <\/tr>\n                            <tr class=\"wpdt-cell-row \" >\n                            <td class=\"wpdt-cell wpdt-bold wpdt-bc-F3F9FE\"\n                                    data-cell-id=\"A10\"\n                data-col-index=\"0\"\n                data-row-index=\"9\"\n                style=\"                padding:10px;\"\n                >\n                                Par personne \u00e0 charge suppl\u00e9mentaire                <\/td>\n                                            <td class=\"wpdt-cell wpdt-bc-FFFFFF\"\n                                    data-cell-id=\"B10\"\n                data-col-index=\"1\"\n                data-row-index=\"9\"\n                style=\"                padding:10px;\"\n                >\n                                + 346                <\/td>\n                                        <\/tr>\n                    <\/table>\n<\/div><style id='wpdt-custom-style-145'>\ntable#wpdtSimpleTable-145{ table-layout: fixed !important; }\n.wpdt-bc-F3F9FE { background-color: #F3F9FE !important;}\n.wpdt-bc-FFFFFF { background-color: #FFFFFF !important;}\n<\/style>\n<\/p>\n<p><iframe loading=\"lazy\" title=\"Les aides \u00e0 l&#039;expatriation\" width=\"500\" height=\"281\" src=\"https:\/\/www.youtube.com\/embed\/rFUO4um_G0M?feature=oembed\" frameborder=\"0\" allow=\"accelerometer; autoplay; clipboard-write; encrypted-media; gyroscope; picture-in-picture; web-share\" referrerpolicy=\"strict-origin-when-cross-origin\" allowfullscreen><\/iframe><\/p>\n<h2><span id=\"Quelles_sont_les_conditions_liees_a_la_demande_dAPL\"><strong>Quelles sont les conditions pour b\u00e9n\u00e9ficier de l&rsquo;aide au logement \u00e0 votre retour en France ?<\/strong><\/span><\/h2>\n<p><span class=\"amp-wp-fe3f5cc\" data-amp-original-style=\"font-weight: 400;\">Pour b\u00e9n\u00e9ficier de l\u2019APL, votre logement doit \u00eatre votre r\u00e9sidence principale. L\u2019aide personnalis\u00e9e au logement est calcul\u00e9e le 1er janvier de chaque ann\u00e9e.\u00a0<\/span><\/p>\n<p><span class=\"amp-wp-fe3f5cc\" data-amp-original-style=\"font-weight: 400;\">Vous devez notifier tout changement de situation aupr\u00e8s de la CAF ou la MSA. Par exemple, si vous vous retrouvez au ch\u00f4mage, la CAF recalcule le montant de l\u2019APL apr\u00e8s des \u00e9changes en interne avec P\u00f4le Emploi.\u00a0<\/span><\/p>\n<p><span class=\"amp-wp-fe3f5cc\" data-amp-original-style=\"font-weight: 400;\">Vous pouvez demander une estimation APL, que vous soyez allocataire ou non. Vous devez cependant r\u00e9pondre aux conditions applicables. Voici la liste des crit\u00e8res d\u2019\u00e9ligibilit\u00e9 aux APL selon la CAF :<\/span><\/p>\n<ul>\n<li class=\"amp-wp-fe3f5cc\" data-amp-original-style=\"font-weight: 400;\"><span class=\"amp-wp-fe3f5cc\" data-amp-original-style=\"font-weight: 400;\">R\u00e9sider l\u00e9galement en France ;<\/span><\/li>\n<li class=\"amp-wp-fe3f5cc\" data-amp-original-style=\"font-weight: 400;\"><span class=\"amp-wp-fe3f5cc\" data-amp-original-style=\"font-weight: 400;\">La demande doit concerner une r\u00e9sidence principale ;<\/span><\/li>\n<li class=\"amp-wp-fe3f5cc\" data-amp-original-style=\"font-weight: 400;\"><span class=\"amp-wp-fe3f5cc\" data-amp-original-style=\"font-weight: 400;\">R\u00e9sider dans un logement \u00e9ligible aux APL ;<\/span><\/li>\n<li class=\"amp-wp-fe3f5cc\" data-amp-original-style=\"font-weight: 400;\"><span class=\"amp-wp-fe3f5cc\" data-amp-original-style=\"font-weight: 400;\">Ne pas \u00eatre rattach\u00e9 \u00e0 un foyer fiscal sujet \u00e0 l\u2019Imp\u00f4t sur la Fortune Immobili\u00e8re ;<\/span><\/li>\n<li class=\"amp-wp-fe3f5cc\" data-amp-original-style=\"font-weight: 400;\"><span class=\"amp-wp-fe3f5cc\" data-amp-original-style=\"font-weight: 400;\">Ne pas \u00eatre d\u00e9j\u00e0 allocataire d\u2019une autre aide d\u2019\u00c9tat.<\/span><\/li>\n<\/ul>\n<p>Lors de votre demande vous devrez communiquer votre num\u00e9ro de s\u00e9curit\u00e9 sociale et pr\u00e9ciser si vous b\u00e9n\u00e9ficiez d&rsquo;une assurance maladie ou non.<\/p>\n<h1>B\u00e9n\u00e9ficiez d&rsquo;une autre aide li\u00e9e au logement \u00e0 votre retour en France : l&rsquo;avance Loca-Pass<\/h1>\n<p>L&rsquo;avance Loca-Pass est un dispositif accord\u00e9 par Action Logement. Il vous permet de financer le d\u00e9p\u00f4t de garantie souvent demand\u00e9 par votre bailleur au moment de la signature du bail de votre nouveau logement.<\/p>\n<p>Depuis 2016, la garantie Loca-Pass est remplac\u00e9e par la garantie Visale que vous pouvez tout \u00e0 fait cumuler avec l&rsquo;avance Loca-Pass, du moment que vous b\u00e9n\u00e9ficiez de ces aides uniquement pour votre r\u00e9sidence principale.<\/p>\n<h2>Les avantages de l&rsquo;avance Loca-Pass<\/h2>\n<ul class=\"list-check\">\n<li>Pr\u00eat \u00e0 taux z\u00e9ro<\/li>\n<li>Avance remboursable sur un d\u00e9lai de 25 mois au maximum<\/li>\n<li>Aucun int\u00e9r\u00eat, ni frais de dossier<\/li>\n<li>Possibilit\u00e9 d\u2019attendre un d\u00e9lai maximum de 3 mois pour commencer le remboursement de l\u2019avance ;<\/li>\n<li>20 euros minimum de mensualit\u00e9s (except\u00e9 la derni\u00e8re mensualit\u00e9, si la fin du pr\u00eat est en cours de remboursement).<\/li>\n<\/ul>\n<h2>Qui est \u00e9ligible \u00e0 l&rsquo;avance Loca-Pass ?<\/h2>\n<p><strong>Pour b\u00e9n\u00e9ficier de l&rsquo;avance Loca-Pass vous devez respecter un certain nombre de conditions, \u00e0 savoir :\u00a0<\/strong><\/p>\n<ul>\n<li>Vous \u00eates salari\u00e9 du secteur priv\u00e9 non agricole quel que soit votre \u00e2ge.<\/li>\n<li>Vous \u00eates jeune de moins de 30 ans et :\n<ul>\n<li>Vous \u00eates en formation professionnelle (contrat d\u2019apprentissage ou de professionnalisation),<\/li>\n<li>Vous \u00eates en recherche d\u2019emploi,<\/li>\n<\/ul>\n<\/li>\n<li>Vous \u00eates \u00e9tudiant(e) salari\u00e9(e) et vous pouvez justifier :\n<ul>\n<li>d\u2019un\u00a0contrat \u00e0 dur\u00e9e d\u00e9termin\u00e9e (CDD) de\u00a0trois mois minimum\u00a0en cours au moment de la demande d&rsquo;aide,<\/li>\n<li>d\u2019un\u00a0ou plusieurs CDD pour une dur\u00e9e cumul\u00e9e de\u00a0trois mois minimum\u00a0au cours des six mois pr\u00e9c\u00e9dant la demande d&rsquo;aide,<\/li>\n<li>ou\u00a0d\u2019une convention de stage d&rsquo;au moins trois mois en cours au moment de la demande,<\/li>\n<li>ou\u00a0d\u2019un statut d\u2019\u00e9tudiant boursier d\u2019\u00c9tat fran\u00e7ais.<\/li>\n<\/ul>\n<\/li>\n<\/ul>\n<p>Pour faire votre demande vous devez vous rendre sur le site Action Logement. Vous pouvez visiter le site.<\/p>\n<p>En cas de besoin, un expert de l&rsquo;\u00e9quipe Mes Allocs peut <a href=\"https:\/\/www.mes-allocs.fr\/souscription\" target=\"_blank\" rel=\"noopener\">vous accompagner<\/a> dans ces d\u00e9marches pour vous faire gagner du temps et de l&rsquo;argent.<\/p>\n<div class='cta-block'><div class='text'>Simulez toutes vos aides en 2 min.<\/div><a href='https:\/\/www.mes-allocs.fr\/ab-app?origin=guides\/wp-json\/wp\/v2\/posts\/24709' class='app-button fit'>Simulation gratuite<\/a><\/div>\n<h1>Les autres aides accessibles pour un retour en France<\/h1>\n<p>Pour vous aider \u00e0 vous r\u00e9ins\u00e9rer vous pouvez b\u00e9n\u00e9ficier de diff\u00e9rents dispositifs selon votre situation et la composition de votre foyer.<\/p>\n<h2>Le revenu de solidarit\u00e9 active (RSA)<\/h2>\n<p>Vous pouvez\u00a0b\u00e9n\u00e9ficier du RSA\u00a0\u00e0 votre retour de l\u2019\u00e9tranger, si vous\u00a0 Pour cela, la demande doit \u00eatre formul\u00e9e le 1er jour du 4\u00e8me mois de r\u00e9sidence en France.<\/p>\n<p>Il n&rsquo;y a pas d&rsquo;\u00e2ge pour b\u00e9n\u00e9ficier du RSA mais vous devez \u00eatre \u00e2g\u00e9 d&rsquo;au moins 25 ans et r\u00e9sider en France de mani\u00e8re stable et effective.<\/p>\n<p class=\"text-align-justify\"><strong>Si vous avez moins de 25 ans, vous pouvez toucher le RSA :<\/strong><\/p>\n<p class=\"text-align-justify\">&#8211; Si vous avez au moins un enfant n\u00e9 ou \u00e0 na\u00eetre et remplissez certaines conditions de ressources (RSA jeunes parents).<\/p>\n<p class=\"text-align-justify\">&#8211;<strong>\u00a0ou si vous avez travaill\u00e9 pendant au moins 2 ans \u00e0 temps plein<\/strong>\u00a0au cours des 3 ans pr\u00e9c\u00e9dant la date de votre demande (RSA jeune actif).<\/p>\n<h2>L&rsquo;allocation ch\u00f4mage<\/h2>\n<p>Si vous \u00e9tiez \u00e9ligible \u00e0 l&rsquo;allocation ch\u00f4mage \u00e0 l&rsquo;\u00e9tranger, vous pouvez faire une demande pour faire valoir vos droits \u00e0 votre retour en France. deux situations possibles :<\/p>\n<p><strong>Vous \u00e9tiez expatri\u00e9 dans un pays membre de l\u2019UEE mais avez perdu votre emploi avant votre retour en France :\u00a0<\/strong><\/p>\n<p>Dans ce cas avant votre retour en France vous devrez vous procurer le document portable U1-P\u00e9riodes. Gr\u00e2ce \u00e0 ce formulaire vous pourrez calculer vos droits au ch\u00f4mage. Sinon vous pouvez aussi utiliser le simulateur gratuit d&rsquo;aides sociales Mes Allocs. En deux minutes vous aurez une estimation fiable de vos droits au ch\u00f4mage !<\/p>\n<p>Notez que si vous n\u2019avez pas pu obtenir ce document avant de rentrer en France vous pourrez tout de m\u00eame vous adresser aupr\u00e8s de\u00a0 l\u2019agence P\u00f4le Emploi dont d\u00e9pend votre domicile fran\u00e7ais. Pour faire valoir vos droits au ch\u00f4mage en France vous devez y avoir travaill\u00e9 au moins une journ\u00e9e compl\u00e8te.<\/p>\n<p><strong>Vous \u00e9tiez expatri\u00e9 dans un pays membre de l\u2019UEE, vous percevez des indemnit\u00e9s ch\u00f4mage dans ce pays mais vous rentrez en France :<\/strong><\/p>\n<p>Dans le cas pr\u00e9sent vous devrez vous procurer le document portable U2-Maintien du droit aux prestations ch\u00f4mage. Vous pourrez vous procurer ce document aupr\u00e8s de l&rsquo;organisme qui vous verse des prestations sociales.<\/p>\n<p>Une fois votre retour en France, dans les 7 jours qui suivent la date de fin d\u2019inscription dans le pays dans lequel vous \u00e9tiez pour vous inscrire dans l\u2019agence P\u00f4le Emploi dont d\u00e9pend votre domicile fran\u00e7ais et remettre le document portable U2.<\/p>\n<h2>La prime d&rsquo;impatriation<\/h2>\n<p>Ce r\u00e9gime concerne les Fran\u00e7ais vivant \u00e0 l&rsquo;\u00e9tranger depuis au moins 5 ans. Cela doit pr\u00e9c\u00e9der \u00a0la prise de fonction d\u2019un nouvel emploi dans une entreprise en France. Ce r\u00e9gime d&rsquo;impatriation peut s&rsquo;appliquer si :<\/p>\n<ul>\n<li class=\"text-align-justify\">Vous \u00eates appel\u00e9 par une entreprise ayant un lien avec l\u2019entreprise d\u2019origine \u00e9tablie \u00e0 l\u2019\u00e9tranger qui vous employait \u00e0 l\u2019\u00e9tranger<\/li>\n<li class=\"text-align-justify\">\u00a0Vous \u00eates directement appel\u00e9 de l\u2019\u00e9tranger pour venir travailler dans une entreprise en France.<\/li>\n<\/ul>\n<p><strong>\u00c0 noter : Le montant de la prime d&rsquo;impatriation est exon\u00e9r\u00e9 d&rsquo;imp\u00f4t sur le revenu en France.<\/strong><\/p>\n<p>Si vous souhaitez connaitre vos droits \u00e0 cette prime, vous pouvez utiliser le simulateur retour en France Mes Allocs.<\/p>\n<h2>Les Allocations familiales CAF<\/h2>\n<p>Les fran\u00e7ais expatri\u00e9s qui souhaitent rentrer en France peuvent b\u00e9n\u00e9ficier des aides de la Caisse d&rsquo; allocations familiales. Ces aides varie en fonction de votre situation, de votre lieu de r\u00e9sidence ainsi que du nombre d&rsquo;enfant \u00e0 charge.<\/p>\n<p>Notez que tous ces accompagnements financiers peuvent aussi constituer des <a href=\"https:\/\/www.mes-allocs.fr\/guides\/aide-expatriation\/aide-au-retour-en-france\/aides-pour-les-familles-des-expats-de-retour-en-france\/\">aides pour votre famille<\/a>.<\/p>\n<h1>Le statut d&rsquo;expatri\u00e9, qu&rsquo;est-ce que c&rsquo;est ?<\/h1>\n<h2>D\u00e9finition d&rsquo;un expatri\u00e9<\/h2>\n<p>Selon la loi, un fran\u00e7ais partant \u00e0 l&rsquo;\u00e9tranger pour exercer \u00e0 titre principal une activit\u00e9 professionnelle b\u00e9n\u00e9ficie du statut d&rsquo;expatri\u00e9.<\/p>\n<p><strong>Il peut \u00eatre soumis indiff\u00e9remment \u00e0 :<\/strong><\/p>\n<ul>\n<li>un\u00a0<strong>contrat de travail r\u00e9gi par le droit local<\/strong>,<\/li>\n<li>\u00e0 un\u00a0<strong>contrat de travail aupr\u00e8s d\u2019une entreprise fran\u00e7aise<\/strong>,<\/li>\n<li>ou encore, exercer une <strong>activit\u00e9 ind\u00e9pendante sur place<\/strong>.<\/li>\n<\/ul>\n<p>Pendant sa p\u00e9riode d&rsquo;exercice \u00e0 l&rsquo;\u00e9tranger, l&rsquo;expatri\u00e9 rompt totalement son lien avec le syst\u00e8me social fran\u00e7ais. Sauf en cas d\u2019adh\u00e9sion \u00e0 la Caisse des Fran\u00e7ais de l\u2019\u00c9tranger (CFE).<\/p>\n<h2>Les caract\u00e9ristiques courantes du statut d&rsquo;expatri\u00e9<\/h2>\n<ol>\n<li>R\u00e9sidence \u00e0 l&rsquo;\u00e9tranger<\/li>\n<li>Raisons de l&rsquo;expatriation<\/li>\n<li>Visa ou permis de s\u00e9jour<\/li>\n<li>Ajustement \u00e0 un nouvel environnement<\/li>\n<li>Avantages et d\u00e9fis<\/li>\n<li>Dur\u00e9e de s\u00e9jour<\/li>\n<\/ol>\n<p>Bon \u00e0 savoir : en cas de <a href=\"https:\/\/www.mes-allocs.fr\/guides\/aide-expatriation\/aide-au-retour-en-france\/rapatriement-sanitaire-gratuit\/\">rapatriement sanitaire<\/a>, des aides peuvent aussi vous \u00eatre accord\u00e9es pour all\u00e9ger le co\u00fbt de ce retour urgent.<\/p>\n<div class='cta-block'><div class='text'>Simulez toutes vos aides en 2 min.<\/div><a href='https:\/\/www.mes-allocs.fr\/ab-app?origin=guides\/wp-json\/wp\/v2\/posts\/24709' class='app-button fit'>Simulation gratuite<\/a><\/div>\n","protected":false},"excerpt":{"rendered":"<p>[Mis \u00e0 jour le 29\/01\/2026] Il existe de nombreuses aides pour les expatri\u00e9s. Mais au moment de votre retour en France, il est primordial que vous puissiez connaitre les aides auxquelles vous avez droit. Vous pouvez notamment faire une demande pour b\u00e9n\u00e9ficier d&rsquo;une aide au logement telle que l&rsquo;APL. D\u00e9couvrez tout ce que vous devez [&hellip;]<\/p>\n","protected":false},"author":7,"featured_media":24759,"comment_status":"open","ping_status":"open","sticky":false,"template":"","format":"standard","meta":{"amp_status":"","footnotes":""},"categories":[31750,8642],"tags":[],"class_list":["post-24709","post","type-post","status-publish","format-standard","has-post-thumbnail","hentry","category-aide-au-retour-en-france","category-aide-expatriation"],"yoast_head":"<!-- This site is optimized with the Yoast SEO plugin v14.9 - https:\/\/yoast.com\/wordpress\/plugins\/seo\/ -->\n<title>Les aides au logement \u00e0 votre retour en France | Mes-Allocs.fr<\/title>\n<meta name=\"description\" content=\"Pour vous aider \u00e0 vous loger \u00e0 votre retour en France, il existe un certain nombre de dispositifs, et notamment l&#039;aide au logement.\" \/>\n<meta name=\"robots\" content=\"index, follow, max-snippet:-1, max-image-preview:large, max-video-preview:-1\" \/>\n<link rel=\"canonical\" href=\"https:\/\/www.mes-allocs.fr\/guides\/aide-expatriation\/aide-au-retour-en-france\/aides-au-logement-retour-en-france\/\" \/>\n<meta property=\"og:locale\" content=\"fr_FR\" \/>\n<meta property=\"og:type\" content=\"article\" \/>\n<meta property=\"og:title\" content=\"Les aides au logement \u00e0 votre retour en France | Mes-Allocs.fr\" \/>\n<meta property=\"og:description\" content=\"Pour vous aider \u00e0 vous loger \u00e0 votre retour en France, il existe un certain nombre de dispositifs, et notamment l&#039;aide au logement.\" \/>\n<meta property=\"og:url\" content=\"https:\/\/www.mes-allocs.fr\/guides\/aide-expatriation\/aide-au-retour-en-france\/aides-au-logement-retour-en-france\/\" \/>\n<meta property=\"og:site_name\" content=\"Mes-Allocs.fr\" \/>\n<meta property=\"article:published_time\" content=\"2021-04-15T08:00:49+00:00\" \/>\n<meta property=\"article:modified_time\" content=\"2026-01-29T16:59:48+00:00\" \/>\n<meta property=\"og:image\" content=\"https:\/\/www.mes-allocs.fr\/guides\/wp-content\/uploads\/2021\/04\/pexels-cottonbro-4569340-e1692882018427.jpg?wsr\" \/>\n\t<meta property=\"og:image:width\" content=\"1280\" \/>\n\t<meta property=\"og:image:height\" content=\"291\" \/>\n<meta name=\"twitter:card\" content=\"summary_large_image\" \/>\n<script type=\"application\/ld+json\" class=\"yoast-schema-graph\">{\"@context\":\"https:\/\/schema.org\",\"@graph\":[{\"@type\":\"WebSite\",\"@id\":\"https:\/\/www.mes-allocs.fr\/guides\/#website\",\"url\":\"https:\/\/www.mes-allocs.fr\/guides\/\",\"name\":\"Mes-Allocs.fr\",\"description\":\"\",\"potentialAction\":[{\"@type\":\"SearchAction\",\"target\":\"https:\/\/www.mes-allocs.fr\/guides\/?s={search_term_string}\",\"query-input\":\"required name=search_term_string\"}],\"inLanguage\":\"fr-FR\"},{\"@type\":\"ImageObject\",\"@id\":\"https:\/\/www.mes-allocs.fr\/guides\/aide-expatriation\/aide-au-retour-en-france\/aides-au-logement-retour-en-france\/#primaryimage\",\"inLanguage\":\"fr-FR\",\"url\":\"https:\/\/www.mes-allocs.fr\/guides\/wp-content\/uploads\/2021\/04\/pexels-cottonbro-4569340-e1692882018427.jpg?wsr\",\"width\":1280,\"height\":291,\"caption\":\"Tout savoir sur les aides au logement retour en France\"},{\"@type\":\"WebPage\",\"@id\":\"https:\/\/www.mes-allocs.fr\/guides\/aide-expatriation\/aide-au-retour-en-france\/aides-au-logement-retour-en-france\/#webpage\",\"url\":\"https:\/\/www.mes-allocs.fr\/guides\/aide-expatriation\/aide-au-retour-en-france\/aides-au-logement-retour-en-france\/\",\"name\":\"Les aides au logement \\u00e0 votre retour en France | Mes-Allocs.fr\",\"isPartOf\":{\"@id\":\"https:\/\/www.mes-allocs.fr\/guides\/#website\"},\"primaryImageOfPage\":{\"@id\":\"https:\/\/www.mes-allocs.fr\/guides\/aide-expatriation\/aide-au-retour-en-france\/aides-au-logement-retour-en-france\/#primaryimage\"},\"datePublished\":\"2021-04-15T08:00:49+00:00\",\"dateModified\":\"2026-01-29T16:59:48+00:00\",\"author\":{\"@id\":\"https:\/\/www.mes-allocs.fr\/guides\/#\/schema\/person\/1c4837d5703727cb02ce84583b5a44aa\"},\"description\":\"Pour vous aider \\u00e0 vous loger \\u00e0 votre retour en France, il existe un certain nombre de dispositifs, et notamment l'aide au logement.\",\"inLanguage\":\"fr-FR\"},{\"@type\":\"Person\",\"@id\":\"https:\/\/www.mes-allocs.fr\/guides\/#\/schema\/person\/1c4837d5703727cb02ce84583b5a44aa\",\"name\":\"Fabiola\",\"image\":{\"@type\":\"ImageObject\",\"@id\":\"https:\/\/www.mes-allocs.fr\/guides\/#personlogo\",\"inLanguage\":\"fr-FR\",\"url\":\"https:\/\/www.mes-allocs.fr\/guides\/wp-content\/uploads\/2021\/06\/fabiola-150x150.png\",\"caption\":\"Fabiola\"},\"description\":\"Fabiola est r\\u00e9dactrice au sein de l'\\u00e9quipe Mes Allocs, sp\\u00e9cialis\\u00e9e en sciences politiques et affaires publiques. Dipl\\u00f4m\\u00e9e de l'HEIP, elle rejoint Mes Allocs apr\\u00e8s une premi\\u00e8re exp\\u00e9rience \\u00e0 l'Assembl\\u00e9e Nationale.\",\"sameAs\":[\"https:\/\/www.linkedin.com\/in\/cecilia-philippe-b-8a8085195\"]}]}<\/script>\n<!-- \/ Yoast SEO plugin. -->","amp_validity":null,"acf":{"faq":{"1":{"question":"Comment demander une demande de garantie Visale ?","answer":"Pour obtenir cette caution, tout se passe sur le site de la garantie Visale, pour les locataires comme les bailleurs. Le visa du locataire doit \u00eatre remis au propri\u00e9taire avant la signature du bail, celui-ci demandant alors \u00e0 \u00eatre couvert par le dispositif, toujours avant de parapher le contrat de location."},"2":{"question":"Comment faire une demande d'avance Loca-Pass ? ","answer":"Pour faire votre demande vous devez vous rendre sur le site d'Action Logement. vous devrez faire une simulation de vos droits puis remplir le formulaire et y joindre les pi\u00e8ces justificatives demand\u00e9es.\r\n"},"3":{"question":"Quelle s\u00e9curit\u00e9 sociale pour les expatri\u00e9s ?","answer":"En tant qu'expatri\u00e9, vous serez soumis au r\u00e9gime de s\u00e9curit\u00e9 sociale qui existe dans ce pays et vous ne serez plus assur\u00e9 social en France. "},"4":{"question":"Quelles aides sociales pour les Fran\u00e7ais r\u00e9sidant \u00e0 l'\u00e9tranger ?","answer":"Allocation de solidarit\u00e9 ...\r\nAllocation adulte handicap\u00e9 ...\r\nAllocation enfant handicap\u00e9 ...\r\nSecours mensuels sp\u00e9cifique enfants. ...\r\nAllocation \u00e0 dur\u00e9e d\u00e9termin\u00e9e. ...\r\nAides ponctuelles."},"5":{"question":"Quand d\u00e9m\u00e9nager pour ne pas perdre l'APL ?","answer":"Si vous quittez votre logement le mois en cours, vous ne percevrez pas l'allocation du mois pr\u00e9c\u00e9dent (votre allocation ne prend en compte que l'avant-dernier mois)."},"6":{"question":"","answer":""},"7":{"question":"","answer":""},"8":{"question":"","answer":""},"9":{"question":"","answer":""},"10":{"question":"","answer":""},"11":{"question":"","answer":""},"12":{"question":"","answer":""},"13":{"question":"","answer":""},"14":{"question":"","answer":""},"15":{"question":"","answer":""},"16":{"question":"","answer":""}}},"_links":{"self":[{"href":"https:\/\/www.mes-allocs.fr\/guides\/wp-json\/wp\/v2\/posts\/24709","targetHints":{"allow":["GET"]}}],"collection":[{"href":"https:\/\/www.mes-allocs.fr\/guides\/wp-json\/wp\/v2\/posts"}],"about":[{"href":"https:\/\/www.mes-allocs.fr\/guides\/wp-json\/wp\/v2\/types\/post"}],"author":[{"embeddable":true,"href":"https:\/\/www.mes-allocs.fr\/guides\/wp-json\/wp\/v2\/users\/7"}],"replies":[{"embeddable":true,"href":"https:\/\/www.mes-allocs.fr\/guides\/wp-json\/wp\/v2\/comments?post=24709"}],"version-history":[{"count":27,"href":"https:\/\/www.mes-allocs.fr\/guides\/wp-json\/wp\/v2\/posts\/24709\/revisions"}],"predecessor-version":[{"id":108709,"href":"https:\/\/www.mes-allocs.fr\/guides\/wp-json\/wp\/v2\/posts\/24709\/revisions\/108709"}],"wp:featuredmedia":[{"embeddable":true,"href":"https:\/\/www.mes-allocs.fr\/guides\/wp-json\/wp\/v2\/media\/24759"}],"wp:attachment":[{"href":"https:\/\/www.mes-allocs.fr\/guides\/wp-json\/wp\/v2\/media?parent=24709"}],"wp:term":[{"taxonomy":"category","embeddable":true,"href":"https:\/\/www.mes-allocs.fr\/guides\/wp-json\/wp\/v2\/categories?post=24709"},{"taxonomy":"post_tag","embeddable":true,"href":"https:\/\/www.mes-allocs.fr\/guides\/wp-json\/wp\/v2\/tags?post=24709"}],"curies":[{"name":"wp","href":"https:\/\/api.w.org\/{rel}","templated":true}]}}