{"id":24687,"date":"2021-04-15T08:07:27","date_gmt":"2021-04-15T08:07:27","guid":{"rendered":"https:\/\/www.mes-allocs.fr\/guides\/?p=24687"},"modified":"2025-10-14T18:07:52","modified_gmt":"2025-10-14T16:07:52","slug":"securite-sociale-expatrie","status":"publish","type":"post","link":"https:\/\/www.mes-allocs.fr\/guides\/aide-expatriation\/securite-sociale-expatrie\/","title":{"rendered":"Tout savoir sur la s\u00e9curit\u00e9 sociale pour les expatri\u00e9s"},"content":{"rendered":"<p><a href=\"https:\/\/www.mes-allocs.fr\/guides\/wp-content\/uploads\/2021\/04\/pexels-andrea-piacquadio-3769138.jpg\"><img loading=\"lazy\" decoding=\"async\" class=\"aligncenter wp-image-24833 size-full\" src=\"https:\/\/www.mes-allocs.fr\/guides\/wp-content\/uploads\/2021\/04\/pexels-andrea-piacquadio-3769138-e1693931287849.jpg\" alt=\"S\u00e9curit\u00e9 sociale expatri\u00e9 : comment \u00e7a marche ?\" width=\"1280\" height=\"256\" \/><\/a><\/p>\n<p><strong>En tant qu&rsquo;expatri\u00e9, vous \u00eates soumis au r\u00e9gime de s\u00e9curit\u00e9 sociale du pays qui vous accueille. Vous devez donc indiquer votre d\u00e9part \u00e0 votre caisse d&rsquo;assurance maladie, votre caisse d&rsquo;allocations familiales, P\u00f4le Emploi et \u00e0 tout organisme qui vous verse des prestations. Il convient aussi de vous renseigner sur toutes les <a href=\"https:\/\/www.mes-allocs.fr\/guides\/aide-expatriation\/\">aides<\/a> auxquelles vous pouvez avoir droit, car elles sont nombreuses. Mes Allocs vous \u00e9claire sur la s\u00e9curit\u00e9 sociale en tant qu&rsquo;expatri\u00e9.<\/strong><\/p>\n<div class='cta-block'><div class='text'>Simulez toutes vos aides en 2 min.<\/div><a href='https:\/\/www.mes-allocs.fr\/ab-app?origin=guides\/wp-json\/wp\/v2\/posts\/24687' class='app-button fit'>Simulation gratuite<\/a><\/div>\n<h1>Quelle protection sociale pour les expatri\u00e9s ?<\/h1>\n<h2>Le r\u00e9gime de s\u00e9curit\u00e9 sociale pour les expatri\u00e9s<\/h2>\n<p>En tant qu&rsquo;expatri\u00e9, vous serez soumis au r\u00e9gime de s\u00e9curit\u00e9 sociale qui existe dans ce pays d&rsquo; accueil et vous ne serez plus assur\u00e9 au centre des s\u00e9curit\u00e9s sociales avec la France.<\/p>\n<p>Vous devez donc indiquer votre d\u00e9part \u00e0 votre caisse d&rsquo;assurance maladie, votre caisse d&rsquo;allocations familiales, P\u00f4le Emploi ou \u00e0 tout organisme qui vous sert des prestations. Ces d\u00e9marches vous \u00e9viteront d&rsquo;\u00eatre redevable de prestations ind\u00fbment servies. Vous devez\u00a0<strong>restituer votre carte vitale<\/strong>\u00a0qui n&rsquo;est utilisable que si vous r\u00e9sidez et \u00eates assur\u00e9 en France.<\/p>\n<p>Le centre des liaisons europ\u00e9ennes et internationales de s\u00e9curit\u00e9 sociale cleiss vous permet de vous informer sur les protections sociales \u00e0 l&rsquo;internationale.<\/p>\n<p><iframe loading=\"lazy\" title=\"Les aides \u00e0 l&#039;expatriation\" width=\"500\" height=\"281\" src=\"https:\/\/www.youtube.com\/embed\/rFUO4um_G0M?feature=oembed\" frameborder=\"0\" allow=\"accelerometer; autoplay; clipboard-write; encrypted-media; gyroscope; picture-in-picture; web-share\" referrerpolicy=\"strict-origin-when-cross-origin\" allowfullscreen><\/iframe><\/p>\n<h2>Quelles sont les d\u00e9marches ?<\/h2>\n<p>Avant votre d\u00e9part \u00e0 l&rsquo;\u00e9tranger, de nombreuses <a href=\"https:\/\/www.mes-allocs.fr\/guides\/aide-expat\/ameli-a-l-etranger\/\">d\u00e9marches aupr\u00e8s d&rsquo;Ameli<\/a> sont n\u00e9cessaires. Vous devez notamment signaler votre d\u00e9part ainsi que celui de vos enfants mineurs, en transmettant \u00e0 votre caisse d\u2019assurance maladie en France le formulaire \u00ab D\u00e9claration de transfert de r\u00e9sidence hors de France (PDF) \u00bb dans un d\u00e9lai d&rsquo;un mois \u00e0 compter de la date \u00e0 laquelle vous cessez de r\u00e9sider en France.<\/p>\n<p><strong>\u00c0 noter : les personnes majeures qui vous accompagnent doivent de leur c\u00f4t\u00e9 effectuer la d\u00e9marche d&rsquo;eux-m\u00eames.<\/strong><\/p>\n<p>Une fois que vous \u00eates arriv\u00e9 dans votre pays d\u2019expatriation, vous n\u2019\u00eates plus pris en charge par votre r\u00e9gime de s\u00e9curit\u00e9 sociale fran\u00e7ais. Vous devez rendre \u00e0 votre caisse d&rsquo;assurance maladie en France <strong>votre carte Vitale<\/strong>\u00a0et votre carte europ\u00e9enne d&rsquo;assurance maladie (CEAM) ainsi que celles des vos enfants mineurs qui partent avec vous.<\/p>\n<p>Si vous partez dans un \u00c9tat de l&rsquo; Union europ\u00e9enne, de l\u2019espace \u00e9conomique europ\u00e9en (EEE) et de la Suisse,\u00a0demandez \u00e0 votre caisse d\u2019assurance maladie en France le\u00a0<strong>formulaire S041<\/strong>\u00a0\u00ab\u00a0Attestation concernant la totalisation des p\u00e9riodes d&rsquo;assurance, d&#8217;emploi ou de r\u00e9sidence\u00a0\u00bb.<\/p>\n<h2>Quelle protection pour votre famille qui vous accompagne ?<\/h2>\n<p>Votre famille est prot\u00e9g\u00e9e par le r\u00e9gime social du pays accueillant. Si vous r\u00e9sidez dans un pays membre de l\u2019UE\/EEE et que vous recevez des soins en France (lors d\u2019un court s\u00e9jour), les membres de votre famille b\u00e9n\u00e9ficieront de la prise en charge des frais de sant\u00e9 qu\u2019ils re\u00e7oivent en France si vous avez remis le <strong>formulaire S1<\/strong> qui est donn\u00e9 par l\u2019organisme de protection de votre pays de r\u00e9sidence \u00e0 l\u2019assurance s\u00e9curit\u00e9 sociale fran\u00e7aise.<\/p>\n<p>En revanche, si vous r\u00e9sidez dans un pays qui n&rsquo;est pas membre UE\/EEE et qui n&rsquo;a pas sign\u00e9 une <strong>convention de s\u00e9curit\u00e9 sociale<\/strong> avec la France, renseignez-vous sur le syst\u00e8me local de s\u00e9curit\u00e9 sociale avant votre d\u00e9part. Selon l&rsquo;ensemble des soins de sant\u00e9 n\u00e9cessaire au quotidien pour vous et votre famille, vous pourrez souscrire une assurance sant\u00e9, assurance priv\u00e9e.<\/p>\n<div class=\"field-item odd\">\n<div class=\"entity entity-paragraphs-item paragraphs-item-field-ameli-paragraph-titre-sect\">\n<div class=\"content\">\n<div id=\"text_99886\">\n<div class=\"field field-name-field-ameli-paragraph-title field-type-text field-label-hidden\">\n<div class=\"field-items\">\n<h2 class=\"field-item even\">Remboursement des frais m\u00e9dicaux pour un expatri\u00e9<\/h2>\n<\/div>\n<\/div>\n<\/div>\n<\/div>\n<\/div>\n<\/div>\n<div class=\"field-item even\">\n<div class=\"entity entity-paragraphs-item paragraphs-item-field-ameli-paragraph-simple\">\n<div class=\"content\">\n<div class=\"field field-name-field-ameli-paragraph-body field-type-text-with-summary field-label-hidden\">\n<div class=\"field-items\">\n<p>Lorsque vous travaillez \u00e0 l&rsquo; \u00e9tranger, que vous \u00eates expatri\u00e9, les frais m\u00e9dicaux sont pris en charge par l\u2019organisme d\u2019assurance maladie de votre pays d\u2019expatriation. Selon les pays, certains syst\u00e8mes de sant\u00e9 prennent \u00e9galement en charge des indemnit\u00e9s journali\u00e8res en cas d\u2019arr\u00eat de travail pour maladie, accident du travail ou de trajet.<\/p>\n<p><strong>\u00c0 noter<\/strong> : Vous pouvez souscrire \u00e0 une assurance volontaire pendant la dur\u00e9e de votre expatriation.<\/p>\n<h1>Les assurances sant\u00e9 en France<\/h1>\n<p>En termes d&rsquo;<a href=\"https:\/\/www.mes-allocs.fr\/guides\/aide-expat\/assurance-sante-expatrie\/\">assurance sant\u00e9<\/a>, plusieurs choix s&rsquo;offrent \u00e0 vous.<\/p>\n<h2>La Caisse des Fran\u00e7ais de l&rsquo;\u00e9tranger (CFE)<\/h2>\n<h3>Comment \u00e7a marche ?<\/h3>\n<p>Il s&rsquo;agit d&rsquo;une caisse facultative destin\u00e9e aux Fran\u00e7ais qui r\u00e9sident \u00e0 l&rsquo;\u00e9tranger. L\u2019int\u00e9r\u00eat est de <strong>rembourser sur la m\u00eame base que la S\u00e9curit\u00e9 sociale fran\u00e7aise<\/strong>,<strong>\u00a0contre une cotisation<\/strong>, pour les consultations m\u00e9dicales, p\u00e9riodes d\u2019hospitalisation et achats de m\u00e9dicaments. Le fait d&rsquo;adh\u00e9rer \u00e0 la CFE ne vous emp\u00eache pas de souscrire \u00e0 une assurance sant\u00e9 compl\u00e9mentaire pour compl\u00e9ter le reste \u00e0 charge.<\/p>\n<p>Pour continuer \u00e0 b\u00e9n\u00e9ficier du r\u00e9gime de l&rsquo;Assurance Maladie fran\u00e7aise en tant qu\u2019expatri\u00e9, vous pouvez adh\u00e9rer \u00e0 la\u00a0Caisse des Fran\u00e7ais de l&rsquo;\u00e9tranger (CFE). Vous devez dans ce cas \u00e0 la fois cotiser au r\u00e9gime obligatoire du pays d&rsquo;expatriation et \u00e0 la CFE. \u00c0 votre retour en France, vous \u00e9viterez ainsi les d\u00e9lais de carence ou les trimestres perdus pour votre retraite.<\/p>\n<p>La CFE a de nombreux accords avec les mutuelles et les assurances compl\u00e9mentaires, ce qui permet de ralentir les d\u00e9lais de traitement et de remboursement. La CFE permet aussi d\u2019assurer une continuit\u00e9 dans les droits jusqu\u2019au retour en France. Ainsi, si vous \u00eates adh\u00e9rent \u00e0 la CFE, vous n\u2019aurez pas de d\u00e9lai de carence ni de trimestres perdus au niveau de la retraite.<\/p>\n<p><strong>L&rsquo;adh\u00e9sion volontaire \u00e0 la CFE peut se faire individuellement ou par votre employeur. Cela peut couvrir 3 risques :\u00a0<\/strong><\/p>\n<ul>\n<li><strong>La maladie, la maternit\u00e9 et l\u2019invalidit\u00e9<\/strong><\/li>\n<li><strong>Les accidents du travail et maladies professionnelles<\/strong><\/li>\n<li><strong>La retraite<\/strong>\u00a0(retraite de la S\u00e9curit\u00e9 sociale g\u00e9r\u00e9e par la CNAV)<\/li>\n<\/ul>\n<p>Si vous \u00eates expatri\u00e9 dans des pays o\u00f9 les frais de sant\u00e9 sont on\u00e9reux (\u00c9tats-Unis, Japon\u2026), une assurance sant\u00e9 internationale compl\u00e9mentaire est \u00e0 pr\u00e9voir.<\/p>\n<h3>Quel est le montant de la cotisation ?<\/h3>\n<p>Les cotisations \u00e0 la CFE sont calcul\u00e9es selon votre \u00e2ge ainsi que la composition de votre famille (contrat solo ou famille). Vous pouvez \u00e9galement faire une \u00e9valuation du montant de vos cotisations sur le site internet de la CFE.<\/p>\n<p>En adh\u00e9rant \u00e0 la CFE d\u00e8s votre d\u00e9part de France, vous assurez la continuit\u00e9 de vos droit. C&rsquo;est-\u00e0-dire pas de d\u00e9lai de carence, et pas non plus de trimestres perdus pour votre retraite.<\/p>\n<p>En \u00e9change, vous b\u00e9n\u00e9ficiez de remboursements partiels de vos soins de sant\u00e9 et ceux de votre famille. Depuis le 1er janvier 2020, leur bar\u00e8me est en pourcentages des frais de sant\u00e9 r\u00e9ellement engag\u00e9s ou en forfait. Ces derniers sont susceptibles de varier\u00a0en fonction des pays, r\u00e9partis en 5 zones.<\/p>\n<p><strong>Ils sont par exemple de :<\/strong><\/p>\n<p>&#8211;\u00a0\u00a0 \u00a0<strong>70 % avec une limite de remboursement maximal de 25 \u20ac<\/strong>, pour une consultation de\u00a0<strong>m\u00e9decin g\u00e9n\u00e9raliste ou sp\u00e9cialiste<\/strong>, quel que soit votre pays de r\u00e9sidence<br \/>\n&#8211;\u00a0\u00a0 \u00a0<strong>10 \u00e0 30 % pour les soins dentaires<\/strong>, en fonction de votre zone de r\u00e9sidence ;<br \/>\n&#8211;\u00a0\u00a0 \u00a0<strong>19 \u00e0 67 % pour l\u2019hospitalisation<\/strong>, l\u00e0 encore en fonction de votre r\u00e9gion.<\/p>\n<h2>L&rsquo;assurance volontaire<\/h2>\n<p>Si vous estimez que la protection sociale dont vous b\u00e9n\u00e9ficierez n&rsquo;est pas suffisante et\/ou vous souhaitez continuer \u00e0 b\u00e9n\u00e9ficier du r\u00e9gime fran\u00e7ais pour certains risques, vous pouvez cotiser \u00e0 titre volontaire et en plus de votre affiliation obligatoire dans votre pays de travail, il s&rsquo;agit d&rsquo;une assurance priv\u00e9e. Le fait de cotiser en France \u00e0 une assurance sant\u00e9 volontaire ne vous exon\u00e8re pas du versement des cotisations obligatoires dans le pays d&rsquo; accueil.<\/p>\n<h2><strong>L&rsquo;assurance sant\u00e9 internationale<\/strong><\/h2>\n<p>Ce type d\u2019assurance se substitue \u00e0 un r\u00e9gime de base en remboursant \u00e0 partir du premier euro d\u00e9pens\u00e9, et jusqu\u2019\u00e0 un plafond plus ou moins \u00e9lev\u00e9 selon la formule.<\/p>\n<\/div>\n<\/div>\n<\/div>\n<\/div>\n<\/div>\n<h1>Que faire en cas de retour en France apr\u00e8s une expatriation ?<\/h1>\n<p>Avant votre retour, vous devez signaler votre d\u00e9part \u00e0 la caisse d\u2019assurance maladie \u00e0 laquelle vous \u00e9tiez affili\u00e9 dans votre pays d\u2019expatriation. En France, vous devez communiquer \u00e0 votre caisse d\u2019assurance maladie le formulaire S1106. L&rsquo;objectif \u00e9tant de proc\u00e9der \u00e0 votre <a href=\"https:\/\/www.mes-allocs.fr\/guides\/aide-expatriation\/securite-sociale-expatrie\/retour-en-france-inscription-securite-sociale\/\">inscription aupr\u00e8s de la S\u00e9curit\u00e9 Sociale<\/a> et de b\u00e9n\u00e9ficier d&rsquo;une couverture sant\u00e9.<\/p>\n<h1>Qu&rsquo;est-ce qu&rsquo;\u00eatre expatri\u00e9 ?<\/h1>\n<p>Selon la loi, un fran\u00e7ais partant \u00e0 l&rsquo;\u00e9tranger pour exercer \u00e0 titre principal une activit\u00e9 professionnelle b\u00e9n\u00e9ficie du statut d&rsquo;expatri\u00e9.<\/p>\n<p><strong>Il peut \u00eatre soumis indiff\u00e9remment \u00e0 :<\/strong><\/p>\n<ul>\n<li>un\u00a0<strong>contrat de travail r\u00e9gi par le droit local<\/strong>,<\/li>\n<li>\u00e0 un\u00a0<strong>contrat de travail aupr\u00e8s d\u2019une entreprise fran\u00e7aise<\/strong>,<\/li>\n<li>ou encore, exercer une <strong>activit\u00e9 ind\u00e9pendante sur place<\/strong>.<\/li>\n<\/ul>\n<p>Pendant sa p\u00e9riode d&rsquo;exercice \u00e0 l&rsquo;\u00e9tranger, l&rsquo;expatri\u00e9 rompt totalement son lien avec le syst\u00e8me social fran\u00e7ais. Sauf en cas d\u2019adh\u00e9sion \u00e0 la Caisse des Fran\u00e7ais de l\u2019\u00c9tranger (CFE).<\/p>\n<p>C\u2019est ce qui le distingue principalement du\u00a0<strong>travailleur d\u00e9tach\u00e9<\/strong>, lequel\u00a0<strong>conserve quant \u00e0 lui une attache fonctionnelle avec son employeur et la S\u00e9curit\u00e9 sociale<\/strong>. Le\u00a0<strong>d\u00e9tach\u00e9<\/strong>\u00a0n\u2019est donc<strong>\u00a0pas consid\u00e9r\u00e9 comme un expatri\u00e9<\/strong> en droit fran\u00e7ais, sauf si le salari\u00e9 choisit de rester \u00e0 l\u2019\u00e9tranger \u00e0 l\u2019expiration de son d\u00e9tachement. Mois de fran\u00e7ais \u00e9tablis hors de France. P\u00f4le Emploi prend en compte les p\u00e9riodes de travail r\u00e9alis\u00e9es \u00e0 l&rsquo;\u00e9tranger<\/p>\n<p>Le statut d&rsquo;expatri\u00e9 vous permet de b\u00e9n\u00e9ficier d&rsquo;une fiscalit\u00e9 moins lourde que celle des travailleurs fran\u00e7ais, n\u00e9anmoins la protection sociale est moins avantageuse, car cela peut s&rsquo;av\u00e9rer plus cher qu&rsquo;en France.<\/p>\n<p><strong>Attention : si vous conservez une r\u00e9sidence en France pendant votre p\u00e9riode d&rsquo;expatriation, vous restez imposable \u00e0 l&rsquo;imp\u00f4t fran\u00e7ais, y compris pendant les mois de r\u00e9sidence \u00e0 l&rsquo;\u00e9tranger.<\/strong><\/p>\n<h1>Le Cleiss (Centre des liaisons europ\u00e9ennes et internationales de s\u00e9curit\u00e9 sociale)<\/h1>\n<p>Centre des liaisons europ\u00e9ennes et internationales de s\u00e9curit\u00e9 sociale Cleiss est un \u00e9tablissement public national. Il a pour objectif d&rsquo;informer sur la protection sociale dans un contexte de mobilit\u00e9 internationale. Il est plac\u00e9 sous la double tutelle du minist\u00e8re charg\u00e9 de la s\u00e9curit\u00e9 sociale et du minist\u00e8re charg\u00e9 du budget.<\/p>\n<p><strong>\u00c0 noter : Centre des liaisons europ\u00e9ennes et internationales est en lien avec le centre des s\u00e9curit\u00e9 sociale avec la France. Il a pour objectif d&rsquo;informer sur la protection sociale des personnes en mobilit\u00e9 internationale<\/strong>.<\/p>\n<p>En cas de besoin, un <a href=\"https:\/\/www.mes-allocs.fr\/souscription\">expert de l&rsquo;\u00e9quipe Mes Allocs<\/a> est pr\u00e9sent pour vous aider dans vos d\u00e9marches !<\/p>\n<div class='cta-block'><div class='text'>Simulez toutes vos aides en 2 min.<\/div><a href='https:\/\/www.mes-allocs.fr\/ab-app?origin=guides\/wp-json\/wp\/v2\/posts\/24687' class='app-button fit'>Simulation gratuite<\/a><\/div>\n","protected":false},"excerpt":{"rendered":"<p>En tant qu&rsquo;expatri\u00e9, vous \u00eates soumis au r\u00e9gime de s\u00e9curit\u00e9 sociale du pays qui vous accueille. Vous devez donc indiquer votre d\u00e9part \u00e0 votre caisse d&rsquo;assurance maladie, votre caisse d&rsquo;allocations familiales, P\u00f4le Emploi et \u00e0 tout organisme qui vous verse des prestations. Il convient aussi de vous renseigner sur toutes les aides auxquelles vous pouvez [&hellip;]<\/p>\n","protected":false},"author":7,"featured_media":24833,"comment_status":"open","ping_status":"open","sticky":false,"template":"","format":"standard","meta":{"amp_status":"","footnotes":""},"categories":[8642],"tags":[],"class_list":["post-24687","post","type-post","status-publish","format-standard","has-post-thumbnail","hentry","category-aide-expatriation"],"yoast_head":"<!-- This site is optimized with the Yoast SEO plugin v14.9 - https:\/\/yoast.com\/wordpress\/plugins\/seo\/ -->\n<title>Tout savoir sur la s\u00e9curit\u00e9 sociale pour les expatri\u00e9s | Mes-Allocs.fr<\/title>\n<meta name=\"description\" content=\"Un expatri\u00e9 est affili\u00e9 au r\u00e9gime de s\u00e9curit\u00e9 sociale du pays qui va l&#039;accueillir. Mes Allocs vous explique tout en d\u00e9tail ici.\" \/>\n<meta name=\"robots\" content=\"index, follow, max-snippet:-1, max-image-preview:large, max-video-preview:-1\" \/>\n<link rel=\"canonical\" href=\"https:\/\/www.mes-allocs.fr\/guides\/aide-expatriation\/securite-sociale-expatrie\/\" \/>\n<meta property=\"og:locale\" content=\"fr_FR\" \/>\n<meta property=\"og:type\" content=\"article\" \/>\n<meta property=\"og:title\" content=\"Tout savoir sur la s\u00e9curit\u00e9 sociale pour les expatri\u00e9s | Mes-Allocs.fr\" \/>\n<meta property=\"og:description\" content=\"Un expatri\u00e9 est affili\u00e9 au r\u00e9gime de s\u00e9curit\u00e9 sociale du pays qui va l&#039;accueillir. Mes Allocs vous explique tout en d\u00e9tail ici.\" \/>\n<meta property=\"og:url\" content=\"https:\/\/www.mes-allocs.fr\/guides\/aide-expatriation\/securite-sociale-expatrie\/\" \/>\n<meta property=\"og:site_name\" content=\"Mes-Allocs.fr\" \/>\n<meta property=\"article:published_time\" content=\"2021-04-15T08:07:27+00:00\" \/>\n<meta property=\"article:modified_time\" content=\"2025-10-14T16:07:52+00:00\" \/>\n<meta property=\"og:image\" content=\"https:\/\/www.mes-allocs.fr\/guides\/wp-content\/uploads\/2021\/04\/pexels-andrea-piacquadio-3769138.jpg?wsr\" \/>\n\t<meta property=\"og:image:width\" content=\"1280\" \/>\n\t<meta property=\"og:image:height\" content=\"838\" \/>\n<meta name=\"twitter:card\" content=\"summary_large_image\" \/>\n<script type=\"application\/ld+json\" class=\"yoast-schema-graph\">{\"@context\":\"https:\/\/schema.org\",\"@graph\":[{\"@type\":\"WebSite\",\"@id\":\"https:\/\/www.mes-allocs.fr\/guides\/#website\",\"url\":\"https:\/\/www.mes-allocs.fr\/guides\/\",\"name\":\"Mes-Allocs.fr\",\"description\":\"\",\"potentialAction\":[{\"@type\":\"SearchAction\",\"target\":\"https:\/\/www.mes-allocs.fr\/guides\/?s={search_term_string}\",\"query-input\":\"required name=search_term_string\"}],\"inLanguage\":\"fr-FR\"},{\"@type\":\"ImageObject\",\"@id\":\"https:\/\/www.mes-allocs.fr\/guides\/aide-expatriation\/securite-sociale-expatrie\/#primaryimage\",\"inLanguage\":\"fr-FR\",\"url\":\"https:\/\/www.mes-allocs.fr\/guides\/wp-content\/uploads\/2021\/04\/pexels-andrea-piacquadio-3769138.jpg?wsr\",\"width\":1280,\"height\":838,\"caption\":\"S\\u00e9curit\\u00e9 sociale expatri\\u00e9 : comment \\u00e7a marche ?\"},{\"@type\":\"WebPage\",\"@id\":\"https:\/\/www.mes-allocs.fr\/guides\/aide-expatriation\/securite-sociale-expatrie\/#webpage\",\"url\":\"https:\/\/www.mes-allocs.fr\/guides\/aide-expatriation\/securite-sociale-expatrie\/\",\"name\":\"Tout savoir sur la s\\u00e9curit\\u00e9 sociale pour les expatri\\u00e9s | Mes-Allocs.fr\",\"isPartOf\":{\"@id\":\"https:\/\/www.mes-allocs.fr\/guides\/#website\"},\"primaryImageOfPage\":{\"@id\":\"https:\/\/www.mes-allocs.fr\/guides\/aide-expatriation\/securite-sociale-expatrie\/#primaryimage\"},\"datePublished\":\"2021-04-15T08:07:27+00:00\",\"dateModified\":\"2025-10-14T16:07:52+00:00\",\"author\":{\"@id\":\"https:\/\/www.mes-allocs.fr\/guides\/#\/schema\/person\/1c4837d5703727cb02ce84583b5a44aa\"},\"description\":\"Un expatri\\u00e9 est affili\\u00e9 au r\\u00e9gime de s\\u00e9curit\\u00e9 sociale du pays qui va l'accueillir. Mes Allocs vous explique tout en d\\u00e9tail ici.\",\"inLanguage\":\"fr-FR\"},{\"@type\":\"Person\",\"@id\":\"https:\/\/www.mes-allocs.fr\/guides\/#\/schema\/person\/1c4837d5703727cb02ce84583b5a44aa\",\"name\":\"Fabiola\",\"image\":{\"@type\":\"ImageObject\",\"@id\":\"https:\/\/www.mes-allocs.fr\/guides\/#personlogo\",\"inLanguage\":\"fr-FR\",\"url\":\"https:\/\/www.mes-allocs.fr\/guides\/wp-content\/uploads\/2021\/06\/fabiola-150x150.png\",\"caption\":\"Fabiola\"},\"description\":\"Fabiola est r\\u00e9dactrice au sein de l'\\u00e9quipe Mes Allocs, sp\\u00e9cialis\\u00e9e en sciences politiques et affaires publiques. Dipl\\u00f4m\\u00e9e de l'HEIP, elle rejoint Mes Allocs apr\\u00e8s une premi\\u00e8re exp\\u00e9rience \\u00e0 l'Assembl\\u00e9e Nationale.\",\"sameAs\":[\"https:\/\/www.linkedin.com\/in\/cecilia-philippe-b-8a8085195\"]}]}<\/script>\n<!-- \/ Yoast SEO plugin. -->","amp_validity":null,"acf":{"faq":{"1":{"question":"Quel est le salaire moyen d'un expatri\u00e9 ? ","answer":"En moyenne un expatri\u00e9 gagne en 70.000 et 85.000 euros. Tout d\u00e9pend de l'activit\u00e9 exerc\u00e9e."},"2":{"question":" Qu'est-ce qu'un contrat d'expatriation ?","answer":"Le statut d'expatri\u00e9 d\u00e9signe un travailleur fran\u00e7ais du secteur priv\u00e9 exer\u00e7ant son m\u00e9tier \u00e0 l'\u00e9tranger dans le cadre d'un contrat de travail fran\u00e7ais ou d'un contrat de travail local."},"3":{"question":"Comment b\u00e9n\u00e9ficier de la s\u00e9curit\u00e9 sociale \u00e0 l'\u00e9tranger ?","answer":"Pendant votre s\u00e9jour \u00e0 l'\u00e9tranger, vous continuez \u00e0 b\u00e9n\u00e9ficier du r\u00e9gime fran\u00e7ais de s\u00e9curit\u00e9 sociale pour l'ensemble des risques."},"4":{"question":"Comment obtenir le formulaire S1 en France ?","answer":"Vous pouvez vous procurer le formulaire S1 aupr\u00e8s de l'organisme de sant\u00e9 auquel vous \u00eates affili\u00e9."},"5":{"question":"Qui doit remplir le formulaire S1 ?","answer":"Le formulaire S1 est \u00e0 destination des personnes assur\u00e9es ainsi que\/ou des membres de leur famille r\u00e9sidant dans un \u00c9tat membre de l'Union europ\u00e9enne (UE)."},"6":{"question":"Qu'est-ce que le formulaire e104 ?","answer":"Formulaire E 104 \"Attestation concernant la totalisation des p\u00e9riodes d'assurance, d'emploi ou de r\u00e9sidence\""},"7":{"question":"","answer":""},"8":{"question":"","answer":""},"9":{"question":"","answer":""},"10":{"question":"","answer":""},"11":{"question":"","answer":""},"12":{"question":"","answer":""},"13":{"question":"","answer":""},"14":{"question":"","answer":""},"15":{"question":"","answer":""},"16":{"question":"","answer":""}}},"_links":{"self":[{"href":"https:\/\/www.mes-allocs.fr\/guides\/wp-json\/wp\/v2\/posts\/24687","targetHints":{"allow":["GET"]}}],"collection":[{"href":"https:\/\/www.mes-allocs.fr\/guides\/wp-json\/wp\/v2\/posts"}],"about":[{"href":"https:\/\/www.mes-allocs.fr\/guides\/wp-json\/wp\/v2\/types\/post"}],"author":[{"embeddable":true,"href":"https:\/\/www.mes-allocs.fr\/guides\/wp-json\/wp\/v2\/users\/7"}],"replies":[{"embeddable":true,"href":"https:\/\/www.mes-allocs.fr\/guides\/wp-json\/wp\/v2\/comments?post=24687"}],"version-history":[{"count":16,"href":"https:\/\/www.mes-allocs.fr\/guides\/wp-json\/wp\/v2\/posts\/24687\/revisions"}],"predecessor-version":[{"id":102047,"href":"https:\/\/www.mes-allocs.fr\/guides\/wp-json\/wp\/v2\/posts\/24687\/revisions\/102047"}],"wp:featuredmedia":[{"embeddable":true,"href":"https:\/\/www.mes-allocs.fr\/guides\/wp-json\/wp\/v2\/media\/24833"}],"wp:attachment":[{"href":"https:\/\/www.mes-allocs.fr\/guides\/wp-json\/wp\/v2\/media?parent=24687"}],"wp:term":[{"taxonomy":"category","embeddable":true,"href":"https:\/\/www.mes-allocs.fr\/guides\/wp-json\/wp\/v2\/categories?post=24687"},{"taxonomy":"post_tag","embeddable":true,"href":"https:\/\/www.mes-allocs.fr\/guides\/wp-json\/wp\/v2\/tags?post=24687"}],"curies":[{"name":"wp","href":"https:\/\/api.w.org\/{rel}","templated":true}]}}