{"id":24619,"date":"2021-04-09T13:54:47","date_gmt":"2021-04-09T13:54:47","guid":{"rendered":"https:\/\/www.mes-allocs.fr\/guides\/?p=24619"},"modified":"2026-03-04T17:56:31","modified_gmt":"2026-03-04T16:56:31","slug":"changement-carriere-fonction-publique","status":"publish","type":"post","link":"https:\/\/www.mes-allocs.fr\/guides\/reconversion-professionnelle\/changer-de-carriere\/changement-carriere-fonction-publique\/","title":{"rendered":"Comment changer de carri\u00e8re dans la fonction publique ?"},"content":{"rendered":"<p><a href=\"https:\/\/www.mes-allocs.fr\/guides\/wp-content\/uploads\/2021\/04\/pexels-sora-shimazaki-5668842-1.jpg\"><img loading=\"lazy\" decoding=\"async\" class=\"alignnone wp-image-24649 size-full\" title=\"changement de carri\u00e8re fonction publique\" src=\"https:\/\/www.mes-allocs.fr\/guides\/wp-content\/uploads\/2021\/04\/pexels-sora-shimazaki-5668842-1-e1617893082134.jpg\" alt=\"changement de carri\u00e8re fonction publique\" width=\"1280\" height=\"336\" srcset=\"https:\/\/www.mes-allocs.fr\/guides\/wp-content\/uploads\/2021\/04\/pexels-sora-shimazaki-5668842-1-e1617893082134.jpg 1280w, https:\/\/www.mes-allocs.fr\/guides\/wp-content\/uploads\/2021\/04\/pexels-sora-shimazaki-5668842-1-e1617893082134-300x79.jpg 300w, https:\/\/www.mes-allocs.fr\/guides\/wp-content\/uploads\/2021\/04\/pexels-sora-shimazaki-5668842-1-e1617893082134-1024x269.jpg 1024w, https:\/\/www.mes-allocs.fr\/guides\/wp-content\/uploads\/2021\/04\/pexels-sora-shimazaki-5668842-1-e1617893082134-768x202.jpg 768w, https:\/\/www.mes-allocs.fr\/guides\/wp-content\/uploads\/2021\/04\/pexels-sora-shimazaki-5668842-1-e1617893082134-600x158.jpg 600w\" sizes=\"auto, (max-width: 1280px) 100vw, 1280px\" \/><\/a><\/p>\n<p class=\"contenu\">[Mis \u00e0 jour le 04\/03\/2026] Vous \u00eates fonctionnaire et vous souhaitez faire une <a href=\"https:\/\/www.mes-allocs.fr\/guides\/reconversion-professionnelle\/\">reconversion professionnelle<\/a> ? Plusieurs options s&rsquo;offrent \u00e0 vous. Vous pouvez monter en grade, changer de service, travailler dans une autre administration, cr\u00e9er votre entreprise ou travailler dans le secteur priv\u00e9. Vous avez le choix d&rsquo;une mobilit\u00e9 interne ou externe ou de suivre une formation dans le cadre du cong\u00e9 professionnel de formation. Mes Allocs vous aide dans votre projet de <strong>changement de carri\u00e8re dans la fonction publique<\/strong>.<\/p>\n<div class='cta-block'><div class='text'>Besoin d&rsquo;aide dans votre reconversion ?<\/div><a href='' class='app-button fit'>En savoir plus sur notre programme<\/a><\/div>\n<h1>Pourquoi se reconvertir professionnellement ?<\/h1>\n<h2>Quels signaux prouvent qu&rsquo;il est temps de changer de parcours professionnel ?<\/h2>\n<p>Vous vous sentez de plus en plus fatigu\u00e9, vous avez une sensation de lassitude par rapport \u00e0 votre emploi. Ces avertissements doivent \u00eatre pris en compte. Plusieurs signaux montrent qu&rsquo;il est temps de faire le point et de, peut-\u00eatre, <a href=\"https:\/\/www.mes-allocs.fr\/guides\/reconversion-professionnelle\/changer-de-carriere-professionnelle\/\">changer de poste<\/a> :<\/p>\n<ul>\n<li>vous \u00eates de plus en plus \u00e9puis\u00e9 quand vous rentrez du travail ;<\/li>\n<li>vous vous ennuyez ;<\/li>\n<li>lorsque vos proches vous parle de leur emploi avec joie, vous ressentez de la jalousie ;<\/li>\n<li>vous avez l&rsquo;impression d&rsquo;avoir fait le tour de votre emploi ;<\/li>\n<li>vous souhaitez avoir un plus haut niveau de responsabilit\u00e9 ;<\/li>\n<li>ou vous voulez faire une mobilit\u00e9 g\u00e9ographique ;<\/li>\n<li>changer d&#8217;employeur ;<\/li>\n<li>ou encore vous souhaitez r\u00e9aliser un r\u00eave non assouvi.<\/li>\n<\/ul>\n<p>Les raisons pour une reconversion sont multiples et le plus important est de vous \u00e9couter. Vous seul pouvez comprendre qu&rsquo;il est temps de changer.<\/p>\n<h2>Quand faut-il se reconvertir ?<\/h2>\n<p>Il n&rsquo;y a pas d&rsquo; \u00e2ge id\u00e9al pour changer de voie professionnelle. Vous poss\u00e9dez des ressources diff\u00e9rentes tout au long de votre vie. Votre avenir professionnel peut changer si vous en avez la volont\u00e9, que vous soyez salari\u00e9 du secteur priv\u00e9 ou agent de la fonction publique.<\/p>\n<h3>Reconversion\u00a0 professionnelle \u00e0 30 ans<\/h3>\n<p>\u00c0 30 ans, vous avez s\u00fbrement eu le temps d&rsquo;exercer plusieurs petits boulots. Vous avez peut-\u00eatre fait plusieurs formations et vous \u00eates un jeune dipl\u00f4m\u00e9. De plus, vous \u00eates mature et vous avez la force mentale et physique de recommencer une formation, un emploi. Vous \u00eates plein d&rsquo;\u00e9nergie pendant votre trentaine et vous avez du temps pour vous former.<\/p>\n<h3>Reconversion professionnelle \u00e0 40 ans<\/h3>\n<p>Commencer une nouvelle carri\u00e8re professionnelle peut sembler plus simple car vous \u00eates assez mature pour conna\u00eetre vos envie. Votre d\u00e9cision de reconversion sera certainement plus r\u00e9fl\u00e9chie. En effet, vous avez de nombreuses responsabilit\u00e9s (cr\u00e9dit \u00e0 rembourser, enfants \u00e0 \u00e9lever) \u00e0 40 ans.<\/p>\n<h3>Reconversion professionnelle \u00e0 50 ans<\/h3>\n<p>La reconversion professionnelle demande souvent des investissements financiers, si vous fa\u00eete une formation ou si vous souhaitez cr\u00e9er ou reprendre une entreprise. Il sera plus facile pour vous de vous reconvertir \u00e0 partir de 50 ans si vous poss\u00e9dez quelques \u00e9conomies. Vous n&rsquo;avez plus de jeune enfant \u00e0 charge et votre cr\u00e9dit est bient\u00f4t rembours\u00e9.<\/p>\n<h3>Reconversion professionnelle \u00e0 60 ans<\/h3>\n<p>Un changement d&rsquo; orientation professionnelle est m\u00eame possible \u00e0 60 ans. Si vous avez la volont\u00e9 d&rsquo;entrer dans un nouveau monde professionnel, tout est possible. Vous aurez plus d&rsquo;exp\u00e9rience que les autres.<\/p>\n<p>Financi\u00e8rement, vous serez mieux loti puisque vous n&rsquo;avez plus \u00e0 vous occuper de vos enfants. Et, vous n&rsquo;avez g\u00e9n\u00e9ralement plus de cr\u00e9dit \u00e0 rembourser.<\/p>\n<p>Mes Allocs vous accompagne et vous coach pour r\u00e9ussir votre reconversion professionnelle. Prenez <a href=\"https:\/\/www.formademia.fr\/formulaire\/coaching\">rendez-vous<\/a> !<\/p>\n<p><iframe loading=\"lazy\" title=\"La reconversion professionnelle\" width=\"500\" height=\"281\" src=\"https:\/\/www.youtube.com\/embed\/EiVUthswxl0?feature=oembed\" frameborder=\"0\" allow=\"accelerometer; autoplay; clipboard-write; encrypted-media; gyroscope; picture-in-picture; web-share\" referrerpolicy=\"strict-origin-when-cross-origin\" allowfullscreen><\/iframe><\/p>\n<h1>Quels dispositifs peuvent vous \u00e9clairer dans votre reconversion ?<\/h1>\n<h2>Le bilan de comp\u00e9tence<\/h2>\n<p class=\"contenu\"><strong>Le bilan de comp\u00e9tences est une \u00e9tape importante dans le processus de reconversion professionnelle lorsque vous \u00eates dans la fonction publique<\/strong>. Celui-ci poss\u00e8de plusieurs objectifs.<\/p>\n<p class=\"contenu\">Il vous permet d&rsquo;abord d\u2019analyser vos comp\u00e9tences personnelles (soft skills) et professionnelles, vos aptitudes et\u00a0 motivations. Ensuite, il vous aide \u00e0 d\u00e9finir votre projet professionnel ou votre projet de formation si vous souhaitez reprendre des \u00e9tudes. Enfin, il vous montre comment mettre en avant vos connaissances \u00e0 profit pour trouver un nouvel emploi, une formation professionnelle ou une \u00e9volution de carri\u00e8re.<\/p>\n<p>Vous pouvez utiliser votre compte personnel de formation pour les bilans de comp\u00e9tences :<\/p>\n<ul class=\"spip\">\n<li>En mobilisant votre compte personnel de formation pour un bilan r\u00e9alis\u00e9 hors temps de travail. Dans ce cas, vous n&rsquo;avez pas besoin d&rsquo;informer votre employeur.<\/li>\n<\/ul>\n<ul class=\"spip\">\n<li>En mobilisant votre compte personnel de formation pour un bilan en tout ou partie, pendant le temps de travail. N&rsquo;oubliez pas de demander l\u2019accord pr\u00e9alable de l\u2019employeur en vous r\u00e9f\u00e9rant aux r\u00e8gles du compte personnel de formation.<\/li>\n<\/ul>\n<p class=\"p1\"><div class='cta-block'><div class='text'>Besoin d&rsquo;aide dans votre reconversion ?<\/div><a href='' class='app-button fit'>En savoir plus sur notre programme<\/a><\/div><\/p>\n<h2 class=\"page-title\">Le conseil en mobilit\u00e9-carri\u00e8re dans les services de l\u2019\u00c9tat<span class=\"date\">\u00a0<\/span><\/h2>\n<p>Un guide est destin\u00e9 \u00e0 l&rsquo;accompagnement de la mobilit\u00e9 et des carri\u00e8res. Il est \u00e0 l&rsquo;attention des professionnels impliqu\u00e9s dans la gestion des ressources humaines des services de l\u2019\u00c9tat et de ses \u00e9tablissements.<\/p>\n<p>Des conseillers mobilit\u00e9 carri\u00e8re (CMC) peuvent vous accompagner dans votre \u00e9volution professionnelle.<\/p>\n<h2>Le cong\u00e9 de formation professionnelle (CFP)<\/h2>\n<p>Le cong\u00e9 de formation professionnelle (CFP) permet aux agents d&rsquo;avoir une formation personnelle gr\u00e2ce \u00e0 des stages de formation professionnels ou personnels. Sa dur\u00e9e ne peut pas exc\u00e9der trois ans.<\/p>\n<p>Pour les membres de la <strong>fonction publique d&rsquo;\u00c9tat et la fonction publique territoriale<\/strong>, vous devez demander votre cong\u00e9 de formation 120 jours avant le d\u00e9but de la formation.<\/p>\n<p>Pour les membres<strong> de la fonction publique hospitali\u00e8re<\/strong>, l&rsquo;agent doit demander une autorisation d&rsquo;absence administrative et \u00e9galement faire une demande prise en charge financi\u00e8re. L&rsquo;agent hospitalier doit retirer un dossier aupr\u00e8s d&rsquo;une d\u00e9l\u00e9gation r\u00e9gionale de l&rsquo;Association nationale pour la formation permanente des personnels hospitaliers (ANFH).<\/p>\n<h2>France Travail<\/h2>\n<p>Gr\u00e2ce \u00e0 France Travail, vous pouvez conna\u00eetre les emplois le plus recherch\u00e9s dans la fonction publique et vous diriger vers ceux-ci. On retrouve dans les cinq premi\u00e8res positions :<\/p>\n<ol>\n<li>Professeur ;<\/li>\n<li>Secr\u00e9taire administratif ;<\/li>\n<li>Adjoint administratif ;<\/li>\n<li>Assistant de service social ;<\/li>\n<li>Auxiliaire de pu\u00e9riculture.<\/li>\n<\/ol>\n<p>France Travail vous oriente \u00e9galement vers les offres d&#8217;emploi qui vous correspondront.<\/p>\n<h1 class=\"en-tete\">Mobilit\u00e9 interne ou mobilit\u00e9 externe : les options<\/h1>\n<h2>La mutation sur demande du fonctionnaire<\/h2>\n<p>L&rsquo;administration doit proposer aux agents publics int\u00e9ress\u00e9s les postes vacants. Un changement d&rsquo;affectation peut vous permettre de changer de lieu ou de fonctions. Une mutation peut \u00eatre int\u00e9ressante pour vous si vous venez d&rsquo;avoir des enfants et que vous souhaitez d\u00e9m\u00e9nager dans une maison. Elle peut \u00e9galement int\u00e9ress\u00e9e les personnes qui souhaitent vivre dans les campagnes.<\/p>\n<p>Certains profils sont prioritaires pour les mutations :<\/p>\n<ul>\n<li>les fonctionnaires s\u00e9par\u00e9s de leur conjoint (ou de leur partenaire PACS) pour des raisons professionnelles ;<\/li>\n<li>les travailleurs en situation de handicap ;<\/li>\n<li>et les fonctionnaires ayant travaill\u00e9 un certain temps dans des quartiers urbains difficiles.<\/li>\n<\/ul>\n<h2>La mise \u00e0 disposition<\/h2>\n<p class=\"western\">La mise \u00e0 disposition permet au fonctionnaire de rester en activit\u00e9 aupr\u00e8s de sa collectivit\u00e9 et continuer \u00e0 percevoir une r\u00e9mun\u00e9ration. Cependant, il effectue enti\u00e8rement ou en partie son service aupr\u00e8s d&rsquo;un ou de plusieurs organismes d\u2019accueil. L&rsquo;organisme d\u2019accueil peut verser aux fonctionnaires un compl\u00e9ment de r\u00e9mun\u00e9ration.<\/p>\n<p class=\"western\">Elle permet \u00e0 une collectivit\u00e9 de placer un fonctionnaire (avec son accord) aupr\u00e8s :<\/p>\n<ul>\n<li class=\"western\">d\u2019une autre collectivit\u00e9 ;<\/li>\n<li class=\"western\">d\u2019une administration d\u2019\u00c9tat ;<\/li>\n<li class=\"western\">ou m\u00eame d\u2019organismes de droit priv\u00e9. Celui-ci doit contribuer \u00e0 la mise en \u0153uvre d\u2019une politique publique de l\u2019\u00c9tat ou des collectivit\u00e9s territoriales ou de leurs<br \/>\n\u00e9tablissements publics administratifs.<\/li>\n<\/ul>\n<p>La mise \u00e0 disposition est r\u00e9gul\u00e9e par une convention qui pr\u00e9cise la nature des activit\u00e9s que le fonctionnaire va exercer et ses conditions d\u2019emploi.<\/p>\n<p class=\"western\">La loi autorise la mise \u00e0 disposition \u00ab en temps partag\u00e9 \u00bb. Ce dispositif permet \u00e0 un fonctionnaire de travailler aupr\u00e8s d\u2019une personne publique ou d\u2019un organisme de droit priv\u00e9 pour une partie seulement de son temps de travail.<\/p>\n<h2 class=\"western\">Le d\u00e9tachement<\/h2>\n<p class=\"western\">Ce dispositif est une autre solution de mobilit\u00e9 dans la fonction publique territoriale. Le fonctionnaire est plac\u00e9 hors de son cadre d\u2019emplois tout en continuant \u00e0 b\u00e9n\u00e9ficier de ses droits \u00e0 l&rsquo;avancement et \u00e0 la retraite. Une demande de d\u00e9tachement est faite \u00e0 l&rsquo;initiative du fonctionnaire.<\/p>\n<p class=\"western\">Le d\u00e9tachement peut \u00eatre de courte dur\u00e9e (6 mois au plus) ou de longue dur\u00e9e (5 ans au plus). Il peut \u00eatre renouvel\u00e9 (pour une longue dur\u00e9e seulement) mais aussi r\u00e9voqu\u00e9.<\/p>\n<p class=\"western\">Il est d\u00e9sormais possible de faire un d\u00e9tachement au sein d\u2019une m\u00eame collectivit\u00e9.<\/p>\n<p class=\"western\">S\u2019agissant des ressortissants communautaires, tous les corps et cadres d\u2019emplois de la fonction publique doivent \u00eatre accessibles par la voie du d\u00e9tachement.<\/p>\n<h2 class=\"western\">L&rsquo;int\u00e9gration directe<\/h2>\n<p>Il est possible pour un fonctionnaire d&rsquo;\u00eatre int\u00e9gr\u00e9 directement dans un corps ou cadre d\u2019emplois de m\u00eame cat\u00e9gorie et de niveau \u00e9gal au sien.<\/p>\n<p>L\u2019int\u00e9gration directe est d\u00e9cid\u00e9e par l\u2019administration d\u2019accueil. Cette d\u00e9cision est prise apr\u00e8s accord de l\u2019administration d\u2019origine et du fonctionnaire. \u00a0Le fonctionnaire per\u00e7oit une r\u00e9mun\u00e9ration de l\u2019administration d\u2019accueil selon les r\u00e8gles prescrites au corps ou cadre d\u2019emplois dans lequel il est int\u00e9gr\u00e9.<\/p>\n<p>Elle est tout particuli\u00e8rement adapt\u00e9e \u00e0 l\u2019exercice de mobilit\u00e9s longues ou pour l\u2019accomplissement d\u2019une seconde carri\u00e8re ou d\u2019une r\u00e9orientation professionnelle dans la fonction publique.<\/p>\n<h2>La disponibilit\u00e9<\/h2>\n<p>La disponibilit\u00e9 consiste en une interruption de l&rsquo;activit\u00e9 professionnelle du fonctionnaire pour une dur\u00e9e maximale de 2 ans. Elle permet notamment de faire une formation.<\/p>\n<p>Le fonctionnaire en disponibilit\u00e9 ne b\u00e9n\u00e9ficie plus de sa r\u00e9mun\u00e9ration et de ses droits \u00e0 avancement (sauf dans certains cas). Il ne b\u00e9n\u00e9ficie plus non plus de ses droits \u00e0 la retraite, sauf dans certains cas, s&rsquo;il exerce une autre activit\u00e9. Les conditions de r\u00e9int\u00e9gration varient selon la fonction publique \u00e0 laquelle il appartient.<\/p>\n<p class=\"p1\"><div class='cta-block'><div class='text'>Besoin d&rsquo;aide dans votre reconversion ?<\/div><a href='' class='app-button fit'>En savoir plus sur notre programme<\/a><\/div><\/p>\n<p>&nbsp;<\/p>\n","protected":false},"excerpt":{"rendered":"<p>[Mis \u00e0 jour le 04\/03\/2026] Vous \u00eates fonctionnaire et vous souhaitez faire une reconversion professionnelle ? Plusieurs options s&rsquo;offrent \u00e0 vous. Vous pouvez monter en grade, changer de service, travailler dans une autre administration, cr\u00e9er votre entreprise ou travailler dans le secteur priv\u00e9. Vous avez le choix d&rsquo;une mobilit\u00e9 interne ou externe ou de suivre [&hellip;]<\/p>\n","protected":false},"author":7,"featured_media":24649,"comment_status":"open","ping_status":"open","sticky":false,"template":"","format":"standard","meta":{"amp_status":"","footnotes":""},"categories":[5929,5081],"tags":[],"class_list":["post-24619","post","type-post","status-publish","format-standard","has-post-thumbnail","hentry","category-changer-de-carriere","category-reconversion-professionnelle"],"yoast_head":"<!-- This site is optimized with the Yoast SEO plugin v14.9 - https:\/\/yoast.com\/wordpress\/plugins\/seo\/ -->\n<title>Comment changer de carri\u00e8re dans la fonction publique ? | Mes-Allocs.fr<\/title>\n<meta name=\"description\" content=\"Vous \u00eates fonctionnaire et vous souhaitez changer de carri\u00e8re ? Mes Allocs vous pr\u00e9sente les possibilit\u00e9s dans la fonction publique.\" \/>\n<meta name=\"robots\" content=\"index, follow, max-snippet:-1, max-image-preview:large, max-video-preview:-1\" \/>\n<link rel=\"canonical\" href=\"https:\/\/www.mes-allocs.fr\/guides\/reconversion-professionnelle\/changer-de-carriere\/changement-carriere-fonction-publique\/\" \/>\n<meta property=\"og:locale\" content=\"fr_FR\" \/>\n<meta property=\"og:type\" content=\"article\" \/>\n<meta property=\"og:title\" content=\"Comment changer de carri\u00e8re dans la fonction publique ? | Mes-Allocs.fr\" \/>\n<meta property=\"og:description\" content=\"Vous \u00eates fonctionnaire et vous souhaitez changer de carri\u00e8re ? Mes Allocs vous pr\u00e9sente les possibilit\u00e9s dans la fonction publique.\" \/>\n<meta property=\"og:url\" content=\"https:\/\/www.mes-allocs.fr\/guides\/reconversion-professionnelle\/changer-de-carriere\/changement-carriere-fonction-publique\/\" \/>\n<meta property=\"og:site_name\" content=\"Mes-Allocs.fr\" \/>\n<meta property=\"article:published_time\" content=\"2021-04-09T13:54:47+00:00\" \/>\n<meta property=\"article:modified_time\" content=\"2026-03-04T16:56:31+00:00\" \/>\n<meta property=\"og:image\" content=\"https:\/\/www.mes-allocs.fr\/guides\/wp-content\/uploads\/2021\/04\/pexels-sora-shimazaki-5668842-1-e1617893082134.jpg?wsr\" \/>\n\t<meta property=\"og:image:width\" content=\"1280\" \/>\n\t<meta property=\"og:image:height\" content=\"336\" \/>\n<meta name=\"twitter:card\" content=\"summary_large_image\" \/>\n<script type=\"application\/ld+json\" class=\"yoast-schema-graph\">{\"@context\":\"https:\/\/schema.org\",\"@graph\":[{\"@type\":\"WebSite\",\"@id\":\"https:\/\/www.mes-allocs.fr\/guides\/#website\",\"url\":\"https:\/\/www.mes-allocs.fr\/guides\/\",\"name\":\"Mes-Allocs.fr\",\"description\":\"\",\"potentialAction\":[{\"@type\":\"SearchAction\",\"target\":\"https:\/\/www.mes-allocs.fr\/guides\/?s={search_term_string}\",\"query-input\":\"required name=search_term_string\"}],\"inLanguage\":\"fr-FR\"},{\"@type\":\"ImageObject\",\"@id\":\"https:\/\/www.mes-allocs.fr\/guides\/reconversion-professionnelle\/changer-de-carriere\/changement-carriere-fonction-publique\/#primaryimage\",\"inLanguage\":\"fr-FR\",\"url\":\"https:\/\/www.mes-allocs.fr\/guides\/wp-content\/uploads\/2021\/04\/pexels-sora-shimazaki-5668842-1-e1617893082134.jpg?wsr\",\"width\":1280,\"height\":336,\"caption\":\"changement de carri\\u00e8re fonction publique\"},{\"@type\":\"WebPage\",\"@id\":\"https:\/\/www.mes-allocs.fr\/guides\/reconversion-professionnelle\/changer-de-carriere\/changement-carriere-fonction-publique\/#webpage\",\"url\":\"https:\/\/www.mes-allocs.fr\/guides\/reconversion-professionnelle\/changer-de-carriere\/changement-carriere-fonction-publique\/\",\"name\":\"Comment changer de carri\\u00e8re dans la fonction publique ? | Mes-Allocs.fr\",\"isPartOf\":{\"@id\":\"https:\/\/www.mes-allocs.fr\/guides\/#website\"},\"primaryImageOfPage\":{\"@id\":\"https:\/\/www.mes-allocs.fr\/guides\/reconversion-professionnelle\/changer-de-carriere\/changement-carriere-fonction-publique\/#primaryimage\"},\"datePublished\":\"2021-04-09T13:54:47+00:00\",\"dateModified\":\"2026-03-04T16:56:31+00:00\",\"author\":{\"@id\":\"https:\/\/www.mes-allocs.fr\/guides\/#\/schema\/person\/1c4837d5703727cb02ce84583b5a44aa\"},\"description\":\"Vous \\u00eates fonctionnaire et vous souhaitez changer de carri\\u00e8re ? Mes Allocs vous pr\\u00e9sente les possibilit\\u00e9s dans la fonction publique.\",\"inLanguage\":\"fr-FR\"},{\"@type\":\"Person\",\"@id\":\"https:\/\/www.mes-allocs.fr\/guides\/#\/schema\/person\/1c4837d5703727cb02ce84583b5a44aa\",\"name\":\"Fabiola\",\"image\":{\"@type\":\"ImageObject\",\"@id\":\"https:\/\/www.mes-allocs.fr\/guides\/#personlogo\",\"inLanguage\":\"fr-FR\",\"url\":\"https:\/\/www.mes-allocs.fr\/guides\/wp-content\/uploads\/2021\/06\/fabiola-150x150.png\",\"caption\":\"Fabiola\"},\"description\":\"Fabiola est r\\u00e9dactrice au sein de l'\\u00e9quipe Mes Allocs, sp\\u00e9cialis\\u00e9e en sciences politiques et affaires publiques. Dipl\\u00f4m\\u00e9e de l'HEIP, elle rejoint Mes Allocs apr\\u00e8s une premi\\u00e8re exp\\u00e9rience \\u00e0 l'Assembl\\u00e9e Nationale.\",\"sameAs\":[\"https:\/\/www.linkedin.com\/in\/cecilia-philippe-b-8a8085195\"]}]}<\/script>\n<!-- \/ Yoast SEO plugin. -->","amp_validity":null,"acf":{"faq":{"1":{"question":"\u00c0 quel \u00e2ge doit-on se reconvertir ?","answer":"Il n'y a pas d'\u00e2ge pour une reconversion professionnelle. Le plus important est de trouver la formation qui vous convienne le mieux."},"2":{"question":"\u00c0 quoi sert le bilan de comp\u00e9tences ? ","answer":"Le bilan de comp\u00e9tences permet d\u2019analyser ses comp\u00e9tences professionnelles et personnelles, ses aptitudes et ses motivations en appui d\u2019un projet d\u2019\u00e9volution professionnelle et, le cas \u00e9ch\u00e9ant, de formation.\r\n<br> <a href=\" https:\/\/www.mes-allocs.fr\/guides\/reconversion-professionnelle\/changer-de-carriere\/changer-carriere-fonction-publique\/\">Lire la suite<\/a>\r\n"},"3":{"question":"\u00c0 quel moment faire un bilan de comp\u00e9tences ?","answer":"Le bilan de comp\u00e9tences se fait \u00e0 votre initiative lorsque vous ressentez le besoin de faire un point dans votre carri\u00e8re."},"4":{"question":"Qu'est-ce que le CPF ?","answer":"Le compte personnel de formation (CPF) est utilisable par tout salari\u00e9, tout au long de sa vie active, y compris en p\u00e9riode de ch\u00f4mage, pour suivre une formation qualifiante ou certifiante. Le CPF a remplac\u00e9 le droit individuel \u00e0 la formation (Dif). Les salari\u00e9s ne perdent pas les heures acquises au titre du Dif.\r\n<br> <a href=\" https:\/\/www.mes-allocs.fr\/guides\/reconversion-professionnelle\/changer-de-carriere\/changer-carriere-fonction-publique\/\">Lire la suite<\/a>"},"5":{"question":"Quelles sont les aides pour la reconversion professionnelle pour la fonction publique ?","answer":"Il existe : le Compte Personnel de Formation ou CPF, le Cong\u00e9 de Formation Professionnelle ou CFP, la P\u00e9riode de professionnalisation (FPH) et le Cong\u00e9 de formation-mobilit\u00e9 des fonctionnaires de l\u2019\u00c9tat."},"6":{"question":"Qu'est-ce que le cong\u00e9 de formation professionnelle ?","answer":"Le cong\u00e9 de formation professionnelle (CFP) permet aux agents d'avoir une formation personnelle gr\u00e2ce \u00e0 des stages de formation professionnels ou personnels. Sa dur\u00e9e ne peut pas exc\u00e9der trois ans.\r\n<br> <a href=\" https:\/\/www.mes-allocs.fr\/guides\/reconversion-professionnelle\/changer-de-carriere\/changer-carriere-fonction-publique\/\">Lire la suite<\/a>"},"7":{"question":"","answer":""},"8":{"question":"","answer":""},"9":{"question":"","answer":""},"10":{"question":"","answer":""},"11":{"question":"","answer":""},"12":{"question":"","answer":""},"13":{"question":"","answer":""},"14":{"question":"","answer":""},"15":{"question":"","answer":""},"16":{"question":"","answer":""}}},"_links":{"self":[{"href":"https:\/\/www.mes-allocs.fr\/guides\/wp-json\/wp\/v2\/posts\/24619","targetHints":{"allow":["GET"]}}],"collection":[{"href":"https:\/\/www.mes-allocs.fr\/guides\/wp-json\/wp\/v2\/posts"}],"about":[{"href":"https:\/\/www.mes-allocs.fr\/guides\/wp-json\/wp\/v2\/types\/post"}],"author":[{"embeddable":true,"href":"https:\/\/www.mes-allocs.fr\/guides\/wp-json\/wp\/v2\/users\/7"}],"replies":[{"embeddable":true,"href":"https:\/\/www.mes-allocs.fr\/guides\/wp-json\/wp\/v2\/comments?post=24619"}],"version-history":[{"count":23,"href":"https:\/\/www.mes-allocs.fr\/guides\/wp-json\/wp\/v2\/posts\/24619\/revisions"}],"predecessor-version":[{"id":110147,"href":"https:\/\/www.mes-allocs.fr\/guides\/wp-json\/wp\/v2\/posts\/24619\/revisions\/110147"}],"wp:featuredmedia":[{"embeddable":true,"href":"https:\/\/www.mes-allocs.fr\/guides\/wp-json\/wp\/v2\/media\/24649"}],"wp:attachment":[{"href":"https:\/\/www.mes-allocs.fr\/guides\/wp-json\/wp\/v2\/media?parent=24619"}],"wp:term":[{"taxonomy":"category","embeddable":true,"href":"https:\/\/www.mes-allocs.fr\/guides\/wp-json\/wp\/v2\/categories?post=24619"},{"taxonomy":"post_tag","embeddable":true,"href":"https:\/\/www.mes-allocs.fr\/guides\/wp-json\/wp\/v2\/tags?post=24619"}],"curies":[{"name":"wp","href":"https:\/\/api.w.org\/{rel}","templated":true}]}}