{"id":24597,"date":"2021-04-15T08:17:49","date_gmt":"2021-04-15T08:17:49","guid":{"rendered":"https:\/\/www.mes-allocs.fr\/guides\/?p=24597"},"modified":"2026-03-04T17:52:50","modified_gmt":"2026-03-04T16:52:50","slug":"changement-de-carriere-enseignant","status":"publish","type":"post","link":"https:\/\/www.mes-allocs.fr\/guides\/reconversion-professionnelle\/changer-de-carriere\/changement-de-carriere-enseignant\/","title":{"rendered":"Comment changer de carri\u00e8re quand on est enseignant ?"},"content":{"rendered":"<p><a href=\"https:\/\/www.mes-allocs.fr\/guides\/wp-content\/uploads\/2021\/04\/pexels-max-fischer-5212703-1.jpg\"><img loading=\"lazy\" decoding=\"async\" class=\"alignnone wp-image-24617 size-full\" title=\"changement de carri\u00e8re enseignant\" src=\"https:\/\/www.mes-allocs.fr\/guides\/wp-content\/uploads\/2021\/04\/pexels-max-fischer-5212703-1-e1617871236266.jpg\" alt=\"changement de carri\u00e8re enseignant\" width=\"1280\" height=\"348\" \/><\/a><\/p>\n<p style=\"text-align: justify;\">[Mis \u00e0 jour le 04\/03\/2026] Vous souhaitez savoir comment faire une <a href=\"https:\/\/www.mes-allocs.fr\/guides\/reconversion-professionnelle\/\">reconversion professionnelle<\/a> \u00e0 l&rsquo;\u00c9ducation nationale ? Il existe de nombreuses \u00e9volutions de carri\u00e8re possibles au sein de l&rsquo;\u00c9ducation nationale mais aussi des moyens de cr\u00e9er votre entreprise. Mes Allocs vous aide \u00e0 quitter le navire pour\u00a0changer de m\u00e9tier.<\/p>\n<div class='cta-block'><div class='text'>Besoin d&rsquo;aide dans votre reconversion ?<\/div><a href='' class='app-button fit'>En savoir plus sur notre programme<\/a><\/div>\n<h1>Les \u00e9tapes de la reconversion professionnelle<\/h1>\n<h2>D\u00e9finissez vos objectifs<\/h2>\n<p>Les parcours professionnels sont diff\u00e9rents, il est essentiel de faire un point. Il est n\u00e9cessaire de faire un bilan personnel : un bilan de vos comp\u00e9tences, des vos exp\u00e9riences professionnels et de vos centres d&rsquo;int\u00e9r\u00eat.<\/p>\n<p>Pour \u00e9valuer vos besoins en terme de formation, France Travail vous propose :<\/p>\n<ul>\n<li>Une \u00e9valuation des comp\u00e9tences et capacit\u00e9s professionnelles (ECCP) qui permet de mesurer les \u00e9carts entre vos comp\u00e9tences et les besoins des entreprises.<\/li>\n<li>Un atelier \u00ab Pr\u00e9parer son projet de formation \u00bb qui vous accompagne au d\u00e9but de votre r\u00e9flexion sur votre projet de formation.<\/li>\n<\/ul>\n<section class=\"block-article-link color-transverse\">Avant tout, d\u00e9finissez votre objectif,\u00a0 <strong>posez les bonnes questions :<\/strong> quelles sont les contraintes de ma reconversion ? Suis-je pr\u00eat(e) \u00e0 changer de lieu pour suivre ma formation ? Suis-je pr\u00eat(e) \u00e0 faire une formation longue ou courte ? Les conditions de travail me plairont-elles ?<\/section>\n<section><\/section>\n<section><\/section>\n<section>Si vous souhaitez quitter l&rsquo; \u00c9ducation nationale, vous pouvez faire une rupture conventionnelle et devenir chef d&rsquo; entreprise par exemple.<\/section>\n<section><\/section>\n<section><\/section>\n<section><\/section>\n<section><\/section>\n<section><\/section>\n<section><\/section>\n<section><\/section>\n<section class=\"block-article-link color-transverse\"><strong>\u00c9crivez votre CV et votre lettre de motivation <\/strong>de fa\u00e7on \u00e0 montrer votre cheminement personnel et vos comp\u00e9tences. Faire un bilan de comp\u00e9tences peut-\u00eatre un bon moyen d\u2019\u00e9tudier vos comp\u00e9tences professionnelles et personnelles, vos motivations. Pour bien r\u00e9ussir votre reconversion professionnelle, vous devez vous rapprocher du <b>CPF (Compte personnel de formation) de transition.<\/b> Cette \u00e9tape obligatoire et pr\u00e9alable \u00e0 la d\u00e9mission vous permet de :<\/p>\n<ul>\n<li>b\u00e9n\u00e9ficier d\u2019un accompagnement personnalis\u00e9 pour pr\u00e9parer votre projet ;<\/li>\n<li>\u00e9tudier les dispositifs alternatifs \u00e0 la d\u00e9mission que vous pouvez faire valoir pour mettre en \u0153uvre votre projet ;<\/li>\n<li>\u00e9tablir votre projet.<\/li>\n<\/ul>\n<\/section>\n<section class=\"block-article-link color-transverse\">\u00a0L&rsquo;association \u00ab\u00a0Aide aux profs\u00a0\u00bb pr\u00e9sid\u00e9e par R\u00e9mi Boyer peut aussi vous \u00eatre utile. Elle aide les enseignants \u00e0 faire le point et \u00e0 construire un nouveau projet personnel apr\u00e8s une vie d&rsquo;enseignant.<\/section>\n<section class=\"block-article-link color-transverse\">\n<h2>Anticipez<\/h2>\n<p>Votre d\u00e9marche de reconversion vous para\u00eet \u00e9vidente, mais ce n&rsquo;est pas forc\u00e9ment le cas de vos futurs interlocuteurs. Ces interlocuteurs que sont les recruteurs, banquiers, investisseurs, accompagnateurs et r\u00e9seaux professionnels.<\/p>\n<p>Vous serez amen\u00e9 \u00e0 faire la publicit\u00e9 de votre projet aupr\u00e8s de recruteurs, banquiers, investisseurs, accompagnateurs et r\u00e9seaux professionnels. Vous devrez vous exprimer \u00e0 votre sujet ainsi que sur votre parcours et votre projet actuel. Pensez \u00e0 pr\u00e9parer des discours qui pourront les convaincre.<\/p>\n<p><strong>\u00c9crivez votre CV <\/strong>de fa\u00e7on \u00e0 montrer votre cheminement personnel et vos comp\u00e9tences.<\/p>\n<p>Vous devez pr\u00e9parer votre entretien oral. N&rsquo;h\u00e9sitez pas \u00e0 parler de ce qui vous a conduit \u00e0 cette d\u00e9marche de reconversion. Vous pouvez aussi parler de votre savoir faire et de celui requis par le nouveau m\u00e9tier. Vous devez montrer que votre d\u00e9cision est coh\u00e9rente et r\u00e9alisable.<\/p>\n<h2>Le financement<\/h2>\n<p>Des solutions existent pour le financement de votre formation. Par exemple, lorsque l&rsquo;on est <strong>salari\u00e9<\/strong>, il est tout \u00e0 fait possible d&rsquo;utiliser son compte personnel de formation (CPF). Il est anciennement appel\u00e9 cong\u00e9 individuel de formation.\u00a0 Il permet au salari\u00e9 s&rsquo;absenter de son emploi afin de suivre une formation pour se qualifier, \u00e9voluer ou se reconvertir.<\/p>\n<p>En ce qui concerne la\u00a0<strong>cr\u00e9ation d&rsquo; entreprise<\/strong>, certaines r\u00e9gions multiplient les aides \u00e0 destination des porteurs de projet. Ce sont des aides financi\u00e8res \u00e0 l&rsquo;implantation et \u00e0 l&#8217;embauche, aide mat\u00e9rielle via des locaux, accompagnement par des professionnels.<\/p>\n<p>Dans tous les cas, expliquez votre situation \u00e0 un\u00a0<strong>conseiller France Travail <\/strong>qui fera le n\u00e9cessaire pour vous orienter vers les bons interlocuteurs.<\/p>\n<p><iframe loading=\"lazy\" title=\"La reconversion professionnelle\" width=\"500\" height=\"281\" src=\"https:\/\/www.youtube.com\/embed\/EiVUthswxl0?feature=oembed\" frameborder=\"0\" allow=\"accelerometer; autoplay; clipboard-write; encrypted-media; gyroscope; picture-in-picture; web-share\" referrerpolicy=\"strict-origin-when-cross-origin\" allowfullscreen><\/iframe><\/p>\n<h1><span style=\"font-size: 24pt;\">Changement de carri\u00e8re d&rsquo;enseignant<\/span><\/h1>\n<p>Il est tout \u00e0 fait possible d&rsquo;\u00e9voluer et de <a href=\"https:\/\/www.mes-allocs.fr\/guides\/reconversion-professionnelle\/changer-de-carriere-professionnelle\/\">changer de m\u00e9tier<\/a>. Que vous soyez prof de maths dans un coll\u00e8ge ou professeur des \u00e9coles dans une \u00e9cole primaire. Que vous ayez 25 ans ou 40 ans. On vous pr\u00e9sente les reconversion de profs possibles.<\/p>\n<p>N&rsquo;oubliez pas que vous pouvez faire un cong\u00e9 de formation professionnelle.<\/p>\n<\/section>\n<h2>Directeur d&rsquo;\u00e9cole<\/h2>\n<h3>Quelles sont les fonctions d&rsquo;un directeur d&rsquo;\u00e9cole ?<\/h3>\n<p>Les directeurs d&rsquo;\u00e9cole appartiennent au corps des professeurs des \u00e9coles. Ils sont investis de diff\u00e9rentes missions. Ils doivent g\u00e9rer les membres du corps p\u00e9dagogique ainsi que l&rsquo;organisation et le fonctionnement de l&rsquo;\u00e9cole. Ceux-ci doivent \u00e9galement g\u00e9rer les relations avec les parents et les professeurs.<\/p>\n<p>Ils repr\u00e9sentent\u00a0<strong>l\u2019\u00e9ducation nationale\u00a0<\/strong>aupr\u00e8s de la commune et de ses collaborateurs. Le directeur cherche constamment \u00e0 am\u00e9liorer <strong>l\u2019efficacit\u00e9 de l\u2019enseignement. <\/strong>Il donne une attention particuli\u00e8re \u00e0 la diffusion et au respect des programmes officiels. Il maintient la bonne marche de l\u2019\u00e9cole et veille au respect de la r\u00e8glementation en vigueur dans l\u2019\u00e9cole maternelle ou primaire.<\/p>\n<h3>Comment devenir directeur d&rsquo;\u00e9cole ?<\/h3>\n<p>Pour devenir directeur d\u2019\u00e9cole, il faut obtenir un Bac +5 et avoir exerc\u00e9 le m\u00e9tier de professeur des \u00e9coles pendant 3 ans. Afin d&rsquo;\u00eatre nomm\u00e9 sur un emploi de direction d\u2019\u00e9cole, il faut que vous vous inscriviez sur une liste d\u2019aptitude d\u00e9partementale. Une commission est charg\u00e9e de donner un avis apr\u00e8s \u00e9tude du dossier et entretien avec le candidat.<\/p>\n<p>Ensuite, les professeurs des \u00e9coles dont le dossier est accept\u00e9 suivent une formation de 3 semaines. Enfin, ils suivent une formation de 2 semaines apr\u00e8s leur prise de poste de directeur.<\/p>\n<h2>Psychologue de l&rsquo;\u00c9ducation nationale (PsyEN)<\/h2>\n<h3>Quelles sont les fonctions du psychologue de l&rsquo;\u00c9ducation nationale (PsyEN) ?<\/h3>\n<p>Le psy-EN travaille aupr\u00e8s des coll\u00e9giens, lyc\u00e9ens et \u00e9tudiants. Il aide les \u00e9l\u00e8ves en difficult\u00e9 pour favoriser leur r\u00e9ussite. Il est donc un soutien scolaire.<\/p>\n<p>Dans les centres d&rsquo;information et d&rsquo;orientation (CIO) et les \u00e9tablissements scolaires qui rel\u00e8vent du CIO, il conseille les \u00e9l\u00e8ves sur leurs projets scolaires. Il les aide \u00e9galement pour leur projet professionnel.<\/p>\n<p>Le psy-EN est un membre de l&rsquo;\u00e9quipe p\u00e9dagogique. Son r\u00f4le est d&rsquo;am\u00e9liorer l&rsquo;orientation du projet d&rsquo;\u00e9tablissement et de r\u00e9fl\u00e9chir sur les effets des proc\u00e9dures d&rsquo;information.<\/p>\n<p>Il aide les \u00e9l\u00e8ves \u00e0 comprendre les d\u00e9bouch\u00e9s de leur formation et les dirige vers un dipl\u00f4me visant leur insertion socioprofessionnelle.<\/p>\n<div class='cta-block'><div class='text'>Besoin d&rsquo;aide dans votre reconversion ?<\/div><a href='' class='app-button fit'>En savoir plus sur notre programme<\/a><\/div>\n<h3>Comment devenir psychologue de l&rsquo;\u00c9ducation nationale ?<\/h3>\n<p>Pour devenir psychologue de l\u2019\u00c9ducation nationale vous devez avoir suivi :<\/p>\n<ul>\n<li>une formation de niveau master de psychologie (tout leur cursus de formation, de la licence au master, doit avoir \u00e9t\u00e9 effectu\u00e9 en psychologie) ;<\/li>\n<li>\u00a0et un stage professionnel valid\u00e9.<\/li>\n<\/ul>\n<p><strong>Les psychologues de l\u2019\u00c9ducation nationale sont recrut\u00e9s par concours. Deux sp\u00e9cialit\u00e9s sont disponibles dans le concours, vous devez choisir celle qui correspond le mieux \u00e0 votre projet professionnel :<\/strong><\/p>\n<ul>\n<li>\u00ab\u00a0\u00e9ducation, d\u00e9veloppement et apprentissages\u00a0\u00bb ;<\/li>\n<li>\u00ab\u00a0\u00e9ducation, d\u00e9veloppement et conseil en orientation scolaire et professionnelle\u00a0\u00bb.<\/li>\n<\/ul>\n<p>Les laur\u00e9ats sont affect\u00e9s dans une acad\u00e9mie et nomm\u00e9s psychologues de l\u2019\u00c9ducation nationale stagiaires. Pendant une ann\u00e9e scolaire, ils suivent une <strong>formation en tant que fonctionnaire stagiaire.<\/strong> Apr\u00e8s cette ann\u00e9e de stage, ils formulent des v\u0153ux pour leur premi\u00e8re affectation en tant que psychologue de l\u2019\u00c9ducation nationale titulaire. Un avis favorable d\u2019un jury de qualification professionnelle est n\u00e9cessaire pour \u00eatre titularis\u00e9.<\/p>\n<h2>Les personnels de direction<\/h2>\n<h3>Quelles sont les fonctions du personnel de direction ?<\/h3>\n<p>Les personnels de direction encadrent le<strong> syst\u00e8me \u00e9ducatif et entreprennent actions d&rsquo;\u00e9ducation<\/strong>. Ils occupent pour la plus grande majorit\u00e9 des emplois de direction d&rsquo;\u00e9tablissement ou de formation. Ils <strong>dirigent l&rsquo;\u00e9tablissement en tant que repr\u00e9sentant de l&rsquo;\u00c9tat et pr\u00e9sident du conseil d&rsquo;administration. <\/strong>\u00a0Leurs sup\u00e9rieurs hi\u00e9rarchiques sont les recteurs et directeurs acad\u00e9miques des services de l&rsquo;\u00c9ducation nationale.<\/p>\n<p>Les personnels de direction exercent les m\u00e9tiers suivants :<\/p>\n<ul>\n<li>proviseur et proviseur adjoint de lyc\u00e9e ;<\/li>\n<li>proviseur et proviseur adjoint de lyc\u00e9e professionnel ;<\/li>\n<li>principal et principal adjoint de coll\u00e8ge.<\/li>\n<\/ul>\n<p>Ils peuvent \u00e9galement exercer leurs fonctions en qualit\u00e9 de\u00a0:<\/p>\n<ul>\n<li>directeur d&rsquo;\u00e9tablissement r\u00e9gional d&rsquo;enseignement adapt\u00e9 (EREA) ;<\/li>\n<li>directeur d&rsquo;\u00e9cole r\u00e9gionale du 1er degr\u00e9 (ERPD) ;<\/li>\n<li>ou directeur adjoint charg\u00e9 de section d&rsquo;enseignement g\u00e9n\u00e9ral et professionnel adapt\u00e9 (SEGPA) ;<\/li>\n<li>ou encore directeur et directeur adjoint d&rsquo;une unit\u00e9 p\u00e9dagogique r\u00e9gionale des services p\u00e9nitentiaires.<\/li>\n<\/ul>\n<h3>Comment devenir proviseur ou directeur ?<\/h3>\n<p>Les personnels de direction sont recrut\u00e9s par voie de concours, par liste d\u2019aptitude ou d\u00e9tachement.<\/p>\n<p>La formation initiale des personnels de direction laur\u00e9ats des concours ou recrut\u00e9s par la voie de la liste d&rsquo;aptitude alterneront :<\/p>\n<ul>\n<li>des fonctions dans l&rsquo;\u00e9tablissement d&rsquo;affectation.<\/li>\n<li>des formations qualifiantes.<\/li>\n<\/ul>\n<p>Ces formations sont organis\u00e9es par l&rsquo;IH2EF ou par les rectorats d&rsquo;acad\u00e9mie. Elle s&rsquo;inscrit dans un parcours personnalis\u00e9 de formation.<\/p>\n<p>Les personnels accueillis en d\u00e9tachement b\u00e9n\u00e9ficient d&rsquo;un accompagnement sp\u00e9cifique et des sessions de formation identiques \u00e0 celles organis\u00e9es pour les laur\u00e9ats de concours.<\/p>\n<h2 class=\"page__title\">Directeur d&rsquo;\u00e9tablissement d&rsquo;\u00e9ducation adapt\u00e9e et sp\u00e9cialis\u00e9e (DDEEAS)<\/h2>\n<h3>Quelles sont les fonctions du directeur d&rsquo;\u00e9tablissements d&rsquo;\u00e9ducation adapt\u00e9e et sp\u00e9cialis\u00e9e ?<\/h3>\n<p>Les directeurs d&rsquo;\u00e9tablissements d&rsquo;\u00e9ducation adapt\u00e9e et sp\u00e9cialis\u00e9e exercent leurs fonctions dans des \u00e9tablissements ou des sections d&rsquo;enseignement g\u00e9n\u00e9ral et professionnel adapt\u00e9 (SEGPA). Ils peuvent aussi travailler dans des \u00e9tablissements d\u00e9pendant d&rsquo;un autre minist\u00e8re de tutelle (Affaires Sociales, administration p\u00e9nitentiaire&#8230;). Ils prennent en charge la direction technique, l&rsquo;administration g\u00e9n\u00e9rale, la gestion et l&rsquo;animation p\u00e9dagogique de l&rsquo;\u00e9tablissement.<\/p>\n<h3>Comment devenir DDEEAS ?<\/h3>\n<p>L&rsquo;examen de DDEEAS peut \u00eatre pr\u00e9sent\u00e9 en candidat libre. Il peut aussi \u00eatre pr\u00e9sent\u00e9 apr\u00e8s un stage de formation au centre d&rsquo;\u00e9tudes et de formation pour l&rsquo;enfance inadapt\u00e9e de Suresnes (INS HEA).<\/p>\n<p>L&rsquo;examen conduisant \u00e0 la d\u00e9livrance du dipl\u00f4me de directeur d&rsquo;\u00e9tablissements d&rsquo;\u00e9ducation adapt\u00e9e et sp\u00e9cialis\u00e9e est ouvert aux personnels suivants :<\/p>\n<ul>\n<li>les instituteurs, les professeurs des \u00e9coles titulaires ainsi que les ma\u00eetres des \u00e9tablissements d&rsquo;enseignement priv\u00e9s sous contrat du premier degr\u00e9 ;<\/li>\n<li>les personnels d&rsquo;enseignement g\u00e9n\u00e9ral, technique et professionnel du second degr\u00e9 titulaires, les personnels d&rsquo;orientation et les personnels d&rsquo;\u00e9ducation titulaires. Mais aussi les ma\u00eetres contractuels ou agr\u00e9\u00e9s exer\u00e7ant leurs fonctions dans les \u00e9tablissements priv\u00e9s du second degr\u00e9 sous contrat. Ceux-ci doivent avoir exerc\u00e9, pendant cinq ans au moins, des fonctions dans un emploi dans l&rsquo;adaptation scolaire et scolarisation des \u00e9l\u00e8ves handicap\u00e9s ;<\/li>\n<li>ou encore les personnels de direction.<\/li>\n<\/ul>\n<h2>Inspecteur<\/h2>\n<h3>Quels sont les fonctions des inspecteurs de l&rsquo;\u00c9ducation nationale ?<\/h3>\n<p>Les IEN sont des cadres sup\u00e9rieurs de l\u2019\u00c9ducation nationale. Les inspecteurs de l&rsquo;\u00c9ducation nationale sont investis de plusieurs missions :<\/p>\n<ul>\n<li><strong>veiller \u00e0 la mise en place de la politique \u00e9ducative<\/strong> dans les classes, les \u00e9coles et les \u00e9tablissements scolaires ;<\/li>\n<li><strong>\u00e9valuer<\/strong>\u00a0le travail des personnels enseignants, d&rsquo;\u00e9ducation et d&rsquo;orientation des \u00e9coles et des \u00e9tablissements du second degr\u00e9. Ils \u00e9valuent la qualit\u00e9 de l&rsquo;enseignement des disciplines, des unit\u00e9s d&rsquo;enseignement, des proc\u00e9dures et des r\u00e9sultats de la politique \u00e9ducative ;<\/li>\n<li><strong>inspecter <\/strong>les personnels enseignants, d&rsquo;\u00e9ducation et d&rsquo;orientation des \u00e9coles et des \u00e9tablissements du second degr\u00e9. Ils inspectent la mise en \u0153uvre des programmes de formation en France ;<\/li>\n<li><strong>participer \u00e0 l&rsquo;animation p\u00e9dagogique dans les formations<\/strong> initiales, continues et par alternance des personnels de l&rsquo;\u00c9ducation nationale, en lien avec l&rsquo;universit\u00e9 ;<\/li>\n<li>accepter des <strong>missions donn\u00e9es <\/strong>par le recteur d&rsquo;acad\u00e9mie, pour une certaine dur\u00e9e ;<\/li>\n<li><strong>conseiller les directeurs d&rsquo;\u00e9cole et les chefs d&rsquo;\u00e9tablissement ;<\/strong><\/li>\n<li><strong>participer \u00e0 des missions d&rsquo;expertise<\/strong> dans ces diff\u00e9rents domaines ainsi que pour l&rsquo;orientation des \u00e9l\u00e8ves, les examens. Ces missions peuvent aussi concerner la gestion des personnels \u00e9ducatifs et le choix des \u00e9quipements p\u00e9dagogiques.<\/li>\n<\/ul>\n<h3>Comment devenir inspecteur de l&rsquo;\u00c9ducation nationale ?<\/h3>\n<p>Vous pouvez devenir inspecteur gr\u00e2ce \u00e0 un concours. Celui-ci prend en compte l&rsquo;exp\u00e9rience et la formation effectu\u00e9e par les candidats.<\/p>\n<p>Une liste d&rsquo;aptitude est r\u00e9dig\u00e9e chaque ann\u00e9e en fonction des sp\u00e9cialit\u00e9s. Les membre de la fonction publique suivants peuvent figurer sur cette liste :<\/p>\n<ul>\n<li>les membres du corps d&rsquo;enseignement de premier ou de second degr\u00e9, d&rsquo;\u00e9ducation ou d&rsquo;orientation ;<\/li>\n<li>ou au corps des personnels de direction d&rsquo;\u00e9tablissement d&rsquo;enseignement ou de formation justifiant de 10 ans de services effectifs en cette qualit\u00e9.<\/li>\n<\/ul>\n<h2>\u00c9voluer vers des fonctions administratives, techniques, sociales et de sant\u00e9 ou en biblioth\u00e8que<\/h2>\n<h3>L&rsquo;administration<\/h3>\n<p>Il existe de nombreuses carri\u00e8re administratives, sociales et sant\u00e9 (ASS) au sein de l&rsquo;\u00e9ducation nationale et de l&rsquo;enseignement sup\u00e9rieur. La plupart est accessible sur concours ou par d\u00e9tachement :<\/p>\n<ul>\n<li>Attach\u00e9 d&rsquo;administration,<\/li>\n<li>adjoint ou secr\u00e9taire administratif,<\/li>\n<li>assistant de service social,<\/li>\n<li>conseiller technique de service social,<\/li>\n<li>ressources humaines,<\/li>\n<li>infirmiers ou m\u00e9decins.<\/li>\n<\/ul>\n<p>Il faut ajouter \u00e0 ces \u00e9volutions de carri\u00e8re la possibilit\u00e9 de devenir ITRF ou de travailler en biblioth\u00e8que. Pour les\u00a0<strong>personnels des biblioth\u00e8ques<\/strong>\u00a0(biblioth\u00e9caires, magasiniers, assistants sp\u00e9cialis\u00e9s, conservateurs, etc.), les postes sont propos\u00e9s sur concours, examens professionnels et recrutements sans concours.<\/p>\n<h3>Les m\u00e9tiers techniques<\/h3>\n<p>Les\u00a0<strong>personnels ing\u00e9nieurs et personnels techniques de recherche et de formation (ITRF)<\/strong> proposent plus de 260 types d&#8217;emplois dans 8 branches d&rsquo;activit\u00e9. Ces m\u00e9tiers sont accessibles via des concours internes ou des recrutements r\u00e9serv\u00e9s :<\/p>\n<ul>\n<li>domaines scientifique,<\/li>\n<li>domaines l&rsquo;informatique,<\/li>\n<li>de la documentation,<\/li>\n<li>de la communication,<\/li>\n<li>domaines de la logistique,<\/li>\n<li>de la restauration,<\/li>\n<li>de l&rsquo;administration, etc.<\/li>\n<\/ul>\n<p class=\"p1\"><div class='cta-block'><div class='text'>Besoin d&rsquo;aide dans votre reconversion ?<\/div><a href='' class='app-button fit'>En savoir plus sur notre programme<\/a><\/div><\/p>\n","protected":false},"excerpt":{"rendered":"<p>[Mis \u00e0 jour le 04\/03\/2026] Vous souhaitez savoir comment faire une reconversion professionnelle \u00e0 l&rsquo;\u00c9ducation nationale ? Il existe de nombreuses \u00e9volutions de carri\u00e8re possibles au sein de l&rsquo;\u00c9ducation nationale mais aussi des moyens de cr\u00e9er votre entreprise. Mes Allocs vous aide \u00e0 quitter le navire pour\u00a0changer de m\u00e9tier. Les \u00e9tapes de la reconversion professionnelle [&hellip;]<\/p>\n","protected":false},"author":7,"featured_media":24617,"comment_status":"open","ping_status":"open","sticky":false,"template":"","format":"standard","meta":{"amp_status":"","footnotes":""},"categories":[5929,5081],"tags":[],"class_list":["post-24597","post","type-post","status-publish","format-standard","has-post-thumbnail","hentry","category-changer-de-carriere","category-reconversion-professionnelle"],"yoast_head":"<!-- This site is optimized with the Yoast SEO plugin v14.9 - https:\/\/yoast.com\/wordpress\/plugins\/seo\/ -->\n<title>Comment changer de carri\u00e8re quand on est enseignant ? | Mes-Allocs.fr<\/title>\n<meta name=\"description\" content=\"Vous souhaitez faire un changement de carri\u00e8re en tant qu&#039;enseignant ? Mes Allocs vous aide \u00e0 vous r\u00e9orienter selon votre poste actuel.\" \/>\n<meta name=\"robots\" content=\"index, follow, max-snippet:-1, max-image-preview:large, max-video-preview:-1\" \/>\n<link rel=\"canonical\" href=\"https:\/\/www.mes-allocs.fr\/guides\/reconversion-professionnelle\/changer-de-carriere\/changement-de-carriere-enseignant\/\" \/>\n<meta property=\"og:locale\" content=\"fr_FR\" \/>\n<meta property=\"og:type\" content=\"article\" \/>\n<meta property=\"og:title\" content=\"Comment changer de carri\u00e8re quand on est enseignant ? | Mes-Allocs.fr\" \/>\n<meta property=\"og:description\" content=\"Vous souhaitez faire un changement de carri\u00e8re en tant qu&#039;enseignant ? Mes Allocs vous aide \u00e0 vous r\u00e9orienter selon votre poste actuel.\" \/>\n<meta property=\"og:url\" content=\"https:\/\/www.mes-allocs.fr\/guides\/reconversion-professionnelle\/changer-de-carriere\/changement-de-carriere-enseignant\/\" \/>\n<meta property=\"og:site_name\" content=\"Mes-Allocs.fr\" \/>\n<meta property=\"article:published_time\" content=\"2021-04-15T08:17:49+00:00\" \/>\n<meta property=\"article:modified_time\" content=\"2026-03-04T16:52:50+00:00\" \/>\n<meta property=\"og:image\" content=\"https:\/\/www.mes-allocs.fr\/guides\/wp-content\/uploads\/2021\/04\/pexels-max-fischer-5212703-1.jpg?wsr\" \/>\n\t<meta property=\"og:image:width\" content=\"1280\" \/>\n\t<meta property=\"og:image:height\" content=\"853\" \/>\n<meta name=\"twitter:card\" content=\"summary_large_image\" \/>\n<script type=\"application\/ld+json\" class=\"yoast-schema-graph\">{\"@context\":\"https:\/\/schema.org\",\"@graph\":[{\"@type\":\"WebSite\",\"@id\":\"https:\/\/www.mes-allocs.fr\/guides\/#website\",\"url\":\"https:\/\/www.mes-allocs.fr\/guides\/\",\"name\":\"Mes-Allocs.fr\",\"description\":\"\",\"potentialAction\":[{\"@type\":\"SearchAction\",\"target\":\"https:\/\/www.mes-allocs.fr\/guides\/?s={search_term_string}\",\"query-input\":\"required name=search_term_string\"}],\"inLanguage\":\"fr-FR\"},{\"@type\":\"ImageObject\",\"@id\":\"https:\/\/www.mes-allocs.fr\/guides\/reconversion-professionnelle\/changer-de-carriere\/changement-de-carriere-enseignant\/#primaryimage\",\"inLanguage\":\"fr-FR\",\"url\":\"https:\/\/www.mes-allocs.fr\/guides\/wp-content\/uploads\/2021\/04\/pexels-max-fischer-5212703-1.jpg?wsr\",\"width\":1280,\"height\":853,\"caption\":\"changement de carri\\u00e8re enseignant\"},{\"@type\":\"WebPage\",\"@id\":\"https:\/\/www.mes-allocs.fr\/guides\/reconversion-professionnelle\/changer-de-carriere\/changement-de-carriere-enseignant\/#webpage\",\"url\":\"https:\/\/www.mes-allocs.fr\/guides\/reconversion-professionnelle\/changer-de-carriere\/changement-de-carriere-enseignant\/\",\"name\":\"Comment changer de carri\\u00e8re quand on est enseignant ? | Mes-Allocs.fr\",\"isPartOf\":{\"@id\":\"https:\/\/www.mes-allocs.fr\/guides\/#website\"},\"primaryImageOfPage\":{\"@id\":\"https:\/\/www.mes-allocs.fr\/guides\/reconversion-professionnelle\/changer-de-carriere\/changement-de-carriere-enseignant\/#primaryimage\"},\"datePublished\":\"2021-04-15T08:17:49+00:00\",\"dateModified\":\"2026-03-04T16:52:50+00:00\",\"author\":{\"@id\":\"https:\/\/www.mes-allocs.fr\/guides\/#\/schema\/person\/1c4837d5703727cb02ce84583b5a44aa\"},\"description\":\"Vous souhaitez faire un changement de carri\\u00e8re en tant qu'enseignant ? Mes Allocs vous aide \\u00e0 vous r\\u00e9orienter selon votre poste actuel.\",\"inLanguage\":\"fr-FR\"},{\"@type\":\"Person\",\"@id\":\"https:\/\/www.mes-allocs.fr\/guides\/#\/schema\/person\/1c4837d5703727cb02ce84583b5a44aa\",\"name\":\"Fabiola\",\"image\":{\"@type\":\"ImageObject\",\"@id\":\"https:\/\/www.mes-allocs.fr\/guides\/#personlogo\",\"inLanguage\":\"fr-FR\",\"url\":\"https:\/\/www.mes-allocs.fr\/guides\/wp-content\/uploads\/2021\/06\/fabiola-150x150.png\",\"caption\":\"Fabiola\"},\"description\":\"Fabiola est r\\u00e9dactrice au sein de l'\\u00e9quipe Mes Allocs, sp\\u00e9cialis\\u00e9e en sciences politiques et affaires publiques. Dipl\\u00f4m\\u00e9e de l'HEIP, elle rejoint Mes Allocs apr\\u00e8s une premi\\u00e8re exp\\u00e9rience \\u00e0 l'Assembl\\u00e9e Nationale.\",\"sameAs\":[\"https:\/\/www.linkedin.com\/in\/cecilia-philippe-b-8a8085195\"]}]}<\/script>\n<!-- \/ Yoast SEO plugin. -->","amp_validity":null,"acf":{"faq":{"1":{"question":"\u00c0 quel \u00e2ge doit-on se reconvertir ?","answer":"Il n'y a pas d'\u00e2ge pour une reconversion professionnelle. Le plus important est de trouver la formation qui vous convienne le mieux.\r\n<br> <a href=\"https:\/\/www.mes-allocs.fr\/guides\/reconversion-professionnelle\/changer-de-carriere\/changer-de-carriere-enseignant\/\">Lire la suite<\/a>"},"2":{"question":"Quelles sont les aides pour la reconversion professionnelle pour la fonction publique ?","answer":"Il existe : le Compte Personnel de Formation ou CPF, le Cong\u00e9 de Formation Professionnelle ou CFP, la P\u00e9riode de professionnalisation (FPH) et le Cong\u00e9 de formation-mobilit\u00e9 des fonctionnaires de l\u2019\u00c9tat."},"3":{"question":" \u00c0 quel moment faire un bilan de comp\u00e9tences ?","answer":"Le bilan de comp\u00e9tences se fait \u00e0 votre initiative lorsque vous ressentez le besoin de faire un point dans votre carri\u00e8re.\r\n<br> <a href=\"https:\/\/www.mes-allocs.fr\/guides\/reconversion-professionnelle\/changer-de-carriere\/changer-de-carriere-enseignant\/\">Lire la suite<\/a>"},"4":{"question":"Qu'est-ce que le CPF ?","answer":"Le compte personnel de formation (CPF) est utilisable par tout salari\u00e9, tout au long de sa vie active, y compris en p\u00e9riode de ch\u00f4mage, pour suivre une formation qualifiante ou certifiante. Le CPF a remplac\u00e9 le droit individuel \u00e0 la formation (Dif). Les salari\u00e9s ne perdent pas les heures acquises au titre du Dif."},"5":{"question":"Peut-on faire une reconversion professionnelle quand on est au ch\u00f4mage ?","answer":"Oui, il est possible de faire une reconversion professionnelle quand on est au ch\u00f4mage.\r\n<br> <a href=\"https:\/\/www.mes-allocs.fr\/guides\/reconversion-professionnelle\/changer-de-carriere\/changer-de-carriere-enseignant\/\">Lire la suite<\/a>"},"6":{"question":"\u00c0 quoi sert le bilan de comp\u00e9tences ? ","answer":"Le bilan de comp\u00e9tences permet d\u2019analyser ses comp\u00e9tences professionnelles et personnelles, ses aptitudes et ses motivations en appui d\u2019un projet d\u2019\u00e9volution professionnelle et, le cas \u00e9ch\u00e9ant, de formation."},"7":{"question":"","answer":""},"8":{"question":"","answer":""},"9":{"question":"","answer":""},"10":{"question":"","answer":""},"11":{"question":"","answer":""},"12":{"question":"","answer":""},"13":{"question":"","answer":""},"14":{"question":"","answer":""},"15":{"question":"","answer":""},"16":{"question":"","answer":""}}},"_links":{"self":[{"href":"https:\/\/www.mes-allocs.fr\/guides\/wp-json\/wp\/v2\/posts\/24597","targetHints":{"allow":["GET"]}}],"collection":[{"href":"https:\/\/www.mes-allocs.fr\/guides\/wp-json\/wp\/v2\/posts"}],"about":[{"href":"https:\/\/www.mes-allocs.fr\/guides\/wp-json\/wp\/v2\/types\/post"}],"author":[{"embeddable":true,"href":"https:\/\/www.mes-allocs.fr\/guides\/wp-json\/wp\/v2\/users\/7"}],"replies":[{"embeddable":true,"href":"https:\/\/www.mes-allocs.fr\/guides\/wp-json\/wp\/v2\/comments?post=24597"}],"version-history":[{"count":21,"href":"https:\/\/www.mes-allocs.fr\/guides\/wp-json\/wp\/v2\/posts\/24597\/revisions"}],"predecessor-version":[{"id":110143,"href":"https:\/\/www.mes-allocs.fr\/guides\/wp-json\/wp\/v2\/posts\/24597\/revisions\/110143"}],"wp:featuredmedia":[{"embeddable":true,"href":"https:\/\/www.mes-allocs.fr\/guides\/wp-json\/wp\/v2\/media\/24617"}],"wp:attachment":[{"href":"https:\/\/www.mes-allocs.fr\/guides\/wp-json\/wp\/v2\/media?parent=24597"}],"wp:term":[{"taxonomy":"category","embeddable":true,"href":"https:\/\/www.mes-allocs.fr\/guides\/wp-json\/wp\/v2\/categories?post=24597"},{"taxonomy":"post_tag","embeddable":true,"href":"https:\/\/www.mes-allocs.fr\/guides\/wp-json\/wp\/v2\/tags?post=24597"}],"curies":[{"name":"wp","href":"https:\/\/api.w.org\/{rel}","templated":true}]}}