{"id":24484,"date":"2021-04-07T14:59:21","date_gmt":"2021-04-07T14:59:21","guid":{"rendered":"https:\/\/www.mes-allocs.fr\/guides\/?p=24484"},"modified":"2026-03-04T16:33:06","modified_gmt":"2026-03-04T15:33:06","slug":"changer-de-carriere-selon-age","status":"publish","type":"post","link":"https:\/\/www.mes-allocs.fr\/guides\/reconversion-professionnelle\/changer-de-carriere\/changer-de-carriere-selon-age\/","title":{"rendered":"\u00c0 quel \u00e2ge faut-il changer de carri\u00e8re ?"},"content":{"rendered":"<p><a href=\"https:\/\/www.mes-allocs.fr\/guides\/wp-content\/uploads\/2021\/04\/pexels-andrea-piacquadio-3863787-2-1.jpg\"><img loading=\"lazy\" decoding=\"async\" class=\"alignnone wp-image-24513 size-full\" title=\"changer de carri\u00e8re selon age\" src=\"https:\/\/www.mes-allocs.fr\/guides\/wp-content\/uploads\/2021\/04\/pexels-andrea-piacquadio-3863787-2-1-e1617791683456.jpg\" alt=\"changer de carri\u00e8re selon age\" width=\"1280\" height=\"380\" \/><\/a><\/p>\n<p style=\"text-align: justify;\">[Mis \u00e0 jour le 04\/03\/2026] Vouloir entamer une <a href=\"https:\/\/www.mes-allocs.fr\/guides\/reconversion-professionnelle\/\">reconversion professionnelle<\/a> peut faire peur, peu importe l&rsquo;\u00e2ge. Mais des formations professionnelles sont possibles pour vous. Vous pouvez aussi plus facilement cr\u00e9er ou reprendre une entreprise. Mes Allocs vous explique l&rsquo;incidence de <strong>changer de carri\u00e8re selon votre \u00e2ge<\/strong>.<\/p>\n<div class='cta-block'><div class='text'>Besoin d\u2019aide dans votre reconversion ?<\/div><a href='https:\/\/www.formademia.fr\/formulaire\/coaching' class='app-button fit'>Simuler mon \u00e9ligibilit\u00e9 au coaching<\/a><\/div>\n<h1 id=\"menu-1\">Le changement de carri\u00e8re et l&rsquo;\u00e2ge<\/h1>\n<p>Il n&rsquo;y a pas d&rsquo;\u00e2ge id\u00e9al pour <a href=\"https:\/\/www.mes-allocs.fr\/guides\/reconversion-professionnelle\/changer-de-carriere\/\">changer de voie professionnelle<\/a>. Vous poss\u00e9dez des ressources diff\u00e9rentes tout au long de votre vie. Votre avenir professionnel peut changer si vous en avez la volont\u00e9.<\/p>\n<h2>Changement de carri\u00e8re de 25 ans \u00e0 30 ans<\/h2>\n<p>Cette tranche d&rsquo; \u00e2ge est id\u00e9ale pour changer de m\u00e9tier. Vous \u00eates plein.e d&rsquo;ambition et vous avez de l&rsquo;\u00e9nergie. Vous pouvez vous reconvertir et donner du sens \u00e0 votre vie sur un coup de t\u00eate.<\/p>\n<p>Il vous reste encore du temps pour exercer de nombreux m\u00e9tiers. Fa\u00eetes attention \u00e0 bien r\u00e9fl\u00e9chir avant votre reconversion.<\/p>\n<h2>Changement de carri\u00e8re \u00e0 35 ans<\/h2>\n<p>Vous souhaitez <a href=\"https:\/\/www.mes-allocs.fr\/guides\/reconversion-professionnelle\/changer-de-carriere\/changer-de-carriere-selon-age\/changement-carriere-35-ans\/\">changer de carri\u00e8re \u00e0 35 ans<\/a> ? \u00c0 35 ans, vous avez s\u00fbrement eu le temps d&rsquo;exercer plusieurs activit\u00e9s. Vous avez peut-\u00eatre fait plusieurs formations. De plus, vous \u00eates mature et vous avez la force mentale et physique de recommencer une formation, un emploi. Vous \u00eates plein d&rsquo;\u00e9nergie pendant votre trentaine et vous avez du temps pour vous former.<\/p>\n<p><iframe loading=\"lazy\" title=\"La reconversion professionnelle\" width=\"500\" height=\"281\" src=\"https:\/\/www.youtube.com\/embed\/EiVUthswxl0?feature=oembed\" frameborder=\"0\" allow=\"accelerometer; autoplay; clipboard-write; encrypted-media; gyroscope; picture-in-picture; web-share\" referrerpolicy=\"strict-origin-when-cross-origin\" allowfullscreen><\/iframe><\/p>\n<h2>Changement de carri\u00e8re \u00e0 40 ans<\/h2>\n<p>Commencer une nouvelle carri\u00e8re professionnelle peut sembler plus simple car vous \u00eates assez mature pour conna\u00eetre vos envies. Votre d\u00e9cision de reconversion sera certainement plus r\u00e9fl\u00e9chie. En effet, vous avez de nombreuses responsabilit\u00e9s (cr\u00e9dit \u00e0 rembourser, enfants \u00e0 \u00e9lever) \u00e0 40 ans. C&rsquo;est pourquoi une <a href=\"https:\/\/www.mes-allocs.fr\/guides\/reconversion-professionnelle\/changer-de-carriere\/changement-carriere-40-ans\/\">reconversion professionnelle \u00e0 40 ans<\/a> est plus que pertinente.<\/p>\n<h2>Changement de carri\u00e8re \u00e0 50 ans<\/h2>\n<p>La reconversion professionnelle demande souvent des investissements financiers, si vous fa\u00eete une formation ou si vous souhaitez cr\u00e9er ou reprendre une entreprise. Il sera plus facile pour vous de <a href=\"https:\/\/www.mes-allocs.fr\/guides\/reconversion-professionnelle\/changer-de-carriere\/changer-de-carriere-selon-age\/changement-carriere-50-ans\/\">vous reconvertir \u00e0 partir de 50 ans<\/a> si vous poss\u00e9dez quelques \u00e9conomies. Vous n&rsquo;avez plus de jeune enfant \u00e0 charge et votre cr\u00e9dit est bient\u00f4t rembours\u00e9.<\/p>\n<h2>Reconversion professionnelle \u00e0 60 ans<\/h2>\n<p>Un changement d&rsquo;orientation professionnelle est m\u00eame possible \u00e0 60 ans. Si vous avez la volont\u00e9 d&rsquo;entrer dans un nouveau monde professionnel, tout est possible. Vous aurez plus d&rsquo;exp\u00e9rience que les autres.<\/p>\n<p>Financi\u00e8rement, vous serez mieux loti puisque vous n&rsquo;avez plus \u00e0 vous occuper de vos enfants. Et, vous n&rsquo;avez g\u00e9n\u00e9ralement plus de cr\u00e9dit \u00e0 rembourser.<\/p>\n<p class=\"p1\"><div class='cta-block'><div class='text'>Besoin d&rsquo;aide dans votre reconversion ?<\/div><a href='' class='app-button fit'>En savoir plus sur notre programme<\/a><\/div><\/p>\n<h1>Les \u00e9tapes de la reconversion professionnelle<\/h1>\n<h2>D\u00e9finissez vos objectifs<\/h2>\n<p>Les parcours professionnels sont diff\u00e9rents, il est essentiel de faire un point. Il est n\u00e9cessaire de faire un bilan personnel : un bilan de vos comp\u00e9tences, de vos exp\u00e9riences professionnelles et de vos centres d&rsquo;int\u00e9r\u00eat.<\/p>\n<p>Pour \u00e9valuer vos besoins de formation, France Travail vous propose :<\/p>\n<ul>\n<li>Une \u00e9valuation des comp\u00e9tences et capacit\u00e9s professionnelles (ECCP) qui permet de mesurer les \u00e9carts entre vos comp\u00e9tences et les besoins des entreprises.<\/li>\n<li>Un atelier \u00ab Pr\u00e9parer son projet de formation \u00bb qui vous accompagne au d\u00e9but de votre r\u00e9flexion sur votre projet de formation.<\/li>\n<\/ul>\n<section class=\"block-article-link color-transverse\">Avant tout, d\u00e9finissez votre objectif,\u00a0 <strong>posez les bonnes questions :<\/strong> quelles sont les contraintes de ma reconversion ? Suis-je pr\u00eat(e) \u00e0 changer de lieu pour suivre ma formation ? Suis-je pr\u00eat(e) \u00e0 faire une formation longue ou courte ? Vais-je trouver un emploi apr\u00e8s cette reconversion ?<\/section>\n<section><\/section>\n<section><\/section>\n<section><\/section>\n<section><\/section>\n<section><\/section>\n<section class=\"block-article-link color-transverse\"><strong>\u00c9crivez votre CV et votre lettre de motivation <\/strong>de fa\u00e7on \u00e0 montrer votre cheminement personnel et vos comp\u00e9tences. Faire un bilan de comp\u00e9tences peut-\u00eatre un bon moyen d\u2019\u00e9tudier vos comp\u00e9tences professionnelles et personnelles, vos motivations. Pour bien r\u00e9ussir votre reconversion professionnelle, vous devez vous rapprocher du <b>CPF (Compte personnel de formation) de transition.<\/b> Cette \u00e9tape obligatoire et pr\u00e9alable \u00e0 la d\u00e9mission vous permet de :<\/p>\n<ul>\n<li>b\u00e9n\u00e9ficier d\u2019un appui personnalis\u00e9 pour pr\u00e9parer votre projet ;<\/li>\n<li>\u00e9tudier les dispositifs alternatifs \u00e0 la d\u00e9mission que vous pouvez faire valoir pour mettre en \u0153uvre votre projet ;<\/li>\n<li>\u00e9tablir votre projet.<\/li>\n<\/ul>\n<\/section>\n<section class=\"block-article-link color-transverse\">\n<h2>Anticipez<\/h2>\n<p>Votre d\u00e9marche de reconversion vous para\u00eet \u00e9vidente, mais ce n&rsquo;est pas forc\u00e9ment le cas de vos futurs interlocuteurs. Ces interlocuteurs que sont les recruteurs, banquiers, investisseurs, accompagnateurs et r\u00e9seaux professionnels.<\/p>\n<p>Vous serez amen\u00e9 \u00e0 faire la publicit\u00e9 de votre projet aupr\u00e8s de recruteurs, banquiers, investisseurs, accompagnateurs et r\u00e9seaux professionnels. Vous devrez vous exprimer \u00e0 votre sujet ainsi que sur votre parcours et votre projet actuel. Pensez \u00e0 pr\u00e9parer des discours qui pourront les convaincre.<\/p>\n<p><strong>\u00c9crivez votre CV <\/strong>de fa\u00e7on \u00e0 montrer votre cheminement personnel et vos comp\u00e9tences. N&rsquo;h\u00e9sitez pas \u00e0 mettre l&rsquo;accent sur vos soft skills (comp\u00e9tences relationnelles, etc.)<\/p>\n<p>Vous devez pr\u00e9parer votre entretien oral. N&rsquo;h\u00e9sitez pas \u00e0 parler de ce qui vous a conduit \u00e0 cette d\u00e9marche de reconversion. Vous pouvez aussi parler de vos comp\u00e9tences et de celles requises par le nouveau m\u00e9tier. Vous devez montrer que votre d\u00e9cision est coh\u00e9rente et r\u00e9alisable.<\/p>\n<div class=\"wDYxhc\" lang=\"fr-FR\" data-md=\"61\">\n<div class=\"LGOjhe\" role=\"heading\" data-attrid=\"wa:\/description\" aria-level=\"3\" data-hveid=\"CAUQAA\"><span class=\"ILfuVd\"><span class=\"hgKElc\">Le\u00a0<b>portage salarial<\/b> peut \u00eatre un bon moyen d\u2019effectuer votre transition professionnelle. Vous commencez une activit\u00e9 professionnelle ind\u00e9pendante, en gardant la couverture sociale d\u2019un emploi salari\u00e9.<\/span><\/span><\/div>\n<div role=\"heading\" data-attrid=\"wa:\/description\" aria-level=\"3\" data-hveid=\"CAUQAA\"><\/div>\n<h2 class=\"LGOjhe\" role=\"heading\" data-attrid=\"wa:\/description\" aria-level=\"3\" data-hveid=\"CAUQAA\">Le financement<\/h2>\n<div class=\"LGOjhe\" role=\"heading\" data-attrid=\"wa:\/description\" aria-level=\"3\" data-hveid=\"CAUQAA\">Des solutions existent pour le financement de votre formation. Par exemple, lorsque l&rsquo;on est <strong>salari\u00e9<\/strong>, il est tout \u00e0 fait possible d&rsquo;utiliser son compte personnel de formation (CPF). Il est anciennement appel\u00e9 cong\u00e9 individuel de formation.\u00a0 Il permet au salari\u00e9 s&rsquo;absenter de son emploi afin de suivre une formation pour se qualifier, \u00e9voluer ou se reconvertir.<\/div>\n<\/div>\n<p>En ce qui concerne la\u00a0<strong>cr\u00e9ation d&rsquo;entreprise<\/strong>, certaines r\u00e9gions multiplient les aides \u00e0 destination des porteurs de projet. Ce sont des aides financi\u00e8res \u00e0 l&rsquo;implantation et \u00e0 l&#8217;embauche, aide mat\u00e9rielle via des locaux, accompagnement par des professionnels.<\/p>\n<p>Il existe un dispositif global qui mutualise les ressources du Conseil r\u00e9gional, des CCI, des p\u00e9pini\u00e8res d&rsquo;entreprises et qui offre un accompagnement personnalis\u00e9.<\/p>\n<p>Dans tous les cas, expliquez votre situation \u00e0 un\u00a0<strong>conseiller France Travail <\/strong>qui fera le n\u00e9cessaire pour vous orienter vers les bons interlocuteurs.<\/p>\n<p>Pour en savoir plus sur le financement de votre reconversion professionnelle, consultez l&rsquo;article \u00ab\u00a0Financement de ma reconversion professionnelle\u00a0\u00bb<\/p>\n<h1><span id=\"Demissionner_et_avoir_droit_au_chomage\">Comment faire une reconversion professionnelle ?<\/span><\/h1>\n<h2>La reconversion pendant votre temps de travail<\/h2>\n<p>Avant de vous r\u00e9orienter professionnellement, il convient de faire le <strong>bilan de vos comp\u00e9tences<\/strong>. D\u00e9finissez avec soin votre projet de reconversion professionnelle. Dans de domaine, l\u2019accompagnement personnalis\u00e9 propos\u00e9 par l\u2019AFPA peut \u00eatre d\u2019une grande utilit\u00e9.<\/p>\n<p>Vous avez \u00e9galement acc\u00e8s au conseil en \u00e9volution professionnelle. Celui-ci vous aide \u00e0 faire le point sur votre carri\u00e8re et \u00e0 \u00e9tudier le march\u00e9 de l&rsquo; emploi. Il vous accorde un suivi personnalis\u00e9.<\/p>\n<p>Vous pouvez quitter votre travail en faisant une rupture conventionnelle pour poursuivre un projet professionnel.<\/p>\n<h2>La reconversion quand on est au ch\u00f4mage<\/h2>\n<p>Un salari\u00e9 d\u00e9missionnaire peut percevoir une indemnisation au titre de l\u2019ARE en cas de d\u00e9mission consid\u00e9r\u00e9e comme l\u00e9gitime par l&rsquo;assurance ch\u00f4mage.<\/p>\n<p>Pour pouvoir pr\u00e9tendre \u00e0 l\u2019ARE, dans ce cas de d\u00e9mission pour projet de reconversion professionnelle,<strong> il vous faut remplir deux conditions sp\u00e9cifiques.<\/strong><\/p>\n<p>Un demandeur d&rsquo; emploi peut donc faire une reconversion professionnelle.<\/p>\n<h2><span id=\"Quelles_demarches_faut-il_faire\">Quelles d\u00e9marches faut-il faire aupr\u00e8s de la CPIR ?<\/span><\/h2>\n<p>Apr\u00e8s la mise en \u0153uvre de votre projet, il vous faut consulter la Commission paritaire interprofessionnelle r\u00e9gionale (CPIR). Elle jugera du caract\u00e8re \u201cr\u00e9el et s\u00e9rieux\u201d de votre projet. Puis, vous aurez 6 mois, \u00e0 compter de la notification de la d\u00e9cision de la CPIR pour :<\/p>\n<ul>\n<li>vous inscrire \u00e0 France Travail ,<\/li>\n<li>et faire une demande pour l\u2019ARE si votre projet est accept\u00e9.<\/li>\n<\/ul>\n<\/section>\n<p class=\"p1\"><div class='cta-block'><div class='text'>Besoin d\u2019aide dans votre reconversion ?<\/div><a href='https:\/\/www.formademia.fr\/formulaire\/coaching' class='app-button fit'>Simuler mon \u00e9ligibilit\u00e9 au coaching<\/a><\/div><\/p>\n","protected":false},"excerpt":{"rendered":"<p>[Mis \u00e0 jour le 04\/03\/2026] Vouloir entamer une reconversion professionnelle peut faire peur, peu importe l&rsquo;\u00e2ge. Mais des formations professionnelles sont possibles pour vous. Vous pouvez aussi plus facilement cr\u00e9er ou reprendre une entreprise. Mes Allocs vous explique l&rsquo;incidence de changer de carri\u00e8re selon votre \u00e2ge. Le changement de carri\u00e8re et l&rsquo;\u00e2ge Il n&rsquo;y a [&hellip;]<\/p>\n","protected":false},"author":6,"featured_media":24513,"comment_status":"open","ping_status":"open","sticky":false,"template":"","format":"standard","meta":{"amp_status":"","footnotes":""},"categories":[5929,5081],"tags":[],"class_list":["post-24484","post","type-post","status-publish","format-standard","has-post-thumbnail","hentry","category-changer-de-carriere","category-reconversion-professionnelle"],"yoast_head":"<!-- This site is optimized with the Yoast SEO plugin v14.9 - https:\/\/yoast.com\/wordpress\/plugins\/seo\/ -->\n<title>\u00c0 quel \u00e2ge faut-il changer de carri\u00e8re ? | Mes-Allocs.fr<\/title>\n<meta name=\"description\" content=\"La reconversion peut faire peur. Mes Allocs vous pr\u00e9sente les avantages de changer de carri\u00e8re quel que soit votre \u00e2ge.\" \/>\n<meta name=\"robots\" content=\"index, follow, max-snippet:-1, max-image-preview:large, max-video-preview:-1\" \/>\n<link rel=\"canonical\" href=\"https:\/\/www.mes-allocs.fr\/guides\/reconversion-professionnelle\/changer-de-carriere\/changer-de-carriere-selon-age\/\" \/>\n<meta property=\"og:locale\" content=\"fr_FR\" \/>\n<meta property=\"og:type\" content=\"article\" \/>\n<meta property=\"og:title\" content=\"\u00c0 quel \u00e2ge faut-il changer de carri\u00e8re ? | Mes-Allocs.fr\" \/>\n<meta property=\"og:description\" content=\"La reconversion peut faire peur. Mes Allocs vous pr\u00e9sente les avantages de changer de carri\u00e8re quel que soit votre \u00e2ge.\" \/>\n<meta property=\"og:url\" content=\"https:\/\/www.mes-allocs.fr\/guides\/reconversion-professionnelle\/changer-de-carriere\/changer-de-carriere-selon-age\/\" \/>\n<meta property=\"og:site_name\" content=\"Mes-Allocs.fr\" \/>\n<meta property=\"article:published_time\" content=\"2021-04-07T14:59:21+00:00\" \/>\n<meta property=\"article:modified_time\" content=\"2026-03-04T15:33:06+00:00\" \/>\n<meta property=\"og:image\" content=\"https:\/\/www.mes-allocs.fr\/guides\/wp-content\/uploads\/2021\/04\/pexels-andrea-piacquadio-3863787-2-1.jpg?wsr\" \/>\n\t<meta property=\"og:image:width\" content=\"1280\" \/>\n\t<meta property=\"og:image:height\" content=\"862\" \/>\n<meta name=\"twitter:card\" content=\"summary_large_image\" \/>\n<script type=\"application\/ld+json\" class=\"yoast-schema-graph\">{\"@context\":\"https:\/\/schema.org\",\"@graph\":[{\"@type\":\"WebSite\",\"@id\":\"https:\/\/www.mes-allocs.fr\/guides\/#website\",\"url\":\"https:\/\/www.mes-allocs.fr\/guides\/\",\"name\":\"Mes-Allocs.fr\",\"description\":\"\",\"potentialAction\":[{\"@type\":\"SearchAction\",\"target\":\"https:\/\/www.mes-allocs.fr\/guides\/?s={search_term_string}\",\"query-input\":\"required name=search_term_string\"}],\"inLanguage\":\"fr-FR\"},{\"@type\":\"ImageObject\",\"@id\":\"https:\/\/www.mes-allocs.fr\/guides\/reconversion-professionnelle\/changer-de-carriere\/changer-de-carriere-selon-age\/#primaryimage\",\"inLanguage\":\"fr-FR\",\"url\":\"https:\/\/www.mes-allocs.fr\/guides\/wp-content\/uploads\/2021\/04\/pexels-andrea-piacquadio-3863787-2-1.jpg?wsr\",\"width\":1280,\"height\":862,\"caption\":\"changer de carri\\u00e8re selon age\"},{\"@type\":\"WebPage\",\"@id\":\"https:\/\/www.mes-allocs.fr\/guides\/reconversion-professionnelle\/changer-de-carriere\/changer-de-carriere-selon-age\/#webpage\",\"url\":\"https:\/\/www.mes-allocs.fr\/guides\/reconversion-professionnelle\/changer-de-carriere\/changer-de-carriere-selon-age\/\",\"name\":\"\\u00c0 quel \\u00e2ge faut-il changer de carri\\u00e8re ? | Mes-Allocs.fr\",\"isPartOf\":{\"@id\":\"https:\/\/www.mes-allocs.fr\/guides\/#website\"},\"primaryImageOfPage\":{\"@id\":\"https:\/\/www.mes-allocs.fr\/guides\/reconversion-professionnelle\/changer-de-carriere\/changer-de-carriere-selon-age\/#primaryimage\"},\"datePublished\":\"2021-04-07T14:59:21+00:00\",\"dateModified\":\"2026-03-04T15:33:06+00:00\",\"author\":{\"@id\":\"https:\/\/www.mes-allocs.fr\/guides\/#\/schema\/person\/0ecd61a8600573914d00d970a588c024\"},\"description\":\"La reconversion peut faire peur. Mes Allocs vous pr\\u00e9sente les avantages de changer de carri\\u00e8re quel que soit votre \\u00e2ge.\",\"inLanguage\":\"fr-FR\"},{\"@type\":\"Person\",\"@id\":\"https:\/\/www.mes-allocs.fr\/guides\/#\/schema\/person\/0ecd61a8600573914d00d970a588c024\",\"name\":\"Jonathan\",\"image\":{\"@type\":\"ImageObject\",\"@id\":\"https:\/\/www.mes-allocs.fr\/guides\/#personlogo\",\"inLanguage\":\"fr-FR\",\"url\":\"https:\/\/www.mes-allocs.fr\/guides\/wp-content\/uploads\/2021\/06\/jonathan-150x150.png\",\"caption\":\"Jonathan\"},\"description\":\"Jonathan est r\\u00e9dacteur au sein de l'\\u00e9quipe Mes Allocs, sp\\u00e9cialis\\u00e9 sur les sujets li\\u00e9s au handicap. Dipl\\u00f4m\\u00e9e de l'UPEM, il rejoint Mes Allocs apr\\u00e8s avoir travaill\\u00e9 \\u00e0 l'association AEDE qui accompagne les adultes en situation de handicap. Quand il n'\\u00e9crit pas, on peut le retrouver sur un terrain de basket.\",\"sameAs\":[\"https:\/\/www.linkedin.com\/in\/jonathan-bambela-8637861b7\"]}]}<\/script>\n<!-- \/ Yoast SEO plugin. -->","amp_validity":null,"acf":{"faq":{"1":{"question":"\u00c0 quel \u00e2ge doit-on se reconvertir ?","answer":"Il n'y a pas d'\u00e2ge pour une reconversion professionnelle. Le plus important est de trouver la formation qui vous convienne le mieux.\r\n<br> <a href=\" https:\/\/www.mes-allocs.fr\/guides\/reconversion-professionnelle\/changer-de-carriere\/age-faut-il-changer-de-carriere\/ \u200e\">Lire la suite<\/a>\r\n\r\n\r\n"},"2":{"question":"\u00c0 quoi sert le bilan de comp\u00e9tences ? ","answer":"Le bilan de comp\u00e9tences permet d\u2019analyser ses comp\u00e9tences professionnelles et personnelles, ses aptitudes et ses motivations en appui d\u2019un projet d\u2019\u00e9volution professionnelle et, le cas \u00e9ch\u00e9ant, de formation.\r\n"},"3":{"question":"\u00c0 quel moment faire un bilan de comp\u00e9tences ?","answer":"Le bilan de comp\u00e9tences se fait \u00e0 votre initiative lorsque vous ressentez le besoin de faire un point dans votre carri\u00e8re.\r\n<br> <a href=\" https:\/\/www.mes-allocs.fr\/guides\/reconversion-professionnelle\/changer-de-carriere\/age-faut-il-changer-de-carriere\/ \u200e\">Lire la suite<\/a>\r\n"},"4":{"question":"Qu'est-ce que le CPF ?","answer":"Le compte personnel de formation (CPF) est utilisable par tout salari\u00e9, tout au long de sa vie active, y compris en p\u00e9riode de ch\u00f4mage, pour suivre une formation qualifiante ou certifiante. Le CPF a remplac\u00e9 le droit individuel \u00e0 la formation (Dif). Les salari\u00e9s ne perdent pas les heures acquises au titre du Dif."},"5":{"question":"Peut-on faire une reconversion professionnelle quand on est au ch\u00f4mage ?","answer":"Oui, il est possible de faire une reconversion professionnelle quand on est au ch\u00f4mage.\r\n<br> <a href=\" https:\/\/www.mes-allocs.fr\/guides\/reconversion-professionnelle\/changer-de-carriere\/age-faut-il-changer-de-carriere\/ \u200e\">Lire la suite<\/a>\r\n"},"6":{"question":"Quelles sont les aides pour la reconversion professionnelle pour la fonction publique ?","answer":"Il existe : le Compte Personnel de Formation ou CPF, le Cong\u00e9 de Formation Professionnelle ou CFP, la P\u00e9riode de professionnalisation (FPH) et le Cong\u00e9 de formation-mobilit\u00e9 des fonctionnaires de l\u2019\u00c9tat.\r\n"},"7":{"question":"","answer":""},"8":{"question":"","answer":""},"9":{"question":"","answer":""},"10":{"question":"","answer":""},"11":{"question":"","answer":""},"12":{"question":"","answer":""},"13":{"question":"","answer":""},"14":{"question":"","answer":""},"15":{"question":"","answer":""},"16":{"question":"","answer":""}}},"_links":{"self":[{"href":"https:\/\/www.mes-allocs.fr\/guides\/wp-json\/wp\/v2\/posts\/24484","targetHints":{"allow":["GET"]}}],"collection":[{"href":"https:\/\/www.mes-allocs.fr\/guides\/wp-json\/wp\/v2\/posts"}],"about":[{"href":"https:\/\/www.mes-allocs.fr\/guides\/wp-json\/wp\/v2\/types\/post"}],"author":[{"embeddable":true,"href":"https:\/\/www.mes-allocs.fr\/guides\/wp-json\/wp\/v2\/users\/6"}],"replies":[{"embeddable":true,"href":"https:\/\/www.mes-allocs.fr\/guides\/wp-json\/wp\/v2\/comments?post=24484"}],"version-history":[{"count":34,"href":"https:\/\/www.mes-allocs.fr\/guides\/wp-json\/wp\/v2\/posts\/24484\/revisions"}],"predecessor-version":[{"id":110114,"href":"https:\/\/www.mes-allocs.fr\/guides\/wp-json\/wp\/v2\/posts\/24484\/revisions\/110114"}],"wp:featuredmedia":[{"embeddable":true,"href":"https:\/\/www.mes-allocs.fr\/guides\/wp-json\/wp\/v2\/media\/24513"}],"wp:attachment":[{"href":"https:\/\/www.mes-allocs.fr\/guides\/wp-json\/wp\/v2\/media?parent=24484"}],"wp:term":[{"taxonomy":"category","embeddable":true,"href":"https:\/\/www.mes-allocs.fr\/guides\/wp-json\/wp\/v2\/categories?post=24484"},{"taxonomy":"post_tag","embeddable":true,"href":"https:\/\/www.mes-allocs.fr\/guides\/wp-json\/wp\/v2\/tags?post=24484"}],"curies":[{"name":"wp","href":"https:\/\/api.w.org\/{rel}","templated":true}]}}