{"id":24444,"date":"2021-04-07T15:04:09","date_gmt":"2021-04-07T15:04:09","guid":{"rendered":"https:\/\/www.mes-allocs.fr\/guides\/?p=24444"},"modified":"2026-03-04T16:47:26","modified_gmt":"2026-03-04T15:47:26","slug":"changement-carriere-50-ans","status":"publish","type":"post","link":"https:\/\/www.mes-allocs.fr\/guides\/reconversion-professionnelle\/changer-de-carriere\/changer-de-carriere-selon-age\/changement-carriere-50-ans\/","title":{"rendered":"Pourquoi changer de carri\u00e8re \u00e0 50 ans ?"},"content":{"rendered":"<p><a href=\"https:\/\/www.mes-allocs.fr\/guides\/wp-content\/uploads\/2021\/04\/pexels-andrea-piacquadio-3931475-1.jpg\"><img loading=\"lazy\" decoding=\"async\" class=\"alignnone wp-image-24447 size-full\" title=\"changement carri\u00e8re 50 ans\" src=\"https:\/\/www.mes-allocs.fr\/guides\/wp-content\/uploads\/2021\/04\/pexels-andrea-piacquadio-3931475-1-e1617731720709.jpg\" alt=\"changement carri\u00e8re 50 ans\" width=\"1280\" height=\"412\" \/><\/a><\/p>\n<p>[Mis \u00e0 jour le 04\/03\/2026] Vous avez envie de changer de m\u00e9tier \u00e0 50 ans mais la <a href=\"https:\/\/www.mes-allocs.fr\/guides\/reconversion-professionnelle\/\">reconversion professionnelle<\/a> vous fait peur ? Des formations professionnelles sont possibles pour vous. Vous pouvez aussi plus facilement faire une cr\u00e9ation d&rsquo;entreprise. Mes Allocs vous pr\u00e9sente les avantages du <strong>changement de carri\u00e8re \u00e0 50 ans<\/strong>.<\/p>\n<div class='cta-block'><div class='text'>Besoin d&rsquo;aide dans votre reconversion ?<\/div><a href='' class='app-button fit'>En savoir plus sur notre programme<\/a><\/div>\n<h1 id=\"menu-1\">Pourquoi envisager une reconversion professionnelle \u00e0 50 ans ?<\/h1>\n<p>Vous vous demandez certainement <a href=\"https:\/\/www.mes-allocs.fr\/guides\/reconversion-professionnelle\/changer-de-carriere\/changer-de-carriere-selon-age\/\">\u00e0 quel \u00e2ge changer de carri\u00e8re<\/a> ? En v\u00e9rit\u00e9, il n&rsquo;y a pas d&rsquo;\u00e2ge. Mais une reconversion \u00e0 50 ans pr\u00e9sente de nombreux avantages.<\/p>\n<h2>Vous avez acquis de l&rsquo;exp\u00e9rience<\/h2>\n<p>Se reconvertir<strong>\u00a0\u00e0 50 ans<\/strong> est envisageable. Vous avez obtenu avec les \u00e2ges beaucoup d&rsquo;exp\u00e9rience professionnelle. Vous poss\u00e9dez d\u00e9sormais de nombreuses comp\u00e9tences. M\u00eame si vous pensez devoir tout r\u00e9apprendre pour <a href=\"https:\/\/www.mes-allocs.fr\/guides\/reconversion-professionnelle\/changer-de-carriere-professionnelle\/\">changer de carri\u00e8re<\/a> et exercer un nouveau m\u00e9tier, prenez le temps de regarder tous vos acquis et votre savoir faire.<\/p>\n<p>Vous \u00eates assez mature d\u00e9sormais pour conna\u00eetre vos envies. Votre d\u00e9cision de reconversion sera certainement plus r\u00e9fl\u00e9chie que si vous aviez 20 ans.\u00a0 Vous savez ce qu&rsquo;il en co\u00fbte de faire plusieurs ann\u00e9es de formation.<\/p>\n<h2>La s\u00e9curit\u00e9<\/h2>\n<p>La reconversion professionnelle demande souvent des investissements financiers, si vous fa\u00eete une formation ou si vous souhaitez cr\u00e9er ou reprendre une entreprise. Il sera plus facile pour vous de vous reconvertir \u00e0 partir de 50 ans si vous poss\u00e9dez quelques \u00e9conomies. Un actif de 50 ans n&rsquo;\u00e9l\u00e8ve plus de jeunes enfants. Vous n&rsquo;avez donc plus (ou presque plus) \u00e0 vous occuper financi\u00e8rement de vos enfants.<\/p>\n<p>\u00c0 50 ans, vous \u00eates g\u00e9n\u00e9ralement propri\u00e9taire de votre logement et votre cr\u00e9dit sera bient\u00f4t rembours\u00e9.<\/p>\n<p><iframe loading=\"lazy\" title=\"La reconversion professionnelle\" width=\"500\" height=\"281\" src=\"https:\/\/www.youtube.com\/embed\/EiVUthswxl0?feature=oembed\" frameborder=\"0\" allow=\"accelerometer; autoplay; clipboard-write; encrypted-media; gyroscope; picture-in-picture; web-share\" referrerpolicy=\"strict-origin-when-cross-origin\" allowfullscreen><\/iframe><\/p>\n<h1>Les \u00e9tapes de la reconversion professionnelle<\/h1>\n<h2>D\u00e9finissez vos objectifs<\/h2>\n<p>Les parcours professionnels sont diff\u00e9rents, il est essentiel de d\u00e9finir votre projet. Vous devez d\u00e9terminer la meilleure solution pour votre reconversion. Il est n\u00e9cessaire de faire un bilan personnel : un bilan de vos comp\u00e9tences, de vos exp\u00e9riences professionnelles et de vos centres d&rsquo;int\u00e9r\u00eat.<\/p>\n<p>Pour \u00e9valuer vos besoins en terme de formation, France Travail vous propose :<\/p>\n<ul>\n<li>Une \u00e9valuation des comp\u00e9tences et capacit\u00e9s professionnelles (ECCP) qui permet de mesurer les \u00e9carts entre vos comp\u00e9tences et les besoins des entreprises.<\/li>\n<li>Un atelier \u00ab Pr\u00e9parer son projet de formation \u00bb qui vous accompagne au d\u00e9but de votre r\u00e9flexion sur votre projet de formation.<\/li>\n<\/ul>\n<section class=\"block-article-link color-transverse\">Commencez en d\u00e9finissant votre objectif,\u00a0 <strong>posez les bonnes questions :<\/strong> quelles sont les contraintes de ma reconversion ? Suis-je pr\u00eat(e) \u00e0 changer de lieu pour suivre ma formation ? Suis-je pr\u00eat(e) \u00e0 faire une formation longue ou courte ?<\/section>\n<section><\/section>\n<section class=\"block-article-link color-transverse\">Comment est le march\u00e9 de l&rsquo; emploi ? Sera-t-il facile de trouver un emploi apr\u00e8s la formation ?\u00a0<\/section>\n<section><\/section>\n<section><\/section>\n<section><\/section>\n<section><\/section>\n<section><\/section>\n<section><\/section>\n<section><\/section>\n<section><\/section>\n<section><\/section>\n<section><\/section>\n<section class=\"block-article-link color-transverse\"><strong>\u00c9crivez votre CV et votre lettre de motivation <\/strong>de fa\u00e7on \u00e0 montrer votre cheminement personnel et vos comp\u00e9tences. Faire un bilan de comp\u00e9tences peut-\u00eatre un bon moyen d\u2019\u00e9tudier vos comp\u00e9tences professionnelles et personnelles, vos motivations. Pour bien r\u00e9ussir votre reconversion professionnelle, pensez \u00e0 votre <b>CPF (Compte personnel de formation) de transition.<\/b> Cette \u00e9tape obligatoire et pr\u00e9alable \u00e0 la d\u00e9mission vous permet de :<\/p>\n<ul>\n<li>b\u00e9n\u00e9ficier d\u2019un appui personnalis\u00e9 pour pr\u00e9parer votre projet ;<\/li>\n<li>\u00e9tudier les dispositifs alternatifs \u00e0 la d\u00e9mission que vous pouvez faire valoir pour mettre en \u0153uvre votre projet ;<\/li>\n<li>\u00e9tablir votre projet.<\/li>\n<\/ul>\n<p class=\"p1\"><div class='cta-block'><div class='text'>Besoin d&rsquo;aide dans votre reconversion ?<\/div><a href='' class='app-button fit'>En savoir plus sur notre programme<\/a><\/div><\/p>\n<\/section>\n<section class=\"block-article-link color-transverse\">\n<h2>Anticipez<\/h2>\n<p>Votre d\u00e9marche de reconversion vous para\u00eet \u00e9vidente, mais ce n&rsquo;est pas forc\u00e9ment le cas de vos futurs interlocuteurs. Ces interlocuteurs que sont les recruteurs, banquiers, investisseurs, accompagnateurs et r\u00e9seaux professionnels.<\/p>\n<p>Vous serez amen\u00e9 \u00e0 faire la publicit\u00e9 de votre projet aupr\u00e8s de recruteurs, banquiers, investisseurs, accompagnateurs et r\u00e9seaux professionnels. Vous devrez vous exprimer \u00e0 votre sujet ainsi que sur votre parcours et votre projet actuel. Pensez \u00e0 pr\u00e9parer des discours qui pourront les convaincre.<\/p>\n<p><strong>\u00c9crivez votre CV <\/strong>de fa\u00e7on \u00e0 montrer votre cheminement personnel et vos comp\u00e9tences.<\/p>\n<p>Vous devez pr\u00e9parer votre entretien oral. Il faut mettre l&rsquo;accent sur ce qui vous a conduit \u00e0 cette d\u00e9marche de reconversion. Vous pouvez aussi parler de vos comp\u00e9tences et de celles requises par le nouveau m\u00e9tier. Vous devez montrer que votre d\u00e9cision est coh\u00e9rente et r\u00e9alisable.<\/p>\n<h2>Le financement<\/h2>\n<p>Des solutions existent pour le financement de votre formation. Par exemple, lorsque l&rsquo;on est <strong>salari\u00e9<\/strong>, il est tout \u00e0 fait possible d&rsquo;utiliser son\u00a0compte personnel de formation (CPF).<\/p>\n<p>Vous pouvez \u00e9galement travailler en temps partiel.<\/p>\n<p>En ce qui concerne la\u00a0<strong>cr\u00e9ation d&rsquo; entreprise<\/strong>, certaines r\u00e9gions multiplient les aides \u00e0 destination des porteurs de projet. Ce sont des aides financi\u00e8res \u00e0 l&rsquo;implantation et \u00e0 l&#8217;embauche, aide mat\u00e9rielle via des locaux, accompagnement par des professionnels.<\/p>\n<p>Il existe un dispositif global qui mutualise les ressources du Conseil r\u00e9gional, des CCI, des p\u00e9pini\u00e8res d&rsquo;entreprises et qui offre un accompagnement personnalis\u00e9.<\/p>\n<\/section>\n<p>L&rsquo;aide individuelle \u00e0 la formation (AIF) ou le CPF de transition professionnelle peuvent contribuer au financement de votre formation.<\/p>\n<section class=\"block-article-link color-transverse\">Dans tous les cas, expliquez votre situation \u00e0 un\u00a0<strong>conseiller France Travail.<\/strong>\u00a0Pour en savoir plus sur le financement de votre reconversion professionnelle, consultez l&rsquo;article \u00ab\u00a0Financement de ma reconversion professionnelle\u00a0\u00bb<\/p>\n<h1><span id=\"Demissionner_et_avoir_droit_au_chomage\">Comment faire une reconversion professionnelle ?<\/span><\/h1>\n<h2>La reconversion pendant votre temps de travail<\/h2>\n<p>Avant votre r\u00e9orientation professionnelle, il convient de faire le <strong>bilan de vos comp\u00e9tences <\/strong>et de d\u00e9finir avec soin votre projet de reconversion professionnelle. Dans de domaine, l\u2019accompagnement personnalis\u00e9 propos\u00e9 par l\u2019AFPA peut \u00eatre d\u2019une grande utilit\u00e9.<\/p>\n<p>Vous avez \u00e9galement acc\u00e8s au conseil en \u00e9volution professionnelle. Celui-ci vous aide \u00e0 faire le point sur votre carri\u00e8re et \u00e0 \u00e9tudier le march\u00e9 du travail. Il vous accorde un suivi personnalis\u00e9.<\/p>\n<h2>La reconversion si vous \u00eates au ch\u00f4mage<\/h2>\n<p>Un salari\u00e9 d\u00e9missionnaire peut percevoir une indemnisation au titre de l\u2019ARE en cas de d\u00e9mission consid\u00e9r\u00e9e comme l\u00e9gitime par l&rsquo;assurance ch\u00f4mage.<\/p>\n<p>Pour pouvoir pr\u00e9tendre \u00e0 l\u2019ARE, dans ce cas de d\u00e9mission pour projet de reconversion professionnelle,<strong> il vous faut remplir deux conditions sp\u00e9cifiques. <\/strong><\/p>\n<p>Un demandeur d&#8217;emploi peut donc faire une reconversion professionnelle.<\/p>\n<p class=\"p1\"><div class='cta-block'><div class='text'>Besoin d&rsquo;aide dans votre reconversion ?<\/div><a href='' class='app-button fit'>En savoir plus sur notre programme<\/a><\/div><\/p>\n<\/section>\n","protected":false},"excerpt":{"rendered":"<p>[Mis \u00e0 jour le 04\/03\/2026] Vous avez envie de changer de m\u00e9tier \u00e0 50 ans mais la reconversion professionnelle vous fait peur ? Des formations professionnelles sont possibles pour vous. Vous pouvez aussi plus facilement faire une cr\u00e9ation d&rsquo;entreprise. Mes Allocs vous pr\u00e9sente les avantages du changement de carri\u00e8re \u00e0 50 ans. Pourquoi envisager une [&hellip;]<\/p>\n","protected":false},"author":6,"featured_media":24447,"comment_status":"open","ping_status":"open","sticky":false,"template":"","format":"standard","meta":{"amp_status":"","footnotes":""},"categories":[5929,32182,5081],"tags":[],"class_list":["post-24444","post","type-post","status-publish","format-standard","has-post-thumbnail","hentry","category-changer-de-carriere","category-changer-de-carriere-selon-age","category-reconversion-professionnelle"],"yoast_head":"<!-- This site is optimized with the Yoast SEO plugin v14.9 - https:\/\/yoast.com\/wordpress\/plugins\/seo\/ -->\n<title>Pourquoi changer de carri\u00e8re \u00e0 50 ans ? | Mes-Allocs.fr<\/title>\n<meta name=\"description\" content=\"Le changement de carri\u00e8re vous fait peur ? Voici les avantages de la reconversion professionnelle\u00a0\u00e0 50 ans.\u00a0\" \/>\n<meta name=\"robots\" content=\"index, follow, max-snippet:-1, max-image-preview:large, max-video-preview:-1\" \/>\n<link rel=\"canonical\" href=\"https:\/\/www.mes-allocs.fr\/guides\/reconversion-professionnelle\/changer-de-carriere\/changer-de-carriere-selon-age\/changement-carriere-50-ans\/\" \/>\n<meta property=\"og:locale\" content=\"fr_FR\" \/>\n<meta property=\"og:type\" content=\"article\" \/>\n<meta property=\"og:title\" content=\"Pourquoi changer de carri\u00e8re \u00e0 50 ans ? | Mes-Allocs.fr\" \/>\n<meta property=\"og:description\" content=\"Le changement de carri\u00e8re vous fait peur ? Voici les avantages de la reconversion professionnelle\u00a0\u00e0 50 ans.\u00a0\" \/>\n<meta property=\"og:url\" content=\"https:\/\/www.mes-allocs.fr\/guides\/reconversion-professionnelle\/changer-de-carriere\/changer-de-carriere-selon-age\/changement-carriere-50-ans\/\" \/>\n<meta property=\"og:site_name\" content=\"Mes-Allocs.fr\" \/>\n<meta property=\"article:published_time\" content=\"2021-04-07T15:04:09+00:00\" \/>\n<meta property=\"article:modified_time\" content=\"2026-03-04T15:47:26+00:00\" \/>\n<meta property=\"og:image\" content=\"https:\/\/www.mes-allocs.fr\/guides\/wp-content\/uploads\/2021\/04\/pexels-andrea-piacquadio-3931475-1.jpg?wsr\" \/>\n\t<meta property=\"og:image:width\" content=\"1280\" \/>\n\t<meta property=\"og:image:height\" content=\"897\" \/>\n<meta name=\"twitter:card\" content=\"summary_large_image\" \/>\n<script type=\"application\/ld+json\" class=\"yoast-schema-graph\">{\"@context\":\"https:\/\/schema.org\",\"@graph\":[{\"@type\":\"WebSite\",\"@id\":\"https:\/\/www.mes-allocs.fr\/guides\/#website\",\"url\":\"https:\/\/www.mes-allocs.fr\/guides\/\",\"name\":\"Mes-Allocs.fr\",\"description\":\"\",\"potentialAction\":[{\"@type\":\"SearchAction\",\"target\":\"https:\/\/www.mes-allocs.fr\/guides\/?s={search_term_string}\",\"query-input\":\"required name=search_term_string\"}],\"inLanguage\":\"fr-FR\"},{\"@type\":\"ImageObject\",\"@id\":\"https:\/\/www.mes-allocs.fr\/guides\/reconversion-professionnelle\/changer-de-carriere\/changer-de-carriere-selon-age\/changement-carriere-50-ans\/#primaryimage\",\"inLanguage\":\"fr-FR\",\"url\":\"https:\/\/www.mes-allocs.fr\/guides\/wp-content\/uploads\/2021\/04\/pexels-andrea-piacquadio-3931475-1.jpg?wsr\",\"width\":1280,\"height\":897,\"caption\":\"changement carri\\u00e8re 50 ans\"},{\"@type\":\"WebPage\",\"@id\":\"https:\/\/www.mes-allocs.fr\/guides\/reconversion-professionnelle\/changer-de-carriere\/changer-de-carriere-selon-age\/changement-carriere-50-ans\/#webpage\",\"url\":\"https:\/\/www.mes-allocs.fr\/guides\/reconversion-professionnelle\/changer-de-carriere\/changer-de-carriere-selon-age\/changement-carriere-50-ans\/\",\"name\":\"Pourquoi changer de carri\\u00e8re \\u00e0 50 ans ? | Mes-Allocs.fr\",\"isPartOf\":{\"@id\":\"https:\/\/www.mes-allocs.fr\/guides\/#website\"},\"primaryImageOfPage\":{\"@id\":\"https:\/\/www.mes-allocs.fr\/guides\/reconversion-professionnelle\/changer-de-carriere\/changer-de-carriere-selon-age\/changement-carriere-50-ans\/#primaryimage\"},\"datePublished\":\"2021-04-07T15:04:09+00:00\",\"dateModified\":\"2026-03-04T15:47:26+00:00\",\"author\":{\"@id\":\"https:\/\/www.mes-allocs.fr\/guides\/#\/schema\/person\/0ecd61a8600573914d00d970a588c024\"},\"description\":\"Le changement de carri\\u00e8re vous fait peur ? Voici les avantages de la reconversion professionnelle\\u00a0\\u00e0 50 ans.\\u00a0\",\"inLanguage\":\"fr-FR\"},{\"@type\":\"Person\",\"@id\":\"https:\/\/www.mes-allocs.fr\/guides\/#\/schema\/person\/0ecd61a8600573914d00d970a588c024\",\"name\":\"Jonathan\",\"image\":{\"@type\":\"ImageObject\",\"@id\":\"https:\/\/www.mes-allocs.fr\/guides\/#personlogo\",\"inLanguage\":\"fr-FR\",\"url\":\"https:\/\/www.mes-allocs.fr\/guides\/wp-content\/uploads\/2021\/06\/jonathan-150x150.png\",\"caption\":\"Jonathan\"},\"description\":\"Jonathan est r\\u00e9dacteur au sein de l'\\u00e9quipe Mes Allocs, sp\\u00e9cialis\\u00e9 sur les sujets li\\u00e9s au handicap. Dipl\\u00f4m\\u00e9e de l'UPEM, il rejoint Mes Allocs apr\\u00e8s avoir travaill\\u00e9 \\u00e0 l'association AEDE qui accompagne les adultes en situation de handicap. Quand il n'\\u00e9crit pas, on peut le retrouver sur un terrain de basket.\",\"sameAs\":[\"https:\/\/www.linkedin.com\/in\/jonathan-bambela-8637861b7\"]}]}<\/script>\n<!-- \/ Yoast SEO plugin. -->","amp_validity":null,"acf":{"faq":{"1":{"question":"\u00c0 quel \u00e2ge doit-on se reconvertir ?","answer":"Il n'y a pas d'\u00e2ge pour une reconversion professionnelle. Le plus important est de trouver la formation qui vous convienne le mieux.\r\n<br> <a href=\" https:\/\/www.mes-allocs.fr\/guides\/reconversion-professionnelle\/changer-de-carriere\/changer-de-carriere-a-50-ans\/\">Lire la suite<\/a>"},"2":{"question":"\u00c0 quoi sert le bilan de comp\u00e9tences ? ","answer":"Le bilan de comp\u00e9tences permet d\u2019analyser ses comp\u00e9tences professionnelles et personnelles, ses aptitudes et ses motivations en appui d\u2019un projet d\u2019\u00e9volution professionnelle et, le cas \u00e9ch\u00e9ant, de formation.\r\n"},"3":{"question":" \u00c0 quel moment faire un bilan de comp\u00e9tences ?","answer":"Le bilan de comp\u00e9tences se fait \u00e0 votre initiative lorsque vous ressentez le besoin de faire un point dans votre carri\u00e8re.\r\n<br> <a href=\" https:\/\/www.mes-allocs.fr\/guides\/reconversion-professionnelle\/changer-de-carriere\/changer-de-carriere-a-50-ans\/\">Lire la suite<\/a>"},"4":{"question":"Qu'est-ce que le CPF ?","answer":"Le compte personnel de formation (CPF) est utilisable par tout salari\u00e9, tout au long de sa vie active, y compris en p\u00e9riode de ch\u00f4mage, pour suivre une formation qualifiante ou certifiante. Le CPF a remplac\u00e9 le droit individuel \u00e0 la formation (Dif). Les salari\u00e9s ne perdent pas les heures acquises au titre du Dif."},"5":{"question":"Peut-on faire une reconversion professionnelle quand on est au ch\u00f4mage ?","answer":"Oui, il est possible de faire une reconversion professionnelle quand on est au ch\u00f4mage.\r\n<br> <a href=\" https:\/\/www.mes-allocs.fr\/guides\/reconversion-professionnelle\/changer-de-carriere\/changer-de-carriere-a-50-ans\/\">Lire la suite<\/a>\r\n"},"6":{"question":"Quelles sont les aides pour la reconversion professionnelle pour la fonction publique ?","answer":"Il existe : le Compte Personnel de Formation ou CPF, le Cong\u00e9 de Formation Professionnelle ou CFP, la P\u00e9riode de professionnalisation (FPH) et le Cong\u00e9 de formation-mobilit\u00e9 des fonctionnaires de l\u2019\u00c9tat.\r\n"},"7":{"question":"","answer":""},"8":{"question":"","answer":""},"9":{"question":"","answer":""},"10":{"question":"","answer":""},"11":{"question":"","answer":""},"12":{"question":"","answer":""},"13":{"question":"","answer":""},"14":{"question":"","answer":""},"15":{"question":"","answer":""},"16":{"question":"","answer":""}}},"_links":{"self":[{"href":"https:\/\/www.mes-allocs.fr\/guides\/wp-json\/wp\/v2\/posts\/24444","targetHints":{"allow":["GET"]}}],"collection":[{"href":"https:\/\/www.mes-allocs.fr\/guides\/wp-json\/wp\/v2\/posts"}],"about":[{"href":"https:\/\/www.mes-allocs.fr\/guides\/wp-json\/wp\/v2\/types\/post"}],"author":[{"embeddable":true,"href":"https:\/\/www.mes-allocs.fr\/guides\/wp-json\/wp\/v2\/users\/6"}],"replies":[{"embeddable":true,"href":"https:\/\/www.mes-allocs.fr\/guides\/wp-json\/wp\/v2\/comments?post=24444"}],"version-history":[{"count":29,"href":"https:\/\/www.mes-allocs.fr\/guides\/wp-json\/wp\/v2\/posts\/24444\/revisions"}],"predecessor-version":[{"id":110126,"href":"https:\/\/www.mes-allocs.fr\/guides\/wp-json\/wp\/v2\/posts\/24444\/revisions\/110126"}],"wp:featuredmedia":[{"embeddable":true,"href":"https:\/\/www.mes-allocs.fr\/guides\/wp-json\/wp\/v2\/media\/24447"}],"wp:attachment":[{"href":"https:\/\/www.mes-allocs.fr\/guides\/wp-json\/wp\/v2\/media?parent=24444"}],"wp:term":[{"taxonomy":"category","embeddable":true,"href":"https:\/\/www.mes-allocs.fr\/guides\/wp-json\/wp\/v2\/categories?post=24444"},{"taxonomy":"post_tag","embeddable":true,"href":"https:\/\/www.mes-allocs.fr\/guides\/wp-json\/wp\/v2\/tags?post=24444"}],"curies":[{"name":"wp","href":"https:\/\/api.w.org\/{rel}","templated":true}]}}