{"id":24328,"date":"2021-04-06T08:01:56","date_gmt":"2021-04-06T08:01:56","guid":{"rendered":"https:\/\/www.mes-allocs.fr\/guides\/?p=24328"},"modified":"2026-03-03T16:49:09","modified_gmt":"2026-03-03T15:49:09","slug":"reconversion-professionnelle-50-ans","status":"publish","type":"post","link":"https:\/\/www.mes-allocs.fr\/guides\/reconversion-professionnelle\/age-pour-reconversion-professionnelle\/reconversion-professionnelle-50-ans\/","title":{"rendered":"La reconversion professionnelle \u00e0 50 ans"},"content":{"rendered":"<p><a href=\"https:\/\/www.mes-allocs.fr\/guides\/wp-content\/uploads\/2021\/04\/pexels-august-de-richelieu-4427809-1.jpg\"><img loading=\"lazy\" decoding=\"async\" class=\"alignnone wp-image-24334 size-full\" title=\"reconversion professionnelle \u00e0 50 ans\" src=\"https:\/\/www.mes-allocs.fr\/guides\/wp-content\/uploads\/2021\/04\/pexels-august-de-richelieu-4427809-1-e1617470239624.jpg\" alt=\"Reconversion professionnelle \u00e0 50 ans\" width=\"1280\" height=\"384\" \/><\/a><\/p>\n<p style=\"text-align: justify;\">[Mis \u00e0 jour le 03\/03\/2026] Vous avez envie de changer de m\u00e9tier apr\u00e8s 50 ans ? Des formations professionnelles sont possibles pour votre projet professionnel. Vous pouvez aussi plus facilement faire une cr\u00e9ation d&rsquo; entreprise. Mes Allocs vous pr\u00e9sente les nombreux avantages d&rsquo;une <strong><a href=\"https:\/\/www.mes-allocs.fr\/guides\/reconversion-professionnelle\/\">reconversion professionnelle<\/a> \u00e0 50 ans<\/strong>.<\/p>\n<h1 id=\"menu-1\">Pourquoi envisager une reconversion professionnelle \u00e0 50 ans ?<\/h1>\n<p>Vous souhaitez changer changer de m\u00e9tier \u00e0 50 ans ? Les cinquantenaires d\u00e9sirent se r\u00e9orienter professionnellement pour plusieurs raisons :<\/p>\n<ul>\n<li>leur m\u00e9tier actuel ne leur pla\u00eet plus,<\/li>\n<li>ils ne sentent plus d&rsquo;\u00e9volution possible dans leur carri\u00e8re,<\/li>\n<li>ils ont subit un burn out,&#8230;<\/li>\n<\/ul>\n<p>Une reconversion peut faire peur.\u00a0 Si vous souhaitez changer de m\u00e9tier mais que vous h\u00e9sitez encore, rassurez-vous, la <a href=\"https:\/\/www.mes-allocs.fr\/guides\/reconversion-professionnelle\/age-pour-une-reconversion-professionnelle\/\">reconversion professionnelle n&rsquo;a pas d&rsquo;\u00e2ge<\/a> ! On vous pr\u00e9sente m\u00eame les avantages d&rsquo;une reconversion apr\u00e8s 50 ans.<\/p>\n<div class='cta-block'><div class='text'>Besoin d&rsquo;aide dans votre reconversion ?<\/div><a href='https:\/\/www.formademia.fr\/coaching' class='app-button fit'>En savoir plus sur notre programme<\/a><\/div>\n<h2>Vous avez acquis de l&rsquo;exp\u00e9rience<\/h2>\n<p>Le plus grand avantage de la <strong>reconversion professionnelle \u00e0 50 ans<\/strong> est que vous avez obtenu avec l&rsquo;\u00e2ge, beaucoup d&rsquo;exp\u00e9rience professionnelle. Vous poss\u00e9dez d\u00e9sormais de nombreuses comp\u00e9tences. M\u00eame si vous pensez devoir tout r\u00e9apprendre pour exercer un nouveau m\u00e9tier, prenez le temps de regarder tous vos acquis.<\/p>\n<p>Vous \u00eates assez mature d\u00e9sormais pour conna\u00eetre vos envie. Votre d\u00e9cision de reconversion sera certainement plus r\u00e9fl\u00e9chie que si vous aviez 20 ans. En effet, vous avez de nombreuses responsabilit\u00e9s (cr\u00e9dit \u00e0 rembourser). Vous savez ce qu&rsquo;il en co\u00fbte de faire plusieurs ann\u00e9es de formation.<\/p>\n<h2>La s\u00e9curit\u00e9<\/h2>\n<p style=\"text-align: justify;\">La reconversion professionnelle demande souvent des investissements financiers, si vous fa\u00eete une formation ou si vous souhaitez cr\u00e9er ou reprendre une entreprise. Il sera plus facile pour vous de vous reconvertir \u00e0 partir de 50 ans si vous poss\u00e9dez quelques \u00e9conomies. Vos enfants, si vous en avez eu sont s\u00fbrement parti de domicile familiale car ce ne sont plus de jeunes enfants. Vous n&rsquo;avez donc plus (ou presque plus) \u00e0 vous occuper financi\u00e8rement de vos enfants.<\/p>\n<p><iframe loading=\"lazy\" title=\"La reconversion professionnelle\" width=\"500\" height=\"281\" src=\"https:\/\/www.youtube.com\/embed\/EiVUthswxl0?feature=oembed\" frameborder=\"0\" allow=\"accelerometer; autoplay; clipboard-write; encrypted-media; gyroscope; picture-in-picture; web-share\" referrerpolicy=\"strict-origin-when-cross-origin\" allowfullscreen><\/iframe><\/p>\n<h1>Les \u00e9tapes de la reconversion professionnelle<\/h1>\n<h2>D\u00e9finissez vos objectifs<\/h2>\n<p>Les parcours professionnels sont diff\u00e9rents, il est essentiel de faire un point. Il est n\u00e9cessaire de faire un bilan personnel : un bilan de vos comp\u00e9tences, des vos exp\u00e9riences professionnels et de vos centres d&rsquo;int\u00e9r\u00eat.<\/p>\n<p>Pour \u00e9valuer vos besoins en terme de formation, France Travail vous propose :<\/p>\n<ul>\n<li>Une \u00e9valuation des comp\u00e9tences et capacit\u00e9s professionnelles (ECCP) qui permet de mesurer les \u00e9carts entre vos comp\u00e9tences et les besoins des entreprises.<\/li>\n<li>Un atelier \u00ab Pr\u00e9parer son projet de formation \u00bb qui vous accompagne au d\u00e9but de votre r\u00e9flexion sur votre projet de formation.<\/li>\n<\/ul>\n<section class=\"block-article-link color-transverse\">Avant tout, d\u00e9finissez votre objectif,\u00a0 <strong>posez les bonnes questions :<\/strong> quelles sont les contraintes de ma reconversion ? Suis-je pr\u00eat(e) \u00e0 changer de lieu pour suivre ma formation ? Suis-je pr\u00eat(e) \u00e0 faire une formation longue ou courte ? Comment est le march\u00e9 de l&rsquo; emploi ?<\/section>\n<section><\/section>\n<section><\/section>\n<section><\/section>\n<section class=\"block-article-link color-transverse\"><strong>\u00c9crivez votre CV et votre lettre de motivation <\/strong>de fa\u00e7on \u00e0 montrer votre cheminement personnel et vos comp\u00e9tences. Faire un bilan de comp\u00e9tences peut-\u00eatre un bon moyen d\u2019\u00e9tudier vos comp\u00e9tences professionnelles et personnelles, vos motivations. Pour bien r\u00e9ussir votre reconversion professionnelle, vous devez vous rapprocher du <strong>Projet de transition professionnelle<\/strong><b>.<\/b> Cette \u00e9tape obligatoire et pr\u00e9alable \u00e0 la d\u00e9mission vous permet de :<\/p>\n<ul>\n<li>b\u00e9n\u00e9ficier d\u2019un appui personnalis\u00e9 pour pr\u00e9parer votre projet ;<\/li>\n<li>\u00e9tudier les dispositifs alternatifs \u00e0 la d\u00e9mission que vous pouvez faire valoir pour mettre en \u0153uvre votre projet ;<\/li>\n<li>\u00e9tablir votre projet.<\/li>\n<\/ul>\n<p>Les conseils en \u00e9volution professionnelle (CEP) sont dispens\u00e9s par :<\/p>\n<ul>\n<li>l\u2019APEC pour les salari\u00e9s cadres ;<\/li>\n<li>les CAP Emploi pour les personnes en situation de handicap ;<\/li>\n<li>les FONGECIFS pour les salari\u00e9s actifs<\/li>\n<\/ul>\n<\/section>\n<section><\/section>\n<section><\/section>\n<section class=\"block-article-link color-transverse\">Profitez des r\u00e9seaux sociaux pour construire un r\u00e9seau !<\/section>\n<section><\/section>\n<section><div class='cta-block'><div class='text'>Besoin d&rsquo;aide dans votre reconversion ?<\/div><a href='https:\/\/www.formademia.fr\/coaching' class='app-button fit'>En savoir plus sur notre programme<\/a><\/div><\/section>\n<section class=\"block-article-link color-transverse\">\n<h2>Anticipez<\/h2>\n<p>Votre d\u00e9marche de reconversion vous para\u00eet \u00e9vidente, mais ce n&rsquo;est pas forc\u00e9ment le cas de vos futurs interlocuteurs. Ces interlocuteurs que sont les recruteurs, banquiers, investisseurs, accompagnateurs et r\u00e9seaux professionnels.<\/p>\n<p>Vous serez amen\u00e9 \u00e0 faire la publicit\u00e9 de votre projet aupr\u00e8s de recruteurs, banquiers, investisseurs, accompagnateurs et r\u00e9seaux professionnels. Vous devrez vous exprimer \u00e0 votre sujet ainsi que sur votre parcours et votre projet actuel. Pensez \u00e0 pr\u00e9parer des discours qui pourront les convaincre.<\/p>\n<p><strong>\u00c9crivez votre CV <\/strong>de fa\u00e7on \u00e0 montrer votre cheminement personnel et vos comp\u00e9tences.<\/p>\n<p>Vous devez pr\u00e9parer votre entretien oral. N&rsquo;h\u00e9sitez pas \u00e0 parler de ce qui vous a conduit \u00e0 cette d\u00e9marche de reconversion. Vous pouvez aussi parler de vos comp\u00e9tences et de celles requises par le nouveau m\u00e9tier. Vous devez montrer que votre d\u00e9cision est coh\u00e9rente et r\u00e9alisable.<\/p>\n<h2>Le financement<\/h2>\n<p>Des solutions existent pour le financement de votre formation. Par exemple, lorsque l&rsquo;on est <strong>salari\u00e9<\/strong>, il est tout \u00e0 fait possible d&rsquo;utiliser son\u00a0compte personnel de formation (CPF).<\/p>\n<p>En ce qui concerne la\u00a0<strong>cr\u00e9ation d&rsquo;entreprise<\/strong>, certaines r\u00e9gions multiplient les aides \u00e0 destination des porteurs de projet. Ce sont des aides financi\u00e8res \u00e0 l&rsquo;implantation et \u00e0 l&#8217;embauche, aide mat\u00e9rielle via des locaux, accompagnement par des professionnels.<\/p>\n<p>Il existe un dispositif global qui mutualise les ressources du Conseil r\u00e9gional, des CCI, des p\u00e9pini\u00e8res d&rsquo;entreprises et qui offre un accompagnement personnalis\u00e9.<\/p>\n<\/section>\n<p>L&rsquo; aide individuelle \u00e0 la formation (AIF) ou le CPF de transition professionnelle peuvent contribuer au financement de votre formation.<\/p>\n<section class=\"block-article-link color-transverse\">Dans tous les cas, expliquez votre situation \u00e0 un\u00a0<strong>conseiller France Travail <\/strong>qui fera le n\u00e9cessaire pour vous orienter vers les bons interlocuteurs. Vous pouvez aussi prendre <a href=\"https:\/\/www.formademia.fr\/formulaire\/coaching\">rendez-vous avec un conseiller Mes Allocs<\/a> pour r\u00e9aliser votre reconversion professionnelle et connaitre les possibilit\u00e9s de financement !<\/section>\n<section><\/section>\n<section><\/section>\n<section><\/section>\n<section><\/section>\n<section><\/section>\n<section><\/section>\n<h1 class=\"block-article-link color-transverse\">Comment faire une reconversion professionnelle ?<\/h1>\n<h2 class=\"block-article-link color-transverse\">La reconversion pendant votre temps de travail<\/h2>\n<section class=\"block-article-link color-transverse\">Avant de vous r\u00e9orienter professionnellement, il convient de faire le <strong>bilan de vos comp\u00e9tences<\/strong>. D\u00e9finissez avec soin votre projet de reconversion professionnelle. Dans de domaine, l\u2019accompagnement personnalis\u00e9 propos\u00e9 par l\u2019AFPA peut \u00eatre d\u2019une grande utilit\u00e9.Vous avez \u00e9galement acc\u00e8s au conseil en \u00e9volution professionnelle. Celui-ci vous aide \u00e0 faire le point sur votre carri\u00e8re et \u00e0 \u00e9tudier le march\u00e9 du travail. Il vous accorde un suivi personnalis\u00e9.<\/p>\n<h2>La reconversion si vous \u00eates au ch\u00f4mage<\/h2>\n<p>Un salari\u00e9 d\u00e9missionnaire peut percevoir une indemnisation au titre de l\u2019ARE en cas de d\u00e9mission consid\u00e9r\u00e9e comme l\u00e9gitime par l&rsquo;assurance ch\u00f4mage.<\/p>\n<p>Pour pouvoir pr\u00e9tendre \u00e0 l\u2019ARE, dans ce cas de d\u00e9mission pour projet de reconversion professionnelle,<strong> il vous faut remplir deux conditions sp\u00e9cifiques. Elles s&rsquo;ajoutent aux conditions habituelles pour toucher le ch\u00f4mage <\/strong>:<\/p>\n<ul>\n<li><strong>D\u00e9missionner d\u2019un contrat de travail \u00e0 dur\u00e9e ind\u00e9termin\u00e9e (CDI).<\/strong><\/li>\n<li><strong>Une dur\u00e9e d\u2019activit\u00e9 salari\u00e9e continue de 5 ans<\/strong>, dans les 60 mois qui pr\u00e9c\u00e8dent votre fin de contrat de travail.<\/li>\n<li><strong>Un projet de reconversion professionnelle \u00ab r\u00e9el et s\u00e9rieux \u00bb.<\/strong><\/li>\n<\/ul>\n<p>Un demandeur d&rsquo; emploi peut donc faire une reconversion professionnelle.<\/p>\n<\/section>\n<p>Vous souhaitez \u00e9voluer dans votre emploi ? Le plan de d\u00e9veloppement des comp\u00e9tences peut vous permettre de participer \u00e0 des actions de formation \u00e0 l\u2019initiative de votre employeur.<\/p>\n<p>Vous n&rsquo;avez pas encore 50 ans ? D\u00e9couvrez-en plus sur la <a href=\"https:\/\/www.mes-allocs.fr\/guides\/reconversion-professionnelle\/age-pour-reconversion-professionnelle\/reconversion-professionnelle-40-ans\/\">reconversion professionnelle \u00e0 40 ans<\/a> !<\/p>\n<div class='cta-block'><div class='text'>Besoin d&rsquo;aide dans votre reconversion ?<\/div><a href='https:\/\/www.formademia.fr\/coaching' class='app-button fit'>En savoir plus sur notre programme<\/a><\/div>\n","protected":false},"excerpt":{"rendered":"<p>[Mis \u00e0 jour le 03\/03\/2026] Vous avez envie de changer de m\u00e9tier apr\u00e8s 50 ans ? Des formations professionnelles sont possibles pour votre projet professionnel. Vous pouvez aussi plus facilement faire une cr\u00e9ation d&rsquo; entreprise. Mes Allocs vous pr\u00e9sente les nombreux avantages d&rsquo;une reconversion professionnelle \u00e0 50 ans. Pourquoi envisager une reconversion professionnelle \u00e0 50 [&hellip;]<\/p>\n","protected":false},"author":6,"featured_media":24334,"comment_status":"open","ping_status":"open","sticky":false,"template":"","format":"standard","meta":{"amp_status":"","footnotes":""},"categories":[7183,5081],"tags":[],"class_list":["post-24328","post","type-post","status-publish","format-standard","has-post-thumbnail","hentry","category-age-pour-reconversion-professionnelle","category-reconversion-professionnelle"],"yoast_head":"<!-- This site is optimized with the Yoast SEO plugin v14.9 - https:\/\/yoast.com\/wordpress\/plugins\/seo\/ -->\n<title>La reconversion professionnelle \u00e0 50 ans | Mes-Allocs.fr<\/title>\n<meta name=\"description\" content=\"Vous avez envie de changer de m\u00e9tier mais votre \u00e2ge vous fait peur ? Voici tous les avantages d&#039;une reconversion professionnelle \u00e0 50 ans !\" \/>\n<meta name=\"robots\" content=\"index, follow, max-snippet:-1, max-image-preview:large, max-video-preview:-1\" \/>\n<link rel=\"canonical\" href=\"https:\/\/www.mes-allocs.fr\/guides\/reconversion-professionnelle\/age-pour-reconversion-professionnelle\/reconversion-professionnelle-50-ans\/\" \/>\n<meta property=\"og:locale\" content=\"fr_FR\" \/>\n<meta property=\"og:type\" content=\"article\" \/>\n<meta property=\"og:title\" content=\"La reconversion professionnelle \u00e0 50 ans | Mes-Allocs.fr\" \/>\n<meta property=\"og:description\" content=\"Vous avez envie de changer de m\u00e9tier mais votre \u00e2ge vous fait peur ? Voici tous les avantages d&#039;une reconversion professionnelle \u00e0 50 ans !\" \/>\n<meta property=\"og:url\" content=\"https:\/\/www.mes-allocs.fr\/guides\/reconversion-professionnelle\/age-pour-reconversion-professionnelle\/reconversion-professionnelle-50-ans\/\" \/>\n<meta property=\"og:site_name\" content=\"Mes-Allocs.fr\" \/>\n<meta property=\"article:published_time\" content=\"2021-04-06T08:01:56+00:00\" \/>\n<meta property=\"article:modified_time\" content=\"2026-03-03T15:49:09+00:00\" \/>\n<meta property=\"og:image\" content=\"https:\/\/www.mes-allocs.fr\/guides\/wp-content\/uploads\/2021\/04\/pexels-august-de-richelieu-4427809-1.jpg?wsr\" \/>\n\t<meta property=\"og:image:width\" content=\"1280\" \/>\n\t<meta property=\"og:image:height\" content=\"854\" \/>\n<meta name=\"twitter:card\" content=\"summary_large_image\" \/>\n<script type=\"application\/ld+json\" class=\"yoast-schema-graph\">{\"@context\":\"https:\/\/schema.org\",\"@graph\":[{\"@type\":\"WebSite\",\"@id\":\"https:\/\/www.mes-allocs.fr\/guides\/#website\",\"url\":\"https:\/\/www.mes-allocs.fr\/guides\/\",\"name\":\"Mes-Allocs.fr\",\"description\":\"\",\"potentialAction\":[{\"@type\":\"SearchAction\",\"target\":\"https:\/\/www.mes-allocs.fr\/guides\/?s={search_term_string}\",\"query-input\":\"required name=search_term_string\"}],\"inLanguage\":\"fr-FR\"},{\"@type\":\"ImageObject\",\"@id\":\"https:\/\/www.mes-allocs.fr\/guides\/reconversion-professionnelle\/age-pour-reconversion-professionnelle\/reconversion-professionnelle-50-ans\/#primaryimage\",\"inLanguage\":\"fr-FR\",\"url\":\"https:\/\/www.mes-allocs.fr\/guides\/wp-content\/uploads\/2021\/04\/pexels-august-de-richelieu-4427809-1.jpg?wsr\",\"width\":1280,\"height\":854,\"caption\":\"reconversion professionnelle \\u00e0 50 ans\"},{\"@type\":\"WebPage\",\"@id\":\"https:\/\/www.mes-allocs.fr\/guides\/reconversion-professionnelle\/age-pour-reconversion-professionnelle\/reconversion-professionnelle-50-ans\/#webpage\",\"url\":\"https:\/\/www.mes-allocs.fr\/guides\/reconversion-professionnelle\/age-pour-reconversion-professionnelle\/reconversion-professionnelle-50-ans\/\",\"name\":\"La reconversion professionnelle \\u00e0 50 ans | Mes-Allocs.fr\",\"isPartOf\":{\"@id\":\"https:\/\/www.mes-allocs.fr\/guides\/#website\"},\"primaryImageOfPage\":{\"@id\":\"https:\/\/www.mes-allocs.fr\/guides\/reconversion-professionnelle\/age-pour-reconversion-professionnelle\/reconversion-professionnelle-50-ans\/#primaryimage\"},\"datePublished\":\"2021-04-06T08:01:56+00:00\",\"dateModified\":\"2026-03-03T15:49:09+00:00\",\"author\":{\"@id\":\"https:\/\/www.mes-allocs.fr\/guides\/#\/schema\/person\/0ecd61a8600573914d00d970a588c024\"},\"description\":\"Vous avez envie de changer de m\\u00e9tier mais votre \\u00e2ge vous fait peur ? Voici tous les avantages d'une reconversion professionnelle \\u00e0 50 ans !\",\"inLanguage\":\"fr-FR\"},{\"@type\":\"Person\",\"@id\":\"https:\/\/www.mes-allocs.fr\/guides\/#\/schema\/person\/0ecd61a8600573914d00d970a588c024\",\"name\":\"Jonathan\",\"image\":{\"@type\":\"ImageObject\",\"@id\":\"https:\/\/www.mes-allocs.fr\/guides\/#personlogo\",\"inLanguage\":\"fr-FR\",\"url\":\"https:\/\/www.mes-allocs.fr\/guides\/wp-content\/uploads\/2021\/06\/jonathan-150x150.png\",\"caption\":\"Jonathan\"},\"description\":\"Jonathan est r\\u00e9dacteur au sein de l'\\u00e9quipe Mes Allocs, sp\\u00e9cialis\\u00e9 sur les sujets li\\u00e9s au handicap. Dipl\\u00f4m\\u00e9e de l'UPEM, il rejoint Mes Allocs apr\\u00e8s avoir travaill\\u00e9 \\u00e0 l'association AEDE qui accompagne les adultes en situation de handicap. Quand il n'\\u00e9crit pas, on peut le retrouver sur un terrain de basket.\",\"sameAs\":[\"https:\/\/www.linkedin.com\/in\/jonathan-bambela-8637861b7\"]}]}<\/script>\n<!-- \/ Yoast SEO plugin. -->","amp_validity":null,"acf":{"faq":{"1":{"question":"\u00c0 quel \u00e2ge doit-on se reconvertir ?","answer":"Il n'y a pas d'\u00e2ge pour une reconversion professionnelle. Le plus important est de trouver la formation qui vous convienne le mieux.\r\n\r\n<br> <a href=\"https:\/\/www.mes-allocs.fr\/guides\/reconversion-professionnelle\/age-pour-reconversion-professionnelle\/reconversion-professionnelle-50-ans\/\">Lire la suite<\/a>\r\n\r\n"},"2":{"question":"\u00c0 quoi sert le bilan de comp\u00e9tences ? ","answer":"Le bilan de comp\u00e9tences permet d\u2019analyser ses comp\u00e9tences professionnelles et personnelles, ses aptitudes et ses motivations en appui d\u2019un projet d\u2019\u00e9volution professionnelle et, le cas \u00e9ch\u00e9ant, de formation.\r\n"},"3":{"question":" \u00c0 quel moment faire un bilan de comp\u00e9tences ?","answer":"Le bilan de comp\u00e9tences se fait \u00e0 votre initiative lorsque vous ressentez le besoin de faire un point dans votre carri\u00e8re.\r\n\r\n<br> <a href=\"https:\/\/www.mes-allocs.fr\/guides\/reconversion-professionnelle\/age-pour-reconversion-professionnelle\/reconversion-professionnelle-50-ans\/\">Lire la suite<\/a>\r\n"},"4":{"question":"Qu'est-ce que le CPF ?","answer":"Le compte personnel de formation (CPF) est utilisable par tout salari\u00e9, tout au long de sa vie active, y compris en p\u00e9riode de ch\u00f4mage, pour suivre une formation qualifiante ou certifiante. Le CPF a remplac\u00e9 le droit individuel \u00e0 la formation (Dif). Les salari\u00e9s ne perdent pas les heures acquises au titre du Dif."},"5":{"question":"Peut-on faire une reconversion professionnelle quand on est au ch\u00f4mage ?","answer":"Oui, il est possible de faire une reconversion professionnelle quand on est au ch\u00f4mage.\r\n\r\n<br> <a href=\"https:\/\/www.mes-allocs.fr\/guides\/reconversion-professionnelle\/age-pour-reconversion-professionnelle\/reconversion-professionnelle-50-ans\/\">Lire la suite<\/a>\r\n\r\n"},"6":{"question":"Quelles sont les aides pour la reconversion professionnelle pour la fonction publique ?","answer":"Il existe : le Compte Personnel de Formation ou CPF, le Projet de transition professionnelle ou CFP, la P\u00e9riode de professionnalisation (FPH) et le Cong\u00e9 de formation-mobilit\u00e9 des fonctionnaires de l\u2019\u00c9tat.\r\n"},"7":{"question":"","answer":""},"8":{"question":"","answer":""},"9":{"question":"","answer":""},"10":{"question":"","answer":""},"11":{"question":"","answer":""},"12":{"question":"","answer":""},"13":{"question":"","answer":""},"14":{"question":"","answer":""},"15":{"question":"","answer":""},"16":{"question":"","answer":""}}},"_links":{"self":[{"href":"https:\/\/www.mes-allocs.fr\/guides\/wp-json\/wp\/v2\/posts\/24328","targetHints":{"allow":["GET"]}}],"collection":[{"href":"https:\/\/www.mes-allocs.fr\/guides\/wp-json\/wp\/v2\/posts"}],"about":[{"href":"https:\/\/www.mes-allocs.fr\/guides\/wp-json\/wp\/v2\/types\/post"}],"author":[{"embeddable":true,"href":"https:\/\/www.mes-allocs.fr\/guides\/wp-json\/wp\/v2\/users\/6"}],"replies":[{"embeddable":true,"href":"https:\/\/www.mes-allocs.fr\/guides\/wp-json\/wp\/v2\/comments?post=24328"}],"version-history":[{"count":33,"href":"https:\/\/www.mes-allocs.fr\/guides\/wp-json\/wp\/v2\/posts\/24328\/revisions"}],"predecessor-version":[{"id":110001,"href":"https:\/\/www.mes-allocs.fr\/guides\/wp-json\/wp\/v2\/posts\/24328\/revisions\/110001"}],"wp:featuredmedia":[{"embeddable":true,"href":"https:\/\/www.mes-allocs.fr\/guides\/wp-json\/wp\/v2\/media\/24334"}],"wp:attachment":[{"href":"https:\/\/www.mes-allocs.fr\/guides\/wp-json\/wp\/v2\/media?parent=24328"}],"wp:term":[{"taxonomy":"category","embeddable":true,"href":"https:\/\/www.mes-allocs.fr\/guides\/wp-json\/wp\/v2\/categories?post=24328"},{"taxonomy":"post_tag","embeddable":true,"href":"https:\/\/www.mes-allocs.fr\/guides\/wp-json\/wp\/v2\/tags?post=24328"}],"curies":[{"name":"wp","href":"https:\/\/api.w.org\/{rel}","templated":true}]}}