{"id":24249,"date":"2021-04-06T08:03:56","date_gmt":"2021-04-06T08:03:56","guid":{"rendered":"https:\/\/www.mes-allocs.fr\/guides\/?p=24249"},"modified":"2026-03-04T15:16:15","modified_gmt":"2026-03-04T14:16:15","slug":"idees-reconversion-professionnelle","status":"publish","type":"post","link":"https:\/\/www.mes-allocs.fr\/guides\/reconversion-professionnelle\/reussir-sa-reconversion-professionnelle\/idees-reconversion-professionnelle\/","title":{"rendered":"Quelques id\u00e9es de reconversion professionnelle"},"content":{"rendered":"<p><a href=\"https:\/\/www.mes-allocs.fr\/guides\/wp-content\/uploads\/2021\/04\/pexels-ekaterina-bolovtsova-4049869-1.jpg\"><img loading=\"lazy\" decoding=\"async\" class=\"alignnone wp-image-24306 size-full\" title=\"id\u00e9e reconversion professionnelle\" src=\"https:\/\/www.mes-allocs.fr\/guides\/wp-content\/uploads\/2021\/04\/pexels-ekaterina-bolovtsova-4049869-1-e1617401773709.jpg\" alt=\"id\u00e9e reconversion professionnelle\" width=\"1280\" height=\"292\" \/><\/a><\/p>\n<p style=\"text-align: justify;\">[Mis \u00e0 jour le 04\/03\/2026] Vous souhaitez changer de m\u00e9tier mais vous ne savez pas par o\u00f9 commencer ? Vous \u00eates en qu\u00eate de sens en ce qui concerne votre avenir professionnel ? On vous donne quelques id\u00e9es de projets professionnels selon votre profil pour r\u00e9ussir votre <a href=\"https:\/\/www.mes-allocs.fr\/guides\/reconversion-professionnelle\/\">reconversion professionnelle<\/a>.<\/p>\n<hr \/>\n<p><strong>Bon \u00e0 savoir :<\/strong><\/p>\n<p style=\"text-align: justify;\">Si vous souhaitez <a href=\"https:\/\/www.mes-allocs.fr\/guides\/reconversion-professionnelle\/reussir-sa-reconversion-professionnelle\/\">r\u00e9ussir votre reconversion professionnelle<\/a>, pensez au bilan de comp\u00e9tence. Il vous aide \u00e0 faire le point sur vos comp\u00e9tences professionnelles et personnelles afin de d\u00e9finir un projet professionnel. Le bilan de comp\u00e9tence s&rsquo;adresse aux personnes en activit\u00e9 professionnelle et aux demandeurs d&#8217;emploi (la demande devra alors \u00eatre faite aupr\u00e8s de France Travail).<\/p>\n<p style=\"text-align: justify;\">Le bilan de comp\u00e9tences peut se d\u00e9rouler durant le temps de travail. Vous aurez alors un cong\u00e9 r\u00e9mun\u00e9r\u00e9 appel\u00e9 cong\u00e9 de bilan de comp\u00e9tence. Il peut \u00eatre obtenu sous condition d&rsquo;anciennet\u00e9, si vous \u00eates en cong\u00e9 parental ou si vous \u00eates en temps partiel pour \u00e9lever un enfant.<\/p>\n<div class='cta-block'><div class='text'>Besoin d\u2019aide dans votre reconversion ?<\/div><a href='https:\/\/www.formademia.fr\/formulaire\/coaching' class='app-button fit'>Simuler mon \u00e9ligibilit\u00e9 au coaching<\/a><\/div>\n<h1>Vous \u00eates proche de la nature<\/h1>\n<h2>Les m\u00e9tiers de l&rsquo;agriculture<\/h2>\n<ul>\n<li><strong>Agriculteur<\/strong>, il d\u00e9veloppe un \u00e9levage et cultive des plantations ou encore conduit des engins m\u00e9caniques.<\/li>\n<li><strong>Aquaculteur<\/strong>, il s\u00e9lectionne les esp\u00e8ces marines , \u00e9l\u00e8ve les larves et les \u0153ufs, les fait \u00e9clore, les soigne et les nourrit.<\/li>\n<li><strong>Viticulteur<\/strong>, il cultive la vigne et r\u00e9colte le raisin.<\/li>\n<li><strong>Ing\u00e9nieur forestier<\/strong>, il g\u00e8re l&rsquo;am\u00e9nagement des for\u00eats et les prot\u00e8ge.<\/li>\n<\/ul>\n<h2>Les m\u00e9tiers avec les animaux<\/h2>\n<ul>\n<li><strong>Apiculteur<\/strong>, il \u00e9l\u00e8ve les abeilles afin de commercialiser les produits de la ruche.<\/li>\n<li><strong>V\u00e9t\u00e9rinaire<\/strong>, il prend soins des animaux, qu&rsquo;ils soient des chats ou des lapin. Il doit parfois se d\u00e9placer dans des fermes, des \u00e9levages ou des zoo.<\/li>\n<li><strong>Comportementaliste<\/strong> animalier, il conseille en psychologie animale.<\/li>\n<li><strong>\u00c9ducateur canin<\/strong>, il aide les propri\u00e9taires de chiens \u00e0 s&rsquo;occuper de leurs animaux.<\/li>\n<li><strong>\u00c9ducateur de chiens guides d&rsquo;aveugles<\/strong>, son r\u00f4le est de remettre un chien bien \u00e9duqu\u00e9, le plus souvent un labrador, \u00e0 des <strong>personnes handicap\u00e9es<\/strong>\u00a0<strong>visuelles<\/strong>. Il s&rsquo;occupe \u00e9galement des soins de l&rsquo;animal.<\/li>\n<\/ul>\n<p><iframe loading=\"lazy\" title=\"La reconversion professionnelle\" width=\"500\" height=\"281\" src=\"https:\/\/www.youtube.com\/embed\/EiVUthswxl0?feature=oembed\" frameborder=\"0\" allow=\"accelerometer; autoplay; clipboard-write; encrypted-media; gyroscope; picture-in-picture; web-share\" referrerpolicy=\"strict-origin-when-cross-origin\" allowfullscreen><\/iframe><\/p>\n<h1>Vous \u00eates cr\u00e9atif<\/h1>\n<h2>Les m\u00e9tiers d&rsquo;art et du design<\/h2>\n<p>Si vous \u00eates cr\u00e9atif, vous pouvez \u00e9videmment penser aux m\u00e9tiers de <strong>peintre, sculpteur, photographe, vid\u00e9aste, illustrateur<\/strong>,&#8230; Les artistes vivent de la vente de leurs \u0153uvres, de leurs prestations artistiques et de la perception des droits d&rsquo;auteurs.\u00a0 Mais il existe d&rsquo;autres m\u00e9tiers qui n\u00e9cessitent de la cr\u00e9ativit\u00e9 :<\/p>\n<ul>\n<li><strong>Architecte d&rsquo;int\u00e9rieur<\/strong>, il am\u00e9nage les espaces int\u00e9rieurs d&rsquo;une maison, d&rsquo;un appartement, mais aussi des bureaux ou des boutiques. Il cherche la bonne lumi\u00e8re, les bonnes couleurs et les bons meubles \u00e0 apporter \u00e0 une pi\u00e8ce.<\/li>\n<li><strong>D\u00e9corateur sc\u00e9nographe<\/strong>, son r\u00f4le est de mettre en sc\u00e8ne une exposition, un d\u00e9cor d&rsquo;une \u00e9mission ou encore encore une chambre dans un film d&rsquo;\u00e9poque.<\/li>\n<li><strong>Webdesigner,\u00a0<\/strong>il est \u00e0 la fois graphiste et informaticien. Il cr\u00e9e des pages web et s&rsquo;occupe de l&rsquo;aspect esth\u00e9tique d&rsquo;un site internet. Il choisis une typographie, des couleurs, des illustrations,&#8230;<\/li>\n<li><strong>Styliste,\u00a0<\/strong>il cr\u00e9\u00e9 des v\u00eatements ou des accessoires. Il choisis les mati\u00e8res, les tissus, les couleurs,&#8230; Sans oublier les d\u00e9sirs de ses clients et les contraintes budg\u00e9taires et techniques du chef de produit.<\/li>\n<li><b>Designer industriel,\u00a0<\/b>son r\u00f4le est d&rsquo;innover les objets de la vie courante. Il imagine les nouveaux canap\u00e9s, les futures lampes, ou\u00a0 encore les nouveaux appareils \u00e9lectroniques.<\/li>\n<\/ul>\n<h2>L&rsquo;artisanat d&rsquo;art<\/h2>\n<p>Les artisans d&rsquo;art con\u00e7oivent, r\u00e9parent ou mod\u00e9lisent des objets. Leur savoir faire permet de cr\u00e9er des objets purement artistiques ou utiles au quotidien.<\/p>\n<ul>\n<li><strong>\u00c9b\u00e9niste<\/strong>, il fabrique du mobilier moderne ou restore les anciens. L&rsquo;\u00e9b\u00e9niste conna\u00eet parfaitement tous les types de bois et sait les manipuler.<\/li>\n<li><strong>Le C\u00e9ramiste <\/strong>r\u00e9alise des poteries en terre cuite, en gr\u00e8s, en fa\u00efence ou en porcelaine. Il choisit et la pr\u00e9pare les terres, fa\u00e7onne les pi\u00e8ces, leur cuisson et le rendu des couleurs.<\/li>\n<li><strong>Le ferronnier d&rsquo;art<\/strong> am\u00e9nage les int\u00e9rieurs (luminaires, tables&#8230;) et ext\u00e9rieurs (rampes d&rsquo;escaliers, grilles, portails&#8230;). Il est sp\u00e9cialis\u00e9 dans le fer forg\u00e9.<\/li>\n<\/ul>\n<h2>Les m\u00e9tiers dans la culture et le patrimoine<\/h2>\n<p>Vous pouvez aussi vous charger de garder les \u0153uvres ou de les valoriser. En effet, les<strong> animateurs du patrimoine<\/strong> et les<strong> guides conf\u00e9renciers<\/strong> jouent un r\u00f4le essentiel. Les<strong> conservateurs<\/strong> et <strong>architectes<\/strong> qui occupent g\u00e9n\u00e9ralement un emploi dans la fonction publique, pr\u00e9servent les \u0153uvres.<\/p>\n<p>Les <strong>restaurateurs d&rsquo;\u0153uvres d&rsquo;art<\/strong> exercent \u00e9galement un m\u00e9tier essentiel, il redonne vie \u00e0 d&rsquo;anciens objets, meubles ou tableaux.<\/p>\n<div class='cta-block'><div class='text'>Besoin d&rsquo;aide dans votre reconversion ?<\/div><a href='https:\/\/www.formademia.fr\/coaching' class='app-button fit'>En savoir plus sur notre programme<\/a><\/div>\n<h1>Vous aimez aider les autres<\/h1>\n<h2>Les m\u00e9tiers du m\u00e9dical<\/h2>\n<p>Il y a diff\u00e9rentes fa\u00e7ons d&rsquo;aider les autres. Commen\u00e7ons par l&rsquo;aide m\u00e9dicale, o\u00f9 l&rsquo;on trouve des m\u00e9tiers qui recrutent :<\/p>\n<ul>\n<li>Chirurgien-dentiste ;<\/li>\n<li>M\u00e9decin ;<\/li>\n<li>Sage-femme ;<\/li>\n<li>Pharmaciens ;<\/li>\n<li>Aide-soignant ;<\/li>\n<li>Ambulancier ;<\/li>\n<li>Kin\u00e9sith\u00e9rapeute.<\/li>\n<\/ul>\n<h2>Les m\u00e9tiers du social<\/h2>\n<p>Aider les autres, c&rsquo;est aussi enseigner, accompagner. Voici les m\u00e9tiers d&rsquo; aide \u00e0 la personne :<\/p>\n<ul>\n<li><strong>Professeur des \u00e9coles\/ enseignant <\/strong>;<\/li>\n<li><strong>\u00c9ducateur sp\u00e9cialis\u00e9<\/strong> qui accompagne les personnes en situation de handicap;<\/li>\n<li><strong>Moniteur-\u00e9ducateur<\/strong>. Il \u00a0exerce ses fonctions aupr\u00e8s d&rsquo;enfants ou d&rsquo;adultes en difficult\u00e9, en situation de d\u00e9pendance ou de handicap, qu&rsquo;il aide dans les actes basiques de la vie quotidienne.<\/li>\n<li><b>Conseiller en insertion sociale et professionnelle. <\/b>Il accompagne des jeunes de 16 \u00e0 25 ans confront\u00e9s \u00e0 des probl\u00e8mes d&rsquo;insertion, de formation, d&#8217;emploi et de vie quotidienne. Il leur apporte une aide sp\u00e9cifique, adapt\u00e9e \u00e0 chaque profil.<\/li>\n<li>Aide \u00e0 domicile.<\/li>\n<\/ul>\n<h1>Vous aimez communiquer<\/h1>\n<h2>Les m\u00e9tiers de la communication<\/h2>\n<p>Le directeur de la communication dirige la politique de communication et v\u00e9rifie la coh\u00e9rence de toutes les actions exerc\u00e9es par des professionnels plus sp\u00e9cialis\u00e9s. Ces professionnels peuvent \u00eatre :<\/p>\n<ul>\n<li><strong>Attach\u00e9 de presse<\/strong> (effectue la relation entre les journalistes et les entreprises),<\/li>\n<li><strong>charg\u00e9 de communication,<\/strong><\/li>\n<li><strong>charg\u00e9 de relations publiques,<\/strong><\/li>\n<li><strong>de la communication \u00e9v\u00e9nementielles<\/strong> (organisation de salons, de conf\u00e9rences),<\/li>\n<li><strong>de la communication interne<\/strong> (relations avec les partenaires sociaux),<\/li>\n<li><strong>charg\u00e9 de la communication financi\u00e8re<\/strong> (relations avec les actionnaires et la presse \u00e9conomique),<\/li>\n<li><strong>du \u00ab\u00a0B to B\u00a0\u00bb<\/strong> (relations avec les annonceurs),<\/li>\n<li><strong>journaliste d&rsquo;entreprise et webmestre<\/strong> (informations sur papier ou sur Internet),<\/li>\n<li><strong>community manager<\/strong> (animation des r\u00e9seaux sociaux),<\/li>\n<li><strong>directeur artistique et graphiste charg\u00e9s de l&rsquo;identit\u00e9 visuelle<\/strong> (logo), publicitaires&#8230;<\/li>\n<\/ul>\n<h2>Les m\u00e9tiers du journalisme<\/h2>\n<p>La rapidit\u00e9 et la polyvalence sont les ma\u00eetres mots du journalisme peut importe votre secteur d&rsquo; activit\u00e9. Plusieurs m\u00e9tiers sont possibles dans le journalisme, dans la presse \u00e9crite, \u00e0 la radio et \u00e0 la t\u00e9l\u00e9vision :<\/p>\n<ul>\n<li>Journaliste reporter d&rsquo;images, il enregistre les images et le son. Polyvalent, il sait se servir d&rsquo;une cam\u00e9ra et part faire des reportages.<\/li>\n<li>Reporter-photographe, il cherche les images qui repr\u00e9sentent l&rsquo;actualit\u00e9.<\/li>\n<li>Secr\u00e9taire de r\u00e9daction, il corrige les articles, conseille les journalistes sur leurs articles et met en page les journaux. Il se trouve juste avant l&rsquo;impression du papier.<\/li>\n<li>Le r\u00e9dacteur en chef choisit le contenu du journal web ou papier ou du flash radio. Il se trouve \u00e0 la t\u00eate d&rsquo;une r\u00e9daction et choisit avec les journalistes les sujets \u00e0 traiter.<\/li>\n<\/ul>\n<h2>Les m\u00e9tiers du livre et de l&rsquo;\u00e9dition<\/h2>\n<p>De nombreux m\u00e9tiers autour du livre sont possibles. Vous pouvez les vendre, d\u00e9nicher les futurs best sellers, ou encore conseiller de bonnes lectures :<\/p>\n<ul>\n<li><strong>Biblioth\u00e9caire<\/strong>, \u00a0il g\u00e8re l&rsquo;accueil du public, le classement des livres, les emprunts,&#8230;<\/li>\n<li><strong>L&rsquo;\u00e9diteur <\/strong>cherche les futurs succ\u00e8s litt\u00e9raires. Il exerce un suivi \u00e9ditorial de toutes sortes d&rsquo;ouvrages, du roman au livre de cuisine.<\/li>\n<li><strong>Libraire, <\/strong>passionn\u00e9 de livres\u00a0il vous conseille votre prochaine lecture.<\/li>\n<\/ul>\n<h1>Vous aimez les nouvelles technologies<\/h1>\n<h2>Les m\u00e9tiers de l&rsquo;informatique et du r\u00e9seau<\/h2>\n<div class=\"oni_articleBlockIntro\">\n<div class=\"oni-para\">\n<div class=\"eztext-field\">L&rsquo;informatique est d\u00e9sormais pr\u00e9sent dans tous les secteurs d&rsquo;activit\u00e9. Big data, intelligence artificielle, applications mobiles, tout cela cr\u00e9e de nouveaux m\u00e9tiers dans les transports, la sant\u00e9, la production industrielle, la finance, le marketing,&#8230;<\/div>\n<\/div>\n<\/div>\n<div><\/div>\n<ul>\n<li><strong>Administrateur de base de donn\u00e9e<\/strong>, il assure la s\u00e9curit\u00e9 des milliers d&rsquo;informations stock\u00e9es dans les bases de donn\u00e9es d&rsquo;une entreprise.<\/li>\n<li><strong>D\u00e9veloppeur informatique<\/strong>, il conna\u00eet les langages informatiques. Son r\u00f4le est de traduire la demande d&rsquo;un client en lignes de code informatique.<\/li>\n<\/ul>\n<h2>Les m\u00e9tiers du jeu vid\u00e9o<\/h2>\n<p>Secteur en plein essor, le jeu vid\u00e9o offre de nombreuses opportunit\u00e9s d&#8217;emploi.<\/p>\n<ul>\n<li><strong>Animateur 2D\/3D<\/strong> : il peut travailler sur des jeux vid\u00e9os, des films anim\u00e9s ou encore des publicit\u00e9s. Il aime dessiner et donner vie \u00e0 ses personnages gr\u00e2ce aux logiciels.<\/li>\n<li><strong>Concepteur de jeux vid\u00e9o<\/strong> : il est \u00e0 la base du jeu vid\u00e9o, cr\u00e9e les personnages, le sc\u00e9nario, les niveaux,&#8230;<\/li>\n<\/ul>\n<div class='cta-block'><div class='text'>Besoin d&rsquo;aide dans votre reconversion ?<\/div><a href='https:\/\/www.formademia.fr\/coaching' class='app-button fit'>En savoir plus sur notre programme<\/a><\/div>\n","protected":false},"excerpt":{"rendered":"<p>[Mis \u00e0 jour le 04\/03\/2026] Vous souhaitez changer de m\u00e9tier mais vous ne savez pas par o\u00f9 commencer ? Vous \u00eates en qu\u00eate de sens en ce qui concerne votre avenir professionnel ? On vous donne quelques id\u00e9es de projets professionnels selon votre profil pour r\u00e9ussir votre reconversion professionnelle. Bon \u00e0 savoir : Si vous [&hellip;]<\/p>\n","protected":false},"author":6,"featured_media":24306,"comment_status":"open","ping_status":"open","sticky":false,"template":"","format":"standard","meta":{"amp_status":"","footnotes":""},"categories":[5081,5380],"tags":[],"class_list":["post-24249","post","type-post","status-publish","format-standard","has-post-thumbnail","hentry","category-reconversion-professionnelle","category-reussir-sa-reconversion-professionnelle"],"yoast_head":"<!-- This site is optimized with the Yoast SEO plugin v14.9 - https:\/\/yoast.com\/wordpress\/plugins\/seo\/ -->\n<title>Quelques id\u00e9es de reconversion professionnelle | Mes-Allocs.fr<\/title>\n<meta name=\"description\" content=\"Vous souhaitez faire une reconversion professionnelle mais vous ne savez pas par o\u00f9 commencer ? Voici des id\u00e9es de projets professionnels.\" \/>\n<meta name=\"robots\" content=\"index, follow, max-snippet:-1, max-image-preview:large, max-video-preview:-1\" \/>\n<link rel=\"canonical\" href=\"https:\/\/www.mes-allocs.fr\/guides\/reconversion-professionnelle\/reussir-sa-reconversion-professionnelle\/idees-reconversion-professionnelle\/\" \/>\n<meta property=\"og:locale\" content=\"fr_FR\" \/>\n<meta property=\"og:type\" content=\"article\" \/>\n<meta property=\"og:title\" content=\"Quelques id\u00e9es de reconversion professionnelle | Mes-Allocs.fr\" \/>\n<meta property=\"og:description\" content=\"Vous souhaitez faire une reconversion professionnelle mais vous ne savez pas par o\u00f9 commencer ? Voici des id\u00e9es de projets professionnels.\" \/>\n<meta property=\"og:url\" content=\"https:\/\/www.mes-allocs.fr\/guides\/reconversion-professionnelle\/reussir-sa-reconversion-professionnelle\/idees-reconversion-professionnelle\/\" \/>\n<meta property=\"og:site_name\" content=\"Mes-Allocs.fr\" \/>\n<meta property=\"article:published_time\" content=\"2021-04-06T08:03:56+00:00\" \/>\n<meta property=\"article:modified_time\" content=\"2026-03-04T14:16:15+00:00\" \/>\n<meta property=\"og:image\" content=\"https:\/\/www.mes-allocs.fr\/guides\/wp-content\/uploads\/2021\/04\/pexels-ekaterina-bolovtsova-4049869-1.jpg?wsr\" \/>\n\t<meta property=\"og:image:width\" content=\"1280\" \/>\n\t<meta property=\"og:image:height\" content=\"1919\" \/>\n<meta name=\"twitter:card\" content=\"summary_large_image\" \/>\n<script type=\"application\/ld+json\" class=\"yoast-schema-graph\">{\"@context\":\"https:\/\/schema.org\",\"@graph\":[{\"@type\":\"WebSite\",\"@id\":\"https:\/\/www.mes-allocs.fr\/guides\/#website\",\"url\":\"https:\/\/www.mes-allocs.fr\/guides\/\",\"name\":\"Mes-Allocs.fr\",\"description\":\"\",\"potentialAction\":[{\"@type\":\"SearchAction\",\"target\":\"https:\/\/www.mes-allocs.fr\/guides\/?s={search_term_string}\",\"query-input\":\"required name=search_term_string\"}],\"inLanguage\":\"fr-FR\"},{\"@type\":\"ImageObject\",\"@id\":\"https:\/\/www.mes-allocs.fr\/guides\/reconversion-professionnelle\/reussir-sa-reconversion-professionnelle\/idees-reconversion-professionnelle\/#primaryimage\",\"inLanguage\":\"fr-FR\",\"url\":\"https:\/\/www.mes-allocs.fr\/guides\/wp-content\/uploads\/2021\/04\/pexels-ekaterina-bolovtsova-4049869-1.jpg?wsr\",\"width\":1280,\"height\":1919,\"caption\":\"id\\u00e9e reconversion professionnelle\"},{\"@type\":\"WebPage\",\"@id\":\"https:\/\/www.mes-allocs.fr\/guides\/reconversion-professionnelle\/reussir-sa-reconversion-professionnelle\/idees-reconversion-professionnelle\/#webpage\",\"url\":\"https:\/\/www.mes-allocs.fr\/guides\/reconversion-professionnelle\/reussir-sa-reconversion-professionnelle\/idees-reconversion-professionnelle\/\",\"name\":\"Quelques id\\u00e9es de reconversion professionnelle | Mes-Allocs.fr\",\"isPartOf\":{\"@id\":\"https:\/\/www.mes-allocs.fr\/guides\/#website\"},\"primaryImageOfPage\":{\"@id\":\"https:\/\/www.mes-allocs.fr\/guides\/reconversion-professionnelle\/reussir-sa-reconversion-professionnelle\/idees-reconversion-professionnelle\/#primaryimage\"},\"datePublished\":\"2021-04-06T08:03:56+00:00\",\"dateModified\":\"2026-03-04T14:16:15+00:00\",\"author\":{\"@id\":\"https:\/\/www.mes-allocs.fr\/guides\/#\/schema\/person\/0ecd61a8600573914d00d970a588c024\"},\"description\":\"Vous souhaitez faire une reconversion professionnelle mais vous ne savez pas par o\\u00f9 commencer ? Voici des id\\u00e9es de projets professionnels.\",\"inLanguage\":\"fr-FR\"},{\"@type\":\"Person\",\"@id\":\"https:\/\/www.mes-allocs.fr\/guides\/#\/schema\/person\/0ecd61a8600573914d00d970a588c024\",\"name\":\"Jonathan\",\"image\":{\"@type\":\"ImageObject\",\"@id\":\"https:\/\/www.mes-allocs.fr\/guides\/#personlogo\",\"inLanguage\":\"fr-FR\",\"url\":\"https:\/\/www.mes-allocs.fr\/guides\/wp-content\/uploads\/2021\/06\/jonathan-150x150.png\",\"caption\":\"Jonathan\"},\"description\":\"Jonathan est r\\u00e9dacteur au sein de l'\\u00e9quipe Mes Allocs, sp\\u00e9cialis\\u00e9 sur les sujets li\\u00e9s au handicap. Dipl\\u00f4m\\u00e9e de l'UPEM, il rejoint Mes Allocs apr\\u00e8s avoir travaill\\u00e9 \\u00e0 l'association AEDE qui accompagne les adultes en situation de handicap. Quand il n'\\u00e9crit pas, on peut le retrouver sur un terrain de basket.\",\"sameAs\":[\"https:\/\/www.linkedin.com\/in\/jonathan-bambela-8637861b7\"]}]}<\/script>\n<!-- \/ Yoast SEO plugin. -->","amp_validity":null,"acf":{"faq":{"1":{"question":"Puis-je faire une reconversion pendant mon temps de travail ?","answer":"Avant de vous r\u00e9orienter professionnellement, il convient de faire le bilan de vos comp\u00e9tences\u00a0et de d\u00e9finir avec soin votre projet de reconversion professionnelle. Dans de domaine, l\u2019accompagnement personnalis\u00e9 propos\u00e9 par\u00a0l\u2019AFPA\u00a0peut \u00eatre d\u2019une grande utilit\u00e9."},"2":{"question":"Un demandeur d'emploi peut-il faire une reconversion professionnelle ?","answer":"Oui, un demandeur d'emploi peut faire une reconversion professionnelle.\r\n\r\n<br> <a href=\"https:\/\/www.mes-allocs.fr\/guides\/reconversion-professionnelle\/reussir-sa-reconversion-professionnelle\/idees-reconversion-professionnelle\/\">Lire la suite<\/a>\r\n\r\n"},"3":{"question":"Pourquoi faut-il entrer en contact avec la CPIR pour une reconversion professionnelle ?","answer":"Apr\u00e8s la mise en \u0153uvre de votre projet, il vous faut consulter la Commission paritaire interprofessionnelle r\u00e9gionale (CPIR). Elle jugera du caract\u00e8re \u201cr\u00e9el et s\u00e9rieux\u201d de votre projet. Puis, vous aurez 6 mois, \u00e0 compter de la notification de la d\u00e9cision de la CPIR pour vous inscrire \u00e0 France Travail et faire une demande pour l\u2019ARE si votre projet est accept\u00e9."},"4":{"question":"Qu'est-ce que le CEP ?","answer":"Le conseil en \u00e9volution professionnelle (CEP) est un dispositif d'accompagnement gratuit et personnalis\u00e9 propos\u00e9 \u00e0 toute personne souhaitant faire le point sur sa situation professionnelle. Il permet de mettre au point un projet d'\u00e9volution professionnelle et peut consister en une reconversion, reprise ou cr\u00e9ation d'activit\u00e9\u2026 Il est effectu\u00e9 par des conseillers d'organismes habilit\u00e9s.\r\n<br> <a href=\"https:\/\/www.mes-allocs.fr\/guides\/reconversion-professionnelle\/reussir-sa-reconversion-professionnelle\/idees-reconversion-professionnelle\/\">Lire la suite<\/a>\r\n"},"5":{"question":"Quelles sont les questions \u00e0 se poser avant une reconversion professionnelle ?","answer":"Quelles sont les contraintes de ma reconversion ? Suis-je pr\u00eat(e) \u00e0 changer de lieu pour suivre ma formation ? Suis-je pr\u00eat(e) \u00e0 faire une formation longue ou courte ? Vais-je trouver un emploi apr\u00e8s cette reconversion ?"},"6":{"question":"Qui peut avoir acc\u00e8s au CEP ?","answer":"Le CEP est accessible \u00e0 tout actif\u00a0:\r\nSalari\u00e9 du secteur priv\u00e9 ;\r\nAgent du secteur public ;\r\nTravailleur ind\u00e9pendant ;\r\nPersonne en recherche d' emploi ;\r\nArtisan ;\r\nProfession lib\u00e9rale ;\r\nAuto-entrepreneur ;\r\nJeune sorti du syst\u00e8me scolaire sans qualification ou dipl\u00f4me."},"7":{"question":"","answer":""},"8":{"question":"","answer":""},"9":{"question":"","answer":""},"10":{"question":"","answer":""},"11":{"question":"","answer":""},"12":{"question":"","answer":""},"13":{"question":"","answer":""},"14":{"question":"","answer":""},"15":{"question":"","answer":""},"16":{"question":"","answer":""}}},"_links":{"self":[{"href":"https:\/\/www.mes-allocs.fr\/guides\/wp-json\/wp\/v2\/posts\/24249","targetHints":{"allow":["GET"]}}],"collection":[{"href":"https:\/\/www.mes-allocs.fr\/guides\/wp-json\/wp\/v2\/posts"}],"about":[{"href":"https:\/\/www.mes-allocs.fr\/guides\/wp-json\/wp\/v2\/types\/post"}],"author":[{"embeddable":true,"href":"https:\/\/www.mes-allocs.fr\/guides\/wp-json\/wp\/v2\/users\/6"}],"replies":[{"embeddable":true,"href":"https:\/\/www.mes-allocs.fr\/guides\/wp-json\/wp\/v2\/comments?post=24249"}],"version-history":[{"count":28,"href":"https:\/\/www.mes-allocs.fr\/guides\/wp-json\/wp\/v2\/posts\/24249\/revisions"}],"predecessor-version":[{"id":110070,"href":"https:\/\/www.mes-allocs.fr\/guides\/wp-json\/wp\/v2\/posts\/24249\/revisions\/110070"}],"wp:featuredmedia":[{"embeddable":true,"href":"https:\/\/www.mes-allocs.fr\/guides\/wp-json\/wp\/v2\/media\/24306"}],"wp:attachment":[{"href":"https:\/\/www.mes-allocs.fr\/guides\/wp-json\/wp\/v2\/media?parent=24249"}],"wp:term":[{"taxonomy":"category","embeddable":true,"href":"https:\/\/www.mes-allocs.fr\/guides\/wp-json\/wp\/v2\/categories?post=24249"},{"taxonomy":"post_tag","embeddable":true,"href":"https:\/\/www.mes-allocs.fr\/guides\/wp-json\/wp\/v2\/tags?post=24249"}],"curies":[{"name":"wp","href":"https:\/\/api.w.org\/{rel}","templated":true}]}}