{"id":24060,"date":"2021-04-06T08:16:38","date_gmt":"2021-04-06T08:16:38","guid":{"rendered":"https:\/\/www.mes-allocs.fr\/guides\/?p=24060"},"modified":"2026-04-03T14:38:47","modified_gmt":"2026-04-03T13:38:47","slug":"pass-navigo-rsa","status":"publish","type":"post","link":"https:\/\/www.mes-allocs.fr\/guides\/rsa\/aide-transport-rsa\/pass-navigo-rsa\/","title":{"rendered":"Je b\u00e9n\u00e9ficie du RSA, ai-je le droit au Pass Navigo gratuit ?"},"content":{"rendered":"<p><img loading=\"lazy\" decoding=\"async\" class=\"aligncenter wp-image-24061 size-full\" src=\"https:\/\/www.mes-allocs.fr\/guides\/wp-content\/uploads\/2021\/04\/metro-2-e1685541015850.jpg\" alt=\"pass navigo rsa\" width=\"1127\" height=\"245\" \/><\/p>\n<p style=\"text-align: justify;\">[Mis \u00e0 jour le 03\/04\/2026] Prendre les transports au quotidien dans le cadre de sa recherche de travail peut \u00eatre un co\u00fbt important dans le budget mensuel. Pour les personnes touchant le <a href=\"https:\/\/www.mes-allocs.fr\/guides\/rsa\/\">RSA<\/a>, ce co\u00fbt peut \u00eatre encore plus important dans le budget mensuel. Cependant, certaines aides existent notamment pour la Carte Navigo.<\/p>\n<div class='cta-block'><div class='text'>Simulez vos aides en 2 min.<\/div><a href='https:\/\/www.mes-allocs.fr\/ab-app?origin=guides\/wp-json\/wp\/v2\/posts\/24060' class='app-button fit'>Simulation gratuite<\/a><\/div>\n<h1 style=\"text-align: justify;\">Qu&rsquo;est-ce que la Carte Navigo ?<\/h1>\n<h2 style=\"text-align: justify;\">Point de d\u00e9finition<\/h2>\n<p style=\"text-align: justify;\">La Carte Navigo (ou Pass Navigo) est une carte sans contact cr\u00e9\u00e9e en 2001. Cette carte sert de titre de transport pour les voyageurs en \u00cele-de-France. Sa distribution est mise en \u0153uvre par le dispositif \u00cele-de-France Mobilit\u00e9s. Ce titre de transport a pour particularit\u00e9 d&rsquo;\u00eatre utilisable que sur la r\u00e9gion Ile de France.<\/p>\n<p style=\"text-align: justify;\">La Carte Navigo fait partie d&rsquo;une plus grande exp\u00e9rience qui consiste \u00e0 d\u00e9mat\u00e9rialiser les titres de transport pour qu&rsquo;\u00e0 terme, tout soit sous forme digitale.<\/p>\n<h2 style=\"text-align: justify;\">Comment obtenir ce titre ?<\/h2>\n<p style=\"text-align: justify;\">Pour obtenir la Carte Navigo, il faut remplir un formulaire aupr\u00e8s des services d&rsquo;\u00cele-de-France mobilit\u00e9s. Il existe diff\u00e9rentes d\u00e9clinaisons pour la Carte Navigo. Les tarifs avantageux peuvent concerner les jeunes, les \u00e9tudiants, les ch\u00f4meurs et les personnes au RSA. Nous allons nous focaliser sur cette cat\u00e9gorie de personnes.<\/p>\n<h2 style=\"text-align: justify;\">Le Pass Navigo et le RSA<\/h2>\n<p style=\"text-align: justify;\">Pour les personnes b\u00e9n\u00e9ficiant du RSA, on peut voir que les tarifs ont \u00e9t\u00e9 am\u00e9nag\u00e9s. Ce dispositif se nomme le forfait Solidarit\u00e9 Transport. Cette carte solidarit\u00e9 transport est d\u00e9livr\u00e9e aux personnes qui b\u00e9n\u00e9ficient d&rsquo;aides sociales.<\/p>\n<p style=\"text-align: justify;\">De fait, les demandeurs d&#8217;emploi et les b\u00e9n\u00e9ficiaires du RSA peuvent en b\u00e9n\u00e9ficier. De mani\u00e8re concr\u00e8te, ce tarif avantageux permet de voyager gratuitement. Ce forfait s&rsquo;applique \u00e0 l&rsquo;ensemble des transports en commun de la r\u00e9gion. Pour en b\u00e9n\u00e9ficier, il faut remplir certaines conditions :<\/p>\n<ul style=\"text-align: justify;\">\n<li class=\"li\">Faire partie d\u2019un foyer allocataire du RSA sous certaines conditions de ressources,<\/li>\n<li class=\"li\">Ou \u00eatre ch\u00f4meur et b\u00e9n\u00e9ficier \u00e0 la fois de l\u2019Allocation de Solidarit\u00e9 Sp\u00e9cifique (ASS) et de la Compl\u00e9mentaire Sant\u00e9 Solidaire (CSS) sans participation financi\u00e8re.<\/li>\n<\/ul>\n<p style=\"text-align: justify;\">Pour faire votre demande pour ce forfait sp\u00e9cial, il faut faire une demande en ligne sur le site de l&rsquo; agence Solidarit\u00e9 Transport. Il vous sera demand\u00e9 plusieurs documents comme un justificatif de domicile, de votre num\u00e9ro de Caisse d\u2019Allocations Familiales si vous \u00eates b\u00e9n\u00e9ficiaire du RSA.<\/p>\n<h1 style=\"text-align: justify;\">Le Revenu de Solidarit\u00e9 Active<\/h1>\n<p>&nbsp;<\/p>\n<p style=\"text-align: center;\"><iframe loading=\"lazy\" src=\"\/\/www.youtube.com\/embed\/2aMlunSI1-U?t=32s\" width=\"560\" height=\"314\" allowfullscreen=\"allowfullscreen\" data-mce-fragment=\"1\"><\/iframe><\/p>\n<p>&nbsp;<\/p>\n<h2 style=\"text-align: justify;\">D\u00e9finition<\/h2>\n<p style=\"text-align: justify;\">Le Revenu de Solidarit\u00e9 Active (RSA) est une prestation de nature financi\u00e8re qui est vers\u00e9e par la Caisse d&rsquo; Allocations Familiales. Elle permet aux personnes ayant un faible revenu ou n&rsquo;ayant pas de revenu de b\u00e9n\u00e9ficier d&rsquo;un compl\u00e9ment qui lui garantira un revenu minimal pour vivre.<\/p>\n<p style=\"text-align: justify;\">Au niveau de la gestion, c&rsquo;est le conseil d\u00e9partemental de votre d\u00e9partement qui s&rsquo;en charge. Le RSA est vers\u00e9 par la CAF ou la Mutualit\u00e9 Sociale Agricole (MSA). En contrepartie de cette somme vers\u00e9e aux allocataires, ils ont une obligation de chercher une activit\u00e9 professionnelle.<\/p>\n<p style=\"text-align: justify;\">Cette activit\u00e9 professionnelle peut correspondre \u00e0 la recherche d&rsquo;un emploi, \u00e0 une formation ou un stage. Le RSA, dans le cadre des politique sociales en France s&rsquo;inscrit dans les aides solidaires.<\/p>\n<p style=\"text-align: justify;\">Le RSA a quelque peu \u00e9volu\u00e9. La prime d&rsquo;activit\u00e9 remplace le RSA activit\u00e9 et la prime pour l&#8217;emploi depuis janvier 2016.\u00a0Ce qu&rsquo;il reste du RSA, c&rsquo;est le \u00ab\u00a0RSA socle\u00a0\u00bb qui \u00e9tait la deuxi\u00e8me composante du RSA jusqu&rsquo;en 2016.\u00a0<sup id=\"cite_ref-4\" class=\"reference\"><\/sup><\/p>\n<p style=\"text-align: justify;\"><div class='cta-block'><div class='text'>Simulez vos aides en 2 min.<\/div><a href='https:\/\/www.mes-allocs.fr\/ab-app?origin=guides\/wp-json\/wp\/v2\/posts\/24060' class='app-button fit'>Simulation gratuite<\/a><\/div><\/p>\n<h2 style=\"text-align: justify;\">Conditions d&rsquo;attribution<\/h2>\n<p style=\"text-align: justify;\">Comme pour toutes les aides sociales de la CAF, elles sont attribu\u00e9es selon certaines conditions. Premi\u00e8rement, les b\u00e9n\u00e9ficiaires du RSA doivent \u00eatre \u00e2g\u00e9s de plus de 25 ans. Une d\u00e9rogation est faite si vous \u00eates enceintes ou que vous avez un enfant \u00e0 charge.<\/p>\n<p style=\"text-align: justify;\">Si vous avez entre 18 et 25 ans, vous pouvez aussi en b\u00e9n\u00e9ficier. Seulement il faut que sur les trois derni\u00e8res ann\u00e9es, vous ayez exerc\u00e9 une activit\u00e9 \u00e0 plein temps sur deux ans minimums. Cette sp\u00e9cificit\u00e9 est nomm\u00e9e le RSA Jeune.<\/p>\n<p style=\"text-align: justify;\">Au-del\u00e0 de ces sp\u00e9cialit\u00e9s, voici les conditions d&rsquo;attribution :<\/p>\n<ul style=\"text-align: justify;\">\n<li class=\"amp-wp-7d27179\" data-amp-original-style=\"text-align: justify;\"><span class=\"amp-wp-fe3f5cc\" data-amp-original-style=\"font-weight: 400;\">Vous habitez en France de fa\u00e7on stable, plus de 6 mois par an,<\/span><\/li>\n<li class=\"amp-wp-7d27179\" data-amp-original-style=\"text-align: justify;\"><span class=\"amp-wp-fe3f5cc\" data-amp-original-style=\"font-weight: 400;\">Vous \u00eates fran\u00e7ais, citoyen de l\u2019Espace \u00c9conomique Europ\u00e9en (EEE), suisse tout en vous justifiant d\u2019un droit de s\u00e9jour, ou enfin vous \u00eates ressortissant d\u2019un autre pays et vous r\u00e9sidez en France depuis 5 ans\u00a0<\/span><\/li>\n<li class=\"amp-wp-7d27179\" data-amp-original-style=\"text-align: justify;\"><span class=\"amp-wp-fe3f5cc\" data-amp-original-style=\"font-weight: 400;\">Les ressources mensuelles moyennes de votre foyer pendant les 3 mois qui pr\u00e9c\u00e8dent votre demande ne doivent pas d\u00e9passer un certain seuil (voir le montant plus bas).\u00a0<\/span><\/li>\n<li class=\"amp-wp-7d27179\" data-amp-original-style=\"text-align: justify;\"><span class=\"amp-wp-fe3f5cc\" data-amp-original-style=\"font-weight: 400;\">Vous devez avoir fait valoir vos droits concernant toute autre prestation sociale (comme l\u2019allocation ch\u00f4mage, la retraite) \u00e0 laquelle vous pouvez pr\u00e9tendre. Autrement dit, vous ne pouvez percevoir le RSA que si vous n\u2019avez pas ou plus le droit \u00e0 une autre aide, par exemple \u00e0 la fin de votre p\u00e9riode d\u2019indemnisation de ch\u00f4mage.<\/span><\/li>\n<li data-amp-original-style=\"text-align: justify;\">Vous devez d\u00e9sormais r\u00e9aliser entre <strong>15 et 20 heures d&rsquo;activit\u00e9s par semaine<\/strong>, ce qui peut inclure la recherche d&#8217;emploi ou des formations. De plus, le montant du RSA est d\u00e9sormais index\u00e9 sur l&rsquo;\u00e9volution des prix \u00e0 la consommation, ce qui permet une revalorisation annuelle afin de mieux soutenir les m\u00e9nages face \u00e0 l&rsquo;inflation.<\/li>\n<\/ul>\n<p data-amp-original-style=\"text-align: justify;\">Depuis <strong data-start=\"7\" data-end=\"26\">mars 2025<\/strong>, la <strong data-start=\"277\" data-end=\"321\">d\u00e9claration trimestrielle est simplifi\u00e9e<\/strong> gr\u00e2ce \u00e0 un <strong data-start=\"333\" data-end=\"358\">formulaire pr\u00e9-rempli<\/strong>, int\u00e9grant automatiquement certains revenus avec la possibilit\u00e9 de corrections. Par ailleurs, les <strong data-start=\"457\" data-end=\"495\">p\u00e9riodes de d\u00e9claration ont chang\u00e9<\/strong>: depuis mars, il faut d\u00e9clarer les revenus de <strong data-start=\"543\" data-end=\"576\">novembre, d\u00e9cembre et janvier<\/strong>, au lieu de <strong data-start=\"589\" data-end=\"621\">d\u00e9cembre, janvier et f\u00e9vrier <\/strong>auparavant. Cette modification vise \u00e0 <strong data-start=\"660\" data-end=\"723\">r\u00e9duire les erreurs et acc\u00e9l\u00e9rer le traitement des dossiers <\/strong>pour un versement plus fluide.<\/p>\n<p style=\"text-align: justify;\"><div class='cta-block'><div class='text'>Simulez vos aides en 2 min.<\/div><a href='https:\/\/www.mes-allocs.fr\/ab-app?origin=guides\/wp-json\/wp\/v2\/posts\/24060' class='app-button fit'>Simulation gratuite<\/a><\/div><\/p>\n","protected":false},"excerpt":{"rendered":"<p>[Mis \u00e0 jour le 03\/04\/2026] Prendre les transports au quotidien dans le cadre de sa recherche de travail peut \u00eatre un co\u00fbt important dans le budget mensuel. Pour les personnes touchant le RSA, ce co\u00fbt peut \u00eatre encore plus important dans le budget mensuel. Cependant, certaines aides existent notamment pour la Carte Navigo. Qu&rsquo;est-ce que [&hellip;]<\/p>\n","protected":false},"author":6,"featured_media":24061,"comment_status":"open","ping_status":"open","sticky":false,"template":"","format":"standard","meta":{"amp_status":"","footnotes":""},"categories":[8282,14],"tags":[],"class_list":["post-24060","post","type-post","status-publish","format-standard","has-post-thumbnail","hentry","category-aide-transport-rsa","category-rsa"],"yoast_head":"<!-- This site is optimized with the Yoast SEO plugin v14.9 - https:\/\/yoast.com\/wordpress\/plugins\/seo\/ -->\n<title>Pass Navigo : les b\u00e9n\u00e9ficiaires du RSA peuvent-ils l&#039;obtenir gratuitement ?<\/title>\n<meta name=\"description\" content=\"Si vous avez le RSA en 2026, vous pouvez r\u00e9duire vos co\u00fbts de transports en commun. D\u00e9couvrez le Pass Navigo gratuit.\" \/>\n<meta name=\"robots\" content=\"index, follow, max-snippet:-1, max-image-preview:large, max-video-preview:-1\" \/>\n<link rel=\"canonical\" href=\"https:\/\/www.mes-allocs.fr\/guides\/rsa\/aide-transport-rsa\/pass-navigo-rsa\/\" \/>\n<meta property=\"og:locale\" content=\"fr_FR\" \/>\n<meta property=\"og:type\" content=\"article\" \/>\n<meta property=\"og:title\" content=\"Pass Navigo : les b\u00e9n\u00e9ficiaires du RSA peuvent-ils l&#039;obtenir gratuitement ?\" \/>\n<meta property=\"og:description\" content=\"Si vous avez le RSA en 2026, vous pouvez r\u00e9duire vos co\u00fbts de transports en commun. D\u00e9couvrez le Pass Navigo gratuit.\" \/>\n<meta property=\"og:url\" content=\"https:\/\/www.mes-allocs.fr\/guides\/rsa\/aide-transport-rsa\/pass-navigo-rsa\/\" \/>\n<meta property=\"og:site_name\" content=\"Mes-Allocs.fr\" \/>\n<meta property=\"article:published_time\" content=\"2021-04-06T08:16:38+00:00\" \/>\n<meta property=\"article:modified_time\" content=\"2026-04-03T13:38:47+00:00\" \/>\n<meta property=\"og:image\" content=\"https:\/\/www.mes-allocs.fr\/guides\/wp-content\/uploads\/2021\/04\/metro-2.jpg?wsr\" \/>\n\t<meta property=\"og:image:width\" content=\"1127\" \/>\n\t<meta property=\"og:image:height\" content=\"750\" \/>\n<meta name=\"twitter:card\" content=\"summary_large_image\" \/>\n<script type=\"application\/ld+json\" class=\"yoast-schema-graph\">{\"@context\":\"https:\/\/schema.org\",\"@graph\":[{\"@type\":\"WebSite\",\"@id\":\"https:\/\/www.mes-allocs.fr\/guides\/#website\",\"url\":\"https:\/\/www.mes-allocs.fr\/guides\/\",\"name\":\"Mes-Allocs.fr\",\"description\":\"\",\"potentialAction\":[{\"@type\":\"SearchAction\",\"target\":\"https:\/\/www.mes-allocs.fr\/guides\/?s={search_term_string}\",\"query-input\":\"required name=search_term_string\"}],\"inLanguage\":\"fr-FR\"},{\"@type\":\"ImageObject\",\"@id\":\"https:\/\/www.mes-allocs.fr\/guides\/rsa\/aide-transport-rsa\/pass-navigo-rsa\/#primaryimage\",\"inLanguage\":\"fr-FR\",\"url\":\"https:\/\/www.mes-allocs.fr\/guides\/wp-content\/uploads\/2021\/04\/metro-2.jpg?wsr\",\"width\":1127,\"height\":750,\"caption\":\"pass navigo rsa\"},{\"@type\":\"WebPage\",\"@id\":\"https:\/\/www.mes-allocs.fr\/guides\/rsa\/aide-transport-rsa\/pass-navigo-rsa\/#webpage\",\"url\":\"https:\/\/www.mes-allocs.fr\/guides\/rsa\/aide-transport-rsa\/pass-navigo-rsa\/\",\"name\":\"Pass Navigo : les b\\u00e9n\\u00e9ficiaires du RSA peuvent-ils l'obtenir gratuitement ?\",\"isPartOf\":{\"@id\":\"https:\/\/www.mes-allocs.fr\/guides\/#website\"},\"primaryImageOfPage\":{\"@id\":\"https:\/\/www.mes-allocs.fr\/guides\/rsa\/aide-transport-rsa\/pass-navigo-rsa\/#primaryimage\"},\"datePublished\":\"2021-04-06T08:16:38+00:00\",\"dateModified\":\"2026-04-03T13:38:47+00:00\",\"author\":{\"@id\":\"https:\/\/www.mes-allocs.fr\/guides\/#\/schema\/person\/0ecd61a8600573914d00d970a588c024\"},\"description\":\"Si vous avez le RSA en 2026, vous pouvez r\\u00e9duire vos co\\u00fbts de transports en commun. D\\u00e9couvrez le Pass Navigo gratuit.\",\"inLanguage\":\"fr-FR\"},{\"@type\":\"Person\",\"@id\":\"https:\/\/www.mes-allocs.fr\/guides\/#\/schema\/person\/0ecd61a8600573914d00d970a588c024\",\"name\":\"Jonathan\",\"image\":{\"@type\":\"ImageObject\",\"@id\":\"https:\/\/www.mes-allocs.fr\/guides\/#personlogo\",\"inLanguage\":\"fr-FR\",\"url\":\"https:\/\/www.mes-allocs.fr\/guides\/wp-content\/uploads\/2021\/06\/jonathan-150x150.png\",\"caption\":\"Jonathan\"},\"description\":\"Jonathan est r\\u00e9dacteur au sein de l'\\u00e9quipe Mes Allocs, sp\\u00e9cialis\\u00e9 sur les sujets li\\u00e9s au handicap. Dipl\\u00f4m\\u00e9e de l'UPEM, il rejoint Mes Allocs apr\\u00e8s avoir travaill\\u00e9 \\u00e0 l'association AEDE qui accompagne les adultes en situation de handicap. Quand il n'\\u00e9crit pas, on peut le retrouver sur un terrain de basket.\",\"sameAs\":[\"https:\/\/www.linkedin.com\/in\/jonathan-bambela-8637861b7\"]}]}<\/script>\n<!-- \/ Yoast SEO plugin. -->","amp_validity":null,"acf":{"faq":{"1":{"question":"Vers qui me tourner pour b\u00e9n\u00e9ficier de la carte Navigo ?","answer":"Pour b\u00e9n\u00e9ficier de ce titre de transport, il faut vous tourner vers le service \u00cele de France Mobilit\u00e9s. "},"2":{"question":"Il y a-t-il un montant plafond pour le RSA concernant la Navigo ? ","answer":"En th\u00e9orie non. Tout b\u00e9n\u00e9ficiaire du RSA peut avoir droit \u00e0 ce forfait. "},"3":{"question":"La Carte Navigo est-elle disponible sur tout le territoire ? ","answer":"Non, la Carte Navigo est un dispositif propre \u00e0 l' \u00cele de France. "},"4":{"question":"Quel document dois-je joindre dans mon dossier ? ","answer":"Vous devez joindre des attestations montrant que vous touchez bien des aides sociales. "},"5":{"question":"Quel est le montant du RSA ?","answer":"Nous vous invitons \u00e0 lire notre article qui vous indiquera le montant du RSA.\r\n<br> <a href=\"https:\/\/www.mes-allocs.fr\/guides\/rsa\/montant-rsa\">Lire la suite<\/a>"},"6":{"question":"","answer":""},"7":{"question":"","answer":""},"8":{"question":"","answer":""},"9":{"question":"","answer":""},"10":{"question":"","answer":""},"11":{"question":"","answer":""},"12":{"question":"","answer":""},"13":{"question":"","answer":""},"14":{"question":"","answer":""},"15":{"question":"","answer":""},"16":{"question":"","answer":""}}},"_links":{"self":[{"href":"https:\/\/www.mes-allocs.fr\/guides\/wp-json\/wp\/v2\/posts\/24060","targetHints":{"allow":["GET"]}}],"collection":[{"href":"https:\/\/www.mes-allocs.fr\/guides\/wp-json\/wp\/v2\/posts"}],"about":[{"href":"https:\/\/www.mes-allocs.fr\/guides\/wp-json\/wp\/v2\/types\/post"}],"author":[{"embeddable":true,"href":"https:\/\/www.mes-allocs.fr\/guides\/wp-json\/wp\/v2\/users\/6"}],"replies":[{"embeddable":true,"href":"https:\/\/www.mes-allocs.fr\/guides\/wp-json\/wp\/v2\/comments?post=24060"}],"version-history":[{"count":26,"href":"https:\/\/www.mes-allocs.fr\/guides\/wp-json\/wp\/v2\/posts\/24060\/revisions"}],"predecessor-version":[{"id":111548,"href":"https:\/\/www.mes-allocs.fr\/guides\/wp-json\/wp\/v2\/posts\/24060\/revisions\/111548"}],"wp:featuredmedia":[{"embeddable":true,"href":"https:\/\/www.mes-allocs.fr\/guides\/wp-json\/wp\/v2\/media\/24061"}],"wp:attachment":[{"href":"https:\/\/www.mes-allocs.fr\/guides\/wp-json\/wp\/v2\/media?parent=24060"}],"wp:term":[{"taxonomy":"category","embeddable":true,"href":"https:\/\/www.mes-allocs.fr\/guides\/wp-json\/wp\/v2\/categories?post=24060"},{"taxonomy":"post_tag","embeddable":true,"href":"https:\/\/www.mes-allocs.fr\/guides\/wp-json\/wp\/v2\/tags?post=24060"}],"curies":[{"name":"wp","href":"https:\/\/api.w.org\/{rel}","templated":true}]}}