{"id":23812,"date":"2021-04-02T10:03:01","date_gmt":"2021-04-02T10:03:01","guid":{"rendered":"https:\/\/www.mes-allocs.fr\/guides\/?p=23812"},"modified":"2026-04-03T14:48:03","modified_gmt":"2026-04-03T13:48:03","slug":"aide-logement-rsa","status":"publish","type":"post","link":"https:\/\/www.mes-allocs.fr\/guides\/rsa\/aide-logement-rsa\/","title":{"rendered":"Aides au logement et RSA : d\u00e9couvrez toutes les aides mises en place pour vous"},"content":{"rendered":"<p><img loading=\"lazy\" decoding=\"async\" class=\"aligncenter wp-image-23818\" src=\"https:\/\/www.mes-allocs.fr\/guides\/wp-content\/uploads\/2021\/03\/cles--e1617109994199.jpg\" alt=\"logement et rsa\" width=\"1200\" height=\"446\" srcset=\"https:\/\/www.mes-allocs.fr\/guides\/wp-content\/uploads\/2021\/03\/cles--e1617109994199.jpg 500w, https:\/\/www.mes-allocs.fr\/guides\/wp-content\/uploads\/2021\/03\/cles--e1617109994199-300x112.jpg 300w\" sizes=\"auto, (max-width: 1200px) 100vw, 1200px\" \/><\/p>\n<p style=\"text-align: justify;\">[Mis \u00e0 jour le <span data-sheets-root=\"1\">03\/04\/2026<\/span>] Lorsque vous \u00eates au <a href=\"https:\/\/www.mes-allocs.fr\/guides\/rsa\">RSA<\/a>, il est assez compliqu\u00e9 de trouver un logement. Du fait de votre situation, la plupart des \u00e9tablissements financiers auront du mal \u00e0 vous accorder un cr\u00e9dit. Pas de panique, on vous explique comment faire.<\/p>\n<div class='cta-block'><div class='text'>Simulez vos aides en 2 min.<\/div><a href='https:\/\/www.mes-allocs.fr\/ab-app?origin=guides\/wp-json\/wp\/v2\/posts\/23812' class='app-button fit'>Simulation gratuite<\/a><\/div>\n<h1 style=\"text-align: justify;\">Le Revenu de Solidarit\u00e9 Active<\/h1>\n<h2 style=\"text-align: justify;\">D\u00e9finition<\/h2>\n<p style=\"text-align: justify;\">Le Revenu de Solidarit\u00e9 Active (RSA) est une prestation de nature financi\u00e8re qui est vers\u00e9e par la Caisse d&rsquo; Allocations Familiales. Elle permet aux personnes ayant un faible revenu ou n&rsquo;ayant pas de revenu de b\u00e9n\u00e9ficier d&rsquo;un compl\u00e9ment qui lui garantira un revenu minimal pour vivre.<\/p>\n<p style=\"text-align: justify;\">Au niveau de la gestion, c&rsquo;est le conseil d\u00e9partemental de votre d\u00e9partement qui s&rsquo;en charge. Le RSA est vers\u00e9 par la CAF ou la Mutualit\u00e9 Sociale Agricole (MSA). En contrepartie de cette somme vers\u00e9e aux allocataires, ils ont une obligation de chercher une activit\u00e9 professionnelle.<\/p>\n<p style=\"text-align: justify;\">Cette activit\u00e9 professionnelle peut correspondre \u00e0 la recherche d&rsquo;un emploi, \u00e0 une formation ou un stage. Le RSA, dans le cadre des politique sociales en France s&rsquo;inscrit dans les aides solidaires.<\/p>\n<p style=\"text-align: justify;\">La prime d&rsquo;activit\u00e9 remplace le RSA activit\u00e9 et la prime pour l&#8217;emploi depuis janvier 2016. Ce qu&rsquo;il reste du RSA, c&rsquo;est le \u00ab\u00a0RSA socle\u00a0\u00bb qui \u00e9tait la deuxi\u00e8me composante du RSA jusqu&rsquo;en 2016.\u00a0<sup id=\"cite_ref-4\" class=\"reference\"><\/sup><\/p>\n<p style=\"text-align: justify;\"><div class='cta-block'><div class='text'>Simulez vos aides en 2 min.<\/div><a href='https:\/\/www.mes-allocs.fr\/ab-app?origin=guides\/wp-json\/wp\/v2\/posts\/23812' class='app-button fit'>Simulation gratuite<\/a><\/div><\/p>\n<h2 style=\"text-align: justify;\">Conditions d&rsquo;attribution<\/h2>\n<p style=\"text-align: justify;\">Comme pour toutes les aides sociales de la CAF, elles sont attribu\u00e9es selon certaines conditions. Premi\u00e8rement, les b\u00e9n\u00e9ficiaires du RSA doivent \u00eatre \u00e2g\u00e9s de plus de 25 ans. Une d\u00e9rogation est faite si vous \u00eates enceintes ou que vous avez un enfant \u00e0 charge.<\/p>\n<p style=\"text-align: justify;\">Si vous avez entre 18 et 25 ans, vous pouvez aussi en b\u00e9n\u00e9ficier. Seulement il faut que sur les trois derni\u00e8res ann\u00e9es, vous ayez exerc\u00e9 une activit\u00e9 \u00e0 plein temps sur deux ans minimums. Cette sp\u00e9cificit\u00e9 est nomm\u00e9e le RSA Jeune.<\/p>\n<p style=\"text-align: justify;\">Au-del\u00e0 de ces sp\u00e9cialit\u00e9s, voici les conditions d&rsquo;attribution :<\/p>\n<ul style=\"text-align: justify;\">\n<li class=\"amp-wp-7d27179\" data-amp-original-style=\"text-align: justify;\"><span class=\"amp-wp-fe3f5cc\" data-amp-original-style=\"font-weight: 400;\">Vous habitez en France de fa\u00e7on stable, plus de 6 mois par an<\/span><\/li>\n<li class=\"amp-wp-7d27179\" data-amp-original-style=\"text-align: justify;\"><span class=\"amp-wp-fe3f5cc\" data-amp-original-style=\"font-weight: 400;\">Vous \u00eates fran\u00e7ais, citoyen de l\u2019Espace \u00c9conomique Europ\u00e9en (EEE), suisse tout en vous justifiant d\u2019un droit de s\u00e9jour, ou enfin vous \u00eates ressortissant d\u2019un autre pays et vous r\u00e9sidez en France depuis 5 ans\u00a0<\/span><\/li>\n<li class=\"amp-wp-7d27179\" data-amp-original-style=\"text-align: justify;\"><span class=\"amp-wp-fe3f5cc\" data-amp-original-style=\"font-weight: 400;\">Les ressources mensuelles moyennes de votre foyer pendant les 3 mois qui pr\u00e9c\u00e8dent votre demande ne doivent pas d\u00e9passer un certain seuil (voir le montant plus bas).\u00a0<\/span><\/li>\n<li class=\"amp-wp-7d27179\" data-amp-original-style=\"text-align: justify;\"><span class=\"amp-wp-fe3f5cc\" data-amp-original-style=\"font-weight: 400;\">Vous devez avoir fait valoir vos droits concernant toute autre prestation sociale (comme l\u2019allocation ch\u00f4mage, la retraite) \u00e0 laquelle vous pouvez pr\u00e9tendre. Autrement dit, vous ne pouvez percevoir le RSA que si vous n\u2019avez pas ou plus le droit \u00e0 une autre aide, par exemple \u00e0 la fin de votre p\u00e9riode d\u2019indemnisation de ch\u00f4mage.<\/span><\/li>\n<li>Vous devez d\u00e9sormais r\u00e9aliser entre <strong>15 et 20 heures d&rsquo;activit\u00e9s par semaine<\/strong>, ce qui peut inclure la recherche d&#8217;emploi ou des formations.<\/li>\n<\/ul>\n<p>&nbsp;<\/p>\n<p style=\"text-align: center;\"><iframe loading=\"lazy\" src=\"\/\/www.youtube.com\/embed\/2aMlunSI1-U?t=32s\" width=\"560\" height=\"314\" allowfullscreen=\"allowfullscreen\" data-mce-fragment=\"1\"><\/iframe><\/p>\n<p>&nbsp;<\/p>\n<h2 style=\"text-align: justify;\">Montant du RSA<\/h2>\n<p class=\"amp-wp-7d27179\" style=\"text-align: justify;\" data-amp-original-style=\"text-align: justify;\"><span class=\"amp-wp-fe3f5cc\" data-amp-original-style=\"font-weight: 400;\">Le montant du RSA est variable d&rsquo;une personne \u00e0 une autre. Il est calcul\u00e9 selon vos ressources. Dans les faits, le RSA est en r\u00e9alit\u00e9 <\/span>la diff\u00e9rence entre le montant maximum du RSA et vos revenus moyens des 3 derniers mois pr\u00e9c\u00e9dant votre demande<span class=\"amp-wp-fe3f5cc\" data-amp-original-style=\"font-weight: 400;\">, incluant les prestations familiales. Attention, certaines prestations familiales ne sont pas prises en compte dans le calcul. <\/span><\/p>\n<p class=\"amp-wp-7d27179\" style=\"text-align: justify;\" data-amp-original-style=\"text-align: justify;\"><span class=\"amp-wp-fe3f5cc\" data-amp-original-style=\"font-weight: 400;\">L\u2019aide ne sera pas per\u00e7ue si elles se r\u00e9v\u00e8le \u00eatre inf\u00e9rieure \u00e0 6\u00ad \u20ac par mois. Dans le d\u00e9tail, voici le montant du RSA en moyenne et selon les situations :<\/span><\/p>\n<p style=\"text-align: justify;\"><span style=\"font-weight: 400;\">Le RSA <strong>pour une personne seule<\/strong> (montant mensuel). Ces montants sont applicables jusqu&rsquo;au 31 mars 2027 et seront revaloris\u00e9s le 1er avril 2027.<\/span><\/p>\n\n<div class=\"wpdt-c row wpDataTableContainerSimpleTable wpDataTables wpDataTablesWrapper\n\"\n    >\n    <table id=\"wpdtSimpleTable-3\"\n           class=\"wpdtSimpleTable wpDataTable\"\n           data-column=\"2\"\n           data-rows=\"5\"\n           data-wpID=\"3\"\n           data-responsive=\"0\"\n           data-has-header=\"1\">\n\n                    <thead>        <tr class=\"wpdt-cell-row \" >\n                            <th class=\"wpdt-cell wpdt-bc-F3F9FE wpdt-bold\"\n                                    data-cell-id=\"A1\"\n                data-col-index=\"0\"\n                data-row-index=\"0\"\n                style=\" width:48.571428571429%;                padding:10px;\"\n                >\n                                Situation familiale                <\/th>\n                                            <th class=\"wpdt-cell wpdt-bc-F3F9FE wpdt-bold\"\n                                    data-cell-id=\"B1\"\n                data-col-index=\"1\"\n                data-row-index=\"0\"\n                style=\" width:51.428571428571%;                padding:10px;\"\n                >\n                                Montant pour une personne seule avant d\u00e9duction du forfait logement                <\/th>\n                                        <\/tr>\n                    <tbody>        <tr class=\"wpdt-cell-row \" >\n                            <td class=\"wpdt-cell \"\n                                    data-cell-id=\"A2\"\n                data-col-index=\"0\"\n                data-row-index=\"1\"\n                style=\"                padding:10px;\"\n                >\n                                Personne seule sans enfant                <\/td>\n                                            <td class=\"wpdt-cell \"\n                                    data-cell-id=\"B2\"\n                data-col-index=\"1\"\n                data-row-index=\"1\"\n                style=\"                padding:10px;\"\n                >\n                                651,69 \u20ac                <\/td>\n                                        <\/tr>\n                            <tr class=\"wpdt-cell-row \" >\n                            <td class=\"wpdt-cell \"\n                                    data-cell-id=\"A3\"\n                data-col-index=\"0\"\n                data-row-index=\"2\"\n                style=\"                padding:10px;\"\n                >\n                                Personne seule avec 1 enfant                <\/td>\n                                            <td class=\"wpdt-cell \"\n                                    data-cell-id=\"B3\"\n                data-col-index=\"1\"\n                data-row-index=\"2\"\n                style=\"                padding:10px;\"\n                >\n                                977,54 \u20ac                <\/td>\n                                        <\/tr>\n                            <tr class=\"wpdt-cell-row \" >\n                            <td class=\"wpdt-cell \"\n                                    data-cell-id=\"A4\"\n                data-col-index=\"0\"\n                data-row-index=\"3\"\n                style=\"                padding:10px;\"\n                >\n                                Personne seule avec 2 enfants                <\/td>\n                                            <td class=\"wpdt-cell \"\n                                    data-cell-id=\"B4\"\n                data-col-index=\"1\"\n                data-row-index=\"3\"\n                style=\"                padding:10px;\"\n                >\n                                1 173,05 \u20ac                <\/td>\n                                        <\/tr>\n                            <tr class=\"wpdt-cell-row \" >\n                            <td class=\"wpdt-cell \"\n                                    data-cell-id=\"A5\"\n                data-col-index=\"0\"\n                data-row-index=\"4\"\n                style=\"                padding:10px;\"\n                >\n                                Par enfant suppl\u00e9mentaire                <\/td>\n                                            <td class=\"wpdt-cell \"\n                                    data-cell-id=\"B5\"\n                data-col-index=\"1\"\n                data-row-index=\"4\"\n                style=\"                padding:10px;\"\n                >\n                                + 260,68 \u20ac                <\/td>\n                                        <\/tr>\n                    <\/table>\n<\/div><style id='wpdt-custom-style-3'>\ntable#wpdtSimpleTable-3{ table-layout: fixed !important; }\n.wpdt-bc-F3F9FE { background-color: #F3F9FE !important;}\n<\/style>\n\n<p style=\"text-align: justify;\"><span style=\"font-weight: 400;\">Le RSA <strong>pour un couple<\/strong> (montant mensuel). Ces montants sont applicables jusqu&rsquo;au 31 mars 2027 et seront revaloris\u00e9s le 1er avril 2027.<\/span><\/p>\n\n<div class=\"wpdt-c row wpDataTableContainerSimpleTable wpDataTables wpDataTablesWrapper\n\"\n    >\n    <table id=\"wpdtSimpleTable-4\"\n           class=\"wpdtSimpleTable wpDataTable\"\n           data-column=\"2\"\n           data-rows=\"5\"\n           data-wpID=\"4\"\n           data-responsive=\"0\"\n           data-has-header=\"1\">\n\n                    <thead>        <tr class=\"wpdt-cell-row \" >\n                            <th class=\"wpdt-cell wpdt-bc-F3F9FE wpdt-bold\"\n                                    data-cell-id=\"A1\"\n                data-col-index=\"0\"\n                data-row-index=\"0\"\n                style=\" width:48.571428571429%;                padding:10px;\"\n                >\n                                Situation familiale                <\/th>\n                                            <th class=\"wpdt-cell wpdt-bc-F3F9FE wpdt-bold\"\n                                    data-cell-id=\"B1\"\n                data-col-index=\"1\"\n                data-row-index=\"0\"\n                style=\" width:51.428571428571%;                padding:10px;\"\n                >\n                                Montant pour un couple avant d\u00e9duction du forfait logement                <\/th>\n                                        <\/tr>\n                    <tbody>        <tr class=\"wpdt-cell-row \" >\n                            <td class=\"wpdt-cell \"\n                                    data-cell-id=\"A2\"\n                data-col-index=\"0\"\n                data-row-index=\"1\"\n                style=\"                padding:10px;\"\n                >\n                                Couple sans enfant                <\/td>\n                                            <td class=\"wpdt-cell \"\n                                    data-cell-id=\"B2\"\n                data-col-index=\"1\"\n                data-row-index=\"1\"\n                style=\"                padding:10px;\"\n                >\n                                977,54 \u20ac                <\/td>\n                                        <\/tr>\n                            <tr class=\"wpdt-cell-row \" >\n                            <td class=\"wpdt-cell \"\n                                    data-cell-id=\"A3\"\n                data-col-index=\"0\"\n                data-row-index=\"2\"\n                style=\"                padding:10px;\"\n                >\n                                Couple avec 1 enfant                <\/td>\n                                            <td class=\"wpdt-cell \"\n                                    data-cell-id=\"B3\"\n                data-col-index=\"1\"\n                data-row-index=\"2\"\n                style=\"                padding:10px;\"\n                >\n                                1 173,05 \u20ac                <\/td>\n                                        <\/tr>\n                            <tr class=\"wpdt-cell-row \" >\n                            <td class=\"wpdt-cell \"\n                                    data-cell-id=\"A4\"\n                data-col-index=\"0\"\n                data-row-index=\"3\"\n                style=\"                padding:10px;\"\n                >\n                                Couple avec 2 enfants                <\/td>\n                                            <td class=\"wpdt-cell \"\n                                    data-cell-id=\"B4\"\n                data-col-index=\"1\"\n                data-row-index=\"3\"\n                style=\"                padding:10px;\"\n                >\n                                1 368,56 \u20ac                <\/td>\n                                        <\/tr>\n                            <tr class=\"wpdt-cell-row \" >\n                            <td class=\"wpdt-cell \"\n                                    data-cell-id=\"A5\"\n                data-col-index=\"0\"\n                data-row-index=\"4\"\n                style=\"                padding:10px;\"\n                >\n                                Par enfant suppl\u00e9mentaire                <\/td>\n                                            <td class=\"wpdt-cell \"\n                                    data-cell-id=\"B5\"\n                data-col-index=\"1\"\n                data-row-index=\"4\"\n                style=\"                padding:10px;\"\n                >\n                                + 260,68 \u20ac                <\/td>\n                                        <\/tr>\n                    <\/table>\n<\/div><style id='wpdt-custom-style-4'>\ntable#wpdtSimpleTable-4{ table-layout: fixed !important; }\ntable#wpdtSimpleTable-4 td, table.wpdtSimpleTable4 th { white-space: normal !important; }\n.wpdt-bc-F3F9FE { background-color: #F3F9FE !important;}\n<\/style>\n\n<p data-amp-original-style=\"text-align: justify;\">Depuis <strong data-start=\"7\" data-end=\"26\">mars 2025<\/strong>, la <strong data-start=\"277\" data-end=\"321\">d\u00e9claration trimestrielle est simplifi\u00e9e<\/strong> gr\u00e2ce \u00e0 un <strong data-start=\"333\" data-end=\"358\">formulaire pr\u00e9-rempli<\/strong>, int\u00e9grant automatiquement certains revenus avec la possibilit\u00e9 de corrections. Par ailleurs, les <strong data-start=\"457\" data-end=\"495\">p\u00e9riodes de d\u00e9claration ont chang\u00e9<\/strong>: depuis mars, il faut d\u00e9clarer les revenus de <strong data-start=\"543\" data-end=\"576\">novembre, d\u00e9cembre et janvier<\/strong>, au lieu de <strong data-start=\"589\" data-end=\"621\">d\u00e9cembre, janvier et f\u00e9vrier <\/strong>auparavant. Cette modification vise \u00e0 <strong data-start=\"660\" data-end=\"723\">r\u00e9duire les erreurs et acc\u00e9l\u00e9rer le traitement des dossiers <\/strong>pour un versement plus fluide.<\/p>\n<h1 style=\"text-align: justify;\">Quelles aides pour avoir un logement ?<\/h1>\n<h2 style=\"text-align: justify;\">Le FSL<\/h2>\n<p style=\"text-align: justify;\">Le FSL (fonds de solidarit\u00e9 pour le logement) est une aide financi\u00e8re destin\u00e9e aux personnes qui rencontrent des difficult\u00e9s avec le paiement des frais li\u00e9s \u00e0 leur logement. Cela peut \u00eatre le loyer ou les diff\u00e9rentes factures. Ce fond peut \u00eatre une solution envisageable si vous recherchez comment louer un appartement alors que vous b\u00e9n\u00e9ficiez du RSA.<\/p>\n<p style=\"text-align: justify;\">Ce fonds est une aide qui va vous permettre de trouver un logement dans le secteur public et priv\u00e9, et m\u00eame de pouvoir le garder m\u00eame en p\u00e9riode de difficult\u00e9s financi\u00e8res. Gr\u00e2ce \u00e0 ce fonds, les personnes les plus d\u00e9munies peuvent b\u00e9n\u00e9ficier de plusieurs aides comme le d\u00e9p\u00f4t de garantie, de frais d\u2019emm\u00e9nagement, de frais d\u2019\u00e9quipement, d\u2019assurance habitation et de d\u00e9m\u00e9nagement.<\/p>\n<h3 style=\"text-align: justify;\">Conditions d&rsquo;attribution<\/h3>\n<div style=\"text-align: justify;\" data-ui-name=\"Tag\">Pour percevoir le FSL, vos diff\u00e9rentes sur ces de revenus et ceux de l\u2019ensemble des membres de votre foyer seront pris en compte. Cependant, certaines aides ne sont pas prises en compte :<\/div>\n<ul style=\"text-align: justify;\">\n<li data-ui-name=\"Tag\">L\u2019aide au logement,<\/li>\n<li data-ui-name=\"Tag\">L\u2019allocation de rentr\u00e9e scolaire,<\/li>\n<li data-ui-name=\"Tag\">L\u2019allocation d\u2019\u00e9ducation de l\u2019enfant handicap\u00e9.<\/li>\n<\/ul>\n<p style=\"text-align: justify;\">Le montant de l\u2019aide per\u00e7u est proportionnel \u00e0 vos revenus. Ainsi, plus vos revenus sont faibles, plus l\u2019aide que vous allez recevoir sera importante.<\/p>\n<p style=\"text-align: justify;\">Toutefois, il faut noter que chaque d\u00e9partement a ses propres conditions d\u2019attribution. C\u2019est pourquoi, en plus des crit\u00e8res de r\u00e9sidence et de revenus que nous vous avons pr\u00e9sent\u00e9, des crit\u00e8res relatifs \u00e0 votre situation personnelle viendront s\u2019ajouter.<\/p>\n<p style=\"text-align: justify;\">De ce fait, l\u2019attribution de l\u2019aide FSL peut \u00eatre accord\u00e9e \u00e0 une famille r\u00e9sidant dans un d\u00e9partement pr\u00e9cis et refus\u00e9e \u00e0 une autre famille avec le m\u00eame profil mais r\u00e9sidant dans un autre d\u00e9partement, du fait de la prise en compte ou non de certaines donn\u00e9es personnelles.<\/p>\n<div class=\"_box-inline_1p6fl_gg_\" style=\"text-align: justify;\" aria-pressed=\"false\" aria-describedby=\"21682\" data-ui-name=\"Tooltip.Trigger\">\n<div data-ui-name=\"Tag\">Pour faire une demande de FSL, vous pouvez vous adresser directement \u00e0 \u00e0 la CAF, \u00e0 votre Conseil d\u00e9partemental ou \u00e0 l\u2019ADIL (Agence D\u00e9partementale d\u2019Information sur le Logement), afin de pouvoir retirer le dossier FSL qui sera \u00e0 remplir. L&rsquo;\u00e9quipe de MesAllocs.fr se chargera de vous aider dans vos d\u00e9marches.<\/div>\n<\/div>\n<div style=\"text-align: justify;\" data-ui-name=\"Tag\">\n<p>Le traitement du dossier d\u2019aide du FSL, se fait g\u00e9n\u00e9ralement dans les deux mois. Mais, cela d\u00e9pend des d\u00e9lais de traitement de chaque conseil d\u00e9partemental.<\/p>\n<p>Une fois accord\u00e9e, l\u2019aide du fonds solidarit\u00e9 pour le logement est vers\u00e9e directement aux bailleurs lorsqu\u2019elle est accord\u00e9e pour aider au maintien dans le logement.<\/p>\n<div class='cta-block'><div class='text'>Simulez vos aides en 2 min.<\/div><a href='https:\/\/www.mes-allocs.fr\/ab-app?origin=guides\/wp-json\/wp\/v2\/posts\/23812' class='app-button fit'>Simulation gratuite<\/a><\/div>\n<\/div>\n<h2 style=\"text-align: justify;\">L&rsquo;ALS<\/h2>\n<p style=\"text-align: justify;\">L&rsquo;allocation de logement sociale (ALS) est une aide financi\u00e8re destin\u00e9e \u00e0 r\u00e9duire le montant de votre loyer ou redevance (si vous \u00eates r\u00e9sident en foyer). Elle est vers\u00e9e si vous ne pouvez pr\u00e9tendre ni \u00e0 l&rsquo;aide personnalis\u00e9e au logement (APL), ni \u00e0 l&rsquo;allocation de logement familiale (ALF). Les conditions d&rsquo;attribution diff\u00e8rent selon que vous \u00eates en location ou que vous r\u00e9sidez en foyer.<\/p>\n<h3 style=\"text-align: justify;\">Conditions d&rsquo;attribution<\/h3>\n<p class=\"amp-wp-7d27179\" style=\"text-align: justify;\" data-amp-original-style=\"text-align: justify;\"><span class=\"amp-wp-fe3f5cc\" data-amp-original-style=\"font-weight: 400;\">Vous pouvez b\u00e9n\u00e9ficier de l\u2019Allocation de Logement Sociale pour votre r\u00e9sidence principale (\u00e0 savoir : un logement que vous occupez plus de 8 mois par an) qui se trouve sur le territoire fran\u00e7ais. Votre logement doit \u00e9galement respecter certaines\u00a0conditions minimales d\u2019occupation. Il s&rsquo;agit principalement de la surface minimale, le niveau de salubrit\u00e9&#8230; <\/span><\/p>\n<p class=\"amp-wp-7d27179\" style=\"text-align: justify;\" data-amp-original-style=\"text-align: justify;\"><span class=\"amp-wp-fe3f5cc\" data-amp-original-style=\"font-weight: 400;\">Ainsi, votre logement devra poss\u00e9der une surface minimale de 9 m\u00b2 si vous \u00eates seul et de 16 m\u00b2 si vous vivez avec un partenaire. Pour tout occupant suppl\u00e9mentaire, il faut avoir 7m\u00b2 suppl\u00e9mentaire. D\u2019autres conditions peuvent \u00eatre li\u00e9es \u00e0 l\u2019\u00e2ge de votre logement.<\/span><\/p>\n<p class=\"amp-wp-7d27179\" style=\"text-align: justify;\" data-amp-original-style=\"text-align: justify;\"><span class=\"amp-wp-fe3f5cc\" data-amp-original-style=\"font-weight: 400;\">Au d\u00e9part, vous ne pouviez b\u00e9n\u00e9ficier de l\u2019Allocation de Logement Sociale que si vous apparteniez \u00e0 certaines cat\u00e9gories donn\u00e9es de la population, comme les jeunes salari\u00e9s, les personnes \u00e2g\u00e9es (en maison de retraite) et les personnes en situation de handicap. Cependant, depuis quelques ann\u00e9es, l\u2019ALS s\u2019est progressivement \u00e9tendue \u00e0 toutes les personnes qui ne peuvent pas b\u00e9n\u00e9ficier d\u2019une\u00a0autre aide de logement que sont l\u2019Aide Personnalis\u00e9e de Logement (APL) ou l\u2019Allocation de Logement Familiale (ALF).\u00a0<\/span><\/p>\n<p class=\"amp-wp-7d27179\" style=\"text-align: justify;\" data-amp-original-style=\"text-align: justify;\"><span class=\"amp-wp-fe3f5cc\" data-amp-original-style=\"font-weight: 400;\">En tant que locataire ou colocataire, vous pouvez faire une demande d\u2019ALS.<\/span><\/p>\n<p class=\"amp-wp-7d27179\" style=\"text-align: justify;\" data-amp-original-style=\"text-align: justify;\"><span class=\"amp-wp-fe3f5cc\" data-amp-original-style=\"font-weight: 400;\">Si vous \u00eates sous-locataire, vous pouvez \u00e9galement pr\u00e9tendre \u00e0 l\u2019ALS, sous certaines conditions. Tout d\u2019abord, la sous-location doit \u00eatre d\u00e9clar\u00e9e au propri\u00e9taire. Vous devez \u00e9galement \u00eatre \u00e2g\u00e9 de moins de 30 ans ou \u00eatre h\u00e9berg\u00e9 chez un accueillant familial.<\/span><\/p>\n<p class=\"amp-wp-7d27179\" style=\"text-align: justify;\" data-amp-original-style=\"text-align: justify;\"><span class=\"amp-wp-fe3f5cc\" data-amp-original-style=\"font-weight: 400;\">Si votre pr\u00eat a \u00e9t\u00e9 sign\u00e9 apr\u00e8s le 1<\/span><span class=\"amp-wp-fe3f5cc\" data-amp-original-style=\"font-weight: 400;\">er<\/span><span class=\"amp-wp-fe3f5cc\" data-amp-original-style=\"font-weight: 400;\"> janvier 2018, vous n\u2019avez plus acc\u00e8s \u00e0 l\u2019Allocation de Logement Sociale. Si vous avez sign\u00e9 un pr\u00eat avant cette date, ou si vous avez effectu\u00e9 votre demande de pr\u00eat avant le 31 d\u00e9cembre 2017, et sign\u00e9 ce pr\u00eat avant le 31 janvier 2018, vous pouvez encore b\u00e9n\u00e9ficier de l\u2019ALS.\u00a0<\/span><\/p>\n<h3 data-amp-original-style=\"text-align: justify;\">Versement de l&rsquo;aide<\/h3>\n<p style=\"text-align: justify;\" data-amp-original-style=\"text-align: justify;\">Les ressources prises en compte pour l&rsquo;ALS\u00a0sont celles des 12 derniers mois. Elles sont actualis\u00e9es tous les 3 mois. Elle se fait automatiquement, vous n&rsquo;avez donc aucune d\u00e9marche \u00e0 faire. La CAF ou la MSA r\u00e9cup\u00e8re automatiquement le montant de vos ressources notamment aupr\u00e8s des imp\u00f4ts ou de P\u00f4le emploi.<\/p>\n<h2 class=\"amp-wp-7d27179\" style=\"text-align: justify;\" data-amp-original-style=\"text-align: justify;\">Qu&rsquo;en est-il de l&rsquo;APL ?<\/h2>\n<p style=\"text-align: justify;\">Si vous b\u00e9n\u00e9ficiez du RSA, l&rsquo;APL vous est accessible.\u00a0L\u2019Aide personnalis\u00e9e au logement (APL) est une aide financi\u00e8re permettant de diminuer votre loyer ou vos mensualit\u00e9s d\u2019emprunt li\u00e9s au logement pour les revenus modestes. Cette aide est vers\u00e9e par la CAF (caisse d\u2019allocations familiales).<\/p>\n<p style=\"text-align: justify;\"><span class=\"amp-wp-fe3f5cc\" data-amp-original-style=\"font-weight: 400;\">L\u2019Aide Personnalis\u00e9e au Logement est vers\u00e9e tous les mois. Si vous \u00eates locataire, elle est attribu\u00e9e directement \u00e0 votre propri\u00e9taire ou au gestionnaire de votre logement qui r\u00e9duira ensuite de cette somme le montant de votre loyer. <\/span><\/p>\n<p style=\"text-align: justify;\"><span class=\"amp-wp-fe3f5cc\" data-amp-original-style=\"font-weight: 400;\">Si vous \u00eates en situation d\u2019acc\u00e8s \u00e0 la propri\u00e9t\u00e9, l\u2019APL est vers\u00e9e directement sur votre compte bancaire. V<\/span><span class=\"amp-wp-fe3f5cc\" data-amp-original-style=\"font-weight: 400;\">os mensualit\u00e9s de remboursement d\u2019emprunt seront diminu\u00e9es du montant de l\u2019aide.<\/span><\/p>\n<p style=\"text-align: justify;\">Le propri\u00e9taire du logement doit passer une convention avec l\u2019Etat qui pr\u00e9cisera l\u2019\u00e9volution du loyer, la dur\u00e9e du bail et les normes de confort. La plupart des logements HLM sont conventionn\u00e9s.<\/p>\n<p style=\"text-align: justify;\">Si vous recevez l\u2019APL un forfait logement sera d\u00e9duit de votre RSA qui \u00e9voluera en fonction de votre situation familiale, c\u00e9libataire, mari\u00e9, avec enfants\u2026 Donc vous pouvez cumuler APL et RSA mais le RSA sera diminu\u00e9 l\u00e9g\u00e8rement.<\/p>\n<div class='cta-block'><div class='text'>Simulez vos aides en 2 min.<\/div><a href='https:\/\/www.mes-allocs.fr\/ab-app?origin=guides\/wp-json\/wp\/v2\/posts\/23812' class='app-button fit'>Simulation gratuite<\/a><\/div>\n","protected":false},"excerpt":{"rendered":"<p>[Mis \u00e0 jour le 03\/04\/2026] Lorsque vous \u00eates au RSA, il est assez compliqu\u00e9 de trouver un logement. Du fait de votre situation, la plupart des \u00e9tablissements financiers auront du mal \u00e0 vous accorder un cr\u00e9dit. Pas de panique, on vous explique comment faire. Le Revenu de Solidarit\u00e9 Active D\u00e9finition Le Revenu de Solidarit\u00e9 Active [&hellip;]<\/p>\n","protected":false},"author":6,"featured_media":23818,"comment_status":"open","ping_status":"open","sticky":false,"template":"","format":"standard","meta":{"amp_status":"","footnotes":""},"categories":[14],"tags":[],"class_list":["post-23812","post","type-post","status-publish","format-standard","has-post-thumbnail","hentry","category-rsa"],"yoast_head":"<!-- This site is optimized with the Yoast SEO plugin v14.9 - https:\/\/yoast.com\/wordpress\/plugins\/seo\/ -->\n<title>Aides au logement et RSA : comment cumuler les deux ? | Mes-Allocs.fr<\/title>\n<meta name=\"description\" content=\"Si vous b\u00e9n\u00e9ficiez du RSA, il peut \u00eatre compliqu\u00e9 de trouver un logement. Mes Allocs vous montre quelles sont les aides au logement en 2026.\" \/>\n<meta name=\"robots\" content=\"index, follow, max-snippet:-1, max-image-preview:large, max-video-preview:-1\" \/>\n<link rel=\"canonical\" href=\"https:\/\/www.mes-allocs.fr\/guides\/rsa\/aide-logement-rsa\/\" \/>\n<meta property=\"og:locale\" content=\"fr_FR\" \/>\n<meta property=\"og:type\" content=\"article\" \/>\n<meta property=\"og:title\" content=\"Aides au logement et RSA : comment cumuler les deux ? | Mes-Allocs.fr\" \/>\n<meta property=\"og:description\" content=\"Si vous b\u00e9n\u00e9ficiez du RSA, il peut \u00eatre compliqu\u00e9 de trouver un logement. Mes Allocs vous montre quelles sont les aides au logement en 2026.\" \/>\n<meta property=\"og:url\" content=\"https:\/\/www.mes-allocs.fr\/guides\/rsa\/aide-logement-rsa\/\" \/>\n<meta property=\"og:site_name\" content=\"Mes-Allocs.fr\" \/>\n<meta property=\"article:published_time\" content=\"2021-04-02T10:03:01+00:00\" \/>\n<meta property=\"article:modified_time\" content=\"2026-04-03T13:48:03+00:00\" \/>\n<meta property=\"og:image\" content=\"https:\/\/www.mes-allocs.fr\/guides\/wp-content\/uploads\/2021\/03\/cles--e1617109994199.jpg?wsr\" \/>\n\t<meta property=\"og:image:width\" content=\"500\" \/>\n\t<meta property=\"og:image:height\" content=\"186\" \/>\n<meta name=\"twitter:card\" content=\"summary_large_image\" \/>\n<script type=\"application\/ld+json\" class=\"yoast-schema-graph\">{\"@context\":\"https:\/\/schema.org\",\"@graph\":[{\"@type\":\"WebSite\",\"@id\":\"https:\/\/www.mes-allocs.fr\/guides\/#website\",\"url\":\"https:\/\/www.mes-allocs.fr\/guides\/\",\"name\":\"Mes-Allocs.fr\",\"description\":\"\",\"potentialAction\":[{\"@type\":\"SearchAction\",\"target\":\"https:\/\/www.mes-allocs.fr\/guides\/?s={search_term_string}\",\"query-input\":\"required name=search_term_string\"}],\"inLanguage\":\"fr-FR\"},{\"@type\":\"ImageObject\",\"@id\":\"https:\/\/www.mes-allocs.fr\/guides\/rsa\/aide-logement-rsa\/#primaryimage\",\"inLanguage\":\"fr-FR\",\"url\":\"https:\/\/www.mes-allocs.fr\/guides\/wp-content\/uploads\/2021\/03\/cles--e1617109994199.jpg?wsr\",\"width\":500,\"height\":186},{\"@type\":\"WebPage\",\"@id\":\"https:\/\/www.mes-allocs.fr\/guides\/rsa\/aide-logement-rsa\/#webpage\",\"url\":\"https:\/\/www.mes-allocs.fr\/guides\/rsa\/aide-logement-rsa\/\",\"name\":\"Aides au logement et RSA : comment cumuler les deux ? | Mes-Allocs.fr\",\"isPartOf\":{\"@id\":\"https:\/\/www.mes-allocs.fr\/guides\/#website\"},\"primaryImageOfPage\":{\"@id\":\"https:\/\/www.mes-allocs.fr\/guides\/rsa\/aide-logement-rsa\/#primaryimage\"},\"datePublished\":\"2021-04-02T10:03:01+00:00\",\"dateModified\":\"2026-04-03T13:48:03+00:00\",\"author\":{\"@id\":\"https:\/\/www.mes-allocs.fr\/guides\/#\/schema\/person\/0ecd61a8600573914d00d970a588c024\"},\"description\":\"Si vous b\\u00e9n\\u00e9ficiez du RSA, il peut \\u00eatre compliqu\\u00e9 de trouver un logement. Mes Allocs vous montre quelles sont les aides au logement en 2026.\",\"inLanguage\":\"fr-FR\"},{\"@type\":\"Person\",\"@id\":\"https:\/\/www.mes-allocs.fr\/guides\/#\/schema\/person\/0ecd61a8600573914d00d970a588c024\",\"name\":\"Jonathan\",\"image\":{\"@type\":\"ImageObject\",\"@id\":\"https:\/\/www.mes-allocs.fr\/guides\/#personlogo\",\"inLanguage\":\"fr-FR\",\"url\":\"https:\/\/www.mes-allocs.fr\/guides\/wp-content\/uploads\/2021\/06\/jonathan-150x150.png\",\"caption\":\"Jonathan\"},\"description\":\"Jonathan est r\\u00e9dacteur au sein de l'\\u00e9quipe Mes Allocs, sp\\u00e9cialis\\u00e9 sur les sujets li\\u00e9s au handicap. Dipl\\u00f4m\\u00e9e de l'UPEM, il rejoint Mes Allocs apr\\u00e8s avoir travaill\\u00e9 \\u00e0 l'association AEDE qui accompagne les adultes en situation de handicap. Quand il n'\\u00e9crit pas, on peut le retrouver sur un terrain de basket.\",\"sameAs\":[\"https:\/\/www.linkedin.com\/in\/jonathan-bambela-8637861b7\"]}]}<\/script>\n<!-- \/ Yoast SEO plugin. -->","amp_validity":null,"acf":{"faq":{"1":{"question":"Est-il possible de cumuler RSA et APL ?","answer":"Oui il est possible de cumuler les deux aides dans la limite des plafonds. "},"2":{"question":"Comment se passe le versement de l'aide ? ","answer":"Le versement se fait directement sur votre compte du b\u00e9n\u00e9ficiaire ou sur le compte du bailleur."},"3":{"question":"Peut-on cumuler les aides de la CAF ?","answer":"En temps normal le cumul est possible. Cependant toutes les aides ne sont pas cumulables. "},"4":{"question":"Qui d\u00e9livre le RSA ? ","answer":"Le RSA est d\u00e9livr\u00e9 par les diff\u00e9rentes caisses: la CAF ou la MSA. "},"5":{"question":"O\u00f9 trouver les renseignements concernant les aides ? ","answer":"Notre \u00e9quipe se tient \u00e0 votre disposition si vous avez besoin de conseils ou d'approfondissement."},"6":{"question":"","answer":""},"7":{"question":"","answer":""},"8":{"question":"","answer":""},"9":{"question":"","answer":""},"10":{"question":"","answer":""},"11":{"question":"","answer":""},"12":{"question":"","answer":""},"13":{"question":"","answer":""},"14":{"question":"","answer":""},"15":{"question":"","answer":""},"16":{"question":"","answer":""}}},"_links":{"self":[{"href":"https:\/\/www.mes-allocs.fr\/guides\/wp-json\/wp\/v2\/posts\/23812","targetHints":{"allow":["GET"]}}],"collection":[{"href":"https:\/\/www.mes-allocs.fr\/guides\/wp-json\/wp\/v2\/posts"}],"about":[{"href":"https:\/\/www.mes-allocs.fr\/guides\/wp-json\/wp\/v2\/types\/post"}],"author":[{"embeddable":true,"href":"https:\/\/www.mes-allocs.fr\/guides\/wp-json\/wp\/v2\/users\/6"}],"replies":[{"embeddable":true,"href":"https:\/\/www.mes-allocs.fr\/guides\/wp-json\/wp\/v2\/comments?post=23812"}],"version-history":[{"count":27,"href":"https:\/\/www.mes-allocs.fr\/guides\/wp-json\/wp\/v2\/posts\/23812\/revisions"}],"predecessor-version":[{"id":111556,"href":"https:\/\/www.mes-allocs.fr\/guides\/wp-json\/wp\/v2\/posts\/23812\/revisions\/111556"}],"wp:featuredmedia":[{"embeddable":true,"href":"https:\/\/www.mes-allocs.fr\/guides\/wp-json\/wp\/v2\/media\/23818"}],"wp:attachment":[{"href":"https:\/\/www.mes-allocs.fr\/guides\/wp-json\/wp\/v2\/media?parent=23812"}],"wp:term":[{"taxonomy":"category","embeddable":true,"href":"https:\/\/www.mes-allocs.fr\/guides\/wp-json\/wp\/v2\/categories?post=23812"},{"taxonomy":"post_tag","embeddable":true,"href":"https:\/\/www.mes-allocs.fr\/guides\/wp-json\/wp\/v2\/tags?post=23812"}],"curies":[{"name":"wp","href":"https:\/\/api.w.org\/{rel}","templated":true}]}}