{"id":23797,"date":"2021-04-02T09:56:18","date_gmt":"2021-04-02T09:56:18","guid":{"rendered":"https:\/\/www.mes-allocs.fr\/guides\/?p=23797"},"modified":"2026-04-03T14:37:43","modified_gmt":"2026-04-03T13:37:43","slug":"aide-transport-rsa","status":"publish","type":"post","link":"https:\/\/www.mes-allocs.fr\/guides\/rsa\/aide-transport-rsa\/","title":{"rendered":"Quelles sont les aides au transport disponibles pour les b\u00e9n\u00e9ficiaires du RSA en 2026 ?"},"content":{"rendered":"<p><img loading=\"lazy\" decoding=\"async\" class=\"aligncenter wp-image-23801\" src=\"https:\/\/www.mes-allocs.fr\/guides\/wp-content\/uploads\/2021\/03\/bus--e1617101814685.jpg\" alt=\"transport et rsa\" width=\"1200\" height=\"402\" srcset=\"https:\/\/www.mes-allocs.fr\/guides\/wp-content\/uploads\/2021\/03\/bus--e1617101814685.jpg 1000w, https:\/\/www.mes-allocs.fr\/guides\/wp-content\/uploads\/2021\/03\/bus--e1617101814685-300x101.jpg 300w, https:\/\/www.mes-allocs.fr\/guides\/wp-content\/uploads\/2021\/03\/bus--e1617101814685-768x257.jpg 768w, https:\/\/www.mes-allocs.fr\/guides\/wp-content\/uploads\/2021\/03\/bus--e1617101814685-600x201.jpg 600w\" sizes=\"auto, (max-width: 1200px) 100vw, 1200px\" \/><\/p>\n<p style=\"text-align: justify;\">[Mis \u00e0 jour le 03\/04\/2026] Lorsqu&rsquo;on b\u00e9n\u00e9ficie du <a href=\"https:\/\/www.mes-allocs.fr\/guides\/rsa\">RSA<\/a>, les d\u00e9penses li\u00e9es au transport peuvent \u00eatre assez cons\u00e9quentes. Le fait de percevoir un faible revenu n&rsquo;aide pas r\u00e9ellement dans cette situation. Dans cet article, nous allons voir quelles sont les r\u00e9ductions disponibles pour les b\u00e9n\u00e9ficiaires du RSA en 2026.<\/p>\n<div class='cta-block'><div class='text'>Simulez vos aides en 2 min.<\/div><a href='https:\/\/www.mes-allocs.fr\/ab-app?origin=guides\/wp-json\/wp\/v2\/posts\/23797' class='app-button fit'>Simulation gratuite<\/a><\/div>\n<h1 style=\"text-align: justify;\">Petit rappel sur le RSA<\/h1>\n<h2 style=\"text-align: justify;\">D\u00e9finition<\/h2>\n<p style=\"text-align: justify;\">Le Revenu de Solidarit\u00e9 Active (RSA) est une prestation de nature financi\u00e8re qui est vers\u00e9e par la Caisse d&rsquo; Allocations Familiales. Elle permet aux personnes ayant un faible revenu ou n&rsquo;ayant pas de revenu de b\u00e9n\u00e9ficier d&rsquo;un compl\u00e9ment qui lui garantira un revenu minimal pour vivre.<\/p>\n<p style=\"text-align: justify;\">Au niveau de la gestion, c&rsquo;est le conseil d\u00e9partemental de votre d\u00e9partement qui s&rsquo;en charge. Le RSA est vers\u00e9 par la CAF ou la Mutualit\u00e9 Sociale Agricole (MSA). En contrepartie de cette somme vers\u00e9e aux allocataires, ils ont une obligation de chercher une activit\u00e9 professionnelle.<\/p>\n<p><iframe loading=\"lazy\" title=\"Tout savoir sur le RSA !\" width=\"500\" height=\"281\" src=\"https:\/\/www.youtube.com\/embed\/JkfjfSBf7VE?feature=oembed\" frameborder=\"0\" allow=\"accelerometer; autoplay; clipboard-write; encrypted-media; gyroscope; picture-in-picture; web-share\" referrerpolicy=\"strict-origin-when-cross-origin\" allowfullscreen><\/iframe><\/p>\n<p style=\"text-align: justify;\">Cette activit\u00e9 professionnelle peut correspondre \u00e0 la recherche d&rsquo;un emploi, \u00e0 une formation ou un stage. Le RSA, dans le cadre des politique sociales en France s&rsquo;inscrit dans les aides solidaires.<\/p>\n<p style=\"text-align: justify;\">Le RSA a quelque peu \u00e9volu\u00e9. La prime d&rsquo;activit\u00e9 remplace le RSA activit\u00e9 et la prime pour l&#8217;emploi depuis janvier 2016.\u00a0Ce qu&rsquo;il reste du RSA, c&rsquo;est le \u00ab\u00a0RSA socle\u00a0\u00bb qui \u00e9tait la deuxi\u00e8me composante du RSA jusqu&rsquo;en 2016.\u00a0<sup id=\"cite_ref-4\" class=\"reference\"><\/sup><\/p>\n<p style=\"text-align: justify;\"><div class='cta-block'><div class='text'>Simulez vos aides en 2 min.<\/div><a href='https:\/\/www.mes-allocs.fr\/ab-app?origin=guides\/wp-json\/wp\/v2\/posts\/23797' class='app-button fit'>Simulation gratuite<\/a><\/div><\/p>\n<h2 style=\"text-align: justify;\">Conditions d&rsquo;attribution<\/h2>\n<p style=\"text-align: justify;\">Comme pour toutes les aides sociales de la CAF, elles sont attribu\u00e9es selon certaines conditions. Premi\u00e8rement, les b\u00e9n\u00e9ficiaires du RSA doivent \u00eatre \u00e2g\u00e9s de plus de 25 ans. Une d\u00e9rogation est faite si vous \u00eates enceintes ou que vous avez un enfant \u00e0 charge.<\/p>\n<p style=\"text-align: justify;\">Si vous avez entre 18 et 25 ans, vous pouvez aussi en b\u00e9n\u00e9ficier. Seulement il faut que sur les trois derni\u00e8res ann\u00e9es, vous ayez exerc\u00e9 une activit\u00e9 \u00e0 plein temps sur deux ans minimums. Cette sp\u00e9cificit\u00e9 est nomm\u00e9e le RSA Jeune.<\/p>\n<p style=\"text-align: justify;\">Au-del\u00e0 de ces sp\u00e9cialit\u00e9s, voici les conditions d&rsquo;attribution :<\/p>\n<ul style=\"text-align: justify;\">\n<li class=\"amp-wp-7d27179\" data-amp-original-style=\"text-align: justify;\"><span class=\"amp-wp-fe3f5cc\" data-amp-original-style=\"font-weight: 400;\">Vous habitez en France de fa\u00e7on stable, plus de 9 mois par an<\/span><\/li>\n<li class=\"amp-wp-7d27179\" data-amp-original-style=\"text-align: justify;\"><span class=\"amp-wp-fe3f5cc\" data-amp-original-style=\"font-weight: 400;\">Vous \u00eates fran\u00e7ais, citoyen de l\u2019Espace \u00c9conomique Europ\u00e9en (EEE), suisse tout en vous justifiant d\u2019un droit de s\u00e9jour, ou enfin vous \u00eates ressortissant d\u2019un autre pays et vous r\u00e9sidez en France depuis 5 ans\u00a0<\/span><\/li>\n<li class=\"amp-wp-7d27179\" data-amp-original-style=\"text-align: justify;\"><span class=\"amp-wp-fe3f5cc\" data-amp-original-style=\"font-weight: 400;\">Les ressources mensuelles moyennes de votre foyer pendant les 3 mois qui pr\u00e9c\u00e8dent votre demande ne doivent pas d\u00e9passer un certain seuil (voir le montant plus bas).\u00a0<\/span><\/li>\n<li class=\"amp-wp-7d27179\" data-amp-original-style=\"text-align: justify;\"><span class=\"amp-wp-fe3f5cc\" data-amp-original-style=\"font-weight: 400;\">Vous devez avoir fait valoir vos droits concernant toute autre prestation sociale (comme l\u2019allocation ch\u00f4mage, la retraite) \u00e0 laquelle vous pouvez pr\u00e9tendre. Autrement dit, vous ne pouvez percevoir le RSA que si vous n\u2019avez pas ou plus le droit \u00e0 une autre aide, par exemple \u00e0 la fin de votre p\u00e9riode d\u2019indemnisation de ch\u00f4mage.<\/span><\/li>\n<\/ul>\n<p>Depuis 2025, les b\u00e9n\u00e9ficiaires du RSA doivent d\u00e9sormais r\u00e9aliser entre <strong>15 et 20 heures d&rsquo;activit\u00e9s par semaine<\/strong>, ce qui peut inclure la recherche d&#8217;emploi ou des formations. De plus, le montant du RSA est d\u00e9sormais index\u00e9 sur l&rsquo;\u00e9volution des prix \u00e0 la consommation, ce qui permet une revalorisation annuelle afin de mieux soutenir les m\u00e9nages face \u00e0 l&rsquo;inflation.<\/p>\n<p style=\"text-align: justify;\"><div class='cta-block'><div class='text'>Simulez vos aides en 2 min.<\/div><a href='https:\/\/www.mes-allocs.fr\/ab-app?origin=guides\/wp-json\/wp\/v2\/posts\/23797' class='app-button fit'>Simulation gratuite<\/a><\/div><\/p>\n<h2 style=\"text-align: justify;\">Montant du RSA<\/h2>\n<p class=\"amp-wp-7d27179\" style=\"text-align: justify;\" data-amp-original-style=\"text-align: justify;\"><span class=\"amp-wp-fe3f5cc\" data-amp-original-style=\"font-weight: 400;\">Le montant du RSA est variable d&rsquo;une personne \u00e0 une autre. Il est calcul\u00e9 selon vos ressources. Dans les faits, le RSA est en r\u00e9alit\u00e9 <\/span>la diff\u00e9rence entre le montant maximum du RSA et vos revenus moyens des 3 derniers mois pr\u00e9c\u00e9dant votre demande<span class=\"amp-wp-fe3f5cc\" data-amp-original-style=\"font-weight: 400;\">, incluant les prestations familiales. Attention, certaines prestations familiales ne sont pas prises en compte dans le calcul. <\/span><\/p>\n<p class=\"amp-wp-7d27179\" style=\"text-align: justify;\" data-amp-original-style=\"text-align: justify;\"><span class=\"amp-wp-fe3f5cc\" data-amp-original-style=\"font-weight: 400;\">L\u2019aide ne sera pas per\u00e7ue si elles se r\u00e9v\u00e8le \u00eatre inf\u00e9rieure \u00e0 6\u00ad \u20ac par mois. Dans le d\u00e9tail, voici le montant du RSA en moyenne et selon les situations :<\/span><\/p>\n<p style=\"text-align: justify;\"><span style=\"font-weight: 400;\">Le RSA <strong>pour une personne seule<\/strong> (montant mensuel) :<\/span><\/p>\n\n<div class=\"wpdt-c row wpDataTableContainerSimpleTable wpDataTables wpDataTablesWrapper\n\"\n    >\n    <table id=\"wpdtSimpleTable-3\"\n           class=\"wpdtSimpleTable wpDataTable\"\n           data-column=\"2\"\n           data-rows=\"5\"\n           data-wpID=\"3\"\n           data-responsive=\"0\"\n           data-has-header=\"1\">\n\n                    <thead>        <tr class=\"wpdt-cell-row \" >\n                            <th class=\"wpdt-cell wpdt-bc-F3F9FE wpdt-bold\"\n                                    data-cell-id=\"A1\"\n                data-col-index=\"0\"\n                data-row-index=\"0\"\n                style=\" width:48.571428571429%;                padding:10px;\"\n                >\n                                Situation familiale                <\/th>\n                                            <th class=\"wpdt-cell wpdt-bc-F3F9FE wpdt-bold\"\n                                    data-cell-id=\"B1\"\n                data-col-index=\"1\"\n                data-row-index=\"0\"\n                style=\" width:51.428571428571%;                padding:10px;\"\n                >\n                                Montant pour une personne seule avant d\u00e9duction du forfait logement                <\/th>\n                                        <\/tr>\n                    <tbody>        <tr class=\"wpdt-cell-row \" >\n                            <td class=\"wpdt-cell \"\n                                    data-cell-id=\"A2\"\n                data-col-index=\"0\"\n                data-row-index=\"1\"\n                style=\"                padding:10px;\"\n                >\n                                Personne seule sans enfant                <\/td>\n                                            <td class=\"wpdt-cell \"\n                                    data-cell-id=\"B2\"\n                data-col-index=\"1\"\n                data-row-index=\"1\"\n                style=\"                padding:10px;\"\n                >\n                                651,69 \u20ac                <\/td>\n                                        <\/tr>\n                            <tr class=\"wpdt-cell-row \" >\n                            <td class=\"wpdt-cell \"\n                                    data-cell-id=\"A3\"\n                data-col-index=\"0\"\n                data-row-index=\"2\"\n                style=\"                padding:10px;\"\n                >\n                                Personne seule avec 1 enfant                <\/td>\n                                            <td class=\"wpdt-cell \"\n                                    data-cell-id=\"B3\"\n                data-col-index=\"1\"\n                data-row-index=\"2\"\n                style=\"                padding:10px;\"\n                >\n                                977,54 \u20ac                <\/td>\n                                        <\/tr>\n                            <tr class=\"wpdt-cell-row \" >\n                            <td class=\"wpdt-cell \"\n                                    data-cell-id=\"A4\"\n                data-col-index=\"0\"\n                data-row-index=\"3\"\n                style=\"                padding:10px;\"\n                >\n                                Personne seule avec 2 enfants                <\/td>\n                                            <td class=\"wpdt-cell \"\n                                    data-cell-id=\"B4\"\n                data-col-index=\"1\"\n                data-row-index=\"3\"\n                style=\"                padding:10px;\"\n                >\n                                1 173,05 \u20ac                <\/td>\n                                        <\/tr>\n                            <tr class=\"wpdt-cell-row \" >\n                            <td class=\"wpdt-cell \"\n                                    data-cell-id=\"A5\"\n                data-col-index=\"0\"\n                data-row-index=\"4\"\n                style=\"                padding:10px;\"\n                >\n                                Par enfant suppl\u00e9mentaire                <\/td>\n                                            <td class=\"wpdt-cell \"\n                                    data-cell-id=\"B5\"\n                data-col-index=\"1\"\n                data-row-index=\"4\"\n                style=\"                padding:10px;\"\n                >\n                                + 260,68 \u20ac                <\/td>\n                                        <\/tr>\n                    <\/table>\n<\/div><style id='wpdt-custom-style-3'>\ntable#wpdtSimpleTable-3{ table-layout: fixed !important; }\n.wpdt-bc-F3F9FE { background-color: #F3F9FE !important;}\n<\/style>\n\n<p style=\"text-align: justify;\"><span style=\"font-weight: 400;\">Le RSA <strong>pour un couple<\/strong> (montant mensuel) :<\/span><\/p>\n\n<div class=\"wpdt-c row wpDataTableContainerSimpleTable wpDataTables wpDataTablesWrapper\n\"\n    >\n    <table id=\"wpdtSimpleTable-4\"\n           class=\"wpdtSimpleTable wpDataTable\"\n           data-column=\"2\"\n           data-rows=\"5\"\n           data-wpID=\"4\"\n           data-responsive=\"0\"\n           data-has-header=\"1\">\n\n                    <thead>        <tr class=\"wpdt-cell-row \" >\n                            <th class=\"wpdt-cell wpdt-bc-F3F9FE wpdt-bold\"\n                                    data-cell-id=\"A1\"\n                data-col-index=\"0\"\n                data-row-index=\"0\"\n                style=\" width:48.571428571429%;                padding:10px;\"\n                >\n                                Situation familiale                <\/th>\n                                            <th class=\"wpdt-cell wpdt-bc-F3F9FE wpdt-bold\"\n                                    data-cell-id=\"B1\"\n                data-col-index=\"1\"\n                data-row-index=\"0\"\n                style=\" width:51.428571428571%;                padding:10px;\"\n                >\n                                Montant pour un couple avant d\u00e9duction du forfait logement                <\/th>\n                                        <\/tr>\n                    <tbody>        <tr class=\"wpdt-cell-row \" >\n                            <td class=\"wpdt-cell \"\n                                    data-cell-id=\"A2\"\n                data-col-index=\"0\"\n                data-row-index=\"1\"\n                style=\"                padding:10px;\"\n                >\n                                Couple sans enfant                <\/td>\n                                            <td class=\"wpdt-cell \"\n                                    data-cell-id=\"B2\"\n                data-col-index=\"1\"\n                data-row-index=\"1\"\n                style=\"                padding:10px;\"\n                >\n                                977,54 \u20ac                <\/td>\n                                        <\/tr>\n                            <tr class=\"wpdt-cell-row \" >\n                            <td class=\"wpdt-cell \"\n                                    data-cell-id=\"A3\"\n                data-col-index=\"0\"\n                data-row-index=\"2\"\n                style=\"                padding:10px;\"\n                >\n                                Couple avec 1 enfant                <\/td>\n                                            <td class=\"wpdt-cell \"\n                                    data-cell-id=\"B3\"\n                data-col-index=\"1\"\n                data-row-index=\"2\"\n                style=\"                padding:10px;\"\n                >\n                                1 173,05 \u20ac                <\/td>\n                                        <\/tr>\n                            <tr class=\"wpdt-cell-row \" >\n                            <td class=\"wpdt-cell \"\n                                    data-cell-id=\"A4\"\n                data-col-index=\"0\"\n                data-row-index=\"3\"\n                style=\"                padding:10px;\"\n                >\n                                Couple avec 2 enfants                <\/td>\n                                            <td class=\"wpdt-cell \"\n                                    data-cell-id=\"B4\"\n                data-col-index=\"1\"\n                data-row-index=\"3\"\n                style=\"                padding:10px;\"\n                >\n                                1 368,56 \u20ac                <\/td>\n                                        <\/tr>\n                            <tr class=\"wpdt-cell-row \" >\n                            <td class=\"wpdt-cell \"\n                                    data-cell-id=\"A5\"\n                data-col-index=\"0\"\n                data-row-index=\"4\"\n                style=\"                padding:10px;\"\n                >\n                                Par enfant suppl\u00e9mentaire                <\/td>\n                                            <td class=\"wpdt-cell \"\n                                    data-cell-id=\"B5\"\n                data-col-index=\"1\"\n                data-row-index=\"4\"\n                style=\"                padding:10px;\"\n                >\n                                + 260,68 \u20ac                <\/td>\n                                        <\/tr>\n                    <\/table>\n<\/div><style id='wpdt-custom-style-4'>\ntable#wpdtSimpleTable-4{ table-layout: fixed !important; }\ntable#wpdtSimpleTable-4 td, table.wpdtSimpleTable4 th { white-space: normal !important; }\n.wpdt-bc-F3F9FE { background-color: #F3F9FE !important;}\n<\/style>\n\n<p data-amp-original-style=\"text-align: justify;\">Depuis <strong data-start=\"7\" data-end=\"26\">mars 2025<\/strong>, la <strong data-start=\"277\" data-end=\"321\">d\u00e9claration trimestrielle est simplifi\u00e9e<\/strong> gr\u00e2ce \u00e0 un <strong data-start=\"333\" data-end=\"358\">formulaire pr\u00e9-rempli<\/strong>, int\u00e9grant automatiquement certains revenus avec la possibilit\u00e9 de corrections. Par ailleurs, les <strong data-start=\"457\" data-end=\"495\">p\u00e9riodes de d\u00e9claration ont chang\u00e9<\/strong>: depuis mars, il faut d\u00e9clarer les revenus de <strong data-start=\"543\" data-end=\"576\">novembre, d\u00e9cembre et janvier<\/strong>, au lieu de <strong data-start=\"589\" data-end=\"621\">d\u00e9cembre, janvier et f\u00e9vrier <\/strong>auparavant. Cette modification vise \u00e0 <strong data-start=\"660\" data-end=\"723\">r\u00e9duire les erreurs et acc\u00e9l\u00e9rer le traitement des dossiers <\/strong>pour un versement plus fluide.<\/p>\n<p style=\"text-align: justify;\"><div class='cta-block'><div class='text'>Simulez vos aides en 2 min.<\/div><a href='https:\/\/www.mes-allocs.fr\/ab-app?origin=guides\/wp-json\/wp\/v2\/posts\/23797' class='app-button fit'>Simulation gratuite<\/a><\/div><\/p>\n<h1 style=\"text-align: justify;\">Quelles sont les aides disponibles ?<\/h1>\n<p style=\"text-align: justify;\" data-amp-original-style=\"text-align: justify;\">L&rsquo;aide au transport est un terme qui d\u00e9signe l&rsquo;ensemble des dispositifs mis en place pour une cat\u00e9gorie de personne. Il vise \u00e0 couvrir certains frais de d\u00e9placement car ces derniers peuvent repr\u00e9senter un co\u00fbt assez cons\u00e9quent. Ces aides peuvent concerner diff\u00e9rentes cat\u00e9gories de personne que \u00e7a soit les travailleurs, les demandeurs d&#8217;emploi inscrits au P\u00f4le Emploi ainsi que les \u00e9tudiants.<\/p>\n<p class=\"amp-wp-7d27179\" style=\"text-align: justify;\" data-amp-original-style=\"text-align: justify;\">En ce qui concerne les transports en commun, on peut voir que l\u2019aide n\u2019est pas h\u00e9t\u00e9rog\u00e8ne sur l\u2019ensemble du territoire. En effet, certains d\u00e9partements ou r\u00e9gions proposent des aides applicables uniquement dans leurs limites administratives.<\/p>\n<h2 style=\"text-align: justify;\"><span id=\"Le_forfait_Gratuite_Transport\">Le forfait \u201cGratuit\u00e9 Transport\u201d<\/span><\/h2>\n<p class=\"amp-wp-7d27179\" style=\"text-align: justify;\" data-amp-original-style=\"text-align: justify;\">Ce forfait est r\u00e9serv\u00e9 aux b\u00e9n\u00e9ficiaires du RSA (Revenu de Solidarit\u00e9 Actif) et de la Compl\u00e9mentaire Sant\u00e9 Solidaire (CSS). Ce titre de transport sp\u00e9cial permet de voyager gratuitement sur le r\u00e9seau de la RATP et de la SNCF. Pour se faire, il faut remplir ces deux conditions:<\/p>\n<ul style=\"text-align: justify;\">\n<li>Votre code postal doit se situer en \u00cele-de-France<\/li>\n<li>Percevoir l\u2019allocation de solidarit\u00e9 sp\u00e9cifique<\/li>\n<\/ul>\n<p class=\"amp-wp-7d27179\" style=\"text-align: justify;\" data-amp-original-style=\"text-align: justify;\">Ce dispositif est uniquement d\u00e9livr\u00e9 via le Pass Navigo sous forme de plafond. De fait, on ne peut cumuler cette offre sur le Pass Navigo avec d\u2019autres offres existantes.<\/p>\n<p class=\"amp-wp-7d27179\" style=\"text-align: justify;\" data-amp-original-style=\"text-align: justify;\">Cette aide \u00e0 la mobilit\u00e9 est valable trois mois. Lorsque l\u2019offre est expir\u00e9, elle peut \u00eatre renouvelable sous pr\u00e9sentation de pi\u00e8ces justificatives. Ce forfait gratuit\u00e9 est d\u00e9livr\u00e9 par le service \u00cele-de-France Mobilit\u00e9s.<\/p>\n<p style=\"text-align: justify;\">Pour faire la demande, il faut se rendre aupr\u00e8s de l&rsquo; Agence Solidarit\u00e9 Transport.<\/p>\n<h2 style=\"text-align: justify;\"><span id=\"La_reduction_Solidarite_Transport\">La r\u00e9duction \u201cSolidarit\u00e9 Transport\u201d<\/span><\/h2>\n<p style=\"text-align: justify;\">Les personnes titulaires de l\u2019allocation de solidarit\u00e9 sp\u00e9cifique mais pas de la Compl\u00e9mentaire Sant\u00e9 Solidaire sont \u00e9ligibles \u00e0 cette tarification solidarit\u00e9 Transport. Les demandeurs d\u2019emploi peuvent b\u00e9n\u00e9ficier de 75% de r\u00e9duction sur les abonnement hebdomadaires ou mensuels de leur carte Navigo ainsi que de 50% sur les carnets de billets. Ces tarifs r\u00e9duits sont disponibles sur le r\u00e9seau de la SNCF et de la RATP.<\/p>\n<h2 style=\"text-align: justify;\"><span id=\"Les_autres_aides_en_region\">Les autres aides en r\u00e9gion<\/span><\/h2>\n<p style=\"text-align: justify;\">En Provence-Alpes-C\u00f4te-D\u2019azur, le conseil r\u00e9gional a mis en place une carte qui inclut la prise en charge de leurs frais de d\u00e9placement. Elle se nomme la carte Zou ! Pour l\u2019obtenir, il faut se rendre en guichet ou t\u00e9l\u00e9charger un formulaire sur le site de la r\u00e9gion. Cette carte est valable un an.<\/p>\n<p style=\"text-align: justify;\">Dans le Bas-Rhin, la compagnie de transport permet aux ch\u00f4meurs et aux allocataires du RSA de voyager gratuitement sur l\u2019ensemble du r\u00e9seau (TER, bus et tramways). Cette offre est accord\u00e9 sans conditions de ressources au pr\u00e9alable et est effective pendant 6 mois.<\/p>\n<div class='cta-block'><div class='text'>Simulez vos aides en 2 min.<\/div><a href='https:\/\/www.mes-allocs.fr\/ab-app?origin=guides\/wp-json\/wp\/v2\/posts\/23797' class='app-button fit'>Simulation gratuite<\/a><\/div>\n","protected":false},"excerpt":{"rendered":"<p>[Mis \u00e0 jour le 03\/04\/2026] Lorsqu&rsquo;on b\u00e9n\u00e9ficie du RSA, les d\u00e9penses li\u00e9es au transport peuvent \u00eatre assez cons\u00e9quentes. Le fait de percevoir un faible revenu n&rsquo;aide pas r\u00e9ellement dans cette situation. Dans cet article, nous allons voir quelles sont les r\u00e9ductions disponibles pour les b\u00e9n\u00e9ficiaires du RSA en 2026. Petit rappel sur le RSA D\u00e9finition [&hellip;]<\/p>\n","protected":false},"author":6,"featured_media":23801,"comment_status":"open","ping_status":"open","sticky":false,"template":"","format":"standard","meta":{"amp_status":"","footnotes":""},"categories":[14],"tags":[],"class_list":["post-23797","post","type-post","status-publish","format-standard","has-post-thumbnail","hentry","category-rsa"],"yoast_head":"<!-- This site is optimized with the Yoast SEO plugin v14.9 - https:\/\/yoast.com\/wordpress\/plugins\/seo\/ -->\n<title>Aides au transport pour les b\u00e9n\u00e9ficiaires du RSA : comment en profiter ?<\/title>\n<meta name=\"description\" content=\"Si vous avez le RSA vous pouvez b\u00e9n\u00e9ficier d&#039;aides \u00e0 la mobilit\u00e9. Mes Allocs vous explique les aides auxquelles vous avez droit en 2026.\" \/>\n<meta name=\"robots\" content=\"index, follow, max-snippet:-1, max-image-preview:large, max-video-preview:-1\" \/>\n<link rel=\"canonical\" href=\"https:\/\/www.mes-allocs.fr\/guides\/rsa\/aide-transport-rsa\/\" \/>\n<meta property=\"og:locale\" content=\"fr_FR\" \/>\n<meta property=\"og:type\" content=\"article\" \/>\n<meta property=\"og:title\" content=\"Aides au transport pour les b\u00e9n\u00e9ficiaires du RSA : comment en profiter ?\" \/>\n<meta property=\"og:description\" content=\"Si vous avez le RSA vous pouvez b\u00e9n\u00e9ficier d&#039;aides \u00e0 la mobilit\u00e9. Mes Allocs vous explique les aides auxquelles vous avez droit en 2026.\" \/>\n<meta property=\"og:url\" content=\"https:\/\/www.mes-allocs.fr\/guides\/rsa\/aide-transport-rsa\/\" \/>\n<meta property=\"og:site_name\" content=\"Mes-Allocs.fr\" \/>\n<meta property=\"article:published_time\" content=\"2021-04-02T09:56:18+00:00\" \/>\n<meta property=\"article:modified_time\" content=\"2026-04-03T13:37:43+00:00\" \/>\n<meta property=\"og:image\" content=\"https:\/\/www.mes-allocs.fr\/guides\/wp-content\/uploads\/2021\/03\/bus--e1617101814685.jpg?wsr\" \/>\n\t<meta property=\"og:image:width\" content=\"1000\" \/>\n\t<meta property=\"og:image:height\" content=\"335\" \/>\n<meta name=\"twitter:card\" content=\"summary_large_image\" \/>\n<script type=\"application\/ld+json\" class=\"yoast-schema-graph\">{\"@context\":\"https:\/\/schema.org\",\"@graph\":[{\"@type\":\"WebSite\",\"@id\":\"https:\/\/www.mes-allocs.fr\/guides\/#website\",\"url\":\"https:\/\/www.mes-allocs.fr\/guides\/\",\"name\":\"Mes-Allocs.fr\",\"description\":\"\",\"potentialAction\":[{\"@type\":\"SearchAction\",\"target\":\"https:\/\/www.mes-allocs.fr\/guides\/?s={search_term_string}\",\"query-input\":\"required name=search_term_string\"}],\"inLanguage\":\"fr-FR\"},{\"@type\":\"ImageObject\",\"@id\":\"https:\/\/www.mes-allocs.fr\/guides\/rsa\/aide-transport-rsa\/#primaryimage\",\"inLanguage\":\"fr-FR\",\"url\":\"https:\/\/www.mes-allocs.fr\/guides\/wp-content\/uploads\/2021\/03\/bus--e1617101814685.jpg?wsr\",\"width\":1000,\"height\":335,\"caption\":\"transport et rsa\"},{\"@type\":\"WebPage\",\"@id\":\"https:\/\/www.mes-allocs.fr\/guides\/rsa\/aide-transport-rsa\/#webpage\",\"url\":\"https:\/\/www.mes-allocs.fr\/guides\/rsa\/aide-transport-rsa\/\",\"name\":\"Aides au transport pour les b\\u00e9n\\u00e9ficiaires du RSA : comment en profiter ?\",\"isPartOf\":{\"@id\":\"https:\/\/www.mes-allocs.fr\/guides\/#website\"},\"primaryImageOfPage\":{\"@id\":\"https:\/\/www.mes-allocs.fr\/guides\/rsa\/aide-transport-rsa\/#primaryimage\"},\"datePublished\":\"2021-04-02T09:56:18+00:00\",\"dateModified\":\"2026-04-03T13:37:43+00:00\",\"author\":{\"@id\":\"https:\/\/www.mes-allocs.fr\/guides\/#\/schema\/person\/0ecd61a8600573914d00d970a588c024\"},\"description\":\"Si vous avez le RSA vous pouvez b\\u00e9n\\u00e9ficier d'aides \\u00e0 la mobilit\\u00e9. Mes Allocs vous explique les aides auxquelles vous avez droit en 2026.\",\"inLanguage\":\"fr-FR\"},{\"@type\":\"Person\",\"@id\":\"https:\/\/www.mes-allocs.fr\/guides\/#\/schema\/person\/0ecd61a8600573914d00d970a588c024\",\"name\":\"Jonathan\",\"image\":{\"@type\":\"ImageObject\",\"@id\":\"https:\/\/www.mes-allocs.fr\/guides\/#personlogo\",\"inLanguage\":\"fr-FR\",\"url\":\"https:\/\/www.mes-allocs.fr\/guides\/wp-content\/uploads\/2021\/06\/jonathan-150x150.png\",\"caption\":\"Jonathan\"},\"description\":\"Jonathan est r\\u00e9dacteur au sein de l'\\u00e9quipe Mes Allocs, sp\\u00e9cialis\\u00e9 sur les sujets li\\u00e9s au handicap. Dipl\\u00f4m\\u00e9e de l'UPEM, il rejoint Mes Allocs apr\\u00e8s avoir travaill\\u00e9 \\u00e0 l'association AEDE qui accompagne les adultes en situation de handicap. Quand il n'\\u00e9crit pas, on peut le retrouver sur un terrain de basket.\",\"sameAs\":[\"https:\/\/www.linkedin.com\/in\/jonathan-bambela-8637861b7\"]}]}<\/script>\n<!-- \/ Yoast SEO plugin. -->","amp_validity":null,"acf":{"faq":{"1":{"question":"Les aides au transport sont-elles cumulables ? ","answer":"Oui, la plupart des aides au transport sont cumulables. "},"2":{"question":"Les aides varient-elles d'une r\u00e9gion \u00e0 une autre ? ","answer":"Oui absolument. Les offres de transport s'adaptent aux infrastructures pr\u00e9sentes sur la r\u00e9gion. "},"3":{"question":"Quand s'effectue le versement du RSA ?","answer":"Le versement du RSA s'effectue le 5 de chaque mois. "},"4":{"question":"Le montant du RSA varie-t-il ? ","answer":"Oui, il varie selon les ressources de votre foyer et le nombre de personnes \u00e0 charge. "},"5":{"question":"Existe-t-il des contr\u00f4les du RSA ? ","answer":"Bien s\u00fbr. A partir du moment o\u00f9 vous \u00eates allocataires, vous pouvez \u00eatre soumis \u00e0 des contr\u00f4les. \r\n"},"6":{"question":"Comment avoir les transports gratuits avec le RSA ?","answer":"Pour b\u00e9n\u00e9ficier de transports gratuits avec le RSA, vous devez g\u00e9n\u00e9ralement habiter dans une r\u00e9gion ou un d\u00e9partement qui propose ce dispositif (comme l\u2019\u00cele\u2011de\u2011France, la Haute\u2011Garonne ou le Rh\u00f4ne) et faire la demande aupr\u00e8s de l\u2019agence de transport ou du service social en pr\u00e9sentant votre attestation RSA, une pi\u00e8ce d\u2019identit\u00e9 et un justificatif de domicile."},"7":{"question":"","answer":""},"8":{"question":"","answer":""},"9":{"question":"","answer":""},"10":{"question":"","answer":""},"11":{"question":"","answer":""},"12":{"question":"","answer":""},"13":{"question":"","answer":""},"14":{"question":"","answer":""},"15":{"question":"","answer":""},"16":{"question":"","answer":""}}},"_links":{"self":[{"href":"https:\/\/www.mes-allocs.fr\/guides\/wp-json\/wp\/v2\/posts\/23797","targetHints":{"allow":["GET"]}}],"collection":[{"href":"https:\/\/www.mes-allocs.fr\/guides\/wp-json\/wp\/v2\/posts"}],"about":[{"href":"https:\/\/www.mes-allocs.fr\/guides\/wp-json\/wp\/v2\/types\/post"}],"author":[{"embeddable":true,"href":"https:\/\/www.mes-allocs.fr\/guides\/wp-json\/wp\/v2\/users\/6"}],"replies":[{"embeddable":true,"href":"https:\/\/www.mes-allocs.fr\/guides\/wp-json\/wp\/v2\/comments?post=23797"}],"version-history":[{"count":31,"href":"https:\/\/www.mes-allocs.fr\/guides\/wp-json\/wp\/v2\/posts\/23797\/revisions"}],"predecessor-version":[{"id":111547,"href":"https:\/\/www.mes-allocs.fr\/guides\/wp-json\/wp\/v2\/posts\/23797\/revisions\/111547"}],"wp:featuredmedia":[{"embeddable":true,"href":"https:\/\/www.mes-allocs.fr\/guides\/wp-json\/wp\/v2\/media\/23801"}],"wp:attachment":[{"href":"https:\/\/www.mes-allocs.fr\/guides\/wp-json\/wp\/v2\/media?parent=23797"}],"wp:term":[{"taxonomy":"category","embeddable":true,"href":"https:\/\/www.mes-allocs.fr\/guides\/wp-json\/wp\/v2\/categories?post=23797"},{"taxonomy":"post_tag","embeddable":true,"href":"https:\/\/www.mes-allocs.fr\/guides\/wp-json\/wp\/v2\/tags?post=23797"}],"curies":[{"name":"wp","href":"https:\/\/api.w.org\/{rel}","templated":true}]}}