{"id":23746,"date":"2021-03-31T14:45:57","date_gmt":"2021-03-31T14:45:57","guid":{"rendered":"https:\/\/www.mes-allocs.fr\/guides\/?p=23746"},"modified":"2025-07-18T16:04:56","modified_gmt":"2025-07-18T14:04:56","slug":"bilan-de-competences-amiens","status":"publish","type":"post","link":"https:\/\/www.mes-allocs.fr\/guides\/reconversion-professionnelle\/bilan-de-competences\/ou-faire-un-bilan-de-competences\/bilan-de-competences-amiens\/","title":{"rendered":"Comment faire un bilan de comp\u00e9tences \u00e0 Amiens ?"},"content":{"rendered":"<p><a href=\"https:\/\/www.mes-allocs.fr\/guides\/wp-content\/uploads\/2021\/03\/house-3616382_1280.jpg\"><img loading=\"lazy\" decoding=\"async\" class=\"aligncenter wp-image-23755 size-full\" title=\"bilan de comp\u00e9tences amiens\" src=\"https:\/\/www.mes-allocs.fr\/guides\/wp-content\/uploads\/2021\/03\/house-3616382_1280-e1617094741716.jpg\" alt=\"bilan de comp\u00e9tences amiens\" width=\"1280\" height=\"512\" srcset=\"https:\/\/www.mes-allocs.fr\/guides\/wp-content\/uploads\/2021\/03\/house-3616382_1280-e1617094741716.jpg 1280w, https:\/\/www.mes-allocs.fr\/guides\/wp-content\/uploads\/2021\/03\/house-3616382_1280-e1617094741716-300x120.jpg 300w, https:\/\/www.mes-allocs.fr\/guides\/wp-content\/uploads\/2021\/03\/house-3616382_1280-e1617094741716-1024x410.jpg 1024w, https:\/\/www.mes-allocs.fr\/guides\/wp-content\/uploads\/2021\/03\/house-3616382_1280-e1617094741716-768x307.jpg 768w, https:\/\/www.mes-allocs.fr\/guides\/wp-content\/uploads\/2021\/03\/house-3616382_1280-e1617094741716-600x240.jpg 600w\" sizes=\"auto, (max-width: 1280px) 100vw, 1280px\" \/><\/a><\/p>\n<p style=\"text-align: justify;\"><strong>Le bilan de comp\u00e9tences permet de faire un point sur sa carri\u00e8re professionnelle. Il peut \u00eatre r\u00e9alis\u00e9 \u00e0 n&rsquo;importe quel moment de votre parcours professionnel, soit dans le cadre d&rsquo;une \u00e9volution de poste, soit dans le cadre d&rsquo;une <a href=\"https:\/\/www.mes-allocs.fr\/guides\/reconversion-professionnelle\/\">reconversion professionnelle<\/a>. Mes Allocs vous explique en d\u00e9tail comment proc\u00e9der \u00e0 un bilan de comp\u00e9tences \u00e0 Amiens.<\/strong><\/p>\n<div class='cta-block'><div class='text'>Bilan de comp\u00e9tences pay\u00e9 par vos aides.<\/div><a href='https:\/\/www.formademia.fr\/formulaire\/coaching' class='app-button fit'>V\u00e9rifier votre \u00e9ligibilit\u00e9<\/a><\/div>\n<h1>Qu&rsquo;est-ce que le bilan de comp\u00e9tences ?<\/h1>\n<p>Le <a href=\"https:\/\/www.mes-allocs.fr\/guides\/reconversion-professionnelle\/bilan-de-competences\/\">bilan de comp\u00e9tences<\/a> peut \u00eatre r\u00e9alis\u00e9 par un salari\u00e9 en CDD, CDI, un demandeur d&#8217;emploi. Cela permet de faire un point sur sa carri\u00e8re professionnelle, et ses motivations. Souvent r\u00e9aliser dans le cadre d&rsquo;une \u00e9volution professionnelle, ou bien d&rsquo;un projet professionnel dans le cadre d&rsquo;une reconversion. Il est \u00e0 r\u00e9aliser dans un <a href=\"https:\/\/www.mes-allocs.fr\/guides\/reconversion-professionnelle\/bilan-de-competences\/ou-faire-un-bilan-de-competences\/\">centre de bilan agr\u00e9\u00e9<\/a>.<\/p>\n<p>En tant que salari\u00e9, si vous souhaitez r\u00e9aliser un bilan pendant votre temps de travail. Vous devrez demander aupr\u00e8s des ressources humaines de votre entreprise un cong\u00e9 sp\u00e9cifique de bilan de comp\u00e9tences. Vous ne perdrez pas votre r\u00e9mun\u00e9ration pendant ce temps.<\/p>\n<p>En revanche, si vous souhaitez faire un bilan en dehors de votre temps de travail vous n&rsquo;\u00eates pas oblig\u00e9 d&rsquo;en informer votre employeur.<\/p>\n<p>\u00c0 noter : Les salari\u00e9s de la fonction publique, salari\u00e9s du secteur priv\u00e9 peuvent \u00e9galement r\u00e9aliser un bilan de comp\u00e9tences sans perte de r\u00e9mun\u00e9ration.<\/p>\n<p><iframe loading=\"lazy\" title=\"La reconversion professionnelle\" width=\"500\" height=\"281\" src=\"https:\/\/www.youtube.com\/embed\/EiVUthswxl0?feature=oembed\" frameborder=\"0\" allow=\"accelerometer; autoplay; clipboard-write; encrypted-media; gyroscope; picture-in-picture; web-share\" referrerpolicy=\"strict-origin-when-cross-origin\" allowfullscreen><\/iframe><\/p>\n<h1>Quelles sont les \u00e9tapes du bilan de comp\u00e9tences ?<\/h1>\n<p>Un bilan de comp\u00e9tences est compos\u00e9 de 3 grandes \u00e9tapes. Sa dur\u00e9e maximum est de 24 heures sur plusieurs s\u00e9ances de 2 \u00e0 3 heures.<\/p>\n<div>\n<h2 class=\"fiche-title-1\">Phase pr\u00e9liminaire<\/h2>\n<p>La phase pr\u00e9liminaire a pour objet les actions suivantes\u00a0:<\/p>\n<ul>\n<li>Analyser la demande et le besoin du b\u00e9n\u00e9ficiaire<\/li>\n<li>Analyser vos points forts et vos centres d&rsquo; int\u00e9r\u00eat<\/li>\n<li>D\u00e9terminer le format le plus adapt\u00e9 \u00e0 la situation et au besoin<\/li>\n<li>D\u00e9finir conjointement la proc\u00e9dure de d\u00e9roulement du bilan<\/li>\n<\/ul>\n<\/div>\n<div>\n<h2 class=\"fiche-title-1\">Phase d&rsquo;investigation<\/h2>\n<p>La phase d&rsquo; investigation permet au b\u00e9n\u00e9ficiaire soit de construire son projet pour un nouvel avenir professionnel. Et d&rsquo;en v\u00e9rifier la pertinence, soit d&rsquo;\u00e9laborer une ou plusieurs alternatives.<\/p>\n<\/div>\n<div>\n<h2 class=\"fiche-title-1\">Phase de conclusion<\/h2>\n<p>La phase de conclusion permet au b\u00e9n\u00e9ficiaire, au moyen d&rsquo;entretiens personnalis\u00e9s, d\u2019effectuer les actions suivantes :<\/p>\n<ul>\n<li>S&rsquo;approprier les r\u00e9sultats d\u00e9taill\u00e9s de la phase d&rsquo;investigation<\/li>\n<li>Recenser les conditions et moyens favorisant la r\u00e9alisation du ou des projets professionnels<\/li>\n<li>Pr\u00e9voir les principales \u00e9tapes du ou des projets professionnels. Dont la possibilit\u00e9 de b\u00e9n\u00e9ficier d&rsquo;un entretien de suivi avec le prestataire de bilan de comp\u00e9tences.<\/li>\n<\/ul>\n<p>\u00c0 la fin du programme, le formateur vous remettra un document de synth\u00e8se r\u00e9sumant votre bilan. Mais \u00e9galement vos comp\u00e9tences, ainsi que des pistes pour votre projet de formation.<\/p>\n<\/div>\n<h1>Utilisez votre CPF pour financer votre bilan de comp\u00e9tences \u00e0 Amiens<\/h1>\n<p>Le compte personnel de formation CPF a depuis quelques ann\u00e9es remplac\u00e9 le DIF. Il permet \u00e0 un salari\u00e9, mais \u00e9galement \u00e0 un demandeur d&rsquo; emploi et travailleur ind\u00e9pendant d\u2019acqu\u00e9rir des droits \u00e0 la formation. Et de pouvoir ainsi se former r\u00e9guli\u00e8rement, tout au long de son parcours professionnel.<\/p>\n<p>Vous pouvez utiliser le CPF pendant une p\u00e9riode de ch\u00f4mage par exemple. Dans le cadre d\u2019un contrat de s\u00e9curisation professionnelle (CSP) ou chez votre employeur. Il n\u2019est pas utile d\u2019obtenir l\u2019accord de l\u2019employeur pour mettre en place une formation financ\u00e9e par le CPF. Sauf pour les formations qui seraient effectu\u00e9es sur le temps de travail.<\/p>\n<div class='cta-block'><div class='text'>Bilan de comp\u00e9tences pay\u00e9 par vos aides.<\/div><a href='https:\/\/www.formademia.fr\/formulaire\/coaching' class='app-button fit'>V\u00e9rifier votre \u00e9ligibilit\u00e9<\/a><\/div>\n","protected":false},"excerpt":{"rendered":"<p>Le bilan de comp\u00e9tences permet de faire un point sur sa carri\u00e8re professionnelle. Il peut \u00eatre r\u00e9alis\u00e9 \u00e0 n&rsquo;importe quel moment de votre parcours professionnel, soit dans le cadre d&rsquo;une \u00e9volution de poste, soit dans le cadre d&rsquo;une reconversion professionnelle. Mes Allocs vous explique en d\u00e9tail comment proc\u00e9der \u00e0 un bilan de comp\u00e9tences \u00e0 Amiens. [&hellip;]<\/p>\n","protected":false},"author":9,"featured_media":23755,"comment_status":"open","ping_status":"open","sticky":false,"template":"","format":"standard","meta":{"amp_status":"","footnotes":""},"categories":[5093,5245,5081],"tags":[],"class_list":["post-23746","post","type-post","status-publish","format-standard","has-post-thumbnail","hentry","category-bilan-de-competences","category-ou-faire-un-bilan-de-competences","category-reconversion-professionnelle"],"yoast_head":"<!-- This site is optimized with the Yoast SEO plugin v14.9 - https:\/\/yoast.com\/wordpress\/plugins\/seo\/ -->\n<title>Comment faire un bilan de comp\u00e9tences \u00e0 Amiens ? | Mes-Allocs.fr<\/title>\n<meta name=\"description\" content=\"Le bilan de comp\u00e9tences permet de faire un point sur votre carri\u00e8re. Mes Allocs vous dit tout sur le bilan \u00e0 Amiens !\" \/>\n<meta name=\"robots\" content=\"index, follow, max-snippet:-1, max-image-preview:large, max-video-preview:-1\" \/>\n<link rel=\"canonical\" href=\"https:\/\/www.mes-allocs.fr\/guides\/reconversion-professionnelle\/bilan-de-competences\/ou-faire-un-bilan-de-competences\/bilan-de-competences-amiens\/\" \/>\n<meta property=\"og:locale\" content=\"fr_FR\" \/>\n<meta property=\"og:type\" content=\"article\" \/>\n<meta property=\"og:title\" content=\"Comment faire un bilan de comp\u00e9tences \u00e0 Amiens ? | Mes-Allocs.fr\" \/>\n<meta property=\"og:description\" content=\"Le bilan de comp\u00e9tences permet de faire un point sur votre carri\u00e8re. Mes Allocs vous dit tout sur le bilan \u00e0 Amiens !\" \/>\n<meta property=\"og:url\" content=\"https:\/\/www.mes-allocs.fr\/guides\/reconversion-professionnelle\/bilan-de-competences\/ou-faire-un-bilan-de-competences\/bilan-de-competences-amiens\/\" \/>\n<meta property=\"og:site_name\" content=\"Mes-Allocs.fr\" \/>\n<meta property=\"article:published_time\" content=\"2021-03-31T14:45:57+00:00\" \/>\n<meta property=\"article:modified_time\" content=\"2025-07-18T14:04:56+00:00\" \/>\n<meta property=\"og:image\" content=\"https:\/\/www.mes-allocs.fr\/guides\/wp-content\/uploads\/2021\/03\/house-3616382_1280-e1617094741716.jpg?wsr\" \/>\n\t<meta property=\"og:image:width\" content=\"1280\" \/>\n\t<meta property=\"og:image:height\" content=\"512\" \/>\n<meta name=\"twitter:card\" content=\"summary_large_image\" \/>\n<script type=\"application\/ld+json\" class=\"yoast-schema-graph\">{\"@context\":\"https:\/\/schema.org\",\"@graph\":[{\"@type\":\"WebSite\",\"@id\":\"https:\/\/www.mes-allocs.fr\/guides\/#website\",\"url\":\"https:\/\/www.mes-allocs.fr\/guides\/\",\"name\":\"Mes-Allocs.fr\",\"description\":\"\",\"potentialAction\":[{\"@type\":\"SearchAction\",\"target\":\"https:\/\/www.mes-allocs.fr\/guides\/?s={search_term_string}\",\"query-input\":\"required name=search_term_string\"}],\"inLanguage\":\"fr-FR\"},{\"@type\":\"ImageObject\",\"@id\":\"https:\/\/www.mes-allocs.fr\/guides\/reconversion-professionnelle\/bilan-de-competences\/ou-faire-un-bilan-de-competences\/bilan-de-competences-amiens\/#primaryimage\",\"inLanguage\":\"fr-FR\",\"url\":\"https:\/\/www.mes-allocs.fr\/guides\/wp-content\/uploads\/2021\/03\/house-3616382_1280-e1617094741716.jpg?wsr\",\"width\":1280,\"height\":512,\"caption\":\"bilan de comp\\u00e9tences amiens\"},{\"@type\":\"WebPage\",\"@id\":\"https:\/\/www.mes-allocs.fr\/guides\/reconversion-professionnelle\/bilan-de-competences\/ou-faire-un-bilan-de-competences\/bilan-de-competences-amiens\/#webpage\",\"url\":\"https:\/\/www.mes-allocs.fr\/guides\/reconversion-professionnelle\/bilan-de-competences\/ou-faire-un-bilan-de-competences\/bilan-de-competences-amiens\/\",\"name\":\"Comment faire un bilan de comp\\u00e9tences \\u00e0 Amiens ? | Mes-Allocs.fr\",\"isPartOf\":{\"@id\":\"https:\/\/www.mes-allocs.fr\/guides\/#website\"},\"primaryImageOfPage\":{\"@id\":\"https:\/\/www.mes-allocs.fr\/guides\/reconversion-professionnelle\/bilan-de-competences\/ou-faire-un-bilan-de-competences\/bilan-de-competences-amiens\/#primaryimage\"},\"datePublished\":\"2021-03-31T14:45:57+00:00\",\"dateModified\":\"2025-07-18T14:04:56+00:00\",\"author\":{\"@id\":\"https:\/\/www.mes-allocs.fr\/guides\/#\/schema\/person\/e4e762c89158b34a332446d26f02fd56\"},\"description\":\"Le bilan de comp\\u00e9tences permet de faire un point sur votre carri\\u00e8re. Mes Allocs vous dit tout sur le bilan \\u00e0 Amiens !\",\"inLanguage\":\"fr-FR\"},{\"@type\":\"Person\",\"@id\":\"https:\/\/www.mes-allocs.fr\/guides\/#\/schema\/person\/e4e762c89158b34a332446d26f02fd56\",\"name\":\"Marylou\",\"image\":{\"@type\":\"ImageObject\",\"@id\":\"https:\/\/www.mes-allocs.fr\/guides\/#personlogo\",\"inLanguage\":\"fr-FR\",\"url\":\"https:\/\/www.mes-allocs.fr\/guides\/wp-content\/uploads\/2021\/06\/marylou-150x150.png\",\"caption\":\"Marylou\"},\"description\":\"Marylou est r\\u00e9dactrice au sein de l'\\u00e9quipe Mes Allocs, sp\\u00e9cialiste des sujets de soci\\u00e9t\\u00e9 en g\\u00e9n\\u00e9ral. Dipl\\u00f4m\\u00e9e de l'Institut Sup\\u00e9rieur de Formation au Journalisme, elle rejoint Mes Allocs apr\\u00e8s cr\\u00e9\\u00e9 son premier blog personnel.\",\"sameAs\":[\"https:\/\/www.linkedin.com\/in\/marylou-pr\\u00e9vost\"]}]}<\/script>\n<!-- \/ Yoast SEO plugin. -->","amp_validity":null,"acf":{"faq":{"1":{"question":"Comment faire un bilan de comp\u00e9tence avec P\u00f4le emploi ?","answer":"Pour b\u00e9n\u00e9ficier d'un cong\u00e9 de bilan de comp\u00e9tences, vous devez adresser une demande \u00e0 votre employeur au moins 60 jours avant la date de votre premier entretien. "},"2":{"question":"Qui peut faire un bilan de comp\u00e9tences ?","answer":"Le bilan de comp\u00e9tences ne peut \u00eatre r\u00e9alis\u00e9 qu'avec le consentement du salari\u00e9."},"3":{"question":"Qui a le droit au CPF ?","answer":"Le compte personnel de formation (CPF) est utilisable par tout salari\u00e9, tout au long de sa vie active, y compris en p\u00e9riode de ch\u00f4mage, pour suivre une formation qualifiante ou certifiante."},"4":{"question":" Qui prend en charge le bilan de comp\u00e9tence ?","answer":"Votre bilan de comp\u00e9tences peut \u00eatre pris en charge par P\u00f4le emploi : parlez-en \u00e0 votre conseiller."},"5":{"question":"Quelle est la dur\u00e9e d'un bilan de comp\u00e9tences ?","answer":"La dur\u00e9e du bilan de comp\u00e9tences est de 24 heures maximum. Ces heures se r\u00e9partissent g\u00e9n\u00e9ralement sur plusieurs semaines."},"6":{"question":" Quelles sont les conditions pour b\u00e9n\u00e9ficier d'un cong\u00e9 de bilan de comp\u00e9tences ?","answer":"La condition de dur\u00e9e d'activit\u00e9 requise pour b\u00e9n\u00e9ficier d'un cong\u00e9 de bilan de comp\u00e9tences en CDI est la suivante : un salari\u00e9 en CDI doit justifier de 5 ann\u00e9es de salariat cons\u00e9cutives ou non dont 12 mois dans l'entreprise dans laquelle il effectue sa demande."},"7":{"question":"","answer":""},"8":{"question":"","answer":""},"9":{"question":"","answer":""},"10":{"question":"","answer":""},"11":{"question":"","answer":""},"12":{"question":"","answer":""},"13":{"question":"","answer":""},"14":{"question":"","answer":""},"15":{"question":"","answer":""},"16":{"question":"","answer":""}}},"_links":{"self":[{"href":"https:\/\/www.mes-allocs.fr\/guides\/wp-json\/wp\/v2\/posts\/23746","targetHints":{"allow":["GET"]}}],"collection":[{"href":"https:\/\/www.mes-allocs.fr\/guides\/wp-json\/wp\/v2\/posts"}],"about":[{"href":"https:\/\/www.mes-allocs.fr\/guides\/wp-json\/wp\/v2\/types\/post"}],"author":[{"embeddable":true,"href":"https:\/\/www.mes-allocs.fr\/guides\/wp-json\/wp\/v2\/users\/9"}],"replies":[{"embeddable":true,"href":"https:\/\/www.mes-allocs.fr\/guides\/wp-json\/wp\/v2\/comments?post=23746"}],"version-history":[{"count":13,"href":"https:\/\/www.mes-allocs.fr\/guides\/wp-json\/wp\/v2\/posts\/23746\/revisions"}],"predecessor-version":[{"id":102676,"href":"https:\/\/www.mes-allocs.fr\/guides\/wp-json\/wp\/v2\/posts\/23746\/revisions\/102676"}],"wp:featuredmedia":[{"embeddable":true,"href":"https:\/\/www.mes-allocs.fr\/guides\/wp-json\/wp\/v2\/media\/23755"}],"wp:attachment":[{"href":"https:\/\/www.mes-allocs.fr\/guides\/wp-json\/wp\/v2\/media?parent=23746"}],"wp:term":[{"taxonomy":"category","embeddable":true,"href":"https:\/\/www.mes-allocs.fr\/guides\/wp-json\/wp\/v2\/categories?post=23746"},{"taxonomy":"post_tag","embeddable":true,"href":"https:\/\/www.mes-allocs.fr\/guides\/wp-json\/wp\/v2\/tags?post=23746"}],"curies":[{"name":"wp","href":"https:\/\/api.w.org\/{rel}","templated":true}]}}