{"id":23743,"date":"2021-03-31T14:44:11","date_gmt":"2021-03-31T14:44:11","guid":{"rendered":"https:\/\/www.mes-allocs.fr\/guides\/?p=23743"},"modified":"2025-07-18T16:04:05","modified_gmt":"2025-07-18T14:04:05","slug":"bilan-de-competences-nice","status":"publish","type":"post","link":"https:\/\/www.mes-allocs.fr\/guides\/reconversion-professionnelle\/bilan-de-competences\/ou-faire-un-bilan-de-competences\/bilan-de-competences-nice\/","title":{"rendered":"Comment faire un bilan de comp\u00e9tences \u00e0 Nice ?"},"content":{"rendered":"<p><a href=\"https:\/\/www.mes-allocs.fr\/guides\/wp-content\/uploads\/2021\/03\/pexels-skylar-kang-6370167.jpg\"><img loading=\"lazy\" decoding=\"async\" class=\"aligncenter wp-image-23822 size-full\" title=\"bilan de comp\u00e9tences nice\" src=\"https:\/\/www.mes-allocs.fr\/guides\/wp-content\/uploads\/2021\/03\/pexels-skylar-kang-6370167-e1617112739979.jpg\" alt=\"bilan de comp\u00e9tences nice\" width=\"1280\" height=\"451\" srcset=\"https:\/\/www.mes-allocs.fr\/guides\/wp-content\/uploads\/2021\/03\/pexels-skylar-kang-6370167-e1617112739979.jpg 1280w, https:\/\/www.mes-allocs.fr\/guides\/wp-content\/uploads\/2021\/03\/pexels-skylar-kang-6370167-e1617112739979-300x106.jpg 300w, https:\/\/www.mes-allocs.fr\/guides\/wp-content\/uploads\/2021\/03\/pexels-skylar-kang-6370167-e1617112739979-1024x361.jpg 1024w, https:\/\/www.mes-allocs.fr\/guides\/wp-content\/uploads\/2021\/03\/pexels-skylar-kang-6370167-e1617112739979-768x271.jpg 768w, https:\/\/www.mes-allocs.fr\/guides\/wp-content\/uploads\/2021\/03\/pexels-skylar-kang-6370167-e1617112739979-600x211.jpg 600w\" sizes=\"auto, (max-width: 1280px) 100vw, 1280px\" \/><\/a><\/p>\n<p style=\"text-align: justify;\"><strong>Le bilan de comp\u00e9tences permet de faire un point sur vore carri\u00e8re professionnelle, et les motivations que vous avez. Souvent r\u00e9alis\u00e9 dans le cadre d&rsquo;une <a href=\"https:\/\/www.mes-allocs.fr\/guides\/reconversion-professionnelle\/\">reconversion professionnelle<\/a>, il\u00a0a une dur\u00e9e de 24 heures sur plusieurs s\u00e9ances. Mes Allocs vous explique comment faire un bilan de comp\u00e9tences \u00e0 Nice.<\/strong><\/p>\n<div class='cta-block'><div class='text'>Bilan de comp\u00e9tences pay\u00e9 par vos aides.<\/div><a href='https:\/\/www.formademia.fr\/formulaire\/coaching' class='app-button fit'>V\u00e9rifier votre \u00e9ligibilit\u00e9<\/a><\/div>\n<h1>Qu&rsquo;est-ce qu&rsquo;un bilan de comp\u00e9tences ?<\/h1>\n<p style=\"text-align: justify;\">Le <a href=\"https:\/\/www.mes-allocs.fr\/guides\/reconversion-professionnelle\/bilan-de-competences\/\">bilan de comp\u00e9tences<\/a> est un dispositif qui vous permet de faire un point sur votre parcours professionnel et personnel, mais \u00e9galement de faire une analyse de vos comp\u00e9tences professionnelles, vos aptitudes et vos motivations ainsi que vos centres d&rsquo; int\u00e9r\u00eat.<\/p>\n<p style=\"text-align: justify;\">Un bilan de comp\u00e9tences permet de faire le point sur sa carri\u00e8re, vous r\u00e9alisez un bilan pendant votre temps de travail, dans un organisme agr\u00e9\u00e9 de votre choix. Un consultant d\u00e9di\u00e9 sera en charge de vous suivre tout au long du bilan, de vous donner des conseils en \u00e9volution, de mettre en place un plan d&rsquo; action pour votre avenir professionnel.<\/p>\n<p style=\"text-align: justify;\">Vous avez \u00e9galement la possibilit\u00e9 de le r\u00e9aliser en dehors de vos heures de travail sans avoir \u00e0 en informer votre employeur. En revanche, si vous le r\u00e9alisez pendant vos heures de travail, vous devrez en informer les ressources humaines de votre entreprise.<\/p>\n<p style=\"text-align: justify;\">Le but \u00e9tant de vous aider dans une \u00e9ventuelle \u00e9volution professionnelle ou orientation professionnelle. Un plan de formation est alors mis en place pour vous aider \u00e0 acc\u00e9der \u00e0 votre nouvelle carri\u00e8re professionnelle.<\/p>\n<p><iframe loading=\"lazy\" title=\"La reconversion professionnelle\" width=\"500\" height=\"281\" src=\"https:\/\/www.youtube.com\/embed\/EiVUthswxl0?feature=oembed\" frameborder=\"0\" allow=\"accelerometer; autoplay; clipboard-write; encrypted-media; gyroscope; picture-in-picture; web-share\" referrerpolicy=\"strict-origin-when-cross-origin\" allowfullscreen><\/iframe><\/p>\n<h1>R\u00e9alisez votre bilan de comp\u00e9tences \u00e0 Nice<\/h1>\n<p>Le bilan de comp\u00e9tences peut \u00eatre r\u00e9alis\u00e9 dans des <a href=\"https:\/\/www.mes-allocs.fr\/guides\/reconversion-professionnelle\/bilan-de-competences\/ou-faire-un-bilan-de-competences\/\">centres agr\u00e9\u00e9s<\/a> avec une prise en charge par un consultant qui vous suivra du d\u00e9but \u00e0 la fin.<\/p>\n<p>Vous pouvez choisir de faire un bilan dans un centre \u00e0 Nice, ou alors en ligne, certaines plateformes proposent de r\u00e9aliser des bilans, en revanche lisez bien les mentions l\u00e9gales. Le savoir faire et l&rsquo;accompagnement ne seront peut-\u00eatre pas aussi rigoureux que dans des centres d\u00e9di\u00e9s.<\/p>\n<h1>Qui peut faire un bilan de comp\u00e9tences ?<\/h1>\n<p style=\"text-align: justify;\">Que ce soit dans le cadre d&rsquo;un projet de reconversion, ou d&rsquo; \u00e9volution professionnelle, vous pouvez r\u00e9aliser un bilan de comp\u00e9tences si vous \u00eates :<\/p>\n<ul>\n<li style=\"text-align: justify;\">salari\u00e9 du secteur priv\u00e9, fonction publique, en contrat \u00e0 dur\u00e9e ind\u00e9termin\u00e9e ou d\u00e9termin\u00e9e ;<\/li>\n<li style=\"text-align: justify;\">demandeur d\u2019emploi : la demande doit \u00eatre faite aupr\u00e8s de P\u00f4le emploi, de l\u2019APEC ou de Cap emploi ;<\/li>\n<li style=\"text-align: justify;\">salari\u00e9 du secteur public (fonctionnaires, agents non titulaires\u2026) : textes sp\u00e9cifiques mais dans des conditions similaires aux salari\u00e9s (cong\u00e9 de 24h, etc.).<\/li>\n<\/ul>\n<h1>Comment se d\u00e9roule un bilan de comp\u00e9tences ?<\/h1>\n<p>Le bilan de comp\u00e9tences se compose en 3 grandes \u00e9tapes, \u00e0 savoir :<\/p>\n<div>\n<h2 class=\"fiche-title-1\">Phase pr\u00e9liminaire<\/h2>\n<p>La phase pr\u00e9liminaire a pour objet les actions suivantes\u00a0:<\/p>\n<ul>\n<li>Analyser la demande et le besoin du b\u00e9n\u00e9ficiaire<\/li>\n<li>D\u00e9terminer le format le plus adapt\u00e9 \u00e0 la situation et au besoin<\/li>\n<li>D\u00e9finir conjointement la proc\u00e9dure de d\u00e9roulement du bilan<\/li>\n<\/ul>\n<\/div>\n<div>\n<h2 class=\"fiche-title-1\">Phase d&rsquo;investigation<\/h2>\n<p>La phase d&rsquo;investigation permet au b\u00e9n\u00e9ficiaire soit de construire son projet professionnel et d&rsquo;en v\u00e9rifier la pertinence, soit d&rsquo;\u00e9laborer une ou plusieurs alternatives.<\/p>\n<\/div>\n<div>\n<h2 class=\"fiche-title-1\">Phase de conclusion<\/h2>\n<p style=\"text-align: justify;\">La phase de conclusion permet au b\u00e9n\u00e9ficiaire, au moyen d&rsquo;entretiens personnalis\u00e9s, d\u2019effectuer les actions suivantes :<\/p>\n<ul style=\"text-align: justify;\">\n<li>S&rsquo;approprier les r\u00e9sultats d\u00e9taill\u00e9s de la phase d&rsquo;investigation<\/li>\n<li>Recenser les conditions et moyens favorisant la r\u00e9alisation du ou des projets professionnels<\/li>\n<li>Pr\u00e9voir les principales \u00e9tapes du ou des projets professionnels, dont la possibilit\u00e9 de b\u00e9n\u00e9ficier d&rsquo;un entretien de suivi avec le prestataire de bilan de comp\u00e9tences.<\/li>\n<\/ul>\n<p style=\"text-align: justify;\">\u00c0 la fin du programme, le formateur vous remettra un document de synth\u00e8se r\u00e9sumant votre bilan, vos comp\u00e9tences, ainsi que des pistes pour votre projet \u00e0 r\u00e9aliser dans un centre de formation. Notez que les r\u00e9sultats issues du bilan sont strictement confidentiels<\/p>\n<\/div>\n<h1>Le compte personnel de formation<\/h1>\n<p style=\"text-align: justify;\">Le compte personnel de formation vous suit tout au long de votre carri\u00e8re professionnelle. Autrefois vous cumuliez des heures disponibles pour des formations professionnelles, d\u00e9sormais ce sont des heures qui s&rsquo;ajoutent chaque ann\u00e9e.<\/p>\n<p style=\"text-align: justify;\">Le compte personnel de formation CPF a depuis quelques ann\u00e9es remplac\u00e9 le DIF. Il permet \u00e0 un salari\u00e9, mais \u00e9galement \u00e0 un demandeur d&rsquo; emploi et travailleur ind\u00e9pendant d\u2019acqu\u00e9rir des droits \u00e0 la formation et de pouvoir ainsi se former r\u00e9guli\u00e8rement, tout au long de son parcours professionnel.<\/p>\n<p style=\"text-align: justify;\">Depuis le 1er janvier 2019 le CPF est comptabilis\u00e9 en euros, et non plus en heures, comme c&rsquo;\u00e9tait le cas depuis sa cr\u00e9ation en 2014. Le taux de conversion des heures en euros a \u00e9t\u00e9 fix\u00e9 par d\u00e9cret \u00e0\u00a0<strong>15 euros<\/strong><\/p>\n<p style=\"text-align: justify;\"><strong>500 euros par an sont cr\u00e9dit\u00e9s sur le CPF avec un plafond de 5 000 euros<\/strong>. Pour les salari\u00e9s peu ou pas qualifi\u00e9s (niveau infra V), ce sera 800 euros pour un plafond de 8 000 euros.<br \/>\nCes montants s\u2019appliquent \u00e0 tous les salari\u00e9s \u00ab\u00a0ayant effectu\u00e9 une dur\u00e9e de travail sup\u00e9rieure ou \u00e9gale \u00e0 la moiti\u00e9 de la dur\u00e9e l\u00e9gale ou conventionnelle de travail sur l\u2019ensemble de l\u2019ann\u00e9e\u00a0\u00bb. Pour les salari\u00e9s ayant travaill\u00e9 moins d\u2019un mi-temps, l\u2019alimentation du CPF est proratis\u00e9e.<\/p>\n<div class='cta-block'><div class='text'>Bilan de comp\u00e9tences pay\u00e9 par vos aides.<\/div><a href='https:\/\/www.formademia.fr\/formulaire\/coaching' class='app-button fit'>V\u00e9rifier votre \u00e9ligibilit\u00e9<\/a><\/div>\n","protected":false},"excerpt":{"rendered":"<p>Le bilan de comp\u00e9tences permet de faire un point sur vore carri\u00e8re professionnelle, et les motivations que vous avez. Souvent r\u00e9alis\u00e9 dans le cadre d&rsquo;une reconversion professionnelle, il\u00a0a une dur\u00e9e de 24 heures sur plusieurs s\u00e9ances. Mes Allocs vous explique comment faire un bilan de comp\u00e9tences \u00e0 Nice. Qu&rsquo;est-ce qu&rsquo;un bilan de comp\u00e9tences ? Le [&hellip;]<\/p>\n","protected":false},"author":9,"featured_media":23822,"comment_status":"open","ping_status":"open","sticky":false,"template":"","format":"standard","meta":{"amp_status":"","footnotes":""},"categories":[5093,5245,5081],"tags":[],"class_list":["post-23743","post","type-post","status-publish","format-standard","has-post-thumbnail","hentry","category-bilan-de-competences","category-ou-faire-un-bilan-de-competences","category-reconversion-professionnelle"],"yoast_head":"<!-- This site is optimized with the Yoast SEO plugin v14.9 - https:\/\/yoast.com\/wordpress\/plugins\/seo\/ -->\n<title>Comment faire un bilan de comp\u00e9tences \u00e0 Nice ? | Mes-Allocs.fr<\/title>\n<meta name=\"description\" content=\"Le bilan de comp\u00e9tences permet de faire un point sur sa carri\u00e8re. Mes Allocs vous explique comment faire un bilan \u00e0 Nice !\" \/>\n<meta name=\"robots\" content=\"index, follow, max-snippet:-1, max-image-preview:large, max-video-preview:-1\" \/>\n<link rel=\"canonical\" href=\"https:\/\/www.mes-allocs.fr\/guides\/reconversion-professionnelle\/bilan-de-competences\/ou-faire-un-bilan-de-competences\/bilan-de-competences-nice\/\" \/>\n<meta property=\"og:locale\" content=\"fr_FR\" \/>\n<meta property=\"og:type\" content=\"article\" \/>\n<meta property=\"og:title\" content=\"Comment faire un bilan de comp\u00e9tences \u00e0 Nice ? | Mes-Allocs.fr\" \/>\n<meta property=\"og:description\" content=\"Le bilan de comp\u00e9tences permet de faire un point sur sa carri\u00e8re. Mes Allocs vous explique comment faire un bilan \u00e0 Nice !\" \/>\n<meta property=\"og:url\" content=\"https:\/\/www.mes-allocs.fr\/guides\/reconversion-professionnelle\/bilan-de-competences\/ou-faire-un-bilan-de-competences\/bilan-de-competences-nice\/\" \/>\n<meta property=\"og:site_name\" content=\"Mes-Allocs.fr\" \/>\n<meta property=\"article:published_time\" content=\"2021-03-31T14:44:11+00:00\" \/>\n<meta property=\"article:modified_time\" content=\"2025-07-18T14:04:05+00:00\" \/>\n<meta property=\"og:image\" content=\"https:\/\/www.mes-allocs.fr\/guides\/wp-content\/uploads\/2021\/03\/pexels-skylar-kang-6370167-e1617112739979.jpg?wsr\" \/>\n\t<meta property=\"og:image:width\" content=\"1280\" \/>\n\t<meta property=\"og:image:height\" content=\"451\" \/>\n<meta name=\"twitter:card\" content=\"summary_large_image\" \/>\n<script type=\"application\/ld+json\" class=\"yoast-schema-graph\">{\"@context\":\"https:\/\/schema.org\",\"@graph\":[{\"@type\":\"WebSite\",\"@id\":\"https:\/\/www.mes-allocs.fr\/guides\/#website\",\"url\":\"https:\/\/www.mes-allocs.fr\/guides\/\",\"name\":\"Mes-Allocs.fr\",\"description\":\"\",\"potentialAction\":[{\"@type\":\"SearchAction\",\"target\":\"https:\/\/www.mes-allocs.fr\/guides\/?s={search_term_string}\",\"query-input\":\"required name=search_term_string\"}],\"inLanguage\":\"fr-FR\"},{\"@type\":\"ImageObject\",\"@id\":\"https:\/\/www.mes-allocs.fr\/guides\/reconversion-professionnelle\/bilan-de-competences\/ou-faire-un-bilan-de-competences\/bilan-de-competences-nice\/#primaryimage\",\"inLanguage\":\"fr-FR\",\"url\":\"https:\/\/www.mes-allocs.fr\/guides\/wp-content\/uploads\/2021\/03\/pexels-skylar-kang-6370167-e1617112739979.jpg?wsr\",\"width\":1280,\"height\":451,\"caption\":\"bilan de comp\\u00e9tences nice\"},{\"@type\":\"WebPage\",\"@id\":\"https:\/\/www.mes-allocs.fr\/guides\/reconversion-professionnelle\/bilan-de-competences\/ou-faire-un-bilan-de-competences\/bilan-de-competences-nice\/#webpage\",\"url\":\"https:\/\/www.mes-allocs.fr\/guides\/reconversion-professionnelle\/bilan-de-competences\/ou-faire-un-bilan-de-competences\/bilan-de-competences-nice\/\",\"name\":\"Comment faire un bilan de comp\\u00e9tences \\u00e0 Nice ? | Mes-Allocs.fr\",\"isPartOf\":{\"@id\":\"https:\/\/www.mes-allocs.fr\/guides\/#website\"},\"primaryImageOfPage\":{\"@id\":\"https:\/\/www.mes-allocs.fr\/guides\/reconversion-professionnelle\/bilan-de-competences\/ou-faire-un-bilan-de-competences\/bilan-de-competences-nice\/#primaryimage\"},\"datePublished\":\"2021-03-31T14:44:11+00:00\",\"dateModified\":\"2025-07-18T14:04:05+00:00\",\"author\":{\"@id\":\"https:\/\/www.mes-allocs.fr\/guides\/#\/schema\/person\/e4e762c89158b34a332446d26f02fd56\"},\"description\":\"Le bilan de comp\\u00e9tences permet de faire un point sur sa carri\\u00e8re. Mes Allocs vous explique comment faire un bilan \\u00e0 Nice !\",\"inLanguage\":\"fr-FR\"},{\"@type\":\"Person\",\"@id\":\"https:\/\/www.mes-allocs.fr\/guides\/#\/schema\/person\/e4e762c89158b34a332446d26f02fd56\",\"name\":\"Marylou\",\"image\":{\"@type\":\"ImageObject\",\"@id\":\"https:\/\/www.mes-allocs.fr\/guides\/#personlogo\",\"inLanguage\":\"fr-FR\",\"url\":\"https:\/\/www.mes-allocs.fr\/guides\/wp-content\/uploads\/2021\/06\/marylou-150x150.png\",\"caption\":\"Marylou\"},\"description\":\"Marylou est r\\u00e9dactrice au sein de l'\\u00e9quipe Mes Allocs, sp\\u00e9cialiste des sujets de soci\\u00e9t\\u00e9 en g\\u00e9n\\u00e9ral. Dipl\\u00f4m\\u00e9e de l'Institut Sup\\u00e9rieur de Formation au Journalisme, elle rejoint Mes Allocs apr\\u00e8s cr\\u00e9\\u00e9 son premier blog personnel.\",\"sameAs\":[\"https:\/\/www.linkedin.com\/in\/marylou-pr\\u00e9vost\"]}]}<\/script>\n<!-- \/ Yoast SEO plugin. -->","amp_validity":null,"acf":{"faq":{"1":{"question":"Qu'est-ce qu'un bilan de comp\u00e9tences P\u00f4le emploi ?","answer":"Le bilan de comp\u00e9tences est un \u201cobjet de permettre \u00e0 des travailleurs d'analyser leurs comp\u00e9tences professionnelles et personnelles ainsi que leurs aptitudes et leurs motivations afin de d\u00e9finir un projet professionnel."},"2":{"question":" Qui peut faire un bilan de comp\u00e9tences ?","answer":"Tous les salari\u00e9s, CDD, CDI et les demandeurs d'emploi peuvent faire un bilan de comp\u00e9tences."},"3":{"question":"Comment utiliser son CPF pour un bilan de comp\u00e9tences ?","answer":"Pour mobiliser ses heures CPF au titre du Bilan de comp\u00e9tences, il faudra se rendre sur son compte CPF via le site d\u00e9di\u00e9 moncompteformation.gouv.fr et cr\u00e9er un dossier de formation."},"4":{"question":"Quel est le prix d'un bilan de comp\u00e9tences ?","answer":"Il n'existe aucune r\u00e8glementation et chaque organisme peut librement fixer ses prix, lesquels s'\u00e9chelonnent entre 1 500 et 3 000 euros, avec un co\u00fbt moyen d'environ 2 000 euros."},"5":{"question":"Quelle est la dur\u00e9e d'un bilan de comp\u00e9tences ?","answer":"La dur\u00e9e du bilan de comp\u00e9tences est de 24 heures maximum. Ces heures se r\u00e9partissent g\u00e9n\u00e9ralement sur plusieurs semaines."},"6":{"question":"Qu'est-ce qu'un bilan de formation ?","answer":"Le bilan de formation est un document descriptif et explicatif. Il fait appara\u00eetre les points forts et les points faibles de l'action de formation de mani\u00e8re hi\u00e9rarchis\u00e9e. "},"7":{"question":"","answer":""},"8":{"question":"","answer":""},"9":{"question":"","answer":""},"10":{"question":"","answer":""},"11":{"question":"","answer":""},"12":{"question":"","answer":""},"13":{"question":"","answer":""},"14":{"question":"","answer":""},"15":{"question":"","answer":""},"16":{"question":"","answer":""}}},"_links":{"self":[{"href":"https:\/\/www.mes-allocs.fr\/guides\/wp-json\/wp\/v2\/posts\/23743","targetHints":{"allow":["GET"]}}],"collection":[{"href":"https:\/\/www.mes-allocs.fr\/guides\/wp-json\/wp\/v2\/posts"}],"about":[{"href":"https:\/\/www.mes-allocs.fr\/guides\/wp-json\/wp\/v2\/types\/post"}],"author":[{"embeddable":true,"href":"https:\/\/www.mes-allocs.fr\/guides\/wp-json\/wp\/v2\/users\/9"}],"replies":[{"embeddable":true,"href":"https:\/\/www.mes-allocs.fr\/guides\/wp-json\/wp\/v2\/comments?post=23743"}],"version-history":[{"count":15,"href":"https:\/\/www.mes-allocs.fr\/guides\/wp-json\/wp\/v2\/posts\/23743\/revisions"}],"predecessor-version":[{"id":102674,"href":"https:\/\/www.mes-allocs.fr\/guides\/wp-json\/wp\/v2\/posts\/23743\/revisions\/102674"}],"wp:featuredmedia":[{"embeddable":true,"href":"https:\/\/www.mes-allocs.fr\/guides\/wp-json\/wp\/v2\/media\/23822"}],"wp:attachment":[{"href":"https:\/\/www.mes-allocs.fr\/guides\/wp-json\/wp\/v2\/media?parent=23743"}],"wp:term":[{"taxonomy":"category","embeddable":true,"href":"https:\/\/www.mes-allocs.fr\/guides\/wp-json\/wp\/v2\/categories?post=23743"},{"taxonomy":"post_tag","embeddable":true,"href":"https:\/\/www.mes-allocs.fr\/guides\/wp-json\/wp\/v2\/tags?post=23743"}],"curies":[{"name":"wp","href":"https:\/\/api.w.org\/{rel}","templated":true}]}}