{"id":23741,"date":"2021-04-02T09:55:08","date_gmt":"2021-04-02T09:55:08","guid":{"rendered":"https:\/\/www.mes-allocs.fr\/guides\/?p=23741"},"modified":"2026-04-03T15:15:17","modified_gmt":"2026-04-03T14:15:17","slug":"redevance-audiovisuelle-rsa","status":"publish","type":"post","link":"https:\/\/www.mes-allocs.fr\/guides\/rsa\/rsa-exoneration\/redevance-audiovisuelle-rsa\/","title":{"rendered":"Je suis au RSA, dois-je payer la redevance audiovisuelle ?"},"content":{"rendered":"<p><img loading=\"lazy\" decoding=\"async\" class=\"aligncenter wp-image-23749\" src=\"https:\/\/www.mes-allocs.fr\/guides\/wp-content\/uploads\/2021\/03\/tele-e1617093407690.jpg\" alt=\"redevance audiovisuelle rsa\" width=\"1200\" height=\"419\" srcset=\"https:\/\/www.mes-allocs.fr\/guides\/wp-content\/uploads\/2021\/03\/tele-e1617093407690.jpg 1125w, https:\/\/www.mes-allocs.fr\/guides\/wp-content\/uploads\/2021\/03\/tele-e1617093407690-300x105.jpg 300w, https:\/\/www.mes-allocs.fr\/guides\/wp-content\/uploads\/2021\/03\/tele-e1617093407690-1024x358.jpg 1024w, https:\/\/www.mes-allocs.fr\/guides\/wp-content\/uploads\/2021\/03\/tele-e1617093407690-768x268.jpg 768w, https:\/\/www.mes-allocs.fr\/guides\/wp-content\/uploads\/2021\/03\/tele-e1617093407690-600x210.jpg 600w\" sizes=\"auto, (max-width: 1200px) 100vw, 1200px\" \/><\/p>\n<p style=\"text-align: justify;\">[Mis \u00e0 jour le 03\/04\/2026] La redevance audiovisuelle est une taxe que les Fran\u00e7ais payent. Elle est li\u00e9e \u00e0 ce que nous regardons sur nos t\u00e9l\u00e9visions. Les b\u00e9n\u00e9ficiaires du <a href=\"https:\/\/www.mes-allocs.fr\/guides\/rsa\">RSA<\/a> b\u00e9n\u00e9ficient de plusieurs exon\u00e9rations sur certains imp\u00f4ts et taxes. Nous allons voir si c&rsquo;est le cas pour la redevance audiovisuelle en 2026.<\/p>\n<div class='cta-block'><div class='text'>Simulez vos aides en 2 min.<\/div><a href='https:\/\/www.mes-allocs.fr\/ab-app?origin=guides\/wp-json\/wp\/v2\/posts\/23741' class='app-button fit'>Simulation gratuite<\/a><\/div>\n<h1 style=\"text-align: justify;\">Qu&rsquo;est-ce que la redevance audiovisuelle ?<\/h1>\n<h2 style=\"text-align: justify;\">D\u00e9finition<\/h2>\n<p style=\"text-align: justify;\">La redevance audiovisuelle est une taxe qui est pr\u00e9lev\u00e9e aupr\u00e8s des auditeurs et des t\u00e9l\u00e9spectateurs. Le but de cette taxe est de financer partiellement ou principalement les diff\u00e9rentes antennes publiques de diffusion radio et de t\u00e9l\u00e9vision. Cette taxe existe dans de nombreux pays europ\u00e9en dont la France.<\/p>\n<h2 style=\"text-align: justify;\">Application de la redevance<\/h2>\n<p style=\"text-align: justify;\">En France, cette taxe est collect\u00e9e pour les grands groupes publics de diffusion. Ce sont France T\u00e9l\u00e9visions et Radio France, la soci\u00e9t\u00e9 Arte France, TV5 Monde et l&rsquo;INA.<\/p>\n<p style=\"text-align: justify;\">Dans les faits, la redevance TV est rattach\u00e9 \u00e0 la pr\u00e9sence d&rsquo;un t\u00e9l\u00e9viseur dans son foyer. M\u00eame si ce dernier n&rsquo;est pas reli\u00e9 \u00e0 un service de t\u00e9l\u00e9vision, vous allez payer cette taxe.<\/p>\n<p style=\"text-align: justify;\"><em>Exemple : si votre t\u00e9l\u00e9vision est simplement rattach\u00e9e \u00e0 une console de jeux vid\u00e9o, vous \u00eates tout de m\u00eame concern\u00e9 par cette\u00a0<\/em><i>taxe.\u00a0<\/i><\/p>\n<p style=\"text-align: justify;\">Les personnes qui payent cette contribution sont les personnes qui sont redevables de la taxe d&rsquo;habitation. Cette contribution est unique, c&rsquo;est-\u00e0-dire qu&rsquo;elle n&rsquo;est pay\u00e9e qu&rsquo;une seule fois par le contribuable. Si un foyer fiscal ne paye pas la taxe d&rsquo;habitation, il n&rsquo;est pas exon\u00e9r\u00e9 pour autant de redevance audiovisuelle.<\/p>\n<p style=\"text-align: justify;\">Une exon\u00e9ration est tout de m\u00eame pr\u00e9vue pour les personnes qui sont soit veuves, soit \u00e2g\u00e9es de plus de 60 ans, soit invalides et qui ont des ressources inf\u00e9rieures \u00e0 un certain seuil d\u00e9fini par les textes de loi. Certaines personnes peuvent \u00eatre concern\u00e9es par l&rsquo;exon\u00e9ration si le revenu fiscal de r\u00e9f\u00e9rence du foyer est \u00e9gal \u00e0 z\u00e9ro.<\/p>\n<p style=\"text-align: justify;\">Les b\u00e9n\u00e9ficiaires du RSA ne sont pas automatiquement exon\u00e9r\u00e9s de redevance audiovisuelle. Ils ne le sont que s&rsquo;ils sont exon\u00e9r\u00e9s de taxe d&rsquo;habitation. Pour \u00eatre exon\u00e9r\u00e9 de taxe d&rsquo;habitation, il leur faut ne disposer d&rsquo;aucune ressource imposable, en dehors du RSA non imposable.<\/p>\n<p style=\"text-align: justify;\">Certains param\u00e8tres ne rentrent pas en compte en ce qui concerne cette taxe. Les voici :<\/p>\n<ul style=\"text-align: justify;\">\n<li>Le nombre de t\u00e9l\u00e9viseurs d\u00e9tenus,<\/li>\n<li>Le nombre de cohabitant,<\/li>\n<li>Le nombre et type de r\u00e9sidence (principale ou secondaire),<\/li>\n<li>Le propri\u00e9taire du t\u00e9l\u00e9viseur.<\/li>\n<\/ul>\n<h2>Montant de la taxe et fraude<\/h2>\n<p style=\"text-align: justify;\">Concernant le montant de la taxe, il \u00e9volue selon les ann\u00e9es. Par contre, son montant est le m\u00eame pour tous. En 2022, pour payer la redevance audiovisuelle, vous d\u00e9bourserez 138 euros en m\u00e9tropole et 88 euros dans les d\u00e9partements d&rsquo;outre-mer.<\/p>\n<p style=\"text-align: justify;\">Depuis 2022, la contribution \u00e0 l\u2019audiovisuel public a \u00e9t\u00e9 supprim\u00e9e, et il n&rsquo;y a plus de d\u00e9marche d\u00e9clarative \u00e0 r\u00e9aliser si vous poss\u00e9dez un t\u00e9l\u00e9viseur. La redevance n&rsquo;est plus \u00e9mise avec la taxe d\u2019habitation, car cette derni\u00e8re a \u00e9galement \u00e9t\u00e9 modifi\u00e9e.<\/p>\n<p style=\"text-align: justify;\">Concernant la fraude, bien que la redevance ait \u00e9t\u00e9 supprim\u00e9e, des amendes peuvent encore s&rsquo;appliquer pour des infractions pass\u00e9es. La fausse d\u00e9claration de non-possession d&rsquo;un t\u00e9l\u00e9viseur \u00e9tait punie d&rsquo;une amende de 150 \u20ac (en plus du co\u00fbt normal de la redevance audiovisuelle) pour les ann\u00e9es pr\u00e9c\u00e9dentes. Le droit de reprise s&rsquo;exerce sur les trois ann\u00e9es pr\u00e9c\u00e9dentes. Lors d&rsquo;un contr\u00f4le, un huissier ne peut pas entrer chez vous sans votre accord pour v\u00e9rifier la pr\u00e9sence d&rsquo;une t\u00e9l\u00e9vision.<\/p>\n<p style=\"text-align: justify;\">Pour les contr\u00f4les, l&rsquo;\u00e9tat se fie aux\u00a0contr\u00f4les des fichiers des acheteurs de t\u00e9l\u00e9vision, les d\u00e9clarations des fournisseurs de service de t\u00e9l\u00e9vision et des visites des huissiers. Si ce dernier constate la pr\u00e9sence d&rsquo;une t\u00e9l\u00e9vision par la fen\u00eatre, cela est un argument juridiquement recevable.<\/p>\n<h1 style=\"text-align: justify;\">Qu&rsquo;est-ce que le RSA ?<\/h1>\n<h2 style=\"text-align: justify;\">D\u00e9finition<\/h2>\n<p style=\"text-align: justify;\">Le Revenu de Solidarit\u00e9 Active (RSA) est une prestation financi\u00e8re qui est vers\u00e9e par la Caisse d&rsquo;Allocations Familiales. Elle permet aux personnes ayant de faibles ressources ou n&rsquo;ayant pas de revenu de b\u00e9n\u00e9ficier d&rsquo;un compl\u00e9ment qui lui garantira un revenu minimal pour vivre.<\/p>\n<p style=\"text-align: justify;\">L&rsquo;organisme qui g\u00e8re cette aide et le conseil d\u00e9partemental. Le RSA est vers\u00e9 par les diff\u00e9rentes caisses, la CAF ou la Mutualit\u00e9 Sociale Agricole (MSA). En contrepartie de cette somme per\u00e7ue par les allocataires, ils ont une obligation de chercher une activit\u00e9 professionnelle. Pour en b\u00e9n\u00e9ficier, vous devez donc faire la demande de RSA aupr\u00e8s de votre CAF.<\/p>\n<p style=\"text-align: justify;\">Cette activit\u00e9 professionnelle peut correspondre \u00e0 la recherche d&rsquo;un emploi, \u00e0 une formation ou un stage. Le RSA, dans le cadre des politiques sociales en France s&rsquo;inscrit dans les aides solidaires.<\/p>\n<p style=\"text-align: justify;\">La prime d&rsquo;activit\u00e9 remplace le RSA activit\u00e9 et la prime pour l&#8217;emploi depuis janvier 2016.\u00a0Ce qu&rsquo;il reste du RSA, c&rsquo;est le \u00ab\u00a0RSA socle\u00a0\u00bb qui \u00e9tait la deuxi\u00e8me composante du RSA jusqu&rsquo;en 2016.\u00a0<sup id=\"cite_ref-4\" class=\"reference\"><\/sup><\/p>\n<p style=\"text-align: center;\"><iframe loading=\"lazy\" src=\"\/\/www.youtube.com\/embed\/2aMlunSI1-U?t=32s\" width=\"560\" height=\"314\" allowfullscreen=\"allowfullscreen\"><\/iframe><\/p>\n<h2 style=\"text-align: justify;\">Conditions d&rsquo;attribution<\/h2>\n<p style=\"text-align: justify;\">Comme pour toutes les aides sociales de la CAF, pour b\u00e9n\u00e9ficier du RSA, il faut r\u00e9pondre \u00e0 certaines conditions. \u00a0Premi\u00e8rement, les b\u00e9n\u00e9ficiaires du RSA doivent \u00eatre \u00e2g\u00e9s de plus de 25 ans. Une d\u00e9rogation peut \u00eatre faite si vous \u00eates enceinte ou que vous avez un enfant \u00e0 charge.<\/p>\n<p style=\"text-align: justify;\">Si vous avez entre 18 et 25 ans, vous pouvez aussi en b\u00e9n\u00e9ficier. Seulement il faut que sur les trois derni\u00e8res ann\u00e9es, vous ayez exerc\u00e9 une activit\u00e9 \u00e0 plein temps sur deux ans minimums. Cette sp\u00e9cificit\u00e9 est nomm\u00e9e le RSA Jeune.<\/p>\n<p style=\"text-align: justify;\">Au-del\u00e0 de ces sp\u00e9cialit\u00e9s, voici les conditions d&rsquo;attribution :<\/p>\n<ul style=\"text-align: justify;\">\n<li class=\"amp-wp-7d27179\" data-amp-original-style=\"text-align: justify;\"><span class=\"amp-wp-fe3f5cc\" data-amp-original-style=\"font-weight: 400;\">Vous habitez en France de fa\u00e7on stable, plus de 6 mois par an<\/span><\/li>\n<li class=\"amp-wp-7d27179\" data-amp-original-style=\"text-align: justify;\"><span class=\"amp-wp-fe3f5cc\" data-amp-original-style=\"font-weight: 400;\">Vous devez \u00eatre de nationalit\u00e9 fran\u00e7aise, citoyen de l\u2019Espace \u00c9conomique Europ\u00e9en (EEE), suisse tout en vous justifiant d\u2019un droit de s\u00e9jour, ou enfin vous \u00eates ressortissant d\u2019un autre pays et vous r\u00e9sidez en France depuis 5 ans\u00a0<\/span><\/li>\n<li class=\"amp-wp-7d27179\" data-amp-original-style=\"text-align: justify;\"><span class=\"amp-wp-fe3f5cc\" data-amp-original-style=\"font-weight: 400;\">Les ressources mensuelles moyennes de votre foyer pendant les 3 mois qui pr\u00e9c\u00e8dent votre demande ne doivent pas d\u00e9passer un certain seuil (voir le montant plus bas).\u00a0<\/span><\/li>\n<li class=\"amp-wp-7d27179\" data-amp-original-style=\"text-align: justify;\"><span class=\"amp-wp-fe3f5cc\" data-amp-original-style=\"font-weight: 400;\">Vous devez avoir fait valoir vos droits concernant toute autre prestation sociale (comme l\u2019allocation ch\u00f4mage, la retraite) \u00e0 laquelle vous pouvez pr\u00e9tendre. Autrement dit, vous ne pouvez percevoir le RSA que si vous n\u2019avez pas ou plus le droit \u00e0 une autre aide, par exemple \u00e0 la fin de votre p\u00e9riode d\u2019indemnisation de ch\u00f4mage.<\/span><\/li>\n<\/ul>\n<p><strong>\u00c0 noter : <\/strong>Depuis janvier 2025, chaque personne percevant le RSA est automatiquement inscrite \u00e0 France Travail et doit signer un contrat d&rsquo;engagement comportant un plan d&rsquo;actions pr\u00e9cisant ses objectifs d&rsquo;insertion sociale et professionnelle. De plus, il est d\u00e9sormais requis d&rsquo;effectuer entre <strong>15 et 20 heures d&rsquo;activit\u00e9s par semaine<\/strong>\u00a0pour continuer \u00e0 percevoir l&rsquo;allocation.<\/p>\n<h2 style=\"text-align: justify;\">Montant du RSA<\/h2>\n<p class=\"amp-wp-7d27179\" style=\"text-align: justify;\" data-amp-original-style=\"text-align: justify;\"><span class=\"amp-wp-fe3f5cc\" data-amp-original-style=\"font-weight: 400;\">Le montant du RSA est variable d&rsquo;une personne \u00e0 une autre. Il est calcul\u00e9 selon vos ressources. Dans les faits, le RSA est en r\u00e9alit\u00e9 <\/span>la diff\u00e9rence entre le montant maximum du RSA et vos revenus moyens des 3 derniers mois pr\u00e9c\u00e9dant votre demande<span class=\"amp-wp-fe3f5cc\" data-amp-original-style=\"font-weight: 400;\">, incluant les prestations familiales. Attention, certaines prestations familiales ne sont pas prises en compte dans le calcul. <\/span><\/p>\n<p class=\"amp-wp-7d27179\" style=\"text-align: justify;\" data-amp-original-style=\"text-align: justify;\"><span class=\"amp-wp-fe3f5cc\" data-amp-original-style=\"font-weight: 400;\">L\u2019aide ne sera pas per\u00e7ue si elles se r\u00e9v\u00e8le \u00eatre inf\u00e9rieure \u00e0 6\u00ad \u20ac par mois. Dans le d\u00e9tail, voici le montant du RSA en moyenne et selon les situations. Ces montants sont applicables <strong>jusqu&rsquo;au 31 mars 2027<\/strong> et seront revaloris\u00e9s le 1er avril 2027.\u00a0<\/span><\/p>\n<p style=\"text-align: justify;\"><span style=\"font-weight: 400;\">Le RSA <strong>pour une personne seule<\/strong> (montant mensuel) :<\/span><\/p>\n\n<div class=\"wpdt-c row wpDataTableContainerSimpleTable wpDataTables wpDataTablesWrapper\n\"\n    >\n    <table id=\"wpdtSimpleTable-3\"\n           class=\"wpdtSimpleTable wpDataTable\"\n           data-column=\"2\"\n           data-rows=\"5\"\n           data-wpID=\"3\"\n           data-responsive=\"0\"\n           data-has-header=\"1\">\n\n                    <thead>        <tr class=\"wpdt-cell-row \" >\n                            <th class=\"wpdt-cell wpdt-bc-F3F9FE wpdt-bold\"\n                                    data-cell-id=\"A1\"\n                data-col-index=\"0\"\n                data-row-index=\"0\"\n                style=\" width:48.571428571429%;                padding:10px;\"\n                >\n                                Situation familiale                <\/th>\n                                            <th class=\"wpdt-cell wpdt-bc-F3F9FE wpdt-bold\"\n                                    data-cell-id=\"B1\"\n                data-col-index=\"1\"\n                data-row-index=\"0\"\n                style=\" width:51.428571428571%;                padding:10px;\"\n                >\n                                Montant pour une personne seule avant d\u00e9duction du forfait logement                <\/th>\n                                        <\/tr>\n                    <tbody>        <tr class=\"wpdt-cell-row \" >\n                            <td class=\"wpdt-cell \"\n                                    data-cell-id=\"A2\"\n                data-col-index=\"0\"\n                data-row-index=\"1\"\n                style=\"                padding:10px;\"\n                >\n                                Personne seule sans enfant                <\/td>\n                                            <td class=\"wpdt-cell \"\n                                    data-cell-id=\"B2\"\n                data-col-index=\"1\"\n                data-row-index=\"1\"\n                style=\"                padding:10px;\"\n                >\n                                651,69 \u20ac                <\/td>\n                                        <\/tr>\n                            <tr class=\"wpdt-cell-row \" >\n                            <td class=\"wpdt-cell \"\n                                    data-cell-id=\"A3\"\n                data-col-index=\"0\"\n                data-row-index=\"2\"\n                style=\"                padding:10px;\"\n                >\n                                Personne seule avec 1 enfant                <\/td>\n                                            <td class=\"wpdt-cell \"\n                                    data-cell-id=\"B3\"\n                data-col-index=\"1\"\n                data-row-index=\"2\"\n                style=\"                padding:10px;\"\n                >\n                                977,54 \u20ac                <\/td>\n                                        <\/tr>\n                            <tr class=\"wpdt-cell-row \" >\n                            <td class=\"wpdt-cell \"\n                                    data-cell-id=\"A4\"\n                data-col-index=\"0\"\n                data-row-index=\"3\"\n                style=\"                padding:10px;\"\n                >\n                                Personne seule avec 2 enfants                <\/td>\n                                            <td class=\"wpdt-cell \"\n                                    data-cell-id=\"B4\"\n                data-col-index=\"1\"\n                data-row-index=\"3\"\n                style=\"                padding:10px;\"\n                >\n                                1 173,05 \u20ac                <\/td>\n                                        <\/tr>\n                            <tr class=\"wpdt-cell-row \" >\n                            <td class=\"wpdt-cell \"\n                                    data-cell-id=\"A5\"\n                data-col-index=\"0\"\n                data-row-index=\"4\"\n                style=\"                padding:10px;\"\n                >\n                                Par enfant suppl\u00e9mentaire                <\/td>\n                                            <td class=\"wpdt-cell \"\n                                    data-cell-id=\"B5\"\n                data-col-index=\"1\"\n                data-row-index=\"4\"\n                style=\"                padding:10px;\"\n                >\n                                + 260,68 \u20ac                <\/td>\n                                        <\/tr>\n                    <\/table>\n<\/div><style id='wpdt-custom-style-3'>\ntable#wpdtSimpleTable-3{ table-layout: fixed !important; }\n.wpdt-bc-F3F9FE { background-color: #F3F9FE !important;}\n<\/style>\n\n<p style=\"text-align: justify;\"><span style=\"font-weight: 400;\">Le RSA <strong>pour un couple<\/strong> (montant mensuel) :<\/span><\/p>\n\n<div class=\"wpdt-c row wpDataTableContainerSimpleTable wpDataTables wpDataTablesWrapper\n\"\n    >\n    <table id=\"wpdtSimpleTable-4\"\n           class=\"wpdtSimpleTable wpDataTable\"\n           data-column=\"2\"\n           data-rows=\"5\"\n           data-wpID=\"4\"\n           data-responsive=\"0\"\n           data-has-header=\"1\">\n\n                    <thead>        <tr class=\"wpdt-cell-row \" >\n                            <th class=\"wpdt-cell wpdt-bc-F3F9FE wpdt-bold\"\n                                    data-cell-id=\"A1\"\n                data-col-index=\"0\"\n                data-row-index=\"0\"\n                style=\" width:48.571428571429%;                padding:10px;\"\n                >\n                                Situation familiale                <\/th>\n                                            <th class=\"wpdt-cell wpdt-bc-F3F9FE wpdt-bold\"\n                                    data-cell-id=\"B1\"\n                data-col-index=\"1\"\n                data-row-index=\"0\"\n                style=\" width:51.428571428571%;                padding:10px;\"\n                >\n                                Montant pour un couple avant d\u00e9duction du forfait logement                <\/th>\n                                        <\/tr>\n                    <tbody>        <tr class=\"wpdt-cell-row \" >\n                            <td class=\"wpdt-cell \"\n                                    data-cell-id=\"A2\"\n                data-col-index=\"0\"\n                data-row-index=\"1\"\n                style=\"                padding:10px;\"\n                >\n                                Couple sans enfant                <\/td>\n                                            <td class=\"wpdt-cell \"\n                                    data-cell-id=\"B2\"\n                data-col-index=\"1\"\n                data-row-index=\"1\"\n                style=\"                padding:10px;\"\n                >\n                                977,54 \u20ac                <\/td>\n                                        <\/tr>\n                            <tr class=\"wpdt-cell-row \" >\n                            <td class=\"wpdt-cell \"\n                                    data-cell-id=\"A3\"\n                data-col-index=\"0\"\n                data-row-index=\"2\"\n                style=\"                padding:10px;\"\n                >\n                                Couple avec 1 enfant                <\/td>\n                                            <td class=\"wpdt-cell \"\n                                    data-cell-id=\"B3\"\n                data-col-index=\"1\"\n                data-row-index=\"2\"\n                style=\"                padding:10px;\"\n                >\n                                1 173,05 \u20ac                <\/td>\n                                        <\/tr>\n                            <tr class=\"wpdt-cell-row \" >\n                            <td class=\"wpdt-cell \"\n                                    data-cell-id=\"A4\"\n                data-col-index=\"0\"\n                data-row-index=\"3\"\n                style=\"                padding:10px;\"\n                >\n                                Couple avec 2 enfants                <\/td>\n                                            <td class=\"wpdt-cell \"\n                                    data-cell-id=\"B4\"\n                data-col-index=\"1\"\n                data-row-index=\"3\"\n                style=\"                padding:10px;\"\n                >\n                                1 368,56 \u20ac                <\/td>\n                                        <\/tr>\n                            <tr class=\"wpdt-cell-row \" >\n                            <td class=\"wpdt-cell \"\n                                    data-cell-id=\"A5\"\n                data-col-index=\"0\"\n                data-row-index=\"4\"\n                style=\"                padding:10px;\"\n                >\n                                Par enfant suppl\u00e9mentaire                <\/td>\n                                            <td class=\"wpdt-cell \"\n                                    data-cell-id=\"B5\"\n                data-col-index=\"1\"\n                data-row-index=\"4\"\n                style=\"                padding:10px;\"\n                >\n                                + 260,68 \u20ac                <\/td>\n                                        <\/tr>\n                    <\/table>\n<\/div><style id='wpdt-custom-style-4'>\ntable#wpdtSimpleTable-4{ table-layout: fixed !important; }\ntable#wpdtSimpleTable-4 td, table.wpdtSimpleTable4 th { white-space: normal !important; }\n.wpdt-bc-F3F9FE { background-color: #F3F9FE !important;}\n<\/style>\n\n<p>Depuis <strong data-start=\"7\" data-end=\"26\">mars 2025<\/strong>, la <strong data-start=\"277\" data-end=\"321\">d\u00e9claration trimestrielle est simplifi\u00e9e<\/strong> gr\u00e2ce \u00e0 un <strong data-start=\"333\" data-end=\"358\">formulaire pr\u00e9-rempli<\/strong>, int\u00e9grant automatiquement certains revenus avec la possibilit\u00e9 de corrections. Par ailleurs, les <strong data-start=\"457\" data-end=\"495\">p\u00e9riodes de d\u00e9claration ont chang\u00e9<\/strong>: depuis mars, il faut d\u00e9clarer les revenus de <strong data-start=\"543\" data-end=\"576\">novembre, d\u00e9cembre et janvier<\/strong>, au lieu de <strong data-start=\"589\" data-end=\"621\">d\u00e9cembre, janvier et f\u00e9vrier <\/strong>auparavant. Cette modification vise \u00e0 <strong data-start=\"660\" data-end=\"723\">r\u00e9duire les erreurs et acc\u00e9l\u00e9rer le traitement des dossiers <\/strong>pour un versement plus fluide.<\/p>\n<p style=\"text-align: justify;\"><div class='cta-block'><div class='text'>Simulez vos aides en 2 min.<\/div><a href='https:\/\/www.mes-allocs.fr\/ab-app?origin=guides\/wp-json\/wp\/v2\/posts\/23741' class='app-button fit'>Simulation gratuite<\/a><\/div><\/p>\n","protected":false},"excerpt":{"rendered":"<p>[Mis \u00e0 jour le 03\/04\/2026] La redevance audiovisuelle est une taxe que les Fran\u00e7ais payent. Elle est li\u00e9e \u00e0 ce que nous regardons sur nos t\u00e9l\u00e9visions. Les b\u00e9n\u00e9ficiaires du RSA b\u00e9n\u00e9ficient de plusieurs exon\u00e9rations sur certains imp\u00f4ts et taxes. Nous allons voir si c&rsquo;est le cas pour la redevance audiovisuelle en 2026. Qu&rsquo;est-ce que la [&hellip;]<\/p>\n","protected":false},"author":6,"featured_media":23749,"comment_status":"open","ping_status":"open","sticky":false,"template":"","format":"standard","meta":{"amp_status":"","footnotes":""},"categories":[14,16136],"tags":[],"class_list":["post-23741","post","type-post","status-publish","format-standard","has-post-thumbnail","hentry","category-rsa","category-rsa-exoneration"],"yoast_head":"<!-- This site is optimized with the Yoast SEO plugin v14.9 - https:\/\/yoast.com\/wordpress\/plugins\/seo\/ -->\n<title>Redevance audiovisuelle : les b\u00e9n\u00e9ficiaires du RSA en sont-ils exon\u00e9r\u00e9s ?<\/title>\n<meta name=\"description\" content=\"La redevance audiovisuelle fait partie de ces taxes \u00e0 payer chaque ann\u00e9e. Mais, est-ce que les personnes au RSA doivent la payer ?\" \/>\n<meta name=\"robots\" content=\"index, follow, max-snippet:-1, max-image-preview:large, max-video-preview:-1\" \/>\n<link rel=\"canonical\" href=\"https:\/\/www.mes-allocs.fr\/guides\/rsa\/rsa-exoneration\/redevance-audiovisuelle-rsa\/\" \/>\n<meta property=\"og:locale\" content=\"fr_FR\" \/>\n<meta property=\"og:type\" content=\"article\" \/>\n<meta property=\"og:title\" content=\"Redevance audiovisuelle : les b\u00e9n\u00e9ficiaires du RSA en sont-ils exon\u00e9r\u00e9s ?\" \/>\n<meta property=\"og:description\" content=\"La redevance audiovisuelle fait partie de ces taxes \u00e0 payer chaque ann\u00e9e. Mais, est-ce que les personnes au RSA doivent la payer ?\" \/>\n<meta property=\"og:url\" content=\"https:\/\/www.mes-allocs.fr\/guides\/rsa\/rsa-exoneration\/redevance-audiovisuelle-rsa\/\" \/>\n<meta property=\"og:site_name\" content=\"Mes-Allocs.fr\" \/>\n<meta property=\"article:published_time\" content=\"2021-04-02T09:55:08+00:00\" \/>\n<meta property=\"article:modified_time\" content=\"2026-04-03T14:15:17+00:00\" \/>\n<meta property=\"og:image\" content=\"https:\/\/www.mes-allocs.fr\/guides\/wp-content\/uploads\/2021\/03\/tele-e1617093407690.jpg?wsr\" \/>\n\t<meta property=\"og:image:width\" content=\"1125\" \/>\n\t<meta property=\"og:image:height\" content=\"393\" \/>\n<meta name=\"twitter:card\" content=\"summary_large_image\" \/>\n<script type=\"application\/ld+json\" class=\"yoast-schema-graph\">{\"@context\":\"https:\/\/schema.org\",\"@graph\":[{\"@type\":\"WebSite\",\"@id\":\"https:\/\/www.mes-allocs.fr\/guides\/#website\",\"url\":\"https:\/\/www.mes-allocs.fr\/guides\/\",\"name\":\"Mes-Allocs.fr\",\"description\":\"\",\"potentialAction\":[{\"@type\":\"SearchAction\",\"target\":\"https:\/\/www.mes-allocs.fr\/guides\/?s={search_term_string}\",\"query-input\":\"required name=search_term_string\"}],\"inLanguage\":\"fr-FR\"},{\"@type\":\"ImageObject\",\"@id\":\"https:\/\/www.mes-allocs.fr\/guides\/rsa\/rsa-exoneration\/redevance-audiovisuelle-rsa\/#primaryimage\",\"inLanguage\":\"fr-FR\",\"url\":\"https:\/\/www.mes-allocs.fr\/guides\/wp-content\/uploads\/2021\/03\/tele-e1617093407690.jpg?wsr\",\"width\":1125,\"height\":393,\"caption\":\"redevance audiovisuelle rsa\"},{\"@type\":\"WebPage\",\"@id\":\"https:\/\/www.mes-allocs.fr\/guides\/rsa\/rsa-exoneration\/redevance-audiovisuelle-rsa\/#webpage\",\"url\":\"https:\/\/www.mes-allocs.fr\/guides\/rsa\/rsa-exoneration\/redevance-audiovisuelle-rsa\/\",\"name\":\"Redevance audiovisuelle : les b\\u00e9n\\u00e9ficiaires du RSA en sont-ils exon\\u00e9r\\u00e9s ?\",\"isPartOf\":{\"@id\":\"https:\/\/www.mes-allocs.fr\/guides\/#website\"},\"primaryImageOfPage\":{\"@id\":\"https:\/\/www.mes-allocs.fr\/guides\/rsa\/rsa-exoneration\/redevance-audiovisuelle-rsa\/#primaryimage\"},\"datePublished\":\"2021-04-02T09:55:08+00:00\",\"dateModified\":\"2026-04-03T14:15:17+00:00\",\"author\":{\"@id\":\"https:\/\/www.mes-allocs.fr\/guides\/#\/schema\/person\/0ecd61a8600573914d00d970a588c024\"},\"description\":\"La redevance audiovisuelle fait partie de ces taxes \\u00e0 payer chaque ann\\u00e9e. Mais, est-ce que les personnes au RSA doivent la payer ?\",\"inLanguage\":\"fr-FR\"},{\"@type\":\"Person\",\"@id\":\"https:\/\/www.mes-allocs.fr\/guides\/#\/schema\/person\/0ecd61a8600573914d00d970a588c024\",\"name\":\"Jonathan\",\"image\":{\"@type\":\"ImageObject\",\"@id\":\"https:\/\/www.mes-allocs.fr\/guides\/#personlogo\",\"inLanguage\":\"fr-FR\",\"url\":\"https:\/\/www.mes-allocs.fr\/guides\/wp-content\/uploads\/2021\/06\/jonathan-150x150.png\",\"caption\":\"Jonathan\"},\"description\":\"Jonathan est r\\u00e9dacteur au sein de l'\\u00e9quipe Mes Allocs, sp\\u00e9cialis\\u00e9 sur les sujets li\\u00e9s au handicap. Dipl\\u00f4m\\u00e9e de l'UPEM, il rejoint Mes Allocs apr\\u00e8s avoir travaill\\u00e9 \\u00e0 l'association AEDE qui accompagne les adultes en situation de handicap. Quand il n'\\u00e9crit pas, on peut le retrouver sur un terrain de basket.\",\"sameAs\":[\"https:\/\/www.linkedin.com\/in\/jonathan-bambela-8637861b7\"]}]}<\/script>\n<!-- \/ Yoast SEO plugin. -->","amp_validity":null,"acf":{"faq":{"1":{"question":"Est-ce possible d'\u00eatre exon\u00e9r\u00e9 de la redevance audiovisuelle ? ","answer":"Oui, en tant que b\u00e9n\u00e9ficiaire du RSA, il est possible d'\u00eatre exon\u00e9r\u00e9. "},"2":{"question":"Quel est le montant de la taxe ? ","answer":"Le montant \u00e9tait de 138 \u20ac en m\u00e9tropole et 88 \u20ac dans les DOM, avant sa suppression."},"3":{"question":"Est-il possible de payer en plusieurs fois ? ","answer":"Si le paiement de votre taxe d'habitation est soumise \u00e0 plusieurs mensualit\u00e9s, la redevance audiovisuelle l'est aussi. "},"4":{"question":"Les personnes au RSA payent-elles l'aide t\u00e9l\u00e9phonique ? ","answer":"Pour l'aide t\u00e9l\u00e9phonique il existe plusieurs offres pour les personnes au RSA. \r\n"},"5":{"question":"Comment est vers\u00e9 le RSA ? ","answer":"Pour avoir les informations concernant le versement du RSA, nous vous invitons \u00e0 lire cet article ! \r\n"},"6":{"question":"","answer":""},"7":{"question":"","answer":""},"8":{"question":"","answer":""},"9":{"question":"","answer":""},"10":{"question":"","answer":""},"11":{"question":"","answer":""},"12":{"question":"","answer":""},"13":{"question":"","answer":""},"14":{"question":"","answer":""},"15":{"question":"","answer":""},"16":{"question":"","answer":""}}},"_links":{"self":[{"href":"https:\/\/www.mes-allocs.fr\/guides\/wp-json\/wp\/v2\/posts\/23741","targetHints":{"allow":["GET"]}}],"collection":[{"href":"https:\/\/www.mes-allocs.fr\/guides\/wp-json\/wp\/v2\/posts"}],"about":[{"href":"https:\/\/www.mes-allocs.fr\/guides\/wp-json\/wp\/v2\/types\/post"}],"author":[{"embeddable":true,"href":"https:\/\/www.mes-allocs.fr\/guides\/wp-json\/wp\/v2\/users\/6"}],"replies":[{"embeddable":true,"href":"https:\/\/www.mes-allocs.fr\/guides\/wp-json\/wp\/v2\/comments?post=23741"}],"version-history":[{"count":27,"href":"https:\/\/www.mes-allocs.fr\/guides\/wp-json\/wp\/v2\/posts\/23741\/revisions"}],"predecessor-version":[{"id":111578,"href":"https:\/\/www.mes-allocs.fr\/guides\/wp-json\/wp\/v2\/posts\/23741\/revisions\/111578"}],"wp:featuredmedia":[{"embeddable":true,"href":"https:\/\/www.mes-allocs.fr\/guides\/wp-json\/wp\/v2\/media\/23749"}],"wp:attachment":[{"href":"https:\/\/www.mes-allocs.fr\/guides\/wp-json\/wp\/v2\/media?parent=23741"}],"wp:term":[{"taxonomy":"category","embeddable":true,"href":"https:\/\/www.mes-allocs.fr\/guides\/wp-json\/wp\/v2\/categories?post=23741"},{"taxonomy":"post_tag","embeddable":true,"href":"https:\/\/www.mes-allocs.fr\/guides\/wp-json\/wp\/v2\/tags?post=23741"}],"curies":[{"name":"wp","href":"https:\/\/api.w.org\/{rel}","templated":true}]}}