{"id":23567,"date":"2021-04-07T15:11:36","date_gmt":"2021-04-07T15:11:36","guid":{"rendered":"https:\/\/www.mes-allocs.fr\/guides\/?p=23567"},"modified":"2026-04-03T15:31:45","modified_gmt":"2026-04-03T14:31:45","slug":"cumul-rsa","status":"publish","type":"post","link":"https:\/\/www.mes-allocs.fr\/guides\/rsa\/cumul-rsa\/","title":{"rendered":"RSA : le cumul avec d&rsquo;autres aides est-il possible en 2026 ?"},"content":{"rendered":"<p><img loading=\"lazy\" decoding=\"async\" class=\"aligncenter wp-image-23568 size-full\" src=\"https:\/\/www.mes-allocs.fr\/guides\/wp-content\/uploads\/2021\/03\/liste--e1685609022842.jpg\" alt=\"cumul rsa\" width=\"960\" height=\"259\" srcset=\"https:\/\/www.mes-allocs.fr\/guides\/wp-content\/uploads\/2021\/03\/liste--e1685609022842.jpg 960w, https:\/\/www.mes-allocs.fr\/guides\/wp-content\/uploads\/2021\/03\/liste--e1685609022842-300x81.jpg 300w, https:\/\/www.mes-allocs.fr\/guides\/wp-content\/uploads\/2021\/03\/liste--e1685609022842-768x207.jpg 768w, https:\/\/www.mes-allocs.fr\/guides\/wp-content\/uploads\/2021\/03\/liste--e1685609022842-600x162.jpg 600w\" sizes=\"auto, (max-width: 960px) 100vw, 960px\" \/><\/p>\n<p style=\"text-align: justify;\">[Mis \u00e0 jour le 03\/04\/2026] Le <a href=\"https:\/\/www.mes-allocs.fr\/guides\/rsa\">RSA<\/a> est une aide d\u00e9livr\u00e9e par la CAF qui a pour but d&rsquo;aider le b\u00e9n\u00e9ficiaire dans sa condition \u00e9conomique. Cette aide n&rsquo;est pas exclusive dans le sens o\u00f9 elle ne peut pas s&rsquo;additionner \u00e0 d&rsquo;autres subventions. On vous explique tout dans cet article.<\/p>\n<div class='cta-block'><div class='text'>Simulez vos aides en 2 min.<\/div><a href='https:\/\/www.mes-allocs.fr\/ab-app?origin=guides\/wp-json\/wp\/v2\/posts\/23567' class='app-button fit'>Simulation gratuite<\/a><\/div>\n<h1 style=\"text-align: justify;\">Qu&rsquo;est-ce que le RSA ?<\/h1>\n<h2 style=\"text-align: justify;\">D\u00e9finition<\/h2>\n<p style=\"text-align: justify;\">Le Revenu de Solidarit\u00e9 Active (RSA) est une prestation financi\u00e8re qui est vers\u00e9e par la Caisse d&rsquo;Allocations Familiales. Elle permet aux personnes ayant un faible revenu ou n&rsquo;ayant pas de revenu de b\u00e9n\u00e9ficier d&rsquo;un compl\u00e9ment qui lui garantira un revenu minimal pour vivre.<\/p>\n<p style=\"text-align: justify;\">L&rsquo;organisme qui g\u00e8re cette aide et le conseil d\u00e9partemental. Le RSA est vers\u00e9 par les diff\u00e9rentes caisses, la CAF ou la Mutualit\u00e9 Sociale Agricole (MSA). En contrepartie de cette somme per\u00e7ue par les allocataires, ils ont une obligation de chercher une activit\u00e9 professionnelle. Pour en b\u00e9n\u00e9ficier, vous devez donc faire la demande de RSA aupr\u00e8s de votre CAF.<\/p>\n<p style=\"text-align: justify;\">Cette activit\u00e9 professionnelle peut correspondre \u00e0 la recherche d&rsquo;un emploi, \u00e0 une formation ou un stage. Le RSA, dans le cadre des politiques sociales en France s&rsquo;inscrit dans les aides solidaires.<\/p>\n<p style=\"text-align: justify;\">La prime d&rsquo;activit\u00e9 remplace\u00a0le RSA activit\u00e9 et la prime pour l&#8217;emploi depuis janvier 2016. Ce qu&rsquo;il reste du RSA, c&rsquo;est le \u00ab\u00a0RSA socle\u00a0\u00bb qui \u00e9tait la deuxi\u00e8me composante du RSA jusqu&rsquo;en 2016.\u00a0<sup id=\"cite_ref-4\" class=\"reference\"><\/sup><\/p>\n<h2 style=\"text-align: justify;\">Conditions d&rsquo;attribution<\/h2>\n<p style=\"text-align: justify;\">Comme pour toutes les aides sociales de la CAF, pour b\u00e9n\u00e9ficier du RSA, il faut r\u00e9pondre \u00e0 certaines conditions. \u00a0Premi\u00e8rement, les b\u00e9n\u00e9ficiaires du RSA doivent \u00eatre \u00e2g\u00e9s de plus de 25 ans. Une d\u00e9rogation peut \u00eatre faite si vous \u00eates enceinte ou que vous avez un enfant \u00e0 charge.<\/p>\n<p style=\"text-align: justify;\">Si vous avez entre 18 et 25 ans, vous pouvez aussi en b\u00e9n\u00e9ficier. Seulement, il faut que sur les trois derni\u00e8res ann\u00e9es, vous ayez exerc\u00e9 une activit\u00e9 \u00e0 plein temps sur deux ans minimums. Cette sp\u00e9cificit\u00e9 est nomm\u00e9e le RSA Jeune.<\/p>\n<p style=\"text-align: justify;\">Au-del\u00e0 de ces sp\u00e9cialit\u00e9s, voici les conditions d&rsquo;attribution :<\/p>\n<ul style=\"text-align: justify;\">\n<li class=\"amp-wp-7d27179\" data-amp-original-style=\"text-align: justify;\"><span class=\"amp-wp-fe3f5cc\" data-amp-original-style=\"font-weight: 400;\">Vous habitez en France de fa\u00e7on stable, plus de 6 mois par an<\/span><\/li>\n<li class=\"amp-wp-7d27179\" data-amp-original-style=\"text-align: justify;\"><span class=\"amp-wp-fe3f5cc\" data-amp-original-style=\"font-weight: 400;\">Vous devez \u00eatre de nationalit\u00e9 fran\u00e7aise, citoyen de l\u2019Espace \u00c9conomique Europ\u00e9en (EEE), suisse tout en vous justifiant d\u2019un droit de s\u00e9jour, ou enfin vous \u00eates ressortissant d\u2019un autre pays et vous r\u00e9sidez en France depuis 5 ans\u00a0<\/span><\/li>\n<li class=\"amp-wp-7d27179\" data-amp-original-style=\"text-align: justify;\"><span class=\"amp-wp-fe3f5cc\" data-amp-original-style=\"font-weight: 400;\">Les ressources mensuelles moyennes de votre foyer pendant les 3 mois qui pr\u00e9c\u00e8dent votre demande ne doivent pas d\u00e9passer un certain seuil (voir le montant plus bas).\u00a0<\/span><\/li>\n<li class=\"amp-wp-7d27179\" data-amp-original-style=\"text-align: justify;\"><span class=\"amp-wp-fe3f5cc\" data-amp-original-style=\"font-weight: 400;\">Vous devez avoir fait valoir vos droits concernant toute autre prestation sociale (comme l\u2019allocation ch\u00f4mage, la retraite) \u00e0 laquelle vous pouvez pr\u00e9tendre. Autrement dit, vous ne pouvez percevoir le RSA que si vous n\u2019avez pas ou plus le droit \u00e0 une autre aide, par exemple \u00e0 la fin de votre p\u00e9riode d\u2019indemnisation de ch\u00f4mage.<\/span><\/li>\n<\/ul>\n<p><strong>\u00c0 noter : <\/strong>chaque personne percevant le RSA est automatiquement inscrite \u00e0 France Travail et doit signer un contrat d&rsquo;engagement comportant un plan d&rsquo;actions pr\u00e9cisant ses objectifs d&rsquo;insertion sociale et professionnelle. De plus, il est d\u00e9sormais requis d&rsquo;effectuer entre <strong>15 et 20 heures d&rsquo;activit\u00e9s par semaine<\/strong>\u00a0pour continuer \u00e0 percevoir l&rsquo;allocation.<\/p>\n<p style=\"text-align: justify;\"><div class='cta-block'><div class='text'>Simulez vos aides en 2 min.<\/div><a href='https:\/\/www.mes-allocs.fr\/ab-app?origin=guides\/wp-json\/wp\/v2\/posts\/23567' class='app-button fit'>Simulation gratuite<\/a><\/div><\/p>\n<h2 style=\"text-align: justify;\">Montant du RSA<\/h2>\n<p class=\"amp-wp-7d27179\" style=\"text-align: justify;\" data-amp-original-style=\"text-align: justify;\"><span class=\"amp-wp-fe3f5cc\" data-amp-original-style=\"font-weight: 400;\">Le montant du RSA est variable d&rsquo;une personne \u00e0 une autre. Il est calcul\u00e9 selon vos ressources. Dans les faits, le RSA est en r\u00e9alit\u00e9 <\/span>la diff\u00e9rence entre le montant maximum du RSA et vos revenus moyens des 3 derniers mois pr\u00e9c\u00e9dant votre demande<span class=\"amp-wp-fe3f5cc\" data-amp-original-style=\"font-weight: 400;\">, incluant les prestations familiales. Attention, certaines prestations familiales ne sont pas prises en compte dans le calcul. <\/span><\/p>\n<p class=\"amp-wp-7d27179\" style=\"text-align: justify;\" data-amp-original-style=\"text-align: justify;\"><span class=\"amp-wp-fe3f5cc\" data-amp-original-style=\"font-weight: 400;\">L\u2019aide ne sera pas per\u00e7ue si elle se r\u00e9v\u00e8le \u00eatre inf\u00e9rieure \u00e0 6\u00ad \u20ac par mois. Dans le d\u00e9tail, voici le montant du RSA forfaitaire selon les situations. Ces montants sont appliqu\u00e9s <strong>jusqu&rsquo;au 31 mars 2027<\/strong> et seront revaloris\u00e9s le 1er avril 2027.<\/span><\/p>\n<p style=\"text-align: justify;\"><span style=\"font-weight: 400;\">Le RSA <strong>pour une personne seule<\/strong> (montant mensuel) :<\/span><\/p>\n\n<div class=\"wpdt-c row wpDataTableContainerSimpleTable wpDataTables wpDataTablesWrapper\n\"\n    >\n    <table id=\"wpdtSimpleTable-3\"\n           class=\"wpdtSimpleTable wpDataTable\"\n           data-column=\"2\"\n           data-rows=\"5\"\n           data-wpID=\"3\"\n           data-responsive=\"0\"\n           data-has-header=\"1\">\n\n                    <thead>        <tr class=\"wpdt-cell-row \" >\n                            <th class=\"wpdt-cell wpdt-bc-F3F9FE wpdt-bold\"\n                                    data-cell-id=\"A1\"\n                data-col-index=\"0\"\n                data-row-index=\"0\"\n                style=\" width:48.571428571429%;                padding:10px;\"\n                >\n                                Situation familiale                <\/th>\n                                            <th class=\"wpdt-cell wpdt-bc-F3F9FE wpdt-bold\"\n                                    data-cell-id=\"B1\"\n                data-col-index=\"1\"\n                data-row-index=\"0\"\n                style=\" width:51.428571428571%;                padding:10px;\"\n                >\n                                Montant pour une personne seule avant d\u00e9duction du forfait logement                <\/th>\n                                        <\/tr>\n                    <tbody>        <tr class=\"wpdt-cell-row \" >\n                            <td class=\"wpdt-cell \"\n                                    data-cell-id=\"A2\"\n                data-col-index=\"0\"\n                data-row-index=\"1\"\n                style=\"                padding:10px;\"\n                >\n                                Personne seule sans enfant                <\/td>\n                                            <td class=\"wpdt-cell \"\n                                    data-cell-id=\"B2\"\n                data-col-index=\"1\"\n                data-row-index=\"1\"\n                style=\"                padding:10px;\"\n                >\n                                651,69 \u20ac                <\/td>\n                                        <\/tr>\n                            <tr class=\"wpdt-cell-row \" >\n                            <td class=\"wpdt-cell \"\n                                    data-cell-id=\"A3\"\n                data-col-index=\"0\"\n                data-row-index=\"2\"\n                style=\"                padding:10px;\"\n                >\n                                Personne seule avec 1 enfant                <\/td>\n                                            <td class=\"wpdt-cell \"\n                                    data-cell-id=\"B3\"\n                data-col-index=\"1\"\n                data-row-index=\"2\"\n                style=\"                padding:10px;\"\n                >\n                                977,54 \u20ac                <\/td>\n                                        <\/tr>\n                            <tr class=\"wpdt-cell-row \" >\n                            <td class=\"wpdt-cell \"\n                                    data-cell-id=\"A4\"\n                data-col-index=\"0\"\n                data-row-index=\"3\"\n                style=\"                padding:10px;\"\n                >\n                                Personne seule avec 2 enfants                <\/td>\n                                            <td class=\"wpdt-cell \"\n                                    data-cell-id=\"B4\"\n                data-col-index=\"1\"\n                data-row-index=\"3\"\n                style=\"                padding:10px;\"\n                >\n                                1 173,05 \u20ac                <\/td>\n                                        <\/tr>\n                            <tr class=\"wpdt-cell-row \" >\n                            <td class=\"wpdt-cell \"\n                                    data-cell-id=\"A5\"\n                data-col-index=\"0\"\n                data-row-index=\"4\"\n                style=\"                padding:10px;\"\n                >\n                                Par enfant suppl\u00e9mentaire                <\/td>\n                                            <td class=\"wpdt-cell \"\n                                    data-cell-id=\"B5\"\n                data-col-index=\"1\"\n                data-row-index=\"4\"\n                style=\"                padding:10px;\"\n                >\n                                + 260,68 \u20ac                <\/td>\n                                        <\/tr>\n                    <\/table>\n<\/div><style id='wpdt-custom-style-3'>\ntable#wpdtSimpleTable-3{ table-layout: fixed !important; }\n.wpdt-bc-F3F9FE { background-color: #F3F9FE !important;}\n<\/style>\n\n<p style=\"text-align: justify;\"><span style=\"font-weight: 400;\">Le RSA <strong>pour un couple<\/strong> (montant mensuel) :<\/span><\/p>\n\n<div class=\"wpdt-c row wpDataTableContainerSimpleTable wpDataTables wpDataTablesWrapper\n\"\n    >\n    <table id=\"wpdtSimpleTable-4\"\n           class=\"wpdtSimpleTable wpDataTable\"\n           data-column=\"2\"\n           data-rows=\"5\"\n           data-wpID=\"4\"\n           data-responsive=\"0\"\n           data-has-header=\"1\">\n\n                    <thead>        <tr class=\"wpdt-cell-row \" >\n                            <th class=\"wpdt-cell wpdt-bc-F3F9FE wpdt-bold\"\n                                    data-cell-id=\"A1\"\n                data-col-index=\"0\"\n                data-row-index=\"0\"\n                style=\" width:48.571428571429%;                padding:10px;\"\n                >\n                                Situation familiale                <\/th>\n                                            <th class=\"wpdt-cell wpdt-bc-F3F9FE wpdt-bold\"\n                                    data-cell-id=\"B1\"\n                data-col-index=\"1\"\n                data-row-index=\"0\"\n                style=\" width:51.428571428571%;                padding:10px;\"\n                >\n                                Montant pour un couple avant d\u00e9duction du forfait logement                <\/th>\n                                        <\/tr>\n                    <tbody>        <tr class=\"wpdt-cell-row \" >\n                            <td class=\"wpdt-cell \"\n                                    data-cell-id=\"A2\"\n                data-col-index=\"0\"\n                data-row-index=\"1\"\n                style=\"                padding:10px;\"\n                >\n                                Couple sans enfant                <\/td>\n                                            <td class=\"wpdt-cell \"\n                                    data-cell-id=\"B2\"\n                data-col-index=\"1\"\n                data-row-index=\"1\"\n                style=\"                padding:10px;\"\n                >\n                                977,54 \u20ac                <\/td>\n                                        <\/tr>\n                            <tr class=\"wpdt-cell-row \" >\n                            <td class=\"wpdt-cell \"\n                                    data-cell-id=\"A3\"\n                data-col-index=\"0\"\n                data-row-index=\"2\"\n                style=\"                padding:10px;\"\n                >\n                                Couple avec 1 enfant                <\/td>\n                                            <td class=\"wpdt-cell \"\n                                    data-cell-id=\"B3\"\n                data-col-index=\"1\"\n                data-row-index=\"2\"\n                style=\"                padding:10px;\"\n                >\n                                1 173,05 \u20ac                <\/td>\n                                        <\/tr>\n                            <tr class=\"wpdt-cell-row \" >\n                            <td class=\"wpdt-cell \"\n                                    data-cell-id=\"A4\"\n                data-col-index=\"0\"\n                data-row-index=\"3\"\n                style=\"                padding:10px;\"\n                >\n                                Couple avec 2 enfants                <\/td>\n                                            <td class=\"wpdt-cell \"\n                                    data-cell-id=\"B4\"\n                data-col-index=\"1\"\n                data-row-index=\"3\"\n                style=\"                padding:10px;\"\n                >\n                                1 368,56 \u20ac                <\/td>\n                                        <\/tr>\n                            <tr class=\"wpdt-cell-row \" >\n                            <td class=\"wpdt-cell \"\n                                    data-cell-id=\"A5\"\n                data-col-index=\"0\"\n                data-row-index=\"4\"\n                style=\"                padding:10px;\"\n                >\n                                Par enfant suppl\u00e9mentaire                <\/td>\n                                            <td class=\"wpdt-cell \"\n                                    data-cell-id=\"B5\"\n                data-col-index=\"1\"\n                data-row-index=\"4\"\n                style=\"                padding:10px;\"\n                >\n                                + 260,68 \u20ac                <\/td>\n                                        <\/tr>\n                    <\/table>\n<\/div><style id='wpdt-custom-style-4'>\ntable#wpdtSimpleTable-4{ table-layout: fixed !important; }\ntable#wpdtSimpleTable-4 td, table.wpdtSimpleTable4 th { white-space: normal !important; }\n.wpdt-bc-F3F9FE { background-color: #F3F9FE !important;}\n<\/style>\n\n<h1 style=\"text-align: justify;\">Le versement du RSA<\/h1>\n<h2 style=\"text-align: justify;\">D\u00e9tails du versement<\/h2>\n<p style=\"text-align: justify;\">En ce qui concerne le versement de l&rsquo;aide, la CAF effectue tous les mois un\u00a0virement bancaire afin de proc\u00e9der au paiement\u00a0du RSA. Le versement se fait \u00e0 la m\u00eame date pour tous les allocataires. Pour les nouveaux b\u00e9n\u00e9ficiaires, le 1er paiement du RSA intervient au d\u00e9but du mois suivant la demande, le m\u00eame jour que pour tous les autres allocataires.<\/p>\n<p style=\"text-align: justify;\">La date de versement RSA par la CAF est\u00a0le 5\u00a0de chaque mois. Cependant, selon que ce jour tombe un week-end ou un jour f\u00e9ri\u00e9, cette date peut se voir d\u00e9cal\u00e9e au jour ouvr\u00e9 le plus proche. Il existe un calendrier de la CAF permettant de savoir quand l&rsquo;allocation va \u00eatre vers\u00e9e.<\/p>\n<p style=\"text-align: justify;\">Si la date de paiement se trouve lors d&rsquo;un jour f\u00e9ri\u00e9 ou tombe un samedi, le paiement se fera le prochain jour ouvr\u00e9.<\/p>\n<p style=\"text-align: justify;\">Cependant, \u00e0 l\u2019issue des 3 mois, l&rsquo;allocataire doit proc\u00e9der \u00e0 sa d\u00e9claration trimestrielle afin de percevoir de nouveaux droits. Depuis <strong data-start=\"7\" data-end=\"26\">mars 2025<\/strong>, la <strong data-start=\"277\" data-end=\"321\">d\u00e9claration trimestrielle est simplifi\u00e9e<\/strong> gr\u00e2ce \u00e0 un <strong data-start=\"333\" data-end=\"358\">formulaire pr\u00e9-rempli<\/strong>, int\u00e9grant automatiquement certains revenus avec la possibilit\u00e9 de corrections. Par ailleurs, les <strong data-start=\"457\" data-end=\"495\">p\u00e9riodes de d\u00e9claration ont chang\u00e9<\/strong>: depuis mars, il faut d\u00e9clarer les revenus de <strong data-start=\"543\" data-end=\"576\">novembre, d\u00e9cembre et janvier<\/strong>, au lieu de <strong data-start=\"589\" data-end=\"621\">d\u00e9cembre, janvier et f\u00e9vrier <\/strong>auparavant. Cette modification vise \u00e0 <strong data-start=\"660\" data-end=\"723\">r\u00e9duire les erreurs et acc\u00e9l\u00e9rer le traitement des dossiers <\/strong>pour un versement plus fluide.<\/p>\n<p>&nbsp;<\/p>\n<p style=\"text-align: center;\"><iframe loading=\"lazy\" src=\"\/\/www.youtube.com\/embed\/2aMlunSI1-U?t=32s\" width=\"560\" height=\"314\" allowfullscreen=\"allowfullscreen\" data-mce-fragment=\"1\"><\/iframe><\/p>\n<p>&nbsp;<\/p>\n<h1 style=\"text-align: justify;\">Cumuler le RSA avec d&rsquo;autres aides<\/h1>\n<h2 style=\"text-align: justify;\">Est-ce possible ?<\/h2>\n<p style=\"text-align: justify;\">Le RSA est une aide qui dans un premier temps, vise \u00e0 donner un revenu \u00e0 une personne qui n&rsquo;en a pas. Cependant, le RSA vise aussi les personnes qui ont un faible revenu afin de leur donner un minimum pour vivre.<\/p>\n<p style=\"text-align: justify;\">Donc en soi, le RSA est d\u00e9j\u00e0 cumulable avec d&rsquo;autres sources de revenu. Mais en soi, le RSA est bien cumulable avec d&rsquo;autres aides dans la limite des plafonds accord\u00e9s. Pour en savoir plus sur les aides cumulables avec le RSA, vous pouvez vous rapprocher de la CAF.<\/p>\n<h2 style=\"text-align: justify;\">Quelles aides sont cumulables avec le RSA ?<\/h2>\n<p style=\"text-align: justify;\">Il existe de nombreuses aides qui sont cumulables avec le RSA. Nous allons vous en citer quelques-unes :<\/p>\n<ul style=\"text-align: justify;\">\n<li>L&rsquo;allocation de Solidarit\u00e9 Sp\u00e9cifique (ASS)<\/li>\n<li>L&rsquo;allocation de Solidarit\u00e9 aux Personnes \u00c2g\u00e9es (ASPA)<\/li>\n<li>Allocations de Retour \u00e0 l\u2019Emploi (ARE)<\/li>\n<li>La prime d&rsquo;Activit\u00e9<\/li>\n<\/ul>\n<p style=\"text-align: justify;\">L&rsquo;allocation de Solidarit\u00e9 Sp\u00e9cifique est une aide pour les personnes ayant \u00e9puis\u00e9 leurs droits au ch\u00f4mage. Il s&rsquo;agit de l&rsquo;Allocation au Retour \u00e0 l&rsquo;Emploi. Cette aide est d\u00e9livr\u00e9e par P\u00f4le Emploi. Elle fait donc partie des aides cumulables avec le RSA.<\/p>\n<p style=\"text-align: justify;\">L&rsquo;ASPA\u00a0est une prestation mensuelle accord\u00e9e aux retrait\u00e9s ayant de faibles ressources. Elle est vers\u00e9e par votre caisse de retraite (<abbr tabindex=\"0\" title=\"\" data-acronyme=\"R38846\" data-original-title=\"Carsat\u00a0:\u00a0Caisse d'assurance retraite et de la sant\u00e9 au travail\">Carsat<\/abbr>, MSA, &#8230;). Le montant de cette aide varie selon les ressources du foyer mais elle reste cumulable avec le RSA.<\/p>\n<p style=\"text-align: justify;\">La prime d&rsquo;activit\u00e9 <span class=\"amp-wp-57c6437\" data-amp-original-style=\"font-size: 12pt;\">est une aide sociale qui est vers\u00e9e par la Caisse d\u2019Allocations Familiales, ou la Mutualit\u00e9 Sociale Agricole (MSA). Elle a pour but d&rsquo;encourager votre activit\u00e9 professionnelle. Cette aide s&rsquo;ajoute \u00e0 vos revenus, afin de susciter le go\u00fbt de l\u2019emploi et du retour \u00e0 l\u2019activit\u00e9 (en diff\u00e9renciant davantage celui qui b\u00e9n\u00e9ficie des indemnit\u00e9s ch\u00f4mage telles que l\u2019Aide de Retour \u00e0 l\u2019Emploi. Pour ne savoir plus, nous vous invitons \u00e0 lire <a href=\"https:\/\/www.mes-allocs.fr\/guides\/prime-d-activite\/cumul-prime-dactivite\/cumuler-prime-d-activite-et-rsa\/\">cet article<\/a>.\u00a0<\/span><\/p>\n<div class='cta-block'><div class='text'>Simulez vos aides en 2 min.<\/div><a href='https:\/\/www.mes-allocs.fr\/ab-app?origin=guides\/wp-json\/wp\/v2\/posts\/23567' class='app-button fit'>Simulation gratuite<\/a><\/div>\n","protected":false},"excerpt":{"rendered":"<p>[Mis \u00e0 jour le 03\/04\/2026] Le RSA est une aide d\u00e9livr\u00e9e par la CAF qui a pour but d&rsquo;aider le b\u00e9n\u00e9ficiaire dans sa condition \u00e9conomique. Cette aide n&rsquo;est pas exclusive dans le sens o\u00f9 elle ne peut pas s&rsquo;additionner \u00e0 d&rsquo;autres subventions. On vous explique tout dans cet article. Qu&rsquo;est-ce que le RSA ? D\u00e9finition [&hellip;]<\/p>\n","protected":false},"author":6,"featured_media":23568,"comment_status":"open","ping_status":"open","sticky":false,"template":"","format":"standard","meta":{"amp_status":"","footnotes":""},"categories":[14],"tags":[],"class_list":["post-23567","post","type-post","status-publish","format-standard","has-post-thumbnail","hentry","category-rsa"],"yoast_head":"<!-- This site is optimized with the Yoast SEO plugin v14.9 - https:\/\/yoast.com\/wordpress\/plugins\/seo\/ -->\n<title>RSA : le cumul avec d&#039;autres aides est-il possible en 2026 ? | Mes-Allocs.fr<\/title>\n<meta name=\"description\" content=\"Le RSA est destin\u00e9 aux personnes \u00e0 faibles revenus. Est-il cumulable avec d&#039;autres aides de la CAF en 2026 ? On vous dit tout.\" \/>\n<meta name=\"robots\" content=\"index, follow, max-snippet:-1, max-image-preview:large, max-video-preview:-1\" \/>\n<link rel=\"canonical\" href=\"https:\/\/www.mes-allocs.fr\/guides\/rsa\/cumul-rsa\/\" \/>\n<meta property=\"og:locale\" content=\"fr_FR\" \/>\n<meta property=\"og:type\" content=\"article\" \/>\n<meta property=\"og:title\" content=\"RSA : le cumul avec d&#039;autres aides est-il possible en 2026 ? | Mes-Allocs.fr\" \/>\n<meta property=\"og:description\" content=\"Le RSA est destin\u00e9 aux personnes \u00e0 faibles revenus. Est-il cumulable avec d&#039;autres aides de la CAF en 2026 ? On vous dit tout.\" \/>\n<meta property=\"og:url\" content=\"https:\/\/www.mes-allocs.fr\/guides\/rsa\/cumul-rsa\/\" \/>\n<meta property=\"og:site_name\" content=\"Mes-Allocs.fr\" \/>\n<meta property=\"article:published_time\" content=\"2021-04-07T15:11:36+00:00\" \/>\n<meta property=\"article:modified_time\" content=\"2026-04-03T14:31:45+00:00\" \/>\n<meta property=\"og:image\" content=\"https:\/\/www.mes-allocs.fr\/guides\/wp-content\/uploads\/2021\/03\/liste--e1685609022842.jpg?wsr\" \/>\n\t<meta property=\"og:image:width\" content=\"960\" \/>\n\t<meta property=\"og:image:height\" content=\"259\" \/>\n<meta name=\"twitter:card\" content=\"summary_large_image\" \/>\n<script type=\"application\/ld+json\" class=\"yoast-schema-graph\">{\"@context\":\"https:\/\/schema.org\",\"@graph\":[{\"@type\":\"WebSite\",\"@id\":\"https:\/\/www.mes-allocs.fr\/guides\/#website\",\"url\":\"https:\/\/www.mes-allocs.fr\/guides\/\",\"name\":\"Mes-Allocs.fr\",\"description\":\"\",\"potentialAction\":[{\"@type\":\"SearchAction\",\"target\":\"https:\/\/www.mes-allocs.fr\/guides\/?s={search_term_string}\",\"query-input\":\"required name=search_term_string\"}],\"inLanguage\":\"fr-FR\"},{\"@type\":\"ImageObject\",\"@id\":\"https:\/\/www.mes-allocs.fr\/guides\/rsa\/cumul-rsa\/#primaryimage\",\"inLanguage\":\"fr-FR\",\"url\":\"https:\/\/www.mes-allocs.fr\/guides\/wp-content\/uploads\/2021\/03\/liste--e1685609022842.jpg?wsr\",\"width\":960,\"height\":259,\"caption\":\"cumul rsa\"},{\"@type\":\"WebPage\",\"@id\":\"https:\/\/www.mes-allocs.fr\/guides\/rsa\/cumul-rsa\/#webpage\",\"url\":\"https:\/\/www.mes-allocs.fr\/guides\/rsa\/cumul-rsa\/\",\"name\":\"RSA : le cumul avec d'autres aides est-il possible en 2026 ? | Mes-Allocs.fr\",\"isPartOf\":{\"@id\":\"https:\/\/www.mes-allocs.fr\/guides\/#website\"},\"primaryImageOfPage\":{\"@id\":\"https:\/\/www.mes-allocs.fr\/guides\/rsa\/cumul-rsa\/#primaryimage\"},\"datePublished\":\"2021-04-07T15:11:36+00:00\",\"dateModified\":\"2026-04-03T14:31:45+00:00\",\"author\":{\"@id\":\"https:\/\/www.mes-allocs.fr\/guides\/#\/schema\/person\/0ecd61a8600573914d00d970a588c024\"},\"description\":\"Le RSA est destin\\u00e9 aux personnes \\u00e0 faibles revenus. Est-il cumulable avec d'autres aides de la CAF en 2026 ? On vous dit tout.\",\"inLanguage\":\"fr-FR\"},{\"@type\":\"Person\",\"@id\":\"https:\/\/www.mes-allocs.fr\/guides\/#\/schema\/person\/0ecd61a8600573914d00d970a588c024\",\"name\":\"Jonathan\",\"image\":{\"@type\":\"ImageObject\",\"@id\":\"https:\/\/www.mes-allocs.fr\/guides\/#personlogo\",\"inLanguage\":\"fr-FR\",\"url\":\"https:\/\/www.mes-allocs.fr\/guides\/wp-content\/uploads\/2021\/06\/jonathan-150x150.png\",\"caption\":\"Jonathan\"},\"description\":\"Jonathan est r\\u00e9dacteur au sein de l'\\u00e9quipe Mes Allocs, sp\\u00e9cialis\\u00e9 sur les sujets li\\u00e9s au handicap. Dipl\\u00f4m\\u00e9e de l'UPEM, il rejoint Mes Allocs apr\\u00e8s avoir travaill\\u00e9 \\u00e0 l'association AEDE qui accompagne les adultes en situation de handicap. Quand il n'\\u00e9crit pas, on peut le retrouver sur un terrain de basket.\",\"sameAs\":[\"https:\/\/www.linkedin.com\/in\/jonathan-bambela-8637861b7\"]}]}<\/script>\n<!-- \/ Yoast SEO plugin. -->","amp_validity":null,"acf":{"faq":{"1":{"question":"Le RSA est-il soumis au contr\u00f4le de la CAF ?","answer":"Oui, comme toutes les aides de la CAF, le RSA est aussi contr\u00f4l\u00e9 par les organismes pr\u00e9vues \u00e0 cet effet. \r\n"},"2":{"question":"Le montant du RSA est-il variable ?","answer":"Oui, le montant du RSA varie d'une personne \u00e0 une autre en fonction des ressources du foyer.  "},"3":{"question":"Le versement du RSA se fait-il sur le compte bancaire ? ","answer":"Oui, le versement du RSA se fait automatiquement. \r\n<br> <a href=\"https:\/\/www.mes-allocs.fr\/guides\/rsa\/versement-rsa-comment-ca-se-passe\/\">Lire la suite<\/a>"},"4":{"question":"Peut-on cumuler RSA et salaire ?","answer":"Oui, le RSA est aussi pr\u00e9vu pour les personnes \u00e0 faible revenu. Cependant l'aide est cumulable dans une certaine limite. "},"5":{"question":"Est-ce la r\u00e9gion qui verse le RSA ?","answer":"Non, la CAF se charge d\u00e9verser l'aide mais au niveau de la gestion, c'est le conseil d\u00e9partemental. "},"6":{"question":"","answer":""},"7":{"question":"","answer":""},"8":{"question":"","answer":""},"9":{"question":"","answer":""},"10":{"question":"","answer":""},"11":{"question":"","answer":""},"12":{"question":"","answer":""},"13":{"question":"","answer":""},"14":{"question":"","answer":""},"15":{"question":"","answer":""},"16":{"question":"","answer":""}}},"_links":{"self":[{"href":"https:\/\/www.mes-allocs.fr\/guides\/wp-json\/wp\/v2\/posts\/23567","targetHints":{"allow":["GET"]}}],"collection":[{"href":"https:\/\/www.mes-allocs.fr\/guides\/wp-json\/wp\/v2\/posts"}],"about":[{"href":"https:\/\/www.mes-allocs.fr\/guides\/wp-json\/wp\/v2\/types\/post"}],"author":[{"embeddable":true,"href":"https:\/\/www.mes-allocs.fr\/guides\/wp-json\/wp\/v2\/users\/6"}],"replies":[{"embeddable":true,"href":"https:\/\/www.mes-allocs.fr\/guides\/wp-json\/wp\/v2\/comments?post=23567"}],"version-history":[{"count":28,"href":"https:\/\/www.mes-allocs.fr\/guides\/wp-json\/wp\/v2\/posts\/23567\/revisions"}],"predecessor-version":[{"id":111599,"href":"https:\/\/www.mes-allocs.fr\/guides\/wp-json\/wp\/v2\/posts\/23567\/revisions\/111599"}],"wp:featuredmedia":[{"embeddable":true,"href":"https:\/\/www.mes-allocs.fr\/guides\/wp-json\/wp\/v2\/media\/23568"}],"wp:attachment":[{"href":"https:\/\/www.mes-allocs.fr\/guides\/wp-json\/wp\/v2\/media?parent=23567"}],"wp:term":[{"taxonomy":"category","embeddable":true,"href":"https:\/\/www.mes-allocs.fr\/guides\/wp-json\/wp\/v2\/categories?post=23567"},{"taxonomy":"post_tag","embeddable":true,"href":"https:\/\/www.mes-allocs.fr\/guides\/wp-json\/wp\/v2\/tags?post=23567"}],"curies":[{"name":"wp","href":"https:\/\/api.w.org\/{rel}","templated":true}]}}