{"id":23508,"date":"2021-05-31T14:11:27","date_gmt":"2021-05-31T14:11:27","guid":{"rendered":"https:\/\/www.mes-allocs.fr\/guides\/?p=23508"},"modified":"2026-04-03T15:22:32","modified_gmt":"2026-04-03T14:22:32","slug":"controle-rsa-compte-bancaire","status":"publish","type":"post","link":"https:\/\/www.mes-allocs.fr\/guides\/rsa\/controle-rsa\/controle-rsa-compte-bancaire\/","title":{"rendered":"Contr\u00f4le RSA : mon compte bancaire peut-il \u00eatre consult\u00e9 ?"},"content":{"rendered":"<p><img loading=\"lazy\" decoding=\"async\" class=\"aligncenter wp-image-23509\" src=\"https:\/\/www.mes-allocs.fr\/guides\/wp-content\/uploads\/2021\/03\/billets-2-e1616760689736.jpg\" alt=\"contr\u00f4le rsa compte bancaire\" width=\"1200\" height=\"345\" srcset=\"https:\/\/www.mes-allocs.fr\/guides\/wp-content\/uploads\/2021\/03\/billets-2-e1616760689736.jpg 960w, https:\/\/www.mes-allocs.fr\/guides\/wp-content\/uploads\/2021\/03\/billets-2-e1616760689736-300x86.jpg 300w, https:\/\/www.mes-allocs.fr\/guides\/wp-content\/uploads\/2021\/03\/billets-2-e1616760689736-768x221.jpg 768w, https:\/\/www.mes-allocs.fr\/guides\/wp-content\/uploads\/2021\/03\/billets-2-e1616760689736-600x173.jpg 600w\" sizes=\"auto, (max-width: 1200px) 100vw, 1200px\" \/><\/p>\n<p style=\"text-align: justify;\">[Mis \u00e0 jour le 03\/04\/2026] Lors d&rsquo;un contr\u00f4le <a href=\"https:\/\/www.mes-allocs.fr\/guides\/rsa\">RSA<\/a> de la CAF, elle est en droit de regarder tous les param\u00e8tres influents sur la perception de l&rsquo;aide. Cependant, est-elle en droit de consulter votre compte bancaire sans votre accord ? On vous explique tout.<\/p>\n<div class='cta-block'><div class='text'>Simulez vos aides en 2 min.<\/div><a href='https:\/\/www.mes-allocs.fr\/ab-app?origin=guides\/wp-json\/wp\/v2\/posts\/23508' class='app-button fit'>Simulation gratuite<\/a><\/div>\n<h1>Qu&rsquo;est-ce que le RSA ?<\/h1>\n<h2>D\u00e9finition<\/h2>\n<p>Le Revenu de Solidarit\u00e9 Active (RSA) est une prestation de nature financi\u00e8re qui est vers\u00e9e par la Caisse d&rsquo;Allocations Familiales. Elle permet aux personnes ayant un faible revenu ou n&rsquo;ayant pas de revenu de b\u00e9n\u00e9ficier d&rsquo;un compl\u00e9ment qui lui garantira un revenu minimal pour vivre.<\/p>\n<p>Au niveau de la gestion, c&rsquo;est le conseil d\u00e9partemental de votre d\u00e9partement qui s&rsquo;en charge. Le RSA est vers\u00e9 par la CAF ou la Mutualit\u00e9 Sociale Agricole (MSA). En contrepartie de cette somme vers\u00e9e aux allocataires, ils ont une obligation de chercher une activit\u00e9 professionnelle.<\/p>\n<p>Cette activit\u00e9 professionnelle peut correspondre \u00e0 la recherche d&rsquo;un emploi, \u00e0 une formation ou un stage. Le RSA, dans le cadre des politiques sociales en France s&rsquo;inscrit dans les aides solidaires.<\/p>\n<p>La prime d&rsquo;activit\u00e9 remplace le RSA activit\u00e9 et la prime pour l&#8217;emploi depuis janvier 2016.\u00a0Ce qu&rsquo;il reste du RSA, c&rsquo;est le \u00ab\u00a0RSA socle\u00a0\u00bb qui \u00e9tait la deuxi\u00e8me composante du RSA jusqu&rsquo;en 2016.<\/p>\n<p style=\"text-align: center;\"><iframe loading=\"lazy\" src=\"\/\/www.youtube.com\/embed\/2aMlunSI1-U?t=32s\" width=\"560\" height=\"314\" allowfullscreen=\"allowfullscreen\" data-mce-fragment=\"1\"><\/iframe><\/p>\n<h2>Conditions d&rsquo;attribution<\/h2>\n<p>Comme pour toutes les aides sociales de la CAF, elles sont attribu\u00e9es selon certaines conditions. Premi\u00e8rement, les b\u00e9n\u00e9ficiaires du RSA doivent \u00eatre \u00e2g\u00e9s de plus de 25 ans. Une d\u00e9rogation est faite si vous \u00eates enceintes ou que vous avez un enfant \u00e0 charge.<\/p>\n<p>Si vous avez entre 18 et 25 ans, vous pouvez aussi en b\u00e9n\u00e9ficier. Seulement, il faut que sur les trois derni\u00e8res ann\u00e9es, vous ayez exerc\u00e9 une activit\u00e9 \u00e0 plein temps sur deux ans minimum. Cette sp\u00e9cificit\u00e9 est nomm\u00e9e le RSA Jeune.<\/p>\n<p>Au-del\u00e0 de ces sp\u00e9cialit\u00e9s, voici les conditions d&rsquo;attribution :<\/p>\n<ul>\n<li class=\"amp-wp-7d27179\" data-amp-original-style=\"text-align: justify;\"><span class=\"amp-wp-fe3f5cc\" data-amp-original-style=\"font-weight: 400;\">Vous habitez en France de fa\u00e7on stable, plus de 9 mois par an<\/span><\/li>\n<li class=\"amp-wp-7d27179\" data-amp-original-style=\"text-align: justify;\"><span class=\"amp-wp-fe3f5cc\" data-amp-original-style=\"font-weight: 400;\">Vous \u00eates fran\u00e7ais, citoyen de l\u2019Espace \u00c9conomique Europ\u00e9en (EEE), suisse tout en vous justifiant d\u2019un droit de s\u00e9jour, ou enfin, vous \u00eates ressortissant d\u2019un autre pays et vous r\u00e9sidez en France depuis 5 ans\u00a0<\/span><\/li>\n<li class=\"amp-wp-7d27179\" data-amp-original-style=\"text-align: justify;\"><span class=\"amp-wp-fe3f5cc\" data-amp-original-style=\"font-weight: 400;\">Les ressources mensuelles moyennes de votre foyer pendant les 3 mois qui pr\u00e9c\u00e8dent votre demande ne doivent pas d\u00e9passer un certain seuil (voir le montant plus bas).\u00a0<\/span><\/li>\n<li class=\"amp-wp-7d27179\" data-amp-original-style=\"text-align: justify;\"><span class=\"amp-wp-fe3f5cc\" data-amp-original-style=\"font-weight: 400;\">Vous devez avoir fait valoir vos droits concernant toute autre prestation sociale (comme l\u2019allocation ch\u00f4mage, la retraite) \u00e0 laquelle vous pouvez pr\u00e9tendre. Autrement dit, vous ne pouvez percevoir le RSA que si vous n\u2019avez pas ou plus le droit \u00e0 une autre aide, par exemple \u00e0 la fin de votre p\u00e9riode d\u2019indemnisation de ch\u00f4mage.<\/span><\/li>\n<\/ul>\n<p><strong>\u00c0 noter : <\/strong>depuis janvier 2025, chaque personne percevant le RSA est automatiquement inscrite \u00e0 France Travail et doit signer un contrat d&rsquo;engagement comportant un plan d&rsquo;actions pr\u00e9cisant ses objectifs d&rsquo;insertion sociale et professionnelle. De plus, il est d\u00e9sormais requis d&rsquo;effectuer entre <strong>15 et 20 heures d&rsquo;activit\u00e9s par semaine<\/strong>\u00a0pour continuer \u00e0 percevoir l&rsquo;allocation.<\/p>\n<div class='cta-block'><div class='text'>Simulez vos aides en 2 min.<\/div><a href='https:\/\/www.mes-allocs.fr\/ab-app?origin=guides\/wp-json\/wp\/v2\/posts\/23508' class='app-button fit'>Simulation gratuite<\/a><\/div>\n<h2>Montant du RSA<\/h2>\n<p class=\"amp-wp-7d27179\" data-amp-original-style=\"text-align: justify;\"><span class=\"amp-wp-fe3f5cc\" data-amp-original-style=\"font-weight: 400;\">Le montant du RSA est variable d&rsquo;une personne \u00e0 une autre. Il est calcul\u00e9 selon vos ressources. Dans les faits, le RSA est en r\u00e9alit\u00e9 <\/span>la diff\u00e9rence entre le montant maximum du RSA et vos revenus moyens des 3 derniers mois pr\u00e9c\u00e9dant votre demande<span class=\"amp-wp-fe3f5cc\" data-amp-original-style=\"font-weight: 400;\">, incluant les prestations familiales. Attention, certaines prestations familiales ne sont pas prises en compte dans le calcul. <\/span><\/p>\n<p class=\"amp-wp-7d27179\" data-amp-original-style=\"text-align: justify;\"><span class=\"amp-wp-fe3f5cc\" data-amp-original-style=\"font-weight: 400;\">L\u2019aide ne sera pas per\u00e7ue si elle se r\u00e9v\u00e8le \u00eatre inf\u00e9rieure \u00e0 6\u00ad \u20ac par mois. Dans le d\u00e9tail, voici le montant du RSA forfaitaire selon les situations. Ces montants sont applicables<strong> jusqu&rsquo;au 31 mars 2027<\/strong> et seront revaloris\u00e9s le 1er avril 2027.<\/span><\/p>\n<p style=\"text-align: justify;\"><span style=\"font-weight: 400;\">Le RSA <strong>pour une personne seule<\/strong> (montant mensuel) :<\/span><\/p>\n\n<div class=\"wpdt-c row wpDataTableContainerSimpleTable wpDataTables wpDataTablesWrapper\n\"\n    >\n    <table id=\"wpdtSimpleTable-3\"\n           class=\"wpdtSimpleTable wpDataTable\"\n           data-column=\"2\"\n           data-rows=\"5\"\n           data-wpID=\"3\"\n           data-responsive=\"0\"\n           data-has-header=\"1\">\n\n                    <thead>        <tr class=\"wpdt-cell-row \" >\n                            <th class=\"wpdt-cell wpdt-bc-F3F9FE wpdt-bold\"\n                                    data-cell-id=\"A1\"\n                data-col-index=\"0\"\n                data-row-index=\"0\"\n                style=\" width:48.571428571429%;                padding:10px;\"\n                >\n                                Situation familiale                <\/th>\n                                            <th class=\"wpdt-cell wpdt-bc-F3F9FE wpdt-bold\"\n                                    data-cell-id=\"B1\"\n                data-col-index=\"1\"\n                data-row-index=\"0\"\n                style=\" width:51.428571428571%;                padding:10px;\"\n                >\n                                Montant pour une personne seule avant d\u00e9duction du forfait logement                <\/th>\n                                        <\/tr>\n                    <tbody>        <tr class=\"wpdt-cell-row \" >\n                            <td class=\"wpdt-cell \"\n                                    data-cell-id=\"A2\"\n                data-col-index=\"0\"\n                data-row-index=\"1\"\n                style=\"                padding:10px;\"\n                >\n                                Personne seule sans enfant                <\/td>\n                                            <td class=\"wpdt-cell \"\n                                    data-cell-id=\"B2\"\n                data-col-index=\"1\"\n                data-row-index=\"1\"\n                style=\"                padding:10px;\"\n                >\n                                651,69 \u20ac                <\/td>\n                                        <\/tr>\n                            <tr class=\"wpdt-cell-row \" >\n                            <td class=\"wpdt-cell \"\n                                    data-cell-id=\"A3\"\n                data-col-index=\"0\"\n                data-row-index=\"2\"\n                style=\"                padding:10px;\"\n                >\n                                Personne seule avec 1 enfant                <\/td>\n                                            <td class=\"wpdt-cell \"\n                                    data-cell-id=\"B3\"\n                data-col-index=\"1\"\n                data-row-index=\"2\"\n                style=\"                padding:10px;\"\n                >\n                                977,54 \u20ac                <\/td>\n                                        <\/tr>\n                            <tr class=\"wpdt-cell-row \" >\n                            <td class=\"wpdt-cell \"\n                                    data-cell-id=\"A4\"\n                data-col-index=\"0\"\n                data-row-index=\"3\"\n                style=\"                padding:10px;\"\n                >\n                                Personne seule avec 2 enfants                <\/td>\n                                            <td class=\"wpdt-cell \"\n                                    data-cell-id=\"B4\"\n                data-col-index=\"1\"\n                data-row-index=\"3\"\n                style=\"                padding:10px;\"\n                >\n                                1 173,05 \u20ac                <\/td>\n                                        <\/tr>\n                            <tr class=\"wpdt-cell-row \" >\n                            <td class=\"wpdt-cell \"\n                                    data-cell-id=\"A5\"\n                data-col-index=\"0\"\n                data-row-index=\"4\"\n                style=\"                padding:10px;\"\n                >\n                                Par enfant suppl\u00e9mentaire                <\/td>\n                                            <td class=\"wpdt-cell \"\n                                    data-cell-id=\"B5\"\n                data-col-index=\"1\"\n                data-row-index=\"4\"\n                style=\"                padding:10px;\"\n                >\n                                + 260,68 \u20ac                <\/td>\n                                        <\/tr>\n                    <\/table>\n<\/div><style id='wpdt-custom-style-3'>\ntable#wpdtSimpleTable-3{ table-layout: fixed !important; }\n.wpdt-bc-F3F9FE { background-color: #F3F9FE !important;}\n<\/style>\n\n<p style=\"text-align: justify;\"><span style=\"font-weight: 400;\">Le RSA <strong>pour un couple<\/strong> (montant mensuel) :<\/span><\/p>\n\n<div class=\"wpdt-c row wpDataTableContainerSimpleTable wpDataTables wpDataTablesWrapper\n\"\n    >\n    <table id=\"wpdtSimpleTable-4\"\n           class=\"wpdtSimpleTable wpDataTable\"\n           data-column=\"2\"\n           data-rows=\"5\"\n           data-wpID=\"4\"\n           data-responsive=\"0\"\n           data-has-header=\"1\">\n\n                    <thead>        <tr class=\"wpdt-cell-row \" >\n                            <th class=\"wpdt-cell wpdt-bc-F3F9FE wpdt-bold\"\n                                    data-cell-id=\"A1\"\n                data-col-index=\"0\"\n                data-row-index=\"0\"\n                style=\" width:48.571428571429%;                padding:10px;\"\n                >\n                                Situation familiale                <\/th>\n                                            <th class=\"wpdt-cell wpdt-bc-F3F9FE wpdt-bold\"\n                                    data-cell-id=\"B1\"\n                data-col-index=\"1\"\n                data-row-index=\"0\"\n                style=\" width:51.428571428571%;                padding:10px;\"\n                >\n                                Montant pour un couple avant d\u00e9duction du forfait logement                <\/th>\n                                        <\/tr>\n                    <tbody>        <tr class=\"wpdt-cell-row \" >\n                            <td class=\"wpdt-cell \"\n                                    data-cell-id=\"A2\"\n                data-col-index=\"0\"\n                data-row-index=\"1\"\n                style=\"                padding:10px;\"\n                >\n                                Couple sans enfant                <\/td>\n                                            <td class=\"wpdt-cell \"\n                                    data-cell-id=\"B2\"\n                data-col-index=\"1\"\n                data-row-index=\"1\"\n                style=\"                padding:10px;\"\n                >\n                                977,54 \u20ac                <\/td>\n                                        <\/tr>\n                            <tr class=\"wpdt-cell-row \" >\n                            <td class=\"wpdt-cell \"\n                                    data-cell-id=\"A3\"\n                data-col-index=\"0\"\n                data-row-index=\"2\"\n                style=\"                padding:10px;\"\n                >\n                                Couple avec 1 enfant                <\/td>\n                                            <td class=\"wpdt-cell \"\n                                    data-cell-id=\"B3\"\n                data-col-index=\"1\"\n                data-row-index=\"2\"\n                style=\"                padding:10px;\"\n                >\n                                1 173,05 \u20ac                <\/td>\n                                        <\/tr>\n                            <tr class=\"wpdt-cell-row \" >\n                            <td class=\"wpdt-cell \"\n                                    data-cell-id=\"A4\"\n                data-col-index=\"0\"\n                data-row-index=\"3\"\n                style=\"                padding:10px;\"\n                >\n                                Couple avec 2 enfants                <\/td>\n                                            <td class=\"wpdt-cell \"\n                                    data-cell-id=\"B4\"\n                data-col-index=\"1\"\n                data-row-index=\"3\"\n                style=\"                padding:10px;\"\n                >\n                                1 368,56 \u20ac                <\/td>\n                                        <\/tr>\n                            <tr class=\"wpdt-cell-row \" >\n                            <td class=\"wpdt-cell \"\n                                    data-cell-id=\"A5\"\n                data-col-index=\"0\"\n                data-row-index=\"4\"\n                style=\"                padding:10px;\"\n                >\n                                Par enfant suppl\u00e9mentaire                <\/td>\n                                            <td class=\"wpdt-cell \"\n                                    data-cell-id=\"B5\"\n                data-col-index=\"1\"\n                data-row-index=\"4\"\n                style=\"                padding:10px;\"\n                >\n                                + 260,68 \u20ac                <\/td>\n                                        <\/tr>\n                    <\/table>\n<\/div><style id='wpdt-custom-style-4'>\ntable#wpdtSimpleTable-4{ table-layout: fixed !important; }\ntable#wpdtSimpleTable-4 td, table.wpdtSimpleTable4 th { white-space: normal !important; }\n.wpdt-bc-F3F9FE { background-color: #F3F9FE !important;}\n<\/style>\n\n<p>Depuis <strong data-start=\"7\" data-end=\"26\">mars 2025<\/strong>, la <strong data-start=\"277\" data-end=\"321\">d\u00e9claration trimestrielle est simplifi\u00e9e<\/strong> gr\u00e2ce \u00e0 un <strong data-start=\"333\" data-end=\"358\">formulaire pr\u00e9-rempli<\/strong>, int\u00e9grant automatiquement certains revenus avec la possibilit\u00e9 de corrections. Par ailleurs, les <strong data-start=\"457\" data-end=\"495\">p\u00e9riodes de d\u00e9claration ont chang\u00e9<\/strong>: depuis mars, il faut d\u00e9clarer les revenus de <strong data-start=\"543\" data-end=\"576\">novembre, d\u00e9cembre et janvier<\/strong>, au lieu de <strong data-start=\"589\" data-end=\"621\">d\u00e9cembre, janvier et f\u00e9vrier <\/strong>auparavant. Cette modification vise \u00e0 <strong data-start=\"660\" data-end=\"723\">r\u00e9duire les erreurs et acc\u00e9l\u00e9rer le traitement des dossiers <\/strong>pour un versement plus fluide.<\/p>\n<div class='cta-block'><div class='text'>Simulez vos Allocations Familiales en 2 min.<\/div><a href='https:\/\/www.mes-allocs.fr\/ab-app?origin=guides\/wp-json\/wp\/v2\/posts\/23508' class='app-button fit'>Simulation gratuite<\/a><\/div>\n<h1>La CAF est-elle en droit de consulter votre compte bancaire ?<\/h1>\n<h2>Ce que dit la loi<\/h2>\n<p style=\"text-align: justify;\">Concernant le fait que la CAF puisse consulter votre compte en banque, il y a une l\u00e9gislation qui traite de ce sujet. L&rsquo;ensemble de s actions de la CAF sont soumises \u00e0 la r\u00e8glementation du Code de la S\u00e9curit\u00e9 Sociale. Ce code indique aussi quelle est la l\u00e9gislation en vigueur pour ce genre de cas. Voici l&rsquo;article en question:<\/p>\n<p style=\"text-align: justify;\"><em>\u00ab\u00a0L&rsquo;organisme ayant us\u00e9 du droit de communication en application de l&rsquo;article L. 114-19 est tenu d&rsquo;informer la personne physique ou morale \u00e0 l&rsquo;encontre de laquelle est prise la d\u00e9cision de supprimer le service d&rsquo;une prestation ou de mettre des sommes en recouvrement, de la teneur et de l&rsquo;origine des informations et documents obtenus aupr\u00e8s de tiers sur lesquels il s&rsquo;est fond\u00e9 pour prendre cette d\u00e9cision. <\/em><\/p>\n<p style=\"text-align: justify;\"><em>Il communique, avant la mise en recouvrement ou la suppression du service de la prestation, une copie des documents susmentionn\u00e9s \u00e0 la personne qui en fait la demande.\u00a0\u00bb<\/em><\/p>\n<p style=\"text-align: justify;\">On voit bien que la CAF est tenu d&rsquo;informer le b\u00e9n\u00e9ficiaire en ce qui concerne la consultation du compte bancaire. Mais qu&rsquo;en cas de doute, elle est autoris\u00e9 \u00e0 acc\u00e9der \u00e0 ces donn\u00e9es bancaires. Par ailleurs, la CAF peut contacter d&rsquo;autres organismes sociaux comme P\u00f4le Emploi pour v\u00e9rifier des information comme les bulletins de salaire.<\/p>\n<p style=\"text-align: justify;\">D&rsquo;autre part, la CAF a acc\u00e8s au Fichier National des Comptes Bancaires et Assimil\u00e9s, qui recense la totalit\u00e9 des comptes bancaires ouverts sur le territoire, et qui permet de fournir aux organismes l\u00e9galement habilit\u00e9s des informations sur les comptes d\u00e9tenus par une personne. Les soldes des comptes ne sont pas r\u00e9v\u00e9l\u00e9s dans ce fichier.<\/p>\n<h2>Dans les faits<\/h2>\n<p style=\"text-align: justify;\">La CAF demande effectivement les relev\u00e9s bancaires des b\u00e9n\u00e9ficiaires dans le cadre des contr\u00f4les. Cependant, une contestation s&rsquo;est \u00e9lev\u00e9 \u00e0 ce sujet, estimant que v\u00e9rifier les relev\u00e9s de compte bancaire des membres du foyer est beaucoup trop intrusif. Les contr\u00f4leurs de la CAF sont tenus au secret professionnel concernant ces informations quelque peu sensibles. Cette contestation a \u00e9t\u00e9 clarifi\u00e9e par le Minist\u00e8re des Solidarit\u00e9s et de la Sant\u00e9 en 2018.<\/p>\n<div class='cta-block'><div class='text'>Simulez vos aides en 2 min.<\/div><a href='https:\/\/www.mes-allocs.fr\/ab-app?origin=guides\/wp-json\/wp\/v2\/posts\/23508' class='app-button fit'>Simulation gratuite<\/a><\/div>\n","protected":false},"excerpt":{"rendered":"<p>[Mis \u00e0 jour le 03\/04\/2026] Lors d&rsquo;un contr\u00f4le RSA de la CAF, elle est en droit de regarder tous les param\u00e8tres influents sur la perception de l&rsquo;aide. Cependant, est-elle en droit de consulter votre compte bancaire sans votre accord ? On vous explique tout. Qu&rsquo;est-ce que le RSA ? D\u00e9finition Le Revenu de Solidarit\u00e9 Active [&hellip;]<\/p>\n","protected":false},"author":6,"featured_media":23509,"comment_status":"open","ping_status":"open","sticky":false,"template":"","format":"standard","meta":{"amp_status":"","footnotes":""},"categories":[7955,14],"tags":[],"class_list":["post-23508","post","type-post","status-publish","format-standard","has-post-thumbnail","hentry","category-controle-rsa","category-rsa"],"yoast_head":"<!-- This site is optimized with the Yoast SEO plugin v14.9 - https:\/\/yoast.com\/wordpress\/plugins\/seo\/ -->\n<title>Contr\u00f4le RSA : mon compte bancaire peut-il \u00eatre consult\u00e9 ? | Mes-Allocs.fr<\/title>\n<meta name=\"description\" content=\"La CAF peut vous demander des pi\u00e8ces justificatives dans le cadre d&#039;un contr\u00f4le RSA. Peut-elle acc\u00e9der \u00e0 votre compte bancaire en 2026 ?\" \/>\n<meta name=\"robots\" content=\"index, follow, max-snippet:-1, max-image-preview:large, max-video-preview:-1\" \/>\n<link rel=\"canonical\" href=\"https:\/\/www.mes-allocs.fr\/guides\/rsa\/controle-rsa\/controle-rsa-compte-bancaire\/\" \/>\n<meta property=\"og:locale\" content=\"fr_FR\" \/>\n<meta property=\"og:type\" content=\"article\" \/>\n<meta property=\"og:title\" content=\"Contr\u00f4le RSA : mon compte bancaire peut-il \u00eatre consult\u00e9 ? | Mes-Allocs.fr\" \/>\n<meta property=\"og:description\" content=\"La CAF peut vous demander des pi\u00e8ces justificatives dans le cadre d&#039;un contr\u00f4le RSA. Peut-elle acc\u00e9der \u00e0 votre compte bancaire en 2026 ?\" \/>\n<meta property=\"og:url\" content=\"https:\/\/www.mes-allocs.fr\/guides\/rsa\/controle-rsa\/controle-rsa-compte-bancaire\/\" \/>\n<meta property=\"og:site_name\" content=\"Mes-Allocs.fr\" \/>\n<meta property=\"article:published_time\" content=\"2021-05-31T14:11:27+00:00\" \/>\n<meta property=\"article:modified_time\" content=\"2026-04-03T14:22:32+00:00\" \/>\n<meta property=\"og:image\" content=\"https:\/\/www.mes-allocs.fr\/guides\/wp-content\/uploads\/2021\/03\/billets-2-e1616760689736.jpg?wsr\" \/>\n\t<meta property=\"og:image:width\" content=\"960\" \/>\n\t<meta property=\"og:image:height\" content=\"276\" \/>\n<meta name=\"twitter:card\" content=\"summary_large_image\" \/>\n<script type=\"application\/ld+json\" class=\"yoast-schema-graph\">{\"@context\":\"https:\/\/schema.org\",\"@graph\":[{\"@type\":\"WebSite\",\"@id\":\"https:\/\/www.mes-allocs.fr\/guides\/#website\",\"url\":\"https:\/\/www.mes-allocs.fr\/guides\/\",\"name\":\"Mes-Allocs.fr\",\"description\":\"\",\"potentialAction\":[{\"@type\":\"SearchAction\",\"target\":\"https:\/\/www.mes-allocs.fr\/guides\/?s={search_term_string}\",\"query-input\":\"required name=search_term_string\"}],\"inLanguage\":\"fr-FR\"},{\"@type\":\"ImageObject\",\"@id\":\"https:\/\/www.mes-allocs.fr\/guides\/rsa\/controle-rsa\/controle-rsa-compte-bancaire\/#primaryimage\",\"inLanguage\":\"fr-FR\",\"url\":\"https:\/\/www.mes-allocs.fr\/guides\/wp-content\/uploads\/2021\/03\/billets-2-e1616760689736.jpg?wsr\",\"width\":960,\"height\":276},{\"@type\":\"WebPage\",\"@id\":\"https:\/\/www.mes-allocs.fr\/guides\/rsa\/controle-rsa\/controle-rsa-compte-bancaire\/#webpage\",\"url\":\"https:\/\/www.mes-allocs.fr\/guides\/rsa\/controle-rsa\/controle-rsa-compte-bancaire\/\",\"name\":\"Contr\\u00f4le RSA : mon compte bancaire peut-il \\u00eatre consult\\u00e9 ? | Mes-Allocs.fr\",\"isPartOf\":{\"@id\":\"https:\/\/www.mes-allocs.fr\/guides\/#website\"},\"primaryImageOfPage\":{\"@id\":\"https:\/\/www.mes-allocs.fr\/guides\/rsa\/controle-rsa\/controle-rsa-compte-bancaire\/#primaryimage\"},\"datePublished\":\"2021-05-31T14:11:27+00:00\",\"dateModified\":\"2026-04-03T14:22:32+00:00\",\"author\":{\"@id\":\"https:\/\/www.mes-allocs.fr\/guides\/#\/schema\/person\/0ecd61a8600573914d00d970a588c024\"},\"description\":\"La CAF peut vous demander des pi\\u00e8ces justificatives dans le cadre d'un contr\\u00f4le RSA. Peut-elle acc\\u00e9der \\u00e0 votre compte bancaire en 2026 ?\",\"inLanguage\":\"fr-FR\"},{\"@type\":\"Person\",\"@id\":\"https:\/\/www.mes-allocs.fr\/guides\/#\/schema\/person\/0ecd61a8600573914d00d970a588c024\",\"name\":\"Jonathan\",\"image\":{\"@type\":\"ImageObject\",\"@id\":\"https:\/\/www.mes-allocs.fr\/guides\/#personlogo\",\"inLanguage\":\"fr-FR\",\"url\":\"https:\/\/www.mes-allocs.fr\/guides\/wp-content\/uploads\/2021\/06\/jonathan-150x150.png\",\"caption\":\"Jonathan\"},\"description\":\"Jonathan est r\\u00e9dacteur au sein de l'\\u00e9quipe Mes Allocs, sp\\u00e9cialis\\u00e9 sur les sujets li\\u00e9s au handicap. Dipl\\u00f4m\\u00e9e de l'UPEM, il rejoint Mes Allocs apr\\u00e8s avoir travaill\\u00e9 \\u00e0 l'association AEDE qui accompagne les adultes en situation de handicap. Quand il n'\\u00e9crit pas, on peut le retrouver sur un terrain de basket.\",\"sameAs\":[\"https:\/\/www.linkedin.com\/in\/jonathan-bambela-8637861b7\"]}]}<\/script>\n<!-- \/ Yoast SEO plugin. -->","amp_validity":null,"acf":{"faq":{"1":{"question":"La CAF est-elle en droit de me demander mon relev\u00e9 bancaire ? ","answer":"Oui, l\u00e9galement, la CAF est en droit de vous le demander. "},"2":{"question":"Peut-on refuser de donner son relev\u00e9 bancaire ?","answer":"Oui, vous \u00eates en droit de refuser de donner l'acc\u00e8s \u00e0 la CAF. Cependant, elle vous demandera de fournir d'autres pi\u00e8ces. "},"3":{"question":"Qui peut acc\u00e9der \u00e0 ces documents ? ","answer":"Seuls les personnes habilit\u00e9s par la CAF (comme les contr\u00f4leurs) peuvent acc\u00e9der \u00e0 ces donn\u00e9es personnelles. "},"4":{"question":"Peut-on donner d'autres pi\u00e8ces justificatives ? ","answer":"Oui, vous pouvez donner un bulletin de paie par exemple. "},"5":{"question":"Avec qui la CAF est-elle en relation ? ","answer":"La CAF est en relation avec d'autres organismes comme P\u00f4le Emploi pour v\u00e9rifier l'exactitude des informations. "},"6":{"question":"","answer":""},"7":{"question":"","answer":""},"8":{"question":"","answer":""},"9":{"question":"","answer":""},"10":{"question":"","answer":""},"11":{"question":"","answer":""},"12":{"question":"","answer":""},"13":{"question":"","answer":""},"14":{"question":"","answer":""},"15":{"question":"","answer":""},"16":{"question":"","answer":""}}},"_links":{"self":[{"href":"https:\/\/www.mes-allocs.fr\/guides\/wp-json\/wp\/v2\/posts\/23508","targetHints":{"allow":["GET"]}}],"collection":[{"href":"https:\/\/www.mes-allocs.fr\/guides\/wp-json\/wp\/v2\/posts"}],"about":[{"href":"https:\/\/www.mes-allocs.fr\/guides\/wp-json\/wp\/v2\/types\/post"}],"author":[{"embeddable":true,"href":"https:\/\/www.mes-allocs.fr\/guides\/wp-json\/wp\/v2\/users\/6"}],"replies":[{"embeddable":true,"href":"https:\/\/www.mes-allocs.fr\/guides\/wp-json\/wp\/v2\/comments?post=23508"}],"version-history":[{"count":26,"href":"https:\/\/www.mes-allocs.fr\/guides\/wp-json\/wp\/v2\/posts\/23508\/revisions"}],"predecessor-version":[{"id":111587,"href":"https:\/\/www.mes-allocs.fr\/guides\/wp-json\/wp\/v2\/posts\/23508\/revisions\/111587"}],"wp:featuredmedia":[{"embeddable":true,"href":"https:\/\/www.mes-allocs.fr\/guides\/wp-json\/wp\/v2\/media\/23509"}],"wp:attachment":[{"href":"https:\/\/www.mes-allocs.fr\/guides\/wp-json\/wp\/v2\/media?parent=23508"}],"wp:term":[{"taxonomy":"category","embeddable":true,"href":"https:\/\/www.mes-allocs.fr\/guides\/wp-json\/wp\/v2\/categories?post=23508"},{"taxonomy":"post_tag","embeddable":true,"href":"https:\/\/www.mes-allocs.fr\/guides\/wp-json\/wp\/v2\/tags?post=23508"}],"curies":[{"name":"wp","href":"https:\/\/api.w.org\/{rel}","templated":true}]}}