{"id":23496,"date":"2021-03-31T14:42:34","date_gmt":"2021-03-31T14:42:34","guid":{"rendered":"https:\/\/www.mes-allocs.fr\/guides\/?p=23496"},"modified":"2025-07-18T16:03:57","modified_gmt":"2025-07-18T14:03:57","slug":"bilan-de-competences-montpellier","status":"publish","type":"post","link":"https:\/\/www.mes-allocs.fr\/guides\/reconversion-professionnelle\/bilan-de-competences\/ou-faire-un-bilan-de-competences\/bilan-de-competences-montpellier\/","title":{"rendered":"Comment r\u00e9aliser un bilan de comp\u00e9tences \u00e0 Montpellier ?"},"content":{"rendered":"<p><a href=\"https:\/\/www.mes-allocs.fr\/guides\/wp-content\/uploads\/2021\/03\/montpellier-4212610_1280.jpg\"><img loading=\"lazy\" decoding=\"async\" class=\"aligncenter wp-image-23537 size-full\" title=\"bilan de comp\u00e9tences montpellier\" src=\"https:\/\/www.mes-allocs.fr\/guides\/wp-content\/uploads\/2021\/03\/montpellier-4212610_1280-e1616921396405.jpg\" alt=\"bilan de comp\u00e9tences montpellier\" width=\"1280\" height=\"400\" srcset=\"https:\/\/www.mes-allocs.fr\/guides\/wp-content\/uploads\/2021\/03\/montpellier-4212610_1280-e1616921396405.jpg 1280w, https:\/\/www.mes-allocs.fr\/guides\/wp-content\/uploads\/2021\/03\/montpellier-4212610_1280-e1616921396405-300x94.jpg 300w, https:\/\/www.mes-allocs.fr\/guides\/wp-content\/uploads\/2021\/03\/montpellier-4212610_1280-e1616921396405-1024x320.jpg 1024w, https:\/\/www.mes-allocs.fr\/guides\/wp-content\/uploads\/2021\/03\/montpellier-4212610_1280-e1616921396405-768x240.jpg 768w, https:\/\/www.mes-allocs.fr\/guides\/wp-content\/uploads\/2021\/03\/montpellier-4212610_1280-e1616921396405-600x188.jpg 600w\" sizes=\"auto, (max-width: 1280px) 100vw, 1280px\" \/><\/a><\/p>\n<p style=\"text-align: justify;\"><strong>Le bilan de comp\u00e9tences permet de faire un point sur sa carri\u00e8re professionnelle et d&rsquo;analyser ses motivations. Cela dans le cadre d&rsquo;une \u00e9volution professionnelle ou d&rsquo;une <a href=\"https:\/\/www.mes-allocs.fr\/guides\/reconversion-professionnelle\/\">reconversion professionnelle<\/a>. Mes Allocs vous explique en d\u00e9tail comment r\u00e9aliser un bilan de comp\u00e9tences \u00e0 Montpellier.<\/strong><\/p>\n<div class='cta-block'><div class='text'>Bilan de comp\u00e9tences pay\u00e9 par vos aides.<\/div><a href='https:\/\/www.formademia.fr\/formulaire\/coaching' class='app-button fit'>V\u00e9rifier votre \u00e9ligibilit\u00e9<\/a><\/div>\n<h1>Qu&rsquo;est-ce que le bilan de comp\u00e9tences ?<\/h1>\n<p>Le <a href=\"https:\/\/www.mes-allocs.fr\/guides\/reconversion-professionnelle\/bilan-de-competences\/\">bilan de comp\u00e9tences<\/a> permet de faire un point sur sa carri\u00e8re professionnelle, dans le cadre d&rsquo;une \u00e9volution de poste, d&rsquo;une reconversion ou encore d&rsquo;une validation des acquis.<\/p>\n<p>Gr\u00e2ce au bilan de comp\u00e9tences, vous pourrez faire un point sur votre carri\u00e8re, analyser vos comp\u00e9tences professionnelles et vos motivations. Le consultant en charge de votre accompagnement dressera un plan de formation\u00a0 pour une mise en \u0153uvre d&rsquo;une reconversion professionnelle.<\/p>\n<p>En g\u00e9n\u00e9ral, un bilan de comp\u00e9tences a une dur\u00e9e moyenne de 24 heures. Ces derni\u00e8res sont r\u00e9parties sur les s\u00e9ances de 2 \u00e0 3 heures. Si vous \u00eates salari\u00e9 vous pouvez le r\u00e9aliser pendant votre temps de travail sans perte de r\u00e9mun\u00e9ration.<\/p>\n<p style=\"text-align: justify;\">En revanche vous devrez demander un cong\u00e9 \u00e0 cet effet. Votre employeur a un d\u00e9lai de 10 jours pour accepter votre demande. Si vous voulez le r\u00e9aliser en dehors de votre temps de travail, vous n&rsquo;\u00eates pas oblig\u00e9 d&rsquo;en informer votre employeur.<\/p>\n<p style=\"text-align: justify;\">Une fois votre bilan r\u00e9alis\u00e9, un document synth\u00e8se vous sera remis. Ce dernier d\u00e9taillera vos s\u00e9ances, et \u00e9ventuellement un plan de formation, de reconversion pour votre avenir professionnel.<\/p>\n<p style=\"text-align: justify;\">Vous pouvez r\u00e9aliser un bilan dans le cadre d&rsquo;une formation professionnelle, ou dans un plan de d\u00e9veloppement des comp\u00e9tences en vu d&rsquo;une \u00e9volution de poste.<\/p>\n<p style=\"text-align: justify;\">Vous avez \u00e9galement la possibilit\u00e9 de consulter un psychologue du travail dans le cadre d&rsquo;une reconversion professionnelle par exemple. Que vous ayez 10 ans, 12 ans d&rsquo; exp\u00e9rience professionnelle.<\/p>\n<p><iframe loading=\"lazy\" title=\"La reconversion professionnelle\" width=\"500\" height=\"281\" src=\"https:\/\/www.youtube.com\/embed\/EiVUthswxl0?feature=oembed\" frameborder=\"0\" allow=\"accelerometer; autoplay; clipboard-write; encrypted-media; gyroscope; picture-in-picture; web-share\" referrerpolicy=\"strict-origin-when-cross-origin\" allowfullscreen><\/iframe><\/p>\n<h1>Faire un bilan de comp\u00e9tences \u00e0 Montpellier<\/h1>\n<h2>O\u00f9 faire son bilan de comp\u00e9tences \u00e0 Montpellier ?<\/h2>\n<p style=\"text-align: justify;\">Si vous habitez Montpellier, vous pouvez en r\u00e9aliser un dans un <a href=\"https:\/\/www.mes-allocs.fr\/guides\/reconversion-professionnelle\/bilan-de-competences\/ou-faire-un-bilan-de-competences\/\">centre de bilan de comp\u00e9tences<\/a> proche de votre domicile ou de votre lieu de travail. Que vous soyez salari\u00e9 du secteur priv\u00e9, public ou demandeur d&#8217;emploi, vous pouvez r\u00e9aliser un bilan de comp\u00e9tences. Le cabinet conseil evolutis ressources humaines peut \u00e9galement vous apporter un soutien pour votre projet.<\/p>\n<p style=\"text-align: justify;\">Autrement, des organismes de formation en ligne permettent \u00e9galement de r\u00e9aliser des bilans \u00e0 distance.<\/p>\n<p style=\"text-align: justify;\">Mes Allocs met tout en \u0153uvre pour vous aider dans vos d\u00e9marches, c&rsquo;est pourquoi nous proposons un service d&rsquo;accompagnement \u00e0 la reconversion professionnelle.<\/p>\n<p style=\"text-align: justify;\">\u00c0 noter : le CPF compte personnel de formation peut financer le bilan de comp\u00e9tences.<\/p>\n<h2>Qui peut faire un bilan de comp\u00e9tences ?<\/h2>\n<h3>Salari\u00e9 en CDI<\/h3>\n<p style=\"text-align: justify;\">Le salari\u00e9 doit justifier de 5 ans d\u2019activit\u00e9 salariale, cons\u00e9cutifs ou non, dont 12 mois dans l\u2019entreprise. Un d\u00e9lai de 5 ans apr\u00e8s un cong\u00e9 de bilan de comp\u00e9tences doit \u00eatre respect\u00e9. La demande est alors effectu\u00e9e aupr\u00e8s d\u2019un OPACIF.<\/p>\n<h3>Salari\u00e9 en CDD<\/h3>\n<p style=\"text-align: justify;\">Le salari\u00e9 doit obligatoirement justifier de 24 mois d\u2019activit\u00e9 au sein d&rsquo;une entreprise et avoir le statut de salari\u00e9, au cours des 5 derni\u00e8res ann\u00e9es, dont 4 mois, cons\u00e9cutifs ou non, sous contrat de travail \u00e0 dur\u00e9e d\u00e9termin\u00e9e, au cours des 12 derniers mois civils.<\/p>\n<p><strong>Ne sont pas pris en compte pour le calcul des 4 mois en CDD :<\/strong><\/p>\n<ul>\n<li>Les CDD qui se poursuivent par un CDI<\/li>\n<li>Les contrats d\u2019apprentissage et de professionnalisation<\/li>\n<li>Les CDD conclus avec un jeune au cours de son cursus scolaire<\/li>\n<li>Les contrats d\u2019Avenir et les contrats d\u2019Accompagnement dans l\u2019emploi.<\/li>\n<li>La r\u00e9alisation du bilan de comp\u00e9tences doit intervenir dans les 12 mois suivant la fin du contrat qui a ouvert le droit \u00e0 cong\u00e9.<\/li>\n<li>On peut utiliser son droit \u00e0 bilan \u00e0 l\u2019issue d\u2019un CDD.<\/li>\n<li>Un d\u00e9lai de 5 ans apr\u00e8s un cong\u00e9 de bilan de comp\u00e9tences doit \u00eatre respect\u00e9.<\/li>\n<li>Vous devez alors effectuer votre demande aupr\u00e8s de votre OPACIF.<\/li>\n<\/ul>\n<h1>Quelles sont les \u00e9tapes du bilan de comp\u00e9tences ?<\/h1>\n<p style=\"text-align: justify;\">Pendant la r\u00e9alisation de votre bilan, le consultant va dresser un tableau de vos comp\u00e9tences acquises au cours de votre carri\u00e8re professionnelle. Vos faiblesses sont \u00e9galement analys\u00e9es afin de prendre en compte tous les param\u00e8tres. Gr\u00e2ce \u00e0 cela, il sera possible de d\u00e9finir un projet professionnel, un projet de formation qui vous convient.<\/p>\n<ul>\n<li style=\"text-align: justify;\"><strong>1 \u00e0 2 s\u00e9ances<\/strong>\u00a0consacr\u00e9es \u00e0 la clarification de votre besoin et l\u2019analyse de votre parcours professionnel et personnel. Il s\u2019agit d\u2019un \u00e9clairage sur\u00a0 votre\u00a0 profil professionnel, vos valeurs, vos crit\u00e8res de motivations, vos int\u00e9r\u00eats professionnels\u00a0 et votre personnalit\u00e9. Ainsi le but est de vous permettre de mieux tirer parti de vos potentiels et renouveler l\u2019image de vous-m\u00eame.<\/li>\n<li style=\"text-align: justify;\"><strong>1 \u00e0 2 s\u00e9ances<\/strong>\u00a0d\u00e9di\u00e9es \u00e0 l\u2019analyse des comp\u00e9tences li\u00e9es \u00e0 votre exp\u00e9rience, de vos comp\u00e9tences transf\u00e9rables et de vos activit\u00e9s extra-professionnelles. Tout ceci contribue\u00a0 \u00e0 la construction de votre portefeuille de comp\u00e9tences.<\/li>\n<li style=\"text-align: justify;\"><strong>2 \u00e0 3 s\u00e9ances<\/strong>\u00a0consacr\u00e9es \u00e0 la construction de votre (vos) projet(s) professionnel(s) et \u00e0 l\u2019identification de vos besoins compl\u00e9mentaires.<\/li>\n<li style=\"text-align: justify;\"><strong>1 s\u00e9ance<\/strong> de validation de votre projet professionnel prioritaire\u00a0 et de son plan d\u2019action.\u00a0 Formalisation\u00a0 des moyens \u00e0 mettre en \u0153uvre : \u00e9tapes cl\u00e9s, planning, outils techniques ou autre support pratique au projet.<\/li>\n<\/ul>\n<div class='cta-block'><div class='text'>Bilan de comp\u00e9tences pay\u00e9 par vos aides.<\/div><a href='https:\/\/www.formademia.fr\/formulaire\/coaching' class='app-button fit'>V\u00e9rifier votre \u00e9ligibilit\u00e9<\/a><\/div>\n","protected":false},"excerpt":{"rendered":"<p>Le bilan de comp\u00e9tences permet de faire un point sur sa carri\u00e8re professionnelle et d&rsquo;analyser ses motivations. Cela dans le cadre d&rsquo;une \u00e9volution professionnelle ou d&rsquo;une reconversion professionnelle. Mes Allocs vous explique en d\u00e9tail comment r\u00e9aliser un bilan de comp\u00e9tences \u00e0 Montpellier. Qu&rsquo;est-ce que le bilan de comp\u00e9tences ? Le bilan de comp\u00e9tences permet de [&hellip;]<\/p>\n","protected":false},"author":9,"featured_media":23537,"comment_status":"open","ping_status":"open","sticky":false,"template":"","format":"standard","meta":{"amp_status":"","footnotes":""},"categories":[5093,5245,5081],"tags":[],"class_list":["post-23496","post","type-post","status-publish","format-standard","has-post-thumbnail","hentry","category-bilan-de-competences","category-ou-faire-un-bilan-de-competences","category-reconversion-professionnelle"],"yoast_head":"<!-- This site is optimized with the Yoast SEO plugin v14.9 - https:\/\/yoast.com\/wordpress\/plugins\/seo\/ -->\n<title>Comment r\u00e9aliser un bilan de comp\u00e9tences \u00e0 Montpellier ? | Mes-Allocs.fr<\/title>\n<meta name=\"description\" content=\"Le bilan de comp\u00e9tences permet de faire un point sur votre carri\u00e8re. Mes Allocs vous explique comment en r\u00e9aliser un \u00e0 Montpellier !\" \/>\n<meta name=\"robots\" content=\"index, follow, max-snippet:-1, max-image-preview:large, max-video-preview:-1\" \/>\n<link rel=\"canonical\" href=\"https:\/\/www.mes-allocs.fr\/guides\/reconversion-professionnelle\/bilan-de-competences\/ou-faire-un-bilan-de-competences\/bilan-de-competences-montpellier\/\" \/>\n<meta property=\"og:locale\" content=\"fr_FR\" \/>\n<meta property=\"og:type\" content=\"article\" \/>\n<meta property=\"og:title\" content=\"Comment r\u00e9aliser un bilan de comp\u00e9tences \u00e0 Montpellier ? | Mes-Allocs.fr\" \/>\n<meta property=\"og:description\" content=\"Le bilan de comp\u00e9tences permet de faire un point sur votre carri\u00e8re. Mes Allocs vous explique comment en r\u00e9aliser un \u00e0 Montpellier !\" \/>\n<meta property=\"og:url\" content=\"https:\/\/www.mes-allocs.fr\/guides\/reconversion-professionnelle\/bilan-de-competences\/ou-faire-un-bilan-de-competences\/bilan-de-competences-montpellier\/\" \/>\n<meta property=\"og:site_name\" content=\"Mes-Allocs.fr\" \/>\n<meta property=\"article:published_time\" content=\"2021-03-31T14:42:34+00:00\" \/>\n<meta property=\"article:modified_time\" content=\"2025-07-18T14:03:57+00:00\" \/>\n<meta property=\"og:image\" content=\"https:\/\/www.mes-allocs.fr\/guides\/wp-content\/uploads\/2021\/03\/montpellier-4212610_1280-e1616921396405.jpg?wsr\" \/>\n\t<meta property=\"og:image:width\" content=\"1280\" \/>\n\t<meta property=\"og:image:height\" content=\"400\" \/>\n<meta name=\"twitter:card\" content=\"summary_large_image\" \/>\n<script type=\"application\/ld+json\" class=\"yoast-schema-graph\">{\"@context\":\"https:\/\/schema.org\",\"@graph\":[{\"@type\":\"WebSite\",\"@id\":\"https:\/\/www.mes-allocs.fr\/guides\/#website\",\"url\":\"https:\/\/www.mes-allocs.fr\/guides\/\",\"name\":\"Mes-Allocs.fr\",\"description\":\"\",\"potentialAction\":[{\"@type\":\"SearchAction\",\"target\":\"https:\/\/www.mes-allocs.fr\/guides\/?s={search_term_string}\",\"query-input\":\"required name=search_term_string\"}],\"inLanguage\":\"fr-FR\"},{\"@type\":\"ImageObject\",\"@id\":\"https:\/\/www.mes-allocs.fr\/guides\/reconversion-professionnelle\/bilan-de-competences\/ou-faire-un-bilan-de-competences\/bilan-de-competences-montpellier\/#primaryimage\",\"inLanguage\":\"fr-FR\",\"url\":\"https:\/\/www.mes-allocs.fr\/guides\/wp-content\/uploads\/2021\/03\/montpellier-4212610_1280-e1616921396405.jpg?wsr\",\"width\":1280,\"height\":400,\"caption\":\"bilan de comp\\u00e9tences montpellier\"},{\"@type\":\"WebPage\",\"@id\":\"https:\/\/www.mes-allocs.fr\/guides\/reconversion-professionnelle\/bilan-de-competences\/ou-faire-un-bilan-de-competences\/bilan-de-competences-montpellier\/#webpage\",\"url\":\"https:\/\/www.mes-allocs.fr\/guides\/reconversion-professionnelle\/bilan-de-competences\/ou-faire-un-bilan-de-competences\/bilan-de-competences-montpellier\/\",\"name\":\"Comment r\\u00e9aliser un bilan de comp\\u00e9tences \\u00e0 Montpellier ? | Mes-Allocs.fr\",\"isPartOf\":{\"@id\":\"https:\/\/www.mes-allocs.fr\/guides\/#website\"},\"primaryImageOfPage\":{\"@id\":\"https:\/\/www.mes-allocs.fr\/guides\/reconversion-professionnelle\/bilan-de-competences\/ou-faire-un-bilan-de-competences\/bilan-de-competences-montpellier\/#primaryimage\"},\"datePublished\":\"2021-03-31T14:42:34+00:00\",\"dateModified\":\"2025-07-18T14:03:57+00:00\",\"author\":{\"@id\":\"https:\/\/www.mes-allocs.fr\/guides\/#\/schema\/person\/e4e762c89158b34a332446d26f02fd56\"},\"description\":\"Le bilan de comp\\u00e9tences permet de faire un point sur votre carri\\u00e8re. Mes Allocs vous explique comment en r\\u00e9aliser un \\u00e0 Montpellier !\",\"inLanguage\":\"fr-FR\"},{\"@type\":\"Person\",\"@id\":\"https:\/\/www.mes-allocs.fr\/guides\/#\/schema\/person\/e4e762c89158b34a332446d26f02fd56\",\"name\":\"Marylou\",\"image\":{\"@type\":\"ImageObject\",\"@id\":\"https:\/\/www.mes-allocs.fr\/guides\/#personlogo\",\"inLanguage\":\"fr-FR\",\"url\":\"https:\/\/www.mes-allocs.fr\/guides\/wp-content\/uploads\/2021\/06\/marylou-150x150.png\",\"caption\":\"Marylou\"},\"description\":\"Marylou est r\\u00e9dactrice au sein de l'\\u00e9quipe Mes Allocs, sp\\u00e9cialiste des sujets de soci\\u00e9t\\u00e9 en g\\u00e9n\\u00e9ral. Dipl\\u00f4m\\u00e9e de l'Institut Sup\\u00e9rieur de Formation au Journalisme, elle rejoint Mes Allocs apr\\u00e8s cr\\u00e9\\u00e9 son premier blog personnel.\",\"sameAs\":[\"https:\/\/www.linkedin.com\/in\/marylou-pr\\u00e9vost\"]}]}<\/script>\n<!-- \/ Yoast SEO plugin. -->","amp_validity":null,"acf":{"faq":{"1":{"question":"Comment financer une VAE ? ","answer":"Les frais li\u00e9s \u00e0 la VAE sont pris en charge par P\u00f4le Emploi, gr\u00e2ce \u00e0 un financement sp\u00e9cifique, dans la limite des droits acquis figurant sur votre compte CPF. "},"2":{"question":"Quel est le prix d'un bilan de comp\u00e9tence ?","answer":"Il n'existe aucune r\u00e8glementation et chaque organisme peut librement fixer ses prix, lesquels s'\u00e9chelonnent entre 1 500 et 3 000 euros, avec un co\u00fbt moyen d'environ 2 000 euros."},"3":{"question":"Quelles sont les \u00e9tapes d'un bilan de comp\u00e9tence ?","answer":"Conform\u00e9ment au Code du travail, le bilan de comp\u00e9tences comprend trois grandes \u00e9tapes : une phase pr\u00e9liminaire, une phase d'investigation et une phase de conclusion."},"4":{"question":"Quand faire un bilan de comp\u00e9tences ?","answer":"Le bilan de comp\u00e9tences se fait \u00e0 votre initiative lorsque vous ressentez le besoin de faire un point dans votre carri\u00e8re. "},"5":{"question":"Activ'Projet, qu'est-ce que c'est ? ","answer":"Activ'projet est d\u00e9livr\u00e9 dans le cadre du conseil en \u00e9volution professionnelle de P\u00f4le emploi."},"6":{"question":" Qui peut b\u00e9n\u00e9ficier d'un bilan de comp\u00e9tences ?","answer":"Le bilan de comp\u00e9tences est obligatoirement r\u00e9alis\u00e9 par un prestataire ext\u00e9rieur \u00e0 l'entreprise, qui ne peut organiser en interne le bilan pour ses salari\u00e9s."},"7":{"question":"","answer":""},"8":{"question":"","answer":""},"9":{"question":"","answer":""},"10":{"question":"","answer":""},"11":{"question":"","answer":""},"12":{"question":"","answer":""},"13":{"question":"","answer":""},"14":{"question":"","answer":""},"15":{"question":"","answer":""},"16":{"question":"","answer":""}}},"_links":{"self":[{"href":"https:\/\/www.mes-allocs.fr\/guides\/wp-json\/wp\/v2\/posts\/23496","targetHints":{"allow":["GET"]}}],"collection":[{"href":"https:\/\/www.mes-allocs.fr\/guides\/wp-json\/wp\/v2\/posts"}],"about":[{"href":"https:\/\/www.mes-allocs.fr\/guides\/wp-json\/wp\/v2\/types\/post"}],"author":[{"embeddable":true,"href":"https:\/\/www.mes-allocs.fr\/guides\/wp-json\/wp\/v2\/users\/9"}],"replies":[{"embeddable":true,"href":"https:\/\/www.mes-allocs.fr\/guides\/wp-json\/wp\/v2\/comments?post=23496"}],"version-history":[{"count":13,"href":"https:\/\/www.mes-allocs.fr\/guides\/wp-json\/wp\/v2\/posts\/23496\/revisions"}],"predecessor-version":[{"id":102673,"href":"https:\/\/www.mes-allocs.fr\/guides\/wp-json\/wp\/v2\/posts\/23496\/revisions\/102673"}],"wp:featuredmedia":[{"embeddable":true,"href":"https:\/\/www.mes-allocs.fr\/guides\/wp-json\/wp\/v2\/media\/23537"}],"wp:attachment":[{"href":"https:\/\/www.mes-allocs.fr\/guides\/wp-json\/wp\/v2\/media?parent=23496"}],"wp:term":[{"taxonomy":"category","embeddable":true,"href":"https:\/\/www.mes-allocs.fr\/guides\/wp-json\/wp\/v2\/categories?post=23496"},{"taxonomy":"post_tag","embeddable":true,"href":"https:\/\/www.mes-allocs.fr\/guides\/wp-json\/wp\/v2\/tags?post=23496"}],"curies":[{"name":"wp","href":"https:\/\/api.w.org\/{rel}","templated":true}]}}