{"id":23477,"date":"2021-03-26T10:20:19","date_gmt":"2021-03-26T10:20:19","guid":{"rendered":"https:\/\/www.mes-allocs.fr\/guides\/?p=23477"},"modified":"2025-10-22T16:39:58","modified_gmt":"2025-10-22T14:39:58","slug":"bilan-de-competences-marseille","status":"publish","type":"post","link":"https:\/\/www.mes-allocs.fr\/guides\/reconversion-professionnelle\/bilan-de-competences\/ou-faire-un-bilan-de-competences\/bilan-de-competences-marseille\/","title":{"rendered":"Comment faire un bilan de comp\u00e9tences \u00e0 Marseille ?"},"content":{"rendered":"<p><a href=\"https:\/\/www.mes-allocs.fr\/guides\/wp-content\/uploads\/2021\/03\/marseille-3716867_1280.jpg\"><img loading=\"lazy\" decoding=\"async\" class=\"aligncenter wp-image-23491 size-full\" title=\"bilan de comp\u00e9tences marseille\" src=\"https:\/\/www.mes-allocs.fr\/guides\/wp-content\/uploads\/2021\/03\/marseille-3716867_1280-e1616742676762.jpg\" alt=\"bilan de comp\u00e9tences Marseille\" width=\"1280\" height=\"425\" \/><\/a><\/p>\n<p style=\"text-align: justify;\"><strong>Le bilan de comp\u00e9tences peut \u00eatre r\u00e9alis\u00e9 afin d&rsquo;analyser vos comp\u00e9tences professionnelles et personnelles. Souvent r\u00e9alis\u00e9 dans le cadre d&rsquo;une <a href=\"https:\/\/www.mes-allocs.fr\/guides\/reconversion-professionnelle\/\">reconversion professionnelle<\/a>, plusieurs dispositifs permettent une prise en charge des frais du bilan. Mes Allocs vous explique en d\u00e9tail comment r\u00e9aliser un bilan de comp\u00e9tences \u00e0 Marseille.<\/strong><\/p>\n<div class='cta-block'><div class='text'>Bilan de comp\u00e9tences pay\u00e9 par vos aides.<\/div><a href='https:\/\/www.formademia.fr\/formulaire\/coaching' class='app-button fit'>V\u00e9rifier votre \u00e9ligibilit\u00e9<\/a><\/div>\n<h1>Qu&rsquo;est-ce que le bilan de comp\u00e9tences ?<\/h1>\n<p>Le <a href=\"https:\/\/www.mes-allocs.fr\/guides\/reconversion-professionnelle\/bilan-de-competences\/ou-faire-un-bilan-de-competences\/\">bilan de comp\u00e9tences<\/a> est avant tout une d\u00e9marche non obligatoire. Un salari\u00e9 ou un demandeur d&#8217;emploi peut demander \u00e0 en r\u00e9aliser un pour l&rsquo;aider \u00e0 faire le point sur sa carri\u00e8re professionnelle et personnelle. Cela soit dans le cadre d&rsquo;une \u00e9volution professionnelle, soit dans le cadre d&rsquo;un nouveau projet professionnel.<\/p>\n<p>Il est possible de r\u00e9aliser un bilan pendant votre temps de travail, et cela, sans perte de r\u00e9mun\u00e9ration. En revanche vous devrez faire une demande sp\u00e9cifique de demande de cong\u00e9 pour bilan de comp\u00e9tences. Dans le cas ou vous feriez le choix de le faire en dehors de votre temps de travail, rien ne vous oblige \u00e0 en informer votre employeur.<\/p>\n<p>\u00c0 noter : si vous \u00eates salari\u00e9, vous pouvez vous tourner vers les ressources humaines de votre entreprise pour vous aider dans vos d\u00e9marches.<\/p>\n<p><strong>Vous devrez respecter certaines conditions, \u00e0 savoir :<\/strong><\/p>\n<ul>\n<li>Pour un salari\u00e9 en CDI : il faut justifier de 5 ann\u00e9es de salariat (cons\u00e9cutives ou non) dont 12 mois au sein de l\u2019entreprise dans laquelle le salari\u00e9 effectue la demande. A noter qu\u2019un d\u00e9lai de franchise de 5 ans doit \u00eatre respect\u00e9 entre deux bilans ;<\/li>\n<\/ul>\n<ul>\n<li>Pour un salari\u00e9 en CDD : il faut justifier de 24 mois de salariat (cons\u00e9cutifs ou non) au cours des 5 derni\u00e8res ann\u00e9es dont 4 mois (cons\u00e9cutifs ou non) au cours des 12 derniers mois.<\/li>\n<\/ul>\n<p><iframe loading=\"lazy\" title=\"La reconversion professionnelle\" width=\"500\" height=\"281\" src=\"https:\/\/www.youtube.com\/embed\/EiVUthswxl0?feature=oembed\" frameborder=\"0\" allow=\"accelerometer; autoplay; clipboard-write; encrypted-media; gyroscope; picture-in-picture; web-share\" referrerpolicy=\"strict-origin-when-cross-origin\" allowfullscreen><\/iframe><\/p>\n<h1>R\u00e9alisez votre bilan de comp\u00e9tences \u00e0 Marseille<\/h1>\n<p style=\"text-align: justify;\">Lorsque vous habitez \u00e0 Marseille, vous pouvez <a href=\"https:\/\/www.mes-allocs.fr\/guides\/reconversion-professionnelle\/bilan-de-competences\/ou-faire-un-bilan-de-competences\/\">r\u00e9aliser un bilan de comp\u00e9tences dans un centre de bilan agr\u00e9\u00e9<\/a> par un consultant d\u00e9di\u00e9. Sinon, vous pouvez r\u00e9aliser un bilan de comp\u00e9tences avec Mes Allocs. Que vous soyez sur Paris ou une autre Ville, Mes Allocs accompagne les salari\u00e9s et des demandeurs d&rsquo; emploi pour les guider pour une reconversion professionnelle, ou simplement pour une \u00e9volution professionnelle.<\/p>\n<p><strong>\u00c0 noter : Certaines plateformes proposent \u00e9galement de r\u00e9aliser des bilans de comp\u00e9tences gratuits et sans engagement.<\/strong><\/p>\n<h1>Quel est le but d&rsquo;un bilan de comp\u00e9tences ?<\/h1>\n<p>Le fait de r\u00e9aliser un bilan de comp\u00e9tences repr\u00e9sente de nombreux avantages, que ce soit pour votre vie professionnelle que personnelle. Cela permet de :<\/p>\n<ul>\n<li>prendre du recul sur votre situation professionnelle actuelle, la d\u00e9bloquer, la relancer, ou tout simplement la conforter ;<\/li>\n<li>r\u00e9fl\u00e9chir \u00e0 vos envies et \u00e0 votre avenir professionnel et personnel ;<\/li>\n<li>d\u00e9velopper votre confiance en vous gr\u00e2ce \u00e0 une meilleure connaissance\u00a0 et acceptation de vos forces, mais \u00e9galement de vos faiblesses ;<\/li>\n<li>vous d\u00e9couvrir de nouveaux int\u00e9r\u00eats, motivations ou perspectives professionnelles ;<\/li>\n<li>prendre en main votre carri\u00e8re et anticiper son \u00e9volution \u00a0sans la subir ni vous laisser surprendre par le cours des \u00e9v\u00e8nements\u00a0;<\/li>\n<li>vous \u00e9panouir au travail et r\u00e9ussir avec un projet professionnel concret et un plan d&rsquo;action pr\u00e9cis.<\/li>\n<\/ul>\n<h1>Comment est structur\u00e9 un bilan de comp\u00e9tences ?<\/h1>\n<p>Le bilan de comp\u00e9tences se divise en 3 \u00e9tapes, il s&rsquo;agit d&rsquo;entretiens individuels qui sont r\u00e9alis\u00e9s par un consultant sp\u00e9cialis\u00e9 en gestion de carri\u00e8re. La dur\u00e9e maximum du bilan est de 24 heures \u00e0 r\u00e9aliser en plusieurs s\u00e9ances de 2 \u00e0 3 heures espac\u00e9es.<\/p>\n<div>\n<h2 class=\"fiche-title-1\">Phase pr\u00e9liminaire<\/h2>\n<p>La phase pr\u00e9liminaire a pour objet les actions suivantes\u00a0:<\/p>\n<ul>\n<li>Analyser la demande et le besoin du b\u00e9n\u00e9ficiaire<\/li>\n<li>Analyser vos points forts et vos centres d&rsquo;int\u00e9r\u00eat<\/li>\n<li>D\u00e9terminer le format le plus adapt\u00e9 \u00e0 la situation et au besoin<\/li>\n<li>D\u00e9finir conjointement la proc\u00e9dure de d\u00e9roulement du bilan<\/li>\n<\/ul>\n<\/div>\n<div>\n<h2 class=\"fiche-title-1\">Phase d&rsquo;investigation<\/h2>\n<p>La phase d&rsquo;investigation permet au b\u00e9n\u00e9ficiaire soit de construire son projet pour un nouvel avenir professionnel et d&rsquo;en v\u00e9rifier la pertinence, soit d&rsquo;\u00e9laborer une ou plusieurs alternatives.<\/p>\n<\/div>\n<div>\n<h2 class=\"fiche-title-1\">Phase de conclusion<\/h2>\n<p>La phase de conclusion permet au b\u00e9n\u00e9ficiaire, au moyen d&rsquo;entretiens personnalis\u00e9s, d\u2019effectuer les actions suivantes :<\/p>\n<ul>\n<li>S&rsquo;approprier les r\u00e9sultats d\u00e9taill\u00e9s de la phase d&rsquo;investigation<\/li>\n<li>Recenser les conditions et moyens favorisant la r\u00e9alisation du ou des projets professionnels<\/li>\n<li>Pr\u00e9voir les principales \u00e9tapes du ou des projets professionnels, dont la possibilit\u00e9 de b\u00e9n\u00e9ficier d&rsquo;un entretien de suivi avec le prestataire de bilan de comp\u00e9tences.<\/li>\n<\/ul>\n<p>\u00c0 la fin du programme, le formateur vous remettra un document de synth\u00e8se r\u00e9sumant votre bilan, vos comp\u00e9tences, ainsi que des pistes pour votre projet de formation. Selon le plan de formation \u00e9tabli pendant votre bilan de comp\u00e9tences, vous pouvez choisir de suivre une formation continue (en cas de reconversion) dans des centre de formations agr\u00e9\u00e9s par exemple.<\/p>\n<h1>Quel est le co\u00fbt d&rsquo;un bilan de comp\u00e9tences ?<\/h1>\n<h2>Le prix d&rsquo;un bilan de comp\u00e9tence<\/h2>\n<p>Le prix d&rsquo;un bilan de comp\u00e9tence n&rsquo;est pas fixe. Son montant varie en fonction de plusieurs crit\u00e8res. Notamment le centre de bilan de comp\u00e9tences ou vous allez le r\u00e9aliser, votre situation professionnelle, vos besoins, mais \u00e9galement votre zone g\u00e9ographique.<\/p>\n<p>Chaque organisme paritaire, organisme de formation est libre de fixer lui-m\u00eame le prix pour faire un bilan. G\u00e9n\u00e9ralement, il varie entre 1.500 euros et 3.000 euros.<\/p>\n<p>Avant de vous inscrire pour r\u00e9aliser un bilan, v\u00e9rifier que l&rsquo;organisme choisi est s\u00e9rieux. Ce n&rsquo;est pas parce que le prix propos\u00e9 est \u00e9lev\u00e9 que la qualit\u00e9 de la prestation fournie par l&rsquo;organisme prestataire est l\u00e0.<\/p>\n<h2>Comment financer votre bilan de comp\u00e9tences ?<\/h2>\n<p>Pour vous aider \u00e0 le r\u00e9aliser, plusieurs possibilit\u00e9 s&rsquo;offrent \u00e0 vous pour une demande de financement, \u00e0 savoir :<\/p>\n<ul>\n<li>Par votre employeur, si le bilan de comp\u00e9tences est int\u00e9gr\u00e9 au\u00a0plan de d\u00e9veloppement des comp\u00e9tences de l\u2019entreprise ou effectu\u00e9 avant un cong\u00e9 de reclassement<\/li>\n<li>Par P\u00f4le Emploi gr\u00e2ce \u00e0 l\u2019aide individuelle \u00e0 la formation (AIF) pour les demandeurs d&#8217;emploi<\/li>\n<li>Avec votre compte personnel de formation CPF que vous soyez en activit\u00e9 salari\u00e9e ou demandeur d&#8217;emploi<\/li>\n<li>Par votre propre moyen si vous n&rsquo;\u00eates \u00e9ligible \u00e0 aucune des solutions cit\u00e9es au-dessus<\/li>\n<\/ul>\n<p><strong>\u00c0 noter : si vous \u00eates fonctionnaire ou agent public,\u00a0vous relevez alors de dispositifs sp\u00e9cifiques aux fonctions publiques. Votre administration pourra vous renseigner sur les possibilit\u00e9s qui vous sont offertes dans ce cadre.<\/strong><\/p>\n<div class='cta-block'><div class='text'>Bilan de comp\u00e9tences pay\u00e9 par vos aides.<\/div><a href='https:\/\/www.formademia.fr\/formulaire\/coaching' class='app-button fit'>V\u00e9rifier votre \u00e9ligibilit\u00e9<\/a><\/div>\n<\/div>\n","protected":false},"excerpt":{"rendered":"<p>Le bilan de comp\u00e9tences peut \u00eatre r\u00e9alis\u00e9 afin d&rsquo;analyser vos comp\u00e9tences professionnelles et personnelles. Souvent r\u00e9alis\u00e9 dans le cadre d&rsquo;une reconversion professionnelle, plusieurs dispositifs permettent une prise en charge des frais du bilan. Mes Allocs vous explique en d\u00e9tail comment r\u00e9aliser un bilan de comp\u00e9tences \u00e0 Marseille. Qu&rsquo;est-ce que le bilan de comp\u00e9tences ? Le [&hellip;]<\/p>\n","protected":false},"author":10,"featured_media":23491,"comment_status":"open","ping_status":"open","sticky":false,"template":"","format":"standard","meta":{"amp_status":"","footnotes":""},"categories":[5093,5245,5081],"tags":[],"class_list":["post-23477","post","type-post","status-publish","format-standard","has-post-thumbnail","hentry","category-bilan-de-competences","category-ou-faire-un-bilan-de-competences","category-reconversion-professionnelle"],"yoast_head":"<!-- This site is optimized with the Yoast SEO plugin v14.9 - https:\/\/yoast.com\/wordpress\/plugins\/seo\/ -->\n<title>Comment faire un bilan de comp\u00e9tences \u00e0 Marseille ? | Mes-Allocs.fr<\/title>\n<meta name=\"description\" content=\"Le bilan de comp\u00e9tences permet de faire un point sur votre carri\u00e8re. Mes Allocs vous explique tout sur le bilan de comp\u00e9tences \u00e0 Marseille !\" \/>\n<meta name=\"robots\" content=\"index, follow, max-snippet:-1, max-image-preview:large, max-video-preview:-1\" \/>\n<link rel=\"canonical\" href=\"https:\/\/www.mes-allocs.fr\/guides\/reconversion-professionnelle\/bilan-de-competences\/ou-faire-un-bilan-de-competences\/bilan-de-competences-marseille\/\" \/>\n<meta property=\"og:locale\" content=\"fr_FR\" \/>\n<meta property=\"og:type\" content=\"article\" \/>\n<meta property=\"og:title\" content=\"Comment faire un bilan de comp\u00e9tences \u00e0 Marseille ? | Mes-Allocs.fr\" \/>\n<meta property=\"og:description\" content=\"Le bilan de comp\u00e9tences permet de faire un point sur votre carri\u00e8re. Mes Allocs vous explique tout sur le bilan de comp\u00e9tences \u00e0 Marseille !\" \/>\n<meta property=\"og:url\" content=\"https:\/\/www.mes-allocs.fr\/guides\/reconversion-professionnelle\/bilan-de-competences\/ou-faire-un-bilan-de-competences\/bilan-de-competences-marseille\/\" \/>\n<meta property=\"og:site_name\" content=\"Mes-Allocs.fr\" \/>\n<meta property=\"article:published_time\" content=\"2021-03-26T10:20:19+00:00\" \/>\n<meta property=\"article:modified_time\" content=\"2025-10-22T14:39:58+00:00\" \/>\n<meta property=\"og:image\" content=\"https:\/\/www.mes-allocs.fr\/guides\/wp-content\/uploads\/2021\/03\/marseille-3716867_1280.jpg?wsr\" \/>\n\t<meta property=\"og:image:width\" content=\"1280\" \/>\n\t<meta property=\"og:image:height\" content=\"959\" \/>\n<meta name=\"twitter:card\" content=\"summary_large_image\" \/>\n<script type=\"application\/ld+json\" class=\"yoast-schema-graph\">{\"@context\":\"https:\/\/schema.org\",\"@graph\":[{\"@type\":\"WebSite\",\"@id\":\"https:\/\/www.mes-allocs.fr\/guides\/#website\",\"url\":\"https:\/\/www.mes-allocs.fr\/guides\/\",\"name\":\"Mes-Allocs.fr\",\"description\":\"\",\"potentialAction\":[{\"@type\":\"SearchAction\",\"target\":\"https:\/\/www.mes-allocs.fr\/guides\/?s={search_term_string}\",\"query-input\":\"required name=search_term_string\"}],\"inLanguage\":\"fr-FR\"},{\"@type\":\"ImageObject\",\"@id\":\"https:\/\/www.mes-allocs.fr\/guides\/reconversion-professionnelle\/bilan-de-competences\/ou-faire-un-bilan-de-competences\/bilan-de-competences-marseille\/#primaryimage\",\"inLanguage\":\"fr-FR\",\"url\":\"https:\/\/www.mes-allocs.fr\/guides\/wp-content\/uploads\/2021\/03\/marseille-3716867_1280.jpg?wsr\",\"width\":1280,\"height\":959,\"caption\":\"bilan de comp\\u00e9tences marseille\"},{\"@type\":\"WebPage\",\"@id\":\"https:\/\/www.mes-allocs.fr\/guides\/reconversion-professionnelle\/bilan-de-competences\/ou-faire-un-bilan-de-competences\/bilan-de-competences-marseille\/#webpage\",\"url\":\"https:\/\/www.mes-allocs.fr\/guides\/reconversion-professionnelle\/bilan-de-competences\/ou-faire-un-bilan-de-competences\/bilan-de-competences-marseille\/\",\"name\":\"Comment faire un bilan de comp\\u00e9tences \\u00e0 Marseille ? | Mes-Allocs.fr\",\"isPartOf\":{\"@id\":\"https:\/\/www.mes-allocs.fr\/guides\/#website\"},\"primaryImageOfPage\":{\"@id\":\"https:\/\/www.mes-allocs.fr\/guides\/reconversion-professionnelle\/bilan-de-competences\/ou-faire-un-bilan-de-competences\/bilan-de-competences-marseille\/#primaryimage\"},\"datePublished\":\"2021-03-26T10:20:19+00:00\",\"dateModified\":\"2025-10-22T14:39:58+00:00\",\"author\":{\"@id\":\"https:\/\/www.mes-allocs.fr\/guides\/#\/schema\/person\/8d47b912c0ad15f379df96b4e4e33f58\"},\"description\":\"Le bilan de comp\\u00e9tences permet de faire un point sur votre carri\\u00e8re. Mes Allocs vous explique tout sur le bilan de comp\\u00e9tences \\u00e0 Marseille !\",\"inLanguage\":\"fr-FR\"},{\"@type\":\"Person\",\"@id\":\"https:\/\/www.mes-allocs.fr\/guides\/#\/schema\/person\/8d47b912c0ad15f379df96b4e4e33f58\",\"name\":\"Constance de Cagny\",\"image\":{\"@type\":\"ImageObject\",\"@id\":\"https:\/\/www.mes-allocs.fr\/guides\/#personlogo\",\"inLanguage\":\"fr-FR\",\"url\":\"https:\/\/www.mes-allocs.fr\/guides\/wp-content\/uploads\/2021\/06\/Constance.2e8ee0b.png\",\"caption\":\"Constance de Cagny\"},\"description\":\"Constance est r\\u00e9dactrice au sein de l'\\u00e9quipe Mes Allocs. Elle a l'habitude d'\\u00e9crire sur les sujets conso, bons plans et \\u00e9conomies. Dipl\\u00f4m\\u00e9e de l'ENACO, elle rejoint Mes Allocs apr\\u00e8s une premi\\u00e8re exp\\u00e9rience en cabinet notarial.\",\"sameAs\":[\"https:\/\/www.linkedin.com\/in\/constance-de-cagny-mayeur-bbb414135\"]}]}<\/script>\n<!-- \/ Yoast SEO plugin. -->","amp_validity":null,"acf":{"faq":{"1":{"question":"Quelle est la dur\u00e9e d'un bilan de comp\u00e9tences ?","answer":"La dur\u00e9e du bilan de comp\u00e9tences est de 24 heures maximum. Ces heures se r\u00e9partissent g\u00e9n\u00e9ralement sur plusieurs semaines."},"2":{"question":"Quand faire un bilan de comp\u00e9tences ?","answer":"Le bilan de comp\u00e9tences se fait \u00e0 votre initiative lorsque vous ressentez le besoin de faire un point dans votre carri\u00e8re."},"3":{"question":"Qui peut b\u00e9n\u00e9ficier d'un bilan de comp\u00e9tences ?","answer":"Le bilan de comp\u00e9tences est obligatoirement r\u00e9alis\u00e9 par un prestataire ext\u00e9rieur \u00e0 l'entreprise, qui ne peut organiser en interne le bilan pour ses salari\u00e9s."},"4":{"question":"Comment faire un bilan de comp\u00e9tences gratuit ?","answer":"Un bilan de comp\u00e9tences est g\u00e9n\u00e9ralement payant. Mais vous pouvez en r\u00e9alisez gratuitement sur internet."},"5":{"question":" Est-ce que le CPF finance le bilan de comp\u00e9tences ? ","answer":"Oui, depuis 2017 il est possible d'utiliser ses heures CPF pour financer son bilan de comp\u00e9tences."},"6":{"question":" Qui peut faire un bilan de comp\u00e9tences ? ","answer":"Tous les salari\u00e9s, CDD, CDI et les demandeurs d'emploi peuvent faire un bilan de comp\u00e9tences."},"7":{"question":"","answer":""},"8":{"question":"","answer":""},"9":{"question":"","answer":""},"10":{"question":"","answer":""},"11":{"question":"","answer":""},"12":{"question":"","answer":""},"13":{"question":"","answer":""},"14":{"question":"","answer":""},"15":{"question":"","answer":""},"16":{"question":"","answer":""}}},"_links":{"self":[{"href":"https:\/\/www.mes-allocs.fr\/guides\/wp-json\/wp\/v2\/posts\/23477","targetHints":{"allow":["GET"]}}],"collection":[{"href":"https:\/\/www.mes-allocs.fr\/guides\/wp-json\/wp\/v2\/posts"}],"about":[{"href":"https:\/\/www.mes-allocs.fr\/guides\/wp-json\/wp\/v2\/types\/post"}],"author":[{"embeddable":true,"href":"https:\/\/www.mes-allocs.fr\/guides\/wp-json\/wp\/v2\/users\/10"}],"replies":[{"embeddable":true,"href":"https:\/\/www.mes-allocs.fr\/guides\/wp-json\/wp\/v2\/comments?post=23477"}],"version-history":[{"count":9,"href":"https:\/\/www.mes-allocs.fr\/guides\/wp-json\/wp\/v2\/posts\/23477\/revisions"}],"predecessor-version":[{"id":102670,"href":"https:\/\/www.mes-allocs.fr\/guides\/wp-json\/wp\/v2\/posts\/23477\/revisions\/102670"}],"wp:featuredmedia":[{"embeddable":true,"href":"https:\/\/www.mes-allocs.fr\/guides\/wp-json\/wp\/v2\/media\/23491"}],"wp:attachment":[{"href":"https:\/\/www.mes-allocs.fr\/guides\/wp-json\/wp\/v2\/media?parent=23477"}],"wp:term":[{"taxonomy":"category","embeddable":true,"href":"https:\/\/www.mes-allocs.fr\/guides\/wp-json\/wp\/v2\/categories?post=23477"},{"taxonomy":"post_tag","embeddable":true,"href":"https:\/\/www.mes-allocs.fr\/guides\/wp-json\/wp\/v2\/tags?post=23477"}],"curies":[{"name":"wp","href":"https:\/\/api.w.org\/{rel}","templated":true}]}}