{"id":23445,"date":"2021-03-29T19:49:37","date_gmt":"2021-03-29T19:49:37","guid":{"rendered":"https:\/\/www.mes-allocs.fr\/guides\/?p=23445"},"modified":"2026-03-06T18:07:10","modified_gmt":"2026-03-06T17:07:10","slug":"aides-perte-autonomie","status":"publish","type":"post","link":"https:\/\/www.mes-allocs.fr\/guides\/aides-sociales\/aides-perte-autonomie\/","title":{"rendered":"Toutes les aides pour faire face \u00e0 la perte d&rsquo;autonomie"},"content":{"rendered":"<h1><a href=\"https:\/\/www.mes-allocs.fr\/guides\/wp-content\/uploads\/2021\/03\/pexels-andrea-piacquadio-3768131-1.jpg\"><img loading=\"lazy\" decoding=\"async\" class=\"aligncenter wp-image-23521 size-full\" src=\"https:\/\/www.mes-allocs.fr\/guides\/wp-content\/uploads\/2021\/03\/pexels-andrea-piacquadio-3768131-1-e1617045531508.jpg\" alt=\"Toutes les aides pour faire face \u00e0 la perte d'autonomie\" width=\"1280\" height=\"377\" \/><\/a><\/h1>\n<p style=\"text-align: justify;\">[Mis \u00e0 jour le 06\/03\/2026] Face \u00e0 la d\u00e9pendance d\u2019un proche, connaissez-vous toutes les aides dont vous et votre proche pouvez b\u00e9n\u00e9ficier ? L&rsquo;\u00e9quipe de Mes-Allocs.fr a fait le tour de tous les dispositifs, pour les personnes \u00e2g\u00e9es, les personnes en situation de handicap et les proches aidants. D\u00e9couvrez toutes les <a href=\"https:\/\/www.mes-allocs.fr\/guides\/aides-sociales\/\">aides sociales<\/a> !<\/p>\n<div class='cta-block'><div class='text'>Simulez toutes vos aides en 2 min.<\/div><a href='https:\/\/www.mes-allocs.fr\/ab-app?origin=guides\/wp-json\/wp\/v2\/posts\/23445' class='app-button fit'>Simulation gratuite<\/a><\/div>\n<h1>Les aides pour les personnes \u00e2g\u00e9es<\/h1>\n<h2>APA (\u00e0 domicile ou en \u00e9tablissement)<\/h2>\n<p>L&rsquo;allocation personnalis\u00e9e d\u2019autonomie, ou simplement APA est une aide financi\u00e8re permettant aux personnes \u00e2g\u00e9es d\u00e9pendantes (incapables d&rsquo;effectuer les actes de la vie courante) de rester vivre \u00e0 leur domicile malgr\u00e9 la perte d\u2019autonomie, elle a \u00e9t\u00e9 revaloris\u00e9e par la loi du 28 d\u00e9cembre 2015 relative \u00e0 l\u2019adaptation de la soci\u00e9t\u00e9 au vieillissement.<\/p>\n<p>Si vous \u00eates \u00e9ligible, cette allocation vous sera vers\u00e9e par le conseil d\u00e9partemental.<\/p>\n<p><strong>\u00c0 noter : L&rsquo;APA \u00e9tant exon\u00e9r\u00e9e d\u2019imp\u00f4t, vous n\u2019avez pas \u00e0 reporter le montant d\u2019APA re\u00e7u dans votre d\u00e9claration de revenus, en revanche elle n&rsquo;est pas r\u00e9cup\u00e9rable sur la succession<\/strong><\/p>\n<p><strong>Ces d\u00e9penses sont inscrites dans un plan d\u2019aide. Elles peuvent concerner :<\/strong><\/p>\n<ul>\n<li>des prestations d\u2019aide \u00e0 domicile,<\/li>\n<li><a href=\"https:\/\/www.pour-les-personnes-agees.gouv.fr\/preserver-son-autonomie-s-informer-et-anticiper\/amenager-son-logement-et-sequiper\/differents-types-de-materiel-adapte\">du mat\u00e9riel<\/a>\u00a0(installation de\u00a0la t\u00e9l\u00e9assistance, barres d\u2019appui\u2026),<\/li>\n<li>des fournitures pour l\u2019hygi\u00e8ne (pour en savoir plus consultez l&rsquo;article\u00a0Incontinence\u00a0: quelles aides pour financer l\u2019achat de protections\u00a0?)<\/li>\n<li>du\u00a0portage de repas,<\/li>\n<li>des travaux pour\u00a0l\u2019am\u00e9nagement du logement,<\/li>\n<li>un accueil temporaire, \u00e0 la journ\u00e9e ou avec h\u00e9bergement,<\/li>\n<li>des d\u00e9penses de transport,<\/li>\n<li>les services rendus par\u00a0un accueillant familial.<\/li>\n<\/ul>\n<p><strong>Quelles sont les conditions pour en b\u00e9n\u00e9ficier ?<\/strong><\/p>\n<ul>\n<li>60 ans ou plus<\/li>\n<li>\u00eatre en perte d\u2019autonomie, c\u2019est-\u00e0-dire avoir un degr\u00e9 de perte d&rsquo;autonomie \u00e9valu\u00e9 comme relevant du GIR 1, 2, 3 ou 4 (= besoin d&rsquo;aide important dans la vie quotidienne) par une \u00e9quipe de professionnels du conseil d\u00e9partemental. <em>(NB : Grille AGGIR = Autonomie G\u00e9rontologique et Groupe Iso Ressources)<\/em><\/li>\n<li>Pas de conditions de ressources, mais au-del\u00e0 d\u2019un certain niveau de revenus, une participation progressive vous sera demand\u00e9e.<\/li>\n<\/ul>\n<p><strong>Quel est le montant de l&rsquo;APA ?<\/strong><\/p>\n<ul>\n<li>\u00a0Il d\u00e9pend des revenus et des aides financ\u00e9es, mais montants sont plafonn\u00e9s (cf ci dessous)<\/li>\n<li>Au-del\u00e0 de 933,89\u20ac de ressources mensuelles, une participation financi\u00e8res est demand\u00e9e<\/li>\n<li>Si revenus &gt; \u00e0 3 439,31\u20ac par mois, participation de 90% des d\u00e9penses demand\u00e9es (donc aide de 10%)<\/li>\n<\/ul>\n<p><strong>Au 1er janvier 2026, les montants maximaux des plans d\u2019aides sont fix\u00e9s \u00e0 :<\/strong><\/p>\n<ul>\n<li>Pour le GIR 1 : 2 080,33\u20ac\/mois<\/li>\n<li>Pour le GIR 2 : 1 682,30 \u20ac\/mois<\/li>\n<li>Pour le GIR 3 : \u00a0<span class=\"sp-prix\">1 215,99<\/span>\u20ac\/mois<\/li>\n<li>Pour le GIR 4 : 811,52\u20ac\/mois<\/li>\n<\/ul>\n<p><strong>Les d\u00e9marches pour demander l&rsquo;APA<\/strong><\/p>\n<ul>\n<li>Vous devrez retirer le dossier au d\u00e9partement, centres d&rsquo;informations, CCAS, s\u00e9curit\u00e9 sociale ou mutuelle, services d\u2019aide \u00e0 domicile. Parfois possible de faire dossier en ligne sur certains sites de conseils d\u00e9partementaux (\u00e7a d\u00e9pend des d\u00e9partements)<\/li>\n<li>Formuler votre demande d&rsquo;APA au d\u00e9partement<\/li>\n<li>L\u2019\u00e9quipe m\u00e9dico-sociale APA est un service du d\u00e9partement qui intervient apr\u00e8s avoir re\u00e7u une demande d\u2019APA (allocation personnalis\u00e9e d\u2019autonomie) : elle \u00e9tablit un plan d&rsquo;aide dans lequel sont inscrites les d\u00e9penses financ\u00e9es par l&rsquo;APA. Ils viennent \u00e0 votre domicile pour l&rsquo;\u00e9valuation.<\/li>\n<li>A l&rsquo;issue de la visite de l&rsquo;\u00e9quipe m\u00e9dico-sociale un plan vous est envoy\u00e9 avec votre niveau GIR, vos aides, le montant de la participation \u00e9ventuelle, etc. Vous pouvez accepter ou demander une r\u00e9vision.<\/li>\n<\/ul>\n<p>Si vous avez besoin d&rsquo;\u00eatre accompagn\u00e9(e) dans ces d\u00e9marches, n&rsquo;h\u00e9sitez pas \u00e0 <a href=\"https:\/\/www.mes-allocs.fr\/souscription\">faire appel \u00e0 nos conseillers.<\/a><\/p>\n<p><strong>Le recours APA<\/strong><\/p>\n<p>Depuis le 1er\u00a0janvier 2019, si vous n\u2019\u00eates pas d\u2019accord avec la d\u00e9cision du pr\u00e9sident du conseil d\u00e9partemental relative \u00e0 votre demande d\u2019APA,\u00a0<strong>vous devez\u00a0dans un premier temps\u00a0faire un recours pr\u00e9alable aupr\u00e8s du pr\u00e9sident du conseil d\u00e9partemental. Par courrier. Ensuite il a 2 mois pour r\u00e9pondre.<\/strong><\/p>\n<p>Il est possible d\u2019exercer un recours dans les cas suivants :<\/p>\n<ul>\n<li>l\u2019attribution de l\u2019APA vous est refus\u00e9e,<\/li>\n<li>vous contestez le montant attribu\u00e9,<\/li>\n<li>vous contestez le\u00a0GIR\u00a0qui vous est attribu\u00e9,<\/li>\n<li>vous contestez le montant de votre participation.<\/li>\n<\/ul>\n<p>Si vous n\u2019\u00eates toujours pas d\u2019accord avec la d\u00e9cision du pr\u00e9sident du conseil d\u00e9partemental apr\u00e8s votre recours, vous avez 2 mois pour contester cette d\u00e9cision aupr\u00e8s du <strong>tribunal administratif<\/strong> (idem, par courrier).<\/p>\n<p>R\u00e9\u00e9valuation suite \u00e0 \u00e9volution des besoins d&rsquo;aide : par exemple si vos besoins d\u2019aide augmentent ou si votre proche aidant souhaite b\u00e9n\u00e9ficier d\u2019un temps de r\u00e9pit. Il suffit de prendre contact avec l\u2019\u00e9quipe m\u00e9dico-sociale et lui demander de r\u00e9\u00e9valuer votre situation \u00e0 domicile.<\/p>\n<p>Le montant de l&rsquo;APA est vers\u00e9 directement au b\u00e9n\u00e9ficiaire, ou alors en CESU aux services, ou \u00e0 l\u2019\u00e9tablissement d\u2019accueil temporaire<\/p>\n<p><strong>Certains services pr\u00e9vus par le plan d\u2019aide personnalis\u00e9 APA (confection des repas, entretien du linge\u2026) peuvent \u00eatre r\u00e9alis\u00e9s par l\u2019accueillant familial. L\u2019APA peut aider \u00e0 payer une partie de la r\u00e9mun\u00e9ration de l\u2019accueillant familial.<\/strong><\/p>\n<div class='cta-block'><div class='text'>Simulez toutes vos aides en 2 min.<\/div><a href='https:\/\/www.mes-allocs.fr\/ab-app?origin=guides\/wp-json\/wp\/v2\/posts\/23445' class='app-button fit'>Simulation gratuite<\/a><\/div>\n<p><iframe loading=\"lazy\" src=\"\/\/www.youtube.com\/embed\/4gLOrCfAF64\" width=\"560\" height=\"314\" allowfullscreen=\"allowfullscreen\"><\/iframe><\/p>\n<h2>L&rsquo;APA en \u00e9tablissement<\/h2>\n<p>L\u2019APA en \u00e9tablissement aide le r\u00e9sident d\u2019un EHPAD (\u00e9tablissements d\u2019h\u00e9bergement pour personnes \u00e2g\u00e9es d\u00e9pendantes) ou d\u2019une USLD (unit\u00e9s de soins de longue dur\u00e9e) \u00e0 payer le tarif d\u00e9pendance correspondant \u00e0 son GIR.<\/p>\n<h2>L&rsquo;aide m\u00e9nag\u00e8re \u00e0 domicile<\/h2>\n<p>Si vous avez des difficult\u00e9s \u00e0 faire certains gestes du quotidien, vous pouvez obtenir une aide financi\u00e8re (dite aide m\u00e9nag\u00e8re) pour r\u00e9mun\u00e9rer une personne (appel\u00e9e aide \u00e0 domicile) qui viendra chez vous effectuer certaines t\u00e2ches m\u00e9nag\u00e8res (aide pour les repas, le m\u00e9nage, la lessive, &#8230;).<\/p>\n<p>Vous devez faire votre demande d&rsquo;aide m\u00e9nag\u00e8re \u00e0 domicile aupr\u00e8s de votre Mairie. En revanche, c&rsquo;est votre d\u00e9partement ou, \u00e0 d\u00e9faut, votre caisse de retraite qui est en charge de vous verser cette aide. Si vous avez besoin d&rsquo;\u00eatre accompagn\u00e9(e) dans ces d\u00e9marches, n&rsquo;h\u00e9sitez pas \u00e0 <a href=\"https:\/\/www.mes-allocs.fr\/souscription\">faire appel \u00e0 nos conseillers.<\/a><\/p>\n<p><strong>\u00c0 noter : Cette aide n&rsquo;est pas cumulable avec l&rsquo;APA<\/strong><\/p>\n<p>Pour trouver un service d&rsquo;aide \u00e0 domicile, il existe un <a href=\"https:\/\/www.pour-les-personnes-agees.gouv.fr\/\">annuaire officiel et gratuit pour les personnes \u00e2g\u00e9es<\/a>. Si vous ne trouvez pas il faut vous rendre dans un point d&rsquo;information physique pr\u00e8s de chez vous.<\/p>\n<p><strong>Conditions pour en b\u00e9n\u00e9ficier<\/strong><\/p>\n<ul>\n<li>\u00catre \u00e2g\u00e9 de plus de 65 ans (ou plus de 60 ans si vous \u00eates reconnu inapte au travail)<\/li>\n<li>\u00catre de niveau GIR 5 ou 6<\/li>\n<li>Avoir des difficult\u00e9s pour effectuer les t\u00e2ches m\u00e9nag\u00e8res<\/li>\n<li>L&rsquo;intervention d&rsquo;une aide \u00e0 domicile doit vous permettre de rester \u00e0 votre domicile<\/li>\n<li>Vous devez gagner moins de 907\u20ac par mois si vous \u00eates seul, ou 1408\u20ac par mois si vous \u00eates en couple (hors aide au logement)<\/li>\n<\/ul>\n<p>Si vous \u00eates retrait\u00e9 mais que vous ne remplissez pas les conditions d&rsquo;\u00e2ge ou de ressources, votre caisse de retraite peut peut \u00eatre vous attribuer une aide m\u00e9nag\u00e8re. En effet, les <span data-token-index=\"1\" data-reactroot=\"\">caisses de retraite sont autoris\u00e9es \u00e0 d\u00e9terminer elles-m\u00eames leurs r\u00e8gles d&rsquo;attribution de l&rsquo;aide m\u00e9nag\u00e8re, les montants vers\u00e9s, la dur\u00e9e de pr\u00e9sence de l&rsquo;aide \u00e0 domicile.<\/span><\/p>\n<p><strong>Les t\u00e2ches m\u00e9nag\u00e8res concern\u00e9es<\/strong><\/p>\n<ul>\n<li>La pr\u00e9paration de repas<\/li>\n<li>Le m\u00e9nage<\/li>\n<li>Les lessives<\/li>\n<li>Faire ses courses<\/li>\n<\/ul>\n<p>\u00c0 noter : l&rsquo;aide pour effectuer la toilette est g\u00e9n\u00e9ralement r\u00e9serv\u00e9e aux personnes en grande perte d&rsquo;autonomie, pouvant de ce fait pr\u00e9tendre \u00e0 l&rsquo;APA.<\/p>\n<p><strong>Dur\u00e9e de l&rsquo;aide m\u00e9nag\u00e8re \u00e0 domicile<\/strong><\/p>\n<ul>\n<li>Elle est fix\u00e9e par le d\u00e9partement<\/li>\n<li>En revanche elle ne peut pas exc\u00e9der 30 heures par mois (ou 48 heures si chacun des membres du couple a droit \u00e0 cette aide).<\/li>\n<\/ul>\n<p><strong>Montant de l&rsquo;aide m\u00e9nag\u00e8re<\/strong><\/p>\n<ul>\n<li>Son montant est fix\u00e9 par le d\u00e9partement<\/li>\n<li>Il est calcul\u00e9 en fonction des revenus<\/li>\n<li>Une participation financi\u00e8re peut \u00eatre demand\u00e9e (fix\u00e9e par le conseil d\u00e9partemental)<\/li>\n<\/ul>\n<p><strong>Modalit\u00e9 de versement de l&rsquo;aide m\u00e9nag\u00e8re<\/strong><\/p>\n<ul>\n<li>Elle est soit directement au service d&rsquo;aide \u00e0 domicile autoris\u00e9, \u00e0 la condition qu&rsquo;il soit habilit\u00e9 \u00e0 l&rsquo;aide sociale par le conseil d\u00e9partemental,<\/li>\n<li>Ou vers\u00e9e \u00e0 vous-m\u00eame, si vous pr\u00e9f\u00e9rez faire appel \u00e0 un salari\u00e9 que vous employez vous-m\u00eame. Dans ce cas, il faut pr\u00e9senter les justificatifs de d\u00e9pense des montants per\u00e7us.<\/li>\n<\/ul>\n<p>\u00c0 noter : Une participation financi\u00e8re peut vous \u00eatre demand\u00e9e.<\/p>\n<p>ATTENTION : l&rsquo;aide \u00e0 domicile propos\u00e9e par votre d\u00e9partement constitue une <span data-token-index=\"1\" data-reactroot=\"\">avance, remboursable apr\u00e8s d\u00e9c\u00e8s<\/span>, sur votre succession. Le remboursement ne se fait que si la succession est sup\u00e9rieure \u00e0 46 000 \u20ac.<\/p>\n<h2>L&rsquo;accueil familial<\/h2>\n<p>L\u2019accueil familial est une solution d\u2019h\u00e9bergement pour les personnes \u00e2g\u00e9es qui ne peuvent ou ne veulent plus vivre chez elles, momentan\u00e9ment ou d\u00e9finitivement. L&rsquo;accueil familial constitue une alternative \u00e0 l\u2019h\u00e9bergement en \u00e9tablissement.<\/p>\n<p>Accueillants familiaux agr\u00e9\u00e9s par le conseil d\u00e9partemental. Ils accueillent une personne \u00e2g\u00e9e ou handicap\u00e9e (seule ou en couple) et leur font partager leur vie de famille, moyennant r\u00e9mun\u00e9ration.<\/p>\n<p>L\u2019accueil familial est soumis \u00e0 un agr\u00e9ment, d\u00e9livr\u00e9 par le pr\u00e9sident du conseil d\u00e9partemental pour une dur\u00e9e de 5 ans, si certaines conditions sont remplies sur le logement<\/p>\n<p>Un accueillant familial ne peut pas accueillir plus de 3 personnes en m\u00eame temps, sauf d\u00e9rogation accord\u00e9e par le pr\u00e9sident du conseil d\u00e9partemental pour l&rsquo;accueil d&rsquo;un couple.<\/p>\n<p><strong>L\u2019accueillant familial peut \u00eatre\u00a0 :<\/strong><\/p>\n<ul>\n<li>r\u00e9mun\u00e9r\u00e9 directement par la personne qu\u2019il accueille dans le cadre d\u2019un contrat de gr\u00e9 \u00e0 gr\u00e9\u00a0;<\/li>\n<li>\u00eatre salari\u00e9 d\u2019un organisme ayant obtenu l\u2019accord du conseil d\u00e9partemental.<\/li>\n<\/ul>\n<p>Dans les deux cas, l&rsquo;accueillant familial\u00a0dispose de droits en mati\u00e8re de niveau de r\u00e9mun\u00e9ration, de cong\u00e9s pay\u00e9s et de couverture sociale.<\/p>\n<p>Ils ne doivent pas avoir de liens familiaux avec les personnes qu\u2019ils accueillent. Les accueillants familiaux ne doivent pas justifier de dipl\u00f4mes particuliers pour demander leur agr\u00e9ment au conseil d\u00e9partemental.<\/p>\n<p>L\u2019accueil familial se caract\u00e9rise par sa souplesse. Il peut \u00eatre\u00a0:<\/p>\n<ul>\n<li><strong>temporaire<\/strong>\u00a0: apr\u00e8s une hospitalisation, en cas d\u2019absence des proches&#8230;,<\/li>\n<li><strong>permanent<\/strong>,<\/li>\n<li><strong>\u00e0 temps partiel<\/strong>\u00a0: par exemple durant la journ\u00e9e&#8230;<\/li>\n<li><strong>\u00e0 temps complet,<\/strong>\u00a0c&rsquo;est-\u00e0-dire la journ\u00e9e et la nuit (24h\/24),<\/li>\n<li><strong>s\u00e9quentiel :<\/strong>\u00a0par exemple tous les week-ends.<\/li>\n<\/ul>\n<p>Pour faire votre demande il faut s&rsquo;adresser au conseil d\u00e9partemental ou \u00e0 un point d&rsquo;information de type CLIC.<\/p>\n<p>Le co\u00fbt de l\u2019accueil va d\u00e9pendre du nombre de jours d\u2019accueil et des conditions financi\u00e8res fix\u00e9es dans le contrat pour\u00a0:<\/p>\n<ul>\n<li>la r\u00e9mun\u00e9ration pour services rendus (\u00e9l\u00e9ment principal de la r\u00e9mun\u00e9ration), compl\u00e9t\u00e9e d\u2019une indemnit\u00e9 de cong\u00e9\u00a0;<\/li>\n<li>l\u2019indemnit\u00e9 de suj\u00e9tions particuli\u00e8res, pr\u00e9vue dans le cas o\u00f9 le handicap ou le niveau de d\u00e9pendance de la personne accueillie n\u00e9cessite une disponibilit\u00e9 accrue de l\u2019accueillant\u00a0;<\/li>\n<li>l\u2019occupation d\u2019une partie du logement (l\u2019\u00e9quivalent d\u2019un loyer) : il s\u2019agit de l\u2019\u00ab\u00a0indemnit\u00e9 repr\u00e9sentative de mise \u00e0 disposition de la ou des pi\u00e8ces r\u00e9serv\u00e9es \u00e0 la personne accueillie\u00a0\u00bb\u00a0;<\/li>\n<li>les frais occasionn\u00e9s par l\u2019h\u00e9bergement (nourriture, entretien du linge\u2026) : il s\u2019agit de \u00ab\u00a0l\u2019indemnit\u00e9 repr\u00e9sentative des frais d\u2019entretien\u00a0\u00bb.<\/li>\n<\/ul>\n<p><strong>Ces \u00e9l\u00e9ments de r\u00e9mun\u00e9ration sont librement n\u00e9goci\u00e9s entre l\u2019accueillant familial et la personne accueillie, dans la limite du cadre fix\u00e9 par la r\u00e8glementation.<\/strong><\/p>\n<p>Les personnes accueillies peuvent b\u00e9n\u00e9ficier de :<\/p>\n<ul>\n<li>l\u2019APA \u00e0 domicile (allocation personnalis\u00e9e d&rsquo;autonomie),<\/li>\n<li>aides au logement,<\/li>\n<li>l&rsquo;ASH (l\u2019aide sociale \u00e0 l\u2019h\u00e9bergement).<\/li>\n<\/ul>\n<h2>Les aides \u00e0 l&rsquo;am\u00e9nagement du domicile<\/h2>\n<p><strong>Quels sont les am\u00e9nagements \u00e9ligibles ?<\/strong><\/p>\n<ul>\n<li>la pose de volets roulants automatis\u00e9s,<\/li>\n<li>l&rsquo;adaptation de l&rsquo;\u00e9clairage\u00a0pour \u00e9viter les risques de chutes,<\/li>\n<li>l&rsquo;installation d&rsquo;\u00e9quipements sp\u00e9cifiques : si\u00e8ge de douche mural par exemple&#8230;<\/li>\n<li>la r\u00e9alisation de travaux d\u2019adaptation : installation d\u2019une douche \u00e0 l\u2019italienne au lieu de la baignoire, de WC sur\u00e9lev\u00e9s, de nez de marches antid\u00e9rapants, de rev\u00eatements de sol antid\u00e9rapants, d&rsquo;un chemin lumineux, l\u2019installation d\u2019un monte-escalier \u00e9lectrique.<\/li>\n<\/ul>\n<p><strong>O\u00f9 se renseigner<\/strong><\/p>\n<ul>\n<li>CICAT<\/li>\n<li>\u00e0 un point r\u00e9novation info service. Pour obtenir les coordonn\u00e9es du point r\u00e9novation info service pr\u00e8s de chez vous, vous pouvez appeler le 0820 15 15 15 (0,05 \u20ac \/min) ou faire une recherche sur le site de l\u2019ANAH,<\/li>\n<li>\u00e0 une <strong>ADIL (agence d\u00e9partementale pour l\u2019information sur le logement)<\/strong>, s\u2019il en existe une dans votre d\u00e9partement, aupr\u00e8s des services de votre d\u00e9partement. Pour obtenir les coordonn\u00e9es de l\u2019ADIL la plus proche de chez vous, vous pouvez consulter le\u00a0<a href=\"https:\/\/www.anil.org\/lanil-et-les-adil\/votre-adil\/\">site de l\u2019ANIL<\/a>.<\/li>\n<\/ul>\n<p><strong>Conseils vid\u00e9os<\/strong><\/p>\n<ul>\n<li>des conseils en vid\u00e9o pour\u00a0adapter votre pi\u00e8ce \u00e0 vivre<\/li>\n<li>des conseils en vid\u00e9o pour\u00a0adapter votre salle de bain<\/li>\n<li>des conseils en vid\u00e9o pour\u00a0am\u00e9nager votre chambre.<\/li>\n<\/ul>\n<h3>Quelles sont les aides en vigueur ?<\/h3>\n<h4>Habiter Facile (remplac\u00e9 par Ma Prime Adapt&rsquo;) de l&rsquo;ANAH pour les propri\u00e9taires<\/h4>\n<ul>\n<li>financement de 50% pour les modestes \/\/ 70%\u00a0 pour les tr\u00e8s modestes du montant des travaux<\/li>\n<li>conditions de ressources (RFR 2025 pour demande d\u00e9pos\u00e9e en 2026) : <a href=\"https:\/\/www.anah.fr\/proprietaires\/proprietaires-occupants\/les-conditions-de-ressources\/\">voir ici<\/a><\/li>\n<\/ul>\n<h4>Les aides des caisses de retraite (et retraite compl\u00e9mentaire)<\/h4>\n<p>D\u00e9pend des diff\u00e9rentes Caisses. Voir ci-dessous le paragraphe sur ces aides.<\/p>\n<h4>Les aides des collectivit\u00e9s territoriales : r\u00e9gion, d\u00e9partement, commune<\/h4>\n<p>Conditions d&rsquo;attribution de ces aides (et la nature de ces aides) sont d\u00e9termin\u00e9es localement.<\/p>\n<h4>Action Logement : dans le cadre de l\u2019adaptation du logement au vieillissement, Action logement peut verser une aide allant jusqu\u2019\u00e0 5 000 \u20ac pour am\u00e9nager la salle de bains et les sanitaires.<\/h4>\n<ul>\n<li>Fiche produit : <a href=\"https:\/\/www.actionlogement.fr\/sites\/als\/files\/fiche_adaptation_logement_vieillissement_oct2020.pdf\">ici<\/a><\/li>\n<li>Senior de plus de 70 ans en perte d&rsquo;autonomie salari\u00e9 ou retrait\u00e9 du priv\u00e9<\/li>\n<li>Locataire, propri\u00e9taire ou h\u00e9berg\u00e9 par un descendant dans un logement priv\u00e9<\/li>\n<li>Travaux \u00e9ligibles : douche extra-plate avec sol antid\u00e9rapant, lavabo pour personne \u00e0 mobilit\u00e9 r\u00e9duite, ensemble WC rehauss\u00e9 et barre d\u2019appui ergonomique<\/li>\n<li>Plafonds de ressource : <a href=\"https:\/\/www.actionlogement.fr\/sites\/als\/files\/plafonds_de_ressources_anah_janv2021.pdf\">ici<\/a><\/li>\n<li>Aide cumulable dans la limite du co\u00fbt total des travaux, avec les aides de l\u2019Anah, la CNAV et des Conseils d\u00e9partementaux<\/li>\n<\/ul>\n<h4>Les cr\u00e9dits d&rsquo;imp\u00f4t :<\/h4>\n<ul>\n<li>habitation principale<\/li>\n<li>travaux facilitant l\u2019acc\u00e8s pour une personne \u00e2g\u00e9e ou handicap\u00e9e :\n<ul>\n<li>\u00c9viers et lavabos \u00e0 hauteur r\u00e9glable<\/li>\n<li>W.-C. sur\u00e9lev\u00e9s<\/li>\n<li>Barres de maintien ou d&rsquo;appui<\/li>\n<\/ul>\n<\/li>\n<li>OU travaux d&rsquo;adaptation du logement \u00e0 la perte d&rsquo;autonomie ou au handicap, sous conditions suivantes (une des 3)\n<ul>\n<li>Avoir une pension d&rsquo;invalidit\u00e9 d&rsquo;au moins 40 % (militaire ou pour accident du travail)<\/li>\n<li>Avoir une\u00a0<a href=\"https:\/\/www.service-public.fr\/particuliers\/vosdroits\/F34049\">carte mobilit\u00e9 inclusion<\/a>\u00a0(portant la mention invalidit\u00e9, priorit\u00e9 ou stationnement pour personnes handicap\u00e9e)<\/li>\n<li>Souffrir d&rsquo;une perte d&rsquo;autonomie donnant droit \u00e0\u00a0<a href=\"https:\/\/www.service-public.fr\/particuliers\/vosdroits\/F10009\">l&rsquo;allocation personnalis\u00e9e d&rsquo;autonomie (APA)<\/a><\/li>\n<li>Travaux \u00e9ligibles :\n<ul>\n<li>Bacs \u00e0 douche extra-plats et portes de douche<\/li>\n<li>Volets roulants \u00e9lectriques<\/li>\n<li>Rev\u00eatements de sol antid\u00e9rapants<\/li>\n<li>Portes coulissantes<\/li>\n<\/ul>\n<\/li>\n<\/ul>\n<\/li>\n<li>travaux \u00e0 faire avant fin 2026<\/li>\n<li>travaux peuvent \u00eatre faits par locataires, propri\u00e9taires ou occupants \u00e0 titre gratuit<\/li>\n<li>montant : 25 % du montant des d\u00e9penses (d\u00e9penses plafonn\u00e9es sur 5 ann\u00e9es cons\u00e9cutives). Plafond major\u00e9 de 400\u20ac par personne \u00e0 charge<\/li>\n<li>d\u00e9clarer le montant des d\u00e9penses que vous avez pay\u00e9es en 2025<\/li>\n<li>Si le montant du cr\u00e9dit d&rsquo;imp\u00f4t d\u00e9passe celui de l&rsquo;imp\u00f4t d\u00fb, l&rsquo;exc\u00e9dent vous sera restitu\u00e9.<\/li>\n<\/ul>\n<h4>L&rsquo;APA et la PCH<\/h4>\n<p>Voir ci-dessous.<\/p>\n<h2>Les cr\u00e9dit d&rsquo;imp\u00f4ts<\/h2>\n<p>Cr\u00e9dit d&rsquo;imp\u00f4ts (donc remboursable m\u00eame si non imposable) de 50 % de vos d\u00e9penses annuelles d\u2019aide \u00e0 domicile. Vous devez d\u00e9duire le montant des aides que vous avez per\u00e7ues, par exemple l\u2019APA (allocation personnalis\u00e9e d\u2019autonomie), du montant des d\u00e9penses que vous d\u00e9clarez pour b\u00e9n\u00e9ficier du cr\u00e9dit d&rsquo;imp\u00f4t.<\/p>\n<p><strong>D\u00e9penses \u00e9ligibles au cr\u00e9dit d&rsquo;imp\u00f4t :<\/strong><\/p>\n<ul>\n<li>l\u2019aide dans les actes de la vie quotidienne\u00a0(aide au lever, au coucher, \u00e0 la toilette\u2026),<\/li>\n<li>l\u2019entretien de la maison et les travaux m\u00e9nager<\/li>\n<li>les petits travaux de jardinage : plafond annuel de 5\u00a0000 \u20ac,<\/li>\n<li>les prestations de petit bricolage : plafond annuel de 500 \u20ac,<\/li>\n<li>les prestations d&rsquo;assistance informatique et internet \u00e0 domicile : plafond annuel de 3\u00a0000 \u20ac.<\/li>\n<\/ul>\n<p><strong>Plafond des d\u00e9penses :<\/strong><\/p>\n<ul>\n<li>12\u00a0000 \u20ac (15 000 \u20ac si emploi d&rsquo;une personne directement), major\u00e9s de 1\u00a0500 \u20ac par membre du foyer \u00e2g\u00e9 de plus de 65 ans. Le plafond total ne peut pas d\u00e9passer 15\u00a0000 \u20ac.<\/li>\n<li>20\u00a0000 \u20ac si l&rsquo;un des membres du foyer est titulaire de la carte d&rsquo;invalidit\u00e9 ou per\u00e7oit une pension d&rsquo;invalidit\u00e9 de 3\u00e8me\u00a0cat\u00e9gorie.<\/li>\n<\/ul>\n<h2>Le portage de repas<\/h2>\n<p>Il s&rsquo;agit de livraison de paniers-repas, permettant de continuer \u00e0 manger des repas complets et \u00e9quilibr\u00e9s sans avoir \u00e0 faire les courses ou la cuisine. Cela permet de prendre de bonnes habitudes alimentaires.<\/p>\n<p><strong>Conditions pour en b\u00e9n\u00e9ficier<\/strong><\/p>\n<ul>\n<li>Votre \u00e9tat de sant\u00e9 ne vous permet plus de faire vos repas (pr\u00e9paration des plats) ni vos courses<\/li>\n<li>Vous devez avoir plus de 65 ans (ou plus de 60 ans si vous \u00eates reconnu inapte au travail)<\/li>\n<li>Vous devez gagner moins de 907\u20ac par mois si vous \u00eates seul, ou 1408\u20ac par mois si vous \u00eates en couple (hors aide au logement)<\/li>\n<li>Cette aide est financ\u00e9e par le d\u00e9partement ou \u00e0 d\u00e9faut, votre caisse de retraite<\/li>\n<\/ul>\n<p><strong>Quel est son montant ?<\/strong><\/p>\n<ul>\n<li>Il est fix\u00e9 par le d\u00e9partement ou la caisse de retraite<\/li>\n<li>Une participation financi\u00e8re peut \u00eatre demand\u00e9e (compte tenu de vos ressources et du prix du repas (par exemple, de l&rsquo;ordre de 0,30 \u20ac par repas))<\/li>\n<\/ul>\n<p><strong>Comment cela fonctionne ?<\/strong><\/p>\n<ul>\n<li>La personne b\u00e9n\u00e9ficiaire d\u2019un service de portage de repas choisit ses menus toutes les semaines \u00e0 partir d\u2019une proposition communiqu\u00e9e par le service ainsi que le nombre de repas souhait\u00e9s.<\/li>\n<li>Les repas sont ensuite livr\u00e9s sous forme de\u00a0plateaux-repas. La plupart du temps, le plateau-repas est \u00e0 r\u00e9chauffer.<\/li>\n<li>Les plateaux repas du week-end sont g\u00e9n\u00e9ralement livr\u00e9s le vendredi.<\/li>\n<\/ul>\n<p><strong>A qui s&rsquo;adresser ?<\/strong><\/p>\n<ul>\n<li>Certaines communes,<\/li>\n<li>Des <a href=\"https:\/\/www.pour-les-personnes-agees.gouv.fr\/vivre-a-domicile\/beneficier-daide-a-domicile\/les-services-daide-domicile\">services d\u2019aide \u00e0 domicile<\/a>,<\/li>\n<li>Des organismes de service \u00e0 la personne associatifs ou priv\u00e9s commerciaux.<\/li>\n<\/ul>\n<p><strong>Quel est le co\u00fbt du portage de repas ?<\/strong><\/p>\n<ul>\n<li>Son co\u00fbt est variable, en fonction des organismes (repas + portage)<\/li>\n<li>Certaines communes, en fonction des ressources du b\u00e9n\u00e9ficiaire, participent au financement du portage<\/li>\n<li>Il peut \u00eatre pris en charge par l&rsquo;APA.<\/li>\n<\/ul>\n<h2>L&rsquo;accueil familial et l&rsquo;AJPA : nouveau cong\u00e9 r\u00e9mun\u00e9r\u00e9 pour proche aidant<\/h2>\n<p>Pourquoi un cong\u00e9 r\u00e9mun\u00e9r\u00e9 pour les proches aidants ? Parce que les aidants sont \u00e0 bout suite \u00e0 la crise sanitaire (d\u00e8s le d\u00e9but de l&rsquo;\u00e9pid\u00e9mie, certains h\u00f4pitaux ou \u00e9tablissements ont demand\u00e9 \u00e0 de nombreuses familles de venir chercher leurs proches).<\/p>\n<p>Proc\u00e9dure : le salari\u00e9 informe l&#8217;employeur par \u00e9crit en justifiant le cong\u00e9, en pr\u00e9cisant la dur\u00e9e et \u00e9ventuellement le fractionnement (voire temps partiel). Au moins 1 mois avant la date du cong\u00e9 (sauf urgence). CAF \/ MSA. Le salari\u00e9 peut b\u00e9n\u00e9ficier de ce cong\u00e9 pour une dur\u00e9e de 3 mois, renouvelable jusqu&rsquo;\u00e0 1 an sur pendant toute sa carri\u00e8re.<\/p>\n<p>Cette aide est non cumulable avec APA et PCH : l\u2019allocation journali\u00e8re du proche aidant n\u2019est pas due lorsque le proche aidant est employ\u00e9 par la personne aid\u00e9e dans le cadre de l\u2019APA (allocation personnalis\u00e9e d\u2019autonomie) ou de l\u2019\u00e9l\u00e9ment aide humaine la PCH (prestation de compensation du handicap).<\/p>\n<p><strong>Depuis le 30 septembre 2020 ce cong\u00e9 est r\u00e9mun\u00e9r\u00e9 :<\/strong><\/p>\n<ul>\n<li>le salari\u00e9 (ou travailleurs ind\u00e9pendant ou ch\u00f4meur) peut percevoir une allocation journali\u00e8re du proche aidant (AJPA)<\/li>\n<li>montant : 65,80 euros par jour pour une personne en couple ou une personne isol\u00e9e, le m\u00eame bar\u00e8me que pour les cong\u00e9s de pr\u00e9sence parentale (qui permet d&rsquo;accompagner un enfant malade) et de soutien d&rsquo;un proche en fin de vie.<\/li>\n<li>Dur\u00e9e : Elle pourra \u00eatre vers\u00e9e trois mois, fractionnables, pour l&rsquo;ensemble de la carri\u00e8re, et ouvrira des droits \u00e0 la retraite.<\/li>\n<li>Max 22 jours par mois<\/li>\n<li>Max 66 jours au cours de sa carri\u00e8re<\/li>\n<li>D\u00e9marche : CAF ou MSA<\/li>\n<li>Fin du cong\u00e9 : le salari\u00e9 retrouve son emploi ou un emploi similaire, assorti d&rsquo;une r\u00e9mun\u00e9ration au moins \u00e9quivalente. Il a droit \u00e0 un entretien professionnel avec son employeur. Il peut aussi en b\u00e9n\u00e9ficier avant son cong\u00e9.<\/li>\n<\/ul>\n<p>Le cong\u00e9 de proche aidant remplace le cong\u00e9 de soutien familial depuis 2017. Il permet de cesser temporairement son activit\u00e9 professionnelle pour s&rsquo;occuper d&rsquo;une personne handicap\u00e9e ou faisant l&rsquo;objet d&rsquo;une perte d&rsquo;autonomie d&rsquo;une particuli\u00e8re gravit\u00e9.<\/p>\n<p><strong>Conditions pour en b\u00e9n\u00e9ficier<\/strong><\/p>\n<p>La personne accompagn\u00e9e par le salari\u00e9, qui pr\u00e9sente un handicap ou une perte d&rsquo;autonomie d&rsquo;une particuli\u00e8re gravit\u00e9, peut \u00eatre une des suivantes :<\/p>\n<ul>\n<li>La personne avec qui le salari\u00e9 est <em>en couple<\/em><\/li>\n<li>Son ascendant, son descendant, l&rsquo;enfant dont elle assume la charge (au sens des prestations familiales) ou son collat\u00e9ral jusqu&rsquo;au 4e degr\u00e9 (fr\u00e8re, s\u0153ur, tante, oncle, cousin(e) germain(e), neveu, ni\u00e8ce&#8230;)<\/li>\n<li>L&rsquo;ascendant, le descendant ou le collat\u00e9ral jusqu&rsquo;au 4e degr\u00e9 de la personne avec laquelle le salari\u00e9 vit en couple<\/li>\n<li>Une personne \u00e2g\u00e9e ou handicap\u00e9e avec laquelle il r\u00e9side ou avec laquelle il entretient des liens \u00e9troits et stables, \u00e0 qui il vient en aide de mani\u00e8re r\u00e9guli\u00e8re et fr\u00e9quente. Le salari\u00e9 intervient \u00e0 titre non professionnel pour accomplir tout ou partie des actes ou des activit\u00e9s de la vie quotidienne.<\/li>\n<li>taux d&rsquo;incapacit\u00e9 permanente au moins \u00e9gal \u00e0 80 % ou b\u00e9n\u00e9ficiaire de l&rsquo;APA<\/li>\n<\/ul>\n<p><strong>\u00c0 noter : Le salari\u00e9 ne peut exercer aucune autre activit\u00e9 professionnelle pendant la dur\u00e9e du cong\u00e9. Toutefois, il peut \u00eatre employ\u00e9 par la personne aid\u00e9e lorsque celle-ci per\u00e7oit l&rsquo;allocation personnalis\u00e9e d&rsquo;autonomie (Apa) ou la prestation de compensation du handicap (PCH).<\/strong><\/p>\n<p>&nbsp;<\/p>\n<h2>La Carte Mobilit\u00e9 Inclusion (CMI)<\/h2>\n<p>Il existe 3 cartes diff\u00e9rentes<\/p>\n<h3>La CMI invalidit\u00e9<\/h3>\n<p>Cette carte vous donne la priorit\u00e9 d&rsquo;acc\u00e8s aux places :<\/p>\n<ul>\n<li>dans les transports en commun,<\/li>\n<li>dans les espaces et salles d&rsquo;attente<\/li>\n<li>dans les \u00e9tablissements et les manifestations accueillant du public.<\/li>\n<\/ul>\n<p>Gr\u00e2ce \u00e0 la CMI, vous b\u00e9n\u00e9ficier de plus d&rsquo;avantages fiscaux et commerciaux et de plus d&rsquo;avantages RQTH.<\/p>\n<p><strong>Conditions \u00e0 respecter pour b\u00e9n\u00e9ficier de la CMI Invalidit\u00e9 :\u00a0<\/strong><\/p>\n<ul>\n<li>Vous avez un taux d&rsquo;incapacit\u00e9 permanente d&rsquo;au moins 80 %,<\/li>\n<li>Ou vous \u00eates invalide de 3e cat\u00e9gorie,<\/li>\n<li>Ou vous \u00eates class\u00e9 en groupe 1 ou 2 de la grille Aggir\u00a0(b\u00e9n\u00e9ficiaires ou demandeurs de l&rsquo;allocation personnalis\u00e9e d&rsquo;autonomie &#8211; Apa).<\/li>\n<\/ul>\n<p><strong>D\u00e9marches \u00e0 entreprendre\u00a0<\/strong><\/p>\n<ul>\n<li>Aupr\u00e8s de la MDPH<\/li>\n<li>Si vous b\u00e9n\u00e9ficier de l&rsquo;APA, demande \u00e0 formuler aupr\u00e8s du conseil d\u00e9partemental peut l&rsquo;obtenir en m\u00eame temps que l&rsquo;APA<\/li>\n<\/ul>\n<p><strong>Dur\u00e9e de validit\u00e9 de la CMI<\/strong><\/p>\n<ul>\n<li>de 1 \u00e0 20 ans<\/li>\n<li>voire d\u00e9finitive si justifi\u00e9 (conditions ne vont pas s&rsquo;am\u00e9liorer)<\/li>\n<\/ul>\n<h3>La CMI Priorit\u00e9<\/h3>\n<p>Offre les m\u00eames avantages que la CMI Invalidit\u00e9, en revanche vous ne pourrez pas b\u00e9n\u00e9ficier d&rsquo;avantages fiscaux, r\u00e9ductions ou autre.<\/p>\n<p>Pour en b\u00e9n\u00e9ficier votre taux d&rsquo;incapacit\u00e9 doit \u00eatre inf\u00e9rieure \u00e0 80 % (rendant la station debout p\u00e9nible).<\/p>\n<h3>La CMI Stationnement<\/h3>\n<ul>\n<li>permet d&rsquo;utiliser gratuitement et sans limitation de dur\u00e9e, toutes les places de stationnement ouvertes au public<\/li>\n<li>La dur\u00e9e de stationnement peut \u00eatre limit\u00e9e sur d\u00e9cision de la commune sans toutefois pouvoir \u00eatre inf\u00e9rieure \u00e0 12 heures.<\/li>\n<\/ul>\n<p><strong>Conditions pour en b\u00e9n\u00e9ficier :<\/strong><\/p>\n<ul>\n<li>Vous \u00eates atteint d&rsquo;un handicap qui r\u00e9duit de mani\u00e8re importante et durable votre capacit\u00e9 et votre autonomie de d\u00e9placement \u00e0 pied ou qui impose que vous soyez accompagn\u00e9 par une tierce personne dans vos d\u00e9placements,<\/li>\n<li>Ou vous \u00eates class\u00e9 en groupe 1 ou 2 de la grille Aggir (b\u00e9n\u00e9ficiaires ou demandeurs de l&rsquo;Apa).<\/li>\n<\/ul>\n<h2><\/h2>\n<h2>L&rsquo;Aide sociale \u00e0 l&rsquo;h\u00e9bergement (ASH)<\/h2>\n<p>Pour \u00e9viter le maintien \u00e0 domicile contraint pour des raisons financi\u00e8res, le d\u00e9partement verse cette aide pour aider le financement des s\u00e9jours en \u00e9tablissement. Pour formuler votre demande vous devez vous adresser directement en mairie ou directement au conseil d\u00e9partemental.<\/p>\n<p>Le conseil d\u00e9partemental paie la diff\u00e9rence entre le montant de la facture et la contribution de la personne, voire de ses oblig\u00e9s alimentaires.<\/p>\n<p><strong>Conditions pour b\u00e9n\u00e9ficier de l&rsquo;ASH<\/strong><\/p>\n<ul>\n<li>avoir plus de 65 ans\u00a0(ou plus de 60 ans si l\u2019on est reconnu inapte au travail),<\/li>\n<li>r\u00e9sider en France de fa\u00e7on stable et r\u00e9guli\u00e8re\u00a0ou disposer d\u2019un titre de s\u00e9jour en cours de validit\u00e9,<\/li>\n<li>avoir des ressources inf\u00e9rieures au montant des frais d&rsquo;h\u00e9bergement<\/li>\n<li>les \u00e9tablissements disposent de places habilit\u00e9es \u00e0 recevoir des b\u00e9n\u00e9ficiaires de l\u2019aide sociale.<\/li>\n<\/ul>\n<p><strong>Les \u00e9tablissements concern\u00e9s<\/strong><\/p>\n<ul>\n<li>En r\u00e9sidence-autonomie (ex-logement-foyer),<\/li>\n<li>En EHPAD (\u00e9tablissement d&rsquo;h\u00e9bergement pour personnes \u00e2g\u00e9es d\u00e9pendantes)<a href=\"https:\/\/www.pour-les-personnes-agees.gouv.fr\/choisir-un-hebergement\/vivre-dans-un-etablissement-medicalise\/les-ehpad\">,<\/a><\/li>\n<li>En USLD (unit\u00e9 de soins de longue dur\u00e9e).<\/li>\n<\/ul>\n<p>Pour payer une maison de retraite, 3 aides sont en vigueur : l&rsquo;APA, les APL et l&rsquo;ASH (cumulables). On a aussi une <span data-token-index=\"1\" data-reactroot=\"\">r\u00e9duction d&rsquo;imp\u00f4ts<\/span> (jusqu&rsquo;\u00e0 2500\u20ac : 25 % des sommes r\u00e9gl\u00e9es pour l\u2019h\u00e9bergement et la d\u00e9pendance durant l\u2019ann\u00e9e avec un plafond \u00e0 10 000 \u20ac par personne h\u00e9berg\u00e9e, apr\u00e8s d\u00e9duction du montant que vous d\u00e9clarez les aides \u00e9ventuellement per\u00e7ues : APA et aides au logement).<\/p>\n<p>Attention : une r\u00e9duction d&rsquo;imp\u00f4ts c&rsquo;est pas cr\u00e9dit d&rsquo;imp\u00f4ts, autrement dit si vous n&rsquo;\u00eates pas imposable vous ne pouvez pas en b\u00e9n\u00e9ficier.<\/p>\n<p><strong>\u00c0 noter : Les montants d\u2019ASH vers\u00e9s par le conseil d\u00e9partemental sont r\u00e9cup\u00e9rables du vivant et au d\u00e9c\u00e8s de la personne b\u00e9n\u00e9ficiaire.<\/strong><\/p>\n<h2><\/h2>\n<h2>L&rsquo;Aide au Retour \u00e0 Domicile apr\u00e8s Hospitalisation (ARDH)<\/h2>\n<p><strong>Conditions pour en b\u00e9n\u00e9ficier<\/strong><\/p>\n<ul>\n<li>\u00catre \u00c2g\u00e9 de 55 ans ou plus<\/li>\n<li>\u00catre retrait\u00e9<\/li>\n<li>\u00catre de niveau GIR 5 ou 6 \u00e0 l&rsquo;issue de la p\u00e9riode de prise en charge<\/li>\n<\/ul>\n<p><strong>Les aides concern\u00e9es<\/strong><\/p>\n<ul>\n<li>aide humaine \u00e0 domicile (courses, m\u00e9nage)<\/li>\n<li>aide m\u00e9dicale (soins)<\/li>\n<li>vie quotidienne (portage, transport, t\u00e9l\u00e9assistance)<\/li>\n<li>Aide technique (am\u00e9nagement du domicile)<\/li>\n<\/ul>\n<p><strong>Quel est le montant de l&rsquo;ARDH ?<\/strong><\/p>\n<ul>\n<li>La CARSAT participe entre 0 et 90% en fonction des ressources<\/li>\n<li>Il est plafonn\u00e9 \u00e0 1800\u20ac sur 3 mois (renouvelable)<\/li>\n<\/ul>\n<h2><\/h2>\n<h2>L&rsquo;allocation de solidarit\u00e9 aux personnes \u00e2g\u00e9es (ASPA)<\/h2>\n<p><strong>Conditions pour en b\u00e9n\u00e9ficier<\/strong><\/p>\n<ul>\n<li>Vous devez \u00eatre \u00e2g\u00e9e de plus de 65 ans<\/li>\n<li>Vos ressources doivent \u00eatre\u00a0 inf\u00e9rieures au plafond : 10.882\u20ac par an si seul, 16.894\u20ac en couple<\/li>\n<\/ul>\n<p>Le montant auquel vous pouvez pr\u00e9tendre est \u00e9gal \u00e0 la diff\u00e9rence entre le plafond et les ressources mensuelles.<\/p>\n<p><strong>Comment faire une demande d&rsquo;ASPA ?<\/strong><\/p>\n<p>Pour formuler votre demande d&rsquo;ASPA vous devrez vous tourner soit vers le CARSAT soit vers la MSA si vous relevez du secteur agricole.<\/p>\n<p><strong>Les sommes vers\u00e9es pour l&rsquo;ASPA sont r\u00e9cup\u00e9r\u00e9es apr\u00e8s le d\u00e9c\u00e8s, uniquement si l&rsquo;actif net de la succession (c&rsquo;est-\u00e0-dire le montant du patrimoine moins les dettes) est au moins \u00e9gal \u00e0 39 000 \u20ac.<\/strong><\/p>\n<h2><\/h2>\n<h2>Les aides des Caisses de Retraites<\/h2>\n<p>Les aides peuvent varier d&rsquo;une Caisse de Retraite \u00e0 l&rsquo;autre. Elles sont les m\u00eames que celles de l&rsquo;APA (aides \u00e0 domicile, aides \u00e0 l&rsquo;am\u00e9nagement du domicile, t\u00e9l\u00e9assistance pour la s\u00e9curit\u00e9, retour d&rsquo;hospitalisation, difficult\u00e9s passag\u00e8res), et plus vari\u00e9es comme :<\/p>\n<ul>\n<li>aides au d\u00e9m\u00e9nagement<\/li>\n<li>aide pour la vie sociale (activit\u00e9s, sortir de chez vous, vacances) comme Sortir+ par Agir Arco (compl\u00e9mentaire des cadres)<\/li>\n<li>s\u00e9ances d&rsquo;information (nutrition, sommeil, etc)<\/li>\n<\/ul>\n<h2><\/h2>\n<h2>Les aides des Mutuelles<\/h2>\n<p>Les compl\u00e9mentaires sant\u00e9 r\u00e9gies par le Code de la mutualit\u00e9 disposent d\u2019un <strong>fonds d\u2019action sociale.<\/strong> Chaque compl\u00e9mentaire sant\u00e9 a sa propre politique en mati\u00e8re d\u2019action sociale. Une commission d\u2019action sociale se r\u00e9unit et \u00e9tudie les demandes des adh\u00e9rents. Aides ponctuelles sur demande, par exemple :<\/p>\n<ul>\n<li>aide pour payer le reste-\u00e0-charge non pris en charge par la s\u00e9curit\u00e9 sociale ni par le contrat sant\u00e9 de la compl\u00e9mentaire sant\u00e9 pour l\u2019acquisition de dispositifs m\u00e9dicaux on\u00e9reux ;<\/li>\n<li>prise en charge de la cotisation \u00e0 la compl\u00e9mentaire sant\u00e9 en cas de difficult\u00e9 ponctuelle de paiement.<\/li>\n<\/ul>\n<p>L\u2019aide au retour \u00e0 domicile apr\u00e8s une hospitalisation , offerte par certaines mutuelles.<\/p>\n<h2><\/h2>\n<h2>Les aides extral\u00e9gales des mairies ou des conseils d\u00e9partementaux<\/h2>\n<h3><strong>Mairies : aides attribu\u00e9es au cas par cas, apr\u00e8s \u00e9tude de vos droits. <\/strong><\/h3>\n<p>Exemple :<\/p>\n<ul>\n<li>une aide financi\u00e8re pour faire face \u00e0 des frais exceptionnels,<\/li>\n<li>une aide financi\u00e8re pour payer une facture d\u2019\u00e9lectricit\u00e9,<\/li>\n<li>une participation aux frais de\u00a0t\u00e9l\u00e9assistance, de\u00a0portage de repas.<\/li>\n<\/ul>\n<h3><strong>Conseil d\u00e9partemental : peut appliquer un r\u00e8glement d\u2019aide sociale d\u00e9partemental plus favorable que la loi.\u00a0<\/strong><\/h3>\n<p>Exemple :<\/p>\n<ul>\n<li>les petits-enfants ne seront pas sollicit\u00e9s en tant qu\u2019oblig\u00e9s alimentaires pour participer aux frais d&rsquo;h\u00e9bergement de leurs grands-parents ;<\/li>\n<li>le montant minimum fix\u00e9 par la loi qui est laiss\u00e9 aux r\u00e9sidents des EHPAD (\u00e9tablissement d\u2019h\u00e9bergement pour personnes \u00e2g\u00e9es d\u00e9pendantes) sera sup\u00e9rieur au bar\u00e8me national<\/li>\n<li>d\u2019h\u00e9bergement temporaire,<\/li>\n<li>d\u2019accueil de jour,<\/li>\n<li>de transports\u2026<\/li>\n<\/ul>\n<h2><\/h2>\n<h2>Les points d&rsquo;information<\/h2>\n<h3>Le CLIC (centre local d\u2019information et de coordination g\u00e9rontologique)<\/h3>\n<ul>\n<li>Il s&rsquo;agit d&rsquo;une mission d&rsquo;accueil, d&rsquo;\u00e9coute, d&rsquo;information, de conseil et de soutien aux personnes \u00e2g\u00e9es et \u00e0 leurs familles.<\/li>\n<li>Apporte des renseignement sur les d\u00e9marches (APA ou autre) et les services (aide \u00e0 domicile, portage de repas..)<\/li>\n<li>Collectivit\u00e9s territoriales, la mairie d\u2019une commune, un \u00e9tablissement de soin ou encore une association<\/li>\n<li>Annuaire : <a href=\"https:\/\/www.logement-seniors.com\/annuaire-clic.php\">https:\/\/www.logement-seniors.com\/annuaire-clic.php<\/a><\/li>\n<li>Il y en a 600 en France, sur 3 niveaux de label en fonction du degr\u00e9 d&rsquo;accompagnement (1, 2 ou 3)<\/li>\n<\/ul>\n<h3>Le CICAT : centre d\u2019information sur les aides techniques<\/h3>\n<ul>\n<li>Dans quelques villes (21 en France sur 20 d\u00e9partements), il est possible d\u2019essayer diff\u00e9rents types de mat\u00e9riel\n<div class=\"_box-inline_1p6fl_gg_\" data-ui-name=\"Tooltip.Trigger\" aria-pressed=\"true\" aria-describedby=\"20164\">\n<div class=\"___STag_a9dhv_gg_ ___STag_90cy7_gg_ __size_90cy7_gg_ __size_m_90cy7_gg_ __theme_a9dhv_gg_ __theme_90cy7_gg_ __theme_secondary-muted_90cy7_gg_\" data-ui-name=\"Tag\"><span class=\"___SText_90cy7_gg_\" data-ui-name=\"Tag.Text\">mises en place <\/span>dans un CICAT o\u00f9 des professionnels d\u00e9livrent des conseils gratuitement<\/div>\n<\/div>\n<\/li>\n<li>Certains CICAT proposent des pr\u00eats pour essayer des aides techniques.<\/li>\n<li>Annuaire : dispo sur le site de la CNSA (Caisse nationale de solidarit\u00e9 pour l&rsquo;autonomie)<\/li>\n<li>PDF informatif : <a href=\"https:\/\/www.cnsa.fr\/documentation\/cnsa_19-10_depliant_a4_cicat_web.pdf\">ici<\/a><\/li>\n<\/ul>\n<h3>Le Centre d\u2019expertise sur les aides techniques<\/h3>\n<ul>\n<li>Le Ceremh pour aides \u00e0 la stimulation cognitive pour les aides \u00e0 la mobilit\u00e9,<\/li>\n<li>Le CEN Stimco pour les technologies de l\u2019information et les nouvelles technologies,<\/li>\n<li>Le CENTICH (Centre d\u2019Expertise National des Technologies de l\u2019Information et de la Communication pour l\u2019autonomie)<\/li>\n<li>Le centre d&rsquo;appel et de conseil sur la d\u00e9ficience visuelle : au 0800 013 010 (appel gratuit du lundi au vendredi de 9h30 \u00e0 17h30) afin d&rsquo;obtenir une r\u00e9ponse personnalis\u00e9e et une orientation vers les bons interlocuteurs.<\/li>\n<\/ul>\n<p>\u00c0 noter : Le site <a href=\"http:\/\/www.infotechno.org\">InfoTechno<\/a> propose des vid\u00e9os et flyers d\u2019information compr\u00e9hensibles et utiles \u00e0 destination des personnes ayant un handicap cognitif, moteur ou sensoriel et et des professionnels de sant\u00e9 pr\u00e9conisateurs de services et d\u2019aides technologiques.<\/p>\n<h1><\/h1>\n<h1>Les aides pour les personnes en situation de handicap<\/h1>\n<h2>La Prestation de compensation du handicap (PCH)<\/h2>\n<p>La prestation de compensation du handicap (PCH) s\u2019adresse \u00e0 toute personne handicap\u00e9e qui remplit un certain nombre de conditions relatives \u00e0 son lieu de r\u00e9sidence et \u00e0 son \u00e2ge et dont le handicap r\u00e9pond \u00e0 des crit\u00e8res prenant notamment en compte la nature et l\u2019importance des besoins de compensation au regard de son projet de vie.<\/p>\n<p>Les personnes qui b\u00e9n\u00e9ficient de l\u2019ACTP (allocation compensatrice pour tierce personne) et qui r\u00e9pondent aux crit\u00e8res de handicap pour l\u2019attribution de la PCH peuvent opter pour la PCH.<\/p>\n<p>Si vous n&rsquo;avez pas pu obtenir un \u00e9tablissement en France et que vous \u00eates h\u00e9berg\u00e9 dans un \u00e9tablissement \u00e9tranger, vous pouvez \u00e9galement percevoir la PCH. Cela concerne uniquement les \u00e9tablissements situ\u00e9s dans les pays suivants : Belgique Luxembourg Allemagne Suisse Italie Espagne Votre s\u00e9jour doit \u00eatre d&rsquo;une dur\u00e9e comprise entre 1 et 5 ans et donner lieu \u00e0 une prise en charge par l&rsquo;Assurance maladie ou par l&rsquo;aide sociale du d\u00e9partement. La demande de PCH se fait alors avant votre d\u00e9part de France.<\/p>\n<p><strong>Conditions pour b\u00e9n\u00e9ficier de la PCH<\/strong><\/p>\n<ul>\n<li>Il faut avoir (ou avoir eu) AVANT 60 ANS une limitation absolue ou deux limitations graves parmi une liste de 19 activit\u00e9s comme se mettre debout, marcher, se laver, utiliser les toilettes, parler, entendre, voir\u2026 C&rsquo;est \u00e9valu\u00e9 par la MDPH. Un plan de compensation est \u00e9labor\u00e9 par la CDAPH (commission des droits et de l\u2019autonomie des personnes handicap\u00e9es).<br \/>\nAttention c&rsquo;est la date de survenance du handicap qui importe, pas l&rsquo;\u00e2ge du demandeur au moment de la demande (qui peut avoir lieu plus tard). Possible pour un enfant de &#8211; de 20 ans qui re\u00e7oit l&rsquo;AEEH aussi<\/li>\n<li>Pas de conditions de ressources<\/li>\n<\/ul>\n<p><strong>Si le handicap survient apr\u00e8s 60 ans, on a alors droit \u00e0 l&rsquo;APA. Une fois que l\u2019on est b\u00e9n\u00e9ficiaire de la PCH, on peut continuer \u00e0 en b\u00e9n\u00e9ficier jusqu\u2019\u00e0 la fin de sa vie si besoin.<\/strong><\/p>\n<p><strong>Montant de la PCH pour une prise en charge des d\u00e9penses pour compenser le handicap<\/strong><\/p>\n<ul>\n<li>\u00e0 100 % de leur tarif si les ressources annuelles de patrimoine de la personne handicap\u00e9e sont inf\u00e9rieures ou \u00e9gales \u00e0 27\u00a0002,02 \u20ac par an.<\/li>\n<li>\u00e0 80% si ses ressources sont sup\u00e9rieures.<\/li>\n<\/ul>\n<p><strong>\u00c0 noter : La PCH n&rsquo;est pas r\u00e9cup\u00e9rable sur succession.<\/strong><\/p>\n<p><strong>D\u00e9penses finan\u00e7ables par la PCH :<\/strong><\/p>\n<ul>\n<li><strong>les aides humaines<\/strong>\u00a0: intervention d\u2019une tierce personne, y compris de l\u2019aidant familial, pour l\u2019accomplissement des actes essentiels de la vie quotidienne (toilette, habillage, alimentation, d\u00e9placements, surveillance\u2026) ;<\/li>\n<li><strong>les aides techniques<\/strong>\u00a0: \u00e9quipements con\u00e7us et adapt\u00e9s pour pallier le handicap ;<\/li>\n<li><strong>les aides pour l&rsquo;am\u00e9nagement du logement et du v\u00e9hicule<\/strong>\u00a0et\u00a0<strong>les surco\u00fbts li\u00e9s au transport<\/strong>\u00a0;<\/li>\n<li><strong>les charges sp\u00e9cifiques<\/strong> c\u2019est-\u00e0-dire les d\u00e9penses permanentes et pr\u00e9visibles li\u00e9es au handicap et n\u2019ouvrant pas droit \u00e0 une prise en charge au titre d\u2019un des autres \u00e9l\u00e9ments de la PCH (par exemple, les protections pour incontinence, l\u2019abonnement \u00e0 un service de t\u00e9l\u00e9alarme\u2026) ou\u00a0<strong>les charges exceptionnelles<\/strong>\u00a0c\u2019est-\u00e0-dire les d\u00e9penses ponctuelles li\u00e9es au handicap et n\u2019ouvrant pas droit \u00e0 une prise en charge au titre d\u2019un des autres \u00e9l\u00e9ments de la PCH ;<\/li>\n<li><strong>les aides animali\u00e8res<\/strong>, uniquement pour les animaux agr\u00e9\u00e9s.<\/li>\n<\/ul>\n<p>Attention : la PCH n\u2019est pas destin\u00e9e \u00e0 financer le co\u00fbt de l\u2019accueil dans un \u00e9tablissement m\u00e9dico-social ou un \u00e9tablissement de sant\u00e9.<\/p>\n<p>L\u2019aide \u00e0 la vie domestique (m\u00e9nage, courses, entretien du linge, pr\u00e9paration des repas\u2026) n\u2019est pas prise en compte dans le cadre de la PCH. Il faut demander l&rsquo;aide m\u00e9nag\u00e8re \u00e0 domicile qui elle est cumulable.<\/p>\n<p><strong>Plafonds de la PCH<\/strong><\/p>\n<ul>\n<li><strong>Pour l\u2019aide humaine<\/strong>\u00a0: 6h05 d\u2019intervention maximum par jour (possibilit\u00e9 de d\u00e9passer ce plafond pour les personnes ayant besoin d\u2019une aide totale pour la plupart des actes et d\u2019une pr\u00e9sence constante ou quasi constante d\u2019un tiers, jusqu\u2019\u00e0 24h d\u2019intervention par jour).<\/li>\n<li><strong>Pour les aides techniques<\/strong>\u00a0: 3 960 \u20ac maximum sur 3 ans.<\/li>\n<li><strong>Pour l\u2019am\u00e9nagement du logement<\/strong>\u00a0: 10 000 \u20ac sur 10 ans.<\/li>\n<li><strong>Pour l\u2019am\u00e9nagement du v\u00e9hicule et le surco\u00fbt li\u00e9 aux transports<\/strong>\u00a0: 5 000 \u20ac sur 5 ans ou 12 000 \u20ac sur 5 ans sous conditions.<\/li>\n<li><strong>Pour les charges sp\u00e9cifiques ou exceptionnelles<\/strong>\u00a0: 100 \u20ac par mois pendant 10 ans.<\/li>\n<\/ul>\n<p><strong>L&rsquo;aidant familial peut \u00eatre d\u00e9dommag\u00e9 dans le plan de la CDPAH, \u00e0 hauteur de :<\/strong><\/p>\n<ul>\n<li>3,99 \u20ac par heure<\/li>\n<li>5,98 \u20ac pour les aidants interrompant ou r\u00e9duisant leur activit\u00e9 professionnelle.<\/li>\n<\/ul>\n<p><strong>Les aidants familiaux pouvant \u00eatre d\u00e9dommag\u00e9s sont :<\/strong><\/p>\n<ul>\n<li>Le conjoint,<\/li>\n<li>Le concubin,<\/li>\n<li>Ou la personne avec laquelle la personne a conclu un PACS.<\/li>\n<\/ul>\n<p>Ou jusqu\u2019au 4\u00e8me degr\u00e9 de la personne handicap\u00e9e ou de l\u2019autre membre du couple :<\/p>\n<ul>\n<li>L\u2019ascendant : parents et grands-parents,<\/li>\n<li>Le descendant : enfants et petits-enfants,<\/li>\n<li>Le collat\u00e9ral : fr\u00e8res, s\u0153urs.<\/li>\n<\/ul>\n<p>Il est \u00e9galement possible de salarier un membre de sa famille \u00e0 l\u2019exception (sauf handicap lourd) :<\/p>\n<ul>\n<li>Du conjoint, du concubin ou de la personne avec laquelle la personne handicap\u00e9e a conclu un PACS,<\/li>\n<li>Des parents et des enfants de la personne handicap\u00e9e.<\/li>\n<\/ul>\n<h3>Entre l&rsquo;APA et la PCH : que choisir ?<\/h3>\n<p>Les aides APA et PCH ne sont pas cumulables. Il faut donc a priori choisir si vous \u00eates \u00e9ligible aux 2 aides. Laquelle est la plus \u00ab\u00a0int\u00e9ressante\u00a0\u00bb ? Il n&rsquo;y a pas de bonne r\u00e9ponse, cela d\u00e9pend des travaux, des revenus, des besoins de la personne \u00e2g\u00e9e.<\/p>\n<p>A noter : il est possible d&rsquo;alterner entre PCH et APA chaque ann\u00e9e au moment du renouvellement, sur demande.<\/p>\n<p>Prenons 2 exemples :<\/p>\n<h4><span style=\"text-decoration: underline;\">L&rsquo;exemple de\u00a0Miriam, 62 ans,\u00a0h\u00e9mipl\u00e9gique \u00e0 la suite d&rsquo;un AVC survenu quand elle avait 59 ans<\/span><\/h4>\n<p>Apr\u00e8s son AVC (accident vasculaire c\u00e9r\u00e9bral), Miriam n\u2019a pas fait de d\u00e9marche pour demander une aide. Aujourd\u2019hui, Miriam aurait besoin d\u2019une aide pour r\u00e9aliser des travaux car sa salle de bain n\u2019est pas adapt\u00e9e \u00e0 son handicap. Il serait n\u00e9cessaire de transformer la baignoire actuelle en douche \u00e0 l\u2019italienne.<\/p>\n<p>Miriam est \u00e9ligible \u00e0 la fois \u00e0 la PCH et \u00e0 l\u2019APA\u00a0car\u00a0:<\/p>\n<ul>\n<li>elle remplissait les conditions d\u2019acc\u00e8s \u00e0 la PCH avant 60 ans\u00a0( avoir une limitation absolue ou deux limitations graves parmi une liste de 19 activit\u00e9s comme se mettre debout, marcher, se laver, utiliser les toilettes, parler, entendre, voir\u2026 du fait de son AVC survenu \u00e0 59 ans) ;<\/li>\n<li>elle remplit les conditions d\u2019acc\u00e8s \u00e0 l\u2019APA (elle a plus de 60 ans et est en perte d\u2019autonomie).<\/li>\n<\/ul>\n<p>Miriam a des revenus patrimoniaux inf\u00e9rieurs au seuil de 27\u00a0002,02\u00a0\u20ac par an au-del\u00e0 duquel on demande une participation au b\u00e9n\u00e9ficiaire de la PCH. Si elle demande la PCH, la PCH va pouvoir prendre en charge la transformation de la baignoire dans les conditions suivantes\u00a0: la prise en charge du co\u00fbt des travaux d\u2019am\u00e9nagement par la PCH est de 100% de 0 \u00e0 1\u00a0500 \u20ac puis de 50 % au-del\u00e0 de 1\u00a0500 \u20ac de d\u00e9penses dans la limite d\u2019un plafond de 10 000 \u20ac sur 10 ans.<\/p>\n<p>Si le co\u00fbt de la transformation de la baignoire de Miriam est \u00e9valu\u00e9 \u00e0 2\u00a0500 \u20ac, la prise en charge dans le cadre de la PCH sera la suivante\u00a0: 100% de 1\u00a0500 \u20ac puis 50% des 1\u00a0000 \u20ac restants soit 2\u00a0000 \u20ac pris en charge sur un co\u00fbt total de 2\u00a0500 \u20ac.<\/p>\n<p>Si Miriam demande l\u2019APA, il va \u00e9galement \u00eatre possible de demander l\u2019am\u00e9nagement de la salle de bain.\u00a0<strong>Une participation aux montants engag\u00e9s va \u00eatre laiss\u00e9e \u00e0 sa charge<\/strong>, car une participation progressive est demand\u00e9e \u00e0 la personne b\u00e9n\u00e9ficiaire de l\u2019APA au-del\u00e0 d\u2019un certain niveau de revenus (815,84\u00a0\u20ac mensuels), niveau que Miriam d\u00e9passe.<\/p>\n<p>Par ailleurs, si Miriam demande la PCH, elle va pouvoir \u00e9galement b\u00e9n\u00e9ficier dans le cadre de son plan d\u2019interventions d\u2019aides \u00e0 domicile pour l\u2019aider \u00e0 se laver, s\u2019habiller\u2026 Si elle choisit l\u2019APA, tout le montant qui lui est accord\u00e9 servira au financement des travaux de la salle de bain.<\/p>\n<p><strong>Dans le cas de Miriam, il va donc \u00eatre plus int\u00e9ressant de demander la PCH.<\/strong><\/p>\n<h4><span style=\"text-decoration: underline;\">L&rsquo;exemple de Wilfried, 71 ans, parapl\u00e9gique depuis un accident survenu il y a 20 ans<\/span><\/h4>\n<p>Wilfried b\u00e9n\u00e9ficie depuis plusieurs ann\u00e9es de l\u2019intervention d\u2019un <a href=\"https:\/\/www.adiam.net\/service-de-soins-infirmiers-a-domicile\/\">service de soins infirmiers \u00e0 domicile \u00e0 Paris<\/a> (SSIAD) tous les matins pour l\u2019aider \u00e0 la toilette et \u00e0 l\u2019habillage.<\/p>\n<p>Depuis le d\u00e9c\u00e8s de sa femme qui s\u2019occupait des courses et du m\u00e9nage, il a besoin d\u2019une aide \u00e0 domicile pour accomplir les t\u00e2ches m\u00e9nag\u00e8res qu\u2019il ne peut pas faire tout seul.<\/p>\n<p><strong>William est \u00e9ligible \u00e0 la fois \u00e0 la PCH et \u00e0 l\u2019APA<\/strong>\u00a0car\u00a0:<\/p>\n<ul>\n<li>il remplissait les conditions d\u2019acc\u00e8s \u00e0 la PCH avant 60 ans\u00a0( avoir une limitation absolue ou deux limitations graves parmi une liste de 19 activit\u00e9s comme se mettre debout, marcher, se laver, utiliser les toilettes, parler, entendre, voir\u2026 du fait de sa parapl\u00e9gie survenue \u00e0 51 ans)<\/li>\n<li>il remplit les conditions d\u2019acc\u00e8s \u00e0 l\u2019APA (il a plus de 60 ans et est en perte d\u2019autonomie).<\/li>\n<\/ul>\n<p><strong>Les t\u00e2ches m\u00e9nag\u00e8res n\u2019\u00e9tant pas prises en compte dans la PCH, il est plus int\u00e9ressant pour Wilfried de demander l\u2019APA qui permet de financer des interventions d\u2019aide \u00e0 domicile<\/strong>.<\/p>\n<h2><\/h2>\n<h2>La pension d&rsquo;invalidit\u00e9<\/h2>\n<p>La pension d&rsquo;invalidit\u00e9 est vers\u00e9e pour compenser la perte de salaire suite \u00e0 un accident ou bien d&rsquo;une maladie provisoire ou non. Pour en faire la demande, vous devez vous tourner vers la CPAM.<\/p>\n<p><strong>\u00c0 noter : La pension d&rsquo;invalidit\u00e9 est arr\u00eat\u00e9e au moment de toucher la pension de retraite qui prend le relais.<\/strong><\/p>\n<p><strong>Conditions pour b\u00e9n\u00e9ficier de la pension d&rsquo;invalidit\u00e9<\/strong><\/p>\n<ul>\n<li>Votre capacit\u00e9 de travail et de gain est r\u00e9duite d&rsquo;au moins 2\/3 \u00e0 la suite d&rsquo;un accident ou d&rsquo;une maladie d&rsquo;origine non professionnelle. C&rsquo;est \u00e0 dire que vous n&rsquo;\u00eates pas en mesure de vous procurer un salaire sup\u00e9rieur au 1\/3 (33%) de la r\u00e9mun\u00e9ration normale des travailleurs de votre cat\u00e9gorie et travaillant dans votre r\u00e9gion<\/li>\n<li>Vous devez \u00eatre affili\u00e9 \u00e0 la S\u00e9curit\u00e9 sociale depuis au moins 12 mois au 1er jour du mois pendant lequel survient l&rsquo;arr\u00eat de travail<\/li>\n<li>Condition de cotisation (l&rsquo;une des 2) :\n<ul>\n<li>Avoir cotis\u00e9 sur la base d&rsquo;une r\u00e9mun\u00e9ration au moins \u00e9gale \u00e0 2 030 fois le Smic horaire au cours des 12 mois civils pr\u00e9c\u00e9dant l&rsquo;interruption de travail<\/li>\n<li>Avoir travaill\u00e9 au moins 600 heures au cours des 12 mois pr\u00e9c\u00e9dant l&rsquo;interruption de travail ou la constatation de l&rsquo;\u00e9tat d&rsquo;invalidit\u00e9<\/li>\n<\/ul>\n<\/li>\n<\/ul>\n<p><strong>Cat\u00e9gorie d&rsquo;invalidit\u00e9 d\u00e9termin\u00e9e par le m\u00e9decin-conseil de la CPAM<\/strong><\/p>\n<ul>\n<li>Cat\u00e9gorie 1 : Invalide capable d&rsquo;exercer une activit\u00e9 r\u00e9mun\u00e9r\u00e9e<\/li>\n<li>Cat\u00e9gorie 2 : Invalide absolument incapable d&rsquo;exercer une profession quelconque<\/li>\n<li>Cat\u00e9gorie 3 : Invalide qui, \u00e9tant absolument incapable d&rsquo;exercer une profession, est, en plus, dans l&rsquo;obligation d&rsquo;avoir recours \u00e0 l&rsquo;assistance d&rsquo;une tierce personne pour effectuer les actes ordinaires de la vie<\/li>\n<\/ul>\n<p><strong>Attention : le fait d&rsquo;\u00eatre reconnu invalide de 2e ou 3e cat\u00e9gorie n&rsquo;entra\u00eene pas automatiquement votre inaptitude au travail.<\/strong><\/p>\n<p><strong>Quel est le montant de la pension d&rsquo;invalidit\u00e9 ?<\/strong><\/p>\n<p>Votre pension est calcul\u00e9e sur la base d&rsquo;un salaire annuel moyen. Elle est obtenue \u00e0 partir de vos 10 meilleures ann\u00e9es de salaire (salaires soumis \u00e0 cotisations dans la limite du plafond annuel de la S\u00e9curit\u00e9 sociale, soit 3 428 \u20ac par mois en 2020)<\/p>\n<ul>\n<li>cat\u00e9gorie 1 : 30% du salaire moyen (max 1\u00a0159,20\u00a0\u20ac \u20ac)<\/li>\n<li>cat\u00e9gorie 2 : 50% du salaire moyen (max 1\u00a0932,00\u00a0\u20ac \u20ac)<\/li>\n<li>cat\u00e9gorie 3 : 50 %, major\u00e9 de 40 % par la majoration pour tierce personne (min 1 932,00\u20ac, max 3 189,6 \u20ac)<\/li>\n<\/ul>\n<p>Le montant de la pension peut \u00eatre augment\u00e9 ou diminu\u00e9 si votre \u00e9tat de sant\u00e9 \u00e9volue ou si vous reprenez un travail.<\/p>\n<h2><\/h2>\n<h2>La Majoration Tierce Personne (MTP)<\/h2>\n<p>La MTP est une majoration de la pension d\u2019invalidit\u00e9. La demande est \u00e0 formuler aupr\u00e8s de la CPAM. Les sommes ne sont pas r\u00e9cup\u00e9rables apr\u00e8s la succession.<\/p>\n<p><strong>Conditions pour b\u00e9n\u00e9ficier de la MTP<\/strong><\/p>\n<ul>\n<li>Votre invalidit\u00e9 vous emp\u00eache de travailler (ou, si vous \u00eates retrait\u00e9, vous avez une retraite d&rsquo;inaptitude au travail)<\/li>\n<li>Elle vous oblige \u00e0 avoir recours \u00e0 l&rsquo;assistance d&rsquo;une tierce personne pour effectuer les actes ordinaires de la vie (besoins d\u00e9termin\u00e9s par le m\u00e9decin-conseil de la CPAM)<\/li>\n<\/ul>\n<p><strong>Montant de la majoration<\/strong><\/p>\n<ul>\n<li>Retraite major\u00e9e de 40 %. Majoration de 15 199,2 \u20ac minimum par an (soit \u00a01\u00a0266,60 \u20ac par mois)<\/li>\n<li>\u00a01\u00a0266,60 \u20ac par mois minimum<\/li>\n<\/ul>\n<p>Cette majoration peut alors tout \u00e0 fait servir \u00e0 r\u00e9mun\u00e9rer un proche aidant.<\/p>\n<h2><\/h2>\n<h2>L&rsquo;Allocation Adulte Handicap\u00e9 (AAH)<\/h2>\n<p><span class=\"amp-wp-fe3f5cc\" data-amp-original-style=\"font-weight: 400;\">L\u2019<\/span><span class=\"amp-wp-fe3f5cc\" data-amp-original-style=\"font-weight: 400;\">Allocation Adulte Handicap\u00e9<\/span><span class=\"amp-wp-fe3f5cc\" data-amp-original-style=\"font-weight: 400;\">\u00a0(AAH) est une aide financi\u00e8re qui permet d\u2019assurer un minimum de ressources aux personnes qui en ont besoin. Cette aide est soumise \u00e0 condition de revenus et d\u2019incapacit\u00e9, d\u2019\u00e2ge et de logement. <\/span><\/p>\n<p><span class=\"amp-wp-fe3f5cc\" data-amp-original-style=\"font-weight: 400;\">Vous devez faire votre dossier aupr\u00e8s de la MDPH, par la sui te elle vous est vers\u00e9e par votre Caisse d\u2019Allocations Familiales (CAF) ou la Mutualit\u00e9 Sociale Agricole (MSA).<\/span><\/p>\n<p><strong>\u00c0 noter : Son montant est de <b>1 033,32<\/b>\u20ac par mois et est revaloris\u00e9 en avril chaque ann\u00e9e.<\/strong><\/p>\n<p><strong>Conditions pour en b\u00e9n\u00e9ficier<\/strong><\/p>\n<ul>\n<li>Vous devez \u00eatre \u00e2g\u00e9e de 20 ans ou plus<\/li>\n<li>\u00a0Votre taux d&rsquo;incapacit\u00e9 doit \u00eatre sup\u00e9rieur ou \u00e9gal \u00e0 80% (50-79% possible \u00e0 condition de conna\u00eetre une restriction substantielle et durable d&rsquo;acc\u00e8s \u00e0 un emploi, reconnue par la CDAPH)<\/li>\n<li>Vos ressources n-2 (RFR n-1) doivent \u00eatre inf\u00e9rieures au plafonds (ex : 10 838 \u20ac pour une personne seule, 19 607 \u20ac pour une personne seule sans enfants)<\/li>\n<li>Vous ne devez pas percevoir de pension de vieillesse, d&rsquo;invalidit\u00e9, rente exc\u00e9dent 860\u20ac par mois<\/li>\n<\/ul>\n<h2><\/h2>\n<h2>La Majoration pour Vie Autonome (MVA)<\/h2>\n<p>Aucune d\u00e9marche \u00e0 effectuer, si vous \u00eates \u00e9ligible vous percevrez automatiquement la MVA soit par la CAF, soit par la MSA si vous relevez du secteur agricole. Son montant est de 105 \u20ac par mois.<\/p>\n<p><strong>Conditions pour b\u00e9n\u00e9ficier de la MVA<\/strong><\/p>\n<ul>\n<li>Vous devez percevoir AAH<\/li>\n<li>Votre taux d&rsquo;incapacit\u00e9 doit \u00eatre sup\u00e9rieur ou \u00e9gal \u00e0 80%<\/li>\n<li>Vous devez vivre dans un logement ind\u00e9pendant<\/li>\n<li>Vous devez percevoir APL<\/li>\n<\/ul>\n<h2><\/h2>\n<h2>L&rsquo;Allocation suppl\u00e9mentaire d&rsquo;invalidit\u00e9 (ASI)<\/h2>\n<p>Si vous souffrez d&rsquo;une invalidit\u00e9 et que vous n&rsquo;avez pas l&rsquo;\u00e2ge de demander l&rsquo;allocation de solidarit\u00e9 aux personnes \u00e2g\u00e9es (Aspa), vous pouvez obtenir l&rsquo;ASI, sous certaines conditions.<\/p>\n<p>Pour faire votre demande vous devez vous adresser soit aupr\u00e8s de la CPAM, soit aupr\u00e8s de la MSA.<\/p>\n<p><strong>Conditions pour b\u00e9n\u00e9ficier de l&rsquo;ASI<\/strong><\/p>\n<ul>\n<li>Vous devez \u00eatre \u00e2g\u00e9 de moins de 62 ans<\/li>\n<li>Votre capacit\u00e9 de travail et de gain est r\u00e9duite d&rsquo;au moins 2\/3 \u00e0 la suite d&rsquo;un accident ou d&rsquo;une maladie d&rsquo;origine non professionnelle. C&rsquo;est \u00e0 dire que vous n&rsquo;\u00eates pas en mesure de vous procurer un salaire sup\u00e9rieur au 1\/3 (33%) de la r\u00e9mun\u00e9ration normale des travailleurs de votre cat\u00e9gorie et travaillant dans votre r\u00e9gion<\/li>\n<li>Vis ressources mensuelles (moyenne des 3 ou des 12 derniers mois) du couple doivent \u00eatre inf\u00e9rieurs \u00e0\u00a0 1 312,5 par mois (soit 15 750 par an).<\/li>\n<\/ul>\n<p><strong>Quel est le montant de l&rsquo;ASI ?<\/strong><\/p>\n<ul>\n<li>Personne seule \u00e9ligible : max 5 036,74 \u20ac par an (419,72 \u20ac par mois)<\/li>\n<li>Si les 2 personnes du couple sont \u00e9ligibles : max 8 311,32 \u20ac par an (692,61 \u20ac par mois)<\/li>\n<\/ul>\n<h2><\/h2>\n<h2>La rente d&rsquo;incapacit\u00e9<\/h2>\n<p><strong>Conditions pour en b\u00e9n\u00e9ficier<\/strong><\/p>\n<ul>\n<li>Vous devez \u00eatre victime d&rsquo;un accident du travail<\/li>\n<li>Votre capacit\u00e9 de travail est d\u00e9finitivement r\u00e9duite en raison de cet accident.<\/li>\n<\/ul>\n<div itemscope itemtype=\"http:\/\/schema.org\/Table\"><p itemprop=\"about\"><\/p>\n<table style=\"height: 272px; width: 100%; border-collapse: collapse;\" border=\"1px solid rgb(0, 0, 0)\">\n<tbody>\n<tr style=\"height: 56px;\">\n<td style=\"border: 1px solid #000000; width: 25%; height: 56px; text-align: center; background-color: #d8e6f2;\"><b>Taux d&rsquo;incapacit\u00e9 permanente<\/b><\/td>\n<td style=\"border: 1px solid #000000; width: 24.8908%; height: 56px; text-align: center; background-color: #d8e6f2;\"><strong>Montant de l&rsquo;indemnit\u00e9<\/strong><\/td>\n<\/tr>\n<tr>\n<td class=\"text-align-center\" style=\"width: 25%; text-align: center;\">1\u00a0%<\/td>\n<td class=\"text-align-center\" style=\"width: 24.8908%; text-align: center;\">471,54 \u20ac<\/td>\n<\/tr>\n<tr>\n<td class=\"text-align-center\" style=\"width: 25%; text-align: center;\">2\u00a0%<\/td>\n<td class=\"text-align-center\" style=\"width: 24.8908%; text-align: center;\">766,46 \u20ac<\/td>\n<\/tr>\n<tr>\n<td class=\"text-align-center\" style=\"width: 25%; text-align: center;\">3\u00a0%<\/td>\n<td class=\"text-align-center\" style=\"width: 24.8908%; text-align: center;\">1 120,02 \u20ac<\/td>\n<\/tr>\n<tr>\n<td class=\"text-align-center\" style=\"width: 25%; text-align: center;\">4\u00a0%<\/td>\n<td class=\"text-align-center\" style=\"width: 24.8908%; text-align: center;\">1 767,81 \u20ac<\/td>\n<\/tr>\n<tr>\n<td class=\"text-align-center\" style=\"width: 25%; text-align: center;\">5\u00a0%<\/td>\n<td class=\"text-align-center\" style=\"width: 24.8908%; text-align: center;\">2 239,50 \u20ac<\/td>\n<\/tr>\n<tr>\n<td class=\"text-align-center\" style=\"width: 25%; text-align: center;\">6\u00a0%<\/td>\n<td class=\"text-align-center\" style=\"width: 24.8908%; text-align: center;\">2 769,91 \u20ac<\/td>\n<\/tr>\n<tr>\n<td class=\"text-align-center\" style=\"width: 25%; text-align: center;\">7\u00a0%<\/td>\n<td class=\"text-align-center\" style=\"width: 24.8908%; text-align: center;\">3 358,99 \u20ac<\/td>\n<\/tr>\n<tr>\n<td class=\"text-align-center\" style=\"width: 25%; text-align: center;\">8\u00a0%<\/td>\n<td class=\"text-align-center\" style=\"width: 24.8908%; text-align: center;\">4 007,52 \u20ac<\/td>\n<\/tr>\n<tr>\n<td class=\"text-align-center\" style=\"width: 25%; text-align: center;\">9\u00a0%<\/td>\n<td class=\"text-align-center\" style=\"width: 24.8908%; text-align: center;\">4 714,69 \u20ac<\/td>\n<\/tr>\n<\/tbody>\n<\/table>\n<p><span style=\"font-weight: 400;\"><\/div><\/span><\/p>\n<p><strong>La rente d&rsquo;incapacit\u00e9 est vers\u00e9e chaque trimestre par la CPAM (ou chaque mois en cas d&rsquo;IPP d&rsquo;au moins 50 %).<\/strong><\/p>\n<h2><\/h2>\n<h2>L&rsquo;affection de longue dur\u00e9e (ALD)<\/h2>\n<p>Une affection longue dur\u00e9e (ALD) est une maladie chronique \u00e0 caract\u00e8re grave, qui peut \u00eatre exon\u00e9rante. Les soins relatifs au traitement de l\u2019ALD sont g\u00e9n\u00e9ralement tr\u00e8s co\u00fbteux.<\/p>\n<p><strong>Conditions pour en b\u00e9n\u00e9ficier<\/strong><\/p>\n<p>Vous devez avoir une affection physique de type 30, 31 ou 32, ou psychiatrique de type 23.<\/p>\n<p><strong>Son montant est pris en charge \u00e0 100% par la CPAM, selon protocole de soins \u00e9tabli par le m\u00e9decin conseil.<\/strong><\/p>\n<h1><\/h1>\n<h1><\/h1>\n<h1>Les aides pour les proches aidants<\/h1>\n<h2>L&rsquo;Allocation journali\u00e8re d&rsquo;accompagnement d&rsquo;une personne en fin de vie (AJAP)<\/h2>\n<p><strong>Conditions \u00e0 respecter pour b\u00e9n\u00e9ficier de l&rsquo;AJAP<\/strong><\/p>\n<ul>\n<li>\u00catre salari\u00e9 en cong\u00e9 de solidarit\u00e9 familiale, ou travailleur ind\u00e9pendant ayant suspendu ou r\u00e9duit son activit\u00e9 professionnelle, ou demandeur d&#8217;emploi \u00e0 condition d&rsquo;\u00eatre un ascendant, un descendant, un fr\u00e8re ou une s\u0153ur ou une personne de confiance de la personne accompagn\u00e9e, ou partager le m\u00eame domicile que cette personne<\/li>\n<li>Accompagnement de la personne en fin de vie doit \u00eatre effectu\u00e9 \u00e0 domicile (et non \u00e0 l&rsquo;h\u00f4pital).<\/li>\n<\/ul>\n<p>Votre demande est \u00e0 envoyer au centre national de gestion des demandes d&rsquo;allocations journali\u00e8res d&rsquo;accompagnement d&rsquo;une personne en fin de vie (CNAJAP).<\/p>\n<p><strong>\u00c0 noter : Plusieurs accompagnants peuvent se partager l&rsquo;allocation s&rsquo;ils accompagnent la m\u00eame personne (en m\u00eame temps ou successivement).<\/strong><\/p>\n<p><strong>Quel est sont montant ?<\/strong><\/p>\n<ul>\n<li>64,41 \u20ac par jour.<\/li>\n<li>ou 32,21 \u20ac si le salari\u00e9 a transform\u00e9 son cong\u00e9 de solidarit\u00e9 familiale en activit\u00e9 \u00e0 temps partiel.<\/li>\n<\/ul>\n<p>Vous pouvez en b\u00e9n\u00e9ficier maximum 21 jours par mois (ou 42 jours en cas de r\u00e9duction de travail \u00e0 temps partiel).<\/p>\n<h2><\/h2>\n<h2>Le droit au r\u00e9pit<\/h2>\n<p>Vous pouvez en b\u00e9n\u00e9ficier pour \u00eatre aidant familial d&rsquo;une personne b\u00e9n\u00e9ficiaire de l&rsquo;APA qui a atteint son plafond de plan d&rsquo;aide.<\/p>\n<p>Son montant est de 510\u20ac \/ an pour financer l&rsquo;accueil de la personne temporairement dans un autre h\u00e9bergement.<\/p>\n<h2><\/h2>\n<h2>L&rsquo;Allocation journali\u00e8re du proche aidant (AJPA) : nouveau cong\u00e9 r\u00e9mun\u00e9r\u00e9 pour proche aidant<\/h2>\n<p>Cette aide est destin\u00e9e aux aidants \u00e0 bout suite \u00e0 la crise sanitaire (d\u00e8s le d\u00e9but de l&rsquo;\u00e9pid\u00e9mie, certains h\u00f4pitaux ou \u00e9tablissements ont demand\u00e9 \u00e0 de nombreuses familles de venir chercher leurs proches).<\/p>\n<p>Cette aide est non cumulable avec APA et PCH : l\u2019allocation journali\u00e8re du proche aidant n\u2019est pas due lorsque le proche aidant est employ\u00e9 par la personne aid\u00e9e dans le cadre de l\u2019APA (allocation personnalis\u00e9e d\u2019autonomie) ou de l\u2019\u00e9l\u00e9ment aide humaine la PCH (prestation de compensation du handicap).<\/p>\n<p>Avant le 30 septembre 2020, le cong\u00e9 \u00e9tait non r\u00e9mun\u00e9r\u00e9.<\/p>\n<p><strong>Depuis le 30 septembre 2020 :<\/strong><\/p>\n<ul>\n<li>Le salari\u00e9 (ou travailleurs ind\u00e9pendant ou ch\u00f4meur) peut percevoir une allocation journali\u00e8re du proche aidant (AJPA)<\/li>\n<li>Le montant est de 65,80 euros par jour pour une personne en couple ou pour une personne isol\u00e9e, le m\u00eame bar\u00e8me que pour les cong\u00e9s de pr\u00e9sence parentale (qui permet d&rsquo;accompagner un enfant malade) et de soutien d&rsquo;un proche en fin de vie.<\/li>\n<li>Dur\u00e9e : Elle pourra \u00eatre vers\u00e9e trois mois, fractionnables, pour l&rsquo;ensemble de la carri\u00e8re, et ouvrira des droits \u00e0 la retraite. Le cong\u00e9 peut \u00eatre renouvel\u00e9 jusqu&rsquo;\u00e0 un an.<\/li>\n<li>Max 22 jours par mois<\/li>\n<li>Max 66 jours au cours de sa carri\u00e8re<\/li>\n<li>D\u00e9marche : CAF ou MSA<\/li>\n<li>Fin du cong\u00e9 : le salari\u00e9 retrouve son emploi ou un emploi similaire, assorti d&rsquo;une r\u00e9mun\u00e9ration au moins \u00e9quivalente. Il a droit \u00e0 un entretien professionnel avec son employeur. Il peut aussi en b\u00e9n\u00e9ficier avant son cong\u00e9.<\/li>\n<\/ul>\n<p>Le cong\u00e9 de proche aidant remplace le cong\u00e9 de soutien familial depuis 2017. Il permet de cesser temporairement son activit\u00e9 professionnelle pour s&rsquo;occuper d&rsquo;une personne handicap\u00e9e ou faisant l&rsquo;objet d&rsquo;une perte d&rsquo;autonomie d&rsquo;une particuli\u00e8re gravit\u00e9.<\/p>\n<p><strong>Conditions pour en b\u00e9n\u00e9ficier<\/strong><\/p>\n<p>La personne accompagn\u00e9e par le salari\u00e9, qui pr\u00e9sente un handicap ou une perte d&rsquo;autonomie d&rsquo;une particuli\u00e8re gravit\u00e9, peut \u00eatre une des suivantes :<\/p>\n<ul>\n<li>La personne avec qui le salari\u00e9 <em>en couple<\/em><\/li>\n<li>Son ascendant, son descendant, l&rsquo;enfant dont elle assume la charge (au sens des prestations familiales) ou son collat\u00e9ral jusqu&rsquo;au 4e degr\u00e9 (fr\u00e8re, s\u0153ur, tante, oncle, cousin(e) germain(e), neveu, ni\u00e8ce&#8230;)<\/li>\n<li>L&rsquo;ascendant, le descendant ou le collat\u00e9ral jusqu&rsquo;au 4e degr\u00e9 de la personne avec laquelle le salari\u00e9 vit en couple<\/li>\n<li>Une personne \u00e2g\u00e9e ou handicap\u00e9e avec laquelle il r\u00e9side ou avec laquelle il entretient des liens \u00e9troits et stables, \u00e0 qui il vient en aide de mani\u00e8re r\u00e9guli\u00e8re et fr\u00e9quente. Le salari\u00e9 intervient \u00e0 titre non professionnel pour accomplir tout ou partie des actes ou des activit\u00e9s de la vie quotidienne.<\/li>\n<li>taux d&rsquo;incapacit\u00e9 permanente au moins \u00e9gal \u00e0 80 % ou b\u00e9n\u00e9ficiaire de l&rsquo;APA<\/li>\n<\/ul>\n<p><strong>Quelles sont les d\u00e9marches ?<\/strong><\/p>\n<p>Le salari\u00e9 informe l&#8217;employeur par \u00e9crit en justifiant le cong\u00e9, en pr\u00e9cisant la dur\u00e9e et \u00e9ventuellement le fractionnement (voire temps partiel). Au moins 1 mois avant la date du cong\u00e9 (sauf urgence). CAF \/ MSA.<\/p>\n<p><strong>\u00c0 noter : sa dur\u00e9e est de 3 mois, renouvelable jusqu&rsquo;\u00e0 1 an sur toute la carri\u00e8re du salari\u00e9<\/strong><\/p>\n<div class='cta-block'><div class='text'>Simulez toutes vos aides en 2 min.<\/div><a href='https:\/\/www.mes-allocs.fr\/ab-app?origin=guides\/wp-json\/wp\/v2\/posts\/23445' class='app-button fit'>Simulation gratuite<\/a><\/div>\n","protected":false},"excerpt":{"rendered":"<p>[Mis \u00e0 jour le 06\/03\/2026] Face \u00e0 la d\u00e9pendance d\u2019un proche, connaissez-vous toutes les aides dont vous et votre proche pouvez b\u00e9n\u00e9ficier ? L&rsquo;\u00e9quipe de Mes-Allocs.fr a fait le tour de tous les dispositifs, pour les personnes \u00e2g\u00e9es, les personnes en situation de handicap et les proches aidants. D\u00e9couvrez toutes les aides sociales ! Les [&hellip;]<\/p>\n","protected":false},"author":7,"featured_media":23521,"comment_status":"open","ping_status":"open","sticky":false,"template":"","format":"standard","meta":{"amp_status":"","footnotes":""},"categories":[1411],"tags":[],"class_list":["post-23445","post","type-post","status-publish","format-standard","has-post-thumbnail","hentry","category-aides-sociales"],"yoast_head":"<!-- This site is optimized with the Yoast SEO plugin v14.9 - https:\/\/yoast.com\/wordpress\/plugins\/seo\/ -->\n<title>Toutes les aides pour faire face \u00e0 la perte d&#039;autonomie | Mes-Allocs.fr<\/title>\n<meta name=\"description\" content=\"Face \u00e0 la d\u00e9pendance d\u2019un proche : connaissez-vous toutes les aides \u00e0 la perte d&#039;autonomie ? Tour d&#039;horizon des aides disponibles.\" \/>\n<meta name=\"robots\" content=\"index, follow, max-snippet:-1, max-image-preview:large, max-video-preview:-1\" \/>\n<link rel=\"canonical\" href=\"https:\/\/www.mes-allocs.fr\/guides\/aides-sociales\/aides-perte-autonomie\/\" \/>\n<meta property=\"og:locale\" content=\"fr_FR\" \/>\n<meta property=\"og:type\" content=\"article\" \/>\n<meta property=\"og:title\" content=\"Toutes les aides pour faire face \u00e0 la perte d&#039;autonomie | Mes-Allocs.fr\" \/>\n<meta property=\"og:description\" content=\"Face \u00e0 la d\u00e9pendance d\u2019un proche : connaissez-vous toutes les aides \u00e0 la perte d&#039;autonomie ? Tour d&#039;horizon des aides disponibles.\" \/>\n<meta property=\"og:url\" content=\"https:\/\/www.mes-allocs.fr\/guides\/aides-sociales\/aides-perte-autonomie\/\" \/>\n<meta property=\"og:site_name\" content=\"Mes-Allocs.fr\" \/>\n<meta property=\"article:published_time\" content=\"2021-03-29T19:49:37+00:00\" \/>\n<meta property=\"article:modified_time\" content=\"2026-03-06T17:07:10+00:00\" \/>\n<meta property=\"og:image\" content=\"https:\/\/www.mes-allocs.fr\/guides\/wp-content\/uploads\/2021\/03\/pexels-andrea-piacquadio-3768131-1.jpg?wsr\" \/>\n\t<meta property=\"og:image:width\" content=\"1280\" \/>\n\t<meta property=\"og:image:height\" content=\"853\" \/>\n<meta name=\"twitter:card\" content=\"summary_large_image\" \/>\n<script type=\"application\/ld+json\" class=\"yoast-schema-graph\">{\"@context\":\"https:\/\/schema.org\",\"@graph\":[{\"@type\":\"WebSite\",\"@id\":\"https:\/\/www.mes-allocs.fr\/guides\/#website\",\"url\":\"https:\/\/www.mes-allocs.fr\/guides\/\",\"name\":\"Mes-Allocs.fr\",\"description\":\"\",\"potentialAction\":[{\"@type\":\"SearchAction\",\"target\":\"https:\/\/www.mes-allocs.fr\/guides\/?s={search_term_string}\",\"query-input\":\"required name=search_term_string\"}],\"inLanguage\":\"fr-FR\"},{\"@type\":\"ImageObject\",\"@id\":\"https:\/\/www.mes-allocs.fr\/guides\/aides-sociales\/aides-perte-autonomie\/#primaryimage\",\"inLanguage\":\"fr-FR\",\"url\":\"https:\/\/www.mes-allocs.fr\/guides\/wp-content\/uploads\/2021\/03\/pexels-andrea-piacquadio-3768131-1.jpg?wsr\",\"width\":1280,\"height\":853,\"caption\":\"Toutes les aides pour faire face \\u00e0 la perte d'autonomie\"},{\"@type\":\"WebPage\",\"@id\":\"https:\/\/www.mes-allocs.fr\/guides\/aides-sociales\/aides-perte-autonomie\/#webpage\",\"url\":\"https:\/\/www.mes-allocs.fr\/guides\/aides-sociales\/aides-perte-autonomie\/\",\"name\":\"Toutes les aides pour faire face \\u00e0 la perte d'autonomie | Mes-Allocs.fr\",\"isPartOf\":{\"@id\":\"https:\/\/www.mes-allocs.fr\/guides\/#website\"},\"primaryImageOfPage\":{\"@id\":\"https:\/\/www.mes-allocs.fr\/guides\/aides-sociales\/aides-perte-autonomie\/#primaryimage\"},\"datePublished\":\"2021-03-29T19:49:37+00:00\",\"dateModified\":\"2026-03-06T17:07:10+00:00\",\"author\":{\"@id\":\"https:\/\/www.mes-allocs.fr\/guides\/#\/schema\/person\/1c4837d5703727cb02ce84583b5a44aa\"},\"description\":\"Face \\u00e0 la d\\u00e9pendance d\\u2019un proche : connaissez-vous toutes les aides \\u00e0 la perte d'autonomie ? Tour d'horizon des aides disponibles.\",\"inLanguage\":\"fr-FR\"},{\"@type\":\"Person\",\"@id\":\"https:\/\/www.mes-allocs.fr\/guides\/#\/schema\/person\/1c4837d5703727cb02ce84583b5a44aa\",\"name\":\"Fabiola\",\"image\":{\"@type\":\"ImageObject\",\"@id\":\"https:\/\/www.mes-allocs.fr\/guides\/#personlogo\",\"inLanguage\":\"fr-FR\",\"url\":\"https:\/\/www.mes-allocs.fr\/guides\/wp-content\/uploads\/2021\/06\/fabiola-150x150.png\",\"caption\":\"Fabiola\"},\"description\":\"Fabiola est r\\u00e9dactrice au sein de l'\\u00e9quipe Mes Allocs, sp\\u00e9cialis\\u00e9e en sciences politiques et affaires publiques. Dipl\\u00f4m\\u00e9e de l'HEIP, elle rejoint Mes Allocs apr\\u00e8s une premi\\u00e8re exp\\u00e9rience \\u00e0 l'Assembl\\u00e9e Nationale.\",\"sameAs\":[\"https:\/\/www.linkedin.com\/in\/cecilia-philippe-b-8a8085195\"]}]}<\/script>\n<!-- \/ Yoast SEO plugin. -->","amp_validity":null,"acf":{"faq":{"1":{"question":"\ud83e\udd14  Quelles sont les conditions li\u00e9es \u00e0 l'Aide Personnalis\u00e9e d'Autonomie ?","answer":"Il existe plusieurs paniers de conditions : Conditions d'invadilit\u00e9, Conditions d'\u00e2ge, Conditions de ressources et Conditions de r\u00e9sidence."},"2":{"question":"\ud83e\udd37\u200d\u2640\ufe0f Qui a le droit \u00e0 l'APA ?","answer":"Il faut : \u00eatre \u00e2g\u00e9 de 60 ans ou plus, r\u00e9sider en France de fa\u00e7on stable et r\u00e9guli\u00e8re, \u00eatre en perte d'autonomie, c'est-\u00e0-dire avoir un degr\u00e9 de perte d'autonomie \u00e9valu\u00e9 comme relevant du GIR 1, 2, 3 ou 4 par une \u00e9quipe de professionnels du conseil d\u00e9partemental"},"3":{"question":"\ud83e\udd1d Quelles sont les aides pour les handicap\u00e9s ?","answer":"Les aides sociales pour les personnes handicap\u00e9es regroupent des dispositifs \u00e0 destination des adultes, des enfants et des retrait\u00e9s. On y trouve : - L\u2019aide sociale \u00e0 l\u2019h\u00e9bergement (ASH); - La prestation de compensation du handicap (PCH), qui inclut notamment des aides humaines, techniques et animali\u00e8res; - L'allocation d\u2019\u00e9ducation de l\u2019enfant handicap\u00e9 (AEEH) - L'allocation aux adultes handicap\u00e9s (AAH) - Le compl\u00e9ment de ressources AAH et la majoration pour la vie autonome (MVA), qui compl\u00e8tent l'AAH."},"4":{"question":"","answer":""},"5":{"question":"","answer":""},"6":{"question":"","answer":""},"7":{"question":"","answer":""},"8":{"question":"","answer":""},"9":{"question":"","answer":""},"10":{"question":"","answer":""},"11":{"question":"","answer":""},"12":{"question":"","answer":""},"13":{"question":"","answer":""},"14":{"question":"","answer":""},"15":{"question":"","answer":""},"16":{"question":"","answer":""}}},"_links":{"self":[{"href":"https:\/\/www.mes-allocs.fr\/guides\/wp-json\/wp\/v2\/posts\/23445","targetHints":{"allow":["GET"]}}],"collection":[{"href":"https:\/\/www.mes-allocs.fr\/guides\/wp-json\/wp\/v2\/posts"}],"about":[{"href":"https:\/\/www.mes-allocs.fr\/guides\/wp-json\/wp\/v2\/types\/post"}],"author":[{"embeddable":true,"href":"https:\/\/www.mes-allocs.fr\/guides\/wp-json\/wp\/v2\/users\/7"}],"replies":[{"embeddable":true,"href":"https:\/\/www.mes-allocs.fr\/guides\/wp-json\/wp\/v2\/comments?post=23445"}],"version-history":[{"count":42,"href":"https:\/\/www.mes-allocs.fr\/guides\/wp-json\/wp\/v2\/posts\/23445\/revisions"}],"predecessor-version":[{"id":110305,"href":"https:\/\/www.mes-allocs.fr\/guides\/wp-json\/wp\/v2\/posts\/23445\/revisions\/110305"}],"wp:featuredmedia":[{"embeddable":true,"href":"https:\/\/www.mes-allocs.fr\/guides\/wp-json\/wp\/v2\/media\/23521"}],"wp:attachment":[{"href":"https:\/\/www.mes-allocs.fr\/guides\/wp-json\/wp\/v2\/media?parent=23445"}],"wp:term":[{"taxonomy":"category","embeddable":true,"href":"https:\/\/www.mes-allocs.fr\/guides\/wp-json\/wp\/v2\/categories?post=23445"},{"taxonomy":"post_tag","embeddable":true,"href":"https:\/\/www.mes-allocs.fr\/guides\/wp-json\/wp\/v2\/tags?post=23445"}],"curies":[{"name":"wp","href":"https:\/\/api.w.org\/{rel}","templated":true}]}}