{"id":23410,"date":"2021-04-26T14:45:12","date_gmt":"2021-04-26T14:45:12","guid":{"rendered":"https:\/\/www.mes-allocs.fr\/guides\/?p=23410"},"modified":"2026-03-06T15:14:40","modified_gmt":"2026-03-06T14:14:40","slug":"formation-management","status":"publish","type":"post","link":"https:\/\/www.mes-allocs.fr\/guides\/reconversion-professionnelle\/formation-metiers\/formation-management\/","title":{"rendered":"La formation en management : m\u00e9tier, salaire, \u00e9volution"},"content":{"rendered":"<p><a href=\"https:\/\/www.mes-allocs.fr\/guides\/wp-content\/uploads\/2021\/04\/work-5382501_1280-1.jpg\"><img loading=\"lazy\" decoding=\"async\" class=\"aligncenter wp-image-25796 size-full\" title=\"formation management\" src=\"https:\/\/www.mes-allocs.fr\/guides\/wp-content\/uploads\/2021\/04\/work-5382501_1280-1-e1619446249525.jpg\" alt=\"formation management\" width=\"1280\" height=\"406\" srcset=\"https:\/\/www.mes-allocs.fr\/guides\/wp-content\/uploads\/2021\/04\/work-5382501_1280-1-e1619446249525.jpg 1280w, https:\/\/www.mes-allocs.fr\/guides\/wp-content\/uploads\/2021\/04\/work-5382501_1280-1-e1619446249525-300x95.jpg 300w, https:\/\/www.mes-allocs.fr\/guides\/wp-content\/uploads\/2021\/04\/work-5382501_1280-1-e1619446249525-1024x325.jpg 1024w, https:\/\/www.mes-allocs.fr\/guides\/wp-content\/uploads\/2021\/04\/work-5382501_1280-1-e1619446249525-768x244.jpg 768w, https:\/\/www.mes-allocs.fr\/guides\/wp-content\/uploads\/2021\/04\/work-5382501_1280-1-e1619446249525-600x190.jpg 600w\" sizes=\"auto, (max-width: 1280px) 100vw, 1280px\" \/><\/a><\/p>\n<p style=\"text-align: justify;\">[Mis \u00e0 jour le 06\/03\/2026] Avoir de bonnes connaissances en management est souvent n\u00e9cessaire. Cette fonction n\u00e9cessite surtout de la pratiquer pour se perfectionner, certaines formations vous dispensent les bases du management, mais \u00e9galement des conseils pour vous am\u00e9liorer. Vous souhaitez faire une <a href=\"https:\/\/www.mes-allocs.fr\/guides\/reconversion-professionnelle\/\">reconversion professionnelle<\/a> ou am\u00e9liorer vos comp\u00e9tences actuelles ? Mes Allocs vous explique tout sur la <strong>formation dans le domaine du management<\/strong>.<\/p>\n<div class='cta-block'><div class='text'>Financez votre formation management gr\u00e2ce \u00e0 vos droits formation.<\/div><a href='https:\/\/www.mes-allocs.fr\/ab-app-formation?origin=guides\/wp-json\/wp\/v2\/posts\/23410' class='app-button fit'>V\u00e9rifiez votre \u00e9ligibilit\u00e9<\/a><\/div>\n<h1>Se former pour mieux g\u00e9rer son \u00e9quipe<\/h1>\n<h2>Qui est concern\u00e9 ?<\/h2>\n<p>Les personnes qui vont exercer ou exercent d\u00e9j\u00e0 des fonctions \u00e0 responsabilit\u00e9 au sein d\u2019une soci\u00e9t\u00e9 doivent suivre ce type de formation. Il s\u2019agit principalement des chefs de projets, des responsables mais \u00e9galement d\u2019autres collaborateurs \u00e0 qui vous confiez des fonctions d\u2019encadrement fonctionnel ou hi\u00e9rarchique dans une entreprise, le but \u00e9tant d&rsquo;acqu\u00e9rir des comp\u00e9tences relationnelles.<\/p>\n<h2>Qu&rsquo;apporte une formation en management ?<\/h2>\n<p>Les diff\u00e9rentes formations en management propos\u00e9es sur le march\u00e9 peuvent vous apprendre \u00e0 :<\/p>\n<ul>\n<li>Aide \u00e0 diriger ou \u00e0 mieux diriger une \u00e9quipe (formation en management d\u2019\u00e9quipe). La pression des r\u00e9sultats exerc\u00e9e sur les managers est g\u00e9n\u00e9ralement assez forte. Pour aider et accompagner ces derniers \u00e0 mieux comprendre les nouveaux enjeux des entreprises, voire m\u00eame \u00e0 mieux manager les nouvelles typologies de salari\u00e9s (comme les millennials, ou la g\u00e9n\u00e9ration Z, par exemple), des formations existent ;<\/li>\n<li>g\u00e9rer un projet (formation en management de projet) et accompagner les changements<\/li>\n<li>d\u00e9l\u00e9guer\u00a0;<\/li>\n<li>Aide \u00e0 gagner en leadership. S&rsquo;affirmer, exercer son autorit\u00e9, influencer, faire adh\u00e9rer, g\u00e9rer les situations conflictuelles&#8230; Pour obtenir l&rsquo;adh\u00e9sion d&rsquo;une \u00e9quipe et assurer le pilotage de l&rsquo;activit\u00e9, le leadership est un des atouts indispensables \u00e0 la panoplie du futur manager\u00a0;<\/li>\n<li>Aide \u00e0 renforcer l\u2019habilet\u00e9 relationnelle ;<\/li>\n<li>d\u00e9velopper l\u2019intelligence \u00e9motionnelle. Certaines formations proposent ainsi de d\u00e9velopper son intelligence \u00e9motionnelle pour tenir compte \u00e0 la fois de ses \u00e9motions et de celles des autres lors de ses prises de d\u00e9cisions. Objectif : optimiser ses relations en entreprise et gagner en efficacit\u00e9 professionnelle\u00a0;<\/li>\n<li>Permet de mettre en place diff\u00e9rentes techniques de management (comme la technique de la chaise chaude, ou de \u2026). L&rsquo;objectif est de savoir cr\u00e9er des dynamiques de coop\u00e9ration pour d\u00e9gager le surplus d&rsquo;\u00e9nergie, de talents et de comp\u00e9tences au sein de ses \u00e9quipes ;<\/li>\n<li>Permet de mieux appr\u00e9hender et se confronter \u00e0 des situations de travail avec du conflit<\/li>\n<\/ul>\n<p><iframe loading=\"lazy\" title=\"La reconversion professionnelle\" width=\"500\" height=\"281\" src=\"https:\/\/www.youtube.com\/embed\/EiVUthswxl0?feature=oembed\" frameborder=\"0\" allow=\"accelerometer; autoplay; clipboard-write; encrypted-media; gyroscope; picture-in-picture; web-share\" referrerpolicy=\"strict-origin-when-cross-origin\" allowfullscreen><\/iframe><\/p>\n<h1>Les formations disponibles en management<\/h1>\n<p>Que vous soyez en \u00cele-de-France ou ailleurs, il est possible de suivre des formations en management soit en formation initiale, soit en formation continue, explication.<\/p>\n<h2>Les formations continues<\/h2>\n<p>La formation continue, en ligne, \u00e0 distance ou en pr\u00e9sentiel, permet \u00e0 un salari\u00e9, sur son temps de travail ou en dehors, d\u2019acqu\u00e9rir et\/ou de renforcer des comp\u00e9tences afin de contribuer \u00e0 son employabilit\u00e9, interne ou externe.<\/p>\n<p>Pour faciliter la gestion de l\u2019emploi du temps des salari\u00e9s, les programmes de formation se pr\u00e9sentent sous plusieurs formats\u00a0: conf\u00e9rences, cours, formations courtes, formations longues, formations en pr\u00e9sentielles ou \u00e0 distance.<\/p>\n<h2>Les formations initiales<\/h2>\n<p>La formation initiale permet de suivre un cursus scolaire dipl\u00f4mant n\u00e9cessaire \u00e0 l\u2019exercice d\u2019une profession. Certaines formations permettent de donner aux \u00e9tudiants les bases du m\u00e9tier de manager. Elles sont par exemple propos\u00e9es par\u00a0:<\/p>\n<ul>\n<li>Le programme grande \u00e9cole d\u2019une Business School (Edhec Business School Lille, Rennes School of Business, Kedge Business School, HEC, Essec\u2026).<\/li>\n<li>Un post-bac + 5 labellis\u00e9 de type mast\u00e8re Sp\u00e9cialis\u00e9. Par exemple : le Mast\u00e8re Sp\u00e9cialis\u00e9 management et comp\u00e9tences internationales, Audencia Business School Atlantic Campus (Nantes), le Mast\u00e8re Sp\u00e9cialis\u00e9 management des entreprises du vivant et de l&rsquo;agroalimentaire &#8211; EM Lyon Business School ou le Mast\u00e8re Sp\u00e9cialis\u00e9 Business Performance Management, ESCP Europe.<\/li>\n<li>Un titre d\u2019\u00e9tablissement. Par exemple, le Master of Science in management Studies, Edhec Business School Lille.<\/li>\n<\/ul>\n<div class='cta-block'><div class='text'>Financer votre formation management gr\u00e2ce \u00e0 vos droits formation.<\/div><a href='https:\/\/www.formademia.fr\/formulaire\/coaching' class='app-button fit'>V\u00e9rifier votre \u00e9ligibilit\u00e9<\/a><\/div>\n<h1 id=\"ancre-3\">VAE management<\/h1>\n<p>La\u00a0VAE\u00a0(Validation des Acquis de l\u2019Exp\u00e9rience) permet de valoriser une exp\u00e9rience professionnelle afin d\u2019obtenir une certification qui permettra \u00e0 l\u2019int\u00e9ress\u00e9 d\u2019\u00e9voluer professionnellement, ou de mettre en coh\u00e9rence sa qualification avec son niveau de responsabilit\u00e9 dans l\u2019entreprise.<\/p>\n<p>Apr\u00e8s le d\u00e9p\u00f4t de votre dossier, un jury va d\u00e9terminer ce qu\u2019il vous reste \u00e0 apprendre pour atteindre le niveau master. Vous allez ensuite suivre les cours que vous n\u2019avez pas acquis lors de votre carri\u00e8re.<\/p>\n<h1 id=\"ancre-2\">Le MBA management<\/h1>\n<p>La plupart des MBA sont dispens\u00e9s en \u00e9coles sp\u00e9cialis\u00e9es comme :<\/p>\n<ul>\n<li>Les \u00e9coles de commerce\u00a0;<\/li>\n<li>Les \u00e9coles de management\u00a0;<\/li>\n<li>Les \u00e9coles de gestion.<\/li>\n<\/ul>\n<p>Les MBA peuvent \u00e9galement proposer des formules compatibles avec une activit\u00e9 professionnelle en parall\u00e8le. Le choix est large, vous pouvez avoir un emploi du temps am\u00e9nag\u00e9 pour suivre les cours dispens\u00e9s et continuer de travailler, ou passer la journ\u00e9e au travail et suivre des cours du soir. On parle de part-time MBA.<\/p>\n<p>\u00c0 noter : un certain nombre de MBA peut \u00eatre financ\u00e9 par le compte personnel de formation CPF<\/p>\n<h1>Le compte personnel de formation<\/h1>\n<p>Le Compte Personnel de Formation \u00e9tait autrefois le DIF, gr\u00e2ce \u00e0 la Loi \u201cPour la libert\u00e9 de choisir son avenir professionnel\u201d, ce sont des euros qui se cumulent sur le CPF afin de pouvoir vous former \u00e0 quand vous le souhaiter. Chaque ann\u00e9e, 500 \u20ac sont ajout\u00e9s sur ce compte (ex : pour un travail \u00e0 temps plein) mais avec un plafond 5000 \u20ac.<\/p>\n<p>Ce montant est de 800\u20ac pour un salari\u00e9 non qualifi\u00e9 (avec un plafond de 8000 \u20ac). L\u2019avantage est que le salaire est maintenu lors d\u2019une formation faite avec le CPF. Si le CPF est insuffisant (en \u20ac) pour financer votre formation, il existe des possibilit\u00e9s d\u2019abonnement.<\/p>\n<p><strong>Formations \u00e9ligibles :<\/strong><\/p>\n<ul class=\"spip\">\n<li>formations permettant de faire valider les acquis de l\u2019exp\u00e9rience (VAE) indiqu\u00e9s au\u00a0<strong>3\u00b0 de l\u2019article L.6313-1.<\/strong><\/li>\n<li>bilan de comp\u00e9tences.<\/li>\n<li>actions de formation \u00e0 destination des cr\u00e9ateurs ou repreneurs d\u2019entreprises.<\/li>\n<li>pr\u00e9paration de\u00a0<strong>l\u2019\u00e9preuve th\u00e9orique du Code de la route et de l\u2019\u00e9preuve pratique<\/strong>\u00a0du permis de conduire des v\u00e9hicules du groupe l\u00e9ger (permis B) et du groupe lourd.<\/li>\n<\/ul>\n<p>Pour compl\u00e9ter votre formation personnelle, les fonctionnaires peuvent b\u00e9n\u00e9ficier du CFP. Ce dernier peut financer des stages de formation, que ce soit personnel ou bien professionnel non propos\u00e9 par l\u2019administration.<\/p>\n<p><strong>\u00c0 noter : le CFP peut \u00eatre cumul\u00e9 avec le CPF<\/strong><\/p>\n<h1><span id=\"Plan_de_Developpement_des_Competences_PDC\"><strong>Plan de D\u00e9veloppement des Comp\u00e9tences (PDC)<\/strong><\/span><\/h1>\n<p>Le plan de comp\u00e9tences concerne toutes les entreprises, quel que soit le nombre de salari\u00e9s. Ce dernier ne pourra \u00eatre mis en place que par votre employeur.<\/p>\n<p>Le document rassemble l\u2019ensemble des actions de formation retenues par l\u2019employeur pour ses salari\u00e9s et distingue 2 types d\u2019actions de formation :<\/p>\n<ul>\n<li>les actions de formation obligatoires, en application d\u2019accords ou conventions collectives,<\/li>\n<li>et les autres actions de formation, dites non obligatoires.<\/li>\n<\/ul>\n<p>Les ressources humaines sont susceptibles de vous int\u00e9resser ? D\u00e9couvrez les <a href=\"https:\/\/www.mes-allocs.fr\/guides\/reconversion-professionnelle\/formation-metiers\/formation-ressources-humaines\/\">formations RH<\/a> !<\/p>\n<div class='cta-block'><div class='text'>Financer votre formation management gr\u00e2ce \u00e0 vos droits formation.<\/div><a href='https:\/\/www.formademia.fr\/formulaire\/coaching' class='app-button fit'>V\u00e9rifier votre \u00e9ligibilit\u00e9<\/a><\/div>\n","protected":false},"excerpt":{"rendered":"<p>[Mis \u00e0 jour le 06\/03\/2026] Avoir de bonnes connaissances en management est souvent n\u00e9cessaire. Cette fonction n\u00e9cessite surtout de la pratiquer pour se perfectionner, certaines formations vous dispensent les bases du management, mais \u00e9galement des conseils pour vous am\u00e9liorer. Vous souhaitez faire une reconversion professionnelle ou am\u00e9liorer vos comp\u00e9tences actuelles ? Mes Allocs vous explique [&hellip;]<\/p>\n","protected":false},"author":10,"featured_media":25796,"comment_status":"open","ping_status":"open","sticky":false,"template":"","format":"standard","meta":{"amp_status":"","footnotes":""},"categories":[5979,5081],"tags":[],"class_list":["post-23410","post","type-post","status-publish","format-standard","has-post-thumbnail","hentry","category-formation-metiers","category-reconversion-professionnelle"],"yoast_head":"<!-- This site is optimized with the Yoast SEO plugin v14.9 - https:\/\/yoast.com\/wordpress\/plugins\/seo\/ -->\n<title>La formation en management : m\u00e9tier, salaire, \u00e9volution | Mes-Allocs.fr<\/title>\n<meta name=\"description\" content=\"La formation en management vous permet de compl\u00e9ter vos acquis mais \u00e9galement d&#039;en acqu\u00e9rir de nouveaux. On vous informe.\" \/>\n<meta name=\"robots\" content=\"index, follow, max-snippet:-1, max-image-preview:large, max-video-preview:-1\" \/>\n<link rel=\"canonical\" href=\"https:\/\/www.mes-allocs.fr\/guides\/reconversion-professionnelle\/formation-metiers\/formation-management\/\" \/>\n<meta property=\"og:locale\" content=\"fr_FR\" \/>\n<meta property=\"og:type\" content=\"article\" \/>\n<meta property=\"og:title\" content=\"La formation en management : m\u00e9tier, salaire, \u00e9volution | Mes-Allocs.fr\" \/>\n<meta property=\"og:description\" content=\"La formation en management vous permet de compl\u00e9ter vos acquis mais \u00e9galement d&#039;en acqu\u00e9rir de nouveaux. On vous informe.\" \/>\n<meta property=\"og:url\" content=\"https:\/\/www.mes-allocs.fr\/guides\/reconversion-professionnelle\/formation-metiers\/formation-management\/\" \/>\n<meta property=\"og:site_name\" content=\"Mes-Allocs.fr\" \/>\n<meta property=\"article:published_time\" content=\"2021-04-26T14:45:12+00:00\" \/>\n<meta property=\"article:modified_time\" content=\"2026-03-06T14:14:40+00:00\" \/>\n<meta property=\"og:image\" content=\"https:\/\/www.mes-allocs.fr\/guides\/wp-content\/uploads\/2021\/04\/work-5382501_1280-1-e1619446249525.jpg?wsr\" \/>\n\t<meta property=\"og:image:width\" content=\"1280\" \/>\n\t<meta property=\"og:image:height\" content=\"406\" \/>\n<meta name=\"twitter:card\" content=\"summary_large_image\" \/>\n<script type=\"application\/ld+json\" class=\"yoast-schema-graph\">{\"@context\":\"https:\/\/schema.org\",\"@graph\":[{\"@type\":\"WebSite\",\"@id\":\"https:\/\/www.mes-allocs.fr\/guides\/#website\",\"url\":\"https:\/\/www.mes-allocs.fr\/guides\/\",\"name\":\"Mes-Allocs.fr\",\"description\":\"\",\"potentialAction\":[{\"@type\":\"SearchAction\",\"target\":\"https:\/\/www.mes-allocs.fr\/guides\/?s={search_term_string}\",\"query-input\":\"required name=search_term_string\"}],\"inLanguage\":\"fr-FR\"},{\"@type\":\"ImageObject\",\"@id\":\"https:\/\/www.mes-allocs.fr\/guides\/reconversion-professionnelle\/formation-metiers\/formation-management\/#primaryimage\",\"inLanguage\":\"fr-FR\",\"url\":\"https:\/\/www.mes-allocs.fr\/guides\/wp-content\/uploads\/2021\/04\/work-5382501_1280-1-e1619446249525.jpg?wsr\",\"width\":1280,\"height\":406,\"caption\":\"etude management\"},{\"@type\":\"WebPage\",\"@id\":\"https:\/\/www.mes-allocs.fr\/guides\/reconversion-professionnelle\/formation-metiers\/formation-management\/#webpage\",\"url\":\"https:\/\/www.mes-allocs.fr\/guides\/reconversion-professionnelle\/formation-metiers\/formation-management\/\",\"name\":\"La formation en management : m\\u00e9tier, salaire, \\u00e9volution | Mes-Allocs.fr\",\"isPartOf\":{\"@id\":\"https:\/\/www.mes-allocs.fr\/guides\/#website\"},\"primaryImageOfPage\":{\"@id\":\"https:\/\/www.mes-allocs.fr\/guides\/reconversion-professionnelle\/formation-metiers\/formation-management\/#primaryimage\"},\"datePublished\":\"2021-04-26T14:45:12+00:00\",\"dateModified\":\"2026-03-06T14:14:40+00:00\",\"author\":{\"@id\":\"https:\/\/www.mes-allocs.fr\/guides\/#\/schema\/person\/8d47b912c0ad15f379df96b4e4e33f58\"},\"description\":\"La formation en management vous permet de compl\\u00e9ter vos acquis mais \\u00e9galement d'en acqu\\u00e9rir de nouveaux. On vous informe.\",\"inLanguage\":\"fr-FR\"},{\"@type\":\"Person\",\"@id\":\"https:\/\/www.mes-allocs.fr\/guides\/#\/schema\/person\/8d47b912c0ad15f379df96b4e4e33f58\",\"name\":\"Constance de Cagny\",\"image\":{\"@type\":\"ImageObject\",\"@id\":\"https:\/\/www.mes-allocs.fr\/guides\/#personlogo\",\"inLanguage\":\"fr-FR\",\"url\":\"https:\/\/www.mes-allocs.fr\/guides\/wp-content\/uploads\/2021\/06\/Constance.2e8ee0b.png\",\"caption\":\"Constance de Cagny\"},\"description\":\"Constance est r\\u00e9dactrice au sein de l'\\u00e9quipe Mes Allocs. Elle a l'habitude d'\\u00e9crire sur les sujets conso, bons plans et \\u00e9conomies. Dipl\\u00f4m\\u00e9e de l'ENACO, elle rejoint Mes Allocs apr\\u00e8s une premi\\u00e8re exp\\u00e9rience en cabinet notarial.\",\"sameAs\":[\"https:\/\/www.linkedin.com\/in\/constance-de-cagny-mayeur-bbb414135\"]}]}<\/script>\n<!-- \/ Yoast SEO plugin. -->","amp_validity":null,"acf":{"faq":{"1":{"question":"Pourquoi faire une formation en management ?","answer":"Les personnes qui vont exercer ou exercent d\u00e9j\u00e0 des fonctions \u00e0 responsabilit\u00e9 au sein d'une soci\u00e9t\u00e9 doivent suivre ce type de formation."},"2":{"question":"Quelles sont les 4 fonctions du management ?","answer":"Il s'agit d'une d\u00e9marche globale qui repose sur six grandes fonctions g\u00e9n\u00e9riques : piloter (fixer des objectifs et contr\u00f4ler les r\u00e9sultats), contr\u00f4ler, organiser, d\u00e9l\u00e9guer, animer et diriger."},"3":{"question":"Quels sont les 4 styles de management ?","answer":"Le management directif : historiquement, c'est le mode de management le plus r\u00e9pandu dans la fonction publique. Il y a aussi le management persuasif, le management participatif et le management d\u00e9l\u00e9gatif"},"4":{"question":"Quelle est la premi\u00e8re fonction du management ?","answer":"Organiser le travail des \u00e9quipes en vue d'atteindre les objectifs fix\u00e9s par la direction. Cette organisation passe en premier lieu par la d\u00e9finition des fonctions de chacun des collaborateurs."},"5":{"question":"Quel est le r\u00f4le du management op\u00e9rationnel ?","answer":"Par une organisation optimis\u00e9e des activit\u00e9s du quotidien, le management op\u00e9rationnel a pour but d'assurer la mise en \u0153uvre du management strat\u00e9gique et d'am\u00e9liorer la performance de l'entreprise."},"6":{"question":"Qu'est-ce qu'un responsable op\u00e9rationnel ?","answer":"Il peut encadrer une petite \u00e9quipe. Son objectif est d'am\u00e9liorer les performances de l'activit\u00e9 dont il a la responsabilit\u00e9."},"7":{"question":"","answer":""},"8":{"question":"","answer":""},"9":{"question":"","answer":""},"10":{"question":"","answer":""},"11":{"question":"","answer":""},"12":{"question":"","answer":""},"13":{"question":"","answer":""},"14":{"question":"","answer":""},"15":{"question":"","answer":""},"16":{"question":"","answer":""}}},"_links":{"self":[{"href":"https:\/\/www.mes-allocs.fr\/guides\/wp-json\/wp\/v2\/posts\/23410","targetHints":{"allow":["GET"]}}],"collection":[{"href":"https:\/\/www.mes-allocs.fr\/guides\/wp-json\/wp\/v2\/posts"}],"about":[{"href":"https:\/\/www.mes-allocs.fr\/guides\/wp-json\/wp\/v2\/types\/post"}],"author":[{"embeddable":true,"href":"https:\/\/www.mes-allocs.fr\/guides\/wp-json\/wp\/v2\/users\/10"}],"replies":[{"embeddable":true,"href":"https:\/\/www.mes-allocs.fr\/guides\/wp-json\/wp\/v2\/comments?post=23410"}],"version-history":[{"count":21,"href":"https:\/\/www.mes-allocs.fr\/guides\/wp-json\/wp\/v2\/posts\/23410\/revisions"}],"predecessor-version":[{"id":110255,"href":"https:\/\/www.mes-allocs.fr\/guides\/wp-json\/wp\/v2\/posts\/23410\/revisions\/110255"}],"wp:featuredmedia":[{"embeddable":true,"href":"https:\/\/www.mes-allocs.fr\/guides\/wp-json\/wp\/v2\/media\/25796"}],"wp:attachment":[{"href":"https:\/\/www.mes-allocs.fr\/guides\/wp-json\/wp\/v2\/media?parent=23410"}],"wp:term":[{"taxonomy":"category","embeddable":true,"href":"https:\/\/www.mes-allocs.fr\/guides\/wp-json\/wp\/v2\/categories?post=23410"},{"taxonomy":"post_tag","embeddable":true,"href":"https:\/\/www.mes-allocs.fr\/guides\/wp-json\/wp\/v2\/tags?post=23410"}],"curies":[{"name":"wp","href":"https:\/\/api.w.org\/{rel}","templated":true}]}}