{"id":23260,"date":"2021-03-25T13:53:40","date_gmt":"2021-03-25T13:53:40","guid":{"rendered":"https:\/\/www.mes-allocs.fr\/guides\/?p=23260"},"modified":"2026-03-05T16:32:34","modified_gmt":"2026-03-05T15:32:34","slug":"formation-immobilier","status":"publish","type":"post","link":"https:\/\/www.mes-allocs.fr\/guides\/reconversion-professionnelle\/formation-metiers\/formation-immobilier\/","title":{"rendered":"La formation immobilier : m\u00e9tier, \u00e9tudes, salaire"},"content":{"rendered":"<p><a href=\"https:\/\/www.mes-allocs.fr\/guides\/wp-content\/uploads\/2021\/03\/architecture-3108075_1280.jpg\"><img loading=\"lazy\" decoding=\"async\" class=\"aligncenter wp-image-23264 size-full\" title=\"formation immobilier\" src=\"https:\/\/www.mes-allocs.fr\/guides\/wp-content\/uploads\/2021\/03\/architecture-3108075_1280-e1616448930883.jpg\" alt=\"formation immobilier\" width=\"1280\" height=\"361\" \/><\/a><\/p>\n<p style=\"text-align: justify;\">[Mis \u00e0 jour le 05\/03\/2026] Travailler dans l&rsquo;immobilier n\u00e9cessite d&rsquo;\u00eatre polyvalent. Un certain nombre de formations peuvent vous aider dans votre <a href=\"https:\/\/www.mes-allocs.fr\/guides\/reconversion-professionnelle\/\">reconversion professionnelle<\/a> que ce soit des formations initiales ou bien des formations continues. Mes Allocs vous explique quelle <strong>formation en immobilier<\/strong> suivre !<\/p>\n<div class='cta-block'><div class='text'>Coaching \u00e0 distance pay\u00e9 par vos aides formation.<\/div><a href='https:\/\/www.formademia.fr\/formulaire\/coaching' class='app-button fit'>V\u00e9rifier votre \u00e9ligibilit\u00e9<\/a><\/div>\n<h1>Les formations disponibles pour devenir agent immobilier<\/h1>\n<h2>Quelles sont les diff\u00e9rentes fili\u00e8res ?<\/h2>\n<p><strong>Il existe plusieurs fili\u00e8res, formations professionnelles mises en place vous permettant d&rsquo;exercer ce m\u00e9tier en agence immobili\u00e8re ou en tant qu&rsquo;ind\u00e9pendant :\u00a0<\/strong><\/p>\n<ul>\n<li><strong>Une formation de n\u00e9gociateur immobilier en ligne : <\/strong>Plusieurs \u00e9coles \u00e0 distances offrent la possibilit\u00e9 de se former dans ce secteur qui recrute. Le CNFDI propose une formation en 241 heures stages compris. D&rsquo;autres \u00e9coles \u00e0 distance comme Enaco proposent \u00e9galement une <a href=\"https:\/\/www.mes-allocs.fr\/guides\/reconversion-professionnelle\/formation-metiers\/formation-agent-immobilier\/\">formation d&rsquo;agent immobilier<\/a>.<\/li>\n<li><strong>\u00c9coles priv\u00e9es qui proposent des formations<\/strong>\u00a0: l\u2019efab (l\u2019Ecole fran\u00e7aise d\u2019administration de biens) \u00e0 Lille, Paris et Lyon\u00a0; l\u2019ESI (l\u2019Ecole Sup\u00e9rieure de l\u2019Immobilier) \u00e0 Courbevoie en r\u00e9gion parisienne ou encore l\u2019Imsi (l\u2019institut du management des services immobiliers) \u00e0 Paris et Lyon\u2026<\/li>\n<li><strong>L\u2019ESPI<\/strong> (Ecole Sup\u00e9rieure des Professions Immobili\u00e8res) il s&rsquo;agit d&rsquo;une \u00e9cole reconnue qui accueille r\u00e9guli\u00e8rement des adultes en formation (en vue de l\u2019obtention d\u2019un titre de niveau bac +3 et plus) pour une reconversion professionnelle. Le recrutement s\u2019effectue sur dossier, tests et entretiens. Vous pouvez postuler dans cette \u00e9cole aussi bien \u00e0 Marseille, Nantes, Bordeaux et Paris.<\/li>\n<li><strong>Des formations sont accessibles \u00e0 bac +2<\/strong>\u00a0 dans le domaine de l\u2019immobilier comme par exemple le BTS professions immobili\u00e8res. Ou encore \u00e0 bac+ 3 dans les domaines commercial, juridique et \u00e9conomique : la Licence professionnelle option \u00ab Carri\u00e8res de l\u2019immobilier \u00bb (\u00e0 Evry), \u00ab Droit de l\u2019immobilier \u00bb (\u00e0 Rouen et Perpignan) ou encore \u00ab Transactions et gestion immobili\u00e8re \u00bb (\u00e0 Bordeaux).<\/li>\n<\/ul>\n<p>Dans le cadre d&rsquo;une reconversion professionnelle, la formation continue est \u00e0 privil\u00e9gier. Vous avez \u00e9galement la possibilit\u00e9 de vous former dans des organismes de formations. Formations plus courtes qu&rsquo;un parcours classique, cela vous permettra d&rsquo;acqu\u00e9rir toutes les bases indispensables pour exercer ce m\u00e9tier et tout connaitre des transactions immobili\u00e8res.<\/p>\n<h2>Quelles sont les qualit\u00e9s n\u00e9cessaires pour travailler dans l&rsquo;immobilier ?<\/h2>\n<p><strong>Vous devez avoir un certain nombre de qualit\u00e9 indispensables :\u00a0<\/strong><\/p>\n<ul>\n<li>\u00catre sociable : vous serez amen\u00e9 \u00e0 \u00eatre sur le terrain et au contact de ses clients et des prospects de mani\u00e8re quotidienne<\/li>\n<li>Aimer le challenge : le secteur de l&rsquo; immobilier est particuli\u00e8rement concurrentiel. Vous devez aimer le challenge, le maitriser et faire preuve de bon sens.<\/li>\n<li>\u00catre rigoureux : avant de vous lancer dans l&rsquo; immobilier, vous devez savoir \u00eatre organis\u00e9 et proposer un accompagnement personnalis\u00e9 \u00e0 votre portefeuille de clients. Un agent, un conseiller immobilier est l&rsquo;interm\u00e9diaire dans une transaction immobili\u00e8re. Vous \u00eates la personne de confiance, les vendeurs et les acqu\u00e9reurs se tourneront vers vous pour des projets immobiliers.<\/li>\n<\/ul>\n<p><iframe loading=\"lazy\" title=\"La reconversion professionnelle\" width=\"500\" height=\"281\" src=\"https:\/\/www.youtube.com\/embed\/EiVUthswxl0?feature=oembed\" frameborder=\"0\" allow=\"accelerometer; autoplay; clipboard-write; encrypted-media; gyroscope; picture-in-picture; web-share\" referrerpolicy=\"strict-origin-when-cross-origin\" allowfullscreen><\/iframe><\/p>\n<h1>Les dispositifs d&rsquo;aide \u00e0 la formation<\/h1>\n<p>De nombreux dispositifs existent aujourd&rsquo;hui, et il est parfois difficile de savoir lequel peut \u00eatre fait pour vous. L\u2019\u00e9quipe Mes Allocs vous conseille et vous accompagne dans la recherche d\u2019un financement :\u00a0<a href=\"https:\/\/www.formademia.fr\/formulaire\/coaching\">prenez rendez-vous<\/a>.<\/p>\n<h2><strong>L\u2019Action de Formation Conventionn\u00e9e (AFC)<\/strong><\/h2>\n<p>Tous les demandeurs d&#8217;emploi peuvent b\u00e9n\u00e9ficier de l&rsquo;action de formation conventionn\u00e9e AFC. Ce dispositif vous permet un retour rapide sur le march\u00e9 du travail. Et cela par l&rsquo;acquisition de comp\u00e9tences de m\u00e9tiers nouveaux (ex: community manager, gestion des r\u00e9seaux sociaux, les dipl\u00f4mes pour la garde d\u2019enfants, l\u2019aide \u00e0 domicile et plus encore !)<\/p>\n<p>Pendant la dur\u00e9e de votre formation conventionn\u00e9e, vous b\u00e9n\u00e9ficiez d\u2019une allocation d\u2019aide au retour \u00e0 l\u2019emploi formation (AREF). Ou bien d\u2019une r\u00e9mun\u00e9ration des formations France Travail (RFFT).<\/p>\n<h2><strong>L\u2019Aide Individuelle \u00e0 la Formation (AIF)<\/strong><\/h2>\n<p>Vous pouvez b\u00e9n\u00e9ficier de l&rsquo;aide individuelle \u00e0 la formation AIF, si vous \u00eates demandeur d&#8217;emploi. Notez que les formations \u00e0 suivre doivent \u00eatre valid\u00e9es par France Travail.<\/p>\n<p>Si vous ne touchez pas de l\u2019allocation de retour \u00e0 l\u2019emploi (ARE). Vous pouvez pr\u00e9tendre \u00e0 une r\u00e9mun\u00e9ration de formation de France Travail (RFFT). Celle-ci peut atteindre 652,02 \u20ac par mois. Si vous b\u00e9n\u00e9ficiez de l\u2019ARE, vous conservez cette indemnit\u00e9 pendant toute la dur\u00e9e de la formation.<\/p>\n<h2>Le Compte personnel de formation (CPF) pour financer votre projet<\/h2>\n<p>Le compte personnel de formation est adress\u00e9 aux salari\u00e9s. Peu r\u00e9pandue, mais tr\u00e8s avantageuse, cette aide est accessible \u00e0 la majorit\u00e9 des salari\u00e9s. Il est financ\u00e9 par la caisse des d\u00e9p\u00f4ts.<\/p>\n<p>En effet, en tant que salari\u00e9, vous cumulez chaque ann\u00e9e des cr\u00e9dits sur ce compte virtuel. Ces cr\u00e9dits peuvent \u00eatre ensuite employ\u00e9s pour financer des formations, dont celle du permis de conduire (prise en charge de l&rsquo;examen pratique et th\u00e9orique).<\/p>\n<div class='cta-block'><div class='text'>Coaching \u00e0 distance pay\u00e9 par vos aides formation.<\/div><a href='https:\/\/www.formademia.fr\/formulaire\/coaching' class='app-button fit'>V\u00e9rifier votre \u00e9ligibilit\u00e9<\/a><\/div>\n<h1>Le bilan de comp\u00e9tences pour vous aider \u00e0 faire le point sur votre carri\u00e8re professionnelle<\/h1>\n<h2>Qu&rsquo;est-ce que le bilan de comp\u00e9tences ?<\/h2>\n<p>Le bilan de comp\u00e9tences est un dispositif qui vous permet de faire un point sur votre carri\u00e8re, mais \u00e9galement de faire une analyse de vos comp\u00e9tences professionnelles, vos aptitudes et vos motivations.<\/p>\n<p>Un bilan de comp\u00e9tences permet de faire le point sur sa carri\u00e8re, vous r\u00e9alisez un bilan pendant votre temps de travail, dans un organisme agr\u00e9\u00e9 de votre choix.<\/p>\n<p>Vous avez \u00e9galement la possibilit\u00e9 de le r\u00e9aliser en dehors de vos heures de travail sans avoir \u00e0 en informer votre employeur. Dans le cas contraire, vous devrez faire une demande de cong\u00e9 de bilan de comp\u00e9tences. Vous devrez alors respecter certaines conditions, \u00e0 savoir :<\/p>\n<ul>\n<li>Pour un salari\u00e9 en CDI : il faut justifier de 5 ann\u00e9es de salariat (cons\u00e9cutives ou non) dont 12 mois au sein de l\u2019entreprise dans laquelle le salari\u00e9 effectue la demande. A noter qu\u2019un d\u00e9lai de franchise de 5 ans doit \u00eatre respect\u00e9 entre deux bilans ;<\/li>\n<\/ul>\n<ul>\n<li>Pour un salari\u00e9 en CDD : il faut justifier de 24 mois de salariat (cons\u00e9cutifs ou non) au cours des 5 derni\u00e8res ann\u00e9es dont 4 mois (cons\u00e9cutifs ou non) au cours des 12 derniers mois.<\/li>\n<\/ul>\n<p>\u00c0 noter : La demande de cong\u00e9 de Bilan doit \u00eatre pr\u00e9sent\u00e9e \u00e0 l\u2019employeur 2 mois avant le d\u00e9but du Bilan. L\u2019employeur dispose ensuite de 30 jours pour r\u00e9pondre, au-del\u00e0, l\u2019absence de r\u00e9ponse vaut pour acceptation.<\/p>\n<h2>Conditions \u00e0 respecter pour b\u00e9n\u00e9ficier du bilan de comp\u00e9tences<\/h2>\n<p><strong>Vous pouvez b\u00e9n\u00e9ficier d&rsquo;un bilan de comp\u00e9tences, si vous \u00eates :<\/strong><\/p>\n<ul>\n<li>salari\u00e9 du secteur priv\u00e9, fonction publique, en contrat \u00e0 dur\u00e9e ind\u00e9termin\u00e9e ou d\u00e9termin\u00e9e ;<\/li>\n<li>demandeur d\u2019emploi : la demande doit \u00eatre faite aupr\u00e8s de France Travail, de l\u2019APEC ou de Cap emploi ;<\/li>\n<li>salari\u00e9 du secteur public (fonctionnaires, agents non titulaires\u2026) : textes sp\u00e9cifiques mais dans des conditions similaires aux salari\u00e9s (cong\u00e9 de 24h, etc.).<\/li>\n<\/ul>\n<h1>Le bilan de comp\u00e9tences en 3 \u00e9tapes<\/h1>\n<div>\n<h2 class=\"fiche-title-1\">Phase pr\u00e9liminaire<\/h2>\n<p>La phase pr\u00e9liminaire a pour objet les actions suivantes\u00a0:<\/p>\n<ul>\n<li>Analyser la demande et le besoin du b\u00e9n\u00e9ficiaire<\/li>\n<li>D\u00e9terminer le format le plus adapt\u00e9 \u00e0 la situation et au besoin<\/li>\n<li>D\u00e9finir conjointement la proc\u00e9dure de d\u00e9roulement du bilan<\/li>\n<\/ul>\n<\/div>\n<div>\n<h2 class=\"fiche-title-1\">Phase d&rsquo;investigation<\/h2>\n<p>La phase d&rsquo;investigation permet au b\u00e9n\u00e9ficiaire soit de construire son projet professionnel et d&rsquo;en v\u00e9rifier la pertinence, soit d&rsquo;\u00e9laborer une ou plusieurs alternatives.<\/p>\n<\/div>\n<div>\n<h2 class=\"fiche-title-1\">Phase de conclusion<\/h2>\n<p>La phase de conclusion permet au b\u00e9n\u00e9ficiaire, au moyen d&rsquo;entretiens personnalis\u00e9s, d\u2019effectuer les actions suivantes :<\/p>\n<ul>\n<li>S&rsquo;approprier les r\u00e9sultats d\u00e9taill\u00e9s de la phase d&rsquo;investigation<\/li>\n<li>Recenser les conditions et moyens favorisant la r\u00e9alisation du ou des projets professionnels<\/li>\n<li>Pr\u00e9voir les principales \u00e9tapes du ou des projets professionnels, dont la possibilit\u00e9 de b\u00e9n\u00e9ficier d&rsquo;un entretien de suivi avec le prestataire de bilan de comp\u00e9tences.<\/li>\n<\/ul>\n<p>\u00c0 la fin du programme, le formateur vous remettra un document de synth\u00e8se r\u00e9sumant votre bilan, vos comp\u00e9tences, ainsi que des pistes pour votre projet de formation.<\/p>\n<\/div>\n<h1>Prix du bilan de comp\u00e9tences<\/h1>\n<h2><strong>Le prix du bilan<\/strong><\/h2>\n<p>Le\u00a0<strong>prix du bilan de comp\u00e9tences<\/strong>\u00a0varie entre 1 500 et 2 000 \u20ac HT. Il existe diff\u00e9rents moyens de\u00a0<strong>financement du Bilan de comp\u00e9tences, comme le CPF par exemple.<\/strong><\/p>\n<p>Depuis le 1er janvier 2017, le Bilan de comp\u00e9tences peut \u00eatre financ\u00e9 par vos heures CPF. Pour monter un dossier de formation, vous devez vous connecter \u00e0 votre compte sur le site moncompteformation.gouv.fr.<\/p>\n<h2>Test d&rsquo;orientation de m\u00e9tier<\/h2>\n<p>Avant de changer de m\u00e9tier, il est indispensable d&rsquo;en avoir les comp\u00e9tences n\u00e9cessaires. Il faut en avoir les qualit\u00e9s, mais \u00e9galement les aptitudes demand\u00e9es. \u00a0Le test orientation professionnelle m\u00e9tier est un questionnaire impos\u00e9 par des professionnels qui permet de d\u00e9terminer comp\u00e9tences pour ce nouveau m\u00e9tier.<\/p>\n<p>L&rsquo;aspect esth\u00e9tique des biens immobiliers vous int\u00e9resse ? D\u00e9couvrez les <a href=\"https:\/\/www.mes-allocs.fr\/guides\/reconversion-professionnelle\/formation-metiers\/formation-decorateur-interieur\/\">formations pour devenir d\u00e9corateur d&rsquo;int\u00e9rieur<\/a> !<\/p>\n<div class='cta-block'><div class='text'>Coaching \u00e0 distance pay\u00e9 par vos aides formation.<\/div><a href='https:\/\/www.formademia.fr\/formulaire\/coaching' class='app-button fit'>V\u00e9rifier votre \u00e9ligibilit\u00e9<\/a><\/div>\n","protected":false},"excerpt":{"rendered":"<p>[Mis \u00e0 jour le 05\/03\/2026] Travailler dans l&rsquo;immobilier n\u00e9cessite d&rsquo;\u00eatre polyvalent. Un certain nombre de formations peuvent vous aider dans votre reconversion professionnelle que ce soit des formations initiales ou bien des formations continues. Mes Allocs vous explique quelle formation en immobilier suivre ! Les formations disponibles pour devenir agent immobilier Quelles sont les diff\u00e9rentes [&hellip;]<\/p>\n","protected":false},"author":10,"featured_media":23264,"comment_status":"open","ping_status":"open","sticky":false,"template":"","format":"standard","meta":{"amp_status":"","footnotes":""},"categories":[5979,5081],"tags":[],"class_list":["post-23260","post","type-post","status-publish","format-standard","has-post-thumbnail","hentry","category-formation-metiers","category-reconversion-professionnelle"],"yoast_head":"<!-- This site is optimized with the Yoast SEO plugin v14.9 - https:\/\/yoast.com\/wordpress\/plugins\/seo\/ -->\n<title>La formation immobilier : m\u00e9tier, \u00e9tudes, salaire | Mes-Allocs.fr<\/title>\n<meta name=\"description\" content=\"Plusieurs parcours de formation s&#039;offrent \u00e0 vous pour vous reconvertir dans le secteur de l&#039;immobilier. Mes Allocs vous explique.\" \/>\n<meta name=\"robots\" content=\"index, follow, max-snippet:-1, max-image-preview:large, max-video-preview:-1\" \/>\n<link rel=\"canonical\" href=\"https:\/\/www.mes-allocs.fr\/guides\/reconversion-professionnelle\/formation-metiers\/formation-immobilier\/\" \/>\n<meta property=\"og:locale\" content=\"fr_FR\" \/>\n<meta property=\"og:type\" content=\"article\" \/>\n<meta property=\"og:title\" content=\"La formation immobilier : m\u00e9tier, \u00e9tudes, salaire | Mes-Allocs.fr\" \/>\n<meta property=\"og:description\" content=\"Plusieurs parcours de formation s&#039;offrent \u00e0 vous pour vous reconvertir dans le secteur de l&#039;immobilier. Mes Allocs vous explique.\" \/>\n<meta property=\"og:url\" content=\"https:\/\/www.mes-allocs.fr\/guides\/reconversion-professionnelle\/formation-metiers\/formation-immobilier\/\" \/>\n<meta property=\"og:site_name\" content=\"Mes-Allocs.fr\" \/>\n<meta property=\"article:published_time\" content=\"2021-03-25T13:53:40+00:00\" \/>\n<meta property=\"article:modified_time\" content=\"2026-03-05T15:32:34+00:00\" \/>\n<meta property=\"og:image\" content=\"https:\/\/www.mes-allocs.fr\/guides\/wp-content\/uploads\/2021\/03\/architecture-3108075_1280.jpg?wsr\" \/>\n\t<meta property=\"og:image:width\" content=\"1280\" \/>\n\t<meta property=\"og:image:height\" content=\"860\" \/>\n<meta name=\"twitter:card\" content=\"summary_large_image\" \/>\n<script type=\"application\/ld+json\" class=\"yoast-schema-graph\">{\"@context\":\"https:\/\/schema.org\",\"@graph\":[{\"@type\":\"WebSite\",\"@id\":\"https:\/\/www.mes-allocs.fr\/guides\/#website\",\"url\":\"https:\/\/www.mes-allocs.fr\/guides\/\",\"name\":\"Mes-Allocs.fr\",\"description\":\"\",\"potentialAction\":[{\"@type\":\"SearchAction\",\"target\":\"https:\/\/www.mes-allocs.fr\/guides\/?s={search_term_string}\",\"query-input\":\"required name=search_term_string\"}],\"inLanguage\":\"fr-FR\"},{\"@type\":\"ImageObject\",\"@id\":\"https:\/\/www.mes-allocs.fr\/guides\/reconversion-professionnelle\/formation-metiers\/formation-immobilier\/#primaryimage\",\"inLanguage\":\"fr-FR\",\"url\":\"https:\/\/www.mes-allocs.fr\/guides\/wp-content\/uploads\/2021\/03\/architecture-3108075_1280.jpg?wsr\",\"width\":1280,\"height\":860,\"caption\":\"formation immobilier\"},{\"@type\":\"WebPage\",\"@id\":\"https:\/\/www.mes-allocs.fr\/guides\/reconversion-professionnelle\/formation-metiers\/formation-immobilier\/#webpage\",\"url\":\"https:\/\/www.mes-allocs.fr\/guides\/reconversion-professionnelle\/formation-metiers\/formation-immobilier\/\",\"name\":\"La formation immobilier : m\\u00e9tier, \\u00e9tudes, salaire | Mes-Allocs.fr\",\"isPartOf\":{\"@id\":\"https:\/\/www.mes-allocs.fr\/guides\/#website\"},\"primaryImageOfPage\":{\"@id\":\"https:\/\/www.mes-allocs.fr\/guides\/reconversion-professionnelle\/formation-metiers\/formation-immobilier\/#primaryimage\"},\"datePublished\":\"2021-03-25T13:53:40+00:00\",\"dateModified\":\"2026-03-05T15:32:34+00:00\",\"author\":{\"@id\":\"https:\/\/www.mes-allocs.fr\/guides\/#\/schema\/person\/8d47b912c0ad15f379df96b4e4e33f58\"},\"description\":\"Plusieurs parcours de formation s'offrent \\u00e0 vous pour vous reconvertir dans le secteur de l'immobilier. Mes Allocs vous explique.\",\"inLanguage\":\"fr-FR\"},{\"@type\":\"Person\",\"@id\":\"https:\/\/www.mes-allocs.fr\/guides\/#\/schema\/person\/8d47b912c0ad15f379df96b4e4e33f58\",\"name\":\"Constance de Cagny\",\"image\":{\"@type\":\"ImageObject\",\"@id\":\"https:\/\/www.mes-allocs.fr\/guides\/#personlogo\",\"inLanguage\":\"fr-FR\",\"url\":\"https:\/\/www.mes-allocs.fr\/guides\/wp-content\/uploads\/2021\/06\/Constance.2e8ee0b.png\",\"caption\":\"Constance de Cagny\"},\"description\":\"Constance est r\\u00e9dactrice au sein de l'\\u00e9quipe Mes Allocs. Elle a l'habitude d'\\u00e9crire sur les sujets conso, bons plans et \\u00e9conomies. Dipl\\u00f4m\\u00e9e de l'ENACO, elle rejoint Mes Allocs apr\\u00e8s une premi\\u00e8re exp\\u00e9rience en cabinet notarial.\",\"sameAs\":[\"https:\/\/www.linkedin.com\/in\/constance-de-cagny-mayeur-bbb414135\"]}]}<\/script>\n<!-- \/ Yoast SEO plugin. -->","amp_validity":null,"acf":{"faq":{"1":{"question":" Quelles sont les formations r\u00e9mun\u00e9r\u00e9es ?","answer":"La cuisine,\r\nLa formation r\u00e9mun\u00e9r\u00e9e de coiffure,\r\nLa formation r\u00e9mun\u00e9r\u00e9e d'esth\u00e9tique,\r\nLa formation r\u00e9mun\u00e9r\u00e9e en informatique,\r\nLa formation r\u00e9mun\u00e9r\u00e9e d'assistance m\u00e9dicale,\r\nLes formations E-learning dipl\u00f4mantes."},"2":{"question":"Comment b\u00e9n\u00e9ficier d'une formation France Travail ?","answer":"Si la formation que vous souhaitez suivre est valid\u00e9e par un conseiller France Travail et est en coh\u00e9rence avec votre Projet Personnalis\u00e9 d'Acc\u00e8s \u00e0 l'Emploi, vous pouvez percevoir l'allocation d'Aide au Retour \u00e0 l'Emploi Formation (AREF) dans la limite de vos droits \u00e0 indemnisation."},"3":{"question":"Comment faire pour devenir agent immobilier ?","answer":"Un agent immobilier est g\u00e9n\u00e9ralement issu d'un BTS Professions Immobili\u00e8res (Bac+2). Des dipl\u00f4mes type commercial comme le BTS N\u00e9gociation et Digitalisation de la Relation Client (NDRC) ou le BTS Management Commercial Op\u00e9rationnel (MCO) permettent \u00e9galement de devenir agent immobilier."},"4":{"question":"Comment devenir agent immobilier sans dipl\u00f4me ?","answer":"Vous pouvez devenir agent immobilier sans dipl\u00f4me. N\u00e9anmoins, vous devrez exercer pendant au moins dix ans en tant que salari\u00e9 aux c\u00f4t\u00e9s d'un sup\u00e9rieur titulaire de la carte Transactionelle."},"5":{"question":" Qu'est-ce qu'un n\u00e9gociateur immobilier ? ","answer":"Le n\u00e9gociateur est une personne qui se trouve charg\u00e9e de discuter les conditions de la conclusion d'une convention."},"6":{"question":" Comment se cumulent les heures CPF ?","answer":"C'est en travaillant que vous cumulez des heures CPF, converties en euros et utilisables pour financer des formations. \u00c0 l'inverse, au ch\u00f4mage, vous ne cumulez plus d'heures mais pouvez toujours utiliser celles acquises auparavant."},"7":{"question":"","answer":""},"8":{"question":"","answer":""},"9":{"question":"","answer":""},"10":{"question":"","answer":""},"11":{"question":"","answer":""},"12":{"question":"","answer":""},"13":{"question":"","answer":""},"14":{"question":"","answer":""},"15":{"question":"","answer":""},"16":{"question":"","answer":""}}},"_links":{"self":[{"href":"https:\/\/www.mes-allocs.fr\/guides\/wp-json\/wp\/v2\/posts\/23260","targetHints":{"allow":["GET"]}}],"collection":[{"href":"https:\/\/www.mes-allocs.fr\/guides\/wp-json\/wp\/v2\/posts"}],"about":[{"href":"https:\/\/www.mes-allocs.fr\/guides\/wp-json\/wp\/v2\/types\/post"}],"author":[{"embeddable":true,"href":"https:\/\/www.mes-allocs.fr\/guides\/wp-json\/wp\/v2\/users\/10"}],"replies":[{"embeddable":true,"href":"https:\/\/www.mes-allocs.fr\/guides\/wp-json\/wp\/v2\/comments?post=23260"}],"version-history":[{"count":18,"href":"https:\/\/www.mes-allocs.fr\/guides\/wp-json\/wp\/v2\/posts\/23260\/revisions"}],"predecessor-version":[{"id":110223,"href":"https:\/\/www.mes-allocs.fr\/guides\/wp-json\/wp\/v2\/posts\/23260\/revisions\/110223"}],"wp:featuredmedia":[{"embeddable":true,"href":"https:\/\/www.mes-allocs.fr\/guides\/wp-json\/wp\/v2\/media\/23264"}],"wp:attachment":[{"href":"https:\/\/www.mes-allocs.fr\/guides\/wp-json\/wp\/v2\/media?parent=23260"}],"wp:term":[{"taxonomy":"category","embeddable":true,"href":"https:\/\/www.mes-allocs.fr\/guides\/wp-json\/wp\/v2\/categories?post=23260"},{"taxonomy":"post_tag","embeddable":true,"href":"https:\/\/www.mes-allocs.fr\/guides\/wp-json\/wp\/v2\/tags?post=23260"}],"curies":[{"name":"wp","href":"https:\/\/api.w.org\/{rel}","templated":true}]}}