{"id":23240,"date":"2021-03-25T13:55:36","date_gmt":"2021-03-25T13:55:36","guid":{"rendered":"https:\/\/www.mes-allocs.fr\/guides\/?p=23240"},"modified":"2026-03-06T15:32:36","modified_gmt":"2026-03-06T14:32:36","slug":"formation-informatique","status":"publish","type":"post","link":"https:\/\/www.mes-allocs.fr\/guides\/reconversion-professionnelle\/formation-metiers\/formation-informatique\/","title":{"rendered":"La formation informatique : m\u00e9tier, salaire, \u00e9volution"},"content":{"rendered":"<p><a href=\"https:\/\/www.mes-allocs.fr\/guides\/wp-content\/uploads\/2021\/03\/computer-768608_1280.jpg\"><img loading=\"lazy\" decoding=\"async\" class=\"aligncenter wp-image-23241 size-full\" title=\"formation informatique\" src=\"https:\/\/www.mes-allocs.fr\/guides\/wp-content\/uploads\/2021\/03\/computer-768608_1280-e1616430680412.jpg\" alt=\"formation informatique\" width=\"1280\" height=\"384\" srcset=\"https:\/\/www.mes-allocs.fr\/guides\/wp-content\/uploads\/2021\/03\/computer-768608_1280-e1616430680412.jpg 1280w, https:\/\/www.mes-allocs.fr\/guides\/wp-content\/uploads\/2021\/03\/computer-768608_1280-e1616430680412-300x90.jpg 300w, https:\/\/www.mes-allocs.fr\/guides\/wp-content\/uploads\/2021\/03\/computer-768608_1280-e1616430680412-1024x307.jpg 1024w, https:\/\/www.mes-allocs.fr\/guides\/wp-content\/uploads\/2021\/03\/computer-768608_1280-e1616430680412-768x230.jpg 768w, https:\/\/www.mes-allocs.fr\/guides\/wp-content\/uploads\/2021\/03\/computer-768608_1280-e1616430680412-600x180.jpg 600w\" sizes=\"auto, (max-width: 1280px) 100vw, 1280px\" \/><\/a><\/p>\n<p>[Mis \u00e0 jour le 06\/03\/2026] Plusieurs parcours de formation vous permettent de vous reconvertir dans l&rsquo;informatique et de vous orienter vers une <a href=\"https:\/\/www.mes-allocs.fr\/guides\/reconversion-professionnelle\/\">reconversion professionnelle<\/a>, que ce soit de niveau BAC \u00e0 BAC +5. Mes Allocs vous explique comment acc\u00e9der \u00e0 une <strong>formation dans l&rsquo;informatique<\/strong>.<\/p>\n<div class='cta-block'><div class='text'>Financez une formation en informatique gr\u00e2ce \u00e0 vos droits formation.<\/div><a href='https:\/\/www.mes-allocs.fr\/ab-app-formation?origin=guides\/wp-json\/wp\/v2\/posts\/23240' class='app-button fit'>V\u00e9rifiez votre \u00e9ligibilit\u00e9<\/a><\/div>\n<h1>Quelles sont les formations possibles en informatique ?<\/h1>\n<p>Si vous souhaitez changer de m\u00e9tier pour ce secteur d&rsquo;activit\u00e9, la formation continue peut \u00eatre r\u00e9alis\u00e9e dans un centre expert. Parmi eux, on retrouve notamment les centres de formation pour adultes tels que l\u2019AFPA, le CNAM ou encore les r\u00e9seaux GRETA.<\/p>\n<p>La dur\u00e9e moyenne de ces formations professionnelles varient g\u00e9n\u00e9ralement de 3 \u00e0 8 mois pendant lesquels les apprentis b\u00e9n\u00e9ficient d\u2019un encadrement et de contenus d\u00e9di\u00e9s. \u00c0 l\u2019issue de la formation, une certification ou un dipl\u00f4me reconnu par l\u2019\u00c9tat sont g\u00e9n\u00e9ralement d\u00e9livr\u00e9s.<\/p>\n<ul class=\"contentul zeta py0p5\">\n<li>Organismes de formation priv\u00e9s ou publics : Global Knowledge, IB Formation, M2I Formation, Orsys, Demos, PLB Consultant, ENI Service, Adiscos, Cegos, Gefi, Afpa ;<\/li>\n<li><span class=\"link-wrapper\">Cursus universitaire (n\u00e9cessite le niveau BAC)<\/span>\u00a0: DUT, BTS, titres professionnels, ou \u00e9tudes plus longues \u00e0 partir de la licence professionnelle suivie d&rsquo;un\u00a0<span class=\"link-wrapper\">master 1 et 2<\/span>\u00a0;<\/li>\n<li>Formation d&rsquo;entreprise : de plus en plus d&rsquo;entreprises de services du\u00a0<span class=\"link-wrapper\">num\u00e9rique<\/span>\u00a0(ESN) forment en interne leurs futures recrues\u00a0et candidats \u00e0 la\u00a0reconversion\u00a0;<\/li>\n<li><span class=\"link-wrapper\">MOOC<\/span>, ou Massive open online course, qui, en fran\u00e7ais se traduit par Formation en ligne ouverte \u00e0 tous de BAC \u00e0 BAC +5.<\/li>\n<\/ul>\n<p><iframe loading=\"lazy\" title=\"La reconversion professionnelle\" width=\"500\" height=\"281\" src=\"https:\/\/www.youtube.com\/embed\/EiVUthswxl0?feature=oembed\" frameborder=\"0\" allow=\"accelerometer; autoplay; clipboard-write; encrypted-media; gyroscope; picture-in-picture; web-share\" referrerpolicy=\"strict-origin-when-cross-origin\" allowfullscreen><\/iframe><\/p>\n<h1>M\u00e9tiers qui recrutent dans l&rsquo;informatique<\/h1>\n<ul>\n<li>Data analyst : Big data<\/li>\n<li>Responsable de cyber-s\u00e9curit\u00e9<\/li>\n<li>Community Manager : gestion des r\u00e9seaux sociaux, site internet<\/li>\n<li>Expert en r\u00e9f\u00e9rencement<\/li>\n<li>D\u00e9veloppeur informatique\/ d\u00e9veloppeur web : d\u00e9couvrez les <a href=\"https:\/\/www.mes-allocs.fr\/guides\/reconversion-professionnelle\/formation-metiers\/formation-developpeur-web\/\">formations de d\u00e9veloppeur web<\/a><\/li>\n<li>Directeur des services de l&rsquo;informatique<\/li>\n<li>Chef de projet de services informatiques<\/li>\n<\/ul>\n<p>\u00c0 noter : une bonne maitrise des outils informatiques est indispensable !<\/p>\n<h1>Comment financer votre formation en informatique ?<\/h1>\n<h2>Le CPF<\/h2>\n<p>Les CPF peuvent vous aider \u00e0 financer votre reconversion professionnelle. Et cela quelle que soit votre situation, vous poss\u00e9der un compte personnel de formation (CPF).<\/p>\n<ul>\n<li>En tant que salari\u00e9, vous contractez 500\u20ac par ann\u00e9e avec un plafond de 5000\u20ac.<\/li>\n<li>Pour les salari\u00e9s de niveau BEP ou CAP, vous acqu\u00e9rez 800\u20ac par ann\u00e9e avec un plafond de 8000\u20ac.<\/li>\n<li>A temps partiel, le compte est aliment\u00e9 en fonction du pourcentage du temps travaill\u00e9 (si vous travaillez \u00e0 30% d\u2019un temps complet, vous recevrez 150\u20ac par ann\u00e9e).<\/li>\n<li>Pour les personnes en situation de handicap, vous contractez 800\u20ac par an avec un plafond de 8000\u20ac.<\/li>\n<\/ul>\n<h2>Le projet de transition professionnelle (PTP)<\/h2>\n<p data-start=\"0\" data-end=\"173\">Le projet de transition professionnelle (PTP) permet \u00e0 un salari\u00e9 de quitter temporairement son poste pour suivre une formation afin de changer de m\u00e9tier ou de profession.<\/p>\n<p data-start=\"175\" data-end=\"327\">Il est accessible sous certaines conditions et n\u00e9cessite une demande aupr\u00e8s de l\u2019employeur. Pendant la formation, le salari\u00e9 continue d\u2019\u00eatre r\u00e9mun\u00e9r\u00e9.<\/p>\n<h2>La VAE<\/h2>\n<div>\n<p>Si vous avez les comp\u00e9tences n\u00e9cessaires pour le m\u00e9tier de l&rsquo; informatique, mais pas le dipl\u00f4me vous pouvez r\u00e9aliser la VAE, Validation des Acquis de l\u2019Exp\u00e9rience. Cela vous permettra de valider les comp\u00e9tences et d\u2019obtenir une certification \u00e0 condition d\u2019avoir une exp\u00e9rience d\u2019au moins un an dans le domaine ou vous souhaitez effectuer une reconversion.<br \/>\nIl faut environ un an pour r\u00e9aliser la d\u00e9marche. Votre entreprise dans laquelle vous travailler peut payer la VAE gr\u00e2ce \u00e0 l\u2019Opco qui la remboursera. Si vous ne travaillez pas pour le moment, vous pouvez utiliser votre CPF.<\/p>\n<h3><span id=\"Plan_de_Developpement_des_Competences_ou_PDC\">Plan de D\u00e9veloppement des Comp\u00e9tences ou PDC<\/span><\/h3>\n<p>Autrefois appel\u00e9 Plan de Formation, ce dispositif est mis en place \u00e0 l\u2019initiative de votre employeur pour vous former. Ou bien pour vous aider \u00e0 acqu\u00e9rir de nouvelles comp\u00e9tences.<\/p>\n<p>Cela peut vous aider de vous d\u00e9velopper au sein de votre entreprise actuelle. Vous garder votre r\u00e9mun\u00e9ration durant la formation. Les frais suppl\u00e9mentaires sont \u00e0 la charge de l\u2019employeur (h\u00e9bergement, d\u00e9placement, repas).<\/p>\n<div class='cta-block'><div class='text'>Financez une formation en informatique gr\u00e2ce \u00e0 vos droits formation.<\/div><a href='https:\/\/www.mes-allocs.fr\/ab-app-formation?origin=guides\/wp-json\/wp\/v2\/posts\/23240' class='app-button fit'>V\u00e9rifiez votre \u00e9ligibilit\u00e9<\/a><\/div>\n<\/div>\n","protected":false},"excerpt":{"rendered":"<p>[Mis \u00e0 jour le 06\/03\/2026] Plusieurs parcours de formation vous permettent de vous reconvertir dans l&rsquo;informatique et de vous orienter vers une reconversion professionnelle, que ce soit de niveau BAC \u00e0 BAC +5. Mes Allocs vous explique comment acc\u00e9der \u00e0 une formation dans l&rsquo;informatique. Quelles sont les formations possibles en informatique ? Si vous souhaitez [&hellip;]<\/p>\n","protected":false},"author":10,"featured_media":23241,"comment_status":"open","ping_status":"open","sticky":false,"template":"","format":"standard","meta":{"amp_status":"","footnotes":""},"categories":[5979,5081],"tags":[],"class_list":["post-23240","post","type-post","status-publish","format-standard","has-post-thumbnail","hentry","category-formation-metiers","category-reconversion-professionnelle"],"yoast_head":"<!-- This site is optimized with the Yoast SEO plugin v14.9 - https:\/\/yoast.com\/wordpress\/plugins\/seo\/ -->\n<title>La formation informatique : m\u00e9tier, salaire, \u00e9volution | Mes-Allocs.fr<\/title>\n<meta name=\"description\" content=\"Plusieurs parcours de formation s&#039;offrent \u00e0 vous pour vous reconvertir dans l&#039;informatique. Mes Allocs vous explique tout ici !\" \/>\n<meta name=\"robots\" content=\"index, follow, max-snippet:-1, max-image-preview:large, max-video-preview:-1\" \/>\n<link rel=\"canonical\" href=\"https:\/\/www.mes-allocs.fr\/guides\/reconversion-professionnelle\/formation-metiers\/formation-informatique\/\" \/>\n<meta property=\"og:locale\" content=\"fr_FR\" \/>\n<meta property=\"og:type\" content=\"article\" \/>\n<meta property=\"og:title\" content=\"La formation informatique : m\u00e9tier, salaire, \u00e9volution | Mes-Allocs.fr\" \/>\n<meta property=\"og:description\" content=\"Plusieurs parcours de formation s&#039;offrent \u00e0 vous pour vous reconvertir dans l&#039;informatique. Mes Allocs vous explique tout ici !\" \/>\n<meta property=\"og:url\" content=\"https:\/\/www.mes-allocs.fr\/guides\/reconversion-professionnelle\/formation-metiers\/formation-informatique\/\" \/>\n<meta property=\"og:site_name\" content=\"Mes-Allocs.fr\" \/>\n<meta property=\"article:published_time\" content=\"2021-03-25T13:55:36+00:00\" \/>\n<meta property=\"article:modified_time\" content=\"2026-03-06T14:32:36+00:00\" \/>\n<meta property=\"og:image\" content=\"https:\/\/www.mes-allocs.fr\/guides\/wp-content\/uploads\/2021\/03\/computer-768608_1280-e1616430680412.jpg?wsr\" \/>\n\t<meta property=\"og:image:width\" content=\"1280\" \/>\n\t<meta property=\"og:image:height\" content=\"384\" \/>\n<meta name=\"twitter:card\" content=\"summary_large_image\" \/>\n<script type=\"application\/ld+json\" class=\"yoast-schema-graph\">{\"@context\":\"https:\/\/schema.org\",\"@graph\":[{\"@type\":\"WebSite\",\"@id\":\"https:\/\/www.mes-allocs.fr\/guides\/#website\",\"url\":\"https:\/\/www.mes-allocs.fr\/guides\/\",\"name\":\"Mes-Allocs.fr\",\"description\":\"\",\"potentialAction\":[{\"@type\":\"SearchAction\",\"target\":\"https:\/\/www.mes-allocs.fr\/guides\/?s={search_term_string}\",\"query-input\":\"required name=search_term_string\"}],\"inLanguage\":\"fr-FR\"},{\"@type\":\"ImageObject\",\"@id\":\"https:\/\/www.mes-allocs.fr\/guides\/reconversion-professionnelle\/formation-metiers\/formation-informatique\/#primaryimage\",\"inLanguage\":\"fr-FR\",\"url\":\"https:\/\/www.mes-allocs.fr\/guides\/wp-content\/uploads\/2021\/03\/computer-768608_1280-e1616430680412.jpg?wsr\",\"width\":1280,\"height\":384,\"caption\":\"etudes informatique\"},{\"@type\":\"WebPage\",\"@id\":\"https:\/\/www.mes-allocs.fr\/guides\/reconversion-professionnelle\/formation-metiers\/formation-informatique\/#webpage\",\"url\":\"https:\/\/www.mes-allocs.fr\/guides\/reconversion-professionnelle\/formation-metiers\/formation-informatique\/\",\"name\":\"La formation informatique : m\\u00e9tier, salaire, \\u00e9volution | Mes-Allocs.fr\",\"isPartOf\":{\"@id\":\"https:\/\/www.mes-allocs.fr\/guides\/#website\"},\"primaryImageOfPage\":{\"@id\":\"https:\/\/www.mes-allocs.fr\/guides\/reconversion-professionnelle\/formation-metiers\/formation-informatique\/#primaryimage\"},\"datePublished\":\"2021-03-25T13:55:36+00:00\",\"dateModified\":\"2026-03-06T14:32:36+00:00\",\"author\":{\"@id\":\"https:\/\/www.mes-allocs.fr\/guides\/#\/schema\/person\/8d47b912c0ad15f379df96b4e4e33f58\"},\"description\":\"Plusieurs parcours de formation s'offrent \\u00e0 vous pour vous reconvertir dans l'informatique. Mes Allocs vous explique tout ici !\",\"inLanguage\":\"fr-FR\"},{\"@type\":\"Person\",\"@id\":\"https:\/\/www.mes-allocs.fr\/guides\/#\/schema\/person\/8d47b912c0ad15f379df96b4e4e33f58\",\"name\":\"Constance de Cagny\",\"image\":{\"@type\":\"ImageObject\",\"@id\":\"https:\/\/www.mes-allocs.fr\/guides\/#personlogo\",\"inLanguage\":\"fr-FR\",\"url\":\"https:\/\/www.mes-allocs.fr\/guides\/wp-content\/uploads\/2021\/06\/Constance.2e8ee0b.png\",\"caption\":\"Constance de Cagny\"},\"description\":\"Constance est r\\u00e9dactrice au sein de l'\\u00e9quipe Mes Allocs. Elle a l'habitude d'\\u00e9crire sur les sujets conso, bons plans et \\u00e9conomies. Dipl\\u00f4m\\u00e9e de l'ENACO, elle rejoint Mes Allocs apr\\u00e8s une premi\\u00e8re exp\\u00e9rience en cabinet notarial.\",\"sameAs\":[\"https:\/\/www.linkedin.com\/in\/constance-de-cagny-mayeur-bbb414135\"]}]}<\/script>\n<!-- \/ Yoast SEO plugin. -->","amp_validity":null,"acf":{"faq":{"1":{"question":"Comment se cumulent les heures CPF ?","answer":"C'est en travaillant que vous cumulez des heures CPF, converties en euros et utilisables pour financer des formations. \u00c0 l'inverse, au ch\u00f4mage, vous ne cumulez plus d'heures mais pouvez toujours utiliser celles acquises auparavant."},"2":{"question":"Quel BTS pour devenir d\u00e9veloppeur ?","answer":"BTS SIO vous permet bien \u00e9videmment devenir d\u00e9veloppeur et programmateur de logiciels et d'applications, mais vous pourrez \u00e9galement devenir analyste, charg\u00e9 d'\u00e9tudes ou encore technicien de maintenance informatique."},"3":{"question":"Comment fonctionne le CPF ?","answer":"Que ce soit \u00e0 titre individuel ou avec l'accord de son employeur, un salari\u00e9 peut b\u00e9n\u00e9ficier de son compte de formation de fa\u00e7on autonome."},"4":{"question":"Comment s'inscrire comme demandeur d'emploi ?","answer":"Sur la page d'accueil cliquez sur le lien \u00ab m'inscrire\/me r\u00e9inscrire \u00bb dans la rubrique \"Candidat\". En compl\u00e9tant le formulaire en ligne, votre espace personnel sera automatiquement cr\u00e9\u00e9 et vous permettra d'acc\u00e9der \u00e0 un ensemble de services et d'informations personnalis\u00e9es accessibles 24H\/24."},"5":{"question":"Quel est le montant minimum de l'ARE ?","answer":"L'allocation est au minimum de 32,13 \u20ac par jour apr\u00e8s un emploi \u00e0 temps plein. Elle est au maximum de 289,64 \u20ac brut par jour. "},"6":{"question":"Quelle est la dur\u00e9e de l'indemnisation ch\u00f4mage ?","answer":"La dur\u00e9e de vos allocations ne peut pas d\u00e9passer : 548 jours (18 mois) si vous avez moins de 55 ans \u00e0 la date de fin de votre contrat de travail ; 685 jours (22,5 mois) pour les 55-56 ans ; 822 jours (27 mois) pour les 57 ans et plus."},"7":{"question":"","answer":""},"8":{"question":"","answer":""},"9":{"question":"","answer":""},"10":{"question":"","answer":""},"11":{"question":"","answer":""},"12":{"question":"","answer":""},"13":{"question":"","answer":""},"14":{"question":"","answer":""},"15":{"question":"","answer":""},"16":{"question":"","answer":""}}},"_links":{"self":[{"href":"https:\/\/www.mes-allocs.fr\/guides\/wp-json\/wp\/v2\/posts\/23240","targetHints":{"allow":["GET"]}}],"collection":[{"href":"https:\/\/www.mes-allocs.fr\/guides\/wp-json\/wp\/v2\/posts"}],"about":[{"href":"https:\/\/www.mes-allocs.fr\/guides\/wp-json\/wp\/v2\/types\/post"}],"author":[{"embeddable":true,"href":"https:\/\/www.mes-allocs.fr\/guides\/wp-json\/wp\/v2\/users\/10"}],"replies":[{"embeddable":true,"href":"https:\/\/www.mes-allocs.fr\/guides\/wp-json\/wp\/v2\/comments?post=23240"}],"version-history":[{"count":14,"href":"https:\/\/www.mes-allocs.fr\/guides\/wp-json\/wp\/v2\/posts\/23240\/revisions"}],"predecessor-version":[{"id":110261,"href":"https:\/\/www.mes-allocs.fr\/guides\/wp-json\/wp\/v2\/posts\/23240\/revisions\/110261"}],"wp:featuredmedia":[{"embeddable":true,"href":"https:\/\/www.mes-allocs.fr\/guides\/wp-json\/wp\/v2\/media\/23241"}],"wp:attachment":[{"href":"https:\/\/www.mes-allocs.fr\/guides\/wp-json\/wp\/v2\/media?parent=23240"}],"wp:term":[{"taxonomy":"category","embeddable":true,"href":"https:\/\/www.mes-allocs.fr\/guides\/wp-json\/wp\/v2\/categories?post=23240"},{"taxonomy":"post_tag","embeddable":true,"href":"https:\/\/www.mes-allocs.fr\/guides\/wp-json\/wp\/v2\/tags?post=23240"}],"curies":[{"name":"wp","href":"https:\/\/api.w.org\/{rel}","templated":true}]}}