{"id":22555,"date":"2021-03-19T10:27:37","date_gmt":"2021-03-19T10:27:37","guid":{"rendered":"https:\/\/www.mes-allocs.fr\/guides\/?p=22555"},"modified":"2026-01-12T17:49:01","modified_gmt":"2026-01-12T16:49:01","slug":"montant-apl-etudiant","status":"publish","type":"post","link":"https:\/\/www.mes-allocs.fr\/guides\/aide-logement\/apl\/apl-etudiant\/montant-apl-etudiant\/","title":{"rendered":"Quel est le montant de l&rsquo;APL \u00e9tudiant en 2026 ?"},"content":{"rendered":"<p><a href=\"https:\/\/www.mes-allocs.fr\/guides\/wp-content\/uploads\/2021\/03\/pexels-buro-millennial-1438084.jpg\"><img loading=\"lazy\" decoding=\"async\" class=\"aligncenter wp-image-22577 size-full\" src=\"https:\/\/www.mes-allocs.fr\/guides\/wp-content\/uploads\/2021\/03\/pexels-buro-millennial-1438084-e1615975368359.jpg\" alt=\"montant apl \u00e9tudiant\" width=\"1280\" height=\"400\" srcset=\"https:\/\/www.mes-allocs.fr\/guides\/wp-content\/uploads\/2021\/03\/pexels-buro-millennial-1438084-e1615975368359.jpg 1280w, https:\/\/www.mes-allocs.fr\/guides\/wp-content\/uploads\/2021\/03\/pexels-buro-millennial-1438084-e1615975368359-300x94.jpg 300w, https:\/\/www.mes-allocs.fr\/guides\/wp-content\/uploads\/2021\/03\/pexels-buro-millennial-1438084-e1615975368359-1024x320.jpg 1024w, https:\/\/www.mes-allocs.fr\/guides\/wp-content\/uploads\/2021\/03\/pexels-buro-millennial-1438084-e1615975368359-768x240.jpg 768w, https:\/\/www.mes-allocs.fr\/guides\/wp-content\/uploads\/2021\/03\/pexels-buro-millennial-1438084-e1615975368359-600x188.jpg 600w\" sizes=\"auto, (max-width: 1280px) 100vw, 1280px\" \/><\/a>[Mis \u00e0 jour le 12\/01\/2026] L&rsquo;APL, ou aide personnalis\u00e9e au logement est une <a href=\"https:\/\/www.mes-allocs.fr\/guides\/aide-logement\">aide au logement<\/a> dont peuvent b\u00e9n\u00e9ficier les \u00e9tudiants pour les aider \u00e0 r\u00e9duire le montant de leur loyer. Accessible sous conditions, Mes Allocs vous explique tout en d\u00e9tail sur le montant de l&rsquo;APL en 2026.<\/p>\n<hr \/>\n<h2>Montant APL \u00e9tudiant 2026<\/h2>\n<p style=\"text-align: justify;\"><span class=\"amp-wp-fe3f5cc\" data-amp-original-style=\"font-weight: 400;\">Le montant de votre <a href=\"https:\/\/www.mes-allocs.fr\/guides\/aide-logement\/apl\">APL<\/a> \u00c9tudiant sera d\u00e9fini en fonction de votre logement et de vos revenus. Vos droits pourront diff\u00e9rer du montant indiqu\u00e9 lors de votre estimation. Il est tenu compte du patrimoine immobilier et de l\u2019\u00e9pargne d\u00e9tenus par les habitants du logement, si ce patrimoine d\u00e9passe 30.000 euros.<\/span><a href=\"https:\/\/www.mes-allocs.fr\/guides\/wp-content\/uploads\/2021\/03\/pexels-buro-millennial-1438081-2.jpg\"><img loading=\"lazy\" decoding=\"async\" class=\"alignright wp-image-22580 size-medium\" src=\"https:\/\/www.mes-allocs.fr\/guides\/wp-content\/uploads\/2021\/03\/pexels-buro-millennial-1438081-2-300x200.jpg\" alt=\"montant apl \u00e9tudiant\" width=\"300\" height=\"200\" srcset=\"https:\/\/www.mes-allocs.fr\/guides\/wp-content\/uploads\/2021\/03\/pexels-buro-millennial-1438081-2-300x200.jpg 300w, https:\/\/www.mes-allocs.fr\/guides\/wp-content\/uploads\/2021\/03\/pexels-buro-millennial-1438081-2-1024x683.jpg 1024w, https:\/\/www.mes-allocs.fr\/guides\/wp-content\/uploads\/2021\/03\/pexels-buro-millennial-1438081-2-768x512.jpg 768w, https:\/\/www.mes-allocs.fr\/guides\/wp-content\/uploads\/2021\/03\/pexels-buro-millennial-1438081-2-600x400.jpg 600w, https:\/\/www.mes-allocs.fr\/guides\/wp-content\/uploads\/2021\/03\/pexels-buro-millennial-1438081-2.jpg 1280w\" sizes=\"auto, (max-width: 300px) 100vw, 300px\" \/><\/a><\/p>\n<p><span class=\"amp-wp-fe3f5cc\" data-amp-original-style=\"font-weight: 400;\">Elle est vers\u00e9e le 5 de chaque mois. Le\u00a0propri\u00e9taire\u00a0peut choisir sur le bail de location que l\u2019APL lui soit vers\u00e9e directement. L\u2019\u00e9tudiant doit alors verser au propri\u00e9taire du logement ce qui reste \u00e0 sa charge, c\u2019est-\u00e0-dire le montant du loyer total diminu\u00e9 de l\u2019APL.<\/span><\/p>\n<div class='cta-block'><div class='text'>Simulez toutes vos Aides Sociales en 2 min. Gratuit.<\/div><a href='https:\/\/www.mes-allocs.fr\/ab-app?origin=guides\/wp-json\/wp\/v2\/posts\/22555' class='app-button fit'>Simulation gratuite<\/a><\/div>\n<p><iframe loading=\"lazy\" title=\"L&#039;APL\" width=\"500\" height=\"281\" src=\"https:\/\/www.youtube.com\/embed\/dfDRI2qg_z4?feature=oembed\" frameborder=\"0\" allow=\"accelerometer; autoplay; clipboard-write; encrypted-media; gyroscope; picture-in-picture; web-share\" referrerpolicy=\"strict-origin-when-cross-origin\" allowfullscreen><\/iframe><\/p>\n<h1>Qu&rsquo;est-ce que l&rsquo;APL \u00e9tudiant ?<\/h1>\n<p style=\"text-align: justify;\"><span class=\"amp-wp-fe3f5cc\" data-amp-original-style=\"font-weight: 400;\">L\u2019acronyme APL signifie Aide au Logement Personnalis\u00e9e. Cette allocation est vers\u00e9e aux \u00e9tudiants locataires de leur logement, qu\u2019il s\u2019agisse d\u2019une location aupr\u00e8s d\u2019un bailleur ou dans une r\u00e9sidence \u00e9tudiante. L\u2019APL \u00c9tudiant se veut proche de l\u2019aide personnalis\u00e9e au logement APL classique.\u00a0<\/span><\/p>\n<p style=\"text-align: justify;\">Depuis l&rsquo;entr\u00e9e en vigueur de la r\u00e9forme APL, le mode de calcul a \u00e9t\u00e9 modifi\u00e9. Ce ne sont plus vos revenus ann\u00e9e N-2 qui entrent dans le calcul, mais vos revenus des 12 derniers mois glissants. Cette r\u00e9forme a pu voir le jour gr\u00e2ce au pr\u00e9l\u00e8vement \u00e0 la source, permettant ainsi un calcul en temps r\u00e9el.<\/p>\n<h2>Qui peut y pr\u00e9tendre ?<\/h2>\n<p>Pour b\u00e9n\u00e9ficier de l&rsquo;aide personnalis\u00e9e au logement \u00e9tudiant, vous devez \u00eatre :<\/p>\n<ul>\n<li>\u00c9tudiant<\/li>\n<li>\u00c9tudiant salari\u00e9<\/li>\n<li>Jeunes actifs<\/li>\n<li>En contrat d&rsquo;apprentissage ou en alternance<\/li>\n<\/ul>\n<p>Notez que si vous \u00eates mineur, vous pouvez faire une demande d&rsquo;APL, en revanche, le bail de location de votre logement devra \u00eatre cosign\u00e9 par vos parents.<\/p>\n<h2>Quelles sont les conditions \u00e0 respecter pour en b\u00e9n\u00e9ficier ?<\/h2>\n<p><strong>Pour pr\u00e9tendre \u00e0 cette aide financi\u00e8re, vous devez respecter les conditions suivantes, \u00e0 savoir :\u00a0<\/strong><\/p>\n<ul>\n<li class=\"amp-wp-fe3f5cc\" data-amp-original-style=\"font-weight: 400;\"><span class=\"amp-wp-fe3f5cc\" data-amp-original-style=\"font-weight: 400;\">\u00catre de nationalit\u00e9 fran\u00e7aise ou \u00e9tranger en situation r\u00e9guli\u00e8re ;<\/span><\/li>\n<li class=\"amp-wp-fe3f5cc\" data-amp-original-style=\"font-weight: 400;\"><span class=\"amp-wp-fe3f5cc\" data-amp-original-style=\"font-weight: 400;\">Mais aussi \u00eatre locataire, ou colocataire. \u00c0 noter que le propri\u00e9taire du logement ne doit pas \u00eatre un membre de votre famille et que la location doit \u00eatre et situ\u00e9e en France et doit \u00eatre la r\u00e9sidence principale du demandeur\u00a0<\/span><\/li>\n<li class=\"amp-wp-fe3f5cc\" data-amp-original-style=\"font-weight: 400;\"><span class=\"amp-wp-fe3f5cc\" data-amp-original-style=\"font-weight: 400;\">Ou \u00eatre sous-locataire et dans ce cas, soit avoir moins de trente ans et\/ou \u00eatre en situation de handicap et h\u00e9berg\u00e9 par un accueillant familial\u00a0<\/span><\/li>\n<li class=\"amp-wp-fe3f5cc\" data-amp-original-style=\"font-weight: 400;\"><span class=\"amp-wp-fe3f5cc\" data-amp-original-style=\"font-weight: 400;\">Ne pas \u00eatre log\u00e9 gratuitement\u00a0<\/span><\/li>\n<li class=\"amp-wp-fe3f5cc\" data-amp-original-style=\"font-weight: 400;\"><span class=\"amp-wp-fe3f5cc\" data-amp-original-style=\"font-weight: 400;\">Ne pas \u00eatre b\u00e9n\u00e9ficiaire de l\u2019allocation de logement sociale (ALS) ou l\u2019allocation de logement familiale (ALF), car ces aides ne se cumulent pas entre elles\u00a0<\/span><\/li>\n<li class=\"amp-wp-fe3f5cc\" data-amp-original-style=\"font-weight: 400;\"><span class=\"amp-wp-fe3f5cc\" data-amp-original-style=\"font-weight: 400;\">Avoir des ressources inf\u00e9rieures aux plafonds. Ces plafonds ne sont pas les m\u00eames pour tous et sont d\u00e9termin\u00e9s par l\u2019arr\u00eat\u00e9 du 3 juillet 1978.<\/span><\/li>\n<\/ul>\n\n<div class=\"wpdt-c row wpDataTableContainerSimpleTable wpDataTables wpDataTablesWrapper\n\"\n    >\n    <table id=\"wpdtSimpleTable-145\"\n           class=\"wpdtSimpleTable wpDataTable\"\n           data-column=\"2\"\n           data-rows=\"10\"\n           data-wpID=\"145\"\n           data-responsive=\"0\"\n           data-has-header=\"1\">\n\n                    <thead>        <tr class=\"wpdt-cell-row \" >\n                            <th class=\"wpdt-cell wpdt-bold wpdt-bc-F3F9FE\"\n                                    data-cell-id=\"A1\"\n                data-col-index=\"0\"\n                data-row-index=\"0\"\n                style=\" width:26.151930261519%;                padding:10px;\"\n                >\n                                Composition du foyer                <\/th>\n                                            <th class=\"wpdt-cell wpdt-bold wpdt-bc-F3F9FE\"\n                                    data-cell-id=\"B1\"\n                data-col-index=\"1\"\n                data-row-index=\"0\"\n                style=\" width:73.848069738481%;                padding:10px;\"\n                >\n                                Plafonds de ressources (en \u20ac) \u00e0 ne pas d\u00e9passer pour toucher le montant maximal d'APL en 2026                <\/th>\n                                        <\/tr>\n                    <tbody>        <tr class=\"wpdt-cell-row \" >\n                            <td class=\"wpdt-cell wpdt-bold wpdt-bc-F3F9FE\"\n                                    data-cell-id=\"A2\"\n                data-col-index=\"0\"\n                data-row-index=\"1\"\n                style=\"                padding:10px;\"\n                >\n                                Personne seule                <\/td>\n                                            <td class=\"wpdt-cell wpdt-bc-FFFFFF\"\n                                    data-cell-id=\"B2\"\n                data-col-index=\"1\"\n                data-row-index=\"1\"\n                style=\"                padding:10px;\"\n                >\n                                5 235                <\/td>\n                                        <\/tr>\n                            <tr class=\"wpdt-cell-row \" >\n                            <td class=\"wpdt-cell wpdt-bold wpdt-bc-F3F9FE\"\n                                    data-cell-id=\"A3\"\n                data-col-index=\"0\"\n                data-row-index=\"2\"\n                style=\"                padding:10px;\"\n                >\n                                Couple sans personne \u00e0 charge                <\/td>\n                                            <td class=\"wpdt-cell wpdt-bc-FFFFFF\"\n                                    data-cell-id=\"B3\"\n                data-col-index=\"1\"\n                data-row-index=\"2\"\n                style=\"                padding:10px;\"\n                >\n                                7 501                <\/td>\n                                        <\/tr>\n                            <tr class=\"wpdt-cell-row \" >\n                            <td class=\"wpdt-cell wpdt-bold wpdt-bc-F3F9FE\"\n                                    data-cell-id=\"A4\"\n                data-col-index=\"0\"\n                data-row-index=\"3\"\n                style=\"                padding:10px;\"\n                >\n                                Personne seule ou couple avec une personne \u00e0 charge                <\/td>\n                                            <td class=\"wpdt-cell wpdt-bc-FFFFFF\"\n                                    data-cell-id=\"B4\"\n                data-col-index=\"1\"\n                data-row-index=\"3\"\n                style=\"                padding:10px;\"\n                >\n                                8 947                <\/td>\n                                        <\/tr>\n                            <tr class=\"wpdt-cell-row \" >\n                            <td class=\"wpdt-cell wpdt-bold wpdt-bc-F3F9FE\"\n                                    data-cell-id=\"A5\"\n                data-col-index=\"0\"\n                data-row-index=\"4\"\n                style=\"                padding:10px;\"\n                >\n                                Personne seule ou couple ayant 2 personnes \u00e0 charge                <\/td>\n                                            <td class=\"wpdt-cell wpdt-bc-FFFFFF\"\n                                    data-cell-id=\"B5\"\n                data-col-index=\"1\"\n                data-row-index=\"4\"\n                style=\"                padding:10px;\"\n                >\n                                9 148                <\/td>\n                                        <\/tr>\n                            <tr class=\"wpdt-cell-row \" >\n                            <td class=\"wpdt-cell wpdt-bold wpdt-bc-F3F9FE\"\n                                    data-cell-id=\"A6\"\n                data-col-index=\"0\"\n                data-row-index=\"5\"\n                style=\"                padding:10px;\"\n                >\n                                Personne seule ou couple ayant 3 personnes \u00e0 charge                <\/td>\n                                            <td class=\"wpdt-cell wpdt-bc-FFFFFF\"\n                                    data-cell-id=\"B6\"\n                data-col-index=\"1\"\n                data-row-index=\"5\"\n                style=\"                padding:10px;\"\n                >\n                                9 498                <\/td>\n                                        <\/tr>\n                            <tr class=\"wpdt-cell-row \" >\n                            <td class=\"wpdt-cell wpdt-bold wpdt-bc-F3F9FE\"\n                                    data-cell-id=\"A7\"\n                data-col-index=\"0\"\n                data-row-index=\"6\"\n                style=\"                padding:10px;\"\n                >\n                                Personne seule ou couple ayant 4 personnes \u00e0 charge                <\/td>\n                                            <td class=\"wpdt-cell wpdt-bc-FFFFFF\"\n                                    data-cell-id=\"B7\"\n                data-col-index=\"1\"\n                data-row-index=\"6\"\n                style=\"                padding:10px;\"\n                >\n                                9 851                <\/td>\n                                        <\/tr>\n                            <tr class=\"wpdt-cell-row \" >\n                            <td class=\"wpdt-cell wpdt-bold wpdt-bc-F3F9FE\"\n                                    data-cell-id=\"A8\"\n                data-col-index=\"0\"\n                data-row-index=\"7\"\n                style=\"                padding:10px;\"\n                >\n                                Personne seule ou couple ayant 5 personnes \u00e0 charge                <\/td>\n                                            <td class=\"wpdt-cell wpdt-bc-FFFFFF\"\n                                    data-cell-id=\"B8\"\n                data-col-index=\"1\"\n                data-row-index=\"7\"\n                style=\"                padding:10px;\"\n                >\n                                10 202                <\/td>\n                                        <\/tr>\n                            <tr class=\"wpdt-cell-row \" >\n                            <td class=\"wpdt-cell wpdt-bold wpdt-bc-F3F9FE\"\n                                    data-cell-id=\"A9\"\n                data-col-index=\"0\"\n                data-row-index=\"8\"\n                style=\"                padding:10px;\"\n                >\n                                Personne seule ou couple ayant 6 personnes \u00e0 charge                <\/td>\n                                            <td class=\"wpdt-cell wpdt-bc-FFFFFF\"\n                                    data-cell-id=\"B9\"\n                data-col-index=\"1\"\n                data-row-index=\"8\"\n                style=\"                padding:10px;\"\n                >\n                                10 554                <\/td>\n                                        <\/tr>\n                            <tr class=\"wpdt-cell-row \" >\n                            <td class=\"wpdt-cell wpdt-bold wpdt-bc-F3F9FE\"\n                                    data-cell-id=\"A10\"\n                data-col-index=\"0\"\n                data-row-index=\"9\"\n                style=\"                padding:10px;\"\n                >\n                                Par personne \u00e0 charge suppl\u00e9mentaire                <\/td>\n                                            <td class=\"wpdt-cell wpdt-bc-FFFFFF\"\n                                    data-cell-id=\"B10\"\n                data-col-index=\"1\"\n                data-row-index=\"9\"\n                style=\"                padding:10px;\"\n                >\n                                + 346                <\/td>\n                                        <\/tr>\n                    <\/table>\n<\/div><style id='wpdt-custom-style-145'>\ntable#wpdtSimpleTable-145{ table-layout: fixed !important; }\n.wpdt-bc-F3F9FE { background-color: #F3F9FE !important;}\n.wpdt-bc-FFFFFF { background-color: #FFFFFF !important;}\n<\/style>\n\n<p><span class=\"amp-wp-fe3f5cc\" data-amp-original-style=\"font-weight: 400;\">Le logement doit r\u00e9pondre \u00e0 des crit\u00e8res de d\u00e9cence d\u00e9finis par le d\u00e9cret 2002-120 du 30\/01\/2002. Le logement doit \u00e9galement mesurer au minimum 9 m2 pour une personne seule et 18 m2 pour un couple. Enfin, il doit \u00eatre occup\u00e9 au moins huit mois par an.<\/span><\/p>\n<h2>Crit\u00e8res pris en compte pour calculer l&rsquo;APL<\/h2>\n<p><span class=\"amp-wp-fe3f5cc\" data-amp-original-style=\"font-weight: 400;\">Les conditions d\u2019attribution des aides au logement pour les \u00e9tudiants se basent principalement sur les crit\u00e8res suivants :\u00a0<\/span><\/p>\n<ul>\n<li class=\"amp-wp-fe3f5cc\" data-amp-original-style=\"font-weight: 400;\"><span class=\"amp-wp-fe3f5cc\" data-amp-original-style=\"font-weight: 400;\">Le niveau de ressources\u00a0<\/span><\/li>\n<li class=\"amp-wp-fe3f5cc\" data-amp-original-style=\"font-weight: 400;\"><span class=\"amp-wp-fe3f5cc\" data-amp-original-style=\"font-weight: 400;\">La composition du foyer\u00a0<\/span><\/li>\n<li class=\"amp-wp-fe3f5cc\" data-amp-original-style=\"font-weight: 400;\"><span class=\"amp-wp-fe3f5cc\" data-amp-original-style=\"font-weight: 400;\">Le montant du loyer\u00a0<\/span><\/li>\n<li class=\"amp-wp-fe3f5cc\" data-amp-original-style=\"font-weight: 400;\"><span class=\"amp-wp-fe3f5cc\" data-amp-original-style=\"font-weight: 400;\">La localisation du logement \u00e9tudiant.\u00a0<\/span><\/li>\n<\/ul>\n<p><span class=\"amp-wp-fe3f5cc\" data-amp-original-style=\"font-weight: 400;\">Il n\u2019existe pas de restrictions et tous les \u00e9tudiants ont ainsi le droit de formuler une demande d\u2019APL en leur nom aupr\u00e8s de la CAF dont ils d\u00e9pendent. Il faut seulement qu\u2019ils respectent les conditions de ressources impos\u00e9es par cette derni\u00e8re.\u00a0<\/span><\/p>\n<p><span class=\"amp-wp-fe3f5cc\" data-amp-original-style=\"font-weight: 400;\">De plus, l\u2019appellation de l\u2019APL \u00c9tudiant ne sera pas la m\u00eame selon le type de location et la situation personnelle de chacun. Il existe ainsi trois appellations distinctes :<\/span><\/p>\n<ul>\n<li class=\"amp-wp-fe3f5cc\" data-amp-original-style=\"font-weight: 400;\"><span class=\"amp-wp-fe3f5cc\" data-amp-original-style=\"font-weight: 400;\">L\u2019APL, pour un \u00e9tudiant louant un logement conventionn\u00e9 par l\u2019Etat, comme un logement \u00e0 caract\u00e8re social ;<\/span><\/li>\n<li class=\"amp-wp-fe3f5cc\" data-amp-original-style=\"font-weight: 400;\"><span class=\"amp-wp-fe3f5cc\" data-amp-original-style=\"font-weight: 400;\">L\u2019<a href=\"https:\/\/www.mes-allocs.fr\/guides\/aide-logement\/alf\">ALF<\/a>, pour un \u00e9tudiant avec une personne \u00e0 charge louant tout autre type de logement ;<\/span><\/li>\n<li class=\"amp-wp-fe3f5cc\" data-amp-original-style=\"font-weight: 400;\"><span class=\"amp-wp-fe3f5cc\" data-amp-original-style=\"font-weight: 400;\">L\u2019<a href=\"https:\/\/www.mes-allocs.fr\/guides\/aide-logement\/als\">ALS<\/a>, pour un \u00e9tudiant sans personne \u00e0 charge louant tout autre type de logement.<\/span><\/li>\n<\/ul>\n<p><span class=\"amp-wp-fe3f5cc\" data-amp-original-style=\"font-weight: 400;\">N\u00e9anmoins, la d\u00e9marche demeure la m\u00eame.<\/span><\/p>\n<p><span class=\"amp-wp-fe3f5cc\" data-amp-original-style=\"font-weight: 400;\">\u00c0 savoir que si vous n\u2019\u00eates pas \u00e9tudiant, mais en contrat d\u2019apprentissage, vous pouvez obtenir une aide au logement suppl\u00e9mentaire jusqu\u2019\u00e0 l\u2019\u00e2ge de 30 ans.<\/span><\/p>\n<h2><span id=\"Comment_calculer_lAPL_etudiant\">Comment calculer l\u2019APL \u00e9tudiant ?<\/span><\/h2>\n<p>Pour calculer l\u2019APL \u00e9tudiant, la CAF ainsi que la MSA utilisent la m\u00e9thode suivante :<\/p>\n<p><span class=\"amp-wp-fe3f5cc\" data-amp-original-style=\"font-weight: 400;\">Le calcul se formule de la mani\u00e8re suivante :\u00a0<\/span><b>APL = L+C-PP<\/b><span class=\"amp-wp-fe3f5cc\" data-amp-original-style=\"font-weight: 400;\">.<\/span><a href=\"https:\/\/www.mes-allocs.fr\/guides\/wp-content\/uploads\/2021\/03\/pexels-andrew-neel-3954635-1.jpg\"><img loading=\"lazy\" decoding=\"async\" class=\"alignright wp-image-22581 size-medium\" src=\"https:\/\/www.mes-allocs.fr\/guides\/wp-content\/uploads\/2021\/03\/pexels-andrew-neel-3954635-1-300x200.jpg\" alt=\"montant apl \u00e9tudiant\" width=\"300\" height=\"200\" srcset=\"https:\/\/www.mes-allocs.fr\/guides\/wp-content\/uploads\/2021\/03\/pexels-andrew-neel-3954635-1-300x200.jpg 300w, https:\/\/www.mes-allocs.fr\/guides\/wp-content\/uploads\/2021\/03\/pexels-andrew-neel-3954635-1-1024x682.jpg 1024w, https:\/\/www.mes-allocs.fr\/guides\/wp-content\/uploads\/2021\/03\/pexels-andrew-neel-3954635-1-768x512.jpg 768w, https:\/\/www.mes-allocs.fr\/guides\/wp-content\/uploads\/2021\/03\/pexels-andrew-neel-3954635-1-600x400.jpg 600w, https:\/\/www.mes-allocs.fr\/guides\/wp-content\/uploads\/2021\/03\/pexels-andrew-neel-3954635-1.jpg 1280w\" sizes=\"auto, (max-width: 300px) 100vw, 300px\" \/><\/a><\/p>\n<ul>\n<li class=\"amp-wp-fe3f5cc\" data-amp-original-style=\"font-weight: 400;\"><span class=\"amp-wp-fe3f5cc\" data-amp-original-style=\"font-weight: 400;\">L = loyer principal mensuel ;<\/span><\/li>\n<li class=\"amp-wp-fe3f5cc\" data-amp-original-style=\"font-weight: 400;\"><span class=\"amp-wp-fe3f5cc\" data-amp-original-style=\"font-weight: 400;\">C = le montant forfaitaire des charges ;<\/span><\/li>\n<li class=\"amp-wp-fe3f5cc\" data-amp-original-style=\"font-weight: 400;\"><span class=\"amp-wp-fe3f5cc\" data-amp-original-style=\"font-weight: 400;\">PP = la participation personnelle des membres du foyer \u00e0 la d\u00e9pense du logement.<\/span><\/li>\n<\/ul>\n<p><span class=\"amp-wp-fe3f5cc\" data-amp-original-style=\"font-weight: 400;\">La participation personnelle est elle-m\u00eame calculable comme suit :\u00a0<\/span><b>PP = P0 + TP x RP<\/b><span class=\"amp-wp-fe3f5cc\" data-amp-original-style=\"font-weight: 400;\">.\u00a0<\/span><\/p>\n<p><strong><span class=\"amp-wp-fe3f5cc\" data-amp-original-style=\"font-weight: 400;\">\u00c0 savoir que :<\/span><\/strong><\/p>\n<ul>\n<li class=\"amp-wp-fe3f5cc\" data-amp-original-style=\"font-weight: 400;\"><span class=\"amp-wp-fe3f5cc\" data-amp-original-style=\"font-weight: 400;\">P0 = la participation minimale du locataire (35.02) ;<\/span><\/li>\n<li class=\"amp-wp-fe3f5cc\" data-amp-original-style=\"font-weight: 400;\"><span class=\"amp-wp-fe3f5cc\" data-amp-original-style=\"font-weight: 400;\">TP = le taux de participation personnelle ;<\/span><\/li>\n<li class=\"amp-wp-fe3f5cc\" data-amp-original-style=\"font-weight: 400;\"><span class=\"amp-wp-fe3f5cc\" data-amp-original-style=\"font-weight: 400;\">RP = la diff\u00e9rence entre les ressources du b\u00e9n\u00e9ficiaire et un montant forfaitaire.<\/span><\/li>\n<\/ul>\n<p>Notez que la m\u00e9thode de calcul est relativement complexe. Pour une estimation fiable et pr\u00e9cise de vos droits, nous vous conseillons de faire une simulation. Pourquoi pas avec Mes Allocs !<\/p>\n<p><strong>Exemple : L&rsquo;aide au logement de juillet, ao\u00fbt et septembre 2026 sera calcul\u00e9e sur les revenus de juin 2025 \u00e0 mai 2026.<\/strong><\/p>\n<p><strong>\u00c0 noter<\/strong> : si l&rsquo;\u00e9tudiant a moins de 25 ans, il est indiff\u00e9rent qu&rsquo;il soit encore rattach\u00e9 au foyer fiscal de ses parents : seules ses propres ressources seront prises en compte.<\/p>\n<h1>Comment demander l&rsquo;APL en 2026 ?<\/h1>\n<p>Pour faire votre demande d\u2019APL 2026, vous devez vous rendre sur le site de la CAF et remplir un dossier en indiquant vos ressources ainsi que des informations relatives \u00e0 votre logement, ces \u00e9l\u00e9ments permettent \u00e0 la CAF d\u2019\u00e9tudier vos droits.<\/p>\n<p><strong>Lors de votre demande d\u2019APL \u00e9tudiant 2026, il vous sera demand\u00e9 :\u00a0<\/strong><\/p>\n<ul>\n<li>Votre adresse mail<\/li>\n<li>Un RIB \u00e0 votre nom<\/li>\n<li>Vos justificatifs de revenus des 12 derniers mois<\/li>\n<li>Le num\u00e9ro d\u2019allocataire de vos parents ainsi que les coordonn\u00e9es de la CAF dont ils d\u00e9pendent<\/li>\n<li>Votre contrat de location avec le montant du loyer (sans charges)<\/li>\n<li>Les coordonn\u00e9es du bailleur<\/li>\n<\/ul>\n<p>Percevoir l\u2019APL repr\u00e9sente de nombreux avantages pour un \u00e9tudiant, cumulable avec une bourse (par exemple bourse du Crous) elle n\u2019est en revanche pas cumulable avec l\u2019allocation de logement familiale (ALF).<\/p>\n<h2>APL et prime d&rsquo;activit\u00e9 : un cumul possible ?<\/h2>\n<h3>APL et prime d&rsquo;activit\u00e9<\/h3>\n<p>Pour savoir si vous \u00eates \u00e9ligible \u00e0 la prime d&rsquo;activit\u00e9, plusieurs aides financi\u00e8res sont prises en compte, notamment le montant de l&rsquo;aide au logement \u00e9tudiant dont vous b\u00e9n\u00e9ficiez. Seulement une partie du montant que vous percevez entre dans le calcul de vos droits \u00e0 la prime d&rsquo;activit\u00e9, on appelle cela le montant forfaitaire.<\/p>\n\n<div class=\"wpdt-c row wpDataTableContainerSimpleTable wpDataTables wpDataTablesWrapper\n\"\n    >\n    <table id=\"wpdtSimpleTable-5\"\n           class=\"wpdtSimpleTable wpDataTable\"\n           data-column=\"2\"\n           data-rows=\"4\"\n           data-wpID=\"5\"\n           data-responsive=\"0\"\n           data-has-header=\"1\">\n\n                    <thead>        <tr class=\"wpdt-cell-row \" >\n                            <th class=\"wpdt-cell wpdt-bc-F3F9FE wpdt-bold\"\n                                    data-cell-id=\"A1\"\n                data-col-index=\"0\"\n                data-row-index=\"0\"\n                style=\" width:48.571428571429%;                padding:10px;\"\n                >\n                                Composition du foyer                <\/th>\n                                            <th class=\"wpdt-cell wpdt-bc-F3F9FE wpdt-bold\"\n                                    data-cell-id=\"B1\"\n                data-col-index=\"1\"\n                data-row-index=\"0\"\n                style=\" width:51.428571428571%;                padding:10px;\"\n                >\n                                Forfait logement \u00e0 d\u00e9duire                <\/th>\n                                        <\/tr>\n                    <tbody>        <tr class=\"wpdt-cell-row \" >\n                            <td class=\"wpdt-cell \"\n                                    data-cell-id=\"A2\"\n                data-col-index=\"0\"\n                data-row-index=\"1\"\n                style=\"                padding:10px;\"\n                >\n                                1 personne                <\/td>\n                                            <td class=\"wpdt-cell \"\n                                    data-cell-id=\"B2\"\n                data-col-index=\"1\"\n                data-row-index=\"1\"\n                style=\"                padding:10px;\"\n                >\n                                78,2 \u20ac                <\/td>\n                                        <\/tr>\n                            <tr class=\"wpdt-cell-row \" >\n                            <td class=\"wpdt-cell \"\n                                    data-cell-id=\"A3\"\n                data-col-index=\"0\"\n                data-row-index=\"2\"\n                style=\"                padding:10px;\"\n                >\n                                2 personnes                <\/td>\n                                            <td class=\"wpdt-cell \"\n                                    data-cell-id=\"B3\"\n                data-col-index=\"1\"\n                data-row-index=\"2\"\n                style=\"                padding:10px;\"\n                >\n                                156,41 \u20ac                <\/td>\n                                        <\/tr>\n                            <tr class=\"wpdt-cell-row \" >\n                            <td class=\"wpdt-cell \"\n                                    data-cell-id=\"A4\"\n                data-col-index=\"0\"\n                data-row-index=\"3\"\n                style=\"                padding:10px;\"\n                >\n                                3 personnes ou plus                <\/td>\n                                            <td class=\"wpdt-cell \"\n                                    data-cell-id=\"B4\"\n                data-col-index=\"1\"\n                data-row-index=\"3\"\n                style=\"                padding:10px;\"\n                >\n                                193,55 \u20ac                <\/td>\n                                        <\/tr>\n                    <\/table>\n<\/div><style id='wpdt-custom-style-5'>\ntable#wpdtSimpleTable-5{ table-layout: fixed !important; }\n.wpdt-bc-F3F9FE { background-color: #F3F9FE !important;}\n<\/style>\n\n<p style=\"text-align: justify;\">Ces forfaits logements s\u2019appliquent \u00e0 plusieurs aides diff\u00e9rentes, notamment le RSA et la Compl\u00e9mentaire Sant\u00e9 Solidaire. Ils ont \u00e9t\u00e9 cr\u00e9\u00e9s pour un souci d\u2019\u00e9quit\u00e9. En effet, il faut \u00e9galiser les aides entre les personnes qui per\u00e7oivent les APL et ceux qui paient leur loyer, sans aide.<\/p>\n<p><strong>Lors de votre demande de prime d&rsquo;activit\u00e9, vous n&rsquo;avez pas \u00e0 indiquer le montant de l&rsquo;APL que vous percevez, \u00e9tant allocataire de la CAF, ce dernier en a d\u00e9j\u00e0 connaissance. Vous devez toutefois r\u00e9guli\u00e8rement effectuer des mises \u00e0 jour vos ressources.<\/strong><\/p>\n<h2 style=\"text-align: justify;\">Quid des APL pour un \u00e9tudiant \u00e9tranger<\/h2>\n<p style=\"text-align: justify;\">Si vous \u00eates un \u00e9tudiant \u00e9tranger, vous pouvez au m\u00eame titre que les \u00e9tudiants fran\u00e7ais b\u00e9n\u00e9ficier de l&rsquo;APL ou de l&rsquo;ALS, les deux aides au logement attribu\u00e9es par la CAF.<a href=\"https:\/\/www.mes-allocs.fr\/guides\/wp-content\/uploads\/2021\/03\/pexels-anastasiya-gepp-1462630-1.jpg\"><img loading=\"lazy\" decoding=\"async\" class=\"alignright wp-image-22582 size-medium\" src=\"https:\/\/www.mes-allocs.fr\/guides\/wp-content\/uploads\/2021\/03\/pexels-anastasiya-gepp-1462630-1-300x200.jpg\" alt=\"montant apl \u00e9tudiant\" width=\"300\" height=\"200\" srcset=\"https:\/\/www.mes-allocs.fr\/guides\/wp-content\/uploads\/2021\/03\/pexels-anastasiya-gepp-1462630-1-300x200.jpg 300w, https:\/\/www.mes-allocs.fr\/guides\/wp-content\/uploads\/2021\/03\/pexels-anastasiya-gepp-1462630-1-1024x682.jpg 1024w, https:\/\/www.mes-allocs.fr\/guides\/wp-content\/uploads\/2021\/03\/pexels-anastasiya-gepp-1462630-1-768x512.jpg 768w, https:\/\/www.mes-allocs.fr\/guides\/wp-content\/uploads\/2021\/03\/pexels-anastasiya-gepp-1462630-1-600x400.jpg 600w, https:\/\/www.mes-allocs.fr\/guides\/wp-content\/uploads\/2021\/03\/pexels-anastasiya-gepp-1462630-1.jpg 1280w\" sizes=\"auto, (max-width: 300px) 100vw, 300px\" \/><\/a><\/p>\n<p style=\"text-align: justify;\">N\u00e9anmoins, vous d\u00e9couvrirez un syst\u00e8me complexe de garanties demand\u00e9es : les bailleurs sont tr\u00e8s exigeants en France, ce qui n&rsquo;est pas commun \u00e0 l&rsquo;\u00e9tranger. C&rsquo;est d\u00fb \u00e0 la forte protection des locataires dans le syst\u00e8me fran\u00e7ais.<\/p>\n<p style=\"text-align: justify;\">Lors de votre demande sur les services en ligne de la CAF, vous devrez transmettre votre titre de s\u00e9jour valide au moins pour toute la dur\u00e9e de votre ann\u00e9e universitaire, vous devez \u00e9galement \u00eatre inscrit \u00e0 la S\u00e9curit\u00e9 sociale \u00e9tudiante et faire une d\u00e9claration l&rsquo;imp\u00f4t (m\u00eame si vous n&rsquo;avez jamais travaill\u00e9 en France). Si vous n&rsquo;avez pas encore votre titre de s\u00e9jour, vous pouvez faire votre demande d&rsquo;APL et transmettre le document par la suite. Plus vite vous faites la demande, plus vite vous toucherez l&rsquo;aide !<\/p>\n<div class='cta-block'><div class='text'>Simulez toutes vos Aides Sociales en 2 min. Gratuit.<\/div><a href='https:\/\/www.mes-allocs.fr\/ab-app?origin=guides\/wp-json\/wp\/v2\/posts\/22555' class='app-button fit'>Simulation gratuite<\/a><\/div>\n","protected":false},"excerpt":{"rendered":"<p>[Mis \u00e0 jour le 12\/01\/2026] L&rsquo;APL, ou aide personnalis\u00e9e au logement est une aide au logement dont peuvent b\u00e9n\u00e9ficier les \u00e9tudiants pour les aider \u00e0 r\u00e9duire le montant de leur loyer. Accessible sous conditions, Mes Allocs vous explique tout en d\u00e9tail sur le montant de l&rsquo;APL en 2026. Montant APL \u00e9tudiant 2026 Le montant de [&hellip;]<\/p>\n","protected":false},"author":9,"featured_media":22577,"comment_status":"open","ping_status":"open","sticky":false,"template":"","format":"standard","meta":{"amp_status":"","footnotes":""},"categories":[1,4,1727],"tags":[],"class_list":["post-22555","post","type-post","status-publish","format-standard","has-post-thumbnail","hentry","category-aide-logement","category-apl","category-apl-etudiant"],"yoast_head":"<!-- This site is optimized with the Yoast SEO plugin v14.9 - https:\/\/yoast.com\/wordpress\/plugins\/seo\/ -->\n<title>Quel est le montant de l&#039;APL \u00e9tudiant en 2026 ? | Mes-Allocs.fr<\/title>\n<meta name=\"description\" content=\"L&#039;APL est une aide au logement accessible pour les \u00e9tudiants. Mes Allocs vous explique tout en d\u00e9tail sur le montant en 2026 !\" \/>\n<meta name=\"robots\" content=\"index, follow, max-snippet:-1, max-image-preview:large, max-video-preview:-1\" \/>\n<link rel=\"canonical\" href=\"https:\/\/www.mes-allocs.fr\/guides\/aide-logement\/apl\/apl-etudiant\/montant-apl-etudiant\/\" \/>\n<meta property=\"og:locale\" content=\"fr_FR\" \/>\n<meta property=\"og:type\" content=\"article\" \/>\n<meta property=\"og:title\" content=\"Quel est le montant de l&#039;APL \u00e9tudiant en 2026 ? | Mes-Allocs.fr\" \/>\n<meta property=\"og:description\" content=\"L&#039;APL est une aide au logement accessible pour les \u00e9tudiants. Mes Allocs vous explique tout en d\u00e9tail sur le montant en 2026 !\" \/>\n<meta property=\"og:url\" content=\"https:\/\/www.mes-allocs.fr\/guides\/aide-logement\/apl\/apl-etudiant\/montant-apl-etudiant\/\" \/>\n<meta property=\"og:site_name\" content=\"Mes-Allocs.fr\" \/>\n<meta property=\"article:published_time\" content=\"2021-03-19T10:27:37+00:00\" \/>\n<meta property=\"article:modified_time\" content=\"2026-01-12T16:49:01+00:00\" \/>\n<meta property=\"og:image\" content=\"https:\/\/www.mes-allocs.fr\/guides\/wp-content\/uploads\/2021\/03\/pexels-buro-millennial-1438084-e1615975368359.jpg?wsr\" \/>\n\t<meta property=\"og:image:width\" content=\"1280\" \/>\n\t<meta property=\"og:image:height\" content=\"400\" \/>\n<meta name=\"twitter:card\" content=\"summary_large_image\" \/>\n<script type=\"application\/ld+json\" class=\"yoast-schema-graph\">{\"@context\":\"https:\/\/schema.org\",\"@graph\":[{\"@type\":\"WebSite\",\"@id\":\"https:\/\/www.mes-allocs.fr\/guides\/#website\",\"url\":\"https:\/\/www.mes-allocs.fr\/guides\/\",\"name\":\"Mes-Allocs.fr\",\"description\":\"\",\"potentialAction\":[{\"@type\":\"SearchAction\",\"target\":\"https:\/\/www.mes-allocs.fr\/guides\/?s={search_term_string}\",\"query-input\":\"required name=search_term_string\"}],\"inLanguage\":\"fr-FR\"},{\"@type\":\"ImageObject\",\"@id\":\"https:\/\/www.mes-allocs.fr\/guides\/aide-logement\/apl\/apl-etudiant\/montant-apl-etudiant\/#primaryimage\",\"inLanguage\":\"fr-FR\",\"url\":\"https:\/\/www.mes-allocs.fr\/guides\/wp-content\/uploads\/2021\/03\/pexels-buro-millennial-1438084-e1615975368359.jpg?wsr\",\"width\":1280,\"height\":400,\"caption\":\"Quel est le montant APL \\u00e9tudiant 2021 ?\"},{\"@type\":\"WebPage\",\"@id\":\"https:\/\/www.mes-allocs.fr\/guides\/aide-logement\/apl\/apl-etudiant\/montant-apl-etudiant\/#webpage\",\"url\":\"https:\/\/www.mes-allocs.fr\/guides\/aide-logement\/apl\/apl-etudiant\/montant-apl-etudiant\/\",\"name\":\"Quel est le montant de l'APL \\u00e9tudiant en 2026 ? | Mes-Allocs.fr\",\"isPartOf\":{\"@id\":\"https:\/\/www.mes-allocs.fr\/guides\/#website\"},\"primaryImageOfPage\":{\"@id\":\"https:\/\/www.mes-allocs.fr\/guides\/aide-logement\/apl\/apl-etudiant\/montant-apl-etudiant\/#primaryimage\"},\"datePublished\":\"2021-03-19T10:27:37+00:00\",\"dateModified\":\"2026-01-12T16:49:01+00:00\",\"author\":{\"@id\":\"https:\/\/www.mes-allocs.fr\/guides\/#\/schema\/person\/e4e762c89158b34a332446d26f02fd56\"},\"description\":\"L'APL est une aide au logement accessible pour les \\u00e9tudiants. Mes Allocs vous explique tout en d\\u00e9tail sur le montant en 2026 !\",\"inLanguage\":\"fr-FR\"},{\"@type\":\"Person\",\"@id\":\"https:\/\/www.mes-allocs.fr\/guides\/#\/schema\/person\/e4e762c89158b34a332446d26f02fd56\",\"name\":\"Marylou\",\"image\":{\"@type\":\"ImageObject\",\"@id\":\"https:\/\/www.mes-allocs.fr\/guides\/#personlogo\",\"inLanguage\":\"fr-FR\",\"url\":\"https:\/\/www.mes-allocs.fr\/guides\/wp-content\/uploads\/2021\/06\/marylou-150x150.png\",\"caption\":\"Marylou\"},\"description\":\"Marylou est r\\u00e9dactrice au sein de l'\\u00e9quipe Mes Allocs, sp\\u00e9cialiste des sujets de soci\\u00e9t\\u00e9 en g\\u00e9n\\u00e9ral. Dipl\\u00f4m\\u00e9e de l'Institut Sup\\u00e9rieur de Formation au Journalisme, elle rejoint Mes Allocs apr\\u00e8s cr\\u00e9\\u00e9 son premier blog personnel.\",\"sameAs\":[\"https:\/\/www.linkedin.com\/in\/marylou-pr\\u00e9vost\"]}]}<\/script>\n<!-- \/ Yoast SEO plugin. -->","amp_validity":null,"acf":{"faq":{"1":{"question":"\ud83e\udd14  Quand demander l'APL \u00e9tudiant ?","answer":"Vous devez faire votre demande d'APL \u00e9tudiant une fois votre emm\u00e9nagement, vous ne pouvez pas en faire la demande avant car vous devez fournir dans votre dossier le bail sign\u00e9. "},"2":{"question":"\ud83e\udd37\u200d\u2640\ufe0f Quelles conditions pour toucher l'APL \u00e9tudiant? ","answer":"Pour toucher l'APL vous devez \u00eatre \u00e9tudiant fran\u00e7ais ou \u00e9tranger mais avec un titre de s\u00e9jour valide pour tout le temps de votre ann\u00e9e universitaire, avoir moins de 30 ans, \u00eatre locataire, colocataire ou sous-locataire."},"3":{"question":"\ud83e\udd1d Qui est \u00e9ligible aux APL ?","answer":"Le logement doit faire plus de 9m2 pour une personne seule et \u00eatre qualifi\u00e9 de logement d\u00e9cent. Vous ne serez pas \u00e9ligible si le propri\u00e9taire-bailleur est de votre famille."},"4":{"question":"\ud83e\udd14  Est-ce que les propri\u00e9taires ont droit \u00e0 l'APL ?","answer":"Les conditions li\u00e9es aux APL pour propri\u00e9taires peuvent varier en fonction de vos ressources et de votre logement."},"5":{"question":"\ud83e\udd37\u200d\u2640\ufe0f Peut-on cumuler APL et prime d'activit\u00e9 ?","answer":"Oui tout \u00e0 fait, ces deux aides peuvent se cumuler"},"6":{"question":"\ud83e\udd1d Peut-on b\u00e9n\u00e9ficier de l'APL si le logement n'est pas conventionn\u00e9 ?","answer":"Non, l'une des conditions est que le logement doit \u00eatre conventionn\u00e9 et donc avoir fait l'objet d'une convention sign\u00e9 par le bailleur. Si ce n'est pas le cas, vous pouvez faire une demande d'ALS"},"7":{"question":"","answer":""},"8":{"question":"","answer":""},"9":{"question":"","answer":""},"10":{"question":"","answer":""},"11":{"question":"","answer":""},"12":{"question":"","answer":""},"13":{"question":"","answer":""},"14":{"question":"","answer":""},"15":{"question":"","answer":""},"16":{"question":"","answer":""}}},"_links":{"self":[{"href":"https:\/\/www.mes-allocs.fr\/guides\/wp-json\/wp\/v2\/posts\/22555","targetHints":{"allow":["GET"]}}],"collection":[{"href":"https:\/\/www.mes-allocs.fr\/guides\/wp-json\/wp\/v2\/posts"}],"about":[{"href":"https:\/\/www.mes-allocs.fr\/guides\/wp-json\/wp\/v2\/types\/post"}],"author":[{"embeddable":true,"href":"https:\/\/www.mes-allocs.fr\/guides\/wp-json\/wp\/v2\/users\/9"}],"replies":[{"embeddable":true,"href":"https:\/\/www.mes-allocs.fr\/guides\/wp-json\/wp\/v2\/comments?post=22555"}],"version-history":[{"count":29,"href":"https:\/\/www.mes-allocs.fr\/guides\/wp-json\/wp\/v2\/posts\/22555\/revisions"}],"predecessor-version":[{"id":107434,"href":"https:\/\/www.mes-allocs.fr\/guides\/wp-json\/wp\/v2\/posts\/22555\/revisions\/107434"}],"wp:featuredmedia":[{"embeddable":true,"href":"https:\/\/www.mes-allocs.fr\/guides\/wp-json\/wp\/v2\/media\/22577"}],"wp:attachment":[{"href":"https:\/\/www.mes-allocs.fr\/guides\/wp-json\/wp\/v2\/media?parent=22555"}],"wp:term":[{"taxonomy":"category","embeddable":true,"href":"https:\/\/www.mes-allocs.fr\/guides\/wp-json\/wp\/v2\/categories?post=22555"},{"taxonomy":"post_tag","embeddable":true,"href":"https:\/\/www.mes-allocs.fr\/guides\/wp-json\/wp\/v2\/tags?post=22555"}],"curies":[{"name":"wp","href":"https:\/\/api.w.org\/{rel}","templated":true}]}}