{"id":22499,"date":"2021-03-17T10:49:17","date_gmt":"2021-03-17T10:49:17","guid":{"rendered":"https:\/\/www.mes-allocs.fr\/guides\/?p=22499"},"modified":"2026-04-03T15:48:21","modified_gmt":"2026-04-03T14:48:21","slug":"rsa-declaration-trimestrielle","status":"publish","type":"post","link":"https:\/\/www.mes-allocs.fr\/guides\/rsa\/rsa-declaration-trimestrielle\/","title":{"rendered":"RSA : comment faire sa d\u00e9claration trimestrielle \u00e0 la CAF ?"},"content":{"rendered":"<p style=\"text-align: justify;\"><a href=\"https:\/\/www.mes-allocs.fr\/guides\/wp-content\/uploads\/2021\/03\/pexels-vlada-karpovich-4050470.jpg\"><img loading=\"lazy\" decoding=\"async\" class=\"alignnone wp-image-22516 size-full\" src=\"https:\/\/www.mes-allocs.fr\/guides\/wp-content\/uploads\/2021\/03\/pexels-vlada-karpovich-4050470-e1685610647888.jpg\" alt=\"RSA d\u00e9claration trimestrielle\" width=\"1280\" height=\"230\" srcset=\"https:\/\/www.mes-allocs.fr\/guides\/wp-content\/uploads\/2021\/03\/pexels-vlada-karpovich-4050470-e1685610647888.jpg 1280w, https:\/\/www.mes-allocs.fr\/guides\/wp-content\/uploads\/2021\/03\/pexels-vlada-karpovich-4050470-e1685610647888-300x54.jpg 300w, https:\/\/www.mes-allocs.fr\/guides\/wp-content\/uploads\/2021\/03\/pexels-vlada-karpovich-4050470-e1685610647888-1024x184.jpg 1024w, https:\/\/www.mes-allocs.fr\/guides\/wp-content\/uploads\/2021\/03\/pexels-vlada-karpovich-4050470-e1685610647888-768x138.jpg 768w, https:\/\/www.mes-allocs.fr\/guides\/wp-content\/uploads\/2021\/03\/pexels-vlada-karpovich-4050470-e1685610647888-600x108.jpg 600w\" sizes=\"auto, (max-width: 1280px) 100vw, 1280px\" \/><\/a><\/p>\n<p>[Mis \u00e0 jour le 03\/04\/2026] Le Revenu de Solidarit\u00e9 Active (<a href=\"https:\/\/www.mes-allocs.fr\/guides\/rsa\">RSA<\/a>) est une aide financi\u00e8re destin\u00e9e aux personnes disposant de faibles ressources. Pour continuer \u00e0 en b\u00e9n\u00e9ficier, chaque allocataire doit effectuer une <strong data-start=\"215\" data-end=\"251\">d\u00e9claration trimestrielle du RSA<\/strong> afin d\u2019actualiser sa situation aupr\u00e8s de la CAF. D\u00e9couvrez ci-dessous les r\u00e9ponses aux questions les plus fr\u00e9quentes sur cette proc\u00e9dure.<\/p>\n<div class='cta-block'><div class='text'>Simulez vos aides en 2 min.<\/div><a href='https:\/\/www.mes-allocs.fr\/ab-app?origin=guides\/wp-json\/wp\/v2\/posts\/22499' class='app-button fit'>Simulation gratuite<\/a><\/div>\n<h1 data-start=\"209\" data-end=\"285\"><strong data-start=\"213\" data-end=\"285\">La d\u00e9claration trimestrielle du RSA est pr\u00e9-remplie<\/strong><\/h1>\n<h2 data-start=\"287\" data-end=\"356\"><strong data-start=\"292\" data-end=\"356\">Pourquoi la d\u00e9claration trimestrielle est-elle obligatoire ?<\/strong><\/h2>\n<p data-start=\"358\" data-end=\"477\"><span class=\"relative -mx-px my-[-0.2rem] rounded px-px py-[0.2rem]\">La d\u00e9claration trimestrielle est essentielle pour permettre \u00e0 la CAF de recalculer vos droits au RSA en fonction de vos ressources r\u00e9centes.<\/span> <span class=\"relative -mx-px my-[-0.2rem] rounded px-px py-[0.2rem]\">Elle garantit que le montant per\u00e7u correspond \u00e0 votre situation actuelle, \u00e9vitant ainsi les trop-per\u00e7us ou les interruptions de versement.<\/span>\u200b<\/p>\n<h2 data-start=\"479\" data-end=\"585\"><strong data-start=\"484\" data-end=\"585\">Pourquoi les d\u00e9clarations trimestrielles de ressources du RSA sont-elles d\u00e9sormais pr\u00e9-remplies ?<\/strong><\/h2>\n<p data-start=\"587\" data-end=\"748\"><span class=\"relative -mx-px my-[-0.2rem] rounded px-px py-[0.2rem]\">Le pr\u00e9-remplissage des d\u00e9clarations vise \u00e0 simplifier les d\u00e9marches des allocataires et \u00e0 r\u00e9duire les erreurs de saisie.<\/span> <span class=\"relative -mx-px my-[-0.2rem] rounded px-px py-[0.2rem]\">En automatisant l&rsquo;int\u00e9gration des revenus connus, la CAF assure une plus grande fiabilit\u00e9 des informations et facilite le processus d\u00e9claratif.<\/span> \u200b<\/p>\n<h2 data-start=\"750\" data-end=\"835\"><strong data-start=\"755\" data-end=\"835\">Quelles sont les ressources pr\u00e9-remplies dans la d\u00e9claration trimestrielle ?<\/strong><\/h2>\n<p data-start=\"837\" data-end=\"922\"><span class=\"relative -mx-px my-[-0.2rem] rounded px-px py-[0.2rem]\">Les ressources pr\u00e9-remplies incluent :<\/span>\u200b<\/p>\n<ul data-start=\"924\" data-end=\"1189\">\n<li data-start=\"924\" data-end=\"1011\">\n<p data-start=\"926\" data-end=\"1011\"><span class=\"relative -mx-px my-[-0.2rem] rounded px-px py-[0.2rem]\">Les <strong data-start=\"4\" data-end=\"16\" data-is-last-node=\"\">salaires<\/strong><\/span>\u200b<\/p>\n<\/li>\n<li data-start=\"1013\" data-end=\"1100\">\n<p data-start=\"1015\" data-end=\"1100\"><span class=\"relative -mx-px my-[-0.2rem] rounded px-px py-[0.2rem]\">Les <strong data-start=\"4\" data-end=\"31\">revenus de remplacement<\/strong> tels que les allocations ch\u00f4mage, les pensions de retraite ou d&rsquo;invalidit\u00e9<\/span>\u200b<\/p>\n<\/li>\n<li data-start=\"1102\" data-end=\"1189\">\n<p data-start=\"1104\" data-end=\"1189\"><span class=\"relative -mx-px my-[-0.2rem] rounded px-px py-[0.2rem]\">Les <strong data-start=\"4\" data-end=\"28\">prestations sociales<\/strong> per\u00e7ues<\/span>\u200b<\/p>\n<\/li>\n<\/ul>\n<p data-start=\"1191\" data-end=\"1316\"><span class=\"relative -mx-px my-[-0.2rem] rounded px-px py-[0.2rem]\">Ces montants sont renseign\u00e9s en <strong data-start=\"32\" data-end=\"54\">montant net social<\/strong> pour l&rsquo;ensemble de votre foyer.<\/span> \u200b<\/p>\n<h2 data-start=\"1318\" data-end=\"1375\"><strong data-start=\"1323\" data-end=\"1375\">Quels sont les 3 mois de ressources \u00e0 d\u00e9clarer ?<\/strong><\/h2>\n<p data-start=\"1377\" data-end=\"1582\"><span class=\"relative -mx-px my-[-0.2rem] rounded px-px py-[0.2rem]\">Depuis mars 2025, les p\u00e9riodes de d\u00e9claration ont \u00e9t\u00e9 ajust\u00e9es.<\/span> <span class=\"relative -mx-px my-[-0.2rem] rounded px-px py-[0.2rem]\">Par exemple, en mars, vous devez d\u00e9clarer les ressources per\u00e7ues en <strong data-start=\"68\" data-end=\"101\">novembre, d\u00e9cembre et janvier<\/strong>.<\/span> <span class=\"relative -mx-px my-[-0.2rem] rounded px-px py-[0.2rem]\">Ensuite, en juin, il faudra d\u00e9clarer celles de <strong data-start=\"47\" data-end=\"73\">f\u00e9vrier, mars et avril<\/strong>, et ainsi de suite.<\/span> \u200b<\/p>\n<h2 data-start=\"1584\" data-end=\"1627\"><strong data-start=\"1589\" data-end=\"1627\">O\u00f9 trouver le montant net social ?<\/strong><\/h2>\n<p data-start=\"1629\" data-end=\"1794\"><span class=\"relative -mx-px my-[-0.2rem] rounded px-px py-[0.2rem]\">Le <strong data-start=\"3\" data-end=\"25\">montant net social<\/strong> est d\u00e9sormais affich\u00e9 sur l&rsquo;ensemble des <strong data-start=\"67\" data-end=\"91\">bulletins de salaire<\/strong> et des <strong data-start=\"99\" data-end=\"125\">relev\u00e9s de prestations<\/strong>.<\/span> <span class=\"relative -mx-px my-[-0.2rem] rounded px-px py-[0.2rem]\">Il correspond au montant \u00e0 d\u00e9clarer pour le calcul de vos droits au RSA et \u00e0 la prime d&rsquo;activit\u00e9.<\/span> \u200b<\/p>\n<h1 data-start=\"1801\" data-end=\"1881\"><strong data-start=\"1805\" data-end=\"1881\">Comment v\u00e9rifier et compl\u00e9ter la d\u00e9claration trimestrielle pr\u00e9-remplie ?<\/strong><\/h1>\n<h2 data-start=\"1883\" data-end=\"1922\"><strong data-start=\"1888\" data-end=\"1922\">\u00c9tape 1 : Valider votre profil<\/strong><\/h2>\n<p data-start=\"1924\" data-end=\"2009\"><span class=\"relative -mx-px my-[-0.2rem] rounded px-px py-[0.2rem]\">Connectez-vous \u00e0 votre espace personnel sur le site de la CAF et assurez-vous que vos informations personnelles (adresse, situation familiale, etc.) sont \u00e0 jour.<\/span>\u200b<\/p>\n<h2 data-start=\"2011\" data-end=\"2066\"><strong data-start=\"2016\" data-end=\"2066\">\u00c9tape 2 : V\u00e9rifier les ressources pr\u00e9-remplies<\/strong><\/h2>\n<p data-start=\"2068\" data-end=\"2193\"><span class=\"relative -mx-px my-[-0.2rem] rounded px-px py-[0.2rem]\">Consultez les montants pr\u00e9-remplis correspondant \u00e0 vos ressources des trois derniers mois.<\/span> <span class=\"relative -mx-px my-[-0.2rem] rounded px-px py-[0.2rem]\">Comparez-les avec vos bulletins de salaire et relev\u00e9s de prestations pour vous assurer de leur exactitude.<\/span>\u200b<\/p>\n<h2 data-start=\"2195\" data-end=\"2248\"><strong data-start=\"2200\" data-end=\"2248\">\u00c9tape 3 : Signaler une erreur le cas \u00e9ch\u00e9ant<\/strong><\/h2>\n<p data-start=\"2250\" data-end=\"2335\"><span class=\"relative -mx-px my-[-0.2rem] rounded px-px py-[0.2rem]\">Si vous constatez une erreur dans les montants pr\u00e9-remplis, corrigez-les directement dans le formulaire en ligne avant de valider votre d\u00e9claration.<\/span>\u200b<\/p>\n<h2 data-start=\"2337\" data-end=\"2393\"><strong data-start=\"2342\" data-end=\"2393\">\u00c9tape 4 : Ajouter d&rsquo;autres ressources si besoin<\/strong><\/h2>\n<p data-start=\"2395\" data-end=\"2480\"><span class=\"relative -mx-px my-[-0.2rem] rounded px-px py-[0.2rem]\">Si vous avez per\u00e7u d&rsquo;autres revenus non pr\u00e9-remplis (par exemple, des pensions alimentaires), ajoutez-les manuellement dans les champs pr\u00e9vus \u00e0 cet effet.<\/span><\/p>\n<p data-start=\"2395\" data-end=\"2480\"><iframe loading=\"lazy\" title=\"Le RSA\" width=\"500\" height=\"281\" src=\"https:\/\/www.youtube.com\/embed\/2aMlunSI1-U?feature=oembed\" frameborder=\"0\" allow=\"accelerometer; autoplay; clipboard-write; encrypted-media; gyroscope; picture-in-picture; web-share\" referrerpolicy=\"strict-origin-when-cross-origin\" allowfullscreen><\/iframe><\/p>\n<h1 data-start=\"2487\" data-end=\"2552\"><strong data-start=\"2491\" data-end=\"2552\">Comment valider sa d\u00e9claration et suivre son traitement ?<\/strong><\/h1>\n<h2 data-start=\"2554\" data-end=\"2606\"><strong data-start=\"2559\" data-end=\"2606\">Comment valider et envoyer sa d\u00e9claration ?<\/strong><\/h2>\n<p data-start=\"2608\" data-end=\"2733\"><span class=\"relative -mx-px my-[-0.2rem] rounded px-px py-[0.2rem]\">Apr\u00e8s avoir v\u00e9rifi\u00e9 et compl\u00e9t\u00e9 votre d\u00e9claration, validez-la en ligne sur votre espace personnel CAF.<\/span> <span class=\"relative -mx-px my-[-0.2rem] rounded px-px py-[0.2rem]\">Un accus\u00e9 de r\u00e9ception vous sera envoy\u00e9 pour confirmer la prise en compte de votre d\u00e9claration.<\/span>\u200b<\/p>\n<h2 data-start=\"2735\" data-end=\"2792\"><strong data-start=\"2740\" data-end=\"2792\">D\u00e9lais de traitement et date de versement du RSA<\/strong><\/h2>\n<p data-start=\"2794\" data-end=\"2919\"><span class=\"relative -mx-px my-[-0.2rem] rounded px-px py-[0.2rem]\">Une fois votre d\u00e9claration valid\u00e9e, la CAF traite g\u00e9n\u00e9ralement votre dossier sous quelques jours.<\/span> <span class=\"relative -mx-px my-[-0.2rem] rounded px-px py-[0.2rem]\">Le versement du RSA intervient alors \u00e0 la date habituelle, sous r\u00e9serve que votre d\u00e9claration ait \u00e9t\u00e9 effectu\u00e9e dans les d\u00e9lais.<\/span>\u200b<\/p>\n<h1 data-start=\"2926\" data-end=\"2988\"><strong data-start=\"2930\" data-end=\"2988\">D\u00e9claration papier : une alternative encore possible ?<\/strong><\/h1>\n<h2 data-start=\"2990\" data-end=\"3045\"><strong data-start=\"2995\" data-end=\"3045\">Qui peut encore faire une d\u00e9claration papier ?<\/strong><\/h2>\n<p data-start=\"3047\" data-end=\"3172\"><span class=\"relative -mx-px my-[-0.2rem] rounded px-px py-[0.2rem]\">La d\u00e9claration en ligne est privil\u00e9gi\u00e9e pour sa rapidit\u00e9 et sa simplicit\u00e9.<\/span> <span class=\"relative -mx-px my-[-0.2rem] rounded px-px py-[0.2rem]\">Cependant, les personnes n&rsquo;ayant pas acc\u00e8s \u00e0 internet ou rencontrant des difficult\u00e9s avec le num\u00e9rique peuvent toujours opter pour la d\u00e9claration papier.<\/span>\u200b<\/p>\n<h2 data-start=\"3174\" data-end=\"3227\"><strong data-start=\"3179\" data-end=\"3227\">D\u00e9lais et traitement des d\u00e9clarations papier<\/strong><\/h2>\n<p data-start=\"3229\" data-end=\"3354\"><span class=\"relative -mx-px my-[-0.2rem] rounded px-px py-[0.2rem]\">Les d\u00e9clarations papier peuvent entra\u00eener des d\u00e9lais de traitement plus longs.<\/span> <span class=\"relative -mx-px my-[-0.2rem] rounded px-px py-[0.2rem]\">Il est donc recommand\u00e9 de les envoyer d\u00e8s r\u00e9ception du formulaire pour \u00e9viter tout retard dans le versement de vos droits.<\/span>\u200b<\/p>\n<p data-start=\"3229\" data-end=\"3354\"><div class='cta-block'><div class='text'>Simulez toutes vos Aides en 2 min.<\/div><a href='https:\/\/www.mes-allocs.fr\/ab-app?origin=guides\/wp-json\/wp\/v2\/posts\/22499' class='app-button fit'>Simulation gratuite<\/a><\/div><\/p>\n<p>Mes Allocs vous propose de faire une <a href=\"https:\/\/www.mes-allocs.fr\/guides\/rsa\/simulation-rsa\">simulation pour conna\u00eetre votre \u00e9ligibilit\u00e9<\/a> !<\/p>\n<h1 data-start=\"3361\" data-end=\"3424\"><strong data-start=\"3365\" data-end=\"3424\">Probl\u00e8mes et erreurs courantes : comment les corriger ?<\/strong><\/h1>\n<h2 data-start=\"3426\" data-end=\"3471\"><strong data-start=\"3431\" data-end=\"3471\">Corriger une erreur apr\u00e8s validation<\/strong><\/h2>\n<p data-start=\"0\" data-end=\"147\">Si vous constatez une erreur apr\u00e8s avoir valid\u00e9 votre d\u00e9claration trimestrielle du RSA, il est possible de la corriger. Voici les \u00e9tapes \u00e0 suivre :<\/p>\n<ol data-start=\"149\" data-end=\"1049\">\n<li data-start=\"149\" data-end=\"327\">\n<p data-start=\"152\" data-end=\"327\"><strong data-start=\"152\" data-end=\"182\">Acc\u00e9dez \u00e0 votre compte CAF<\/strong> : connectez-vous \u00e0 votre espace personnel sur le site de la CAF. Une fois connect\u00e9, vous pourrez consulter la d\u00e9claration que vous avez soumise.<\/p>\n<\/li>\n<li data-start=\"329\" data-end=\"652\">\n<p data-start=\"332\" data-end=\"652\"><strong data-start=\"332\" data-end=\"352\">Contactez la CAF<\/strong> : si l\u2019erreur concerne un d\u00e9tail important (comme les revenus d\u00e9clar\u00e9s ou la situation familiale), il est conseill\u00e9 de contacter rapidement votre CAF pour leur signaler la modification \u00e0 apporter. Vous pouvez soit les appeler, soit utiliser le formulaire de contact disponible sur le site de la CAF.<\/p>\n<\/li>\n<li data-start=\"654\" data-end=\"866\">\n<p data-start=\"657\" data-end=\"866\"><strong data-start=\"657\" data-end=\"688\">Mettre \u00e0 jour votre dossier<\/strong> : la CAF vous guidera dans la proc\u00e9dure pour rectifier l&rsquo;erreur, en vous demandant peut-\u00eatre de fournir des justificatifs suppl\u00e9mentaires pour \u00e9tayer votre nouvelle d\u00e9claration.<\/p>\n<\/li>\n<li data-start=\"868\" data-end=\"1049\">\n<p data-start=\"871\" data-end=\"1049\"><strong data-start=\"871\" data-end=\"904\">Confirmation de la correction<\/strong> : une fois la correction effectu\u00e9e, la CAF recalculera le montant de votre RSA et vous informera de tout ajustement ou rectification n\u00e9cessaire.<\/p>\n<\/li>\n<\/ol>\n<h2 data-start=\"3560\" data-end=\"3605\"><strong data-start=\"3565\" data-end=\"3605\">Qui contacter en cas de difficult\u00e9 ?<\/strong><\/h2>\n<p data-start=\"3607\" data-end=\"3692\"><span class=\"relative -mx-px my-[-0.2rem] rounded px-px py-[0.2rem]\">En cas de probl\u00e8me lors de votre d\u00e9claration ou pour toute question, vous pouvez joindre votre CAF par t\u00e9l\u00e9phone, via votre espace personnel ou en vous rendant directement dans une antenne proche de chez vous.<\/span>\u200b<\/p>\n<h1 data-start=\"3699\" data-end=\"3789\"><strong data-start=\"3703\" data-end=\"3789\">Quel impact cette d\u00e9claration trimestrielle a-t-elle sur le montant de votre RSA ?<\/strong><\/h1>\n<p data-start=\"3791\" data-end=\"4107\">La d\u00e9claration trimestrielle pr\u00e9-remplie du RSA, mise en place depuis mars 2025, vise \u00e0 r\u00e9duire les erreurs de d\u00e9claration et \u00e0 assurer un calcul plus pr\u00e9cis du montant de l\u2019allocation. Gr\u00e2ce \u00e0 cette automatisation, les revenus pris en compte (notamment les salaires et allocations) seront directement extraits des donn\u00e9es administratives, limitant ainsi les risques d\u2019oubli ou de d\u00e9claration erron\u00e9e. Cela permettra d\u2019\u00e9viter des paiements incorrects, que ce soit des trop-per\u00e7us n\u00e9cessitant un remboursement ou des montants sous-\u00e9valu\u00e9s p\u00e9nalisant l\u2019allocataire.<\/p>\n<p data-start=\"3791\" data-end=\"4107\">Par ailleurs, l\u2019\u00e9volution du calendrier des p\u00e9riodes d\u00e9clar\u00e9es (prise en compte des revenus de novembre, d\u00e9cembre et janvier pour une d\u00e9claration en mars, au lieu de d\u00e9cembre, janvier et f\u00e9vrier) pourrait impacter le montant per\u00e7u si vos revenus varient d\u2019un mois \u00e0 l\u2019autre. Cette r\u00e9forme garantit ainsi un versement plus fiable et adapt\u00e9 \u00e0 la situation r\u00e9elle de chaque b\u00e9n\u00e9ficiaire.<\/p>\n<div class='cta-block'><div class='text'>Simulez toutes vos Aides en 2 min.<\/div><a href='https:\/\/www.mes-allocs.fr\/ab-app?origin=guides\/wp-json\/wp\/v2\/posts\/22499' class='app-button fit'>Simulation gratuite<\/a><\/div>\n","protected":false},"excerpt":{"rendered":"<p>[Mis \u00e0 jour le 03\/04\/2026] Le Revenu de Solidarit\u00e9 Active (RSA) est une aide financi\u00e8re destin\u00e9e aux personnes disposant de faibles ressources. Pour continuer \u00e0 en b\u00e9n\u00e9ficier, chaque allocataire doit effectuer une d\u00e9claration trimestrielle du RSA afin d\u2019actualiser sa situation aupr\u00e8s de la CAF. D\u00e9couvrez ci-dessous les r\u00e9ponses aux questions les plus fr\u00e9quentes sur cette [&hellip;]<\/p>\n","protected":false},"author":7,"featured_media":22613,"comment_status":"open","ping_status":"open","sticky":false,"template":"","format":"standard","meta":{"amp_status":"","footnotes":""},"categories":[14],"tags":[],"class_list":["post-22499","post","type-post","status-publish","format-standard","has-post-thumbnail","hentry","category-rsa"],"yoast_head":"<!-- This site is optimized with the Yoast SEO plugin v14.9 - https:\/\/yoast.com\/wordpress\/plugins\/seo\/ -->\n<title>RSA : comment faire sa d\u00e9claration trimestrielle \u00e0 la CAF ? | Mes-Allocs.fr<\/title>\n<meta name=\"description\" content=\"Le RSA est vers\u00e9 aux personnes qui n&#039;ont peu ou pas de ressources. Mes Allocs vous explique comment faire sa d\u00e9claration trimestrielle CAF.\" \/>\n<meta name=\"robots\" content=\"index, follow, max-snippet:-1, max-image-preview:large, max-video-preview:-1\" \/>\n<link rel=\"canonical\" href=\"https:\/\/www.mes-allocs.fr\/guides\/rsa\/rsa-declaration-trimestrielle\/\" \/>\n<meta property=\"og:locale\" content=\"fr_FR\" \/>\n<meta property=\"og:type\" content=\"article\" \/>\n<meta property=\"og:title\" content=\"RSA : comment faire sa d\u00e9claration trimestrielle \u00e0 la CAF ? | Mes-Allocs.fr\" \/>\n<meta property=\"og:description\" content=\"Le RSA est vers\u00e9 aux personnes qui n&#039;ont peu ou pas de ressources. Mes Allocs vous explique comment faire sa d\u00e9claration trimestrielle CAF.\" \/>\n<meta property=\"og:url\" content=\"https:\/\/www.mes-allocs.fr\/guides\/rsa\/rsa-declaration-trimestrielle\/\" \/>\n<meta property=\"og:site_name\" content=\"Mes-Allocs.fr\" \/>\n<meta property=\"article:published_time\" content=\"2021-03-17T10:49:17+00:00\" \/>\n<meta property=\"article:modified_time\" content=\"2026-04-03T14:48:21+00:00\" \/>\n<meta property=\"og:image\" content=\"https:\/\/www.mes-allocs.fr\/guides\/wp-content\/uploads\/2021\/03\/declarationrsa.jpg?wsr\" \/>\n\t<meta property=\"og:image:width\" content=\"1280\" \/>\n\t<meta property=\"og:image:height\" content=\"853\" \/>\n<meta name=\"twitter:card\" content=\"summary_large_image\" \/>\n<script type=\"application\/ld+json\" class=\"yoast-schema-graph\">{\"@context\":\"https:\/\/schema.org\",\"@graph\":[{\"@type\":\"WebSite\",\"@id\":\"https:\/\/www.mes-allocs.fr\/guides\/#website\",\"url\":\"https:\/\/www.mes-allocs.fr\/guides\/\",\"name\":\"Mes-Allocs.fr\",\"description\":\"\",\"potentialAction\":[{\"@type\":\"SearchAction\",\"target\":\"https:\/\/www.mes-allocs.fr\/guides\/?s={search_term_string}\",\"query-input\":\"required name=search_term_string\"}],\"inLanguage\":\"fr-FR\"},{\"@type\":\"ImageObject\",\"@id\":\"https:\/\/www.mes-allocs.fr\/guides\/rsa\/rsa-declaration-trimestrielle\/#primaryimage\",\"inLanguage\":\"fr-FR\",\"url\":\"https:\/\/www.mes-allocs.fr\/guides\/wp-content\/uploads\/2021\/03\/declarationrsa.jpg?wsr\",\"width\":1280,\"height\":853,\"caption\":\"rsa d\\u00e9claration trimestrielle\"},{\"@type\":\"WebPage\",\"@id\":\"https:\/\/www.mes-allocs.fr\/guides\/rsa\/rsa-declaration-trimestrielle\/#webpage\",\"url\":\"https:\/\/www.mes-allocs.fr\/guides\/rsa\/rsa-declaration-trimestrielle\/\",\"name\":\"RSA : comment faire sa d\\u00e9claration trimestrielle \\u00e0 la CAF ? | Mes-Allocs.fr\",\"isPartOf\":{\"@id\":\"https:\/\/www.mes-allocs.fr\/guides\/#website\"},\"primaryImageOfPage\":{\"@id\":\"https:\/\/www.mes-allocs.fr\/guides\/rsa\/rsa-declaration-trimestrielle\/#primaryimage\"},\"datePublished\":\"2021-03-17T10:49:17+00:00\",\"dateModified\":\"2026-04-03T14:48:21+00:00\",\"author\":{\"@id\":\"https:\/\/www.mes-allocs.fr\/guides\/#\/schema\/person\/1c4837d5703727cb02ce84583b5a44aa\"},\"description\":\"Le RSA est vers\\u00e9 aux personnes qui n'ont peu ou pas de ressources. Mes Allocs vous explique comment faire sa d\\u00e9claration trimestrielle CAF.\",\"inLanguage\":\"fr-FR\"},{\"@type\":\"Person\",\"@id\":\"https:\/\/www.mes-allocs.fr\/guides\/#\/schema\/person\/1c4837d5703727cb02ce84583b5a44aa\",\"name\":\"Fabiola\",\"image\":{\"@type\":\"ImageObject\",\"@id\":\"https:\/\/www.mes-allocs.fr\/guides\/#personlogo\",\"inLanguage\":\"fr-FR\",\"url\":\"https:\/\/www.mes-allocs.fr\/guides\/wp-content\/uploads\/2021\/06\/fabiola-150x150.png\",\"caption\":\"Fabiola\"},\"description\":\"Fabiola est r\\u00e9dactrice au sein de l'\\u00e9quipe Mes Allocs, sp\\u00e9cialis\\u00e9e en sciences politiques et affaires publiques. Dipl\\u00f4m\\u00e9e de l'HEIP, elle rejoint Mes Allocs apr\\u00e8s une premi\\u00e8re exp\\u00e9rience \\u00e0 l'Assembl\\u00e9e Nationale.\",\"sameAs\":[\"https:\/\/www.linkedin.com\/in\/cecilia-philippe-b-8a8085195\"]}]}<\/script>\n<!-- \/ Yoast SEO plugin. -->","amp_validity":null,"acf":{"faq":{"1":{"question":"Qui est \u00e9ligible au RSA ?","answer":"Vous pouvez demander le RSA si vous \u00eates \u00e2g\u00e9 d'au moins 25 ans et que vous r\u00e9sidez en France de mani\u00e8re stable et effective. Il n'y a pas d'\u00e2ge plafond pour b\u00e9n\u00e9ficier du RSA."},"2":{"question":"Pourquoi faut-il faire une d\u00e9claration trimestrielle pour le RSA ?","answer":"La d\u00e9claration trimestrielle est indispensable pour recalculer vos droits en fonction de vos revenus r\u00e9cents. Elle permet \u00e0 la CAF d\u2019adapter le montant du RSA \u00e0 votre situation et d\u2019\u00e9viter tout trop-per\u00e7u ou interruption de versement.\r\n\r\n"},"3":{"question":"Quelles sont les nouveaut\u00e9s de la d\u00e9claration trimestrielle ?","answer":"La d\u00e9claration est pr\u00e9-remplie avec certaines informations connues par la CAF, et les p\u00e9riodes \u00e0 d\u00e9clarer ont chang\u00e9. Vous devez d\u00e9clarer les revenus de trois mois entiers avant la d\u00e9claration (ex. en mars, il faut d\u00e9clarer novembre, d\u00e9cembre, janvier)."},"4":{"question":"O\u00f9 et comment faire sa d\u00e9claration trimestrielle ?","answer":"Vous pouvez d\u00e9clarer vos ressources en ligne via votre espace personnel CAF, sur l\u2019application mobile ou en remplissant un formulaire papier disponible sur demande."},"5":{"question":"Quand s'arr\u00eate le versement du RSA ?","answer":"Le RSA ne vous est plus vers\u00e9 si : vous ne respectez pas vos obligations, vous \u00eates hospitalis\u00e9, ou si vous \u00eates incarc\u00e9r\u00e9."},"6":{"question":"Est-ce que les \u00e9trangers ont droit au RSA ?","answer":"Les \u00e9trangers ont le droit de toucher le RSA. Des conditions suppl\u00e9mentaires peuvent s'ajouter (titre de s\u00e9jour, etc.)"},"7":{"question":"","answer":""},"8":{"question":"","answer":""},"9":{"question":"","answer":""},"10":{"question":"","answer":""},"11":{"question":"","answer":""},"12":{"question":"","answer":""},"13":{"question":"","answer":""},"14":{"question":"","answer":""},"15":{"question":"","answer":""},"16":{"question":"","answer":""}}},"_links":{"self":[{"href":"https:\/\/www.mes-allocs.fr\/guides\/wp-json\/wp\/v2\/posts\/22499","targetHints":{"allow":["GET"]}}],"collection":[{"href":"https:\/\/www.mes-allocs.fr\/guides\/wp-json\/wp\/v2\/posts"}],"about":[{"href":"https:\/\/www.mes-allocs.fr\/guides\/wp-json\/wp\/v2\/types\/post"}],"author":[{"embeddable":true,"href":"https:\/\/www.mes-allocs.fr\/guides\/wp-json\/wp\/v2\/users\/7"}],"replies":[{"embeddable":true,"href":"https:\/\/www.mes-allocs.fr\/guides\/wp-json\/wp\/v2\/comments?post=22499"}],"version-history":[{"count":28,"href":"https:\/\/www.mes-allocs.fr\/guides\/wp-json\/wp\/v2\/posts\/22499\/revisions"}],"predecessor-version":[{"id":111615,"href":"https:\/\/www.mes-allocs.fr\/guides\/wp-json\/wp\/v2\/posts\/22499\/revisions\/111615"}],"wp:featuredmedia":[{"embeddable":true,"href":"https:\/\/www.mes-allocs.fr\/guides\/wp-json\/wp\/v2\/media\/22613"}],"wp:attachment":[{"href":"https:\/\/www.mes-allocs.fr\/guides\/wp-json\/wp\/v2\/media?parent=22499"}],"wp:term":[{"taxonomy":"category","embeddable":true,"href":"https:\/\/www.mes-allocs.fr\/guides\/wp-json\/wp\/v2\/categories?post=22499"},{"taxonomy":"post_tag","embeddable":true,"href":"https:\/\/www.mes-allocs.fr\/guides\/wp-json\/wp\/v2\/tags?post=22499"}],"curies":[{"name":"wp","href":"https:\/\/api.w.org\/{rel}","templated":true}]}}