{"id":22333,"date":"2021-03-30T15:18:36","date_gmt":"2021-03-30T15:18:36","guid":{"rendered":"https:\/\/www.mes-allocs.fr\/guides\/?p=22333"},"modified":"2025-10-06T17:26:29","modified_gmt":"2025-10-06T15:26:29","slug":"droit-au-chomage-apres-interim","status":"publish","type":"post","link":"https:\/\/www.mes-allocs.fr\/guides\/chomage\/droit-au-chomage\/droit-au-chomage-situation-professionnelle\/droit-au-chomage-apres-interim\/","title":{"rendered":"Ch\u00f4mage apr\u00e8s int\u00e9rim : est-ce possible en 2025 ?"},"content":{"rendered":"<p><img loading=\"lazy\" decoding=\"async\" class=\"alignnone wp-image-22336\" src=\"https:\/\/www.mes-allocs.fr\/guides\/wp-content\/uploads\/2021\/03\/pexels-elevate-1267338-2-e1615835197703.jpg\" alt=\"A-t-on droit au ch\u00f4mage apr\u00e8s int\u00e9rim ?\" width=\"1920\" height=\"427\" \/><\/p>\n<p>Apr\u00e8s une mission d\u2019int\u00e9rim, il est possible d\u2019avoir droit au ch\u00f4mage, sous certaines conditions. En 2025, les r\u00e8gles ont \u00e9volu\u00e9 et il est important de comprendre comment vous pouvez <a href=\"https:\/\/www.mes-allocs.fr\/guides\/chomage\/droit-au-chomage\/droit-au-chomage-situation-professionnelle\/\">avoir droit au ch\u00f4mage selon votre situation professionnelle<\/a>. Entre dur\u00e9e de travail, d\u00e9marches et calcul de l\u2019allocation, d\u00e9couvrez dans cet article comment fonctionne le<b> droit au ch\u00f4mage apr\u00e8s une mission d&rsquo;int\u00e9rim<\/b>.<\/p>\n<p class=\"p1\"><div class='cta-block'><div class='text'>Simulez votre ch\u00f4mage en 2 min.<\/div><a href='https:\/\/www.mes-allocs.fr\/simulation-chomage?origin=guides\/wp-json\/wp\/v2\/posts\/22333' class='app-button fit'>Simulation gratuite<\/a><\/div><\/p>\n<h1>Peut-on toucher le ch\u00f4mage apr\u00e8s avoir travaill\u00e9 en int\u00e9rim ?<\/h1>\n<p>En tant qu\u2019int\u00e9rimaire,<b> vous pouvez tout \u00e0 fait toucher des allocations ch\u00f4mage<\/b> apr\u00e8s la fin de votre mission. Vous devez justifier d\u2019un certain <b>nombre de temps de travail <\/b>et la fin de la mission doit \u00eatre <b>involontaire<\/b>. Vous devez aussi vous inscrire en tant que demandeur d\u2019emploi aupr\u00e8s de France Travail. Si vous remplissez ces crit\u00e8res, vous avez la possibilit\u00e9 d\u2019avoir droit au ch\u00f4mage.<\/p>\n<h1>Quelles sont les conditions pour b\u00e9n\u00e9ficier du ch\u00f4mage apr\u00e8s une mission d\u2019int\u00e9rim ?<\/h1>\n<h2>Combien de temps faut-il avoir travaill\u00e9 pour toucher le ch\u00f4mage apr\u00e8s un contrat d\u2019int\u00e9rim ?<\/h2>\n<p>La dur\u00e9e minimale requise est d&rsquo;environ 6 mois de travail cumul\u00e9 sur les <b>24 <\/b><b>derniers <\/b><b>mois<\/b> si vous avez moins de 55 ans, soit 130 jours ou 910 h au total, quelle que soit la r\u00e9partition entre missions. Pour les int\u00e9rimaires de 55 ans et plus, cette p\u00e9riode de r\u00e9f\u00e9rence est de <b>36<\/b><b>mois<\/b>.<\/p>\n<h2>Quelle est la p\u00e9riode de r\u00e9f\u00e9rence prise en compte ?<\/h2>\n<p>Comme indiqu\u00e9 pr\u00e9c\u00e9demment, la p\u00e9riode de r\u00e9f\u00e9rence est :<\/p>\n<ul>\n<li aria-level=\"1\"><b>24 mois<\/b> pr\u00e9c\u00e9dant la fin du dernier contrat pour les salari\u00e9s de moins de 55 ans.<\/li>\n<li aria-level=\"1\"><b>36 mois<\/b> pour les salari\u00e9s de 55 ans et plus.<\/li>\n<\/ul>\n<p>La p\u00e9riode de travail cumul\u00e9 dans cette fen\u00eatre permet de d\u00e9terminer l\u2019\u00e9ligibilit\u00e9 et la dur\u00e9e des droits au ch\u00f4mage.<\/p>\n<h2>Les int\u00e9rimaires ont-ils les m\u00eames droits au ch\u00f4mage que les salari\u00e9s en CDI ou CDD ?<\/h2>\n<p>Vos droits en tant qu\u2019int\u00e9rimaire sont <b>les m\u00eames<\/b> droits au ch\u00f4mage que les salari\u00e9s en CDI ou en CDD, sous r\u00e9serve de remplir les conditions d\u2019\u00e9ligibilit\u00e9 g\u00e9n\u00e9rales. En revanche, les propositions de CDI faites par l\u2019employeur \u00e0 l\u2019issue d\u2019une mission d\u2019int\u00e9rim doivent \u00eatre respect\u00e9es sous peine de ne plus avoir droit au ch\u00f4mage si elles sont refus\u00e9es sans motif l\u00e9gitime.<\/p>\n<p><iframe loading=\"lazy\" title=\"Tout savoir sur le ch\u00f4mage en France !\" width=\"500\" height=\"281\" src=\"https:\/\/www.youtube.com\/embed\/jgv9qS4jh7k?feature=oembed\" frameborder=\"0\" allow=\"accelerometer; autoplay; clipboard-write; encrypted-media; gyroscope; picture-in-picture; web-share\" referrerpolicy=\"strict-origin-when-cross-origin\" allowfullscreen><\/iframe><\/p>\n<p class=\"p1\"><div class='cta-block'><div class='text'>Simulez votre ch\u00f4mage en 2 min.<\/div><a href='https:\/\/www.mes-allocs.fr\/simulation-chomage?origin=guides\/wp-json\/wp\/v2\/posts\/22333' class='app-button fit'>Simulation gratuite<\/a><\/div><\/p>\n<h1>Comment est calcul\u00e9e l\u2019allocation ch\u00f4mage apr\u00e8s une mission d\u2019int\u00e9rim ?<\/h1>\n<h2>Qu\u2019est-ce que le Salaire Journalier de R\u00e9f\u00e9rence (SJR) et comment est-il d\u00e9termin\u00e9 pour un int\u00e9rimaire ?<\/h2>\n<p>Le Salaire Journalier de R\u00e9f\u00e9rence (SJR) correspond \u00e0 la <b>moyenne des r\u00e9mun\u00e9rations brutes<\/b> que vous avez per\u00e7ues au cours de votre p\u00e9riode de r\u00e9f\u00e9rence, divis\u00e9e par le nombre de jours travaill\u00e9s dans cette m\u00eame p\u00e9riode. Pour un int\u00e9rimaire, cela inclut tous les salaires per\u00e7us lors des missions d\u2019int\u00e9rim sur une p\u00e9riode d\u00e9finie, g\u00e9n\u00e9ralement les 12 derniers mois civils pr\u00e9c\u00e9dant votre dernier jour travaill\u00e9 et pay\u00e9. France Travail calcule ce SJR pour servir de base au calcul de votre allocation ch\u00f4mage.<\/p>\n<h2>Quelles r\u00e9mun\u00e9rations sont prises en compte dans le calcul des allocations ?<\/h2>\n<p>Les r\u00e9mun\u00e9rations prises en compte dans le calcul de votre droit ch\u00f4mage sont les <b>r\u00e9mun\u00e9rations brutes<\/b> vers\u00e9es lors de vos missions d\u2019int\u00e9rim. En revanche, les indemnit\u00e9s li\u00e9es \u00e0 la rupture du contrat telles que la prime de pr\u00e9carit\u00e9 et les indemnit\u00e9s compensatrices de cong\u00e9s pay\u00e9s sont exclues du calcul du salaire de r\u00e9f\u00e9rence.<\/p>\n<h2>Quel est le montant minimal de l\u2019allocation ch\u00f4mage pour un int\u00e9rimaire ?<\/h2>\n<p>Le montant brut journalier de votre ch\u00f4mage est calcul\u00e9 en fonction de la formule la plus avantageuse entre :<\/p>\n<ul>\n<li aria-level=\"1\"><b>40,4 %<\/b> de votre SJR + une somme forfaitaire de <b>13,18 \u20ac<\/b><\/li>\n<li aria-level=\"1\"><b>57 %<\/b> de votre SJR.<\/li>\n<\/ul>\n<div class='shortcode read-more'><div class='title'>En savoir plus<\/div><div class='content'>Le montant quotidien de l\u2019ARE <b>ne peut pas \u00eatre inf\u00e9rieur \u00e0 32,13 \u20ac<\/b>.<\/div><\/div>\n<h1>Comment s\u2019inscrire \u00e0 France Travail apr\u00e8s un contrat d\u2019int\u00e9rim ?<\/h1>\n<h2>Quelles sont les d\u00e9marches pour s\u2019inscrire \u00e0 France Travail (ex-P\u00f4le emploi) apr\u00e8s une mission d\u2019int\u00e9rim ?<\/h2>\n<p>Pour vous inscrire \u00e0 France Travail, vous devez le faire \u00e0 partir de<b> leur site d\u00e8s la fin de votre mission<\/b>. L\u2019inscription se fait dans la rubrique \u201c<b>S\u2019inscrire, se r\u00e9inscrire<\/b>\u201d o\u00f9 vous remplirez une demande de ch\u00f4mage. Dans certains cas, l\u2019inscription peut \u00eatre automatique. L\u2019attestation employeur est en g\u00e9n\u00e9ral transmise directement par votre agence d\u2019int\u00e9rim \u00e0 France Travail, mais vous pouvez \u00eatre amen\u00e9 \u00e0 la fournir si besoin.<\/p>\n<h2>Dans quels d\u00e9lais faut-il se faire enregistrer comme demandeur d\u2019emploi pour b\u00e9n\u00e9ficier de l\u2019ARE ?<\/h2>\n<p>Vous devez vous inscrire dans <b>un d\u00e9lai maximum de 12 mois apr\u00e8s la fin de votre dernier contrat d\u2019int\u00e9rim <\/b>pour pr\u00e9tendre \u00e0 l\u2019indemnisation ch\u00f4mage. Au-del\u00e0 de ces 12 mois, vous pourrez toujours vous inscrire comme demandeur d\u2019emploi mais vous ne pourrez plus b\u00e9n\u00e9ficier des allocations li\u00e9es \u00e0 cette fin de contrat.<\/p>\n<h2>Quel est le d\u00e9lai de carence avant de percevoir les allocations ch\u00f4mage ?<\/h2>\n<p>Apr\u00e8s votre inscription, un d\u00e9lai de carence automatique de <b>7 jours<\/b> est appliqu\u00e9 avant le d\u00e9but du versement de vos allocations ch\u00f4mage. Ce d\u00e9lai est identique pour tous les demandeurs d\u2019emploi. \u00c0 cela s\u2019ajoute un diff\u00e9r\u00e9 d\u2019indemnisation s\u2019il y a eu versement d\u2019indemnit\u00e9s compensatrices de cong\u00e9s pay\u00e9s \u00e0 la fin de votre mission, ainsi qu\u2019un diff\u00e9r\u00e9 en cas d\u2019indemnit\u00e9s d\u2019un montant sup\u00e9rieur aux minima l\u00e9gaux. Ce diff\u00e9r\u00e9 ne peut pas exc\u00e9der 150 jours calendaires. Ces d\u00e9lais sont \u00e0 prendre en compte dans l\u2019attente du d\u00e9marrage effectif de votre indemnisation.<\/p>\n<h1>Quel impact a la reprise d\u2019une nouvelle mission d\u2019int\u00e9rim sur le montant de l\u2019allocation ?<\/h1>\n<h2>Le cumul salaire et ARE est-il possible pendant une nouvelle mission d\u2019int\u00e9rim ?<\/h2>\n<p>Vous pouvez cumuler votre salaire issu d\u2019une mission d\u2019int\u00e9rim avec une partie de votre ch\u00f4mage. Ce cumul est <b>possible<\/b> tant que votre revenu total ne d\u00e9passe pas le montant de votre salaire journalier de r\u00e9f\u00e9rence multipli\u00e9 par le nombre de jours travaill\u00e9s. De cette fa\u00e7on, l\u2019allocation ch\u00f4mage vient en compl\u00e9ment de votre salaire d\u2019int\u00e9rim.<\/p>\n<h2>Comment se fait le recalcul des droits par France Travail en cas de reprise d\u2019activit\u00e9 int\u00e9rimaire ?<\/h2>\n<p>Chaque mois, lors de votre actualisation, vous devez d\u00e9clarer le nombre d\u2019heures travaill\u00e9es et le revenu per\u00e7u. France Travail calcule alors vos allocations ch\u00f4mage en d\u00e9duisant <b>70 %<\/b> de votre revenu brut mensuel de votre allocation mensuelle. Le montant restant est divis\u00e9 par le montant de votre allocation journali\u00e8re pour d\u00e9terminer le nombre de jours indemnis\u00e9s.<\/p>\n<div class='shortcode tips'><div class='title'>Exemple<\/div><div class='content'>Supposons que votre allocation ch\u00f4mage mensuelle habituelle soit de 900 \u20ac (bas\u00e9e sur votre salaire journalier de r\u00e9f\u00e9rence) et que vous retrouviez une mission d\u2019int\u00e9rim durant laquelle vous percevez un salaire brut mensuel de 400 \u20ac.<\/p>\n<p>Lors de votre actualisation mensuelle, vous d\u00e9clarez ces 400 \u20ac de salaire brut.<\/p>\n<p>France Travail va alors d\u00e9duire 70 % de ce salaire brut de votre allocation mensuelle :<\/p>\n<ul>\n<li aria-level=\"1\">70 % de 400 \u20ac = 280 \u20ac<\/li>\n<li aria-level=\"1\">Montant restant de l\u2019allocation : 900 \u20ac &#8211; 280 \u20ac = 620 \u20ac<\/li>\n<\/ul>\n<p>France Travail calcule ensuite le nombre de jours indemnis\u00e9s en divisant cette somme par votre allocation journali\u00e8re (par exemple 30 \u20ac) :<\/p>\n<ul>\n<li aria-level=\"1\">620 \u20ac \u00f7 30 \u20ac = environ 20,6 jours indemnis\u00e9s<\/li>\n<\/ul>\n<p>Ainsi, vous recevrez pour ce mois-ci le salaire de 400 \u20ac pour les jours travaill\u00e9s et une allocation ch\u00f4mage \u00e9quivalente \u00e0 environ 20,6 jours \u00e0 30 \u20ac par jour, soit 618 \u20ac environ, pour compenser la p\u00e9riode o\u00f9 vous n\u2019avez pas travaill\u00e9.<\/p>\n<p><\/div><\/div>\n<div class='shortcode summary'><div class='title'>En r\u00e9sum\u00e9 :<\/div><div class='content'><ul><li>Vous pouvez avoir<b> droit au ch\u00f4mage<\/b> apr\u00e8s une mission d\u2019int\u00e9rim, \u00e0 condition que la fin de mission soit <b>involontaire<\/b> et que vous remplissiez les <b>crit\u00e8res d\u2019\u00e9ligibilit\u00e9<\/b>.<\/li><li>Vous devez avoir travaill\u00e9 au moins <b>6 mois sur les 24 derniers mois<\/b> si vous avez<b> moins de 55 ans<\/b> ou <b>36 mois<\/b> si vous avez <b>55 ans ou plus<\/b>.<\/li><li>En tant qu\u2019int\u00e9rimaire, vous avez les <b>m\u00eames droits au ch\u00f4mage <\/b>que les salari\u00e9s en CDI ou en CDD.<\/li><li>Le montant de votre ch\u00f4mage est calcul\u00e9 \u00e0 partir de votre <b>salaire journalier de r\u00e9f\u00e9rence<\/b>.<\/li><li>Vous devez vous inscrire sur France Travai<b>l dans les 12 mois <\/b>qui suivent votre derni\u00e8re mission.<\/li><\/ul><\/div><\/div>\n<p class=\"p1\"><div class='cta-block'><div class='text'>Simulez votre ch\u00f4mage en 2 min.<\/div><a href='https:\/\/www.mes-allocs.fr\/simulation-chomage?origin=guides\/wp-json\/wp\/v2\/posts\/22333' class='app-button fit'>Simulation gratuite<\/a><\/div><\/p>\n","protected":false},"excerpt":{"rendered":"<p>Apr\u00e8s une mission d\u2019int\u00e9rim, il est possible d\u2019avoir droit au ch\u00f4mage, sous certaines conditions. En 2025, les r\u00e8gles ont \u00e9volu\u00e9 et il est important de comprendre comment vous pouvez avoir droit au ch\u00f4mage selon votre situation professionnelle. Entre dur\u00e9e de travail, d\u00e9marches et calcul de l\u2019allocation, d\u00e9couvrez dans cet article comment fonctionne le droit au [&hellip;]<\/p>\n","protected":false},"author":6,"featured_media":22336,"comment_status":"open","ping_status":"open","sticky":false,"template":"","format":"standard","meta":{"amp_status":"","footnotes":""},"categories":[2991,7155,2989],"tags":[],"class_list":["post-22333","post","type-post","status-publish","format-standard","has-post-thumbnail","hentry","category-droit-au-chomage","category-droit-au-chomage-situation-professionnelle","category-chomage"],"yoast_head":"<!-- This site is optimized with the Yoast SEO plugin v14.9 - https:\/\/yoast.com\/wordpress\/plugins\/seo\/ -->\n<title>Ch\u00f4mage apr\u00e8s int\u00e9rim : est-ce possible en 2025 ? | Mes-Allocs.fr<\/title>\n<meta name=\"description\" content=\"Les int\u00e9rimaires, tout comme tout autre travailleur, peuvent conna\u00eetre des p\u00e9riodes de ch\u00f4mage. Mais peuvent-ils b\u00e9n\u00e9ficier des allocations ?\" \/>\n<meta name=\"robots\" content=\"index, follow, max-snippet:-1, max-image-preview:large, max-video-preview:-1\" \/>\n<link rel=\"canonical\" href=\"https:\/\/www.mes-allocs.fr\/guides\/chomage\/droit-au-chomage\/droit-au-chomage-situation-professionnelle\/droit-au-chomage-apres-interim\/\" \/>\n<meta property=\"og:locale\" content=\"fr_FR\" \/>\n<meta property=\"og:type\" content=\"article\" \/>\n<meta property=\"og:title\" content=\"Ch\u00f4mage apr\u00e8s int\u00e9rim : est-ce possible en 2025 ? | Mes-Allocs.fr\" \/>\n<meta property=\"og:description\" content=\"Les int\u00e9rimaires, tout comme tout autre travailleur, peuvent conna\u00eetre des p\u00e9riodes de ch\u00f4mage. Mais peuvent-ils b\u00e9n\u00e9ficier des allocations ?\" \/>\n<meta property=\"og:url\" content=\"https:\/\/www.mes-allocs.fr\/guides\/chomage\/droit-au-chomage\/droit-au-chomage-situation-professionnelle\/droit-au-chomage-apres-interim\/\" \/>\n<meta property=\"og:site_name\" content=\"Mes-Allocs.fr\" \/>\n<meta property=\"article:published_time\" content=\"2021-03-30T15:18:36+00:00\" \/>\n<meta property=\"article:modified_time\" content=\"2025-10-06T15:26:29+00:00\" \/>\n<meta property=\"og:image\" content=\"https:\/\/www.mes-allocs.fr\/guides\/wp-content\/uploads\/2021\/03\/pexels-elevate-1267338-2-e1615893501496.jpg?wsr\" \/>\n\t<meta property=\"og:image:width\" content=\"1920\" \/>\n\t<meta property=\"og:image:height\" content=\"374\" \/>\n<meta name=\"twitter:card\" content=\"summary_large_image\" \/>\n<script type=\"application\/ld+json\" class=\"yoast-schema-graph\">{\"@context\":\"https:\/\/schema.org\",\"@graph\":[{\"@type\":\"WebSite\",\"@id\":\"https:\/\/www.mes-allocs.fr\/guides\/#website\",\"url\":\"https:\/\/www.mes-allocs.fr\/guides\/\",\"name\":\"Mes-Allocs.fr\",\"description\":\"\",\"potentialAction\":[{\"@type\":\"SearchAction\",\"target\":\"https:\/\/www.mes-allocs.fr\/guides\/?s={search_term_string}\",\"query-input\":\"required name=search_term_string\"}],\"inLanguage\":\"fr-FR\"},{\"@type\":\"ImageObject\",\"@id\":\"https:\/\/www.mes-allocs.fr\/guides\/chomage\/droit-au-chomage\/droit-au-chomage-situation-professionnelle\/droit-au-chomage-apres-interim\/#primaryimage\",\"inLanguage\":\"fr-FR\",\"url\":\"https:\/\/www.mes-allocs.fr\/guides\/wp-content\/uploads\/2021\/03\/pexels-elevate-1267338-2-e1615893501496.jpg?wsr\",\"width\":1920,\"height\":374,\"caption\":\"pexels elevate 1267338 2 e1615893501496\"},{\"@type\":\"WebPage\",\"@id\":\"https:\/\/www.mes-allocs.fr\/guides\/chomage\/droit-au-chomage\/droit-au-chomage-situation-professionnelle\/droit-au-chomage-apres-interim\/#webpage\",\"url\":\"https:\/\/www.mes-allocs.fr\/guides\/chomage\/droit-au-chomage\/droit-au-chomage-situation-professionnelle\/droit-au-chomage-apres-interim\/\",\"name\":\"Ch\\u00f4mage apr\\u00e8s int\\u00e9rim : est-ce possible en 2025 ? | Mes-Allocs.fr\",\"isPartOf\":{\"@id\":\"https:\/\/www.mes-allocs.fr\/guides\/#website\"},\"primaryImageOfPage\":{\"@id\":\"https:\/\/www.mes-allocs.fr\/guides\/chomage\/droit-au-chomage\/droit-au-chomage-situation-professionnelle\/droit-au-chomage-apres-interim\/#primaryimage\"},\"datePublished\":\"2021-03-30T15:18:36+00:00\",\"dateModified\":\"2025-10-06T15:26:29+00:00\",\"author\":{\"@id\":\"https:\/\/www.mes-allocs.fr\/guides\/#\/schema\/person\/0ecd61a8600573914d00d970a588c024\"},\"description\":\"Les int\\u00e9rimaires, tout comme tout autre travailleur, peuvent conna\\u00eetre des p\\u00e9riodes de ch\\u00f4mage. Mais peuvent-ils b\\u00e9n\\u00e9ficier des allocations ?\",\"inLanguage\":\"fr-FR\"},{\"@type\":\"Person\",\"@id\":\"https:\/\/www.mes-allocs.fr\/guides\/#\/schema\/person\/0ecd61a8600573914d00d970a588c024\",\"name\":\"Jonathan\",\"image\":{\"@type\":\"ImageObject\",\"@id\":\"https:\/\/www.mes-allocs.fr\/guides\/#personlogo\",\"inLanguage\":\"fr-FR\",\"url\":\"https:\/\/www.mes-allocs.fr\/guides\/wp-content\/uploads\/2021\/06\/jonathan-150x150.png\",\"caption\":\"Jonathan\"},\"description\":\"Jonathan est r\\u00e9dacteur au sein de l'\\u00e9quipe Mes Allocs, sp\\u00e9cialis\\u00e9 sur les sujets li\\u00e9s au handicap. Dipl\\u00f4m\\u00e9e de l'UPEM, il rejoint Mes Allocs apr\\u00e8s avoir travaill\\u00e9 \\u00e0 l'association AEDE qui accompagne les adultes en situation de handicap. Quand il n'\\u00e9crit pas, on peut le retrouver sur un terrain de basket.\",\"sameAs\":[\"https:\/\/www.linkedin.com\/in\/jonathan-bambela-8637861b7\"]}]}<\/script>\n<!-- \/ Yoast SEO plugin. -->","amp_validity":null,"acf":{"faq":{"1":{"question":"Puis-je toucher le ch\u00f4mage apr\u00e8s une mission int\u00e9rim ?","answer":"Oui, votre mission d'int\u00e9rim vous ouvre droit au ch\u00f4mage. "},"2":{"question":"Quand dois-je d\u00e9clarer mon int\u00e9rim \u00e0 France Travail ?","answer":"Vous devez d\u00e9clarer votre mission d\u2019int\u00e9rim chaque mois lors de votre actualisation de situation aupr\u00e8s de France Travail."},"3":{"question":"Combien de mois de travail faut-il cumuler pour b\u00e9n\u00e9ficier du ch\u00f4mage ?","answer":"Pour b\u00e9n\u00e9ficier du ch\u00f4mage, vous devez avoir cumul\u00e9 au moins 6 mois de travail (soit 130 jours ou 910 h) au cours des 24 derniers mois (ou des 36 derniers mois si vous avez 55 ans ou plus).\r\n\r\n"},"4":{"question":"Quels sont mes droits en int\u00e9rim ?","answer":"Vous avez les m\u00eames droits que les salari\u00e9s permanents."},"5":{"question":"Est-ce que l'int\u00e9rim compte pour la retraite ?","answer":"Oui, le travail en int\u00e9rim compte pour votre retraite, car vous cotisez \u00e0 chaque mission au r\u00e9gime g\u00e9n\u00e9ral et \u00e0 la retraite compl\u00e9mentaire, ce qui vous permet de valider des trimestres selon le montant total de vos cotisations annuelles."},"6":{"question":"Quelle est la dur\u00e9e maximale de l'int\u00e9rim ?","answer":"La dur\u00e9e maximale d\u2019un contrat d\u2019int\u00e9rim, renouvellements compris, est g\u00e9n\u00e9ralement de 18 mois, mais elle peut varier de 9 \u00e0 36 mois selon la nature de la mission."},"7":{"question":"","answer":""},"8":{"question":"","answer":""},"9":{"question":"","answer":""},"10":{"question":"","answer":""},"11":{"question":"","answer":""},"12":{"question":"","answer":""},"13":{"question":"","answer":""},"14":{"question":"","answer":""},"15":{"question":"","answer":""},"16":{"question":"","answer":""}}},"_links":{"self":[{"href":"https:\/\/www.mes-allocs.fr\/guides\/wp-json\/wp\/v2\/posts\/22333","targetHints":{"allow":["GET"]}}],"collection":[{"href":"https:\/\/www.mes-allocs.fr\/guides\/wp-json\/wp\/v2\/posts"}],"about":[{"href":"https:\/\/www.mes-allocs.fr\/guides\/wp-json\/wp\/v2\/types\/post"}],"author":[{"embeddable":true,"href":"https:\/\/www.mes-allocs.fr\/guides\/wp-json\/wp\/v2\/users\/6"}],"replies":[{"embeddable":true,"href":"https:\/\/www.mes-allocs.fr\/guides\/wp-json\/wp\/v2\/comments?post=22333"}],"version-history":[{"count":27,"href":"https:\/\/www.mes-allocs.fr\/guides\/wp-json\/wp\/v2\/posts\/22333\/revisions"}],"predecessor-version":[{"id":104337,"href":"https:\/\/www.mes-allocs.fr\/guides\/wp-json\/wp\/v2\/posts\/22333\/revisions\/104337"}],"wp:featuredmedia":[{"embeddable":true,"href":"https:\/\/www.mes-allocs.fr\/guides\/wp-json\/wp\/v2\/media\/22336"}],"wp:attachment":[{"href":"https:\/\/www.mes-allocs.fr\/guides\/wp-json\/wp\/v2\/media?parent=22333"}],"wp:term":[{"taxonomy":"category","embeddable":true,"href":"https:\/\/www.mes-allocs.fr\/guides\/wp-json\/wp\/v2\/categories?post=22333"},{"taxonomy":"post_tag","embeddable":true,"href":"https:\/\/www.mes-allocs.fr\/guides\/wp-json\/wp\/v2\/tags?post=22333"}],"curies":[{"name":"wp","href":"https:\/\/api.w.org\/{rel}","templated":true}]}}