{"id":22109,"date":"2021-03-19T11:15:16","date_gmt":"2021-03-19T11:15:16","guid":{"rendered":"https:\/\/www.mes-allocs.fr\/guides\/?p=22109"},"modified":"2025-10-06T17:26:43","modified_gmt":"2025-10-06T15:26:43","slug":"droit-chomage-statut-etudiant","status":"publish","type":"post","link":"https:\/\/www.mes-allocs.fr\/guides\/chomage\/droit-au-chomage\/droit-au-chomage-situation-professionnelle\/droit-chomage-statut-etudiant\/","title":{"rendered":"Ai-je droit au ch\u00f4mage en \u00e9tant \u00e9tudiant ?"},"content":{"rendered":"<p>En tant qu\u2019\u00e9tudiant, vous vous demandez peut-\u00eatre si vous pouvez pr\u00e9tendre au ch\u00f4mage en cas de perte de votre emploi. La r\u00e9ponse \u00e0 cette question d\u00e9pend en r\u00e9alit\u00e9 de plusieurs facteurs. En effet, le <a href=\"https:\/\/www.mes-allocs.fr\/guides\/chomage\/droit-au-chomage\/droit-au-chomage-situation-professionnelle\/\">droit au ch\u00f4mage selon votre situation professionnelle<\/a> ne se limite pas \u00e0 votre statut d\u2019\u00e9tudiant. Dans cet article, d\u00e9couvrez comment fonctionne le <strong>droit au ch\u00f4mage pour un \u00e9<\/strong><b>tudiant<\/b>.<\/p>\n<div class=\"content-wrap drop-shadow\">\n<p class=\"p1\"><div class='cta-block'><div class='text'>Simulez votre ch\u00f4mage en 2 min.<\/div><a href='https:\/\/www.mes-allocs.fr\/simulation-chomage?origin=guides\/wp-json\/wp\/v2\/posts\/22109' class='app-button fit'>Simulation gratuite<\/a><\/div><\/p>\n<h1>Peut-on toucher le ch\u00f4mage en \u00e9tant \u00e9tudiant ?<\/h1>\n<p>En tant qu\u2019\u00e9tudiant, <b>vous pouvez avoir le droit de toucher le ch\u00f4mage<\/b>, mais seulement sous certaines conditions. L\u2019ouverture de vos droits ne d\u00e9pend pas uniquement de votre statut d\u2019\u00e9tudiant, mais surtout de vos exp\u00e9riences professionnelles ant\u00e9rieures et de la mani\u00e8re dont vous avez quitt\u00e9 votre dernier emploi.<\/p>\n<h1>Quelles sont les conditions pour qu\u2019un \u00e9tudiant ait droit au ch\u00f4mage ?<\/h1>\n<h2>Combien de temps faut-il avoir travaill\u00e9 pour \u00eatre \u00e9ligible ?<\/h2>\n<p>Pour avoir droit au ch\u00f4mage en tant qu\u2019\u00e9tudiant, vous devez avoir travaill\u00e9 au moins <b>130<\/b><b>jours ou 910 h<\/b>, soit environ 6 mois,<b> au cours des 24 derniers mois pr\u00e9c\u00e9dant la fin de votre dernier contrat<\/b>. Cette p\u00e9riode de travail peut \u00eatre continue ou fractionn\u00e9e, en incluant vos jobs \u00e9tudiants, vos contrats saisonniers ou vos CDD. La perte de votre emploi doit \u00eatre involontaire, notamment dans le cadre :<\/p>\n<ul>\n<li aria-level=\"1\">D\u2019une<b> fin de CDD<\/b><\/li>\n<li aria-level=\"1\">D\u2019un <b>licenciement<\/b><\/li>\n<li aria-level=\"1\">D\u2019une <b>rupture conventionnelle<\/b><\/li>\n<\/ul>\n<h2>Quelles sont les conditions li\u00e9es \u00e0 la formation et \u00e0 l\u2019assiduit\u00e9 ?<\/h2>\n<p>Votre formation doit \u00eatre <b>compatible<\/b> avec la recherche ou l\u2019exercice d\u2019un emploi. Cela se traduit notamment par un volume horaire hebdomadaire <b>inf\u00e9rieur ou \u00e9gal \u00e0 40 h<\/b>. De plus, vous devez respecter l\u2019assiduit\u00e9 aux cours et examens telle que d\u00e9finie par votre \u00e9tablissement pour ne pas compromettre votre statut. France Travail examine ces \u00e9l\u00e9ments pour valider que vous \u00eates effectivement \u201cdisponible\u201d sur le march\u00e9 de l\u2019emploi malgr\u00e9 votre statut \u00e9tudiant.<\/p>\n<h1>Dans quels cas le droit au ch\u00f4mage \u00e9tudiant est-il accord\u00e9 ou refus\u00e9 ?<\/h1>\n<h2>Quelles situations professionnelles permettent d\u2019ouvrir des droits au ch\u00f4mage ?<\/h2>\n<p>Vous pouvez ouvrir des droits au ch\u00f4mage si vous avez :<\/p>\n<ul>\n<li aria-level=\"1\">Perdu <b>involontairement<\/b> un emploi salari\u00e9<\/li>\n<li aria-level=\"1\">Travaill\u00e9 au moins <b>130 jours ou 910 h pendant les 24 derniers mois<\/b><\/li>\n<li aria-level=\"1\">Exerc\u00e9 des emplois <b>r\u00e9mun\u00e9r\u00e9s<\/b> s<b>oumis \u00e0 cotisations ch\u00f4mage<\/b><\/li>\n<li aria-level=\"1\">Termin\u00e9 un <b>contrat d\u2019alternance\u00a0<\/b><\/li>\n<\/ul>\n<h2>Est-ce que tous les \u00e9tudiants ont droit \u00e0 l\u2019ARE (Allocation de Retour \u00e0 l\u2019Emploi) ?<\/h2>\n<p>Tous les \u00e9tudiants <b>n\u2019ont pas droit au ch\u00f4mage<\/b>. L\u2019ARE est r\u00e9serv\u00e9e aux \u00e9tudiants qui ont d\u00e9j\u00e0 travaill\u00e9 suffisamment et ont involontairement perdu leur emploi. Les \u00e9tudiants en formation initiale sans emploi pr\u00e9alable, les stagiaires non r\u00e9mun\u00e9r\u00e9s ou ceux b\u00e9n\u00e9ficiant d\u2019une bourse sur crit\u00e8res sociaux ne peuvent g\u00e9n\u00e9ralement pas en b\u00e9n\u00e9ficier.<\/p>\n<h2>Quel est le r\u00f4le de la recherche active d\u2019emploi pour les \u00e9tudiants ?<\/h2>\n<p>En tant qu&rsquo;\u00e9tudiant, la recherche active d&#8217;emploi est une <b>condition<\/b> pour pouvoir b\u00e9n\u00e9ficier de l&rsquo;allocation ch\u00f4mage. Vous devez <b>prouver<\/b> que vous \u00eates disponible pour un emploi, m\u00eame tout en poursuivant vos \u00e9tudes. Votre emploi du temps doit donc permettre cette disponibilit\u00e9.<\/p>\n<h2>Les stages et alternances comptent-ils pour le ch\u00f4mage \u00e9tudiant ?<\/h2>\n<p>Les p\u00e9riodes de stage <b>ne sont pas prises en compte<\/b> pour l&rsquo;ouverture d&rsquo;un droit au ch\u00f4mage, sauf dans le cas o\u00f9 le stage est <b>r\u00e9mun\u00e9r\u00e9<\/b> au niveau d\u2019un contrat de travail avec cotisations sociales. En revanche, les contrats d\u2019alternance, qu\u2019il s\u2019agisse d\u2019un apprentissage ou d\u2019un contrat de professionnalisation, sont bien <b>reconnus<\/b> pour l\u2019acquisition de droits au ch\u00f4mage. La fin d\u2019un contrat en alternance peut donc vous permettre d\u2019ouvrir des droits \u00e0 l\u2019ARE.<\/p>\n<p class=\"p1\"><div class='cta-block'><div class='text'>Simulez votre ch\u00f4mage en 2 min.<\/div><a href='https:\/\/www.mes-allocs.fr\/simulation-chomage?origin=guides\/wp-json\/wp\/v2\/posts\/22109' class='app-button fit'>Simulation gratuite<\/a><\/div><\/p>\n<h1>Comment est calcul\u00e9e l\u2019ARE pour un \u00e9tudiant ?<\/h1>\n<p>Le calcul de l\u2019ARE pour un \u00e9tudiant se base sur le salaire journalier de r\u00e9f\u00e9rence (SJR). L&rsquo;ARE correspond ensuite au montant le plus \u00e9lev\u00e9 entre deux formules :<\/p>\n<ul>\n<li aria-level=\"1\"><b>40,4 % du SJR <\/b>+ une somme forfaitaire de <b>13,18 \u20ac<\/b>.<\/li>\n<li aria-level=\"1\"><b>57 % du SJR<\/b>, avec un plafond de <b>70 %<\/b> du SJR.<\/li>\n<\/ul>\n<div class='shortcode tips'><div class='title'>Exemple<\/div><div class='content'>Si vous \u00eates un \u00e9tudiant avec un SJR de 68,40 \u20ac :<\/p>\n<ul>\n<li aria-level=\"1\">40,4% \u00d7 68,40 + 13,18 = 40,81 \u20ac<\/li>\n<li aria-level=\"1\">57% \u00d7 68,40 = 38,99 \u20ac<\/li>\n<\/ul>\n<p>Le montant retenu sera 40,81 \u20ac, puisqu\u2019il est le plus \u00e9lev\u00e9 et inf\u00e9rieur \u00e0 70 % du SJR (soit 47,88 \u20ac).<\/p>\n<p><\/div><\/div>\n<p>&nbsp;<\/p>\n<h1>Comment s&rsquo;inscrire \u00e0 France Travail si vous \u00eates \u00e9tudiant ?<\/h1>\n<p>En tant qu\u2019\u00e9tudiant, vous pouvez faire votre inscription de plusieurs fa\u00e7ons diff\u00e9rentes :<\/p>\n<ul>\n<li><b>En ligne<\/b> depuis le site de France Travail dans la rubrique <b>\u201cM\u2019inscrire \/ Me r\u00e9inscrire\u201d<\/b>.<\/li>\n<li><b>En agence<\/b><\/li>\n<li>Sur les <b>bornes<\/b> dans l\u2019agence France Travail.<\/li>\n<\/ul>\n<p>Lors de votre inscription, France Travail vous demandera certaines<b> informations personnelles <\/b>ainsi que des <b>documents<\/b> comme votre pi\u00e8ce d\u2019identit\u00e9, votre CV et votre RIB. Si vous n\u2019avez pas tous les documents imm\u00e9diatement, vous pouvez quand m\u00eame commencer l\u2019inscription et les transmettre plus tard.<\/p>\n<p><iframe loading=\"lazy\" title=\"Tout savoir sur le ch\u00f4mage en France !\" width=\"500\" height=\"281\" src=\"https:\/\/www.youtube.com\/embed\/jgv9qS4jh7k?feature=oembed\" frameborder=\"0\" allow=\"accelerometer; autoplay; clipboard-write; encrypted-media; gyroscope; picture-in-picture; web-share\" referrerpolicy=\"strict-origin-when-cross-origin\" allowfullscreen><\/iframe><\/p>\n<h1>Quel est l\u2019int\u00e9r\u00eat d\u2019\u00eatre inscrit \u00e0 France Travail sans toucher l\u2019allocation ch\u00f4mage ?<\/h1>\n<p>M\u00eame si vous ne touchez pas l\u2019allocation ch\u00f4mage, \u00eatre inscrit \u00e0 France Travail vous permettra d\u2019acc\u00e9der \u00e0 un <b>accompagnement<\/b> adapt\u00e9 \u00e0 votre situation. Vous aurez un conseiller attitr\u00e9 qui vous aidera \u00e0 construire votre parcours professionnel et \u00e0 renforcer vos chances de retour \u00e0 l\u2019emploi.<\/p>\n<p>Vous aurez aussi acc\u00e8s \u00e0 des offres d\u2019emploi et de formation, ainsi qu\u2019\u00e0 des ateliers, \u00e9v\u00e9nements et conseils personnalis\u00e9s permettant d\u2019am\u00e9liorer vos techniques de recherche d\u2019emploi. Par ailleurs, certaines aides sont accessibles m\u00eame sans indemnisation, selon votre situation.<\/p>\n<h1>Quelles alternatives pour les \u00e9tudiants non \u00e9ligibles au ch\u00f4mage ?<\/h1>\n<p>Si vous \u00eates \u00e9tudiant mais que vous n\u2019\u00eates pas \u00e9ligible au ch\u00f4mage, vous pouvez :<\/p>\n<ul>\n<li aria-level=\"1\">B\u00e9n\u00e9ficier de <b>l&rsquo;accompagnement<\/b> de France Travail pour votre recherche d\u2019emploi.<\/li>\n<li aria-level=\"1\">Profiter de l&rsquo;<b>accompagnement individualis\u00e9 des jeunes<\/b> (AIJ) pour un suivi de 6 mois si vous avez moins de 26 ans et que vous \u00eates en difficult\u00e9 d\u2019insertion professionnelle.<\/li>\n<li aria-level=\"1\">Demander le <b>contrat d\u2019engagement jeune<\/b> (CEJ) apr\u00e8s l\u2019obtention de votre dipl\u00f4me.<\/li>\n<li aria-level=\"1\">Utiliser les services de la <b>Mission locale<\/b>.<\/li>\n<\/ul>\n<h1>Peut-on cumuler allocations ch\u00f4mage et bourse \u00e9tudiante ?<\/h1>\n<p>Vous <b>ne pouvez pas cumuler le ch\u00f4mage avec une bourse \u00e9tudiante<\/b> sur crit\u00e8res sociaux vers\u00e9e par le CROUS, car une fois que vous \u00eates inscrit aupr\u00e8s de France Travail, vous perdez votre statut d\u2019\u00e9tudiant aux yeux du CROUS, ce qui entra\u00eene l\u2019arr\u00eat de la bourse et peut m\u00eame conduire \u00e0 un remboursement des sommes que vous n&rsquo;auriez pas d\u00fb recevoir.<\/p>\n<p>Ce cumul est donc consid\u00e9r\u00e9 comme incompatible car le ch\u00f4mage suppose une disponibilit\u00e9 imm\u00e9diate et une recherche active d\u2019emploi, ce qui entre en contradiction avec l\u2019assiduit\u00e9 n\u00e9cessaire pour avoir une bourse \u00e9tudiante.<\/p>\n<div class='shortcode summary'><div class='title'>En r\u00e9sum\u00e9 :<\/div><div class='content'><ul><li>Un \u00e9tudiant peut avoir droit au ch\u00f4mage s\u2019il a travaill\u00e9 au moins <b>130 jours ou 910 h au cours des 24 derniers mois<\/b> et a perdu son emploi de fa\u00e7on <b>involontaire<\/b>.<\/li><li>Votre formation doit \u00eatre <b>compatible<\/b> avec la recherche active d\u2019emploi. Vous devez <b>prouvez<\/b> que vous \u00eates disponible sur le march\u00e9 du travail tout en poursuivant vos \u00e9tudes.<\/li><li> Contrairement aux stages, les contrats d\u2019alternance permettent<b> d\u2019acqu\u00e9rir des droits au ch\u00f4mage<\/b>, \u00e0 condition que vous soyez <b>salari\u00e9<\/b> et <b>cotisiez<\/b> \u00e0 l\u2019assurance ch\u00f4mage.<\/li><li>M\u00eame sans droit \u00e0 l\u2019ARE, l\u2019inscription \u00e0 France Travail vous offre des avantages, comme un <b>accompagnement<\/b><b>personnalis\u00e9<\/b> et l\u2019<b>acc\u00e8s \u00e0 des offres d&#8217;emploi et de formation<\/b>. <\/li><\/ul><\/div><\/div>\n<p class=\"p1\"><div class='cta-block'><div class='text'>Simulez votre ch\u00f4mage en 2 min.<\/div><a href='https:\/\/www.mes-allocs.fr\/simulation-chomage?origin=guides\/wp-json\/wp\/v2\/posts\/22109' class='app-button fit'>Simulation gratuite<\/a><\/div><\/p>\n<\/div>\n","protected":false},"excerpt":{"rendered":"<p>En tant qu\u2019\u00e9tudiant, vous vous demandez peut-\u00eatre si vous pouvez pr\u00e9tendre au ch\u00f4mage en cas de perte de votre emploi. La r\u00e9ponse \u00e0 cette question d\u00e9pend en r\u00e9alit\u00e9 de plusieurs facteurs. En effet, le droit au ch\u00f4mage selon votre situation professionnelle ne se limite pas \u00e0 votre statut d\u2019\u00e9tudiant. Dans cet article, d\u00e9couvrez comment fonctionne [&hellip;]<\/p>\n","protected":false},"author":7,"featured_media":22197,"comment_status":"open","ping_status":"open","sticky":false,"template":"","format":"standard","meta":{"amp_status":"","footnotes":""},"categories":[2991,7155,2989],"tags":[],"class_list":["post-22109","post","type-post","status-publish","format-standard","has-post-thumbnail","hentry","category-droit-au-chomage","category-droit-au-chomage-situation-professionnelle","category-chomage"],"yoast_head":"<!-- This site is optimized with the Yoast SEO plugin v14.9 - https:\/\/yoast.com\/wordpress\/plugins\/seo\/ -->\n<title>Ai-je droit au ch\u00f4mage en \u00e9tant \u00e9tudiant ? | Mes-Allocs.fr<\/title>\n<meta name=\"description\" content=\"Vous \u00eates \u00e9tudiant et vous souhaitez percevoir les allocations ch\u00f4mage ? Elles sont vers\u00e9es uniquement dans certains cas. Explications.\" \/>\n<meta name=\"robots\" content=\"index, follow, max-snippet:-1, max-image-preview:large, max-video-preview:-1\" \/>\n<link rel=\"canonical\" href=\"https:\/\/www.mes-allocs.fr\/guides\/chomage\/droit-au-chomage\/droit-au-chomage-situation-professionnelle\/droit-chomage-statut-etudiant\/\" \/>\n<meta property=\"og:locale\" content=\"fr_FR\" \/>\n<meta property=\"og:type\" content=\"article\" \/>\n<meta property=\"og:title\" content=\"Ai-je droit au ch\u00f4mage en \u00e9tant \u00e9tudiant ? | Mes-Allocs.fr\" \/>\n<meta property=\"og:description\" content=\"Vous \u00eates \u00e9tudiant et vous souhaitez percevoir les allocations ch\u00f4mage ? Elles sont vers\u00e9es uniquement dans certains cas. Explications.\" \/>\n<meta property=\"og:url\" content=\"https:\/\/www.mes-allocs.fr\/guides\/chomage\/droit-au-chomage\/droit-au-chomage-situation-professionnelle\/droit-chomage-statut-etudiant\/\" \/>\n<meta property=\"og:site_name\" content=\"Mes-Allocs.fr\" \/>\n<meta property=\"article:published_time\" content=\"2021-03-19T11:15:16+00:00\" \/>\n<meta property=\"article:modified_time\" content=\"2025-10-06T15:26:43+00:00\" \/>\n<meta property=\"og:image\" content=\"https:\/\/www.mes-allocs.fr\/guides\/wp-content\/uploads\/2021\/03\/pexels-oladimeji-ajegbile-2380263-2-e1615799475237.jpg?wsr\" \/>\n\t<meta property=\"og:image:width\" content=\"1280\" \/>\n\t<meta property=\"og:image:height\" content=\"272\" \/>\n<meta name=\"twitter:card\" content=\"summary_large_image\" \/>\n<script type=\"application\/ld+json\" class=\"yoast-schema-graph\">{\"@context\":\"https:\/\/schema.org\",\"@graph\":[{\"@type\":\"WebSite\",\"@id\":\"https:\/\/www.mes-allocs.fr\/guides\/#website\",\"url\":\"https:\/\/www.mes-allocs.fr\/guides\/\",\"name\":\"Mes-Allocs.fr\",\"description\":\"\",\"potentialAction\":[{\"@type\":\"SearchAction\",\"target\":\"https:\/\/www.mes-allocs.fr\/guides\/?s={search_term_string}\",\"query-input\":\"required name=search_term_string\"}],\"inLanguage\":\"fr-FR\"},{\"@type\":\"ImageObject\",\"@id\":\"https:\/\/www.mes-allocs.fr\/guides\/chomage\/droit-au-chomage\/droit-au-chomage-situation-professionnelle\/droit-chomage-statut-etudiant\/#primaryimage\",\"inLanguage\":\"fr-FR\",\"url\":\"https:\/\/www.mes-allocs.fr\/guides\/wp-content\/uploads\/2021\/03\/pexels-oladimeji-ajegbile-2380263-2-e1615799475237.jpg?wsr\",\"width\":1280,\"height\":272,\"caption\":\"pexels oladimeji ajegbile 2380263 2 e1615799475237\"},{\"@type\":\"WebPage\",\"@id\":\"https:\/\/www.mes-allocs.fr\/guides\/chomage\/droit-au-chomage\/droit-au-chomage-situation-professionnelle\/droit-chomage-statut-etudiant\/#webpage\",\"url\":\"https:\/\/www.mes-allocs.fr\/guides\/chomage\/droit-au-chomage\/droit-au-chomage-situation-professionnelle\/droit-chomage-statut-etudiant\/\",\"name\":\"Ai-je droit au ch\\u00f4mage en \\u00e9tant \\u00e9tudiant ? | Mes-Allocs.fr\",\"isPartOf\":{\"@id\":\"https:\/\/www.mes-allocs.fr\/guides\/#website\"},\"primaryImageOfPage\":{\"@id\":\"https:\/\/www.mes-allocs.fr\/guides\/chomage\/droit-au-chomage\/droit-au-chomage-situation-professionnelle\/droit-chomage-statut-etudiant\/#primaryimage\"},\"datePublished\":\"2021-03-19T11:15:16+00:00\",\"dateModified\":\"2025-10-06T15:26:43+00:00\",\"author\":{\"@id\":\"https:\/\/www.mes-allocs.fr\/guides\/#\/schema\/person\/1c4837d5703727cb02ce84583b5a44aa\"},\"description\":\"Vous \\u00eates \\u00e9tudiant et vous souhaitez percevoir les allocations ch\\u00f4mage ? Elles sont vers\\u00e9es uniquement dans certains cas. Explications.\",\"inLanguage\":\"fr-FR\"},{\"@type\":\"Person\",\"@id\":\"https:\/\/www.mes-allocs.fr\/guides\/#\/schema\/person\/1c4837d5703727cb02ce84583b5a44aa\",\"name\":\"Fabiola\",\"image\":{\"@type\":\"ImageObject\",\"@id\":\"https:\/\/www.mes-allocs.fr\/guides\/#personlogo\",\"inLanguage\":\"fr-FR\",\"url\":\"https:\/\/www.mes-allocs.fr\/guides\/wp-content\/uploads\/2021\/06\/fabiola-150x150.png\",\"caption\":\"Fabiola\"},\"description\":\"Fabiola est r\\u00e9dactrice au sein de l'\\u00e9quipe Mes Allocs, sp\\u00e9cialis\\u00e9e en sciences politiques et affaires publiques. Dipl\\u00f4m\\u00e9e de l'HEIP, elle rejoint Mes Allocs apr\\u00e8s une premi\\u00e8re exp\\u00e9rience \\u00e0 l'Assembl\\u00e9e Nationale.\",\"sameAs\":[\"https:\/\/www.linkedin.com\/in\/cecilia-philippe-b-8a8085195\"]}]}<\/script>\n<!-- \/ Yoast SEO plugin. -->","amp_validity":null,"acf":{"faq":{"1":{"question":"Est-ce que les \u00e9tudiants ont droit au ch\u00f4mage ?","answer":"Les \u00e9tudiants peuvent avoir droit aux allocations ch\u00f4mage s'ils ont suffisamment travaill\u00e9 et si leurs \u00e9tudes sont compatibles avec une recherche active d\u2019emploi, notamment en respectant un emploi du temps ne d\u00e9passant pas 40 heures par semaine."},"2":{"question":"Puis-je m'inscrire \u00e0 France Travail en \u00e9tant \u00e9tudiant ?","answer":"Vous pouvez vous inscrire \u00e0 France Travail en tant qu\u2019\u00e9tudiant si vous \u00eates \u00e0 la recherche d\u2019un emploi, disponible imm\u00e9diatement et remplissez les conditions d\u2019\u00e2ge et de r\u00e9sidence en France."},"3":{"question":"Quelles aides pour un \u00e9tudiant non boursier ?","answer":"Vous pouvez b\u00e9n\u00e9ficier, m\u00eame sans \u00eatre boursier, d\u2019aides telles que l\u2019aide d\u2019urgence du CROUS, des pr\u00eats \u00e9tudiants garantis par l\u2019\u00c9tat, des aides au logement (APL, garanties), ainsi que des aides \u00e0 la mobilit\u00e9 et des dispositifs sp\u00e9cifiques selon votre situation."},"4":{"question":"Qui n'a pas droit \u00e0 l'allocation ch\u00f4mage ?","answer":"Vous n'avez pas droit \u00e0 l'allocation ch\u00f4mage si vous n'avez pas travaill\u00e9 au moins 6 mois au cours des 24 derniers mois (ou 36 mois selon votre \u00e2ge), si vous avez quitt\u00e9 volontairement votre emploi sans motif l\u00e9gitime, ou si vous avez atteint l'\u00e2ge l\u00e9gal de d\u00e9part \u00e0 la retraite."},"5":{"question":"Est-ce qu'un \u00e9tudiant en alternance a droit au ch\u00f4mage ?","answer":"Un \u00e9tudiant en alternance a droit au ch\u00f4mage en 2025 s\u2019il a travaill\u00e9 au moins 130 jours ou 910 heures au cours des 24 derniers mois et s\u2019il remplit les conditions classiques d\u2019\u00e9ligibilit\u00e9, notamment \u00eatre inscrit \u00e0 France Travail, \u00eatre \u00e0 la recherche active d\u2019un emploi et ne pas avoir quitt\u00e9 volontairement son poste."},"6":{"question":"Qui a droit au statut \u00e9tudiant ?","answer":"Vous avez droit au statut d\u2019\u00e9tudiant si vous \u00eates inscrit \u00e0 temps plein dans un \u00e9tablissement d\u2019enseignement sup\u00e9rieur habilit\u00e9."},"7":{"question":"","answer":""},"8":{"question":"","answer":""},"9":{"question":"","answer":""},"10":{"question":"","answer":""},"11":{"question":"","answer":""},"12":{"question":"","answer":""},"13":{"question":"","answer":""},"14":{"question":"","answer":""},"15":{"question":"","answer":""},"16":{"question":"","answer":""}}},"_links":{"self":[{"href":"https:\/\/www.mes-allocs.fr\/guides\/wp-json\/wp\/v2\/posts\/22109","targetHints":{"allow":["GET"]}}],"collection":[{"href":"https:\/\/www.mes-allocs.fr\/guides\/wp-json\/wp\/v2\/posts"}],"about":[{"href":"https:\/\/www.mes-allocs.fr\/guides\/wp-json\/wp\/v2\/types\/post"}],"author":[{"embeddable":true,"href":"https:\/\/www.mes-allocs.fr\/guides\/wp-json\/wp\/v2\/users\/7"}],"replies":[{"embeddable":true,"href":"https:\/\/www.mes-allocs.fr\/guides\/wp-json\/wp\/v2\/comments?post=22109"}],"version-history":[{"count":24,"href":"https:\/\/www.mes-allocs.fr\/guides\/wp-json\/wp\/v2\/posts\/22109\/revisions"}],"predecessor-version":[{"id":104338,"href":"https:\/\/www.mes-allocs.fr\/guides\/wp-json\/wp\/v2\/posts\/22109\/revisions\/104338"}],"wp:featuredmedia":[{"embeddable":true,"href":"https:\/\/www.mes-allocs.fr\/guides\/wp-json\/wp\/v2\/media\/22197"}],"wp:attachment":[{"href":"https:\/\/www.mes-allocs.fr\/guides\/wp-json\/wp\/v2\/media?parent=22109"}],"wp:term":[{"taxonomy":"category","embeddable":true,"href":"https:\/\/www.mes-allocs.fr\/guides\/wp-json\/wp\/v2\/categories?post=22109"},{"taxonomy":"post_tag","embeddable":true,"href":"https:\/\/www.mes-allocs.fr\/guides\/wp-json\/wp\/v2\/tags?post=22109"}],"curies":[{"name":"wp","href":"https:\/\/api.w.org\/{rel}","templated":true}]}}