{"id":21624,"date":"2021-04-23T12:52:37","date_gmt":"2021-04-23T12:52:37","guid":{"rendered":"https:\/\/www.mes-allocs.fr\/guides\/?p=21624"},"modified":"2026-01-06T16:34:04","modified_gmt":"2026-01-06T15:34:04","slug":"apl-et-chomage","status":"publish","type":"post","link":"https:\/\/www.mes-allocs.fr\/guides\/aide-logement\/apl\/cumul-apl\/apl-et-chomage\/","title":{"rendered":"APL et ch\u00f4mage : comment \u00e7a marche ?"},"content":{"rendered":"<p style=\"text-align: justify;\"><img loading=\"lazy\" decoding=\"async\" class=\"alignnone wp-image-25748 \" src=\"https:\/\/www.mes-allocs.fr\/guides\/wp-content\/uploads\/2021\/03\/cumulAPL-e1685950798692.jpg\" alt=\"apl et chomage\" width=\"1470\" height=\"300\" srcset=\"https:\/\/www.mes-allocs.fr\/guides\/wp-content\/uploads\/2021\/03\/cumulAPL-e1685950798692.jpg 1024w, https:\/\/www.mes-allocs.fr\/guides\/wp-content\/uploads\/2021\/03\/cumulAPL-e1685950798692-300x61.jpg 300w, https:\/\/www.mes-allocs.fr\/guides\/wp-content\/uploads\/2021\/03\/cumulAPL-e1685950798692-768x157.jpg 768w, https:\/\/www.mes-allocs.fr\/guides\/wp-content\/uploads\/2021\/03\/cumulAPL-e1685950798692-600x122.jpg 600w\" sizes=\"auto, (max-width: 1470px) 100vw, 1470px\" \/><\/p>\n<p style=\"text-align: justify;\">[Mis \u00e0 jour le 06\/01\/2026] Vous pouvez toucher les Aides personnalis\u00e9es au logement (APL) tout en \u00e9tant au ch\u00f4mage. Ces <a href=\"https:\/\/www.mes-allocs.fr\/guides\/aide-logement\">aides au logement<\/a> seront recalcul\u00e9es en cas de ch\u00f4mage.<\/p>\n<p><span style=\"font-weight: 400;\"><div class='cta-block'><div class='text'>Simulez toutes vos Aides en 2 min.<\/div><a href='' class='app-button fit'>Simulation gratuite<\/a><\/div><\/span><\/p>\n<h1>Aides financi\u00e8res au ch\u00f4mage<\/h1>\n<p>Plusieurs allocations sont attribu\u00e9es en cas de changement de situation notamment si vous perdez votre emploi.<\/p>\n<p>Les conditions pour toucher ces aides sont les suivantes il faut :<\/p>\n<ul>\n<li>Avoir perdu votre emploi de mani\u00e8re involontaire (licenciement, fin de CDD, rupture conventionnelle, etc.) ;<\/li>\n<li>Etre inscrit comme demandeur d\u2019emploi aupr\u00e8s de France Travail ;<\/li>\n<li>Etre physiquement apte \u00e0 travailler et rechercher activement un emploi ;<\/li>\n<li>Justifier d\u2019une dur\u00e9e minimale d\u2019activit\u00e9 salari\u00e9e, dont les modalit\u00e9s varient selon votre \u00e2ge et la r\u00e9glementation en vigueur au moment de la perte d\u2019emploi.<\/li>\n<\/ul>\n<p><iframe loading=\"lazy\" title=\"L&#039;APL\" width=\"500\" height=\"281\" src=\"https:\/\/www.youtube.com\/embed\/dfDRI2qg_z4?feature=oembed\" frameborder=\"0\" allow=\"accelerometer; autoplay; clipboard-write; encrypted-media; gyroscope; picture-in-picture; web-share\" referrerpolicy=\"strict-origin-when-cross-origin\" allowfullscreen><\/iframe><\/p>\n<h2>L&rsquo;ARE<\/h2>\n<p style=\"text-align: justify;\"><strong>L\u2019allocation ch\u00f4mage<\/strong>, ou <strong>allocation de retour \u00e0 l\u2019emploi<\/strong> (ARE), est une aide financi\u00e8re calcul\u00e9e en fonction de vos anciens salaires et vers\u00e9e par France Travail.<\/p>\n<p style=\"text-align: justify;\">Le mode calcul de l\u2019<a href=\"https:\/\/www.mes-allocs.fr\/guides\/pole-emploi\/calculer-chomage\/chomage-et-apl-calcul\/\">allocation ch\u00f4mage<\/a> ne tient pas compte des indemnit\u00e9s vers\u00e9es \u00e0 la perte de votre emploi, comme les indemnit\u00e9s compensatrices de cong\u00e9s pay\u00e9s et les indemnit\u00e9s de licenciement.<\/p>\n<p style=\"text-align: justify;\">Les allocations aux ch\u00f4mage<\/p>\n<h2><span id=\"LAFD\">L\u2019AFD<\/span><\/h2>\n<p><strong>L\u2019aide \u00e0 l\u2019allocataire<\/strong> arrivant en fin de mois (AFD) vous permet de b\u00e9n\u00e9ficier d\u2019une aide forfaitaire si vous arrivez en fin de droits et que vous ne d\u00e9passez pas les plafonds de l\u2019ASS.<\/p>\n<p>Cette aide n\u2019est vers\u00e9e qu\u2019une seule fois et son montant est de vingt-sept fois la partie fixe de l\u2019ARE.<\/p>\n<h2><span id=\"LASS\">L\u2019ASS<\/span><\/h2>\n<p>L\u2019allocation de solidarit\u00e9 sp\u00e9cifique (ASS) permet une nouvelle ouverture de droits aux personnes dont le versement de l\u2019ARE est arriv\u00e9 \u00e0 terme.<\/p>\n<p>Pour en b\u00e9n\u00e9ficier, vous devez : <a href=\"https:\/\/www.mes-allocs.fr\/guides\/wp-content\/uploads\/2021\/03\/image-6.png\"><img loading=\"lazy\" decoding=\"async\" class=\"alignright wp-image-23011\" src=\"https:\/\/www.mes-allocs.fr\/guides\/wp-content\/uploads\/2021\/03\/image-6-300x294.png\" alt=\"apl chomage\" width=\"243\" height=\"238\" srcset=\"https:\/\/www.mes-allocs.fr\/guides\/wp-content\/uploads\/2021\/03\/image-6-300x294.png 300w, https:\/\/www.mes-allocs.fr\/guides\/wp-content\/uploads\/2021\/03\/image-6.png 408w\" sizes=\"auto, (max-width: 243px) 100vw, 243px\" \/><\/a><\/p>\n<ul>\n<li style=\"text-align: left;\">\u00catre en recherche effective d\u2019un emploi ;<\/li>\n<li style=\"text-align: left;\">Justifier de cinq ans d\u2019activit\u00e9 salari\u00e9e dans les dix ans pr\u00e9c\u00e9dant la fin du contrat de travail ;<\/li>\n<li style=\"text-align: left;\">Respecter le plafond de ressources mensuelles<\/li>\n<\/ul>\n<h2><span id=\"Le_RSA\">Le RSA<\/span><\/h2>\n<p><strong>Le Revenu de Solidarit\u00e9 Active<\/strong> (RSA) garantit un revenu minimum et soutient le retour \u00e0 l\u2019emploi.<\/p>\n<p>Pour en b\u00e9n\u00e9ficier, vous devez avoir vingt-cinq ans ou plus.<\/p>\n<p>Le montant du RSA d\u00e9pend principalement de vos ressources et de la composition de votre foyer.<\/p>\n<p>Pour toucher ces aides il faut \u00eatre dans les conditions suivantes :<\/p>\n<ul>\n<li>Vous avez perdu emploi dans le cadre d&rsquo;une rupture conventionnelle.<\/li>\n<li>Vous \u00eates inscrit sur France Travail dans les 12 mois qui suivent votre perte d&#8217;emploi.<\/li>\n<li>Vous \u00eates physiquement apte \u00e0 travailler.<\/li>\n<li>Vous recherchez activement un travail.<\/li>\n<li>Votre nombre de trimestres est insuffisant pour toucher une retraite \u00e0 taux plein. ou vous ne b\u00e9n\u00e9ficiez pas de retraite anticip\u00e9e.<\/li>\n<\/ul>\n<p><span style=\"font-weight: 400;\"><div class='cta-block'><div class='text'>Simulez toutes vos Aides en 2 min.<\/div><a href='' class='app-button fit'>Simulation gratuite<\/a><\/div><\/span><\/p>\n<h1><strong>L&rsquo;APL<\/strong><\/h1>\n<h2>Modifications des APL au ch\u00f4mage<\/h2>\n<p style=\"text-align: justify;\">La r\u00e9forme des Apl dite des \u00ab APL en temps r\u00e9el \u00bb, repouss\u00e9e en raison de l\u2019\u00e9pid\u00e9mie de Covid-19 (Avril 2020) \u00a0est entr\u00e9e en vigueur le 1er janvier 2021. Les allocations personnalis\u00e9es au logement seront calcul\u00e9es sur la base des ressources des douze derniers mois, et non plus sur celle des revenus per\u00e7us deux ans plus t\u00f4t.<\/p>\n<p>Voici les plafonds de ressources pour pouvoir b\u00e9n\u00e9ficier des APL en 2026.<br \/>\n\n<div class=\"wpdt-c row wpDataTableContainerSimpleTable wpDataTables wpDataTablesWrapper\n\"\n    >\n    <table id=\"wpdtSimpleTable-145\"\n           class=\"wpdtSimpleTable wpDataTable\"\n           data-column=\"2\"\n           data-rows=\"10\"\n           data-wpID=\"145\"\n           data-responsive=\"0\"\n           data-has-header=\"1\">\n\n                    <thead>        <tr class=\"wpdt-cell-row \" >\n                            <th class=\"wpdt-cell wpdt-bold wpdt-bc-F3F9FE\"\n                                    data-cell-id=\"A1\"\n                data-col-index=\"0\"\n                data-row-index=\"0\"\n                style=\" width:26.151930261519%;                padding:10px;\"\n                >\n                                Composition du foyer                <\/th>\n                                            <th class=\"wpdt-cell wpdt-bold wpdt-bc-F3F9FE\"\n                                    data-cell-id=\"B1\"\n                data-col-index=\"1\"\n                data-row-index=\"0\"\n                style=\" width:73.848069738481%;                padding:10px;\"\n                >\n                                Plafonds de ressources (en \u20ac) \u00e0 ne pas d\u00e9passer pour toucher le montant maximal d'APL en 2026                <\/th>\n                                        <\/tr>\n                    <tbody>        <tr class=\"wpdt-cell-row \" >\n                            <td class=\"wpdt-cell wpdt-bold wpdt-bc-F3F9FE\"\n                                    data-cell-id=\"A2\"\n                data-col-index=\"0\"\n                data-row-index=\"1\"\n                style=\"                padding:10px;\"\n                >\n                                Personne seule                <\/td>\n                                            <td class=\"wpdt-cell wpdt-bc-FFFFFF\"\n                                    data-cell-id=\"B2\"\n                data-col-index=\"1\"\n                data-row-index=\"1\"\n                style=\"                padding:10px;\"\n                >\n                                5 235                <\/td>\n                                        <\/tr>\n                            <tr class=\"wpdt-cell-row \" >\n                            <td class=\"wpdt-cell wpdt-bold wpdt-bc-F3F9FE\"\n                                    data-cell-id=\"A3\"\n                data-col-index=\"0\"\n                data-row-index=\"2\"\n                style=\"                padding:10px;\"\n                >\n                                Couple sans personne \u00e0 charge                <\/td>\n                                            <td class=\"wpdt-cell wpdt-bc-FFFFFF\"\n                                    data-cell-id=\"B3\"\n                data-col-index=\"1\"\n                data-row-index=\"2\"\n                style=\"                padding:10px;\"\n                >\n                                7 501                <\/td>\n                                        <\/tr>\n                            <tr class=\"wpdt-cell-row \" >\n                            <td class=\"wpdt-cell wpdt-bold wpdt-bc-F3F9FE\"\n                                    data-cell-id=\"A4\"\n                data-col-index=\"0\"\n                data-row-index=\"3\"\n                style=\"                padding:10px;\"\n                >\n                                Personne seule ou couple avec une personne \u00e0 charge                <\/td>\n                                            <td class=\"wpdt-cell wpdt-bc-FFFFFF\"\n                                    data-cell-id=\"B4\"\n                data-col-index=\"1\"\n                data-row-index=\"3\"\n                style=\"                padding:10px;\"\n                >\n                                8 947                <\/td>\n                                        <\/tr>\n                            <tr class=\"wpdt-cell-row \" >\n                            <td class=\"wpdt-cell wpdt-bold wpdt-bc-F3F9FE\"\n                                    data-cell-id=\"A5\"\n                data-col-index=\"0\"\n                data-row-index=\"4\"\n                style=\"                padding:10px;\"\n                >\n                                Personne seule ou couple ayant 2 personnes \u00e0 charge                <\/td>\n                                            <td class=\"wpdt-cell wpdt-bc-FFFFFF\"\n                                    data-cell-id=\"B5\"\n                data-col-index=\"1\"\n                data-row-index=\"4\"\n                style=\"                padding:10px;\"\n                >\n                                9 148                <\/td>\n                                        <\/tr>\n                            <tr class=\"wpdt-cell-row \" >\n                            <td class=\"wpdt-cell wpdt-bold wpdt-bc-F3F9FE\"\n                                    data-cell-id=\"A6\"\n                data-col-index=\"0\"\n                data-row-index=\"5\"\n                style=\"                padding:10px;\"\n                >\n                                Personne seule ou couple ayant 3 personnes \u00e0 charge                <\/td>\n                                            <td class=\"wpdt-cell wpdt-bc-FFFFFF\"\n                                    data-cell-id=\"B6\"\n                data-col-index=\"1\"\n                data-row-index=\"5\"\n                style=\"                padding:10px;\"\n                >\n                                9 498                <\/td>\n                                        <\/tr>\n                            <tr class=\"wpdt-cell-row \" >\n                            <td class=\"wpdt-cell wpdt-bold wpdt-bc-F3F9FE\"\n                                    data-cell-id=\"A7\"\n                data-col-index=\"0\"\n                data-row-index=\"6\"\n                style=\"                padding:10px;\"\n                >\n                                Personne seule ou couple ayant 4 personnes \u00e0 charge                <\/td>\n                                            <td class=\"wpdt-cell wpdt-bc-FFFFFF\"\n                                    data-cell-id=\"B7\"\n                data-col-index=\"1\"\n                data-row-index=\"6\"\n                style=\"                padding:10px;\"\n                >\n                                9 851                <\/td>\n                                        <\/tr>\n                            <tr class=\"wpdt-cell-row \" >\n                            <td class=\"wpdt-cell wpdt-bold wpdt-bc-F3F9FE\"\n                                    data-cell-id=\"A8\"\n                data-col-index=\"0\"\n                data-row-index=\"7\"\n                style=\"                padding:10px;\"\n                >\n                                Personne seule ou couple ayant 5 personnes \u00e0 charge                <\/td>\n                                            <td class=\"wpdt-cell wpdt-bc-FFFFFF\"\n                                    data-cell-id=\"B8\"\n                data-col-index=\"1\"\n                data-row-index=\"7\"\n                style=\"                padding:10px;\"\n                >\n                                10 202                <\/td>\n                                        <\/tr>\n                            <tr class=\"wpdt-cell-row \" >\n                            <td class=\"wpdt-cell wpdt-bold wpdt-bc-F3F9FE\"\n                                    data-cell-id=\"A9\"\n                data-col-index=\"0\"\n                data-row-index=\"8\"\n                style=\"                padding:10px;\"\n                >\n                                Personne seule ou couple ayant 6 personnes \u00e0 charge                <\/td>\n                                            <td class=\"wpdt-cell wpdt-bc-FFFFFF\"\n                                    data-cell-id=\"B9\"\n                data-col-index=\"1\"\n                data-row-index=\"8\"\n                style=\"                padding:10px;\"\n                >\n                                10 554                <\/td>\n                                        <\/tr>\n                            <tr class=\"wpdt-cell-row \" >\n                            <td class=\"wpdt-cell wpdt-bold wpdt-bc-F3F9FE\"\n                                    data-cell-id=\"A10\"\n                data-col-index=\"0\"\n                data-row-index=\"9\"\n                style=\"                padding:10px;\"\n                >\n                                Par personne \u00e0 charge suppl\u00e9mentaire                <\/td>\n                                            <td class=\"wpdt-cell wpdt-bc-FFFFFF\"\n                                    data-cell-id=\"B10\"\n                data-col-index=\"1\"\n                data-row-index=\"9\"\n                style=\"                padding:10px;\"\n                >\n                                + 346                <\/td>\n                                        <\/tr>\n                    <\/table>\n<\/div><style id='wpdt-custom-style-145'>\ntable#wpdtSimpleTable-145{ table-layout: fixed !important; }\n.wpdt-bc-F3F9FE { background-color: #F3F9FE !important;}\n.wpdt-bc-FFFFFF { background-color: #FFFFFF !important;}\n<\/style>\n<\/p>\n<p style=\"text-align: justify;\">Quelque soit votre situation familiale les allocations au logement seront calcul\u00e9es sur la base des ressources du foyer.\u00a0Vos droits aux APL de votre lieu de r\u00e9sidence seront revaloris\u00e9s en fonction de votre compensation ou en l\u2019absence de compensation.<\/p>\n<p style=\"text-align: justify;\">Si l\u2019allocataire per\u00e7oit \u00a0L&rsquo;ASS (l\u2019allocation de solidarit\u00e9 sp\u00e9cifique) ou le RSA (revenu de solidarit\u00e9 active), la CAF calcule l&rsquo;APL comme s&rsquo;il n&rsquo;y avait aucune ressource. Un forfait \u00ab logement \u00bb est alors d\u00e9duit du RSA.<\/p>\n<p><strong>A savoir : <\/strong>lorsque les montants de l\u2019ASS et le montant du RSA sont tr\u00e8s proches, il est plus avantageux de toucher l\u2019ASS. Vous perceverez la totalit\u00e9 des allocations logement avec l\u2019ASS au contraire du RSA o\u00f9 un forfait logement est appliqu\u00e9.<\/p>\n<p><span style=\"font-weight: 400;\"><div class='cta-block'><div class='text'>Simulez toutes vos Aides en 2 min.<\/div><a href='' class='app-button fit'>Simulation gratuite<\/a><\/div><\/span><\/p>\n","protected":false},"excerpt":{"rendered":"<p>[Mis \u00e0 jour le 06\/01\/2026] Vous pouvez toucher les Aides personnalis\u00e9es au logement (APL) tout en \u00e9tant au ch\u00f4mage. Ces aides au logement seront recalcul\u00e9es en cas de ch\u00f4mage. Aides financi\u00e8res au ch\u00f4mage Plusieurs allocations sont attribu\u00e9es en cas de changement de situation notamment si vous perdez votre emploi. Les conditions pour toucher ces aides [&hellip;]<\/p>\n","protected":false},"author":10,"featured_media":25748,"comment_status":"open","ping_status":"open","sticky":false,"template":"","format":"standard","meta":{"amp_status":"","footnotes":""},"categories":[1,4,6972],"tags":[],"class_list":["post-21624","post","type-post","status-publish","format-standard","has-post-thumbnail","hentry","category-aide-logement","category-apl","category-cumul-apl"],"yoast_head":"<!-- This site is optimized with the Yoast SEO plugin v14.9 - https:\/\/yoast.com\/wordpress\/plugins\/seo\/ -->\n<title>APL et ch\u00f4mage : comment \u00e7a marche ? | Mes-Allocs.fr<\/title>\n<meta name=\"description\" content=\"Pouvez-vous toucher les APL au ch\u00f4mage ? Quel est le montant vers\u00e9 ? On vous explique comment votre perte d&#039;emploi impacte vos droits.\" \/>\n<meta name=\"robots\" content=\"index, follow, max-snippet:-1, max-image-preview:large, max-video-preview:-1\" \/>\n<link rel=\"canonical\" href=\"https:\/\/www.mes-allocs.fr\/guides\/aide-logement\/apl\/cumul-apl\/apl-et-chomage\/\" \/>\n<meta property=\"og:locale\" content=\"fr_FR\" \/>\n<meta property=\"og:type\" content=\"article\" \/>\n<meta property=\"og:title\" content=\"APL et ch\u00f4mage : comment \u00e7a marche ? | Mes-Allocs.fr\" \/>\n<meta property=\"og:description\" content=\"Pouvez-vous toucher les APL au ch\u00f4mage ? Quel est le montant vers\u00e9 ? On vous explique comment votre perte d&#039;emploi impacte vos droits.\" \/>\n<meta property=\"og:url\" content=\"https:\/\/www.mes-allocs.fr\/guides\/aide-logement\/apl\/cumul-apl\/apl-et-chomage\/\" \/>\n<meta property=\"og:site_name\" content=\"Mes-Allocs.fr\" \/>\n<meta property=\"article:published_time\" content=\"2021-04-23T12:52:37+00:00\" \/>\n<meta property=\"article:modified_time\" content=\"2026-01-06T15:34:04+00:00\" \/>\n<meta property=\"og:image\" content=\"https:\/\/www.mes-allocs.fr\/guides\/wp-content\/uploads\/2021\/03\/cumulAPL-e1685950798692.jpg?wsr\" \/>\n\t<meta property=\"og:image:width\" content=\"1024\" \/>\n\t<meta property=\"og:image:height\" content=\"209\" \/>\n<meta name=\"twitter:card\" content=\"summary_large_image\" \/>\n<script type=\"application\/ld+json\" class=\"yoast-schema-graph\">{\"@context\":\"https:\/\/schema.org\",\"@graph\":[{\"@type\":\"WebSite\",\"@id\":\"https:\/\/www.mes-allocs.fr\/guides\/#website\",\"url\":\"https:\/\/www.mes-allocs.fr\/guides\/\",\"name\":\"Mes-Allocs.fr\",\"description\":\"\",\"potentialAction\":[{\"@type\":\"SearchAction\",\"target\":\"https:\/\/www.mes-allocs.fr\/guides\/?s={search_term_string}\",\"query-input\":\"required name=search_term_string\"}],\"inLanguage\":\"fr-FR\"},{\"@type\":\"ImageObject\",\"@id\":\"https:\/\/www.mes-allocs.fr\/guides\/aide-logement\/apl\/cumul-apl\/apl-et-chomage\/#primaryimage\",\"inLanguage\":\"fr-FR\",\"url\":\"https:\/\/www.mes-allocs.fr\/guides\/wp-content\/uploads\/2021\/03\/cumulAPL-e1685950798692.jpg?wsr\",\"width\":1024,\"height\":209,\"caption\":\"apl-chomage\"},{\"@type\":\"WebPage\",\"@id\":\"https:\/\/www.mes-allocs.fr\/guides\/aide-logement\/apl\/cumul-apl\/apl-et-chomage\/#webpage\",\"url\":\"https:\/\/www.mes-allocs.fr\/guides\/aide-logement\/apl\/cumul-apl\/apl-et-chomage\/\",\"name\":\"APL et ch\\u00f4mage : comment \\u00e7a marche ? | Mes-Allocs.fr\",\"isPartOf\":{\"@id\":\"https:\/\/www.mes-allocs.fr\/guides\/#website\"},\"primaryImageOfPage\":{\"@id\":\"https:\/\/www.mes-allocs.fr\/guides\/aide-logement\/apl\/cumul-apl\/apl-et-chomage\/#primaryimage\"},\"datePublished\":\"2021-04-23T12:52:37+00:00\",\"dateModified\":\"2026-01-06T15:34:04+00:00\",\"author\":{\"@id\":\"https:\/\/www.mes-allocs.fr\/guides\/#\/schema\/person\/8d47b912c0ad15f379df96b4e4e33f58\"},\"description\":\"Pouvez-vous toucher les APL au ch\\u00f4mage ? Quel est le montant vers\\u00e9 ? On vous explique comment votre perte d'emploi impacte vos droits.\",\"inLanguage\":\"fr-FR\"},{\"@type\":\"Person\",\"@id\":\"https:\/\/www.mes-allocs.fr\/guides\/#\/schema\/person\/8d47b912c0ad15f379df96b4e4e33f58\",\"name\":\"Constance de Cagny\",\"image\":{\"@type\":\"ImageObject\",\"@id\":\"https:\/\/www.mes-allocs.fr\/guides\/#personlogo\",\"inLanguage\":\"fr-FR\",\"url\":\"https:\/\/www.mes-allocs.fr\/guides\/wp-content\/uploads\/2021\/06\/Constance.2e8ee0b.png\",\"caption\":\"Constance de Cagny\"},\"description\":\"Constance est r\\u00e9dactrice au sein de l'\\u00e9quipe Mes Allocs. Elle a l'habitude d'\\u00e9crire sur les sujets conso, bons plans et \\u00e9conomies. Dipl\\u00f4m\\u00e9e de l'ENACO, elle rejoint Mes Allocs apr\\u00e8s une premi\\u00e8re exp\\u00e9rience en cabinet notarial.\",\"sameAs\":[\"https:\/\/www.linkedin.com\/in\/constance-de-cagny-mayeur-bbb414135\"]}]}<\/script>\n<!-- \/ Yoast SEO plugin. -->","amp_validity":null,"acf":{"faq":{"1":{"question":"\ud83e\udd1d Quelle aide pour les ch\u00f4meurs ?","answer":"Ils peuvent toucher plusieurs aides selon leur \u00e2ge et leur situation personnelle, comme l'aide de retour \u00e0 l'emploi (ARE), l'allocation sociale sp\u00e9cifique (ASS), le revenu de solidarit\u00e9 active (RSA). Il peut \u00e9galement b\u00e9n\u00e9ficier d'une aide forfaitaire l'AFD. "},"2":{"question":"\ud83e\udd37 Qui est \u00e9ligible au APL ?","answer":"Pour \u00eatre \u00e9ligible au APL vos revenus ne doivent pas d\u00e9passer un certain plafond qui varie en fonction de la composition de votre foyer et de la zone g\u00e9ographique dans laquelle se situe le logement. "},"3":{"question":"\ud83e\udd1d Est-ce que les ch\u00f4meurs ont droit \u00e0 la prime d'activit\u00e9 ?","answer":"Non, les ch\u00f4meurs sans activit\u00e9 professionnelle ne peuvent pas b\u00e9n\u00e9ficier de la prime d'activit\u00e9."},"4":{"question":"","answer":""},"5":{"question":"","answer":""},"6":{"question":"","answer":""},"7":{"question":"","answer":""},"8":{"question":"","answer":""},"9":{"question":"","answer":""},"10":{"question":"","answer":""},"11":{"question":"","answer":""},"12":{"question":"","answer":""},"13":{"question":"","answer":""},"14":{"question":"","answer":""},"15":{"question":"","answer":""},"16":{"question":"","answer":""}}},"_links":{"self":[{"href":"https:\/\/www.mes-allocs.fr\/guides\/wp-json\/wp\/v2\/posts\/21624","targetHints":{"allow":["GET"]}}],"collection":[{"href":"https:\/\/www.mes-allocs.fr\/guides\/wp-json\/wp\/v2\/posts"}],"about":[{"href":"https:\/\/www.mes-allocs.fr\/guides\/wp-json\/wp\/v2\/types\/post"}],"author":[{"embeddable":true,"href":"https:\/\/www.mes-allocs.fr\/guides\/wp-json\/wp\/v2\/users\/10"}],"replies":[{"embeddable":true,"href":"https:\/\/www.mes-allocs.fr\/guides\/wp-json\/wp\/v2\/comments?post=21624"}],"version-history":[{"count":65,"href":"https:\/\/www.mes-allocs.fr\/guides\/wp-json\/wp\/v2\/posts\/21624\/revisions"}],"predecessor-version":[{"id":106997,"href":"https:\/\/www.mes-allocs.fr\/guides\/wp-json\/wp\/v2\/posts\/21624\/revisions\/106997"}],"wp:featuredmedia":[{"embeddable":true,"href":"https:\/\/www.mes-allocs.fr\/guides\/wp-json\/wp\/v2\/media\/25748"}],"wp:attachment":[{"href":"https:\/\/www.mes-allocs.fr\/guides\/wp-json\/wp\/v2\/media?parent=21624"}],"wp:term":[{"taxonomy":"category","embeddable":true,"href":"https:\/\/www.mes-allocs.fr\/guides\/wp-json\/wp\/v2\/categories?post=21624"},{"taxonomy":"post_tag","embeddable":true,"href":"https:\/\/www.mes-allocs.fr\/guides\/wp-json\/wp\/v2\/tags?post=21624"}],"curies":[{"name":"wp","href":"https:\/\/api.w.org\/{rel}","templated":true}]}}