{"id":21273,"date":"2021-03-19T10:23:57","date_gmt":"2021-03-19T10:23:57","guid":{"rendered":"https:\/\/www.mes-allocs.fr\/guides\/?p=21273"},"modified":"2026-01-06T16:14:40","modified_gmt":"2026-01-06T15:14:40","slug":"cumul-apl","status":"publish","type":"post","link":"https:\/\/www.mes-allocs.fr\/guides\/aide-logement\/apl\/cumul-apl\/","title":{"rendered":"Cumul APL : quelles sont les aides cumulables avec l\u2019APL ?"},"content":{"rendered":"<p><img loading=\"lazy\" decoding=\"async\" class=\"alignnone wp-image-21322 size-full\" src=\"https:\/\/www.mes-allocs.fr\/guides\/wp-content\/uploads\/2021\/03\/image-1-e1615224001363.png\" alt=\"Cumul APL\" width=\"1280\" height=\"355\" srcset=\"https:\/\/www.mes-allocs.fr\/guides\/wp-content\/uploads\/2021\/03\/image-1-e1615224001363.png 1280w, https:\/\/www.mes-allocs.fr\/guides\/wp-content\/uploads\/2021\/03\/image-1-e1615224001363-300x83.png 300w, https:\/\/www.mes-allocs.fr\/guides\/wp-content\/uploads\/2021\/03\/image-1-e1615224001363-1024x284.png 1024w, https:\/\/www.mes-allocs.fr\/guides\/wp-content\/uploads\/2021\/03\/image-1-e1615224001363-768x213.png 768w, https:\/\/www.mes-allocs.fr\/guides\/wp-content\/uploads\/2021\/03\/image-1-e1615224001363-600x166.png 600w\" sizes=\"auto, (max-width: 1280px) 100vw, 1280px\" \/><\/p>\n<p style=\"text-align: justify;\">[Mis \u00e0 jour le 06\/01\/2026] La CAF alloue l&rsquo;Aide Personnalis\u00e9e au Logement (APL) selon des r\u00e8gles tr\u00e8s pr\u00e9cises. Parmi ces r\u00e8gles figure notamment le cumul de cette aide au logement avec d&rsquo;autres aides. D\u00e9couvrez comment l&rsquo;<a href=\"https:\/\/www.mes-allocs.fr\/guides\/aide-logement\/apl\/\">APL<\/a> peut se cumuler avec d&rsquo;autres aides mais pas toutes.<\/p>\n<div class='cta-block'><div class='text'>Simulez toutes vos aides en 2 min.<\/div><a href='https:\/\/www.mes-allocs.fr\/ab-app?origin=guides\/wp-json\/wp\/v2\/posts\/21273' class='app-button fit'>Simulation gratuite<\/a><\/div>\n<h1><strong>Qu\u2019est-ce que l\u2019APL\u00a0?<\/strong><\/h1>\n<h2>Pourquoi cette aide ?<\/h2>\n<p style=\"text-align: justify;\">L\u2019Aide personnalis\u00e9e au logement (APL) est une aide financi\u00e8re permettant de diminuer votre loyer pour les revenus modestes. Cette aide est vers\u00e9e par la CAF ou la MSA. Le propri\u00e9taire du logement doit passer une convention avec l\u2019Etat qui pr\u00e9cisera l\u2019\u00e9volution du loyer, la dur\u00e9e du bail et les normes de confort. La plupart des logements HLM sont conventionn\u00e9s.<\/p>\n<h2 style=\"text-align: justify;\">Qui peut toucher les APL ?<\/h2>\n<p style=\"text-align: justify;\">Vous pouvez b\u00e9n\u00e9ficier de cette aide quelque soit votre situation familiale et si vous r\u00e9sidez <a href=\"https:\/\/www.mes-allocs.fr\/guides\/wp-content\/uploads\/2021\/03\/pexels-cottonbro-4569304-3-scaled.jpg\"><img loading=\"lazy\" decoding=\"async\" class=\"alignright wp-image-22789\" src=\"https:\/\/www.mes-allocs.fr\/guides\/wp-content\/uploads\/2021\/03\/pexels-cottonbro-4569304-3-scaled.jpg\" alt=\"cumul apl\" width=\"255\" height=\"170\" srcset=\"https:\/\/www.mes-allocs.fr\/guides\/wp-content\/uploads\/2021\/03\/pexels-cottonbro-4569304-3-scaled.jpg 2560w, https:\/\/www.mes-allocs.fr\/guides\/wp-content\/uploads\/2021\/03\/pexels-cottonbro-4569304-3-300x200.jpg 300w, https:\/\/www.mes-allocs.fr\/guides\/wp-content\/uploads\/2021\/03\/pexels-cottonbro-4569304-3-1024x683.jpg 1024w, https:\/\/www.mes-allocs.fr\/guides\/wp-content\/uploads\/2021\/03\/pexels-cottonbro-4569304-3-768x512.jpg 768w, https:\/\/www.mes-allocs.fr\/guides\/wp-content\/uploads\/2021\/03\/pexels-cottonbro-4569304-3-1536x1024.jpg 1536w, https:\/\/www.mes-allocs.fr\/guides\/wp-content\/uploads\/2021\/03\/pexels-cottonbro-4569304-3-2048x1365.jpg 2048w, https:\/\/www.mes-allocs.fr\/guides\/wp-content\/uploads\/2021\/03\/pexels-cottonbro-4569304-3-600x400.jpg 600w\" sizes=\"auto, (max-width: 255px) 100vw, 255px\" \/><\/a><\/p>\n<ul>\n<li style=\"text-align: justify;\">en foyer,<\/li>\n<li style=\"text-align: justify;\">\u00e0 l\u2019h\u00f4tel,<\/li>\n<li style=\"text-align: justify;\">dans une r\u00e9sidence universitaire<\/li>\n<li style=\"text-align: justify;\">ou dans une maison de retraite.<\/li>\n<\/ul>\n<p style=\"text-align: justify;\">Si vous payez un loyer, le propri\u00e9taire ne peut pas \u00eatre un de vos parents ou grands-parents ni l\u2019un de vos enfants ou votre conjoint.<\/p>\n<p style=\"text-align: justify;\">Ce logement est votre r\u00e9sidence principale qui doit \u00eatre occup\u00e9e au moins 8 mois par an. La superficie du logement sera prise en compte pour pouvoir b\u00e9n\u00e9ficier de l&rsquo;APL : au moins 9 m\u00b2 pour une personne seule et 70 m\u00b2 pour 8 personnes ou plus.<\/p>\n<h1><strong>La r\u00e9forme des APL<\/strong><\/h1>\n<h2>Comment est calcul\u00e9e l\u2019APL ?<\/h2>\n<p style=\"text-align: justify;\">Votre CAF calculera le montant de votre APL en fonction du nombre d&rsquo;enfants et personnes \u00e0 charge, du lieu de r\u00e9sidence, du montant du loyer, des revenus du foyer fiscal des douze derniers mois.<\/p>\n\n<div class=\"wpdt-c row wpDataTableContainerSimpleTable wpDataTables wpDataTablesWrapper\n\"\n    >\n    <table id=\"wpdtSimpleTable-145\"\n           class=\"wpdtSimpleTable wpDataTable\"\n           data-column=\"2\"\n           data-rows=\"10\"\n           data-wpID=\"145\"\n           data-responsive=\"0\"\n           data-has-header=\"1\">\n\n                    <thead>        <tr class=\"wpdt-cell-row \" >\n                            <th class=\"wpdt-cell wpdt-bold wpdt-bc-F3F9FE\"\n                                    data-cell-id=\"A1\"\n                data-col-index=\"0\"\n                data-row-index=\"0\"\n                style=\" width:26.151930261519%;                padding:10px;\"\n                >\n                                Composition du foyer                <\/th>\n                                            <th class=\"wpdt-cell wpdt-bold wpdt-bc-F3F9FE\"\n                                    data-cell-id=\"B1\"\n                data-col-index=\"1\"\n                data-row-index=\"0\"\n                style=\" width:73.848069738481%;                padding:10px;\"\n                >\n                                Plafonds de ressources (en \u20ac) \u00e0 ne pas d\u00e9passer pour toucher le montant maximal d'APL en 2026                <\/th>\n                                        <\/tr>\n                    <tbody>        <tr class=\"wpdt-cell-row \" >\n                            <td class=\"wpdt-cell wpdt-bold wpdt-bc-F3F9FE\"\n                                    data-cell-id=\"A2\"\n                data-col-index=\"0\"\n                data-row-index=\"1\"\n                style=\"                padding:10px;\"\n                >\n                                Personne seule                <\/td>\n                                            <td class=\"wpdt-cell wpdt-bc-FFFFFF\"\n                                    data-cell-id=\"B2\"\n                data-col-index=\"1\"\n                data-row-index=\"1\"\n                style=\"                padding:10px;\"\n                >\n                                5 235                <\/td>\n                                        <\/tr>\n                            <tr class=\"wpdt-cell-row \" >\n                            <td class=\"wpdt-cell wpdt-bold wpdt-bc-F3F9FE\"\n                                    data-cell-id=\"A3\"\n                data-col-index=\"0\"\n                data-row-index=\"2\"\n                style=\"                padding:10px;\"\n                >\n                                Couple sans personne \u00e0 charge                <\/td>\n                                            <td class=\"wpdt-cell wpdt-bc-FFFFFF\"\n                                    data-cell-id=\"B3\"\n                data-col-index=\"1\"\n                data-row-index=\"2\"\n                style=\"                padding:10px;\"\n                >\n                                7 501                <\/td>\n                                        <\/tr>\n                            <tr class=\"wpdt-cell-row \" >\n                            <td class=\"wpdt-cell wpdt-bold wpdt-bc-F3F9FE\"\n                                    data-cell-id=\"A4\"\n                data-col-index=\"0\"\n                data-row-index=\"3\"\n                style=\"                padding:10px;\"\n                >\n                                Personne seule ou couple avec une personne \u00e0 charge                <\/td>\n                                            <td class=\"wpdt-cell wpdt-bc-FFFFFF\"\n                                    data-cell-id=\"B4\"\n                data-col-index=\"1\"\n                data-row-index=\"3\"\n                style=\"                padding:10px;\"\n                >\n                                8 947                <\/td>\n                                        <\/tr>\n                            <tr class=\"wpdt-cell-row \" >\n                            <td class=\"wpdt-cell wpdt-bold wpdt-bc-F3F9FE\"\n                                    data-cell-id=\"A5\"\n                data-col-index=\"0\"\n                data-row-index=\"4\"\n                style=\"                padding:10px;\"\n                >\n                                Personne seule ou couple ayant 2 personnes \u00e0 charge                <\/td>\n                                            <td class=\"wpdt-cell wpdt-bc-FFFFFF\"\n                                    data-cell-id=\"B5\"\n                data-col-index=\"1\"\n                data-row-index=\"4\"\n                style=\"                padding:10px;\"\n                >\n                                9 148                <\/td>\n                                        <\/tr>\n                            <tr class=\"wpdt-cell-row \" >\n                            <td class=\"wpdt-cell wpdt-bold wpdt-bc-F3F9FE\"\n                                    data-cell-id=\"A6\"\n                data-col-index=\"0\"\n                data-row-index=\"5\"\n                style=\"                padding:10px;\"\n                >\n                                Personne seule ou couple ayant 3 personnes \u00e0 charge                <\/td>\n                                            <td class=\"wpdt-cell wpdt-bc-FFFFFF\"\n                                    data-cell-id=\"B6\"\n                data-col-index=\"1\"\n                data-row-index=\"5\"\n                style=\"                padding:10px;\"\n                >\n                                9 498                <\/td>\n                                        <\/tr>\n                            <tr class=\"wpdt-cell-row \" >\n                            <td class=\"wpdt-cell wpdt-bold wpdt-bc-F3F9FE\"\n                                    data-cell-id=\"A7\"\n                data-col-index=\"0\"\n                data-row-index=\"6\"\n                style=\"                padding:10px;\"\n                >\n                                Personne seule ou couple ayant 4 personnes \u00e0 charge                <\/td>\n                                            <td class=\"wpdt-cell wpdt-bc-FFFFFF\"\n                                    data-cell-id=\"B7\"\n                data-col-index=\"1\"\n                data-row-index=\"6\"\n                style=\"                padding:10px;\"\n                >\n                                9 851                <\/td>\n                                        <\/tr>\n                            <tr class=\"wpdt-cell-row \" >\n                            <td class=\"wpdt-cell wpdt-bold wpdt-bc-F3F9FE\"\n                                    data-cell-id=\"A8\"\n                data-col-index=\"0\"\n                data-row-index=\"7\"\n                style=\"                padding:10px;\"\n                >\n                                Personne seule ou couple ayant 5 personnes \u00e0 charge                <\/td>\n                                            <td class=\"wpdt-cell wpdt-bc-FFFFFF\"\n                                    data-cell-id=\"B8\"\n                data-col-index=\"1\"\n                data-row-index=\"7\"\n                style=\"                padding:10px;\"\n                >\n                                10 202                <\/td>\n                                        <\/tr>\n                            <tr class=\"wpdt-cell-row \" >\n                            <td class=\"wpdt-cell wpdt-bold wpdt-bc-F3F9FE\"\n                                    data-cell-id=\"A9\"\n                data-col-index=\"0\"\n                data-row-index=\"8\"\n                style=\"                padding:10px;\"\n                >\n                                Personne seule ou couple ayant 6 personnes \u00e0 charge                <\/td>\n                                            <td class=\"wpdt-cell wpdt-bc-FFFFFF\"\n                                    data-cell-id=\"B9\"\n                data-col-index=\"1\"\n                data-row-index=\"8\"\n                style=\"                padding:10px;\"\n                >\n                                10 554                <\/td>\n                                        <\/tr>\n                            <tr class=\"wpdt-cell-row \" >\n                            <td class=\"wpdt-cell wpdt-bold wpdt-bc-F3F9FE\"\n                                    data-cell-id=\"A10\"\n                data-col-index=\"0\"\n                data-row-index=\"9\"\n                style=\"                padding:10px;\"\n                >\n                                Par personne \u00e0 charge suppl\u00e9mentaire                <\/td>\n                                            <td class=\"wpdt-cell wpdt-bc-FFFFFF\"\n                                    data-cell-id=\"B10\"\n                data-col-index=\"1\"\n                data-row-index=\"9\"\n                style=\"                padding:10px;\"\n                >\n                                + 346                <\/td>\n                                        <\/tr>\n                    <\/table>\n<\/div><style id='wpdt-custom-style-145'>\ntable#wpdtSimpleTable-145{ table-layout: fixed !important; }\n.wpdt-bc-F3F9FE { background-color: #F3F9FE !important;}\n.wpdt-bc-FFFFFF { background-color: #FFFFFF !important;}\n<\/style>\n\n<h2>Qu\u2019est ce qui a chang\u00e9 depuis janvier 2021 ?<\/h2>\n<p>La r\u00e9forme du mode de calcul de l\u2019aide personnalis\u00e9e au logement est entr\u00e9e en vigueur le 1<sup>er<\/sup>Janvier 2021. Les ressources prises en compte ne changent pas.<\/p>\n<p>Les principales modifications sont\u00a0:<\/p>\n<ul>\n<li>Prise en compte des revenus de douze derniers mois au lieu de ceux de l\u2019ann\u00e9e N-2<\/li>\n<li>Actualisation tous les 3 mois au lieu d&rsquo;une fois par an.<\/li>\n<\/ul>\n<p style=\"text-align: justify;\">Le nouveau mode de calcul ajuste les aides sur un temps plus r\u00e9duit. Si les revenus augmentent les aides vont baisser et si les revenus baissent les aides vont augmenter en temps r\u00e9el.<\/p>\n<p style=\"text-align: justify;\">Attention : toute nouvelle situation, perte d&#8217;emploi, pension alimentaire, mariage, naissance devra \u00eatre signal\u00e9e \u00e0 la CAF \u00e0 temps afin d&rsquo;\u00e9viter les trop-per\u00e7us. V\u00e9rifiez si vous \u00eates \u00e0 jour dans votre espace personnel.<\/p>\n<p>&nbsp;<\/p>\n<p><iframe loading=\"lazy\" title=\"YouTube video player\" src=\"\/\/www.youtube.com\/embed\/dfDRI2qg_z4\" width=\"560\" height=\"315\" frameborder=\"0\" allowfullscreen=\"allowfullscreen\"><\/iframe><\/p>\n<h1><strong>Peut-on cumuler les APL avec d\u2019autres aides\u00a0? <\/strong><\/h1>\n<p style=\"text-align: justify;\">On ne peut pas cumuler l\u2019APL avec l\u2019allocation de logement familiale (ALF) et avec l\u2019allocation de logement sociale (ALS). Mais on peut la cumuler avec d&rsquo;autres aides sociales, sous conditions des ressources.<\/p>\n<h2>Cumul APL et RSA<\/h2>\n<p style=\"text-align: justify;\">Si vous recevez l\u2019APL un forfait logement sera d\u00e9duit de votre RSA qui \u00e9voluera en fonction de votre situation familiale, c\u00e9libataire, mari\u00e9, avec enfants\u2026 Donc vous pouvez cumuler APL et RSA mais le RSA sera diminu\u00e9 l\u00e9g\u00e8rement, de la fa\u00e7on suivante :<\/p>\n\n<div class=\"wpdt-c row wpDataTableContainerSimpleTable wpDataTables wpDataTablesWrapper\n\"\n    >\n    <table id=\"wpdtSimpleTable-5\"\n           class=\"wpdtSimpleTable wpDataTable\"\n           data-column=\"2\"\n           data-rows=\"4\"\n           data-wpID=\"5\"\n           data-responsive=\"0\"\n           data-has-header=\"1\">\n\n                    <thead>        <tr class=\"wpdt-cell-row \" >\n                            <th class=\"wpdt-cell wpdt-bc-F3F9FE wpdt-bold\"\n                                    data-cell-id=\"A1\"\n                data-col-index=\"0\"\n                data-row-index=\"0\"\n                style=\" width:48.571428571429%;                padding:10px;\"\n                >\n                                Composition du foyer                <\/th>\n                                            <th class=\"wpdt-cell wpdt-bc-F3F9FE wpdt-bold\"\n                                    data-cell-id=\"B1\"\n                data-col-index=\"1\"\n                data-row-index=\"0\"\n                style=\" width:51.428571428571%;                padding:10px;\"\n                >\n                                Forfait logement \u00e0 d\u00e9duire                <\/th>\n                                        <\/tr>\n                    <tbody>        <tr class=\"wpdt-cell-row \" >\n                            <td class=\"wpdt-cell \"\n                                    data-cell-id=\"A2\"\n                data-col-index=\"0\"\n                data-row-index=\"1\"\n                style=\"                padding:10px;\"\n                >\n                                1 personne                <\/td>\n                                            <td class=\"wpdt-cell \"\n                                    data-cell-id=\"B2\"\n                data-col-index=\"1\"\n                data-row-index=\"1\"\n                style=\"                padding:10px;\"\n                >\n                                78,2 \u20ac                <\/td>\n                                        <\/tr>\n                            <tr class=\"wpdt-cell-row \" >\n                            <td class=\"wpdt-cell \"\n                                    data-cell-id=\"A3\"\n                data-col-index=\"0\"\n                data-row-index=\"2\"\n                style=\"                padding:10px;\"\n                >\n                                2 personnes                <\/td>\n                                            <td class=\"wpdt-cell \"\n                                    data-cell-id=\"B3\"\n                data-col-index=\"1\"\n                data-row-index=\"2\"\n                style=\"                padding:10px;\"\n                >\n                                156,41 \u20ac                <\/td>\n                                        <\/tr>\n                            <tr class=\"wpdt-cell-row \" >\n                            <td class=\"wpdt-cell \"\n                                    data-cell-id=\"A4\"\n                data-col-index=\"0\"\n                data-row-index=\"3\"\n                style=\"                padding:10px;\"\n                >\n                                3 personnes ou plus                <\/td>\n                                            <td class=\"wpdt-cell \"\n                                    data-cell-id=\"B4\"\n                data-col-index=\"1\"\n                data-row-index=\"3\"\n                style=\"                padding:10px;\"\n                >\n                                193,55 \u20ac                <\/td>\n                                        <\/tr>\n                    <\/table>\n<\/div><style id='wpdt-custom-style-5'>\ntable#wpdtSimpleTable-5{ table-layout: fixed !important; }\n.wpdt-bc-F3F9FE { background-color: #F3F9FE !important;}\n<\/style>\n\n<p style=\"text-align: justify;\"><em>Exemple 1 : vous vivez seul(e), \u00eates sans emploi, ne touchez pas d&rsquo;allocation ch\u00f4mage et vous b\u00e9n\u00e9ficiez d\u2019une aide au logement. Vous toucherez 646,52 \u20ac de Rsa : 646,52 \u20ac (montant forfaitaire du RSA pour une personne) &#8211;\u00a0 0 \u20ac (autres ressources) &#8211; 77,58 \u20ac (forfait logement pour une personne) = 568,94 \u20ac<\/em><\/p>\n<p style=\"text-align: justify;\"><em>Exemple 2 : vous vivez en couple avec 1 enfant \u00e0 charge. Vos activit\u00e9s professionnelles vous rapportent 400 \u20ac net par mois. Vous percevez l&rsquo;APL. Votre RSA sera alors de 571,67 \u20ac\u00a0: 1 163,74 \u20ac (montant forfaitaire de RSA pour un couple avec 1 enfant) &#8211; 400 \u20ac (revenus d&rsquo;activit\u00e9 du foyer) &#8211; 192,07 \u20ac (forfait logement pour 3 personnes ou plus) = 571,67 \u20ac.<\/em><\/p>\n<div class='cta-block'><div class='text'>Simulez toutes vos Aides Sociales en 2 min.<\/div><a href='https:\/\/www.mes-allocs.fr\/ab-app?origin=guides\/wp-json\/wp\/v2\/posts\/21273' class='app-button fit'>Simulation gratuite<\/a><\/div>\n<h2>Cumul APL et ch\u00f4mage<\/h2>\n<p style=\"text-align: justify;\">Vous pourrez cumuler allocation ch\u00f4mage et aides personnelles au logement (APL). L&rsquo;allocation ch\u00f4mage \u00e9tant consid\u00e9r\u00e9e comme un revenu, votre APL sera calcul\u00e9e en fonction de votre allocation ch\u00f4mage.<\/p>\n<h2>Cumul APL et allocations familiales<\/h2>\n<p>Une m\u00eame famille pourra percevoir les allocations familiales et les APL. Les deux aides sont cumulables.<\/p>\n<h2>Cumul APL et prime d\u2019activit\u00e9<\/h2>\n<p>Il est possible de cumuler la prime d\u2019activit\u00e9 et les APL.<\/p>\n<h2>Cumul APL et Action Logement<\/h2>\n<p style=\"text-align: justify;\">L&rsquo;APL peut \u00eatre cumul\u00e9 avec des aides d&rsquo;Action logement. Aide Mobile jeune est une subvention d\u00e9velopp\u00e9e et vers\u00e9e par Action logement aux jeunes de moins de 30 ans en contrat d&rsquo;alternance en apprentissage ou en contrat de professionnalisation afin de les aider \u00e0 payer leur loyer.<\/p>\n<p style=\"text-align: justify;\">L&rsquo;aide est calcul\u00e9e en fonction du loyer et des APL vers\u00e9es. Elle ne peut pas d\u00e9passer 100 euros par mois. La dur\u00e9e de cette aide est limit\u00e9e, elle ne peut pas exc\u00e9der un an.<\/p>\n<p>L&rsquo;Aide \u00e0 la mobilit\u00e9 est aussi une subvention de 1000 euros vers\u00e9e par <a href=\"https:\/\/www.actionlogement.fr\/\">Action Logement<\/a> pour accompagner les salari\u00e9s dans leur d\u00e9m\u00e9nagement (nouvel emploi ou rapprochement du lieu de travail). Elle est cumulable avec les APL.<\/p>\n<p>A savoir :<\/p>\n<ul>\n<li style=\"text-align: left;\">Votre CAF peut vous aider afin d&rsquo;\u00e9viter l&rsquo;arr\u00eat du versement de votre APL lorsque vous n&rsquo;avez pas pay\u00e9 votre loyer depuis deux mois.<\/li>\n<li style=\"text-align: left;\">En cas de surendettement renseignez vous aupr\u00e8s de votre mairie.<\/li>\n<li style=\"text-align: left;\">L&rsquo;Aide au logement est vers\u00e9e d\u00e8s que les conditions sont remplies.<\/li>\n<li style=\"text-align: left;\">L&rsquo;APL peut \u00eatre directement vers\u00e9e au propri\u00e9taire ou au pr\u00eateur.<\/li>\n<li style=\"text-align: left;\">L&rsquo;APL n&rsquo;est pas r\u00e9troactive : elle est vers\u00e9e \u00e0 compter du mois o\u00f9 la demande est faite.<\/li>\n<\/ul>\n<p>En r\u00e9sum\u00e9 :<\/p>\n<p style=\"text-align: justify;\">\n<div class=\"wpdt-c row wpDataTableContainerSimpleTable wpDataTables wpDataTablesWrapper\n\"\n    >\n    <table id=\"wpdtSimpleTable-249\"\n           class=\"wpdtSimpleTable wpDataTable\"\n           data-column=\"2\"\n           data-rows=\"6\"\n           data-wpID=\"249\"\n           data-responsive=\"0\"\n           data-has-header=\"1\">\n\n                    <thead>        <tr class=\"wpdt-cell-row \" >\n                            <th class=\"wpdt-cell wpdt-bc-F3F9FE\"\n                                    data-cell-id=\"A1\"\n                data-col-index=\"0\"\n                data-row-index=\"0\"\n                style=\" width:48.571428571429%;                padding:10px;\"\n                >\n                                Aide                <\/th>\n                                            <th class=\"wpdt-cell wpdt-bc-F3F9FE\"\n                                    data-cell-id=\"B1\"\n                data-col-index=\"1\"\n                data-row-index=\"0\"\n                style=\" width:51.428571428571%;                padding:10px;\"\n                >\n                                Cumulable avec les APL ?                <\/th>\n                                        <\/tr>\n                    <tbody>        <tr class=\"wpdt-cell-row \" >\n                            <td class=\"wpdt-cell \"\n                                    data-cell-id=\"A2\"\n                data-col-index=\"0\"\n                data-row-index=\"1\"\n                style=\"                padding:10px;\"\n                >\n                                Allocation familiales                <\/td>\n                                            <td class=\"wpdt-cell \"\n                                    data-cell-id=\"B2\"\n                data-col-index=\"1\"\n                data-row-index=\"1\"\n                style=\"                padding:10px;\"\n                >\n                                Oui                <\/td>\n                                        <\/tr>\n                            <tr class=\"wpdt-cell-row \" >\n                            <td class=\"wpdt-cell \"\n                                    data-cell-id=\"A3\"\n                data-col-index=\"0\"\n                data-row-index=\"2\"\n                style=\"                padding:10px;\"\n                >\n                                RSA                <\/td>\n                                            <td class=\"wpdt-cell \"\n                                    data-cell-id=\"B3\"\n                data-col-index=\"1\"\n                data-row-index=\"2\"\n                style=\"                padding:10px;\"\n                >\n                                Oui                <\/td>\n                                        <\/tr>\n                            <tr class=\"wpdt-cell-row \" >\n                            <td class=\"wpdt-cell \"\n                                    data-cell-id=\"A4\"\n                data-col-index=\"0\"\n                data-row-index=\"3\"\n                style=\"                padding:10px;\"\n                >\n                                Ch\u00f4mage                <\/td>\n                                            <td class=\"wpdt-cell \"\n                                    data-cell-id=\"B4\"\n                data-col-index=\"1\"\n                data-row-index=\"3\"\n                style=\"                padding:10px;\"\n                >\n                                Oui                <\/td>\n                                        <\/tr>\n                            <tr class=\"wpdt-cell-row \" >\n                            <td class=\"wpdt-cell \"\n                                    data-cell-id=\"A5\"\n                data-col-index=\"0\"\n                data-row-index=\"4\"\n                style=\"                padding:10px;\"\n                >\n                                \u00a0Action Logement                <\/td>\n                                            <td class=\"wpdt-cell \"\n                                    data-cell-id=\"B5\"\n                data-col-index=\"1\"\n                data-row-index=\"4\"\n                style=\"                padding:10px;\"\n                >\n                                Oui                <\/td>\n                                        <\/tr>\n                            <tr class=\"wpdt-cell-row \" >\n                            <td class=\"wpdt-cell \"\n                                    data-cell-id=\"A6\"\n                data-col-index=\"0\"\n                data-row-index=\"5\"\n                style=\"                padding:10px;\"\n                >\n                                \u00a0ALS \/ ALF                <\/td>\n                                            <td class=\"wpdt-cell \"\n                                    data-cell-id=\"B6\"\n                data-col-index=\"1\"\n                data-row-index=\"5\"\n                style=\"                padding:10px;\"\n                >\n                                Non                <\/td>\n                                        <\/tr>\n                    <\/table>\n<\/div><style id='wpdt-custom-style-249'>\ntable#wpdtSimpleTable-249{ table-layout: fixed !important; }\n.wpdt-bc-F3F9FE { background-color: #F3F9FE !important;}\n<\/style>\n<\/p>\n<div class='cta-block'><div class='text'>Simulez toutes vos Aides Sociales en 2 min.<\/div><a href='https:\/\/www.mes-allocs.fr\/ab-app?origin=guides\/wp-json\/wp\/v2\/posts\/21273' class='app-button fit'>Simulation gratuite<\/a><\/div>\n","protected":false},"excerpt":{"rendered":"<p>[Mis \u00e0 jour le 06\/01\/2026] La CAF alloue l&rsquo;Aide Personnalis\u00e9e au Logement (APL) selon des r\u00e8gles tr\u00e8s pr\u00e9cises. Parmi ces r\u00e8gles figure notamment le cumul de cette aide au logement avec d&rsquo;autres aides. D\u00e9couvrez comment l&rsquo;APL peut se cumuler avec d&rsquo;autres aides mais pas toutes. Qu\u2019est-ce que l\u2019APL\u00a0? Pourquoi cette aide ? L\u2019Aide personnalis\u00e9e au [&hellip;]<\/p>\n","protected":false},"author":7,"featured_media":22788,"comment_status":"open","ping_status":"open","sticky":false,"template":"","format":"standard","meta":{"amp_status":"","footnotes":""},"categories":[1,4],"tags":[],"class_list":["post-21273","post","type-post","status-publish","format-standard","has-post-thumbnail","hentry","category-aide-logement","category-apl"],"yoast_head":"<!-- This site is optimized with the Yoast SEO plugin v14.9 - https:\/\/yoast.com\/wordpress\/plugins\/seo\/ -->\n<title>Cumul APL : quelles sont les aides cumulables avec l\u2019APL ? | Mes Allocs<\/title>\n<meta name=\"description\" content=\"Les APL de la CAF peuvent se cumuler avec d&#039;autres aides mais pas toutes. Parfois, ce cumul des APL r\u00e9duit le montant de ces autres aides.\" \/>\n<meta name=\"robots\" content=\"index, follow, max-snippet:-1, max-image-preview:large, max-video-preview:-1\" \/>\n<link rel=\"canonical\" href=\"https:\/\/www.mes-allocs.fr\/guides\/aide-logement\/apl\/cumul-apl\/\" \/>\n<meta property=\"og:locale\" content=\"fr_FR\" \/>\n<meta property=\"og:type\" content=\"article\" \/>\n<meta property=\"og:title\" content=\"Cumul APL : quelles sont les aides cumulables avec l\u2019APL ? | Mes Allocs\" \/>\n<meta property=\"og:description\" content=\"Les APL de la CAF peuvent se cumuler avec d&#039;autres aides mais pas toutes. Parfois, ce cumul des APL r\u00e9duit le montant de ces autres aides.\" \/>\n<meta property=\"og:url\" content=\"https:\/\/www.mes-allocs.fr\/guides\/aide-logement\/apl\/cumul-apl\/\" \/>\n<meta property=\"og:site_name\" content=\"Mes-Allocs.fr\" \/>\n<meta property=\"article:published_time\" content=\"2021-03-19T10:23:57+00:00\" \/>\n<meta property=\"article:modified_time\" content=\"2026-01-06T15:14:40+00:00\" \/>\n<meta property=\"og:image\" content=\"https:\/\/www.mes-allocs.fr\/guides\/wp-content\/uploads\/2021\/03\/image-1-1.png?wsr\" \/>\n\t<meta property=\"og:image:width\" content=\"1280\" \/>\n\t<meta property=\"og:image:height\" content=\"400\" \/>\n<meta name=\"twitter:card\" content=\"summary_large_image\" \/>\n<script type=\"application\/ld+json\" class=\"yoast-schema-graph\">{\"@context\":\"https:\/\/schema.org\",\"@graph\":[{\"@type\":\"WebSite\",\"@id\":\"https:\/\/www.mes-allocs.fr\/guides\/#website\",\"url\":\"https:\/\/www.mes-allocs.fr\/guides\/\",\"name\":\"Mes-Allocs.fr\",\"description\":\"\",\"potentialAction\":[{\"@type\":\"SearchAction\",\"target\":\"https:\/\/www.mes-allocs.fr\/guides\/?s={search_term_string}\",\"query-input\":\"required name=search_term_string\"}],\"inLanguage\":\"fr-FR\"},{\"@type\":\"ImageObject\",\"@id\":\"https:\/\/www.mes-allocs.fr\/guides\/aide-logement\/apl\/cumul-apl\/#primaryimage\",\"inLanguage\":\"fr-FR\",\"url\":\"https:\/\/www.mes-allocs.fr\/guides\/wp-content\/uploads\/2021\/03\/image-1-1.png?wsr\",\"width\":1280,\"height\":400,\"caption\":\"cumul apl\"},{\"@type\":\"WebPage\",\"@id\":\"https:\/\/www.mes-allocs.fr\/guides\/aide-logement\/apl\/cumul-apl\/#webpage\",\"url\":\"https:\/\/www.mes-allocs.fr\/guides\/aide-logement\/apl\/cumul-apl\/\",\"name\":\"Cumul APL : quelles sont les aides cumulables avec l\\u2019APL ? | Mes Allocs\",\"isPartOf\":{\"@id\":\"https:\/\/www.mes-allocs.fr\/guides\/#website\"},\"primaryImageOfPage\":{\"@id\":\"https:\/\/www.mes-allocs.fr\/guides\/aide-logement\/apl\/cumul-apl\/#primaryimage\"},\"datePublished\":\"2021-03-19T10:23:57+00:00\",\"dateModified\":\"2026-01-06T15:14:40+00:00\",\"author\":{\"@id\":\"https:\/\/www.mes-allocs.fr\/guides\/#\/schema\/person\/1c4837d5703727cb02ce84583b5a44aa\"},\"description\":\"Les APL de la CAF peuvent se cumuler avec d'autres aides mais pas toutes. Parfois, ce cumul des APL r\\u00e9duit le montant de ces autres aides.\",\"inLanguage\":\"fr-FR\"},{\"@type\":\"Person\",\"@id\":\"https:\/\/www.mes-allocs.fr\/guides\/#\/schema\/person\/1c4837d5703727cb02ce84583b5a44aa\",\"name\":\"Fabiola\",\"image\":{\"@type\":\"ImageObject\",\"@id\":\"https:\/\/www.mes-allocs.fr\/guides\/#personlogo\",\"inLanguage\":\"fr-FR\",\"url\":\"https:\/\/www.mes-allocs.fr\/guides\/wp-content\/uploads\/2021\/06\/fabiola-150x150.png\",\"caption\":\"Fabiola\"},\"description\":\"Fabiola est r\\u00e9dactrice au sein de l'\\u00e9quipe Mes Allocs, sp\\u00e9cialis\\u00e9e en sciences politiques et affaires publiques. Dipl\\u00f4m\\u00e9e de l'HEIP, elle rejoint Mes Allocs apr\\u00e8s une premi\\u00e8re exp\\u00e9rience \\u00e0 l'Assembl\\u00e9e Nationale.\",\"sameAs\":[\"https:\/\/www.linkedin.com\/in\/cecilia-philippe-b-8a8085195\"]}]}<\/script>\n<!-- \/ Yoast SEO plugin. -->","amp_validity":null,"acf":{"faq":{"1":{"question":"\ud83e\udd14Quel est le plafond et revenu pour toucher les APL ? ","answer":"Le plafond pour b\u00e9n\u00e9ficier des APL va varier selon la composition de votre foyer. "},"2":{"question":"\ud83e\udd37Quel montant APL pour un \u00e9tudiant ? ","answer":"L'APL pour un \u00e9tudiant est comprise entre 100 et 150 euros en moyenne, suivant qu'il soit boursier ou non, salari\u00e9 ou non, vivant seul ou en colocation.  \r\n\r\n\r\n\r\n\r\n\r\n"},"3":{"question":"\ud83e\udd37Quelle aide au logement pour les \u00e9tudiants ? ","answer":"Les \u00e9tudiants peuvent b\u00e9n\u00e9ficier d'une aide au logement (APL, ALF, ALS)."},"4":{"question":"\ud83e\udd14Quand s\u2019arr\u00eate le versement de l\u2019APL ? ","answer":"L'APL peut s'arr\u00eater \u00e0 chaque changement de situation, de d\u00e9m\u00e9nagement et non paiement du loyer."},"5":{"question":"\ud83e\udd1dEst-ce que les retraites ont le droit \u00e0 l\u2019APL ?","answer":"Les retrait\u00e9s ont le droit \u00e0 l'APL en fonction de leurs revenus. "},"6":{"question":"\ud83e\udd14Est-ce que en tant que propri\u00e9taire on peut toucher des APL ? ","answer":"Les propri\u00e9taires peuvent toucher les APL en d\u00e9duction de leur mensualit\u00e9 d'emprunt. \r\n"},"7":{"question":"","answer":""},"8":{"question":"","answer":""},"9":{"question":"","answer":""},"10":{"question":"","answer":""},"11":{"question":"","answer":""},"12":{"question":"","answer":""},"13":{"question":"","answer":""},"14":{"question":"","answer":""},"15":{"question":"","answer":""},"16":{"question":"","answer":""}}},"_links":{"self":[{"href":"https:\/\/www.mes-allocs.fr\/guides\/wp-json\/wp\/v2\/posts\/21273","targetHints":{"allow":["GET"]}}],"collection":[{"href":"https:\/\/www.mes-allocs.fr\/guides\/wp-json\/wp\/v2\/posts"}],"about":[{"href":"https:\/\/www.mes-allocs.fr\/guides\/wp-json\/wp\/v2\/types\/post"}],"author":[{"embeddable":true,"href":"https:\/\/www.mes-allocs.fr\/guides\/wp-json\/wp\/v2\/users\/7"}],"replies":[{"embeddable":true,"href":"https:\/\/www.mes-allocs.fr\/guides\/wp-json\/wp\/v2\/comments?post=21273"}],"version-history":[{"count":68,"href":"https:\/\/www.mes-allocs.fr\/guides\/wp-json\/wp\/v2\/posts\/21273\/revisions"}],"predecessor-version":[{"id":106985,"href":"https:\/\/www.mes-allocs.fr\/guides\/wp-json\/wp\/v2\/posts\/21273\/revisions\/106985"}],"wp:featuredmedia":[{"embeddable":true,"href":"https:\/\/www.mes-allocs.fr\/guides\/wp-json\/wp\/v2\/media\/22788"}],"wp:attachment":[{"href":"https:\/\/www.mes-allocs.fr\/guides\/wp-json\/wp\/v2\/media?parent=21273"}],"wp:term":[{"taxonomy":"category","embeddable":true,"href":"https:\/\/www.mes-allocs.fr\/guides\/wp-json\/wp\/v2\/categories?post=21273"},{"taxonomy":"post_tag","embeddable":true,"href":"https:\/\/www.mes-allocs.fr\/guides\/wp-json\/wp\/v2\/tags?post=21273"}],"curies":[{"name":"wp","href":"https:\/\/api.w.org\/{rel}","templated":true}]}}