{"id":21076,"date":"2021-03-31T14:21:21","date_gmt":"2021-03-31T14:21:21","guid":{"rendered":"https:\/\/www.mes-allocs.fr\/guides\/?p=21076"},"modified":"2026-03-05T15:40:02","modified_gmt":"2026-03-05T14:40:02","slug":"formation-auxiliaire-de-vie","status":"publish","type":"post","link":"https:\/\/www.mes-allocs.fr\/guides\/reconversion-professionnelle\/formation-auxiliaire-de-vie\/","title":{"rendered":"La formation d&rsquo;auxiliaire de vie : \u00e9tude, m\u00e9tier, salaire, \u00e9volution"},"content":{"rendered":"<p><a href=\"https:\/\/www.mes-allocs.fr\/guides\/wp-content\/uploads\/2021\/03\/pexels-andrea-piacquadio-3768131-2.jpg\"><img loading=\"lazy\" decoding=\"async\" class=\"aligncenter wp-image-23737 size-full\" title=\"formation auxiliaire de vie\" src=\"https:\/\/www.mes-allocs.fr\/guides\/wp-content\/uploads\/2021\/03\/pexels-andrea-piacquadio-3768131-2-e1617092949739.jpg\" alt=\"formation auxiliaire de vie\" width=\"1280\" height=\"444\" \/><\/a><\/p>\n<p style=\"text-align: justify;\">[Mis \u00e0 jour le 05\/03\/2026] Le m\u00e9tier d&rsquo;auxiliaire de vie fait partie du secteur sanitaire et social. En exer\u00e7ant ce m\u00e9tier, vous venez en aide aux personnes malades ou fragilis\u00e9es. Votre aide est indispensable pour les gestes les plus simples du quotidien. Mes Allocs vous explique comment suivre une <strong>formation d&rsquo;auxiliaire de vie<\/strong> dans le cadre de votre <a href=\"https:\/\/www.mes-allocs.fr\/guides\/reconversion-professionnelle\/\">reconversion professionnelle<\/a>.<\/p>\n<div class='cta-block'><div class='text'>Coaching \u00e0 distance pay\u00e9 par vos aides formation.<\/div><a href='https:\/\/www.formademia.fr\/formulaire\/coaching' class='app-button fit'>V\u00e9rifier votre \u00e9ligibilit\u00e9<\/a><\/div>\n<h1>Quelles sont les formations disponibles pour devenir auxiliaire de vie ?<\/h1>\n<ul>\n<li>CAP assistant technique en milieux familial et collectif<\/li>\n<li>CAP agricole services aux personnes et vente en espace rural<\/li>\n<li>CAP petite enfance<\/li>\n<li>CAPA services en milieu rural<\/li>\n<li>MC Aide \u00e0 domicile<\/li>\n<li>Dipl\u00f4me d&rsquo;\u00c9tat d&rsquo;auxiliaire de vie sociale (DEAVS)<\/li>\n<li>Titre professionnel d&rsquo;assistant de vie aux familles (ADVF)<\/li>\n<\/ul>\n<p><strong>Niveau BAC<\/strong><\/p>\n<ul>\n<li>Bac pro services aux personnes et aux territoires<\/li>\n<li>Bac pro Accompagnement, soins et services \u00e0 la personne &#8211; option A : \u00e0 domicile<\/li>\n<\/ul>\n<p>\u00c0 noter : vous avez \u00e9galement la possibilit\u00e9 de passer le DEAVS (dipl\u00f4me d&rsquo;\u00c9tat d&rsquo;auxiliaire de vie sociale) \u00e0 partir de 18 ans. De niveau CAP, ce dipl\u00f4me professionnel repr\u00e9sente le 1er niveau de qualification des aides \u00e0 domiciles pour aider les personnes en situation de d\u00e9pendance par exemple. La formation se d\u00e9roule en alternance g\u00e9n\u00e9ralement sur 9 \u00e0 36 mois.<\/p>\n<p>Vous pouvez \u00e9galement faire le choix d&rsquo;une VAE, validation des acquis. Renseignez sur les d\u00e9marches administratives \u00e0 entreprendre.<\/p>\n<p>Bon \u00e0 savoir : des <a href=\"https:\/\/www.mes-allocs.fr\/guides\/reconversion-professionnelle\/formation-metiers\/formation-auxiliaire-de-puericulture\/\">formations auxiliaire de pu\u00e9riculture<\/a> existent, renseignez-vous !<\/p>\n<p><iframe loading=\"lazy\" title=\"La reconversion professionnelle\" width=\"500\" height=\"281\" src=\"https:\/\/www.youtube.com\/embed\/EiVUthswxl0?feature=oembed\" frameborder=\"0\" allow=\"accelerometer; autoplay; clipboard-write; encrypted-media; gyroscope; picture-in-picture; web-share\" referrerpolicy=\"strict-origin-when-cross-origin\" allowfullscreen><\/iframe><\/p>\n<h1>Qu&rsquo;est-ce que le m\u00e9tier d&rsquo;auxiliaire de vie ?<\/h1>\n<p><strong>L\u2019auxiliaire de vie<\/strong>\u00a0<strong>sociale<\/strong><strong>\u00a0<\/strong>(<strong>AVS<\/strong>) vient en aide aux personnes fragilis\u00e9es, malades, d\u00e9pendantes ne pouvant plus accomplir les gestes simples du quotidien. Sa pr\u00e9sence est par exemple n\u00e9cessaire au moment du lever, du coucher, pour la toilette, les soins d\u2019hygi\u00e8ne. En revanche il n&rsquo;y a pas de prise en charge concernant des actes r\u00e9serv\u00e9s aux infirmi\u00e8res.<\/p>\n<p>G\u00e9n\u00e9ralement une AVS intervient que quelques heures par jours et <strong>\u00a0<\/strong>assure la pr\u00e9paration des repas et la prise, les travaux m\u00e9nagers<\/p>\n<h1><strong>Le concours du DEAVS<\/strong><\/h1>\n<p>Les candidats qui sont titulaires du dipl\u00f4me d&rsquo;\u00c9tat d&rsquo;accompagnant \u00e9ducatif et social, d&rsquo;un DEAVS ou d&rsquo;un DEAMP qui souhaitent acqu\u00e9rir une autre sp\u00e9cialit\u00e9 que celle acquise au titre de leur dipl\u00f4me, sont dispens\u00e9s d&rsquo;\u00e9preuves d&rsquo;entr\u00e9e en formation.<\/p>\n<p>Le DEAES propose trois sp\u00e9cialit\u00e9s :<br \/>\n\u2022 accompagnement de la vie \u00e0 domicile,<br \/>\n\u2022 accompagnement de la vie en structure collective,<br \/>\n\u2022 accompagnement \u00e0 l&rsquo;\u00e9ducation inclusive \u00e0 la vie ordinaire.<\/p>\n<p>La formation alterne 504h de formation th\u00e9orique et 840h de formation pratique. Elle est organis\u00e9e sur une p\u00e9riode de 12 \u00e0 24 mois ainsi qu&rsquo;une p\u00e9riode de d\u00e9termination \u00e0 l&rsquo;issue de laquelle le candidat se positionne sur la sp\u00e9cialit\u00e9 pour laquelle il s&rsquo;inscrit. Le dipl\u00f4me est compos\u00e9 \u00e0 70 % d&rsquo;un socle commun d&rsquo;AES et \u00e0 30 % d&rsquo;enseignement de sp\u00e9cialit\u00e9.<\/p>\n<h1>Quelles sont les \u00e9volutions de carri\u00e8re possibles ?<\/h1>\n<h2>L\u2019AVS peut devenir assistante de vie aux familles<\/h2>\n<p>L\u2019AVS peut devenir assistante de vie aux familles (ADVF) pour intervenir aupr\u00e8s personnes aid\u00e9es par leurs enfants.<\/p>\n<p>Ce titre professionnel peut \u00eatre pr\u00e9par\u00e9 dans diff\u00e9rentes structures comme l\u2019AFPA. Avec l\u2019exp\u00e9rience et\/ou une formation compl\u00e9mentaire, l\u2019AVS peut aussi devenir : technicien(ne) d\u2019intervention sociale et familiale (TISF), aide m\u00e9dico-psychologique ou aide-soignant(e).<\/p>\n<h2>Le bilan de comp\u00e9tences pour vous aider dans vos projets<\/h2>\n<p>Le bilan de comp\u00e9tences n\u2019est pas une aide financi\u00e8re (comme le PDC).<\/p>\n<p>Un bilan de comp\u00e9tences vous permet de faire un point sur votre carri\u00e8re professionnelle, mais \u00e9galement sur votre vie personnelle. Il vous aide \u00e0 la mise en \u0153uvre un projet professionnel coh\u00e9rent ou valider un projet de formation.<\/p>\n<p><strong>Les personnes suivantes peuvent faire un bilan de comp\u00e9tences :\u00a0<\/strong><\/p>\n<ul>\n<li>salari\u00e9 du secteur priv\u00e9, en contrat \u00e0 dur\u00e9e ind\u00e9termin\u00e9e ou d\u00e9termin\u00e9e ;<\/li>\n<li>demandeur d\u2019emploi : la demande doit \u00eatre faite aupr\u00e8s de France Travail, de l\u2019APEC ou de Cap emploi ;<\/li>\n<li>salari\u00e9 du secteur public (fonctionnaires, agents non titulaires\u2026) : textes sp\u00e9cifiques mais dans des conditions similaires aux salari\u00e9s (cong\u00e9 de 24h, etc.).<\/li>\n<\/ul>\n<p>Si vous souhaitez plus d\u2019informations sur les dispositifs en vigueur pour une reconversion n\u2019h\u00e9sitez pas \u00e0 consulter les articles Mes Allocs !<\/p>\n<div class='cta-block'><div class='text'>Coaching \u00e0 distance pay\u00e9 par vos aides formation.<\/div><a href='https:\/\/www.formademia.fr\/formulaire\/coaching' class='app-button fit'>V\u00e9rifier votre \u00e9ligibilit\u00e9<\/a><\/div>\n<h1>Les aides \u00e0 la reconversion professionnelle<\/h1>\n<p>Plusieurs dispositifs sont en vigueur pour vous aider \u00e0 changer de m\u00e9tier et entamer une formation professionnelle. L\u2019\u00e9quipe Mes Allocs vous accompagne dans la recherche de votre financement.\u00a0<a href=\"https:\/\/www.formademia.fr\/formulaire\/coaching\">Prenez rendez-vous<\/a>\u00a0!<\/p>\n<h2><span id=\"Le_CPF\">Le CPF<\/span><\/h2>\n<p>Le CPF est une aide \u00e0 destination des demandeurs d\u2019emploi, salari\u00e9s et travailleur ind\u00e9pendant. Ce dernier permet d\u2019acqu\u00e9rir un certain montant en euros destin\u00e9 \u00e0 prendre en charge en tout ou partie des d\u00e9penses occasionn\u00e9es par l\u2019inscription \u00e0 certaines formations. Son objectif est de contribuer au maintien de l\u2019employabilit\u00e9 et \u00e0 la s\u00e9curisation du parcours professionnel.<\/p>\n<p><strong>Il regroupe :<\/strong><\/p>\n<ul>\n<li>le montant acquis par le salari\u00e9 tout au long de sa vie active et jusqu\u2019\u00e0 son d\u00e9part \u00e0 la retraite,<\/li>\n<li>et les formations dont il peut b\u00e9n\u00e9ficier personnellement<\/li>\n<\/ul>\n<h2 id=\"menu-1\"><span id=\"Action_de_Formation_Conventionnee_par_Pole_emploi\">Action de Formation Conventionn\u00e9e par France Travail<\/span><\/h2>\n<p>Il s\u2019agit d\u2019une aide financi\u00e8re pour les demandeurs d\u2019emploi dans le cadre d\u2019une formation continue. Il a pour objectif un retour rapide sur le march\u00e9 de l\u2019 emploi. La formation que vous allez suivre doit permettre de combler un \u00e9cart entre les comp\u00e9tences que vous avez d\u00e9j\u00e0 et les exigences du march\u00e9 du travail.<\/p>\n<p>\u00c0 noter : France Travail prend en charge le co\u00fbt total de la formation en payant directement le centre de formation. Vous n\u2019avez aucune participation \u00e0 fournir.<\/p>\n<div class='cta-block'><div class='text'>Coaching \u00e0 distance pay\u00e9 par vos aides formation.<\/div><a href='https:\/\/www.formademia.fr\/formulaire\/coaching' class='app-button fit'>V\u00e9rifier votre \u00e9ligibilit\u00e9<\/a><\/div>\n","protected":false},"excerpt":{"rendered":"<p>[Mis \u00e0 jour le 05\/03\/2026] Le m\u00e9tier d&rsquo;auxiliaire de vie fait partie du secteur sanitaire et social. En exer\u00e7ant ce m\u00e9tier, vous venez en aide aux personnes malades ou fragilis\u00e9es. Votre aide est indispensable pour les gestes les plus simples du quotidien. Mes Allocs vous explique comment suivre une formation d&rsquo;auxiliaire de vie dans le [&hellip;]<\/p>\n","protected":false},"author":6,"featured_media":23737,"comment_status":"open","ping_status":"open","sticky":false,"template":"","format":"standard","meta":{"amp_status":"","footnotes":""},"categories":[5979,5081],"tags":[],"class_list":["post-21076","post","type-post","status-publish","format-standard","has-post-thumbnail","hentry","category-formation-metiers","category-reconversion-professionnelle"],"yoast_head":"<!-- This site is optimized with the Yoast SEO plugin v14.9 - https:\/\/yoast.com\/wordpress\/plugins\/seo\/ -->\n<title>Formation d&#039;auxiliaire de vie : \u00e9tudes, m\u00e9tiers, salaires et \u00e9volution<\/title>\n<meta name=\"description\" content=\"Une auxiliaire de vie accompagne des personnes malades ou fragilis\u00e9es. Mes Allocs vous explique tout sur la formation \u00e0 suivre.\" \/>\n<meta name=\"robots\" content=\"index, follow, max-snippet:-1, max-image-preview:large, max-video-preview:-1\" \/>\n<link rel=\"canonical\" href=\"https:\/\/www.mes-allocs.fr\/guides\/reconversion-professionnelle\/formation-auxiliaire-de-vie\/\" \/>\n<meta property=\"og:locale\" content=\"fr_FR\" \/>\n<meta property=\"og:type\" content=\"article\" \/>\n<meta property=\"og:title\" content=\"Formation d&#039;auxiliaire de vie : \u00e9tudes, m\u00e9tiers, salaires et \u00e9volution\" \/>\n<meta property=\"og:description\" content=\"Une auxiliaire de vie accompagne des personnes malades ou fragilis\u00e9es. Mes Allocs vous explique tout sur la formation \u00e0 suivre.\" \/>\n<meta property=\"og:url\" content=\"https:\/\/www.mes-allocs.fr\/guides\/reconversion-professionnelle\/formation-auxiliaire-de-vie\/\" \/>\n<meta property=\"og:site_name\" content=\"Mes-Allocs.fr\" \/>\n<meta property=\"article:published_time\" content=\"2021-03-31T14:21:21+00:00\" \/>\n<meta property=\"article:modified_time\" content=\"2026-03-05T14:40:02+00:00\" \/>\n<meta property=\"og:image\" content=\"https:\/\/www.mes-allocs.fr\/guides\/wp-content\/uploads\/2021\/03\/pexels-andrea-piacquadio-3768131-2.jpg?wsr\" \/>\n\t<meta property=\"og:image:width\" content=\"1280\" \/>\n\t<meta property=\"og:image:height\" content=\"853\" \/>\n<meta name=\"twitter:card\" content=\"summary_large_image\" \/>\n<script type=\"application\/ld+json\" class=\"yoast-schema-graph\">{\"@context\":\"https:\/\/schema.org\",\"@graph\":[{\"@type\":\"WebSite\",\"@id\":\"https:\/\/www.mes-allocs.fr\/guides\/#website\",\"url\":\"https:\/\/www.mes-allocs.fr\/guides\/\",\"name\":\"Mes-Allocs.fr\",\"description\":\"\",\"potentialAction\":[{\"@type\":\"SearchAction\",\"target\":\"https:\/\/www.mes-allocs.fr\/guides\/?s={search_term_string}\",\"query-input\":\"required name=search_term_string\"}],\"inLanguage\":\"fr-FR\"},{\"@type\":\"ImageObject\",\"@id\":\"https:\/\/www.mes-allocs.fr\/guides\/reconversion-professionnelle\/formation-auxiliaire-de-vie\/#primaryimage\",\"inLanguage\":\"fr-FR\",\"url\":\"https:\/\/www.mes-allocs.fr\/guides\/wp-content\/uploads\/2021\/03\/pexels-andrea-piacquadio-3768131-2.jpg?wsr\",\"width\":1280,\"height\":853,\"caption\":\"formation auxiliaire de vie\"},{\"@type\":\"WebPage\",\"@id\":\"https:\/\/www.mes-allocs.fr\/guides\/reconversion-professionnelle\/formation-auxiliaire-de-vie\/#webpage\",\"url\":\"https:\/\/www.mes-allocs.fr\/guides\/reconversion-professionnelle\/formation-auxiliaire-de-vie\/\",\"name\":\"Formation d'auxiliaire de vie : \\u00e9tudes, m\\u00e9tiers, salaires et \\u00e9volution\",\"isPartOf\":{\"@id\":\"https:\/\/www.mes-allocs.fr\/guides\/#website\"},\"primaryImageOfPage\":{\"@id\":\"https:\/\/www.mes-allocs.fr\/guides\/reconversion-professionnelle\/formation-auxiliaire-de-vie\/#primaryimage\"},\"datePublished\":\"2021-03-31T14:21:21+00:00\",\"dateModified\":\"2026-03-05T14:40:02+00:00\",\"author\":{\"@id\":\"https:\/\/www.mes-allocs.fr\/guides\/#\/schema\/person\/0ecd61a8600573914d00d970a588c024\"},\"description\":\"Une auxiliaire de vie accompagne des personnes malades ou fragilis\\u00e9es. Mes Allocs vous explique tout sur la formation \\u00e0 suivre.\",\"inLanguage\":\"fr-FR\"},{\"@type\":\"Person\",\"@id\":\"https:\/\/www.mes-allocs.fr\/guides\/#\/schema\/person\/0ecd61a8600573914d00d970a588c024\",\"name\":\"Jonathan\",\"image\":{\"@type\":\"ImageObject\",\"@id\":\"https:\/\/www.mes-allocs.fr\/guides\/#personlogo\",\"inLanguage\":\"fr-FR\",\"url\":\"https:\/\/www.mes-allocs.fr\/guides\/wp-content\/uploads\/2021\/06\/jonathan-150x150.png\",\"caption\":\"Jonathan\"},\"description\":\"Jonathan est r\\u00e9dacteur au sein de l'\\u00e9quipe Mes Allocs, sp\\u00e9cialis\\u00e9 sur les sujets li\\u00e9s au handicap. Dipl\\u00f4m\\u00e9e de l'UPEM, il rejoint Mes Allocs apr\\u00e8s avoir travaill\\u00e9 \\u00e0 l'association AEDE qui accompagne les adultes en situation de handicap. Quand il n'\\u00e9crit pas, on peut le retrouver sur un terrain de basket.\",\"sameAs\":[\"https:\/\/www.linkedin.com\/in\/jonathan-bambela-8637861b7\"]}]}<\/script>\n<!-- \/ Yoast SEO plugin. -->","amp_validity":null,"acf":{"faq":{"1":{"question":"Qui finance le projet de transition professionnelle ?","answer":"Si vous \u00eates en CDD, le financement de votre projet de transition professionnelle peut \u00eatre l'oeuvre de la commission paritaire interprofessionnelle r\u00e9gionale comp\u00e9tente au cours de l'ex\u00e9cution de son contrat de travail."},"2":{"question":"Quel est le salaire d'une auxiliaire de vie ?","answer":"Un auxiliaire de vie gagne en moyenne 1 400 \u00e0 1 500 \u20ac net par mois en France."},"3":{"question":"Quel est le salaire d'une aide \u00e0 domicile ?","answer":"Le salaire moyen d'un aide \u00e0 domicile en France est entre 20 500 \u20ac et 33 000 \u20ac bruts annuels."},"4":{"question":"Quel dipl\u00f4me pour travailler comme aide \u00e0 domicile ?","answer":"Vous pouvez obtenir le CAP d'assistant technique en milieu familial et collectif (pour l'entretien \u00e0 domicile), le CAP petite enfance (pour la garde d'enfants) ou le CAP assistant de vie aux familles (pour le maintien \u00e0 domicile)."},"5":{"question":"Qu'est-ce qu'une auxiliaire de vie en maison de retraite ?","answer":"L'auxiliaire de vie sociale a un r\u00f4le de soutien et d'accompagnement social. Il exerce aupr\u00e8s des personnes fragiles, d\u00e9pendantes ou en difficult\u00e9 sociale."},"6":{"question":" Quels sont les dipl\u00f4mes d'aide \u00e0 la personne ?","answer":"Le dipl\u00f4me d'Etat d'accompagnant \u00e9ducatif et social (DEAES) de niveau CAP, est le premier niveau de qualification des m\u00e9tiers de l'aide \u00e0 domicile."},"7":{"question":"","answer":""},"8":{"question":"","answer":""},"9":{"question":"","answer":""},"10":{"question":"","answer":""},"11":{"question":"","answer":""},"12":{"question":"","answer":""},"13":{"question":"","answer":""},"14":{"question":"","answer":""},"15":{"question":"","answer":""},"16":{"question":"","answer":""}}},"_links":{"self":[{"href":"https:\/\/www.mes-allocs.fr\/guides\/wp-json\/wp\/v2\/posts\/21076","targetHints":{"allow":["GET"]}}],"collection":[{"href":"https:\/\/www.mes-allocs.fr\/guides\/wp-json\/wp\/v2\/posts"}],"about":[{"href":"https:\/\/www.mes-allocs.fr\/guides\/wp-json\/wp\/v2\/types\/post"}],"author":[{"embeddable":true,"href":"https:\/\/www.mes-allocs.fr\/guides\/wp-json\/wp\/v2\/users\/6"}],"replies":[{"embeddable":true,"href":"https:\/\/www.mes-allocs.fr\/guides\/wp-json\/wp\/v2\/comments?post=21076"}],"version-history":[{"count":20,"href":"https:\/\/www.mes-allocs.fr\/guides\/wp-json\/wp\/v2\/posts\/21076\/revisions"}],"predecessor-version":[{"id":110202,"href":"https:\/\/www.mes-allocs.fr\/guides\/wp-json\/wp\/v2\/posts\/21076\/revisions\/110202"}],"wp:featuredmedia":[{"embeddable":true,"href":"https:\/\/www.mes-allocs.fr\/guides\/wp-json\/wp\/v2\/media\/23737"}],"wp:attachment":[{"href":"https:\/\/www.mes-allocs.fr\/guides\/wp-json\/wp\/v2\/media?parent=21076"}],"wp:term":[{"taxonomy":"category","embeddable":true,"href":"https:\/\/www.mes-allocs.fr\/guides\/wp-json\/wp\/v2\/categories?post=21076"},{"taxonomy":"post_tag","embeddable":true,"href":"https:\/\/www.mes-allocs.fr\/guides\/wp-json\/wp\/v2\/tags?post=21076"}],"curies":[{"name":"wp","href":"https:\/\/api.w.org\/{rel}","templated":true}]}}