{"id":21040,"date":"2021-03-09T02:18:57","date_gmt":"2021-03-09T02:18:57","guid":{"rendered":"https:\/\/www.mes-allocs.fr\/guides\/?p=21040"},"modified":"2025-10-15T08:57:07","modified_gmt":"2025-10-15T06:57:07","slug":"fsl-var","status":"publish","type":"post","link":"https:\/\/www.mes-allocs.fr\/guides\/fsl\/fsl-france\/fsl-var\/","title":{"rendered":"FSL Var : conditions, montants, d\u00e9marches"},"content":{"rendered":"<p><img loading=\"lazy\" decoding=\"async\" class=\"alignnone wp-image-21088 size-full\" src=\"https:\/\/www.mes-allocs.fr\/guides\/wp-content\/uploads\/2021\/03\/verdon-4523765_1920-2-e1614867405907.jpg\" alt=\"FSL Var\" width=\"1920\" height=\"403\" srcset=\"https:\/\/www.mes-allocs.fr\/guides\/wp-content\/uploads\/2021\/03\/verdon-4523765_1920-2-e1614867405907.jpg 1920w, https:\/\/www.mes-allocs.fr\/guides\/wp-content\/uploads\/2021\/03\/verdon-4523765_1920-2-e1614867405907-300x63.jpg 300w, https:\/\/www.mes-allocs.fr\/guides\/wp-content\/uploads\/2021\/03\/verdon-4523765_1920-2-e1614867405907-1024x215.jpg 1024w, https:\/\/www.mes-allocs.fr\/guides\/wp-content\/uploads\/2021\/03\/verdon-4523765_1920-2-e1614867405907-768x161.jpg 768w, https:\/\/www.mes-allocs.fr\/guides\/wp-content\/uploads\/2021\/03\/verdon-4523765_1920-2-e1614867405907-1536x322.jpg 1536w, https:\/\/www.mes-allocs.fr\/guides\/wp-content\/uploads\/2021\/03\/verdon-4523765_1920-2-e1614867405907-600x126.jpg 600w\" sizes=\"auto, (max-width: 1920px) 100vw, 1920px\" \/><\/p>\n<p style=\"text-align: justify;\"><strong>Le <a href=\"https:\/\/www.mes-allocs.fr\/guides\/fsl\/fsl-localisation\/\" target=\"_blank\" rel=\"noopener noreferrer\">fonds solidarit\u00e9 pour le logement<\/a>, FSL, est une aide financi\u00e8re destin\u00e9e aux personnes rencontrant des difficult\u00e9s financi\u00e8res. Cette aide est g\u00e9r\u00e9e par votre d\u00e9partement. Vous habitez le d\u00e9partement du Var et vous voulez conna\u00eetre les modalit\u00e9s du FSL ? L&rsquo;\u00e9quipe de Mes-Allocs vous en dit plus.<\/strong><\/p>\n<div class='cta-block'><div class='text'>Simulez vos aides en 2 min.<\/div><a href='https:\/\/www.mes-allocs.fr\/ab-app?origin=guides\/wp-json\/wp\/v2\/posts\/21040' class='app-button fit'>Simulation gratuite<\/a><\/div>\n<h1>L&rsquo;aide du FSL dans le \u00a0d\u00e9partement du Var<\/h1>\n<p style=\"text-align: justify;\">Le <a href=\"https:\/\/www.mes-allocs.fr\/guides\/fsl\/fsl-france\/\">FSL en France<\/a> est g\u00e9r\u00e9 et accord\u00e9 par les d\u00e9partements. Le D\u00e9partement du Var propose aux foyers qui rencontrent des difficult\u00e9s \u00e0 se maintenir ou \u00e0 acc\u00e9der \u00e0 un logement, des aides financi\u00e8res et a un accompagnement social, via le FSL. Gr\u00e2ce au fonds de solidarit\u00e9 pour le logement, vous pourrez \u00eatre aid\u00e9 dans le paiement de vos dettes de loyer, de vos frais d&rsquo;agence, notamment. Le paiement de vos factures d&rsquo;\u00e9lectricit\u00e9 et gaz est aussi pris en charge par le FSL.<\/p>\n<p><strong>\u00c0 noter :<\/strong> Si vous r\u00e9sidez dans la commune de Saint-Zacharie, vous devrez vous adressez au FSL Aix-Marseille-Provence. C&rsquo;est en effet la M\u00e9tropole Aix-Marseille-Provence qui est comp\u00e9tente en mati\u00e8re de FSL, pour cette commune.<\/p>\n<p><iframe loading=\"lazy\" title=\"Le FSL\" width=\"500\" height=\"281\" src=\"https:\/\/www.youtube.com\/embed\/51nEjgBrSxc?feature=oembed\" frameborder=\"0\" allow=\"accelerometer; autoplay; clipboard-write; encrypted-media; gyroscope; picture-in-picture; web-share\" referrerpolicy=\"strict-origin-when-cross-origin\" allowfullscreen><\/iframe><\/p>\n<div class=\"region region-content\">\n<section id=\"block-system-main\" class=\"block block-system clearfix\">\n<div class=\"inner-block\">\n<div class=\"content\">\n<article id=\"node-2987\" class=\"node node-actualite-article clearfix\">\n<div class=\"paragraphs-items paragraphs-items-field-as-paragraphe paragraphs-items-field-as-paragraphe-full paragraphs-items-full\">\n<div class=\"field field-name-field-as-paragraphe field-type-paragraphs field-label-hidden\">\n<div class=\"field-items\">\n<div class=\"field-item even\">\n<div class=\"entity entity-paragraphs-item paragraphs-item-texte-formate\">\n<div class=\"content\">\n<div class=\"field field-name-field-contenu field-type-text-long field-label-hidden\">\n<div class=\"field-items\">\n<div class=\"field-item even\">\n<div id=\"c4200\" tabindex=\"-1\">\n<div class=\"ce-textpic ce-center ce-above\">\n<h1>Aide du FSL dans le Var : les conditions d&rsquo;attribution<\/h1>\n<div class=\"page\" title=\"Page 8\">\n<div class=\"layoutArea\">\n<div class=\"column\">\n<p>D&rsquo;apr\u00e8s la loi dite Besson de 1990, peuvent b\u00e9n\u00e9ficier du FSL les personnes rencontrant des difficult\u00e9s \u00e0 se maintenir ou \u00e0 acc\u00e9der \u00e0 un logement du fait de leur situation personnelle.<\/p>\n<\/div>\n<\/div>\n<\/div>\n<div class=\"page\" title=\"Page 9\">\n<div class=\"layoutArea\">\n<div class=\"column\">\n<p>Plus pr\u00e9cis\u00e9ment il s&rsquo;agit des personnes vivant dans un logement :<\/p>\n<\/div>\n<\/div>\n<div class=\"layoutArea\">\n<div class=\"column\">\n<ul>\n<li style=\"list-style-type: none;\">\n<ul>\n<li>situ\u00e9 dans le d\u00e9partement du Var<\/li>\n<li>du parc public ou priv\u00e9<\/li>\n<li>reconnu comme d\u00e9cent et r\u00e9pondant aux normes de salubrit\u00e9 d\u00e9finies par le D\u00e9cret n\u00b02002-120 du 30 janvier 2002.<br \/>\n<strong>\u00c0 noter :<\/strong> Pour une aide \u00e0 l\u2019acc\u00e8s \u00e0 un logement, l&rsquo;appartement d\u00e9sir\u00e9 ne doit pas faire l&rsquo;objet d\u2019un arr\u00eat\u00e9 d\u2019insalubrit\u00e9 ou de p\u00e9ril<\/li>\n<li>adapt\u00e9 \u00e0 votre situation familiale, sociale et financi\u00e8re<\/li>\n<li>qui sera occup\u00e9 de fa\u00e7on r\u00e9guli\u00e8re<\/li>\n<li>dont le bail, pr\u00e9voit une location d&rsquo;une dur\u00e9e d\u2019un an minimum pour un logement meubl\u00e9 ou vide. Toutefois, des d\u00e9rogations sont possibles.<\/li>\n<\/ul>\n<\/li>\n<\/ul>\n<\/div>\n<\/div>\n<\/div>\n<\/div>\n<\/div>\n<div id=\"c4195\" tabindex=\"-1\">\n<div class=\"ce-textpic ce-center ce-above\">\n<div class=\"ce-bodytext\">\n<h1>Comment calculer l&rsquo;aide du FSL ?<\/h1>\n<div class=\"page\" title=\"Page 9\">\n<div class=\"layoutArea\">\n<div class=\"column\">\n<p>L&rsquo;attribution d&rsquo;une aide financi\u00e8re du FSL maintien, acc\u00e8s ou autre, dans le d\u00e9partement Var est soumise \u00e0 des conditions li\u00e9es \u00e0 vos ressources. En effet, les aides du FSL vous sont octroy\u00e9es en fonction de votre quotient social :<\/p>\n<\/div>\n<\/div>\n<\/div>\n<div class=\"page\" title=\"Page 10\">\n<div class=\"layoutArea\">\n<div class=\"column\">\n<p style=\"text-align: center;\"><strong>Quotient social en \u20ac = Ensemble des ressources du foyer \/ nombre d\u2019unit\u00e9s de consommation<\/strong><\/p>\n<p style=\"text-align: justify;\">\n<div class=\"wpdt-c row wpDataTableContainerSimpleTable wpDataTables wpDataTablesWrapper\n\"\n    >\n    <table id=\"wpdtSimpleTable-377table_view=regular\"\n           class=\"wpdtSimpleTable wpDataTable\"\n           data-column=\"3\"\n           data-rows=\"7\"\n           data-wpID=\"377table_view=regular\"\n           data-responsive=\"0\"\n           data-has-header=\"1\">\n\n                    <thead>        <tr class=\"wpdt-cell-row \" >\n                            <th class=\"wpdt-cell wpdt-bc-F3F9FE wpdt-bold\"\n                                    data-cell-id=\"A1\"\n                data-col-index=\"0\"\n                data-row-index=\"0\"\n                style=\" width:32.692307692308%;                padding:10px;\"\n                >\n                                Composition familiale                <\/th>\n                                            <th class=\"wpdt-cell wpdt-bc-F3F9FE wpdt-bold\"\n                                    data-cell-id=\"B1\"\n                data-col-index=\"1\"\n                data-row-index=\"0\"\n                style=\" width:34.615384615385%;                padding:10px;\"\n                >\n                                Personne seule                <\/th>\n                                            <th class=\"wpdt-cell wpdt-bold\"\n                                    data-cell-id=\"C1\"\n                data-col-index=\"2\"\n                data-row-index=\"0\"\n                style=\" width:32.692307692308%;                padding:10px;\"\n                >\n                                M\u00e9nage                <\/th>\n                                        <\/tr>\n                    <tbody>        <tr class=\"wpdt-cell-row \" >\n                            <td class=\"wpdt-cell \"\n                                    data-cell-id=\"A2\"\n                data-col-index=\"0\"\n                data-row-index=\"1\"\n                style=\"                padding:10px;\"\n                >\n                                \u00a0                <\/td>\n                                            <td class=\"wpdt-cell \"\n                                    data-cell-id=\"B2\"\n                data-col-index=\"1\"\n                data-row-index=\"1\"\n                style=\"                padding:10px;\"\n                >\n                                1 Unit\u00e9 de consommation (UC)                <\/td>\n                                            <td class=\"wpdt-cell \"\n                                    data-cell-id=\"C2\"\n                data-col-index=\"2\"\n                data-row-index=\"1\"\n                style=\"                padding:10px;\"\n                >\n                                1,5 UC                <\/td>\n                                        <\/tr>\n                            <tr class=\"wpdt-cell-row \" >\n                            <td class=\"wpdt-cell \"\n                                    data-cell-id=\"A3\"\n                data-col-index=\"0\"\n                data-row-index=\"2\"\n                style=\"                padding:10px;\"\n                >\n                                + 1 personne                <\/td>\n                                            <td class=\"wpdt-cell \"\n                                    data-cell-id=\"B3\"\n                data-col-index=\"1\"\n                data-row-index=\"2\"\n                style=\"                padding:10px;\"\n                >\n                                 1,5                <\/td>\n                                            <td class=\"wpdt-cell \"\n                                    data-cell-id=\"C3\"\n                data-col-index=\"2\"\n                data-row-index=\"2\"\n                style=\"                padding:10px;\"\n                >\n                                1,8                <\/td>\n                                        <\/tr>\n                            <tr class=\"wpdt-cell-row \" >\n                            <td class=\"wpdt-cell \"\n                                    data-cell-id=\"A4\"\n                data-col-index=\"0\"\n                data-row-index=\"3\"\n                style=\"                padding:10px;\"\n                >\n                                + 2 personnes                <\/td>\n                                            <td class=\"wpdt-cell \"\n                                    data-cell-id=\"B4\"\n                data-col-index=\"1\"\n                data-row-index=\"3\"\n                style=\"                padding:10px;\"\n                >\n                                1,8                <\/td>\n                                            <td class=\"wpdt-cell \"\n                                    data-cell-id=\"C4\"\n                data-col-index=\"2\"\n                data-row-index=\"3\"\n                style=\"                padding:10px;\"\n                >\n                                2,1                <\/td>\n                                        <\/tr>\n                            <tr class=\"wpdt-cell-row \" >\n                            <td class=\"wpdt-cell \"\n                                    data-cell-id=\"A5\"\n                data-col-index=\"0\"\n                data-row-index=\"4\"\n                style=\"                padding:10px;\"\n                >\n                                + 3 personnes                <\/td>\n                                            <td class=\"wpdt-cell \"\n                                    data-cell-id=\"B5\"\n                data-col-index=\"1\"\n                data-row-index=\"4\"\n                style=\"                padding:10px;\"\n                >\n                                2,2                <\/td>\n                                            <td class=\"wpdt-cell \"\n                                    data-cell-id=\"C5\"\n                data-col-index=\"2\"\n                data-row-index=\"4\"\n                style=\"                padding:10px;\"\n                >\n                                2,5                <\/td>\n                                        <\/tr>\n                            <tr class=\"wpdt-cell-row \" >\n                            <td class=\"wpdt-cell \"\n                                    data-cell-id=\"A6\"\n                data-col-index=\"0\"\n                data-row-index=\"5\"\n                style=\"                padding:10px;\"\n                >\n                                + 4 personnes                <\/td>\n                                            <td class=\"wpdt-cell \"\n                                    data-cell-id=\"B6\"\n                data-col-index=\"1\"\n                data-row-index=\"5\"\n                style=\"                padding:10px;\"\n                >\n                                2,6                <\/td>\n                                            <td class=\"wpdt-cell \"\n                                    data-cell-id=\"C6\"\n                data-col-index=\"2\"\n                data-row-index=\"5\"\n                style=\"                padding:10px;\"\n                >\n                                2,9                <\/td>\n                                        <\/tr>\n                            <tr class=\"wpdt-cell-row \" >\n                            <td class=\"wpdt-cell \"\n                                    data-cell-id=\"A7\"\n                data-col-index=\"0\"\n                data-row-index=\"6\"\n                style=\"                padding:10px;\"\n                >\n                                0,4 UC de + par personne suppl\u00e9mentaire                <\/td>\n                                            <td class=\"wpdt-cell \"\n                                    data-cell-id=\"B7\"\n                data-col-index=\"1\"\n                data-row-index=\"6\"\n                style=\"                padding:10px;\"\n                >\n                                0,4 UC de + par personne suppl\u00e9mentaire                <\/td>\n                                            <td class=\"wpdt-cell \"\n                                    data-cell-id=\"C7\"\n                data-col-index=\"2\"\n                data-row-index=\"6\"\n                style=\"                padding:10px;\"\n                >\n                                0,4 UC de + par personne suppl\u00e9mentaire                <\/td>\n                                        <\/tr>\n                    <\/table>\n<\/div><style id='wpdt-custom-style-377table_view=regular'>\ntable#wpdtSimpleTable-377table_view=regular{ table-layout: fixed !important; }\n.wpdt-bc-F3F9FE { background-color: #F3F9FE !important;}\n<\/style>\n<\/p>\n<p style=\"text-align: justify;\">Pour le calcul de votre quotient social, tous les revenus des personnes vivant dans votre foyer sont pris en compte et ce, quel que soit leur nature. Les revenus pris en compte dans ce calcul sont ceux que vous aurez per\u00e7us dans le mois pr\u00e9c\u00e9dent votre demande. Si vos revenus sont fluctuants, une moyenne de vos revenus des 3 derniers mois sera faite.<\/p>\n<\/div>\n<\/div>\n<div class=\"layoutArea\">\n<div class=\"column\">\n<p>Seuls les revenus suivants ne sont pas pris en compte dans le calcul du montant de votre aide FSL, les :<\/p>\n<ul>\n<li>aides au Logement,<\/li>\n<li>Allocations de Rentr\u00e9e Scolaire,<\/li>\n<li>Allocations d\u2019Education de l\u2019Enfant Handicap\u00e9,<\/li>\n<li>Prestations de Compensation du Handicap,<\/li>\n<li>Allocations Personnalis\u00e9es d\u2019Autonomie,<\/li>\n<li>aides, allocations et compl\u00e9ments, dont le montant ou la p\u00e9riodicit\u00e9 n\u2019a pas de caract\u00e8re r\u00e9gulier.<\/li>\n<\/ul>\n<\/div>\n<\/div>\n<\/div>\n<h1>Demande d&rsquo;aide du FSL dans le d\u00e9partement du Var<\/h1>\n<p>Sachez que le FSL peut-\u00eatre saisi par le demandeur, par un travailleur social du Conseil D\u00e9partemental ou par un repr\u00e9sentant de l&rsquo;Etat dans le d\u00e9partement, notamment.<\/p>\n<p>Pour effectuer une demande d&rsquo;aide du FSL, vous pouvez remplir le formulaire de demande d&rsquo;aide, disponible sur le site-web du Conseil d\u00e9partemental du Var. Vous avez aussi la possibilit\u00e9 d&rsquo;effectuer votre demande par voie postale en allant retirer ce formulaire dans le Centre de Solidarit\u00e9 le plus proche de chez vous.<\/p>\n<p>Votre demande d&rsquo;aide sera par la suite instruite par le Service solidarit\u00e9s logement du D\u00e9partement du Var, dans un d\u00e9lai de deux mois \u00e0 compter de la date de r\u00e9ception de votre dossier complet.<\/p>\n<p><strong>\u00c0 noter :\u00a0<\/strong>Pour \u00eatre \u00e9tudi\u00e9, votre dossier doit \u00eatre recevable : toutes les pi\u00e8ces justificatives demand\u00e9es doivent s&rsquo;y trouver. Votre dossier est irrecevable en cas d&rsquo;absence d&rsquo;informations et\/ou des pi\u00e8ces justificatives et si les informations transmises sont erron\u00e9es.<\/p>\n<\/div>\n<div class=\"ce-bodytext\">\n<div class=\"page\" title=\"Page 11\">\n<div class=\"layoutArea\">\n<div class=\"column\">\n<p><em>Par exemple, dans le cadre d&rsquo;une demande d&rsquo;aide du FSL Var \u00e0 l&rsquo;acc\u00e8s \u00e0 un logement du secteur public ou priv\u00e9, il existe quelques conditions d&rsquo;\u00e9ligibilit\u00e9 vos frais locatifs (loyer + charges) doivent \u00eatre appropri\u00e9s aux ressources et \u00e0 la composition de votre foyer.En ce sens, votre effort ne pas d\u00e9passer les 50 %.\u00a0Dans certains cas apr\u00e8s l&rsquo;obtention d&rsquo;un avis favorable de la commission FSL, ce taux pourra aller jusqu&rsquo;\u00e0 60 %.\u00a0<\/em><\/p>\n<div class=\"layoutArea\">\n<div class=\"column\">\u00a0Le taux d\u2019effort locatif est calcul\u00e9 de la fa\u00e7on suivante :<\/div>\n<\/div>\n<div class=\"layoutArea\">\n<div class=\"column\">\n<p style=\"text-align: center;\"><strong>Taux d\u2019effort locatif = [ (Loyer + Charges locatives) \/ (Revenus + Aides au Logement) ] X 100<\/strong><\/p>\n<\/div>\n<\/div>\n<div class=\"layoutArea\">\n<div class=\"column\">\n<p>Il d\u00e9termine le poids repr\u00e9sent\u00e9 par vos frais locatifs sur votre budget. Lorsque votre taux d\u2019effort locatif d\u00e9passe les 60 %, votre demande d&rsquo;aide sera automatiquement refus\u00e9e.<\/p>\n<p><strong>\u00c0 noter :<\/strong> entre deux demandes d&rsquo;aide \u00e0 l&rsquo;acc\u00e8s du FSL, un d\u00e9lai de 36 mois devra obligatoirement \u00eatre respect\u00e9. Ce d\u00e9lai peut \u00eatre raccourci en cas d&rsquo;un changement dans votre situation familiale ou financi\u00e8re.<\/p>\n<\/div>\n<\/div>\n<\/div>\n<\/div>\n<\/div>\n<\/div>\n<\/div>\n<\/div>\n<\/div>\n<\/div>\n<\/div>\n<\/div>\n<\/div>\n<\/div>\n<\/div>\n<\/div>\n<\/div>\n<\/article>\n<\/div>\n<\/div>\n<\/section>\n<\/div>\n<div class='cta-block'><div class='text'>Simulez vos aides en 2 min.<\/div><a href='https:\/\/www.mes-allocs.fr\/ab-app?origin=guides\/wp-json\/wp\/v2\/posts\/21040' class='app-button fit'>Simulation gratuite<\/a><\/div>\n<div class=\"region region-content\">\n<section id=\"block-system-main\" class=\"block block-system clearfix\">\n<div class=\"inner-block\">\n<div class=\"content\">\n<article id=\"node-2987\" class=\"node node-actualite-article clearfix\">\n<div class=\"paragraphs-items paragraphs-items-field-as-paragraphe paragraphs-items-field-as-paragraphe-full paragraphs-items-full\">\n<div class=\"field field-name-field-as-paragraphe field-type-paragraphs field-label-hidden\">\n<div class=\"field-items\">\n<div class=\"field-item even\">\n<div class=\"entity entity-paragraphs-item paragraphs-item-texte-formate\">\n<div class=\"content\">\n<div class=\"field field-name-field-contenu field-type-text-long field-label-hidden\">\n<div class=\"field-items\">\n<div class=\"field-item even\">\n<div id=\"c4195\" tabindex=\"-1\">\n<div class=\"ce-textpic ce-center ce-above\">\n<div class=\"ce-bodytext\">\n<div class=\"page\" title=\"Page 11\">\n<div class=\"layoutArea\">\n<div class=\"column\">\n<div class=\"layoutArea\">\n<div class=\"column\">\n<p>&nbsp;<\/p>\n<\/div>\n<\/div>\n<\/div>\n<\/div>\n<\/div>\n<\/div>\n<\/div>\n<\/div>\n<\/div>\n<\/div>\n<\/div>\n<\/div>\n<\/div>\n<\/div>\n<\/div>\n<\/div>\n<\/div>\n<\/article>\n<\/div>\n<\/div>\n<\/section>\n<\/div>\n","protected":false},"excerpt":{"rendered":"<p>Le fonds solidarit\u00e9 pour le logement, FSL, est une aide financi\u00e8re destin\u00e9e aux personnes rencontrant des difficult\u00e9s financi\u00e8res. Cette aide est g\u00e9r\u00e9e par votre d\u00e9partement. Vous habitez le d\u00e9partement du Var et vous voulez conna\u00eetre les modalit\u00e9s du FSL ? L&rsquo;\u00e9quipe de Mes-Allocs vous en dit plus. L&rsquo;aide du FSL dans le \u00a0d\u00e9partement du Var [&hellip;]<\/p>\n","protected":false},"author":7,"featured_media":21088,"comment_status":"open","ping_status":"open","sticky":false,"template":"","format":"standard","meta":{"amp_status":"","footnotes":""},"categories":[5276,6224],"tags":[],"class_list":["post-21040","post","type-post","status-publish","format-standard","has-post-thumbnail","hentry","category-fsl","category-fsl-france"],"yoast_head":"<!-- This site is optimized with the Yoast SEO plugin v14.9 - https:\/\/yoast.com\/wordpress\/plugins\/seo\/ -->\n<title>FSL Var : conditions, montants, d\u00e9marches | Mes-Allocs.fr<\/title>\n<meta name=\"description\" content=\"Le FSL dans le Var est une aide financi\u00e8re pour les personnes rencontrant des difficult\u00e9s financi\u00e8res dans leur maintien ou acc\u00e8s au logement.\" \/>\n<meta name=\"robots\" content=\"index, follow, max-snippet:-1, max-image-preview:large, max-video-preview:-1\" \/>\n<link rel=\"canonical\" href=\"https:\/\/www.mes-allocs.fr\/guides\/fsl\/fsl-france\/fsl-var\/\" \/>\n<meta property=\"og:locale\" content=\"fr_FR\" \/>\n<meta property=\"og:type\" content=\"article\" \/>\n<meta property=\"og:title\" content=\"FSL Var : conditions, montants, d\u00e9marches | Mes-Allocs.fr\" \/>\n<meta property=\"og:description\" content=\"Le FSL dans le Var est une aide financi\u00e8re pour les personnes rencontrant des difficult\u00e9s financi\u00e8res dans leur maintien ou acc\u00e8s au logement.\" \/>\n<meta property=\"og:url\" content=\"https:\/\/www.mes-allocs.fr\/guides\/fsl\/fsl-france\/fsl-var\/\" \/>\n<meta property=\"og:site_name\" content=\"Mes-Allocs.fr\" \/>\n<meta property=\"article:published_time\" content=\"2021-03-09T02:18:57+00:00\" \/>\n<meta property=\"article:modified_time\" content=\"2025-10-15T06:57:07+00:00\" \/>\n<meta property=\"og:image\" content=\"https:\/\/www.mes-allocs.fr\/guides\/wp-content\/uploads\/2021\/03\/verdon-4523765_1920-2-e1614867405907.jpg?wsr\" \/>\n\t<meta property=\"og:image:width\" content=\"1920\" \/>\n\t<meta property=\"og:image:height\" content=\"403\" \/>\n<meta name=\"twitter:card\" content=\"summary_large_image\" \/>\n<script type=\"application\/ld+json\" class=\"yoast-schema-graph\">{\"@context\":\"https:\/\/schema.org\",\"@graph\":[{\"@type\":\"WebSite\",\"@id\":\"https:\/\/www.mes-allocs.fr\/guides\/#website\",\"url\":\"https:\/\/www.mes-allocs.fr\/guides\/\",\"name\":\"Mes-Allocs.fr\",\"description\":\"\",\"potentialAction\":[{\"@type\":\"SearchAction\",\"target\":\"https:\/\/www.mes-allocs.fr\/guides\/?s={search_term_string}\",\"query-input\":\"required name=search_term_string\"}],\"inLanguage\":\"fr-FR\"},{\"@type\":\"ImageObject\",\"@id\":\"https:\/\/www.mes-allocs.fr\/guides\/fsl\/fsl-france\/fsl-var\/#primaryimage\",\"inLanguage\":\"fr-FR\",\"url\":\"https:\/\/www.mes-allocs.fr\/guides\/wp-content\/uploads\/2021\/03\/verdon-4523765_1920-2-e1614867405907.jpg?wsr\",\"width\":1920,\"height\":403,\"caption\":\"FSL Var\"},{\"@type\":\"WebPage\",\"@id\":\"https:\/\/www.mes-allocs.fr\/guides\/fsl\/fsl-france\/fsl-var\/#webpage\",\"url\":\"https:\/\/www.mes-allocs.fr\/guides\/fsl\/fsl-france\/fsl-var\/\",\"name\":\"FSL Var : conditions, montants, d\\u00e9marches | Mes-Allocs.fr\",\"isPartOf\":{\"@id\":\"https:\/\/www.mes-allocs.fr\/guides\/#website\"},\"primaryImageOfPage\":{\"@id\":\"https:\/\/www.mes-allocs.fr\/guides\/fsl\/fsl-france\/fsl-var\/#primaryimage\"},\"datePublished\":\"2021-03-09T02:18:57+00:00\",\"dateModified\":\"2025-10-15T06:57:07+00:00\",\"author\":{\"@id\":\"https:\/\/www.mes-allocs.fr\/guides\/#\/schema\/person\/1c4837d5703727cb02ce84583b5a44aa\"},\"description\":\"Le FSL dans le Var est une aide financi\\u00e8re pour les personnes rencontrant des difficult\\u00e9s financi\\u00e8res dans leur maintien ou acc\\u00e8s au logement.\",\"inLanguage\":\"fr-FR\"},{\"@type\":\"Person\",\"@id\":\"https:\/\/www.mes-allocs.fr\/guides\/#\/schema\/person\/1c4837d5703727cb02ce84583b5a44aa\",\"name\":\"Fabiola\",\"image\":{\"@type\":\"ImageObject\",\"@id\":\"https:\/\/www.mes-allocs.fr\/guides\/#personlogo\",\"inLanguage\":\"fr-FR\",\"url\":\"https:\/\/www.mes-allocs.fr\/guides\/wp-content\/uploads\/2021\/06\/fabiola-150x150.png\",\"caption\":\"Fabiola\"},\"description\":\"Fabiola est r\\u00e9dactrice au sein de l'\\u00e9quipe Mes Allocs, sp\\u00e9cialis\\u00e9e en sciences politiques et affaires publiques. Dipl\\u00f4m\\u00e9e de l'HEIP, elle rejoint Mes Allocs apr\\u00e8s une premi\\u00e8re exp\\u00e9rience \\u00e0 l'Assembl\\u00e9e Nationale.\",\"sameAs\":[\"https:\/\/www.linkedin.com\/in\/cecilia-philippe-b-8a8085195\"]}]}<\/script>\n<!-- \/ Yoast SEO plugin. -->","amp_validity":null,"acf":{"faq":{"1":{"question":"Qui g\u00e8re le FSL ?","answer":"Le FSL (Fonds de Solidarit\u00e9 pour le Logement) est g\u00e9r\u00e9 au niveau d\u00e9partemental. Chaque d\u00e9partement est responsable de l'attribution des aides, et le conseil d\u00e9partemental en est l\u2019organisme principal. Dans certains cas, des services sociaux ou des associations agr\u00e9\u00e9es peuvent \u00e9galement \u00eatre impliqu\u00e9s pour accompagner les b\u00e9n\u00e9ficiaires dans leurs d\u00e9marches. Il est donc important de se renseigner aupr\u00e8s du conseil d\u00e9partemental ou de la mairie pour savoir comment faire une demande et conna\u00eetre les crit\u00e8res applicables dans votre d\u00e9partement."},"2":{"question":"Comment fonctionne le FSL ?","answer":"Le FSL est une aide sociale destin\u00e9e aux personnes qui rencontrent des difficult\u00e9s financi\u00e8res. Le FSL leur permet d'acc\u00e9der ou de se maintenir dans un logement. Concr\u00e8tement gr\u00e2ce au FSL vous pourrez recevoir une aide pour le paiement de vos factures d'\u00e9nergie, pour le paiement de votre loyer et de vos charges, sous certaines conditions."},"3":{"question":"Qui a le droit au FSL ?","answer":"Toute personne r\u00e9sidant en France, quelque soit son statut (h\u00e9berg\u00e9, locataire, sous locataire, ...) peut b\u00e9n\u00e9ficier du FSL, si les revenus de son foyer le lui permettent."},"4":{"question":"Quel est le montant du FSL ?","answer":"Le montant du FSL d\u00e9pend d'une part de votre situation personnelle mais aussi des crit\u00e8res \u00e9tablis par le r\u00e8glement int\u00e9rieur de votre conseil d\u00e9partemental."},"5":{"question":"Comment faire la demande de FSL ?","answer":"La demande de FSL, peut-\u00eatre effectu\u00e9e par le demandeur lui-m\u00eame. Il peut aussi s'adresser \u00e0 des organismes comme l'ADIL, le CCAS ou la CAF (pour les allocataires). L'\u00e9quipe de Mes-Allocs.fr propose de vous aider dans ces d\u00e9marches."},"6":{"question":"Quel document fournir pour le FSL ?","answer":"La liste des pi\u00e8ces justificatives \u00e0 joindre \u00e0 votre demande de FSL, est \u00e0 propre \u00e0 chaque d\u00e9partement. En effet, le r\u00e8glement int\u00e9rieur de votre conseil d\u00e9partemental fixe la liste de ces pi\u00e8ces."},"7":{"question":"","answer":""},"8":{"question":"","answer":""},"9":{"question":"","answer":""},"10":{"question":"","answer":""},"11":{"question":"","answer":""},"12":{"question":"","answer":""},"13":{"question":"","answer":""},"14":{"question":"","answer":""},"15":{"question":"","answer":""},"16":{"question":"","answer":""}}},"_links":{"self":[{"href":"https:\/\/www.mes-allocs.fr\/guides\/wp-json\/wp\/v2\/posts\/21040","targetHints":{"allow":["GET"]}}],"collection":[{"href":"https:\/\/www.mes-allocs.fr\/guides\/wp-json\/wp\/v2\/posts"}],"about":[{"href":"https:\/\/www.mes-allocs.fr\/guides\/wp-json\/wp\/v2\/types\/post"}],"author":[{"embeddable":true,"href":"https:\/\/www.mes-allocs.fr\/guides\/wp-json\/wp\/v2\/users\/7"}],"replies":[{"embeddable":true,"href":"https:\/\/www.mes-allocs.fr\/guides\/wp-json\/wp\/v2\/comments?post=21040"}],"version-history":[{"count":17,"href":"https:\/\/www.mes-allocs.fr\/guides\/wp-json\/wp\/v2\/posts\/21040\/revisions"}],"predecessor-version":[{"id":104874,"href":"https:\/\/www.mes-allocs.fr\/guides\/wp-json\/wp\/v2\/posts\/21040\/revisions\/104874"}],"wp:featuredmedia":[{"embeddable":true,"href":"https:\/\/www.mes-allocs.fr\/guides\/wp-json\/wp\/v2\/media\/21088"}],"wp:attachment":[{"href":"https:\/\/www.mes-allocs.fr\/guides\/wp-json\/wp\/v2\/media?parent=21040"}],"wp:term":[{"taxonomy":"category","embeddable":true,"href":"https:\/\/www.mes-allocs.fr\/guides\/wp-json\/wp\/v2\/categories?post=21040"},{"taxonomy":"post_tag","embeddable":true,"href":"https:\/\/www.mes-allocs.fr\/guides\/wp-json\/wp\/v2\/tags?post=21040"}],"curies":[{"name":"wp","href":"https:\/\/api.w.org\/{rel}","templated":true}]}}