{"id":20955,"date":"2021-03-08T16:25:57","date_gmt":"2021-03-08T16:25:57","guid":{"rendered":"https:\/\/www.mes-allocs.fr\/guides\/?p=20955"},"modified":"2026-03-05T17:22:40","modified_gmt":"2026-03-05T16:22:40","slug":"formation-esthetique","status":"publish","type":"post","link":"https:\/\/www.mes-allocs.fr\/guides\/reconversion-professionnelle\/formation-metiers\/formation-esthetique\/","title":{"rendered":"La formation esth\u00e9tique : m\u00e9tiers, \u00e9tudes, financements"},"content":{"rendered":"<p><a href=\"https:\/\/www.mes-allocs.fr\/guides\/wp-content\/uploads\/2021\/03\/beautician-5529805_1280.jpg\"><img loading=\"lazy\" decoding=\"async\" class=\"aligncenter wp-image-20960 size-full\" title=\"formation esthetique\" src=\"https:\/\/www.mes-allocs.fr\/guides\/wp-content\/uploads\/2021\/03\/beautician-5529805_1280-e1614790402847.jpg\" alt=\"formation esthetique\" width=\"1280\" height=\"428\" \/><\/a><\/p>\n<p style=\"text-align: justify;\">[Mis \u00e0 jour le 05\/03\/2026] Plusieurs formations vous permettent de vous former dans le domaine de l&rsquo;esth\u00e9tique, tout d\u00e9pend du m\u00e9tier que vous voudrez exercer et de la dur\u00e9e de formation que vous choisirez pour votre <a href=\"https:\/\/www.mes-allocs.fr\/guides\/reconversion-professionnelle\/\">reconversion professionnelle<\/a>. Mes Allocs vous explique tout sur les <strong>formations d&rsquo;esth\u00e9tique<\/strong>.<\/p>\n<div class='cta-block'><div class='text'>Coaching \u00e0 distance pay\u00e9 par vos aides formation.<\/div><a href='https:\/\/www.formademia.fr\/formulaire\/coaching' class='app-button fit'>V\u00e9rifier votre \u00e9ligibilit\u00e9<\/a><\/div>\n<h1>Les formations en esth\u00e9tique<\/h1>\n<h2>Le Bac pro esth\u00e9tique cosm\u00e9tique parfumerie<\/h2>\n<p>Le Bac Pro esth\u00e9tique est une formation de 3 ans accessible apr\u00e8s la 3\u00e8me, dans un lyc\u00e9e professionnel.<\/p>\n<p>Vous aurez une formation de base des mati\u00e8res g\u00e9n\u00e9rales, mais le bac professionnel esth\u00e9tiques cosm\u00e9tique vous permet en m\u00eame temps d&rsquo;apprendre toutes les diff\u00e9rentes techniques du domaine de l&rsquo;esth\u00e9tique. Avant d&rsquo;exercer ce m\u00e9tier et pour mettre en pratique votre apprentissage th\u00e9orique vous pouvez r\u00e9aliser votre formation en apprentissage.<\/p>\n<h2>Le CAP esth\u00e9tique cosm\u00e9tique parfumerie<\/h2>\n<p>Le\u00a0certificat d\u2019aptitudes professionnelles (CAP) est un dipl\u00f4me \u00e0 suivre pendant deux ans. Vous pouvez suivre cette formation afin d&rsquo;acqu\u00e9rir les qualit\u00e9s requises dans le secteur de la beaut\u00e9, des produits de beaut\u00e9.<\/p>\n<p>Pendant cette formation, vous allez apprendre les diff\u00e9rentes techniques de soin du visage, du corps, d\u2019\u00e9pilation, de maquillage, de bien-\u00eatre, les soins de beaut\u00e9, analyser les types de peau, apprentissage des massages relaxants, etc.<\/p>\n<p>Pour suivre le CAP vous pouvez soit vous pr\u00e9parer dans un lyc\u00e9e professionnel, une \u00e9cole d\u2019esth\u00e9tique, ou encore centre de formation des apprentis (CFA)<\/p>\n<h2>Le BP esth\u00e9tique cosm\u00e9tique parfumerie<\/h2>\n<p>Le\u00a0Brevet professionnel esth\u00e9tique\u00a0est un\u00a0dipl\u00f4me qui compl\u00e8te le CAP. Il est \u00e0 pr\u00e9parer en 2 ans apr\u00e8s avoir valid\u00e9 votre CAP. Il s&rsquo;agit d&rsquo;une formation compl\u00e9mentaire de votre CAP, mais vous\u00a0allez apprendre des\u00a0notions suppl\u00e9mentaires en gestion d\u2019\u00e9tablissement et gestion d\u2019\u00e9quipe pour en plus des soins, assurer la promotion de produit, la gestion des stocks, la vente, la comptabilit\u00e9 d\u2019un \u00e9tablissement, etc.<\/p>\n<p>Gr\u00e2ce \u00e0 cette formation de base, vous approfondissez votre apprentissage. Si vous exercez ce m\u00e9tier en ind\u00e9pendant ou ouvrez votre propre salon d&rsquo;esth\u00e9tique cela peut s&rsquo;av\u00e9rer tr\u00e8s utile.<\/p>\n<h2>Le BTS esth\u00e9tique cosm\u00e9tique<\/h2>\n<p>Le BTS esth\u00e9tique cosm\u00e9tique est une formation de 2 ans qui s&rsquo;articule principalement autour de la vente. Accessible pour les personnes ayant valid\u00e9 le Bac, il vous pr\u00e9pare \u00e0 la fois \u00e0 des m\u00e9tiers du soin avec quelques bases, mais surtout \u00e0 la\u00a0gestion commerciale d\u2019un \u00e9tablissement, aux techniques de vente et de promotion.<\/p>\n<p>Ce BTS peut se pr\u00e9parer dans un lyc\u00e9e professionnel, ou dans un centre de formation, ce qui est tr\u00e8s avantageux dans le cadre d&rsquo;une reconversion professionnelle.<\/p>\n<p><iframe loading=\"lazy\" title=\"La reconversion professionnelle\" width=\"500\" height=\"281\" src=\"https:\/\/www.youtube.com\/embed\/EiVUthswxl0?feature=oembed\" frameborder=\"0\" allow=\"accelerometer; autoplay; clipboard-write; encrypted-media; gyroscope; picture-in-picture; web-share\" referrerpolicy=\"strict-origin-when-cross-origin\" allowfullscreen><\/iframe><\/p>\n<h2>Le Bachelor esth\u00e9tique<\/h2>\n<p>Le Bachelor esth\u00e9tique est une formation de 3 ans accessible pour les personnes de niveau Bac. Pendant ces 3 ans vous apprendrez principalement des missions de management du m\u00e9tier d&rsquo; esth\u00e9ticienne.<\/p>\n<h2>Les formations professionnelles<\/h2>\n<p>Accessibles aux personnes qui choisissent de se reconvertir ou d\u2019acqu\u00e9rir de nouvelles comp\u00e9tences, les formations professionnelles sont de diff\u00e9rents niveaux. Elles peuvent mener \u00e0 l\u2019obtention d\u2019un certificat de qualification professionnelle ou \u00e0 un dipl\u00f4me comme le CAP ou le BTS.<\/p>\n<p><strong>Pour valider votre dipl\u00f4me vous devrez vous inscrire en tant que candidat libre.\u00a0<\/strong><\/p>\n<p>Notez que la plupart des formations professionnelles dans le domaine de l&rsquo;esth\u00e9tique sont des formations courtes destin\u00e9es \u00e0 des personnes qui veulent une comp\u00e9tence suppl\u00e9mentaire\u00a0: UV, soins aux huiles, socio-esth\u00e9tique, gestion de stocks, etc.<\/p>\n<p>Vous souhaitez vous sp\u00e9cialiser dans la pratique de massages ? D\u00e9couvrez les <a href=\"https:\/\/www.mes-allocs.fr\/guides\/reconversion-professionnelle\/formation-metiers\/formation-massage\/\">formations pour devenir masseuse<\/a> !<\/p>\n<div class='cta-block'><div class='text'>Coaching \u00e0 distance pay\u00e9 par vos aides formation.<\/div><a href='https:\/\/www.formademia.fr\/formulaire\/coaching' class='app-button fit'>V\u00e9rifier votre \u00e9ligibilit\u00e9<\/a><\/div>\n<h1>Les m\u00e9tiers dans le secteur de l&rsquo;esth\u00e9tique<\/h1>\n<p>Les m\u00e9tiers du secteur de l\u2019esth\u00e9tique\u00a0:<\/p>\n<ul>\n<li><strong>esth\u00e9ticien ou esth\u00e9ticienne<\/strong><\/li>\n<li>agent thermal<\/li>\n<li>conseiller de vente\u00a0beaut\u00e9<\/li>\n<li>conseiller de vente parfumerie<\/li>\n<li><strong>cr\u00e9ateur de parfum<\/strong><\/li>\n<li>socio-esth\u00e9ticien<\/li>\n<li><strong>spa<\/strong>\u00a0manager<\/li>\n<li>spa praticien<\/li>\n<li>responsable d\u2019institut de beaut\u00e9<\/li>\n<li>proth\u00e9siste ongulaire<\/li>\n<li><strong>conseiller ou conseill\u00e8re en image\/relookeur<\/strong><\/li>\n<li>coiffeur ou coiffeuse<\/li>\n<li>maquilleur ou maquilleuse<\/li>\n<li>chercheur ou chercheuse en cosm\u00e9tique<\/li>\n<li>chef de produit cosm\u00e9tique<\/li>\n<li>formateur ou formatrice<\/li>\n<li>conseiller en\u00a0<strong>parapharmacie<\/strong><\/li>\n<li>styliste ongulaire<\/li>\n<\/ul>\n<p>Beaucoup d&rsquo;autres formations vous permettent de vous former dans l&rsquo;esth\u00e9tique, tout d\u00e9pend du parcours de formation que vous allez suivre.<\/p>\n<h1>Comment financez votre formation dans l&rsquo;esth\u00e9tique ?<\/h1>\n<p>Diff\u00e9rents dispositifs sont en vigueur pour vous aider \u00e0 financer votre formation. Par exemple, si vous avez le statut d&rsquo;\u00e9tudiant et que vous \u00e9tudiez dans un lyc\u00e9e professionnel ou une \u00e9cole, vous pouvez vous renseigner pour obtenir une bourse d&rsquo;\u00e9tude, du Crous.<\/p>\n<p>L\u2019\u00e9quipe Mes Allocs vous conseille et vous accompagne dans la recherche d\u2019un financement :\u00a0<a href=\"https:\/\/www.formademia.fr\/formulaire\/coaching\">prenez rendez-vous<\/a>\u00a0!<\/p>\n<h2>Le Compte Personnel de Formation ou CPF<\/h2>\n<p>Le Compte Personnel de Formation \u00e9tait autrefois le DIF, gr\u00e2ce \u00e0 la Loi \u00ab\u00a0Pour la libert\u00e9 de choisir son avenir professionnel\u00a0\u00bb, ce sont des euros qui se cumulent sur le CPF afin de pouvoir vous former \u00e0 quand vous le souhaiter. Chaque ann\u00e9e, 500 \u20ac sont ajout\u00e9s sur ce compte (ex : pour un travail \u00e0 temps plein) mais avec un plafond 5000 \u20ac.<\/p>\n<p>Ce montant est de 800\u20ac pour un salari\u00e9 non qualifi\u00e9 (avec un plafond de 8000 \u20ac). L\u2019avantage est que le salaire est maintenu lors d\u2019une formation faite avec le CPF. Si le CPF est insuffisant (en euros) pour financer votre formation, il existe des possibilit\u00e9s d&rsquo;abonnement.<\/p>\n<h2>Projet de transition professionnelle<\/h2>\n<p>Le projet de transition professionnelle (PTP) permet \u00e0 un salari\u00e9 de quitter temporairement son poste pour suivre une formation afin de changer de m\u00e9tier ou de profession.<\/p>\n<p>Il est accessible sous certaines conditions et n\u00e9cessite une demande aupr\u00e8s de l\u2019employeur. Pendant la formation, le salari\u00e9 continue d\u2019\u00eatre r\u00e9mun\u00e9r\u00e9.<\/p>\n<h2>P\u00e9riode de reconversion<\/h2>\n<p>La p\u00e9riode de reconversion est un dispositif qui aide un salari\u00e9 \u00e0 changer de poste, que ce soit \u00e0 l\u2019int\u00e9rieur ou \u00e0 l\u2019ext\u00e9rieur de son entreprise. Elle permet d\u2019acqu\u00e9rir :<\/p>\n<ul>\n<li>une certification inscrite au R\u00e9pertoire national des certifications professionnelles (RNCP) ;<\/li>\n<li>un Certificat de Qualification Professionnelle (CQP) de branche ou interbranche ;<\/li>\n<li>un ou plusieurs blocs de comp\u00e9tences.<\/li>\n<\/ul>\n<p>Elle peut aussi permettre d\u2019obtenir le socle de connaissances et de comp\u00e9tences Cl\u00e9A.<\/p>\n<div class='cta-block'><div class='text'>Coaching \u00e0 distance pay\u00e9 par vos aides formation.<\/div><a href='https:\/\/www.formademia.fr\/formulaire\/coaching' class='app-button fit'>V\u00e9rifier votre \u00e9ligibilit\u00e9<\/a><\/div>\n","protected":false},"excerpt":{"rendered":"<p>[Mis \u00e0 jour le 05\/03\/2026] Plusieurs formations vous permettent de vous former dans le domaine de l&rsquo;esth\u00e9tique, tout d\u00e9pend du m\u00e9tier que vous voudrez exercer et de la dur\u00e9e de formation que vous choisirez pour votre reconversion professionnelle. Mes Allocs vous explique tout sur les formations d&rsquo;esth\u00e9tique. Les formations en esth\u00e9tique Le Bac pro esth\u00e9tique [&hellip;]<\/p>\n","protected":false},"author":6,"featured_media":20960,"comment_status":"open","ping_status":"open","sticky":false,"template":"","format":"standard","meta":{"amp_status":"","footnotes":""},"categories":[5979,5081],"tags":[],"class_list":["post-20955","post","type-post","status-publish","format-standard","has-post-thumbnail","hentry","category-formation-metiers","category-reconversion-professionnelle"],"yoast_head":"<!-- This site is optimized with the Yoast SEO plugin v14.9 - https:\/\/yoast.com\/wordpress\/plugins\/seo\/ -->\n<title>La formation esth\u00e9tique : m\u00e9tiers, \u00e9tudes, financements | Mes-Allocs.fr<\/title>\n<meta name=\"description\" content=\"De nombreuses formations sont disponibles pour vous former au m\u00e9tier de l&#039;esth\u00e9tique. Mes Allocs vous explique quelle formation choisir !\" \/>\n<meta name=\"robots\" content=\"index, follow, max-snippet:-1, max-image-preview:large, max-video-preview:-1\" \/>\n<link rel=\"canonical\" href=\"https:\/\/www.mes-allocs.fr\/guides\/reconversion-professionnelle\/formation-metiers\/formation-esthetique\/\" \/>\n<meta property=\"og:locale\" content=\"fr_FR\" \/>\n<meta property=\"og:type\" content=\"article\" \/>\n<meta property=\"og:title\" content=\"La formation esth\u00e9tique : m\u00e9tiers, \u00e9tudes, financements | Mes-Allocs.fr\" \/>\n<meta property=\"og:description\" content=\"De nombreuses formations sont disponibles pour vous former au m\u00e9tier de l&#039;esth\u00e9tique. Mes Allocs vous explique quelle formation choisir !\" \/>\n<meta property=\"og:url\" content=\"https:\/\/www.mes-allocs.fr\/guides\/reconversion-professionnelle\/formation-metiers\/formation-esthetique\/\" \/>\n<meta property=\"og:site_name\" content=\"Mes-Allocs.fr\" \/>\n<meta property=\"article:published_time\" content=\"2021-03-08T16:25:57+00:00\" \/>\n<meta property=\"article:modified_time\" content=\"2026-03-05T16:22:40+00:00\" \/>\n<meta property=\"og:image\" content=\"https:\/\/www.mes-allocs.fr\/guides\/wp-content\/uploads\/2021\/03\/beautician-5529805_1280.jpg?wsr\" \/>\n\t<meta property=\"og:image:width\" content=\"1280\" \/>\n\t<meta property=\"og:image:height\" content=\"853\" \/>\n<meta name=\"twitter:card\" content=\"summary_large_image\" \/>\n<script type=\"application\/ld+json\" class=\"yoast-schema-graph\">{\"@context\":\"https:\/\/schema.org\",\"@graph\":[{\"@type\":\"WebSite\",\"@id\":\"https:\/\/www.mes-allocs.fr\/guides\/#website\",\"url\":\"https:\/\/www.mes-allocs.fr\/guides\/\",\"name\":\"Mes-Allocs.fr\",\"description\":\"\",\"potentialAction\":[{\"@type\":\"SearchAction\",\"target\":\"https:\/\/www.mes-allocs.fr\/guides\/?s={search_term_string}\",\"query-input\":\"required name=search_term_string\"}],\"inLanguage\":\"fr-FR\"},{\"@type\":\"ImageObject\",\"@id\":\"https:\/\/www.mes-allocs.fr\/guides\/reconversion-professionnelle\/formation-metiers\/formation-esthetique\/#primaryimage\",\"inLanguage\":\"fr-FR\",\"url\":\"https:\/\/www.mes-allocs.fr\/guides\/wp-content\/uploads\/2021\/03\/beautician-5529805_1280.jpg?wsr\",\"width\":1280,\"height\":853,\"caption\":\"formation esthetique\"},{\"@type\":\"WebPage\",\"@id\":\"https:\/\/www.mes-allocs.fr\/guides\/reconversion-professionnelle\/formation-metiers\/formation-esthetique\/#webpage\",\"url\":\"https:\/\/www.mes-allocs.fr\/guides\/reconversion-professionnelle\/formation-metiers\/formation-esthetique\/\",\"name\":\"La formation esth\\u00e9tique : m\\u00e9tiers, \\u00e9tudes, financements | Mes-Allocs.fr\",\"isPartOf\":{\"@id\":\"https:\/\/www.mes-allocs.fr\/guides\/#website\"},\"primaryImageOfPage\":{\"@id\":\"https:\/\/www.mes-allocs.fr\/guides\/reconversion-professionnelle\/formation-metiers\/formation-esthetique\/#primaryimage\"},\"datePublished\":\"2021-03-08T16:25:57+00:00\",\"dateModified\":\"2026-03-05T16:22:40+00:00\",\"author\":{\"@id\":\"https:\/\/www.mes-allocs.fr\/guides\/#\/schema\/person\/0ecd61a8600573914d00d970a588c024\"},\"description\":\"De nombreuses formations sont disponibles pour vous former au m\\u00e9tier de l'esth\\u00e9tique. Mes Allocs vous explique quelle formation choisir !\",\"inLanguage\":\"fr-FR\"},{\"@type\":\"Person\",\"@id\":\"https:\/\/www.mes-allocs.fr\/guides\/#\/schema\/person\/0ecd61a8600573914d00d970a588c024\",\"name\":\"Jonathan\",\"image\":{\"@type\":\"ImageObject\",\"@id\":\"https:\/\/www.mes-allocs.fr\/guides\/#personlogo\",\"inLanguage\":\"fr-FR\",\"url\":\"https:\/\/www.mes-allocs.fr\/guides\/wp-content\/uploads\/2021\/06\/jonathan-150x150.png\",\"caption\":\"Jonathan\"},\"description\":\"Jonathan est r\\u00e9dacteur au sein de l'\\u00e9quipe Mes Allocs, sp\\u00e9cialis\\u00e9 sur les sujets li\\u00e9s au handicap. Dipl\\u00f4m\\u00e9e de l'UPEM, il rejoint Mes Allocs apr\\u00e8s avoir travaill\\u00e9 \\u00e0 l'association AEDE qui accompagne les adultes en situation de handicap. Quand il n'\\u00e9crit pas, on peut le retrouver sur un terrain de basket.\",\"sameAs\":[\"https:\/\/www.linkedin.com\/in\/jonathan-bambela-8637861b7\"]}]}<\/script>\n<!-- \/ Yoast SEO plugin. -->","amp_validity":null,"acf":{"faq":{"1":{"question":"Quel est le dipl\u00f4me pour travailler dans l'esth\u00e9tique ?","answer":"On peut citer le BP Coiffure, le BP Esth\u00e9tique-cosm\u00e9tique-parfumerie ou encore le bac pro Esth\u00e9tique-cosm\u00e9tique-parfumerie."},"2":{"question":" Quel est le salaire d'une esth\u00e9ticienne ?","answer":"Une esth\u00e9ticienne gagne autour de 1 900 \u20ac brut par mois en France."},"3":{"question":"Quel est le salaire moyen d'une proth\u00e9siste ongulaire ?","answer":"Le salaire se situe autour de 1 800 \u20ac net par mois (environ 2 400 \u20ac brut), avec des \u00e9carts selon l'exp\u00e9rience, la r\u00e9gion et le statut."},"4":{"question":"Quelles sont les qualit\u00e9s d'une esth\u00e9ticienne ?","answer":" L'esth\u00e9ticienne doit avoir le sens du relationnel, une bonne capacit\u00e9 d'\u00e9coute et beaucoup de tact."},"5":{"question":"Comment utiliser son CPF quand on est fonctionnaire ?","answer":"L'agent qui souhaite utiliser ces heures formule par \u00e9crit sa demande de formation au titre du CPF. Il pr\u00e9cise le projet d'\u00e9volution professionnelle qui la sous-tend, pr\u00e9par\u00e9 si besoin avec l'aide d'un conseiller form\u00e9 \u00e0 cet accompagnement."},"6":{"question":" \u00c0 quel \u00e2ge doit-on se reconvertir ? ","answer":"Il n'y a pas d'\u00e2ge pour une reconversion professionnelle. Le plus important est de trouver la formation qui vous convienne le mieux."},"7":{"question":"","answer":""},"8":{"question":"","answer":""},"9":{"question":"","answer":""},"10":{"question":"","answer":""},"11":{"question":"","answer":""},"12":{"question":"","answer":""},"13":{"question":"","answer":""},"14":{"question":"","answer":""},"15":{"question":"","answer":""},"16":{"question":"","answer":""}}},"_links":{"self":[{"href":"https:\/\/www.mes-allocs.fr\/guides\/wp-json\/wp\/v2\/posts\/20955","targetHints":{"allow":["GET"]}}],"collection":[{"href":"https:\/\/www.mes-allocs.fr\/guides\/wp-json\/wp\/v2\/posts"}],"about":[{"href":"https:\/\/www.mes-allocs.fr\/guides\/wp-json\/wp\/v2\/types\/post"}],"author":[{"embeddable":true,"href":"https:\/\/www.mes-allocs.fr\/guides\/wp-json\/wp\/v2\/users\/6"}],"replies":[{"embeddable":true,"href":"https:\/\/www.mes-allocs.fr\/guides\/wp-json\/wp\/v2\/comments?post=20955"}],"version-history":[{"count":15,"href":"https:\/\/www.mes-allocs.fr\/guides\/wp-json\/wp\/v2\/posts\/20955\/revisions"}],"predecessor-version":[{"id":110237,"href":"https:\/\/www.mes-allocs.fr\/guides\/wp-json\/wp\/v2\/posts\/20955\/revisions\/110237"}],"wp:featuredmedia":[{"embeddable":true,"href":"https:\/\/www.mes-allocs.fr\/guides\/wp-json\/wp\/v2\/media\/20960"}],"wp:attachment":[{"href":"https:\/\/www.mes-allocs.fr\/guides\/wp-json\/wp\/v2\/media?parent=20955"}],"wp:term":[{"taxonomy":"category","embeddable":true,"href":"https:\/\/www.mes-allocs.fr\/guides\/wp-json\/wp\/v2\/categories?post=20955"},{"taxonomy":"post_tag","embeddable":true,"href":"https:\/\/www.mes-allocs.fr\/guides\/wp-json\/wp\/v2\/tags?post=20955"}],"curies":[{"name":"wp","href":"https:\/\/api.w.org\/{rel}","templated":true}]}}