{"id":20877,"date":"2021-03-03T16:46:48","date_gmt":"2021-03-03T16:46:48","guid":{"rendered":"https:\/\/www.mes-allocs.fr\/guides\/?p=20877"},"modified":"2026-01-12T17:18:43","modified_gmt":"2026-01-12T16:18:43","slug":"calcul-apl-apprenti","status":"publish","type":"post","link":"https:\/\/www.mes-allocs.fr\/guides\/aide-logement\/apl\/apl-etudiant\/calcul-apl-apprenti\/","title":{"rendered":"Calcul APL apprenti, \u00e0 quel montant pouvez-vous pr\u00e9tendre ?"},"content":{"rendered":"<p><a href=\"https:\/\/www.mes-allocs.fr\/guides\/wp-content\/uploads\/2021\/03\/pexels-christina-morillo-1181352.jpg\"><img loading=\"lazy\" decoding=\"async\" class=\"aligncenter wp-image-20909 size-full\" src=\"https:\/\/www.mes-allocs.fr\/guides\/wp-content\/uploads\/2021\/03\/pexels-christina-morillo-1181352-e1686044969885.jpg\" alt=\"Calcul APL apprenti\" width=\"1280\" height=\"256\" srcset=\"https:\/\/www.mes-allocs.fr\/guides\/wp-content\/uploads\/2021\/03\/pexels-christina-morillo-1181352-e1686044969885.jpg 1280w, https:\/\/www.mes-allocs.fr\/guides\/wp-content\/uploads\/2021\/03\/pexels-christina-morillo-1181352-e1686044969885-300x60.jpg 300w, https:\/\/www.mes-allocs.fr\/guides\/wp-content\/uploads\/2021\/03\/pexels-christina-morillo-1181352-e1686044969885-1024x205.jpg 1024w, https:\/\/www.mes-allocs.fr\/guides\/wp-content\/uploads\/2021\/03\/pexels-christina-morillo-1181352-e1686044969885-768x154.jpg 768w, https:\/\/www.mes-allocs.fr\/guides\/wp-content\/uploads\/2021\/03\/pexels-christina-morillo-1181352-e1686044969885-600x120.jpg 600w\" sizes=\"auto, (max-width: 1280px) 100vw, 1280px\" \/><\/a><\/p>\n<p style=\"text-align: justify;\">[Mis \u00e0 jour le 12\/01\/2026] L&rsquo;APL ou aide personnalis\u00e9e au logement est une des 3 <a href=\"https:\/\/www.mes-allocs.fr\/guides\/aide-logement\/\">aides au logement<\/a> vers\u00e9es par la CAF ou la MSA. Sous condition, les apprentis peuvent b\u00e9n\u00e9ficier de l&rsquo;APL pour les aider \u00e0 payer leurs loyers. Mes Allocs vous explique tout en d\u00e9tail sur la m\u00e9thode de calcul.<\/p>\n<hr \/>\n<h1>M\u00e9thode de calcul de l&rsquo;APL pour les apprentis<a href=\"https:\/\/www.mes-allocs.fr\/guides\/wp-content\/uploads\/2021\/03\/pexels-buro-millennial-1438081.jpg\"><img loading=\"lazy\" decoding=\"async\" class=\"alignright wp-image-20910 size-medium\" src=\"https:\/\/www.mes-allocs.fr\/guides\/wp-content\/uploads\/2021\/03\/pexels-buro-millennial-1438081-300x200.jpg\" alt=\"Calcul APL apprenti\" width=\"300\" height=\"200\" srcset=\"https:\/\/www.mes-allocs.fr\/guides\/wp-content\/uploads\/2021\/03\/pexels-buro-millennial-1438081-300x200.jpg 300w, https:\/\/www.mes-allocs.fr\/guides\/wp-content\/uploads\/2021\/03\/pexels-buro-millennial-1438081-1024x683.jpg 1024w, https:\/\/www.mes-allocs.fr\/guides\/wp-content\/uploads\/2021\/03\/pexels-buro-millennial-1438081-768x512.jpg 768w, https:\/\/www.mes-allocs.fr\/guides\/wp-content\/uploads\/2021\/03\/pexels-buro-millennial-1438081-600x400.jpg 600w, https:\/\/www.mes-allocs.fr\/guides\/wp-content\/uploads\/2021\/03\/pexels-buro-millennial-1438081.jpg 1280w\" sizes=\"auto, (max-width: 300px) 100vw, 300px\" \/><\/a><\/h1>\n<p><span class=\"amp-wp-fe3f5cc\" data-amp-original-style=\"font-weight: 400;\">Le calcul se formule de la mani\u00e8re suivante :\u00a0<\/span><b>APL = L+C-PP<\/b><span class=\"amp-wp-fe3f5cc\" data-amp-original-style=\"font-weight: 400;\">.<\/span><\/p>\n<ul>\n<li class=\"amp-wp-fe3f5cc\" data-amp-original-style=\"font-weight: 400;\"><span class=\"amp-wp-fe3f5cc\" data-amp-original-style=\"font-weight: 400;\">L = loyer principal mensuel ;<\/span><\/li>\n<li class=\"amp-wp-fe3f5cc\" data-amp-original-style=\"font-weight: 400;\"><span class=\"amp-wp-fe3f5cc\" data-amp-original-style=\"font-weight: 400;\">C =\u00a0 le montant forfaitaire des charges ;<\/span><\/li>\n<li class=\"amp-wp-fe3f5cc\" data-amp-original-style=\"font-weight: 400;\"><span class=\"amp-wp-fe3f5cc\" data-amp-original-style=\"font-weight: 400;\">PP = la participation personnelle des membres du foyer \u00e0 la d\u00e9pense du logement.<\/span><\/li>\n<\/ul>\n<p><span class=\"amp-wp-fe3f5cc\" data-amp-original-style=\"font-weight: 400;\">La participation personnelle est elle-m\u00eame calculable comme suit :\u00a0<\/span><b>PP = P0 + TP x RP<\/b><span class=\"amp-wp-fe3f5cc\" data-amp-original-style=\"font-weight: 400;\">.\u00a0<\/span><\/p>\n<p><strong><span class=\"amp-wp-fe3f5cc\" data-amp-original-style=\"font-weight: 400;\">A savoir que :<\/span><\/strong><\/p>\n<ul>\n<li class=\"amp-wp-fe3f5cc\" data-amp-original-style=\"font-weight: 400;\"><span class=\"amp-wp-fe3f5cc\" data-amp-original-style=\"font-weight: 400;\">P0 = la participation minimale du locataire (39,56\u20ac) ;<\/span><\/li>\n<li class=\"amp-wp-fe3f5cc\" style=\"text-align: justify;\" data-amp-original-style=\"font-weight: 400;\"><span class=\"amp-wp-fe3f5cc\" data-amp-original-style=\"font-weight: 400;\">TP = le taux de participation personnelle ;<\/span><\/li>\n<li class=\"amp-wp-fe3f5cc\" style=\"text-align: justify;\" data-amp-original-style=\"font-weight: 400;\"><span class=\"amp-wp-fe3f5cc\" data-amp-original-style=\"font-weight: 400;\">RP = la diff\u00e9rence entre les ressources du b\u00e9n\u00e9ficiaire et un montant forfaitaire.<\/span><\/li>\n<\/ul>\n<p style=\"text-align: justify;\">Compte tenu de la complexit\u00e9 de la m\u00e9thode de calcul, il est conseill\u00e9 de faire une simulation de vos droits. Mes Allocs met \u00e0 sa disposition son simulateur gratuit d\u2019aides sociales.<\/p>\n<p style=\"text-align: justify;\">Pour vous aider \u00e0 estimer vos droits, vous pouvez faire une <a href=\"https:\/\/www.mes-allocs.fr\/guides\/aide-logement\/apl\/simulation-apl\/\">simulation<\/a> APL avec Mes Allocs. En deux minutes vous aurez une estimation fiable de vos droits. Mieux encore, en souscrivant au service d&rsquo;accompagnement un expert d\u00e9di\u00e9 r\u00e9pondra \u00e0 toutes vos questions et se chargera \u00e0 votre place de faire toutes les d\u00e9marches administratives.<\/p>\n<div class='cta-block'><div class='text'>Simulez toutes vos aides en 2 min. Gratuit.<\/div><a href='https:\/\/www.mes-allocs.fr\/ab-app?origin=guides\/wp-json\/wp\/v2\/posts\/20877' class='app-button fit'>Simulation gratuite<\/a><\/div>\n<p><iframe loading=\"lazy\" title=\"L&#039;APL\" width=\"500\" height=\"281\" src=\"https:\/\/www.youtube.com\/embed\/dfDRI2qg_z4?feature=oembed\" frameborder=\"0\" allow=\"accelerometer; autoplay; clipboard-write; encrypted-media; gyroscope; picture-in-picture; web-share\" referrerpolicy=\"strict-origin-when-cross-origin\" allowfullscreen><\/iframe><\/p>\n<h1>Qu&rsquo;est-ce que l&rsquo;APL ?<\/h1>\n<p style=\"text-align: justify;\"><span class=\"amp-wp-fe3f5cc\" data-amp-original-style=\"font-weight: 400;\">L&rsquo;APL ou aide personnalis\u00e9e au logement est une allocation qui peut \u00eatre vers\u00e9e aux \u00e9tudiants locataires de leur logement, qu\u2019il s\u2019agisse d\u2019une location aupr\u00e8s d\u2019un bailleur ou dans une r\u00e9sidence \u00e9tudiante. L\u2019APL \u00c9tudiant se veut proche de l\u2019aide personnalis\u00e9e au logement APL classique.\u00a0<\/span><\/p>\n<p style=\"text-align: justify;\">Ls revenus pris en compte pour le calcul de votre APL sont ceux des 12 derniers mois.<\/p>\n<p style=\"text-align: justify;\"><strong><span class=\"amp-wp-fe3f5cc\" data-amp-original-style=\"font-weight: 400;\">Les principaux crit\u00e8res pris en compte pour estimer vos droits sont :<\/span><\/strong><\/p>\n<ul>\n<li class=\"amp-wp-fe3f5cc\" data-amp-original-style=\"font-weight: 400;\"><span class=\"amp-wp-fe3f5cc\" data-amp-original-style=\"font-weight: 400;\">La situation familiale du foyer\u00a0<\/span><\/li>\n<li class=\"amp-wp-fe3f5cc\" data-amp-original-style=\"font-weight: 400;\"><span class=\"amp-wp-fe3f5cc\" data-amp-original-style=\"font-weight: 400;\">Les conditions de ressources de l\u2019ensemble du foyer\u00a0<\/span><\/li>\n<li class=\"amp-wp-fe3f5cc\" data-amp-original-style=\"font-weight: 400;\"><span class=\"amp-wp-fe3f5cc\" data-amp-original-style=\"font-weight: 400;\">Le montant de votre loyer hors charges\u00a0<\/span><\/li>\n<li class=\"amp-wp-fe3f5cc\" data-amp-original-style=\"font-weight: 400;\"><span class=\"amp-wp-fe3f5cc\" data-amp-original-style=\"font-weight: 400;\">Le type de logement\u00a0<\/span><\/li>\n<li class=\"amp-wp-fe3f5cc\" data-amp-original-style=\"font-weight: 400;\"><span class=\"amp-wp-fe3f5cc\" data-amp-original-style=\"font-weight: 400;\">La zone g\u00e9ographique dans laquelle se situe ce logement (code postal)<\/span><\/li>\n<li class=\"amp-wp-fe3f5cc\" data-amp-original-style=\"font-weight: 400;\"><span class=\"amp-wp-fe3f5cc\" data-amp-original-style=\"font-weight: 400;\">Le patrimoine immobilier.<\/span><\/li>\n<\/ul>\n<h1>Conditions pour en b\u00e9n\u00e9ficier<\/h1>\n<p>Avant de faire une demande de cette aide financi\u00e8re, vous devez v\u00e9rifier que vous respectez bien<\/p>\n<ul>\n<li class=\"amp-wp-fe3f5cc\" style=\"text-align: justify;\" data-amp-original-style=\"font-weight: 400;\"><span class=\"amp-wp-fe3f5cc\" data-amp-original-style=\"font-weight: 400;\">\u00catre de nationalit\u00e9 fran\u00e7aise ou \u00e9tranger en situation r\u00e9guli\u00e8re\u00a0<\/span><\/li>\n<li class=\"amp-wp-fe3f5cc\" style=\"text-align: justify;\" data-amp-original-style=\"font-weight: 400;\"><span class=\"amp-wp-fe3f5cc\" data-amp-original-style=\"font-weight: 400;\">\u00catre locataire, ou colocataire. <\/span><\/li>\n<li class=\"amp-wp-fe3f5cc\" style=\"text-align: justify;\" data-amp-original-style=\"font-weight: 400;\"><span class=\"amp-wp-fe3f5cc\" data-amp-original-style=\"font-weight: 400;\">La location doit \u00eatre et situ\u00e9e en France et doit \u00eatre la r\u00e9sidence principale du demandeur.<\/span><\/li>\n<li data-amp-original-style=\"font-weight: 400;\">Vous ne pouvez pas percevoir une aide au logement si le logement appartient \u00e0 vos parents \/ grands-parents \/ enfants (et certains cas assimil\u00e9s). En revanche, c\u2019est possible dans d\u2019autres liens de parent\u00e9 (ex. fr\u00e8re\/s\u0153ur, oncle\/tante\u2026), si toutes les autres conditions sont remplies.<\/li>\n<li class=\"amp-wp-fe3f5cc\" style=\"text-align: justify;\" data-amp-original-style=\"font-weight: 400;\"><span class=\"amp-wp-fe3f5cc\" data-amp-original-style=\"font-weight: 400;\">Ou \u00eatre sous-locataire et dans ce cas, soit avoir moins de trente ans et\/ou \u00eatre en situation de handicap et h\u00e9berg\u00e9 par un accueillant familial\u00a0<\/span><\/li>\n<li class=\"amp-wp-fe3f5cc\" style=\"text-align: justify;\" data-amp-original-style=\"font-weight: 400;\"><span class=\"amp-wp-fe3f5cc\" data-amp-original-style=\"font-weight: 400;\">Ne pas \u00eatre log\u00e9 gratuitement\u00a0<\/span><\/li>\n<li class=\"amp-wp-fe3f5cc\" style=\"text-align: justify;\" data-amp-original-style=\"font-weight: 400;\"><span class=\"amp-wp-fe3f5cc\" data-amp-original-style=\"font-weight: 400;\">Ne pas \u00eatre b\u00e9n\u00e9ficiaire de l\u2019allocation de logement sociale (ALS) ou l\u2019allocation de logement familiale (ALF), car ces aides ne se cumulent pas entre elles\u00a0<\/span><\/li>\n<li class=\"amp-wp-fe3f5cc\" style=\"text-align: justify;\" data-amp-original-style=\"font-weight: 400;\"><span class=\"amp-wp-fe3f5cc\" data-amp-original-style=\"font-weight: 400;\">Avoir des ressources inf\u00e9rieures aux plafonds. Ces plafonds ne sont pas les m\u00eames pour tous et sont d\u00e9termin\u00e9s par l\u2019arr\u00eat\u00e9 du 3 juillet 1978.<\/span><\/li>\n<\/ul>\n\n<div class=\"wpdt-c row wpDataTableContainerSimpleTable wpDataTables wpDataTablesWrapper\n\"\n    >\n    <table id=\"wpdtSimpleTable-145\"\n           class=\"wpdtSimpleTable wpDataTable\"\n           data-column=\"2\"\n           data-rows=\"10\"\n           data-wpID=\"145\"\n           data-responsive=\"0\"\n           data-has-header=\"1\">\n\n                    <thead>        <tr class=\"wpdt-cell-row \" >\n                            <th class=\"wpdt-cell wpdt-bold wpdt-bc-F3F9FE\"\n                                    data-cell-id=\"A1\"\n                data-col-index=\"0\"\n                data-row-index=\"0\"\n                style=\" width:26.151930261519%;                padding:10px;\"\n                >\n                                Composition du foyer                <\/th>\n                                            <th class=\"wpdt-cell wpdt-bold wpdt-bc-F3F9FE\"\n                                    data-cell-id=\"B1\"\n                data-col-index=\"1\"\n                data-row-index=\"0\"\n                style=\" width:73.848069738481%;                padding:10px;\"\n                >\n                                Plafonds de ressources (en \u20ac) \u00e0 ne pas d\u00e9passer pour toucher le montant maximal d'APL en 2026                <\/th>\n                                        <\/tr>\n                    <tbody>        <tr class=\"wpdt-cell-row \" >\n                            <td class=\"wpdt-cell wpdt-bold wpdt-bc-F3F9FE\"\n                                    data-cell-id=\"A2\"\n                data-col-index=\"0\"\n                data-row-index=\"1\"\n                style=\"                padding:10px;\"\n                >\n                                Personne seule                <\/td>\n                                            <td class=\"wpdt-cell wpdt-bc-FFFFFF\"\n                                    data-cell-id=\"B2\"\n                data-col-index=\"1\"\n                data-row-index=\"1\"\n                style=\"                padding:10px;\"\n                >\n                                5 235                <\/td>\n                                        <\/tr>\n                            <tr class=\"wpdt-cell-row \" >\n                            <td class=\"wpdt-cell wpdt-bold wpdt-bc-F3F9FE\"\n                                    data-cell-id=\"A3\"\n                data-col-index=\"0\"\n                data-row-index=\"2\"\n                style=\"                padding:10px;\"\n                >\n                                Couple sans personne \u00e0 charge                <\/td>\n                                            <td class=\"wpdt-cell wpdt-bc-FFFFFF\"\n                                    data-cell-id=\"B3\"\n                data-col-index=\"1\"\n                data-row-index=\"2\"\n                style=\"                padding:10px;\"\n                >\n                                7 501                <\/td>\n                                        <\/tr>\n                            <tr class=\"wpdt-cell-row \" >\n                            <td class=\"wpdt-cell wpdt-bold wpdt-bc-F3F9FE\"\n                                    data-cell-id=\"A4\"\n                data-col-index=\"0\"\n                data-row-index=\"3\"\n                style=\"                padding:10px;\"\n                >\n                                Personne seule ou couple avec une personne \u00e0 charge                <\/td>\n                                            <td class=\"wpdt-cell wpdt-bc-FFFFFF\"\n                                    data-cell-id=\"B4\"\n                data-col-index=\"1\"\n                data-row-index=\"3\"\n                style=\"                padding:10px;\"\n                >\n                                8 947                <\/td>\n                                        <\/tr>\n                            <tr class=\"wpdt-cell-row \" >\n                            <td class=\"wpdt-cell wpdt-bold wpdt-bc-F3F9FE\"\n                                    data-cell-id=\"A5\"\n                data-col-index=\"0\"\n                data-row-index=\"4\"\n                style=\"                padding:10px;\"\n                >\n                                Personne seule ou couple ayant 2 personnes \u00e0 charge                <\/td>\n                                            <td class=\"wpdt-cell wpdt-bc-FFFFFF\"\n                                    data-cell-id=\"B5\"\n                data-col-index=\"1\"\n                data-row-index=\"4\"\n                style=\"                padding:10px;\"\n                >\n                                9 148                <\/td>\n                                        <\/tr>\n                            <tr class=\"wpdt-cell-row \" >\n                            <td class=\"wpdt-cell wpdt-bold wpdt-bc-F3F9FE\"\n                                    data-cell-id=\"A6\"\n                data-col-index=\"0\"\n                data-row-index=\"5\"\n                style=\"                padding:10px;\"\n                >\n                                Personne seule ou couple ayant 3 personnes \u00e0 charge                <\/td>\n                                            <td class=\"wpdt-cell wpdt-bc-FFFFFF\"\n                                    data-cell-id=\"B6\"\n                data-col-index=\"1\"\n                data-row-index=\"5\"\n                style=\"                padding:10px;\"\n                >\n                                9 498                <\/td>\n                                        <\/tr>\n                            <tr class=\"wpdt-cell-row \" >\n                            <td class=\"wpdt-cell wpdt-bold wpdt-bc-F3F9FE\"\n                                    data-cell-id=\"A7\"\n                data-col-index=\"0\"\n                data-row-index=\"6\"\n                style=\"                padding:10px;\"\n                >\n                                Personne seule ou couple ayant 4 personnes \u00e0 charge                <\/td>\n                                            <td class=\"wpdt-cell wpdt-bc-FFFFFF\"\n                                    data-cell-id=\"B7\"\n                data-col-index=\"1\"\n                data-row-index=\"6\"\n                style=\"                padding:10px;\"\n                >\n                                9 851                <\/td>\n                                        <\/tr>\n                            <tr class=\"wpdt-cell-row \" >\n                            <td class=\"wpdt-cell wpdt-bold wpdt-bc-F3F9FE\"\n                                    data-cell-id=\"A8\"\n                data-col-index=\"0\"\n                data-row-index=\"7\"\n                style=\"                padding:10px;\"\n                >\n                                Personne seule ou couple ayant 5 personnes \u00e0 charge                <\/td>\n                                            <td class=\"wpdt-cell wpdt-bc-FFFFFF\"\n                                    data-cell-id=\"B8\"\n                data-col-index=\"1\"\n                data-row-index=\"7\"\n                style=\"                padding:10px;\"\n                >\n                                10 202                <\/td>\n                                        <\/tr>\n                            <tr class=\"wpdt-cell-row \" >\n                            <td class=\"wpdt-cell wpdt-bold wpdt-bc-F3F9FE\"\n                                    data-cell-id=\"A9\"\n                data-col-index=\"0\"\n                data-row-index=\"8\"\n                style=\"                padding:10px;\"\n                >\n                                Personne seule ou couple ayant 6 personnes \u00e0 charge                <\/td>\n                                            <td class=\"wpdt-cell wpdt-bc-FFFFFF\"\n                                    data-cell-id=\"B9\"\n                data-col-index=\"1\"\n                data-row-index=\"8\"\n                style=\"                padding:10px;\"\n                >\n                                10 554                <\/td>\n                                        <\/tr>\n                            <tr class=\"wpdt-cell-row \" >\n                            <td class=\"wpdt-cell wpdt-bold wpdt-bc-F3F9FE\"\n                                    data-cell-id=\"A10\"\n                data-col-index=\"0\"\n                data-row-index=\"9\"\n                style=\"                padding:10px;\"\n                >\n                                Par personne \u00e0 charge suppl\u00e9mentaire                <\/td>\n                                            <td class=\"wpdt-cell wpdt-bc-FFFFFF\"\n                                    data-cell-id=\"B10\"\n                data-col-index=\"1\"\n                data-row-index=\"9\"\n                style=\"                padding:10px;\"\n                >\n                                + 346                <\/td>\n                                        <\/tr>\n                    <\/table>\n<\/div><style id='wpdt-custom-style-145'>\ntable#wpdtSimpleTable-145{ table-layout: fixed !important; }\n.wpdt-bc-F3F9FE { background-color: #F3F9FE !important;}\n.wpdt-bc-FFFFFF { background-color: #FFFFFF !important;}\n<\/style>\n\n<div class='cta-block'><div class='text'>Simulez toutes vos aides en 2 min. Gratuit.<\/div><a href='https:\/\/www.mes-allocs.fr\/ab-app?origin=guides\/wp-json\/wp\/v2\/posts\/20877' class='app-button fit'>Simulation gratuite<\/a><\/div>\n<h1 style=\"text-align: justify;\">Conditions li\u00e9es au logement<\/h1>\n<p class=\"amp-wp-7d27179\" style=\"text-align: justify;\" data-amp-original-style=\"text-align: justify;\"><span class=\"amp-wp-fe3f5cc\" data-amp-original-style=\"font-weight: 400;\">\u00a0<\/span><span class=\"amp-wp-fe3f5cc\" data-amp-original-style=\"font-weight: 400;\">L\u2019Allocation Personnalis\u00e9e au Logement (APL) vous est accord\u00e9e uniquement pour votre\u00a0<\/span><b>r\u00e9sidence principale<\/b><span class=\"amp-wp-fe3f5cc\" data-amp-original-style=\"font-weight: 400;\">\u00a0(logement que vous habitez au moins 8 mois par an) sur le\u00a0<\/span><b>territoire fran\u00e7ais<\/b><span class=\"amp-wp-fe3f5cc\" data-amp-original-style=\"font-weight: 400;\">. Ce logement doit \u00e9galement respecter certaines\u00a0<strong>conditions de d\u00e9cence et d\u2019occupation<\/strong>\u00a0(surface minimale, aucune mise en danger de celui qui l\u2019habite). Le logement en question doit \u00eatre conventionn\u00e9 pour ouvrir vos droits aux APL.<\/span><\/p>\n<p class=\"amp-wp-7d27179\" style=\"text-align: justify;\" data-amp-original-style=\"text-align: justify;\"><span class=\"amp-wp-fe3f5cc\" data-amp-original-style=\"font-weight: 400;\">Pour conventionner un logement, le propri\u00e9taire du bien (potentiellement vous) doit passer un accord avec l\u2019\u00c9tat. Cela est n\u00e9cessaire pour ouvrir le droit aux aides concernant le logement. Une majorit\u00e9 des logements HLM sont conventionn\u00e9s.<\/span><span class=\"amp-wp-fe3f5cc\" data-amp-original-style=\"font-weight: 400;\">\u00a0<\/span><\/p>\n<h1>Comment faire une demande d&rsquo;APL ?<\/h1>\n<p style=\"text-align: justify;\">Pour faire votre demande d&rsquo; APL vous devez vous rendre sur les services en ligne de la MSA, ou sur le site de la CAF. Tout d\u00e9pend de votre r\u00e9gime d&rsquo;affiliation.<a href=\"https:\/\/www.mes-allocs.fr\/guides\/wp-content\/uploads\/2021\/03\/pexels-startup-stock-photos-7096.jpg\"><img loading=\"lazy\" decoding=\"async\" class=\"alignright wp-image-20911 size-medium\" src=\"https:\/\/www.mes-allocs.fr\/guides\/wp-content\/uploads\/2021\/03\/pexels-startup-stock-photos-7096-300x200.jpg\" alt=\"Calcul APL apprenti\" width=\"300\" height=\"200\" srcset=\"https:\/\/www.mes-allocs.fr\/guides\/wp-content\/uploads\/2021\/03\/pexels-startup-stock-photos-7096-300x200.jpg 300w, https:\/\/www.mes-allocs.fr\/guides\/wp-content\/uploads\/2021\/03\/pexels-startup-stock-photos-7096-1024x682.jpg 1024w, https:\/\/www.mes-allocs.fr\/guides\/wp-content\/uploads\/2021\/03\/pexels-startup-stock-photos-7096-768x512.jpg 768w, https:\/\/www.mes-allocs.fr\/guides\/wp-content\/uploads\/2021\/03\/pexels-startup-stock-photos-7096-600x400.jpg 600w, https:\/\/www.mes-allocs.fr\/guides\/wp-content\/uploads\/2021\/03\/pexels-startup-stock-photos-7096.jpg 1280w\" sizes=\"auto, (max-width: 300px) 100vw, 300px\" \/><\/a><\/p>\n<p style=\"text-align: justify;\"><strong>Lors de votre connexion \u00e0 votre espace personnel, vous devrez communiquer certaines informations, \u00e0 savoir :\u00a0<\/strong><\/p>\n<ul style=\"text-align: justify;\">\n<li>Votre num\u00e9ro allocataire<\/li>\n<li>Votre code postal<\/li>\n<li>Votre code secret<\/li>\n<li>Votre date de naissance<\/li>\n<li>Votre num\u00e9ro de S\u00e9curit\u00e9 Sociale.<\/li>\n<\/ul>\n<p style=\"text-align: justify;\"><strong>En plus du formulaire de demande \u00e0 remplir vous devez joindre les pi\u00e8ces justificatives suivantes :<\/strong><\/p>\n<ul>\n<li class=\"amp-wp-fe3f5cc\" style=\"text-align: justify;\" data-amp-original-style=\"font-weight: 400;\"><span class=\"amp-wp-fe3f5cc\" data-amp-original-style=\"font-weight: 400;\">Le montant du loyer, qui est inscrit dans le bail\u00a0<\/span><\/li>\n<li class=\"amp-wp-fe3f5cc\" style=\"text-align: justify;\" data-amp-original-style=\"font-weight: 400;\"><span class=\"amp-wp-fe3f5cc\" data-amp-original-style=\"font-weight: 400;\">Les revenus per\u00e7us des 12 derniers mois<\/span><\/li>\n<li style=\"text-align: justify;\" data-amp-original-style=\"font-weight: 400;\">Votre contrat d&rsquo; apprentissage, contrat de travail<\/li>\n<li class=\"amp-wp-fe3f5cc\" style=\"text-align: justify;\" data-amp-original-style=\"font-weight: 400;\"><span class=\"amp-wp-fe3f5cc\" data-amp-original-style=\"font-weight: 400;\">Un Relev\u00e9 d\u2019Identit\u00e9 Bancaire\u00a0<\/span><\/li>\n<li class=\"amp-wp-fe3f5cc\" style=\"text-align: justify;\" data-amp-original-style=\"font-weight: 400;\"><span class=\"amp-wp-fe3f5cc\" data-amp-original-style=\"font-weight: 400;\">Le num\u00e9ro d\u2019allocataire de ses parents et leur CAF d\u2019appartenance, si ces derniers sont allocataires\u00a0<\/span><\/li>\n<li class=\"amp-wp-fe3f5cc\" style=\"text-align: justify;\" data-amp-original-style=\"font-weight: 400;\"><span class=\"amp-wp-fe3f5cc\" data-amp-original-style=\"font-weight: 400;\">Les coordonn\u00e9es du bailleur, avec le num\u00e9ro SIRET dans le cas d\u2019une soci\u00e9t\u00e9\u00a0<\/span><\/li>\n<\/ul>\n<p style=\"text-align: justify;\"><strong>\u00c0 noter : en cas de changement de situation vous devez obligatoirement en informer l&rsquo;organisme dont vous d\u00e9pendez.\u00a0<\/strong><\/p>\n<h1 style=\"text-align: justify;\">Montant de l&rsquo;APL<\/h1>\n<p style=\"text-align: justify;\">La CAF prendra en compte plusieurs crit\u00e8res pour estimer vos droits \u00e0 l&rsquo;APL. Notamment vos revenus, le nombre de personnes dans votre foyer et les \u00e9ventuelles allocations familiales que vous percevez, ainsi que le montant du loyer.<\/p>\n<h1>Date de versement de l&rsquo;APL apprenti<\/h1>\n<p style=\"text-align: justify;\">Les aides au logement vers\u00e9es aux \u00e9tudiants ne d\u00e9marrent pas \u00e0 la rentr\u00e9e universitaire ou \u00e0 la date de signature du bail. Il faut compter en g\u00e9n\u00e9ral deux mois avant le premier versement mensuel. Ainsi, les \u00e9tudiants qui doivent patienter jusqu\u2019en septembre avant de signer leur contrat de location ne toucheront pas d\u2019APL avant le mois de novembre.<\/p>\n<div class='cta-block'><div class='text'>Simulez toutes vos aides en 2 min. Gratuit.<\/div><a href='https:\/\/www.mes-allocs.fr\/ab-app?origin=guides\/wp-json\/wp\/v2\/posts\/20877' class='app-button fit'>Simulation gratuite<\/a><\/div>\n<h1>L&rsquo;APL pour les \u00e9tudiants \u00e9trangers<\/h1>\n<p style=\"text-align: justify;\">L&rsquo;APL n&rsquo;est pas une allocation destin\u00e9e sp\u00e9cifiquement aux \u00e9tudiants. Cette aide s\u2019adresse \u00e0 toutes personnes ayant de faibles revenus. Les \u00e9tudiants \u00e9trangers au m\u00eame titre que les autres \u00e9tudiants peuvent pr\u00e9tendre \u00e0 l&rsquo;APL.<\/p>\n<p style=\"text-align: justify;\">Cette aide est calcul\u00e9e en fonction du montant du loyer, de vos ressources (revenus des parents, vos revenus, prestations familiales), son attribution n\u2019est pas automatique, le montant de l\u2019APL d\u00e9pend de votre situation. Si vous habitez en colocation, chaque colocataire fait sa demande \u00e0 son nom.<\/p>\n<p style=\"text-align: justify;\">Pour pr\u00e9tendre \u00e0 l&rsquo;APL vous devez respecter les m\u00eames conditions que les autres \u00e9tudiants et communiquer un titre de s\u00e9jour en cours de validit\u00e9.<\/p>\n<h1><span id=\"APL_colocation_pour_etudiant\">APL colocation \u00e9tudiant<\/span><\/h1>\n<p class=\"amp-wp-7d27179\" style=\"text-align: justify;\" data-amp-original-style=\"text-align: justify;\"><span class=\"amp-wp-fe3f5cc\" data-amp-original-style=\"font-weight: 400;\">Si vous \u00eates\u00a0<\/span>\u00e9tudiant<span class=\"amp-wp-fe3f5cc\" data-amp-original-style=\"font-weight: 400;\">, il y a de grandes chances que vous soyez concern\u00e9 par l\u2019 Aide Personnalis\u00e9e au Logement APL. Du moins \u00e0 un moment de votre scolarit\u00e9. Les raisons sont diverses. N\u00e9cessit\u00e9 de se loger \u00e0 proximit\u00e9 du lieu o\u00f9 vous \u00e9tudiez, d\u00e9placement dans la France pour un stage.<\/span><a href=\"https:\/\/www.mes-allocs.fr\/guides\/wp-content\/uploads\/2021\/03\/pexels-linkedin-sales-navigator-1251861-1.jpg\"><img loading=\"lazy\" decoding=\"async\" class=\"alignright wp-image-20912 size-medium\" src=\"https:\/\/www.mes-allocs.fr\/guides\/wp-content\/uploads\/2021\/03\/pexels-linkedin-sales-navigator-1251861-1-300x200.jpg\" alt=\"Calcul APL apprenti\" width=\"300\" height=\"200\" srcset=\"https:\/\/www.mes-allocs.fr\/guides\/wp-content\/uploads\/2021\/03\/pexels-linkedin-sales-navigator-1251861-1-300x200.jpg 300w, https:\/\/www.mes-allocs.fr\/guides\/wp-content\/uploads\/2021\/03\/pexels-linkedin-sales-navigator-1251861-1-1024x682.jpg 1024w, https:\/\/www.mes-allocs.fr\/guides\/wp-content\/uploads\/2021\/03\/pexels-linkedin-sales-navigator-1251861-1-768x512.jpg 768w, https:\/\/www.mes-allocs.fr\/guides\/wp-content\/uploads\/2021\/03\/pexels-linkedin-sales-navigator-1251861-1-600x400.jpg 600w, https:\/\/www.mes-allocs.fr\/guides\/wp-content\/uploads\/2021\/03\/pexels-linkedin-sales-navigator-1251861-1.jpg 1280w\" sizes=\"auto, (max-width: 300px) 100vw, 300px\" \/><\/a><\/p>\n<p class=\"amp-wp-7d27179\" style=\"text-align: justify;\" data-amp-original-style=\"text-align: justify;\"><span class=\"amp-wp-fe3f5cc\" data-amp-original-style=\"font-weight: 400;\">Attention toutefois la CAF divise le nombre de personnes \u00e9ligibles. Si vous \u00eates rattach\u00e9 au\u00a0<\/span>foyer fiscal de vos parents<span class=\"amp-wp-fe3f5cc\" data-amp-original-style=\"font-weight: 400;\">, c\u2019est ce foyer qui sera pris en compte pour l\u2019attribution. Par cons\u00e9quent, si vos parents sont redevables de l\u2019Imp\u00f4t sur la Fortune Immobili\u00e8re (IFI), vous ne serez pas \u00e9ligible \u00e0 l\u2019APL.<\/span><\/p>\n<p class=\"amp-wp-7d27179\" style=\"text-align: justify;\" data-amp-original-style=\"text-align: justify;\"><span class=\"amp-wp-fe3f5cc\" data-amp-original-style=\"font-weight: 400;\">Si vous effectuez une\u00a0<\/span>formation professionnelle<span class=\"amp-wp-fe3f5cc\" data-amp-original-style=\"font-weight: 400;\">, vous pouvez b\u00e9n\u00e9ficier de l\u2019APL. Cependant, il existe une autre aide sp\u00e9cialement pour votre situation : l\u2019<\/span>aide mobili-jeune<span class=\"amp-wp-fe3f5cc\" data-amp-original-style=\"font-weight: 400;\">. Vous pouvez faire une demande d\u2019aide si vous avez moins de 30 ans. Et que vous avez conclu un contrat d\u2019apprentissage ou de professionnalisation avec une entreprise priv\u00e9e.<\/span><\/p>\n<p data-amp-original-style=\"text-align: justify;\"><div class='cta-block'><div class='text'>Simulez toutes vos Aides Sociales en 2 min. Gratuit.<\/div><a href='https:\/\/www.mes-allocs.fr\/ab-app?origin=guides\/wp-json\/wp\/v2\/posts\/20877' class='app-button fit'>Simulation gratuite<\/a><\/div><\/p>\n","protected":false},"excerpt":{"rendered":"<p>[Mis \u00e0 jour le 12\/01\/2026] L&rsquo;APL ou aide personnalis\u00e9e au logement est une des 3 aides au logement vers\u00e9es par la CAF ou la MSA. Sous condition, les apprentis peuvent b\u00e9n\u00e9ficier de l&rsquo;APL pour les aider \u00e0 payer leurs loyers. Mes Allocs vous explique tout en d\u00e9tail sur la m\u00e9thode de calcul. M\u00e9thode de calcul [&hellip;]<\/p>\n","protected":false},"author":9,"featured_media":20909,"comment_status":"open","ping_status":"open","sticky":false,"template":"","format":"standard","meta":{"amp_status":"","footnotes":""},"categories":[1,4,1727],"tags":[],"class_list":["post-20877","post","type-post","status-publish","format-standard","has-post-thumbnail","hentry","category-aide-logement","category-apl","category-apl-etudiant"],"yoast_head":"<!-- This site is optimized with the Yoast SEO plugin v14.9 - https:\/\/yoast.com\/wordpress\/plugins\/seo\/ -->\n<title>Calcul APL apprenti, \u00e0 quel montant pouvez-vous pr\u00e9tendre ?<\/title>\n<meta name=\"description\" content=\"L&#039;APL est une allocation logement dont peuvent b\u00e9n\u00e9ficier les apprentis. Mes Allocs vous explique tout sur la m\u00e9thode de calcul !\" \/>\n<meta name=\"robots\" content=\"index, follow, max-snippet:-1, max-image-preview:large, max-video-preview:-1\" \/>\n<link rel=\"canonical\" href=\"https:\/\/www.mes-allocs.fr\/guides\/aide-logement\/apl\/apl-etudiant\/calcul-apl-apprenti\/\" \/>\n<meta property=\"og:locale\" content=\"fr_FR\" \/>\n<meta property=\"og:type\" content=\"article\" \/>\n<meta property=\"og:title\" content=\"Calcul APL apprenti, \u00e0 quel montant pouvez-vous pr\u00e9tendre ?\" \/>\n<meta property=\"og:description\" content=\"L&#039;APL est une allocation logement dont peuvent b\u00e9n\u00e9ficier les apprentis. Mes Allocs vous explique tout sur la m\u00e9thode de calcul !\" \/>\n<meta property=\"og:url\" content=\"https:\/\/www.mes-allocs.fr\/guides\/aide-logement\/apl\/apl-etudiant\/calcul-apl-apprenti\/\" \/>\n<meta property=\"og:site_name\" content=\"Mes-Allocs.fr\" \/>\n<meta property=\"article:published_time\" content=\"2021-03-03T16:46:48+00:00\" \/>\n<meta property=\"article:modified_time\" content=\"2026-01-12T16:18:43+00:00\" \/>\n<meta property=\"og:image\" content=\"https:\/\/www.mes-allocs.fr\/guides\/wp-content\/uploads\/2021\/03\/pexels-christina-morillo-1181352-e1686044969885.jpg?wsr\" \/>\n\t<meta property=\"og:image:width\" content=\"1280\" \/>\n\t<meta property=\"og:image:height\" content=\"256\" \/>\n<meta name=\"twitter:card\" content=\"summary_large_image\" \/>\n<script type=\"application\/ld+json\" class=\"yoast-schema-graph\">{\"@context\":\"https:\/\/schema.org\",\"@graph\":[{\"@type\":\"WebSite\",\"@id\":\"https:\/\/www.mes-allocs.fr\/guides\/#website\",\"url\":\"https:\/\/www.mes-allocs.fr\/guides\/\",\"name\":\"Mes-Allocs.fr\",\"description\":\"\",\"potentialAction\":[{\"@type\":\"SearchAction\",\"target\":\"https:\/\/www.mes-allocs.fr\/guides\/?s={search_term_string}\",\"query-input\":\"required name=search_term_string\"}],\"inLanguage\":\"fr-FR\"},{\"@type\":\"ImageObject\",\"@id\":\"https:\/\/www.mes-allocs.fr\/guides\/aide-logement\/apl\/apl-etudiant\/calcul-apl-apprenti\/#primaryimage\",\"inLanguage\":\"fr-FR\",\"url\":\"https:\/\/www.mes-allocs.fr\/guides\/wp-content\/uploads\/2021\/03\/pexels-christina-morillo-1181352-e1686044969885.jpg?wsr\",\"width\":1280,\"height\":256,\"caption\":\"pexels christina morillo 1181352 e1614774054615\"},{\"@type\":\"WebPage\",\"@id\":\"https:\/\/www.mes-allocs.fr\/guides\/aide-logement\/apl\/apl-etudiant\/calcul-apl-apprenti\/#webpage\",\"url\":\"https:\/\/www.mes-allocs.fr\/guides\/aide-logement\/apl\/apl-etudiant\/calcul-apl-apprenti\/\",\"name\":\"Calcul APL apprenti, \\u00e0 quel montant pouvez-vous pr\\u00e9tendre ?\",\"isPartOf\":{\"@id\":\"https:\/\/www.mes-allocs.fr\/guides\/#website\"},\"primaryImageOfPage\":{\"@id\":\"https:\/\/www.mes-allocs.fr\/guides\/aide-logement\/apl\/apl-etudiant\/calcul-apl-apprenti\/#primaryimage\"},\"datePublished\":\"2021-03-03T16:46:48+00:00\",\"dateModified\":\"2026-01-12T16:18:43+00:00\",\"author\":{\"@id\":\"https:\/\/www.mes-allocs.fr\/guides\/#\/schema\/person\/e4e762c89158b34a332446d26f02fd56\"},\"description\":\"L'APL est une allocation logement dont peuvent b\\u00e9n\\u00e9ficier les apprentis. Mes Allocs vous explique tout sur la m\\u00e9thode de calcul !\",\"inLanguage\":\"fr-FR\"},{\"@type\":\"Person\",\"@id\":\"https:\/\/www.mes-allocs.fr\/guides\/#\/schema\/person\/e4e762c89158b34a332446d26f02fd56\",\"name\":\"Marylou\",\"image\":{\"@type\":\"ImageObject\",\"@id\":\"https:\/\/www.mes-allocs.fr\/guides\/#personlogo\",\"inLanguage\":\"fr-FR\",\"url\":\"https:\/\/www.mes-allocs.fr\/guides\/wp-content\/uploads\/2021\/06\/marylou-150x150.png\",\"caption\":\"Marylou\"},\"description\":\"Marylou est r\\u00e9dactrice au sein de l'\\u00e9quipe Mes Allocs, sp\\u00e9cialiste des sujets de soci\\u00e9t\\u00e9 en g\\u00e9n\\u00e9ral. Dipl\\u00f4m\\u00e9e de l'Institut Sup\\u00e9rieur de Formation au Journalisme, elle rejoint Mes Allocs apr\\u00e8s cr\\u00e9\\u00e9 son premier blog personnel.\",\"sameAs\":[\"https:\/\/www.linkedin.com\/in\/marylou-pr\\u00e9vost\"]}]}<\/script>\n<!-- \/ Yoast SEO plugin. -->","amp_validity":null,"acf":{"faq":{"1":{"question":"\ud83e\udd14  Qui peut b\u00e9n\u00e9ficier de l'APL ?","answer":"L'APL est accord\u00e9 pour un seul logement par allocataire, celui de la r\u00e9sidence principale. En fonction de la zone g\u00e9ographique o\u00f9 se situe le logement et de votre situation familiale (personne seule, en couple\u2026), le montant de vos droits \u00e0 l'aide personnalis\u00e9e au logement diff\u00e8re."},"2":{"question":"\ud83e\udd37\u200d\u2640\ufe0f \u00c0 quelles conditions recevoir l'APL en colocation ?","answer":"Pour b\u00e9n\u00e9ficier de l'APL en \u00e9tant en colocation, plusieurs conditions doivent \u00eatre respect\u00e9es : - les colocataires souhaitant toucher les APL doivent figurer sur le bail de location ; - chaque colocataire doit faire sa propre demande aupr\u00e8s de la CAF ; - le logement doit \u00eatre conventionn\u00e9."},"3":{"question":"\ud83e\udd1d Est-ce que les propri\u00e9taires ont droit \u00e0 l'APL ?","answer":"Les conditions li\u00e9es aux APL pour propri\u00e9taires peuvent varier en fonction de vos ressources et de votre logement."},"4":{"question":"\ud83e\udd14  Comment faire votre demande d'APL pour colocataire ?","answer":"La demande d'aide personnalis\u00e9e au logement (APL) pour colocataire se fait aupr\u00e8s du site de la CAF ou de la MSA. Pour conna\u00eetre votre montant d'aides, faites une simulation gratuite d'APL sur le site de Mes Allocs."},"5":{"question":"\ud83e\udd37\u200d\u2640\ufe0f C'est quoi la garantie Loca-pass ?","answer":"La garantie Loca-Pass est une caution qui est accord\u00e9e par Action Logement. Depuis mai 2019, cette derni\u00e8re est remplac\u00e9e par la garantie Visale. Vous ne pouvez donc plus y souscrire."},"6":{"question":"\ud83e\udd1d Comment faire une demande de garantie Visale ?","answer":"Pour faire votre demande vous devez vous rendre sur le site www.visale.fr Si votre demande est accept\u00e9e, vous recevrez votre visa dans votre espace personnel. Ensuite vous devrez le transmettre au bailleur."},"7":{"question":"","answer":""},"8":{"question":"","answer":""},"9":{"question":"","answer":""},"10":{"question":"","answer":""},"11":{"question":"","answer":""},"12":{"question":"","answer":""},"13":{"question":"","answer":""},"14":{"question":"","answer":""},"15":{"question":"","answer":""},"16":{"question":"","answer":""}}},"_links":{"self":[{"href":"https:\/\/www.mes-allocs.fr\/guides\/wp-json\/wp\/v2\/posts\/20877","targetHints":{"allow":["GET"]}}],"collection":[{"href":"https:\/\/www.mes-allocs.fr\/guides\/wp-json\/wp\/v2\/posts"}],"about":[{"href":"https:\/\/www.mes-allocs.fr\/guides\/wp-json\/wp\/v2\/types\/post"}],"author":[{"embeddable":true,"href":"https:\/\/www.mes-allocs.fr\/guides\/wp-json\/wp\/v2\/users\/9"}],"replies":[{"embeddable":true,"href":"https:\/\/www.mes-allocs.fr\/guides\/wp-json\/wp\/v2\/comments?post=20877"}],"version-history":[{"count":16,"href":"https:\/\/www.mes-allocs.fr\/guides\/wp-json\/wp\/v2\/posts\/20877\/revisions"}],"predecessor-version":[{"id":107430,"href":"https:\/\/www.mes-allocs.fr\/guides\/wp-json\/wp\/v2\/posts\/20877\/revisions\/107430"}],"wp:featuredmedia":[{"embeddable":true,"href":"https:\/\/www.mes-allocs.fr\/guides\/wp-json\/wp\/v2\/media\/20909"}],"wp:attachment":[{"href":"https:\/\/www.mes-allocs.fr\/guides\/wp-json\/wp\/v2\/media?parent=20877"}],"wp:term":[{"taxonomy":"category","embeddable":true,"href":"https:\/\/www.mes-allocs.fr\/guides\/wp-json\/wp\/v2\/categories?post=20877"},{"taxonomy":"post_tag","embeddable":true,"href":"https:\/\/www.mes-allocs.fr\/guides\/wp-json\/wp\/v2\/tags?post=20877"}],"curies":[{"name":"wp","href":"https:\/\/api.w.org\/{rel}","templated":true}]}}