{"id":20770,"date":"2021-03-03T16:00:37","date_gmt":"2021-03-03T16:00:37","guid":{"rendered":"https:\/\/www.mes-allocs.fr\/guides\/?p=20770"},"modified":"2026-03-05T15:33:54","modified_gmt":"2026-03-05T14:33:54","slug":"formation-fibre-optique","status":"publish","type":"post","link":"https:\/\/www.mes-allocs.fr\/guides\/reconversion-professionnelle\/formation-metiers\/formation-fibre-optique\/","title":{"rendered":"La formation pour devenir technicien fibre optique : \u00e9tudes, programmes, financements"},"content":{"rendered":"<p><a href=\"https:\/\/www.mes-allocs.fr\/guides\/wp-content\/uploads\/2021\/03\/lwl-4393369_1280.jpg\"><img loading=\"lazy\" decoding=\"async\" class=\"aligncenter wp-image-20802 size-full\" title=\"formation fibre optique\" src=\"https:\/\/www.mes-allocs.fr\/guides\/wp-content\/uploads\/2021\/03\/lwl-4393369_1280-e1614635794163.jpg\" alt=\"formation fibre optique\" width=\"1280\" height=\"441\" srcset=\"https:\/\/www.mes-allocs.fr\/guides\/wp-content\/uploads\/2021\/03\/lwl-4393369_1280-e1614635794163.jpg 1280w, https:\/\/www.mes-allocs.fr\/guides\/wp-content\/uploads\/2021\/03\/lwl-4393369_1280-e1614635794163-300x103.jpg 300w, https:\/\/www.mes-allocs.fr\/guides\/wp-content\/uploads\/2021\/03\/lwl-4393369_1280-e1614635794163-1024x353.jpg 1024w, https:\/\/www.mes-allocs.fr\/guides\/wp-content\/uploads\/2021\/03\/lwl-4393369_1280-e1614635794163-768x265.jpg 768w, https:\/\/www.mes-allocs.fr\/guides\/wp-content\/uploads\/2021\/03\/lwl-4393369_1280-e1614635794163-600x207.jpg 600w\" sizes=\"auto, (max-width: 1280px) 100vw, 1280px\" \/><\/a><\/p>\n<p style=\"text-align: justify;\">[Mis \u00e0 jour le 05\/03\/2026] La fibre optique s&rsquo;est fortement d\u00e9ploy\u00e9e ces derni\u00e8res ann\u00e9es. C&rsquo;est pourquoi le m\u00e9tier de technicien de fibre optique est tr\u00e8s largement recherch\u00e9 et indispensable. Dans cet article, Mes Allocs vous explique tout en d\u00e9tail sur les <strong>formations \u00e0 suivre pour devenir Technicien fibre optique<\/strong> dans le cadre de votre <a href=\"https:\/\/www.mes-allocs.fr\/guides\/reconversion-professionnelle\/\">reconversion professionnelle<\/a>.<\/p>\n<div class='cta-block'><div class='text'>Coaching \u00e0 distance pay\u00e9 par vos aides formation.<\/div><a href='https:\/\/www.formademia.fr\/formulaire\/coaching' class='app-button fit'>V\u00e9rifier votre \u00e9ligibilit\u00e9<\/a><\/div>\n<h1>\u00c9tudes et formations pour travailler dans la fibre optique<\/h1>\n<p><strong>Plusieurs formations sont disponibles pour devenir technicien fibre optique.<\/strong><\/p>\n<h2>Niveau Bac +2<\/h2>\n<ul>\n<li><strong>DEUST Maintenance et installation de r\u00e9seaux<\/strong><\/li>\n<li><strong>BTS Syst\u00e8mes \u00e9lectroniques<\/strong><\/li>\n<li><strong>DUT G\u00e9nie \u00e9lectrique et informatique industrielle<\/strong><\/li>\n<li><strong>DUT R\u00e9seaux et t\u00e9l\u00e9communications<\/strong><\/li>\n<li><strong>Certificat de technicien-conseil en r\u00e9seaux et t\u00e9l\u00e9communications<\/strong><\/li>\n<\/ul>\n<h2>Niveau Bac +3<\/h2>\n<ul>\n<li><strong>Licence pro RTHD<\/strong>\u00a0(r\u00e9seaux tr\u00e8s haut d\u00e9bit)<\/li>\n<li><strong>Licence pro\u00a0<\/strong><span class=\"st\"><strong>IOP<\/strong><wbr \/><\/span>\u00a0(i<span class=\"st\">nstrumentation optique et nanophotonique)<\/span><\/li>\n<li><strong>Licence pro R\u00e9seaux et t\u00e9l\u00e9communications<\/strong>, sp\u00e9cialit\u00e9 : m\u00e9tiers, produits et services des t\u00e9l\u00e9communications.<\/li>\n<\/ul>\n<p>Dans le cadre d&rsquo;une reconversion professionnelle, vous pouvez choisir de suivre un parcours en formation continue dans un centre de formation pour vous former au m\u00e9tier de technicien et ainsi acqu\u00e9rir les comp\u00e9tences professionnelles n\u00e9cessaires.<\/p>\n<p><strong>\u00c0 noter : Vous aurez \u00e9galement la possibilit\u00e9 d&rsquo;obtenir une habilitation \u00e9lectrique B1V BR.<\/strong><\/p>\n<h2>Programme de la formation<\/h2>\n<p>Les programmes de formations et les modules \u00e9tudi\u00e9s sont propres \u00e0 chaque \u00e9tablissement. N\u00e9anmoins, les sessions de formation peuvent s&rsquo;articuler de la mani\u00e8re suivante :<\/p>\n<ul>\n<li>Boucle locale optique FTTx<\/li>\n<li>R\u00e9seau de branchement d&rsquo;abonn\u00e9s FTTH \/ FTTO<\/li>\n<li>Maintenance, tests et mesures des r\u00e9seaux fibres optiques<\/li>\n<li>Habilitations et s\u00e9curit\u00e9 au travail<\/li>\n<li>Initiation aux r\u00e9seaux fibres optiques<\/li>\n<\/ul>\n<p>Notez que des p\u00e9riodes de stages sont \u00e0 r\u00e9aliser pendant votre formation.<\/p>\n<p><iframe loading=\"lazy\" title=\"La reconversion professionnelle\" width=\"500\" height=\"281\" src=\"https:\/\/www.youtube.com\/embed\/EiVUthswxl0?feature=oembed\" frameborder=\"0\" allow=\"accelerometer; autoplay; clipboard-write; encrypted-media; gyroscope; picture-in-picture; web-share\" referrerpolicy=\"strict-origin-when-cross-origin\" allowfullscreen><\/iframe><\/p>\n<h1>La mission du technicien fibre optique<\/h1>\n<p>Un technicien de fibre optique s&rsquo;occupe de travaux d&rsquo;aiguillage de fourreaux et de tirage de c\u00e2bles en vue de raccorder une entreprise ou un logement \u00e0 la fibre optique.<\/p>\n<p>Pour mener \u00e0 bien sa mission de raccordement aux r\u00e9seaux de fibre optique, le technicien fibre optique s&rsquo;appuie sur le r\u00e9seau sous-terrain existant. On peut ainsi le croiser aussi bien \u00e0 l&rsquo;int\u00e9rieur d&rsquo;un b\u00e2timent, \u00e0 proximit\u00e9 d&rsquo;une armoire de mutualisation ou d&rsquo;une plaque d&rsquo;\u00e9gout pour y tirer des fils pour une navigation optimale. Mais \u00e9galement au domicile du client pour installer le boitier final.<\/p>\n<h2>Les comp\u00e9tences requises<\/h2>\n<p>Pour exercer ce m\u00e9tier, vous devez avoir de bonnes connaissances de la fibre optique ftth, du d\u00e9ploiement de la fibre ainsi que des installations de r\u00e9seaux c\u00e2bl\u00e9s de communications.<\/p>\n<p>Il s&rsquo;agit d&rsquo;un m\u00e9tier qui peut vous amener \u00e0 tirer des c\u00e2bles et travailler en ext\u00e9rieur, une bonne condition physique est n\u00e9cessaire pour exercer ce m\u00e9tier.<\/p>\n<p>Salaire<\/p>\n<p>En d\u00e9but de carri\u00e8re un technicien de fibre optique peut pr\u00e9tendre \u00e0 un salaire compris en 1 400 er 1700 \u20ac brut par mois. M\u00e9tier tr\u00e8s recherch\u00e9, les perspectives d&rsquo;\u00e9volution et augmentation de salaire sont nombreuses. En milieu de carri\u00e8re vous pourriez pr\u00e9tendre \u00e0 une r\u00e9mun\u00e9ration de l&rsquo;ordre de 2500 euros brut.<\/p>\n<h2>\u00c9volution de carri\u00e8re<\/h2>\n<p>Apr\u00e8s quelques ann\u00e9es d&rsquo;exp\u00e9rience vous pouvez devenir responsable d&rsquo;activit\u00e9s ou chef de section.<\/p>\n<p><strong>Les postes sont vari\u00e9s, \u00e0 savoir :\u00a0<\/strong><\/p>\n<ul>\n<li>administrateur de r\u00e9seaux<\/li>\n<li>designer industriel de produits \u00e9lectroniques<\/li>\n<li>conseiller commercial en biens d&rsquo;\u00e9quipements<\/li>\n<li>ing\u00e9nieur assistance technique<\/li>\n<\/ul>\n<div class='cta-block'><div class='text'>Coaching \u00e0 distance pay\u00e9 par vos aides formation.<\/div><a href='https:\/\/www.formademia.fr\/formulaire\/coaching' class='app-button fit'>V\u00e9rifier votre \u00e9ligibilit\u00e9<\/a><\/div>\n<h1>O\u00f9 exercer ce m\u00e9tier ?<\/h1>\n<p><strong>Les comp\u00e9tences du technicien fibre optique sont recherch\u00e9es par des employeurs vari\u00e9s :<\/strong><\/p>\n<div class=\"col size11of12\">\n<ul>\n<li>les\u00a0entreprises d&rsquo;installation et de maintenance des r\u00e9seaux fibre optique<\/li>\n<li>les\u00a0fournisseurs d&rsquo;acc\u00e8s \u00e0 internet<\/li>\n<li>l&rsquo;arm\u00e9e<\/li>\n<li>les\u00a0administrations, notamment publiques<\/li>\n<\/ul>\n<h1>Les dispositifs de financement pour votre formation<\/h1>\n<p>Plusieurs dispositifs vous permettent une prise en charge des frais li\u00e9s \u00e0 votre formation, les conditions d&rsquo;attribution d\u00e9pendent notamment de votre statut au moment de la demande. L\u2019\u00e9quipe Mes Allocs vous accompagne dans la recherche de votre financement. <a href=\"https:\/\/www.formademia.fr\/formulaire\/coaching\">Prenez rendez-vous<\/a>\u00a0!<\/p>\n<h2>Le Compte Personnel de Formation (CPF)<\/h2>\n<p>Au m\u00eame titre que les salari\u00e9s, les demandeurs d&#8217;emploi peuvent b\u00e9n\u00e9ficier du Compte Personnel de Formation pour une formation professionnelle par exemple.<\/p>\n<h2>La r\u00e9mun\u00e9ration des Formations de France Travail (RFFT)<\/h2>\n<p>Il s&rsquo;agit d&rsquo;une indemnit\u00e9 vers\u00e9e par France Travail \u00e0 ceux qui suivent une formation agr\u00e9\u00e9e France Travail. Cela dans le cadre de leur projet personnalis\u00e9 d\u2019acc\u00e8s \u00e0 l\u2019emploi. Elle est accessible aux demandeurs d\u2019emploi qui ne peuvent pas acc\u00e9der aux diff\u00e9rents droits existants. Qu\u2019il s\u2019agisse de l\u2019ARE ou de l\u2019ASP, ou des aides du conseil r\u00e9gional.<\/p>\n<h2 class=\"filet_title\">Le bilan de comp\u00e9tences, outil de reconversion professionnelle<\/h2>\n<p>Le bilan de comp\u00e9tences volontaire d&rsquo;un salari\u00e9 qui souhaite faire le point sur sa vie professionnelle actuelle ou souhaite une transition professionnelle. Cette d\u00e9marche n&rsquo;est pas obligatoire, vos employeurs ne peuvent en aucun cas vous forcer \u00e0 le r\u00e9aliser. G\u00e9n\u00e9ralement, la dur\u00e9e d&rsquo;un bilan de comp\u00e9tences est de l&rsquo;ordre de 24h sur 2 \u00e0 3 mois. Cela pendant, ou hors de votre temps de travail.<\/p>\n<p>R\u00e9aliser un bilan de comp\u00e9tence peut vous aider \u00e0 vous poser les bonnes questions, mais \u00e9galement faire le point sur vos motivations.<\/p>\n<p>Le domaine de l&rsquo;\u00e9lectricit\u00e9 vous int\u00e9resse ? Suivez une <a href=\"https:\/\/www.mes-allocs.fr\/guides\/reconversion-professionnelle\/formation-metiers\/formation-electricien\/\">formation d&rsquo;\u00e9lectricien<\/a> !<\/p>\n<div class='cta-block'><div class='text'>Coaching \u00e0 distance pay\u00e9 par vos aides formation.<\/div><a href='https:\/\/www.formademia.fr\/formulaire\/coaching' class='app-button fit'>V\u00e9rifier votre \u00e9ligibilit\u00e9<\/a><\/div>\n<\/div>\n","protected":false},"excerpt":{"rendered":"<p>[Mis \u00e0 jour le 05\/03\/2026] La fibre optique s&rsquo;est fortement d\u00e9ploy\u00e9e ces derni\u00e8res ann\u00e9es. C&rsquo;est pourquoi le m\u00e9tier de technicien de fibre optique est tr\u00e8s largement recherch\u00e9 et indispensable. Dans cet article, Mes Allocs vous explique tout en d\u00e9tail sur les formations \u00e0 suivre pour devenir Technicien fibre optique dans le cadre de votre reconversion [&hellip;]<\/p>\n","protected":false},"author":9,"featured_media":20802,"comment_status":"open","ping_status":"open","sticky":false,"template":"","format":"standard","meta":{"amp_status":"","footnotes":""},"categories":[5979,5081],"tags":[],"class_list":["post-20770","post","type-post","status-publish","format-standard","has-post-thumbnail","hentry","category-formation-metiers","category-reconversion-professionnelle"],"yoast_head":"<!-- This site is optimized with the Yoast SEO plugin v14.9 - https:\/\/yoast.com\/wordpress\/plugins\/seo\/ -->\n<title>Formation technicien fibre optique : \u00e9tudes, programmes, financements<\/title>\n<meta name=\"description\" content=\"Un technicien de fibre optique est un m\u00e9tier tr\u00e8s recherch\u00e9. Mes Allocs vous explique tout en d\u00e9tail sur les formations disponibles !\" \/>\n<meta name=\"robots\" content=\"index, follow, max-snippet:-1, max-image-preview:large, max-video-preview:-1\" \/>\n<link rel=\"canonical\" href=\"https:\/\/www.mes-allocs.fr\/guides\/reconversion-professionnelle\/formation-metiers\/formation-fibre-optique\/\" \/>\n<meta property=\"og:locale\" content=\"fr_FR\" \/>\n<meta property=\"og:type\" content=\"article\" \/>\n<meta property=\"og:title\" content=\"Formation technicien fibre optique : \u00e9tudes, programmes, financements\" \/>\n<meta property=\"og:description\" content=\"Un technicien de fibre optique est un m\u00e9tier tr\u00e8s recherch\u00e9. Mes Allocs vous explique tout en d\u00e9tail sur les formations disponibles !\" \/>\n<meta property=\"og:url\" content=\"https:\/\/www.mes-allocs.fr\/guides\/reconversion-professionnelle\/formation-metiers\/formation-fibre-optique\/\" \/>\n<meta property=\"og:site_name\" content=\"Mes-Allocs.fr\" \/>\n<meta property=\"article:published_time\" content=\"2021-03-03T16:00:37+00:00\" \/>\n<meta property=\"article:modified_time\" content=\"2026-03-05T14:33:54+00:00\" \/>\n<meta property=\"og:image\" content=\"https:\/\/www.mes-allocs.fr\/guides\/wp-content\/uploads\/2021\/03\/lwl-4393369_1280-e1614635794163.jpg?wsr\" \/>\n\t<meta property=\"og:image:width\" content=\"1280\" \/>\n\t<meta property=\"og:image:height\" content=\"441\" \/>\n<meta name=\"twitter:card\" content=\"summary_large_image\" \/>\n<script type=\"application\/ld+json\" class=\"yoast-schema-graph\">{\"@context\":\"https:\/\/schema.org\",\"@graph\":[{\"@type\":\"WebSite\",\"@id\":\"https:\/\/www.mes-allocs.fr\/guides\/#website\",\"url\":\"https:\/\/www.mes-allocs.fr\/guides\/\",\"name\":\"Mes-Allocs.fr\",\"description\":\"\",\"potentialAction\":[{\"@type\":\"SearchAction\",\"target\":\"https:\/\/www.mes-allocs.fr\/guides\/?s={search_term_string}\",\"query-input\":\"required name=search_term_string\"}],\"inLanguage\":\"fr-FR\"},{\"@type\":\"ImageObject\",\"@id\":\"https:\/\/www.mes-allocs.fr\/guides\/reconversion-professionnelle\/formation-metiers\/formation-fibre-optique\/#primaryimage\",\"inLanguage\":\"fr-FR\",\"url\":\"https:\/\/www.mes-allocs.fr\/guides\/wp-content\/uploads\/2021\/03\/lwl-4393369_1280-e1614635794163.jpg?wsr\",\"width\":1280,\"height\":441,\"caption\":\"formation fibre optique\"},{\"@type\":\"WebPage\",\"@id\":\"https:\/\/www.mes-allocs.fr\/guides\/reconversion-professionnelle\/formation-metiers\/formation-fibre-optique\/#webpage\",\"url\":\"https:\/\/www.mes-allocs.fr\/guides\/reconversion-professionnelle\/formation-metiers\/formation-fibre-optique\/\",\"name\":\"Formation technicien fibre optique : \\u00e9tudes, programmes, financements\",\"isPartOf\":{\"@id\":\"https:\/\/www.mes-allocs.fr\/guides\/#website\"},\"primaryImageOfPage\":{\"@id\":\"https:\/\/www.mes-allocs.fr\/guides\/reconversion-professionnelle\/formation-metiers\/formation-fibre-optique\/#primaryimage\"},\"datePublished\":\"2021-03-03T16:00:37+00:00\",\"dateModified\":\"2026-03-05T14:33:54+00:00\",\"author\":{\"@id\":\"https:\/\/www.mes-allocs.fr\/guides\/#\/schema\/person\/e4e762c89158b34a332446d26f02fd56\"},\"description\":\"Un technicien de fibre optique est un m\\u00e9tier tr\\u00e8s recherch\\u00e9. Mes Allocs vous explique tout en d\\u00e9tail sur les formations disponibles !\",\"inLanguage\":\"fr-FR\"},{\"@type\":\"Person\",\"@id\":\"https:\/\/www.mes-allocs.fr\/guides\/#\/schema\/person\/e4e762c89158b34a332446d26f02fd56\",\"name\":\"Marylou\",\"image\":{\"@type\":\"ImageObject\",\"@id\":\"https:\/\/www.mes-allocs.fr\/guides\/#personlogo\",\"inLanguage\":\"fr-FR\",\"url\":\"https:\/\/www.mes-allocs.fr\/guides\/wp-content\/uploads\/2021\/06\/marylou-150x150.png\",\"caption\":\"Marylou\"},\"description\":\"Marylou est r\\u00e9dactrice au sein de l'\\u00e9quipe Mes Allocs, sp\\u00e9cialiste des sujets de soci\\u00e9t\\u00e9 en g\\u00e9n\\u00e9ral. Dipl\\u00f4m\\u00e9e de l'Institut Sup\\u00e9rieur de Formation au Journalisme, elle rejoint Mes Allocs apr\\u00e8s cr\\u00e9\\u00e9 son premier blog personnel.\",\"sameAs\":[\"https:\/\/www.linkedin.com\/in\/marylou-pr\\u00e9vost\"]}]}<\/script>\n<!-- \/ Yoast SEO plugin. -->","amp_validity":null,"acf":{"faq":{"1":{"question":"Quel est le r\u00f4le de la fibre optique ?","answer":"La fibre optique est un c\u00e2ble permettant de propager des ondes lumineuses entre deux lieux. La lumi\u00e8re est conduite sans perte au c\u0153ur du c\u00e2ble, et elle suit les \u00e9ventuelles courbures de son support."},"2":{"question":"Comment fonctionne la fibre optique ?","answer":"La fibre utilise le principe de r\u00e9fraction de la lumi\u00e8re, Elle est constitu\u00e9e d'un c\u0153ur (en silice) qui confine l'\u00e9nergie lumineuse et propage le signal."},"3":{"question":"Quelles sont les comp\u00e9tences attendues pour exercer le m\u00e9tier de technicien fibre optique ?","answer":"Le technicien fibre optique est un professionnel dot\u00e9 d'un solide sens de l'observation et de l'analyse."},"4":{"question":"Quelle est la meilleure formation pour devenir Technicien fibre optique ?","answer":"Le diplome conseill\u00e9 pour Technicien fibre optique est BTS ou DUT"},"5":{"question":"Qu'est-ce que le CPF ? ","answer":"Le compte personnel de formation est un dispositif de financement public de formation continue"},"6":{"question":"\ud83e\udd1d Comment b\u00e9n\u00e9ficier d'une formation France Travail ?","answer":"Si la formation que vous souhaitez suivre est valid\u00e9e par un conseiller France Travail et est en coh\u00e9rence avec votre Projet Personnalis\u00e9 d'Acc\u00e8s \u00e0 l'Emploi, vous pouvez percevoir l'allocation d'Aide au Retour \u00e0 l'Emploi Formation (AREF) dans la limite de vos droits \u00e0 indemnisation."},"7":{"question":"","answer":""},"8":{"question":"","answer":""},"9":{"question":"","answer":""},"10":{"question":"","answer":""},"11":{"question":"","answer":""},"12":{"question":"","answer":""},"13":{"question":"","answer":""},"14":{"question":"","answer":""},"15":{"question":"","answer":""},"16":{"question":"","answer":""}}},"_links":{"self":[{"href":"https:\/\/www.mes-allocs.fr\/guides\/wp-json\/wp\/v2\/posts\/20770","targetHints":{"allow":["GET"]}}],"collection":[{"href":"https:\/\/www.mes-allocs.fr\/guides\/wp-json\/wp\/v2\/posts"}],"about":[{"href":"https:\/\/www.mes-allocs.fr\/guides\/wp-json\/wp\/v2\/types\/post"}],"author":[{"embeddable":true,"href":"https:\/\/www.mes-allocs.fr\/guides\/wp-json\/wp\/v2\/users\/9"}],"replies":[{"embeddable":true,"href":"https:\/\/www.mes-allocs.fr\/guides\/wp-json\/wp\/v2\/comments?post=20770"}],"version-history":[{"count":16,"href":"https:\/\/www.mes-allocs.fr\/guides\/wp-json\/wp\/v2\/posts\/20770\/revisions"}],"predecessor-version":[{"id":110200,"href":"https:\/\/www.mes-allocs.fr\/guides\/wp-json\/wp\/v2\/posts\/20770\/revisions\/110200"}],"wp:featuredmedia":[{"embeddable":true,"href":"https:\/\/www.mes-allocs.fr\/guides\/wp-json\/wp\/v2\/media\/20802"}],"wp:attachment":[{"href":"https:\/\/www.mes-allocs.fr\/guides\/wp-json\/wp\/v2\/media?parent=20770"}],"wp:term":[{"taxonomy":"category","embeddable":true,"href":"https:\/\/www.mes-allocs.fr\/guides\/wp-json\/wp\/v2\/categories?post=20770"},{"taxonomy":"post_tag","embeddable":true,"href":"https:\/\/www.mes-allocs.fr\/guides\/wp-json\/wp\/v2\/tags?post=20770"}],"curies":[{"name":"wp","href":"https:\/\/api.w.org\/{rel}","templated":true}]}}